{"id":1686,"date":"2018-09-04T02:19:05","date_gmt":"2018-09-04T02:19:05","guid":{"rendered":"http:\/\/noti-america.com\/site\/ecuador\/?p=1686"},"modified":"2018-09-04T02:19:05","modified_gmt":"2018-09-04T02:19:05","slug":"presidente-lenin-moreno-cumple-visita-oficial-en-japon","status":"publish","type":"post","link":"https:\/\/noti-america.com\/site\/ecuador\/2018\/09\/04\/presidente-lenin-moreno-cumple-visita-oficial-en-japon\/","title":{"rendered":"Presidente Lenin Moreno cumple visita oficial en Jap\u00f3n"},"content":{"rendered":"<section id=\"postcontent\" class=\"col-md-9 col-sm-6 line-right\">Con el objetivo de fortalecer la uni\u00f3n, conmemorar el primer centenario del establecimiento de las relaciones diplom\u00e1ticas, ahondar esfuerzos para una cooperaci\u00f3n bilateral en diversos \u00e1mbitos y promocionar a Ecuador como un pa\u00eds de oportunidades para la inversi\u00f3n, el presidente de la Rep\u00fablica, Len\u00edn Moreno, cumplir\u00e1 visita oficial a Jap\u00f3n.<\/p>\n<p>El Jefe de Estado cumplir\u00e1 su primera actividad oficial el mi\u00e9rcoles 5 de septiembre en Tokio (martes 4 de septiembre en Ecuador), se reunir\u00e1 con el emperador Akihito y la emperatiz Michiko. El monarca accedi\u00f3 al trono en enero de 1989 y es el miembro 125 de una dinast\u00eda que se remonta a 600 a\u00f1os a.C.<\/p>\n<p>Posteriormente, mantendr\u00e1 una reuni\u00f3n de trabajo con el primer Ministro de Jap\u00f3n, Shinzo Abe, tras la cual ofrecer\u00e1n declaraciones a la prensa y suscribir\u00e1n instrumentos bilaterales. El Primer Ministro ocup\u00f3 ese cargo en los a\u00f1os 2006 y 2007, y luego desde 2012 hasta la fecha.<\/p>\n<p>El jueves 6 de septiembre, liderar\u00e1 una cita de trabajo con personeros de la Federaci\u00f3n de Negocios de Jap\u00f3n y empresarios del pa\u00eds asi\u00e1tico, que tendr\u00e1 lugar en Tokio. En ella, el Presidente Moreno explicar\u00e1 el contenido y ventajas de la Ley de Fomento Productivo y de Atracci\u00f3n de Inversiones.<\/p>\n<p>En la noche, participar\u00e1 en el evento oficial de conmemoraci\u00f3n del primer centenario del establecimiento de relaciones diplom\u00e1ticas entre ambas naciones, que contar\u00e1 con la presencia de autoridades de Jap\u00f3n, miembros de la comunidad ecuatoriana residentes en ese pa\u00eds e invitados especiales.<\/p>\n<p>Jap\u00f3n fue el primer pa\u00eds con el que Ecuador inici\u00f3 contactos diplom\u00e1ticos en el continente asi\u00e1tico, estableciendo relaciones el 26 de agosto de 1918. A lo largo de los a\u00f1os, el pa\u00eds nip\u00f3n se convirti\u00f3 en uno de los principales cooperantes en educaci\u00f3n, cultura, intercambio de tecnolog\u00eda y asistencia t\u00e9cnica para la prevenci\u00f3n y protecci\u00f3n de desastres naturales.<\/p>\n<p>Finalmente, el viernes 7 de septiembre, la agenda de actividades del Mandatario se traslada a la ciudad de Kioto, donde presentar\u00e1 al pa\u00eds como destino de inversiones. All\u00ed visitar\u00e1 las instalaciones de la industria electr\u00f3nica y de equipamiento en salud Omrom, y luego dialogar\u00e1 con el gobernador de la ciudad, Takatoshi Nishiwaki.<\/p>\n<p>Durante la visita, el Mandatario estar\u00e1 acompa\u00f1ado por su esposa Roc\u00edo de Moreno; el canciller, Jos\u00e9 Valencia; el ministro de Econom\u00eda y Finanzas, Richard Mart\u00ednez; el ministro de Comercio Exterior e Inversiones, Pablo Campana, y el embajador de Ecuador en ese pa\u00eds, Jaime Barberis.<\/p>\n<p>Una vez concluidas las actividades, el Presidente retornar\u00e1 al pa\u00eds en horas de la ma\u00f1ana del domingo 9 de septiembre. La Secretar\u00eda Nacional de Comunicaci\u00f3n informar\u00e1 el detalle de todas las actividades<\/p>\n<\/section>\n","protected":false},"excerpt":{"rendered":"<p>Con el objetivo de fortalecer la uni\u00f3n, conmemorar el primer centenario del establecimiento de las relaciones diplom\u00e1ticas, ahondar esfuerzos para una cooperaci\u00f3n bilateral en diversos \u00e1mbitos y promocionar a Ecuador como un pa\u00eds de&#46;&#46;&#46;<\/p>\n","protected":false},"author":17,"featured_media":1687,"comment_status":"open","ping_status":"open","sticky":false,"template":"","format":"standard","meta":{"_acf_changed":false,"om_disable_all_campaigns":false,"rop_custom_images_group":[],"rop_custom_messages_group":[],"rop_publish_now":"initial","rop_publish_now_accounts":{"twitter_242054905_242054905":""},"rop_publish_now_history":[],"rop_publish_now_status":"pending","_uf_show_specific_survey":0,"_uf_disable_surveys":false,"footnotes":""},"categories":[34],"tags":[],"class_list":["post-1686","post","type-post","status-publish","format-standard","has-post-thumbnail","hentry","category-politica-opinion"],"acf":[],"aioseo_notices":[],"yoast_head":"<!-- This site is optimized with the Yoast SEO Premium plugin v24.9 (Yoast SEO v27.2) - https:\/\/yoast.com\/product\/yoast-seo-premium-wordpress\/ -->\n<title>Presidente Lenin Moreno cumple visita oficial en Jap\u00f3n - Ecuador | Noti-America.com<\/title>\n<meta name=\"robots\" content=\"index, follow, max-snippet:-1, max-image-preview:large, max-video-preview:-1\" \/>\n<link rel=\"canonical\" href=\"https:\/\/noti-america.com\/site\/ecuador\/2018\/09\/04\/presidente-lenin-moreno-cumple-visita-oficial-en-japon\/\" \/>\n<meta property=\"og:locale\" content=\"es_ES\" \/>\n<meta property=\"og:type\" content=\"article\" \/>\n<meta property=\"og:title\" content=\"Presidente Lenin Moreno cumple visita oficial en Jap\u00f3n\" \/>\n<meta property=\"og:description\" content=\"Con el objetivo de fortalecer la uni\u00f3n, conmemorar el primer centenario del establecimiento de las relaciones diplom\u00e1ticas, ahondar esfuerzos para una cooperaci\u00f3n bilateral en diversos \u00e1mbitos y promocionar a Ecuador como un pa\u00eds de&#046;&#046;&#046;\" \/>\n<meta property=\"og:url\" content=\"https:\/\/noti-america.com\/site\/ecuador\/2018\/09\/04\/presidente-lenin-moreno-cumple-visita-oficial-en-japon\/\" \/>\n<meta property=\"og:site_name\" content=\"Ecuador | Noti-America.com\" \/>\n<meta property=\"article:published_time\" content=\"2018-09-04T02:19:05+00:00\" \/>\n<meta property=\"og:image\" content=\"https:\/\/noti-america.com\/site\/ecuador\/wp-content\/uploads\/sites\/18\/2018\/09\/PRESIDENTE-LENIN-MORENO.jpg\" \/>\n\t<meta property=\"og:image:width\" content=\"800\" \/>\n\t<meta property=\"og:image:height\" content=\"450\" \/>\n\t<meta property=\"og:image:type\" content=\"image\/jpeg\" \/>\n<meta name=\"author\" content=\"Gregory Quintana Montiel\" \/>\n<meta name=\"twitter:card\" content=\"summary_large_image\" \/>\n<meta name=\"twitter:creator\" content=\"@gdgregori1\" \/>\n<meta name=\"twitter:site\" content=\"@notiamerica\" \/>\n<meta name=\"twitter:label1\" content=\"Escrito por\" \/>\n\t<meta name=\"twitter:data1\" content=\"Gregory Quintana Montiel\" \/>\n\t<meta name=\"twitter:label2\" content=\"Tiempo estimado de lectura\" \/>\n\t<meta name=\"twitter:data2\" content=\"2 minutos\" \/>\n<script type=\"application\/ld+json\" class=\"yoast-schema-graph\">{\"@context\":\"https:\/\/schema.org\",\"@graph\":[{\"@type\":\"Article\",\"@id\":\"https:\/\/noti-america.com\/site\/ecuador\/2018\/09\/04\/presidente-lenin-moreno-cumple-visita-oficial-en-japon\/#article\",\"isPartOf\":{\"@id\":\"https:\/\/noti-america.com\/site\/ecuador\/2018\/09\/04\/presidente-lenin-moreno-cumple-visita-oficial-en-japon\/\"},\"author\":{\"name\":\"Gregory Quintana Montiel\",\"@id\":\"https:\/\/noti-america.com\/site\/ecuador\/#\/schema\/person\/3b975e42f15abfe64bfe3abdd916efda\"},\"headline\":\"Presidente Lenin Moreno cumple visita oficial en Jap\u00f3n\",\"datePublished\":\"2018-09-04T02:19:05+00:00\",\"mainEntityOfPage\":{\"@id\":\"https:\/\/noti-america.com\/site\/ecuador\/2018\/09\/04\/presidente-lenin-moreno-cumple-visita-oficial-en-japon\/\"},\"wordCount\":474,\"commentCount\":0,\"publisher\":{\"@id\":\"https:\/\/noti-america.com\/site\/ecuador\/#organization\"},\"image\":{\"@id\":\"https:\/\/noti-america.com\/site\/ecuador\/2018\/09\/04\/presidente-lenin-moreno-cumple-visita-oficial-en-japon\/#primaryimage\"},\"thumbnailUrl\":\"https:\/\/noti-america.com\/site\/ecuador\/wp-content\/uploads\/sites\/18\/2018\/09\/PRESIDENTE-LENIN-MORENO.jpg\",\"articleSection\":[\"Pol\u00edtica\"],\"inLanguage\":\"es\",\"potentialAction\":[{\"@type\":\"CommentAction\",\"name\":\"Comment\",\"target\":[\"https:\/\/noti-america.com\/site\/ecuador\/2018\/09\/04\/presidente-lenin-moreno-cumple-visita-oficial-en-japon\/#respond\"]}]},{\"@type\":\"WebPage\",\"@id\":\"https:\/\/noti-america.com\/site\/ecuador\/2018\/09\/04\/presidente-lenin-moreno-cumple-visita-oficial-en-japon\/\",\"url\":\"https:\/\/noti-america.com\/site\/ecuador\/2018\/09\/04\/presidente-lenin-moreno-cumple-visita-oficial-en-japon\/\",\"name\":\"Presidente Lenin Moreno cumple visita oficial en Jap\u00f3n - Ecuador | Noti-America.com\",\"isPartOf\":{\"@id\":\"https:\/\/noti-america.com\/site\/ecuador\/#website\"},\"primaryImageOfPage\":{\"@id\":\"https:\/\/noti-america.com\/site\/ecuador\/2018\/09\/04\/presidente-lenin-moreno-cumple-visita-oficial-en-japon\/#primaryimage\"},\"image\":{\"@id\":\"https:\/\/noti-america.com\/site\/ecuador\/2018\/09\/04\/presidente-lenin-moreno-cumple-visita-oficial-en-japon\/#primaryimage\"},\"thumbnailUrl\":\"https:\/\/noti-america.com\/site\/ecuador\/wp-content\/uploads\/sites\/18\/2018\/09\/PRESIDENTE-LENIN-MORENO.jpg\",\"datePublished\":\"2018-09-04T02:19:05+00:00\",\"breadcrumb\":{\"@id\":\"https:\/\/noti-america.com\/site\/ecuador\/2018\/09\/04\/presidente-lenin-moreno-cumple-visita-oficial-en-japon\/#breadcrumb\"},\"inLanguage\":\"es\",\"potentialAction\":[{\"@type\":\"ReadAction\",\"target\":[\"https:\/\/noti-america.com\/site\/ecuador\/2018\/09\/04\/presidente-lenin-moreno-cumple-visita-oficial-en-japon\/\"]}]},{\"@type\":\"ImageObject\",\"inLanguage\":\"es\",\"@id\":\"https:\/\/noti-america.com\/site\/ecuador\/2018\/09\/04\/presidente-lenin-moreno-cumple-visita-oficial-en-japon\/#primaryimage\",\"url\":\"https:\/\/noti-america.com\/site\/ecuador\/wp-content\/uploads\/sites\/18\/2018\/09\/PRESIDENTE-LENIN-MORENO.jpg\",\"contentUrl\":\"https:\/\/noti-america.com\/site\/ecuador\/wp-content\/uploads\/sites\/18\/2018\/09\/PRESIDENTE-LENIN-MORENO.jpg\",\"width\":800,\"height\":450,\"caption\":\"Con el objetivo de fortalecer la uni\u00f3n, conmemorar el primer centenario del establecimiento de las relaciones diplom\u00e1ticas, ahondar esfuerzos para una cooperaci\u00f3n bilateral en diversos \u00e1mbitos y promocionar a Ecuador como un pa\u00eds de oportunidades para la inversi\u00f3n, el presidente de la Rep\u00fablica, Len\u00edn Moreno, cumplir\u00e1 visita oficial a Jap\u00f3n\"},{\"@type\":\"BreadcrumbList\",\"@id\":\"https:\/\/noti-america.com\/site\/ecuador\/2018\/09\/04\/presidente-lenin-moreno-cumple-visita-oficial-en-japon\/#breadcrumb\",\"itemListElement\":[{\"@type\":\"ListItem\",\"position\":1,\"name\":\"Portada\",\"item\":\"https:\/\/noti-america.com\/site\/ecuador\/\"},{\"@type\":\"ListItem\",\"position\":2,\"name\":\"Presidente Lenin Moreno cumple visita oficial en Jap\u00f3n\"}]},{\"@type\":\"WebSite\",\"@id\":\"https:\/\/noti-america.com\/site\/ecuador\/#website\",\"url\":\"https:\/\/noti-america.com\/site\/ecuador\/\",\"name\":\"Ecuador | Noti-America.com\",\"description\":\"\",\"publisher\":{\"@id\":\"https:\/\/noti-america.com\/site\/ecuador\/#organization\"},\"potentialAction\":[{\"@type\":\"SearchAction\",\"target\":{\"@type\":\"EntryPoint\",\"urlTemplate\":\"https:\/\/noti-america.com\/site\/ecuador\/?s={search_term_string}\"},\"query-input\":{\"@type\":\"PropertyValueSpecification\",\"valueRequired\":true,\"valueName\":\"search_term_string\"}}],\"inLanguage\":\"es\"},{\"@type\":\"Organization\",\"@id\":\"https:\/\/noti-america.com\/site\/ecuador\/#organization\",\"name\":\"Noti-America LLC | Ecuador\",\"url\":\"https:\/\/noti-america.com\/site\/ecuador\/\",\"logo\":{\"@type\":\"ImageObject\",\"inLanguage\":\"es\",\"@id\":\"https:\/\/noti-america.com\/site\/ecuador\/#\/schema\/logo\/image\/\",\"url\":\"https:\/\/noti-america.com\/site\/ecuador\/wp-content\/uploads\/sites\/18\/2020\/07\/LogoNA-4x3-1.jpg\",\"contentUrl\":\"https:\/\/noti-america.com\/site\/ecuador\/wp-content\/uploads\/sites\/18\/2020\/07\/LogoNA-4x3-1.jpg\",\"width\":1236,\"height\":1080,\"caption\":\"Noti-America LLC | Ecuador\"},\"image\":{\"@id\":\"https:\/\/noti-america.com\/site\/ecuador\/#\/schema\/logo\/image\/\"},\"sameAs\":[\"https:\/\/x.com\/notiamerica\"]},{\"@type\":\"Person\",\"@id\":\"https:\/\/noti-america.com\/site\/ecuador\/#\/schema\/person\/3b975e42f15abfe64bfe3abdd916efda\",\"name\":\"Gregory Quintana Montiel\",\"image\":{\"@type\":\"ImageObject\",\"inLanguage\":\"es\",\"@id\":\"https:\/\/secure.gravatar.com\/avatar\/2d6b802f7720c2ec7744dcbe608cc2f3417aeb964d58b443c6d612b77531de1d?s=96&d=mm&r=g\",\"url\":\"https:\/\/secure.gravatar.com\/avatar\/2d6b802f7720c2ec7744dcbe608cc2f3417aeb964d58b443c6d612b77531de1d?s=96&d=mm&r=g\",\"contentUrl\":\"https:\/\/secure.gravatar.com\/avatar\/2d6b802f7720c2ec7744dcbe608cc2f3417aeb964d58b443c6d612b77531de1d?s=96&d=mm&r=g\",\"caption\":\"Gregory Quintana Montiel\"},\"description\":\"Licenciatura en Ciencias de la Comunicaci\u00f3n Social, egresado en la Especializaci\u00f3n Derecho Ambiental Desarrollo Sostenible y Sustentable, Miembro de la Comunidad de profesionales y experto para Latinoam\u00e9rica y el Caribe en Gesti\u00f3n por Resultado en el Desarrollo (COPLAC - GpRD) del Banco Interamericano de Desarrollo, experiencia en medios radiales y escritos.\",\"sameAs\":[\"https:\/\/x.com\/gdgregori1\",\"gquintana\"],\"url\":\"https:\/\/noti-america.com\/site\/ecuador\/author\/gquintana\/\"}]}<\/script>\n<!-- \/ Yoast SEO Premium plugin. -->","yoast_head_json":{"title":"Presidente Lenin Moreno cumple visita oficial en Jap\u00f3n - Ecuador | Noti-America.com","robots":{"index":"index","follow":"follow","max-snippet":"max-snippet:-1","max-image-preview":"max-image-preview:large","max-video-preview":"max-video-preview:-1"},"canonical":"https:\/\/noti-america.com\/site\/ecuador\/2018\/09\/04\/presidente-lenin-moreno-cumple-visita-oficial-en-japon\/","og_locale":"es_ES","og_type":"article","og_title":"Presidente Lenin Moreno cumple visita oficial en Jap\u00f3n","og_description":"Con el objetivo de fortalecer la uni\u00f3n, conmemorar el primer centenario del establecimiento de las relaciones diplom\u00e1ticas, ahondar esfuerzos para una cooperaci\u00f3n bilateral en diversos \u00e1mbitos y promocionar a Ecuador como un pa\u00eds de&#46;&#46;&#46;","og_url":"https:\/\/noti-america.com\/site\/ecuador\/2018\/09\/04\/presidente-lenin-moreno-cumple-visita-oficial-en-japon\/","og_site_name":"Ecuador | Noti-America.com","article_published_time":"2018-09-04T02:19:05+00:00","og_image":[{"width":800,"height":450,"url":"https:\/\/noti-america.com\/site\/ecuador\/wp-content\/uploads\/sites\/18\/2018\/09\/PRESIDENTE-LENIN-MORENO.jpg","type":"image\/jpeg"}],"author":"Gregory Quintana Montiel","twitter_card":"summary_large_image","twitter_creator":"@gdgregori1","twitter_site":"@notiamerica","twitter_misc":{"Escrito por":"Gregory Quintana Montiel","Tiempo estimado de lectura":"2 minutos"},"schema":{"@context":"https:\/\/schema.org","@graph":[{"@type":"Article","@id":"https:\/\/noti-america.com\/site\/ecuador\/2018\/09\/04\/presidente-lenin-moreno-cumple-visita-oficial-en-japon\/#article","isPartOf":{"@id":"https:\/\/noti-america.com\/site\/ecuador\/2018\/09\/04\/presidente-lenin-moreno-cumple-visita-oficial-en-japon\/"},"author":{"name":"Gregory Quintana Montiel","@id":"https:\/\/noti-america.com\/site\/ecuador\/#\/schema\/person\/3b975e42f15abfe64bfe3abdd916efda"},"headline":"Presidente Lenin Moreno cumple visita oficial en Jap\u00f3n","datePublished":"2018-09-04T02:19:05+00:00","mainEntityOfPage":{"@id":"https:\/\/noti-america.com\/site\/ecuador\/2018\/09\/04\/presidente-lenin-moreno-cumple-visita-oficial-en-japon\/"},"wordCount":474,"commentCount":0,"publisher":{"@id":"https:\/\/noti-america.com\/site\/ecuador\/#organization"},"image":{"@id":"https:\/\/noti-america.com\/site\/ecuador\/2018\/09\/04\/presidente-lenin-moreno-cumple-visita-oficial-en-japon\/#primaryimage"},"thumbnailUrl":"https:\/\/noti-america.com\/site\/ecuador\/wp-content\/uploads\/sites\/18\/2018\/09\/PRESIDENTE-LENIN-MORENO.jpg","articleSection":["Pol\u00edtica"],"inLanguage":"es","potentialAction":[{"@type":"CommentAction","name":"Comment","target":["https:\/\/noti-america.com\/site\/ecuador\/2018\/09\/04\/presidente-lenin-moreno-cumple-visita-oficial-en-japon\/#respond"]}]},{"@type":"WebPage","@id":"https:\/\/noti-america.com\/site\/ecuador\/2018\/09\/04\/presidente-lenin-moreno-cumple-visita-oficial-en-japon\/","url":"https:\/\/noti-america.com\/site\/ecuador\/2018\/09\/04\/presidente-lenin-moreno-cumple-visita-oficial-en-japon\/","name":"Presidente Lenin Moreno cumple visita oficial en Jap\u00f3n - Ecuador | Noti-America.com","isPartOf":{"@id":"https:\/\/noti-america.com\/site\/ecuador\/#website"},"primaryImageOfPage":{"@id":"https:\/\/noti-america.com\/site\/ecuador\/2018\/09\/04\/presidente-lenin-moreno-cumple-visita-oficial-en-japon\/#primaryimage"},"image":{"@id":"https:\/\/noti-america.com\/site\/ecuador\/2018\/09\/04\/presidente-lenin-moreno-cumple-visita-oficial-en-japon\/#primaryimage"},"thumbnailUrl":"https:\/\/noti-america.com\/site\/ecuador\/wp-content\/uploads\/sites\/18\/2018\/09\/PRESIDENTE-LENIN-MORENO.jpg","datePublished":"2018-09-04T02:19:05+00:00","breadcrumb":{"@id":"https:\/\/noti-america.com\/site\/ecuador\/2018\/09\/04\/presidente-lenin-moreno-cumple-visita-oficial-en-japon\/#breadcrumb"},"inLanguage":"es","potentialAction":[{"@type":"ReadAction","target":["https:\/\/noti-america.com\/site\/ecuador\/2018\/09\/04\/presidente-lenin-moreno-cumple-visita-oficial-en-japon\/"]}]},{"@type":"ImageObject","inLanguage":"es","@id":"https:\/\/noti-america.com\/site\/ecuador\/2018\/09\/04\/presidente-lenin-moreno-cumple-visita-oficial-en-japon\/#primaryimage","url":"https:\/\/noti-america.com\/site\/ecuador\/wp-content\/uploads\/sites\/18\/2018\/09\/PRESIDENTE-LENIN-MORENO.jpg","contentUrl":"https:\/\/noti-america.com\/site\/ecuador\/wp-content\/uploads\/sites\/18\/2018\/09\/PRESIDENTE-LENIN-MORENO.jpg","width":800,"height":450,"caption":"Con el objetivo de fortalecer la uni\u00f3n, conmemorar el primer centenario del establecimiento de las relaciones diplom\u00e1ticas, ahondar esfuerzos para una cooperaci\u00f3n bilateral en diversos \u00e1mbitos y promocionar a Ecuador como un pa\u00eds de oportunidades para la inversi\u00f3n, el presidente de la Rep\u00fablica, Len\u00edn Moreno, cumplir\u00e1 visita oficial a Jap\u00f3n"},{"@type":"BreadcrumbList","@id":"https:\/\/noti-america.com\/site\/ecuador\/2018\/09\/04\/presidente-lenin-moreno-cumple-visita-oficial-en-japon\/#breadcrumb","itemListElement":[{"@type":"ListItem","position":1,"name":"Portada","item":"https:\/\/noti-america.com\/site\/ecuador\/"},{"@type":"ListItem","position":2,"name":"Presidente Lenin Moreno cumple visita oficial en Jap\u00f3n"}]},{"@type":"WebSite","@id":"https:\/\/noti-america.com\/site\/ecuador\/#website","url":"https:\/\/noti-america.com\/site\/ecuador\/","name":"Ecuador | Noti-America.com","description":"","publisher":{"@id":"https:\/\/noti-america.com\/site\/ecuador\/#organization"},"potentialAction":[{"@type":"SearchAction","target":{"@type":"EntryPoint","urlTemplate":"https:\/\/noti-america.com\/site\/ecuador\/?s={search_term_string}"},"query-input":{"@type":"PropertyValueSpecification","valueRequired":true,"valueName":"search_term_string"}}],"inLanguage":"es"},{"@type":"Organization","@id":"https:\/\/noti-america.com\/site\/ecuador\/#organization","name":"Noti-America LLC | Ecuador","url":"https:\/\/noti-america.com\/site\/ecuador\/","logo":{"@type":"ImageObject","inLanguage":"es","@id":"https:\/\/noti-america.com\/site\/ecuador\/#\/schema\/logo\/image\/","url":"https:\/\/noti-america.com\/site\/ecuador\/wp-content\/uploads\/sites\/18\/2020\/07\/LogoNA-4x3-1.jpg","contentUrl":"https:\/\/noti-america.com\/site\/ecuador\/wp-content\/uploads\/sites\/18\/2020\/07\/LogoNA-4x3-1.jpg","width":1236,"height":1080,"caption":"Noti-America LLC | Ecuador"},"image":{"@id":"https:\/\/noti-america.com\/site\/ecuador\/#\/schema\/logo\/image\/"},"sameAs":["https:\/\/x.com\/notiamerica"]},{"@type":"Person","@id":"https:\/\/noti-america.com\/site\/ecuador\/#\/schema\/person\/3b975e42f15abfe64bfe3abdd916efda","name":"Gregory Quintana Montiel","image":{"@type":"ImageObject","inLanguage":"es","@id":"https:\/\/secure.gravatar.com\/avatar\/2d6b802f7720c2ec7744dcbe608cc2f3417aeb964d58b443c6d612b77531de1d?s=96&d=mm&r=g","url":"https:\/\/secure.gravatar.com\/avatar\/2d6b802f7720c2ec7744dcbe608cc2f3417aeb964d58b443c6d612b77531de1d?s=96&d=mm&r=g","contentUrl":"https:\/\/secure.gravatar.com\/avatar\/2d6b802f7720c2ec7744dcbe608cc2f3417aeb964d58b443c6d612b77531de1d?s=96&d=mm&r=g","caption":"Gregory Quintana Montiel"},"description":"Licenciatura en Ciencias de la Comunicaci\u00f3n Social, egresado en la Especializaci\u00f3n Derecho Ambiental Desarrollo Sostenible y Sustentable, Miembro de la Comunidad de profesionales y experto para Latinoam\u00e9rica y el Caribe en Gesti\u00f3n por Resultado en el Desarrollo (COPLAC - GpRD) del Banco Interamericano de Desarrollo, experiencia en medios radiales y escritos.","sameAs":["https:\/\/x.com\/gdgregori1","gquintana"],"url":"https:\/\/noti-america.com\/site\/ecuador\/author\/gquintana\/"}]}},"_links":{"self":[{"href":"https:\/\/noti-america.com\/site\/ecuador\/wp-json\/wp\/v2\/posts\/1686","targetHints":{"allow":["GET"]}}],"collection":[{"href":"https:\/\/noti-america.com\/site\/ecuador\/wp-json\/wp\/v2\/posts"}],"about":[{"href":"https:\/\/noti-america.com\/site\/ecuador\/wp-json\/wp\/v2\/types\/post"}],"author":[{"embeddable":true,"href":"https:\/\/noti-america.com\/site\/ecuador\/wp-json\/wp\/v2\/users\/17"}],"replies":[{"embeddable":true,"href":"https:\/\/noti-america.com\/site\/ecuador\/wp-json\/wp\/v2\/comments?post=1686"}],"version-history":[{"count":1,"href":"https:\/\/noti-america.com\/site\/ecuador\/wp-json\/wp\/v2\/posts\/1686\/revisions"}],"predecessor-version":[{"id":1688,"href":"https:\/\/noti-america.com\/site\/ecuador\/wp-json\/wp\/v2\/posts\/1686\/revisions\/1688"}],"wp:featuredmedia":[{"embeddable":true,"href":"https:\/\/noti-america.com\/site\/ecuador\/wp-json\/wp\/v2\/media\/1687"}],"wp:attachment":[{"href":"https:\/\/noti-america.com\/site\/ecuador\/wp-json\/wp\/v2\/media?parent=1686"}],"wp:term":[{"taxonomy":"category","embeddable":true,"href":"https:\/\/noti-america.com\/site\/ecuador\/wp-json\/wp\/v2\/categories?post=1686"},{"taxonomy":"post_tag","embeddable":true,"href":"https:\/\/noti-america.com\/site\/ecuador\/wp-json\/wp\/v2\/tags?post=1686"}],"curies":[{"name":"wp","href":"https:\/\/api.w.org\/{rel}","templated":true}]}}