{"id":16809,"date":"2021-10-11T15:12:49","date_gmt":"2021-10-11T15:12:49","guid":{"rendered":"https:\/\/noti-america.com\/site\/ecuador\/?p=16809"},"modified":"2021-10-11T15:12:49","modified_gmt":"2021-10-11T15:12:49","slug":"municipio-de-guayaquil-rehabilita-peatonales-de-urdesa","status":"publish","type":"post","link":"https:\/\/noti-america.com\/site\/ecuador\/2021\/10\/11\/municipio-de-guayaquil-rehabilita-peatonales-de-urdesa\/","title":{"rendered":"Municipio de Guayaquil rehabilita peatonales de Urdesa"},"content":{"rendered":"<p style=\"text-align: justify\"><strong>REDACCI\u00d3N NOTI AM\u00c9RICA (ECUADOR)<\/strong><\/p>\n<div id=\"attachment_16810\" style=\"width: 651px\" class=\"wp-caption aligncenter\"><img loading=\"lazy\" decoding=\"async\" aria-describedby=\"caption-attachment-16810\" class=\"wp-image-16810\" src=\"https:\/\/noti-america.com\/site\/ecuador\/wp-content\/uploads\/sites\/18\/2021\/10\/Peatonales-de-Urdesa-4-300x225.jpeg\" alt=\"\" width=\"641\" height=\"481\" srcset=\"https:\/\/noti-america.com\/site\/ecuador\/wp-content\/uploads\/sites\/18\/2021\/10\/Peatonales-de-Urdesa-4-300x225.jpeg 300w, https:\/\/noti-america.com\/site\/ecuador\/wp-content\/uploads\/sites\/18\/2021\/10\/Peatonales-de-Urdesa-4-1024x768.jpeg 1024w, https:\/\/noti-america.com\/site\/ecuador\/wp-content\/uploads\/sites\/18\/2021\/10\/Peatonales-de-Urdesa-4-768x576.jpeg 768w, https:\/\/noti-america.com\/site\/ecuador\/wp-content\/uploads\/sites\/18\/2021\/10\/Peatonales-de-Urdesa-4.jpeg 1280w\" sizes=\"auto, (max-width: 641px) 100vw, 641px\" \/><p id=\"caption-attachment-16810\" class=\"wp-caption-text\">V\u00edas de Urdesa Central son beneficiadas por los trabajos municipales.<\/p><\/div>\n<p style=\"text-align: justify\"><span style=\"font-weight: 400\">Un total de 2.246 metros cuadrados de peatonales y v\u00edas son rehabilitados\u00a0 en Urdesa Central. Los trabajos programados por la Direcci\u00f3n de Obras\u00a0 P\u00fablicas contemplan la reconstrucci\u00f3n de aceras, bordillos y la reposici\u00f3n de\u00a0 pavimento r\u00edgido y adoqu\u00edn.\u00a0<\/span><\/p>\n<p style=\"text-align: justify\"><span style=\"font-weight: 400\">La intervenci\u00f3n incluye la reposici\u00f3n de hormig\u00f3n deteriorado, reconstrucci\u00f3n\u00a0 de aceras, bordillos y la construcci\u00f3n de rampas inclusivas.\u00a0<\/span><\/p>\n<p style=\"text-align: justify\"><b>Plan de reasfaltado\u00a0<\/b><\/p>\n<p style=\"text-align: justify\"><span style=\"font-weight: 400\">La zona residencial y el sector industrial del sur de la urbe se benefician tambi\u00e9n del mantenimiento vial con reasfaltado que ejecuta la Alcald\u00eda en el Distrito 1.\u00a0 Los trabajos registran un avance del 28% y permite la generaci\u00f3n de 695\u00a0 empleos.<\/span><span style=\"font-weight: 400\"><br \/>\n<\/span><\/p>\n<p style=\"text-align: justify\"><span style=\"font-weight: 400\">Con el contrato valorado en USD 1&#8217;250.966,99 se atienden 34.7 km de calles\u00a0 principales y secundarias. \u00abEst\u00e1 muy bien, el asfalto anterior se sal\u00eda, era\u00a0 mucho polvo\u00bb, manifest\u00f3 Roberto Lasso, habitante de Los Tulipanes. En tanto\u00a0 que Manuel Tixe considera que este mantenimiento ayuda al comercio. \u00abCon\u00a0 estos arreglos est\u00e1 mejor para andar m\u00e1s r\u00e1pido, es una mejora para el\u00a0 pa\u00eds\u00bb, dijo.\u00a0<\/span><\/p>\n<p style=\"text-align: justify\"><span style=\"font-weight: 400\">Otros sectores atendidos fueron la ciudadela 9 de Octubre y la calle Jos\u00e9 de\u00a0 Antepara. En los siguientes d\u00edas continuar\u00e1 la colocaci\u00f3n de pavimento\u00a0 asf\u00e1ltico en calles de la cooperativa 7 Lagos.\u00a0<\/span><\/p>\n<p style=\"text-align: justify\"><span style=\"font-weight: 400\">Genaro Salazar, residente de obra, explic\u00f3 que al principio puede resultar\u00a0 molestoso el fresado de calles, pero una vez asfaltado la comunidad queda\u00a0 conforme. \u00abEn los temas de tapas de pozos o c\u00e1maras tenemos que elevar\u00a0 al nivel de asfalto para que no se golpeen los carros\u00bb, sostuvo. <\/span><\/p>\n","protected":false},"excerpt":{"rendered":"<p>REDACCI\u00d3N NOTI AM\u00c9RICA (ECUADOR) Un total de 2.246 metros cuadrados de peatonales y v\u00edas son rehabilitados\u00a0 en Urdesa Central. Los trabajos programados por la Direcci\u00f3n de Obras\u00a0 P\u00fablicas contemplan la reconstrucci\u00f3n de aceras, bordillos&#46;&#46;&#46;<\/p>\n","protected":false},"author":113,"featured_media":16810,"comment_status":"open","ping_status":"open","sticky":false,"template":"","format":"standard","meta":{"_acf_changed":false,"om_disable_all_campaigns":false,"rop_custom_images_group":[],"rop_custom_messages_group":[],"rop_publish_now":"initial","rop_publish_now_accounts":{"twitter_242054905_242054905":""},"rop_publish_now_history":[],"rop_publish_now_status":"pending","_uf_show_specific_survey":0,"_uf_disable_surveys":false,"footnotes":""},"categories":[125],"tags":[],"class_list":["post-16809","post","type-post","status-publish","format-standard","has-post-thumbnail","hentry","category-actualidad"],"acf":[],"aioseo_notices":[],"yoast_head":"<!-- This site is optimized with the Yoast SEO Premium plugin v24.9 (Yoast SEO v27.2) - https:\/\/yoast.com\/product\/yoast-seo-premium-wordpress\/ -->\n<title>Municipio de Guayaquil rehabilita peatonales de Urdesa - Ecuador | Noti-America.com<\/title>\n<meta name=\"robots\" content=\"index, follow, max-snippet:-1, max-image-preview:large, max-video-preview:-1\" \/>\n<link rel=\"canonical\" href=\"https:\/\/noti-america.com\/site\/ecuador\/2021\/10\/11\/municipio-de-guayaquil-rehabilita-peatonales-de-urdesa\/\" \/>\n<meta property=\"og:locale\" content=\"es_ES\" \/>\n<meta property=\"og:type\" content=\"article\" \/>\n<meta property=\"og:title\" content=\"Municipio de Guayaquil rehabilita peatonales de Urdesa\" \/>\n<meta property=\"og:description\" content=\"REDACCI\u00d3N NOTI AM\u00c9RICA (ECUADOR) Un total de 2.246 metros cuadrados de peatonales y v\u00edas son rehabilitados\u00a0 en Urdesa Central. Los trabajos programados por la Direcci\u00f3n de Obras\u00a0 P\u00fablicas contemplan la reconstrucci\u00f3n de aceras, bordillos&#046;&#046;&#046;\" \/>\n<meta property=\"og:url\" content=\"https:\/\/noti-america.com\/site\/ecuador\/2021\/10\/11\/municipio-de-guayaquil-rehabilita-peatonales-de-urdesa\/\" \/>\n<meta property=\"og:site_name\" content=\"Ecuador | Noti-America.com\" \/>\n<meta property=\"article:published_time\" content=\"2021-10-11T15:12:49+00:00\" \/>\n<meta property=\"og:image\" content=\"https:\/\/noti-america.com\/site\/ecuador\/wp-content\/uploads\/sites\/18\/2021\/10\/Peatonales-de-Urdesa-4.jpeg\" \/>\n\t<meta property=\"og:image:width\" content=\"1280\" \/>\n\t<meta property=\"og:image:height\" content=\"960\" \/>\n\t<meta property=\"og:image:type\" content=\"image\/jpeg\" \/>\n<meta name=\"author\" content=\"Henry Ortiz\" \/>\n<meta name=\"twitter:card\" content=\"summary_large_image\" \/>\n<meta name=\"twitter:creator\" content=\"@notiamerica\" \/>\n<meta name=\"twitter:site\" content=\"@notiamerica\" \/>\n<meta name=\"twitter:label1\" content=\"Escrito por\" \/>\n\t<meta name=\"twitter:data1\" content=\"Henry Ortiz\" \/>\n\t<meta name=\"twitter:label2\" content=\"Tiempo estimado de lectura\" \/>\n\t<meta name=\"twitter:data2\" content=\"2 minutos\" \/>\n<script type=\"application\/ld+json\" class=\"yoast-schema-graph\">{\"@context\":\"https:\/\/schema.org\",\"@graph\":[{\"@type\":\"Article\",\"@id\":\"https:\/\/noti-america.com\/site\/ecuador\/2021\/10\/11\/municipio-de-guayaquil-rehabilita-peatonales-de-urdesa\/#article\",\"isPartOf\":{\"@id\":\"https:\/\/noti-america.com\/site\/ecuador\/2021\/10\/11\/municipio-de-guayaquil-rehabilita-peatonales-de-urdesa\/\"},\"author\":{\"name\":\"Henry Ortiz\",\"@id\":\"https:\/\/noti-america.com\/site\/ecuador\/#\/schema\/person\/b9d1630cc6598af759d45c790a347283\"},\"headline\":\"Municipio de Guayaquil rehabilita peatonales de Urdesa\",\"datePublished\":\"2021-10-11T15:12:49+00:00\",\"mainEntityOfPage\":{\"@id\":\"https:\/\/noti-america.com\/site\/ecuador\/2021\/10\/11\/municipio-de-guayaquil-rehabilita-peatonales-de-urdesa\/\"},\"wordCount\":289,\"commentCount\":0,\"publisher\":{\"@id\":\"https:\/\/noti-america.com\/site\/ecuador\/#organization\"},\"image\":{\"@id\":\"https:\/\/noti-america.com\/site\/ecuador\/2021\/10\/11\/municipio-de-guayaquil-rehabilita-peatonales-de-urdesa\/#primaryimage\"},\"thumbnailUrl\":\"https:\/\/noti-america.com\/site\/ecuador\/wp-content\/uploads\/sites\/18\/2021\/10\/Peatonales-de-Urdesa-4.jpeg\",\"articleSection\":[\"Actualidad\"],\"inLanguage\":\"es\",\"potentialAction\":[{\"@type\":\"CommentAction\",\"name\":\"Comment\",\"target\":[\"https:\/\/noti-america.com\/site\/ecuador\/2021\/10\/11\/municipio-de-guayaquil-rehabilita-peatonales-de-urdesa\/#respond\"]}]},{\"@type\":\"WebPage\",\"@id\":\"https:\/\/noti-america.com\/site\/ecuador\/2021\/10\/11\/municipio-de-guayaquil-rehabilita-peatonales-de-urdesa\/\",\"url\":\"https:\/\/noti-america.com\/site\/ecuador\/2021\/10\/11\/municipio-de-guayaquil-rehabilita-peatonales-de-urdesa\/\",\"name\":\"Municipio de Guayaquil rehabilita peatonales de Urdesa - Ecuador | Noti-America.com\",\"isPartOf\":{\"@id\":\"https:\/\/noti-america.com\/site\/ecuador\/#website\"},\"primaryImageOfPage\":{\"@id\":\"https:\/\/noti-america.com\/site\/ecuador\/2021\/10\/11\/municipio-de-guayaquil-rehabilita-peatonales-de-urdesa\/#primaryimage\"},\"image\":{\"@id\":\"https:\/\/noti-america.com\/site\/ecuador\/2021\/10\/11\/municipio-de-guayaquil-rehabilita-peatonales-de-urdesa\/#primaryimage\"},\"thumbnailUrl\":\"https:\/\/noti-america.com\/site\/ecuador\/wp-content\/uploads\/sites\/18\/2021\/10\/Peatonales-de-Urdesa-4.jpeg\",\"datePublished\":\"2021-10-11T15:12:49+00:00\",\"breadcrumb\":{\"@id\":\"https:\/\/noti-america.com\/site\/ecuador\/2021\/10\/11\/municipio-de-guayaquil-rehabilita-peatonales-de-urdesa\/#breadcrumb\"},\"inLanguage\":\"es\",\"potentialAction\":[{\"@type\":\"ReadAction\",\"target\":[\"https:\/\/noti-america.com\/site\/ecuador\/2021\/10\/11\/municipio-de-guayaquil-rehabilita-peatonales-de-urdesa\/\"]}]},{\"@type\":\"ImageObject\",\"inLanguage\":\"es\",\"@id\":\"https:\/\/noti-america.com\/site\/ecuador\/2021\/10\/11\/municipio-de-guayaquil-rehabilita-peatonales-de-urdesa\/#primaryimage\",\"url\":\"https:\/\/noti-america.com\/site\/ecuador\/wp-content\/uploads\/sites\/18\/2021\/10\/Peatonales-de-Urdesa-4.jpeg\",\"contentUrl\":\"https:\/\/noti-america.com\/site\/ecuador\/wp-content\/uploads\/sites\/18\/2021\/10\/Peatonales-de-Urdesa-4.jpeg\",\"width\":1280,\"height\":960},{\"@type\":\"BreadcrumbList\",\"@id\":\"https:\/\/noti-america.com\/site\/ecuador\/2021\/10\/11\/municipio-de-guayaquil-rehabilita-peatonales-de-urdesa\/#breadcrumb\",\"itemListElement\":[{\"@type\":\"ListItem\",\"position\":1,\"name\":\"Portada\",\"item\":\"https:\/\/noti-america.com\/site\/ecuador\/\"},{\"@type\":\"ListItem\",\"position\":2,\"name\":\"Municipio de Guayaquil rehabilita peatonales de Urdesa\"}]},{\"@type\":\"WebSite\",\"@id\":\"https:\/\/noti-america.com\/site\/ecuador\/#website\",\"url\":\"https:\/\/noti-america.com\/site\/ecuador\/\",\"name\":\"Ecuador | Noti-America.com\",\"description\":\"\",\"publisher\":{\"@id\":\"https:\/\/noti-america.com\/site\/ecuador\/#organization\"},\"potentialAction\":[{\"@type\":\"SearchAction\",\"target\":{\"@type\":\"EntryPoint\",\"urlTemplate\":\"https:\/\/noti-america.com\/site\/ecuador\/?s={search_term_string}\"},\"query-input\":{\"@type\":\"PropertyValueSpecification\",\"valueRequired\":true,\"valueName\":\"search_term_string\"}}],\"inLanguage\":\"es\"},{\"@type\":\"Organization\",\"@id\":\"https:\/\/noti-america.com\/site\/ecuador\/#organization\",\"name\":\"Noti-America LLC | Ecuador\",\"url\":\"https:\/\/noti-america.com\/site\/ecuador\/\",\"logo\":{\"@type\":\"ImageObject\",\"inLanguage\":\"es\",\"@id\":\"https:\/\/noti-america.com\/site\/ecuador\/#\/schema\/logo\/image\/\",\"url\":\"https:\/\/noti-america.com\/site\/ecuador\/wp-content\/uploads\/sites\/18\/2020\/07\/LogoNA-4x3-1.jpg\",\"contentUrl\":\"https:\/\/noti-america.com\/site\/ecuador\/wp-content\/uploads\/sites\/18\/2020\/07\/LogoNA-4x3-1.jpg\",\"width\":1236,\"height\":1080,\"caption\":\"Noti-America LLC | Ecuador\"},\"image\":{\"@id\":\"https:\/\/noti-america.com\/site\/ecuador\/#\/schema\/logo\/image\/\"},\"sameAs\":[\"https:\/\/x.com\/notiamerica\"]},{\"@type\":\"Person\",\"@id\":\"https:\/\/noti-america.com\/site\/ecuador\/#\/schema\/person\/b9d1630cc6598af759d45c790a347283\",\"name\":\"Henry Ortiz\",\"image\":{\"@type\":\"ImageObject\",\"inLanguage\":\"es\",\"@id\":\"https:\/\/secure.gravatar.com\/avatar\/0b5407b5b302fbb6a578e625dca512ac2983ee5fa9ea941d581b83c40212e4c8?s=96&d=mm&r=g\",\"url\":\"https:\/\/secure.gravatar.com\/avatar\/0b5407b5b302fbb6a578e625dca512ac2983ee5fa9ea941d581b83c40212e4c8?s=96&d=mm&r=g\",\"contentUrl\":\"https:\/\/secure.gravatar.com\/avatar\/0b5407b5b302fbb6a578e625dca512ac2983ee5fa9ea941d581b83c40212e4c8?s=96&d=mm&r=g\",\"caption\":\"Henry Ortiz\"},\"url\":\"https:\/\/noti-america.com\/site\/ecuador\/author\/hortiz\/\"}]}<\/script>\n<!-- \/ Yoast SEO Premium plugin. -->","yoast_head_json":{"title":"Municipio de Guayaquil rehabilita peatonales de Urdesa - Ecuador | Noti-America.com","robots":{"index":"index","follow":"follow","max-snippet":"max-snippet:-1","max-image-preview":"max-image-preview:large","max-video-preview":"max-video-preview:-1"},"canonical":"https:\/\/noti-america.com\/site\/ecuador\/2021\/10\/11\/municipio-de-guayaquil-rehabilita-peatonales-de-urdesa\/","og_locale":"es_ES","og_type":"article","og_title":"Municipio de Guayaquil rehabilita peatonales de Urdesa","og_description":"REDACCI\u00d3N NOTI AM\u00c9RICA (ECUADOR) Un total de 2.246 metros cuadrados de peatonales y v\u00edas son rehabilitados\u00a0 en Urdesa Central. Los trabajos programados por la Direcci\u00f3n de Obras\u00a0 P\u00fablicas contemplan la reconstrucci\u00f3n de aceras, bordillos&#46;&#46;&#46;","og_url":"https:\/\/noti-america.com\/site\/ecuador\/2021\/10\/11\/municipio-de-guayaquil-rehabilita-peatonales-de-urdesa\/","og_site_name":"Ecuador | Noti-America.com","article_published_time":"2021-10-11T15:12:49+00:00","og_image":[{"width":1280,"height":960,"url":"https:\/\/noti-america.com\/site\/ecuador\/wp-content\/uploads\/sites\/18\/2021\/10\/Peatonales-de-Urdesa-4.jpeg","type":"image\/jpeg"}],"author":"Henry Ortiz","twitter_card":"summary_large_image","twitter_creator":"@notiamerica","twitter_site":"@notiamerica","twitter_misc":{"Escrito por":"Henry Ortiz","Tiempo estimado de lectura":"2 minutos"},"schema":{"@context":"https:\/\/schema.org","@graph":[{"@type":"Article","@id":"https:\/\/noti-america.com\/site\/ecuador\/2021\/10\/11\/municipio-de-guayaquil-rehabilita-peatonales-de-urdesa\/#article","isPartOf":{"@id":"https:\/\/noti-america.com\/site\/ecuador\/2021\/10\/11\/municipio-de-guayaquil-rehabilita-peatonales-de-urdesa\/"},"author":{"name":"Henry Ortiz","@id":"https:\/\/noti-america.com\/site\/ecuador\/#\/schema\/person\/b9d1630cc6598af759d45c790a347283"},"headline":"Municipio de Guayaquil rehabilita peatonales de Urdesa","datePublished":"2021-10-11T15:12:49+00:00","mainEntityOfPage":{"@id":"https:\/\/noti-america.com\/site\/ecuador\/2021\/10\/11\/municipio-de-guayaquil-rehabilita-peatonales-de-urdesa\/"},"wordCount":289,"commentCount":0,"publisher":{"@id":"https:\/\/noti-america.com\/site\/ecuador\/#organization"},"image":{"@id":"https:\/\/noti-america.com\/site\/ecuador\/2021\/10\/11\/municipio-de-guayaquil-rehabilita-peatonales-de-urdesa\/#primaryimage"},"thumbnailUrl":"https:\/\/noti-america.com\/site\/ecuador\/wp-content\/uploads\/sites\/18\/2021\/10\/Peatonales-de-Urdesa-4.jpeg","articleSection":["Actualidad"],"inLanguage":"es","potentialAction":[{"@type":"CommentAction","name":"Comment","target":["https:\/\/noti-america.com\/site\/ecuador\/2021\/10\/11\/municipio-de-guayaquil-rehabilita-peatonales-de-urdesa\/#respond"]}]},{"@type":"WebPage","@id":"https:\/\/noti-america.com\/site\/ecuador\/2021\/10\/11\/municipio-de-guayaquil-rehabilita-peatonales-de-urdesa\/","url":"https:\/\/noti-america.com\/site\/ecuador\/2021\/10\/11\/municipio-de-guayaquil-rehabilita-peatonales-de-urdesa\/","name":"Municipio de Guayaquil rehabilita peatonales de Urdesa - Ecuador | Noti-America.com","isPartOf":{"@id":"https:\/\/noti-america.com\/site\/ecuador\/#website"},"primaryImageOfPage":{"@id":"https:\/\/noti-america.com\/site\/ecuador\/2021\/10\/11\/municipio-de-guayaquil-rehabilita-peatonales-de-urdesa\/#primaryimage"},"image":{"@id":"https:\/\/noti-america.com\/site\/ecuador\/2021\/10\/11\/municipio-de-guayaquil-rehabilita-peatonales-de-urdesa\/#primaryimage"},"thumbnailUrl":"https:\/\/noti-america.com\/site\/ecuador\/wp-content\/uploads\/sites\/18\/2021\/10\/Peatonales-de-Urdesa-4.jpeg","datePublished":"2021-10-11T15:12:49+00:00","breadcrumb":{"@id":"https:\/\/noti-america.com\/site\/ecuador\/2021\/10\/11\/municipio-de-guayaquil-rehabilita-peatonales-de-urdesa\/#breadcrumb"},"inLanguage":"es","potentialAction":[{"@type":"ReadAction","target":["https:\/\/noti-america.com\/site\/ecuador\/2021\/10\/11\/municipio-de-guayaquil-rehabilita-peatonales-de-urdesa\/"]}]},{"@type":"ImageObject","inLanguage":"es","@id":"https:\/\/noti-america.com\/site\/ecuador\/2021\/10\/11\/municipio-de-guayaquil-rehabilita-peatonales-de-urdesa\/#primaryimage","url":"https:\/\/noti-america.com\/site\/ecuador\/wp-content\/uploads\/sites\/18\/2021\/10\/Peatonales-de-Urdesa-4.jpeg","contentUrl":"https:\/\/noti-america.com\/site\/ecuador\/wp-content\/uploads\/sites\/18\/2021\/10\/Peatonales-de-Urdesa-4.jpeg","width":1280,"height":960},{"@type":"BreadcrumbList","@id":"https:\/\/noti-america.com\/site\/ecuador\/2021\/10\/11\/municipio-de-guayaquil-rehabilita-peatonales-de-urdesa\/#breadcrumb","itemListElement":[{"@type":"ListItem","position":1,"name":"Portada","item":"https:\/\/noti-america.com\/site\/ecuador\/"},{"@type":"ListItem","position":2,"name":"Municipio de Guayaquil rehabilita peatonales de Urdesa"}]},{"@type":"WebSite","@id":"https:\/\/noti-america.com\/site\/ecuador\/#website","url":"https:\/\/noti-america.com\/site\/ecuador\/","name":"Ecuador | Noti-America.com","description":"","publisher":{"@id":"https:\/\/noti-america.com\/site\/ecuador\/#organization"},"potentialAction":[{"@type":"SearchAction","target":{"@type":"EntryPoint","urlTemplate":"https:\/\/noti-america.com\/site\/ecuador\/?s={search_term_string}"},"query-input":{"@type":"PropertyValueSpecification","valueRequired":true,"valueName":"search_term_string"}}],"inLanguage":"es"},{"@type":"Organization","@id":"https:\/\/noti-america.com\/site\/ecuador\/#organization","name":"Noti-America LLC | Ecuador","url":"https:\/\/noti-america.com\/site\/ecuador\/","logo":{"@type":"ImageObject","inLanguage":"es","@id":"https:\/\/noti-america.com\/site\/ecuador\/#\/schema\/logo\/image\/","url":"https:\/\/noti-america.com\/site\/ecuador\/wp-content\/uploads\/sites\/18\/2020\/07\/LogoNA-4x3-1.jpg","contentUrl":"https:\/\/noti-america.com\/site\/ecuador\/wp-content\/uploads\/sites\/18\/2020\/07\/LogoNA-4x3-1.jpg","width":1236,"height":1080,"caption":"Noti-America LLC | Ecuador"},"image":{"@id":"https:\/\/noti-america.com\/site\/ecuador\/#\/schema\/logo\/image\/"},"sameAs":["https:\/\/x.com\/notiamerica"]},{"@type":"Person","@id":"https:\/\/noti-america.com\/site\/ecuador\/#\/schema\/person\/b9d1630cc6598af759d45c790a347283","name":"Henry Ortiz","image":{"@type":"ImageObject","inLanguage":"es","@id":"https:\/\/secure.gravatar.com\/avatar\/0b5407b5b302fbb6a578e625dca512ac2983ee5fa9ea941d581b83c40212e4c8?s=96&d=mm&r=g","url":"https:\/\/secure.gravatar.com\/avatar\/0b5407b5b302fbb6a578e625dca512ac2983ee5fa9ea941d581b83c40212e4c8?s=96&d=mm&r=g","contentUrl":"https:\/\/secure.gravatar.com\/avatar\/0b5407b5b302fbb6a578e625dca512ac2983ee5fa9ea941d581b83c40212e4c8?s=96&d=mm&r=g","caption":"Henry Ortiz"},"url":"https:\/\/noti-america.com\/site\/ecuador\/author\/hortiz\/"}]}},"_links":{"self":[{"href":"https:\/\/noti-america.com\/site\/ecuador\/wp-json\/wp\/v2\/posts\/16809","targetHints":{"allow":["GET"]}}],"collection":[{"href":"https:\/\/noti-america.com\/site\/ecuador\/wp-json\/wp\/v2\/posts"}],"about":[{"href":"https:\/\/noti-america.com\/site\/ecuador\/wp-json\/wp\/v2\/types\/post"}],"author":[{"embeddable":true,"href":"https:\/\/noti-america.com\/site\/ecuador\/wp-json\/wp\/v2\/users\/113"}],"replies":[{"embeddable":true,"href":"https:\/\/noti-america.com\/site\/ecuador\/wp-json\/wp\/v2\/comments?post=16809"}],"version-history":[{"count":1,"href":"https:\/\/noti-america.com\/site\/ecuador\/wp-json\/wp\/v2\/posts\/16809\/revisions"}],"predecessor-version":[{"id":16811,"href":"https:\/\/noti-america.com\/site\/ecuador\/wp-json\/wp\/v2\/posts\/16809\/revisions\/16811"}],"wp:featuredmedia":[{"embeddable":true,"href":"https:\/\/noti-america.com\/site\/ecuador\/wp-json\/wp\/v2\/media\/16810"}],"wp:attachment":[{"href":"https:\/\/noti-america.com\/site\/ecuador\/wp-json\/wp\/v2\/media?parent=16809"}],"wp:term":[{"taxonomy":"category","embeddable":true,"href":"https:\/\/noti-america.com\/site\/ecuador\/wp-json\/wp\/v2\/categories?post=16809"},{"taxonomy":"post_tag","embeddable":true,"href":"https:\/\/noti-america.com\/site\/ecuador\/wp-json\/wp\/v2\/tags?post=16809"}],"curies":[{"name":"wp","href":"https:\/\/api.w.org\/{rel}","templated":true}]}}