{"id":16719,"date":"2021-10-05T02:03:26","date_gmt":"2021-10-05T02:03:26","guid":{"rendered":"https:\/\/noti-america.com\/site\/ecuador\/?p=16719"},"modified":"2021-10-05T02:13:13","modified_gmt":"2021-10-05T02:13:13","slug":"fao-advierte-que-si-no-llega-mas-financiacion-enfrentaremos-una-crisis-alimentarias-sin-precedentes","status":"publish","type":"post","link":"https:\/\/noti-america.com\/site\/ecuador\/2021\/10\/05\/fao-advierte-que-si-no-llega-mas-financiacion-enfrentaremos-una-crisis-alimentarias-sin-precedentes\/","title":{"rendered":"FAO advierte que si no llega m\u00e1s financiaci\u00f3n enfrentaremos una crisis alimentarias sin precedentes"},"content":{"rendered":"<p>REDACCI\u00d3N NOTI AM\u00c9RICA (ECUADOR)<\/p>\n<div class=\"row before-content\">\n<div class=\"col-md-12\">\n<section class=\"region region-before-content\">\n<section id=\"block-views-story-story-top-block\" class=\"block block-views clearfix\">\n<div class=\"view view-story view-id-story view-display-id-story_top_block story-top-block node view-dom-id-3ec91c1874fe27c410fea36982bff989\">\n<div class=\"view-content\">\n<div class=\"views-row views-row-1 views-row-odd views-row-first views-row-last\">\n<div class=\"views-field views-field-nothing\">\n<section class=\"story-top-block\">\n<h6 class=\"story-title\" style=\"text-align: justify\">El organismo de la ONU especializado en la erradicaci\u00f3n del hambre se\u00f1al\u00f3 que m\u00e1s de 500.000 personas en Etiop\u00eda, Madagascar, Sud\u00e1n del Sur y Yemen sufren actualmente una inseguridad alimentaria de dimensiones \u201ccatastr\u00f3ficas\u201d, y que m\u00e1s de 41 millones est\u00e1n al borde de la hambruna.<\/h6>\n<div class=\"featured-media\">\n<div style=\"width: 1180px\" class=\"wp-caption alignnone\"><img loading=\"lazy\" decoding=\"async\" class=\"img-responsive\" title=\"Dos ni\u00f1os cargan agua en Leer, en el estado de Unity en Sud\u00e1n del Sur, donde se ha declarado la situaci\u00f3n de hambruna. Foto: OCHA\" src=\"https:\/\/global.unitednations.entermediadb.net\/assets\/mediadb\/services\/module\/asset\/downloads\/preset\/assets\/2017\/02\/26793\/image1170x530cropped.jpg\" alt=\"Dos ni\u00f1os cargan agua en Leer, en el estado de Unity en Sud\u00e1n del Sur, donde se ha declarado la situaci\u00f3n de hambruna. Foto: OCHA\" width=\"1170\" height=\"530\" \/><p class=\"wp-caption-text\">\u00a9 PMA\/Tsiory Andriantsoarana. Dos ni\u00f1os cargan agua en Leer, en el estado de Unity en Sud\u00e1n del Sur, donde se ha declarado la situaci\u00f3n de hambruna. Foto: OCHA<\/p><\/div>\n<\/div>\n<\/section>\n<\/div>\n<\/div>\n<\/div>\n<\/div>\n<\/section>\n<\/section>\n<\/div>\n<\/div>\n<div class=\"row body-container\">\n<section class=\"col-sm-9\">\n<section class=\"region region-content\">\n<section id=\"block-system-main\" class=\"block block-system clearfix\">\n<div id=\"node-1497872\" class=\"node node-news-story node-full clearfix\">\n<div class=\"content\">\n<div class=\"paragraphs-items paragraphs-items-field-news-story paragraphs-items-field-news-story-full paragraphs-items-full\">\n<div class=\"field field-name-field-news-story field-type-paragraphs field-label-hidden\">\n<div class=\"field-items\">\n<div class=\"field-item even\">\n<div class=\"entity entity-paragraphs-item paragraphs-item-one-column-text\">\n<div class=\"content\">\n<div class=\"field field-name-field-text-column field-type-text-long field-label-hidden\">\n<div class=\"field-items\">\n<div class=\"field-item even\">\n<p style=\"text-align: justify\">La Organizaci\u00f3n de las Naciones Unidas para la Agricultura y la Alimentaci\u00f3n (FAO) advirti\u00f3 este lunes que son decenas de millones de personas en medio de algunas de las peores crisis alimentarias que ha vivido el mundo durante los \u00faltimos a\u00f1os, se necesita crear urgentemente una financiaci\u00f3n espec\u00edficamente dirigida a la ayuda de emergencia y a la creaci\u00f3n de resiliencia.<\/p>\n<p style=\"text-align: justify\">La advertencia lleg\u00f3 en boca del director general de la FAO, Qu Dongyu, durante un evento virtual de alto nivel que busca prevenir y acabar con la hambruna de inmediato. El encuentro busca analizar los recientes esfuerzos para detener el avance de este flagelo y orientar a la comunidad internacional sobre las medidas urgentes que debe tomar para evitar un mayor deterioro de la inseguridad alimentaria.<\/p>\n<p style=\"text-align: justify\">El m\u00e1ximo responsable del organismo dijo que m\u00e1s de medio mill\u00f3n de personas en cuatro pa\u00edses (Etiop\u00eda, Madagascar, Sud\u00e1n del Sur y Yemen) sufren actualmente una inseguridad alimentaria de dimensiones \u201ccatastr\u00f3ficas\u201d, y que m\u00e1s de 41 millones est\u00e1n al borde de la hambruna.<\/p>\n<p style=\"text-align: justify\">Al mismo tiempo, se\u00f1al\u00f3 que la situaci\u00f3n contin\u00faa deterior\u00e1ndose, ya que las cantidades de ayuda alimentaria asignadas y desembolsadas<strong>\u00a0est\u00e1n muy por debajo de los 6600 millones de d\u00f3lares que solicitaron las organizaciones humanitarias para satisfacer las necesidades m\u00e1s urgentes.<\/strong><\/p>\n<p style=\"text-align: justify\">Adem\u00e1s, destac\u00f3 que entre los fondos aportados muy pocos se destinaron a la provisi\u00f3n de medios de subsistencia de emergencia, un elemento b\u00e1sico de cualquier estrategia eficaz de prevenci\u00f3n de la hambruna.<\/p>\n<div class=\"dnd-widget-wrapper context-un_news_full_width type-image\" style=\"text-align: justify\">\n<div class=\"dnd-atom-rendered\">\n<div style=\"width: 1180px\" class=\"wp-caption alignnone\"><img loading=\"lazy\" decoding=\"async\" class=\"img-responsive\" title=\"La pobreza y la sequ\u00eda causaron una aumento grave del hambre en el sur de Madagascar.\" src=\"https:\/\/global.unitednations.entermediadb.net\/assets\/mediadb\/services\/module\/asset\/downloads\/preset\/Libraries\/Production+Library\/23-06-2021_WFP_Madagascar.jpg\/image1170x530cropped.jpg\" alt=\"La pobreza y la sequ\u00eda causaron una aumento grave del hambre en el sur de Madagascar.\" width=\"1170\" height=\"530\" \/><p class=\"wp-caption-text\">La pobreza y la sequ\u00eda causaron una aumento grave del hambre en el sur de Madagascar.<\/p><\/div>\n<\/div>\n<\/div>\n<h4 style=\"text-align: justify\">No llegan los fondos para la ayuda alimentaria de emergencia<\/h4>\n<p style=\"text-align: justify\">Desde el anuncio del\u00a0<a class=\"word-link\" href=\"https:\/\/www.un.org\/sg\/es\">Secretario General<\/a>\u00a0de la ONU el pasado mes de marzo por el que creaba un Grupo de Trabajo de Alto Nivel sobre la Hambruna, la FAO ha ayudado a m\u00e1s de 5,5 millones de personas en los seis pa\u00edses clasificados como de alta prioridad por esa agrupaci\u00f3n.<\/p>\n<p style=\"text-align: justify\">Sin embargo, Dongyu alert\u00f3 que el organismo\u00a0<strong>ha recibido menos de una cuarta parte de los recursos que hacen falta para la ayuda de emergencia<\/strong>\u00a0en ese sexteto de naciones.<\/p>\n<p style=\"text-align: justify\">La FAO tambi\u00e9n manifest\u00f3 su preocupaci\u00f3n por las actuales condiciones en Hait\u00ed, donde los medios de subsistencia est\u00e1n amenazados por el COVID-19, la inestabilidad y las consecuencias del reciente terremoto; en Afganist\u00e1n, donde una de cada tres personas sufre inseguridad alimentaria aguda; y en \u00c1frica oriental que se enfrenta a la amenaza de una tercera temporada consecutiva de escasez de lluvias para los cultivos y el ganado.<\/p>\n<p style=\"text-align: justify\">Por todo ello, Qu pidi\u00f3 un incremento urgente de las acciones preventivas, como las que la FAO y sus socios activaron el a\u00f1o pasado con la plaga de langostas del desierto en \u00c1frica y que evitaron p\u00e9rdidas masivas de cultivos b\u00e1sicos y ganado por valor de m\u00e1s de 1500 millones de d\u00f3lares.\u00a0<strong>Estas intervenciones lograron proteger la seguridad alimentaria de m\u00e1s de 36 millones de personas.<\/strong><\/p>\n<p style=\"text-align: justify\">\u00abTenemos que trabajar juntos para transformar nuestros sistemas agroalimentarios para que sean m\u00e1s eficientes, inclusivos, resistentes y sostenibles\u00bb, afirm\u00f3 el director general de la FAO.<\/p>\n<p style=\"text-align: justify\">Los Gobiernos de la Rep\u00fablica Dominicana, Irlanda, Noruega y Suecia, la Organizaci\u00f3n de las Naciones Unidas para la Agricultura y la Alimentaci\u00f3n, la\u00a0<a class=\"word-link\" href=\"https:\/\/www.unocha.org\/\">Oficina de Coordinaci\u00f3n de Asuntos Humanitarios<\/a>\u00a0de la ONU y el\u00a0<a class=\"word-link\" href=\"http:\/\/es.wfp.org\/\">Programa Mundial de Alimentos<\/a>\u00a0convocaron el encuentro de alto nivel.<\/p>\n<p style=\"text-align: justify\"><strong>Fuente: ONU<\/strong><\/p>\n<\/div>\n<\/div>\n<\/div>\n<\/div>\n<\/div>\n<\/div>\n<\/div>\n<\/div>\n<\/div>\n<\/div>\n<\/div>\n<\/section>\n<\/section>\n<\/section>\n<\/div>\n","protected":false},"excerpt":{"rendered":"<p>REDACCI\u00d3N NOTI AM\u00c9RICA (ECUADOR) El organismo de la ONU especializado en la erradicaci\u00f3n del hambre se\u00f1al\u00f3 que m\u00e1s de 500.000 personas en Etiop\u00eda, Madagascar, Sud\u00e1n del Sur y Yemen sufren actualmente una inseguridad alimentaria&#46;&#46;&#46;<\/p>\n","protected":false},"author":17,"featured_media":16720,"comment_status":"open","ping_status":"open","sticky":false,"template":"","format":"standard","meta":{"_acf_changed":false,"om_disable_all_campaigns":false,"rop_custom_images_group":[],"rop_custom_messages_group":[],"rop_publish_now":"initial","rop_publish_now_accounts":{"twitter_242054905_242054905":""},"rop_publish_now_history":[],"rop_publish_now_status":"pending","_uf_show_specific_survey":0,"_uf_disable_surveys":false,"footnotes":""},"categories":[125],"tags":[],"class_list":["post-16719","post","type-post","status-publish","format-standard","has-post-thumbnail","hentry","category-actualidad"],"acf":[],"aioseo_notices":[],"yoast_head":"<!-- This site is optimized with the Yoast SEO Premium plugin v24.9 (Yoast SEO v27.2) - https:\/\/yoast.com\/product\/yoast-seo-premium-wordpress\/ -->\n<title>FAO advierte que si no llega m\u00e1s financiaci\u00f3n enfrentaremos una crisis alimentarias sin precedentes - Ecuador | Noti-America.com<\/title>\n<meta name=\"robots\" content=\"index, follow, max-snippet:-1, max-image-preview:large, max-video-preview:-1\" \/>\n<link rel=\"canonical\" href=\"https:\/\/noti-america.com\/site\/ecuador\/2021\/10\/05\/fao-advierte-que-si-no-llega-mas-financiacion-enfrentaremos-una-crisis-alimentarias-sin-precedentes\/\" \/>\n<meta property=\"og:locale\" content=\"es_ES\" \/>\n<meta property=\"og:type\" content=\"article\" \/>\n<meta property=\"og:title\" content=\"FAO advierte que si no llega m\u00e1s financiaci\u00f3n enfrentaremos una crisis alimentarias sin precedentes\" \/>\n<meta property=\"og:description\" content=\"REDACCI\u00d3N NOTI AM\u00c9RICA (ECUADOR) El organismo de la ONU especializado en la erradicaci\u00f3n del hambre se\u00f1al\u00f3 que m\u00e1s de 500.000 personas en Etiop\u00eda, Madagascar, Sud\u00e1n del Sur y Yemen sufren actualmente una inseguridad alimentaria&#046;&#046;&#046;\" \/>\n<meta property=\"og:url\" content=\"https:\/\/noti-america.com\/site\/ecuador\/2021\/10\/05\/fao-advierte-que-si-no-llega-mas-financiacion-enfrentaremos-una-crisis-alimentarias-sin-precedentes\/\" \/>\n<meta property=\"og:site_name\" content=\"Ecuador | Noti-America.com\" \/>\n<meta property=\"article:published_time\" content=\"2021-10-05T02:03:26+00:00\" \/>\n<meta property=\"article:modified_time\" content=\"2021-10-05T02:13:13+00:00\" \/>\n<meta property=\"og:image\" content=\"https:\/\/noti-america.com\/site\/ecuador\/wp-content\/uploads\/sites\/18\/2021\/10\/\u00a9-PMA-Tsiory-Andriantsoarana.jpg\" \/>\n\t<meta property=\"og:image:width\" content=\"1170\" \/>\n\t<meta property=\"og:image:height\" content=\"530\" \/>\n\t<meta property=\"og:image:type\" content=\"image\/jpeg\" \/>\n<meta name=\"author\" content=\"Gregory Quintana Montiel\" \/>\n<meta name=\"twitter:card\" content=\"summary_large_image\" \/>\n<meta name=\"twitter:creator\" content=\"@gdgregori1\" \/>\n<meta name=\"twitter:site\" content=\"@notiamerica\" \/>\n<meta name=\"twitter:label1\" content=\"Escrito por\" \/>\n\t<meta name=\"twitter:data1\" content=\"Gregory Quintana Montiel\" \/>\n\t<meta name=\"twitter:label2\" content=\"Tiempo estimado de lectura\" \/>\n\t<meta name=\"twitter:data2\" content=\"4 minutos\" \/>\n<script type=\"application\/ld+json\" class=\"yoast-schema-graph\">{\"@context\":\"https:\/\/schema.org\",\"@graph\":[{\"@type\":\"Article\",\"@id\":\"https:\/\/noti-america.com\/site\/ecuador\/2021\/10\/05\/fao-advierte-que-si-no-llega-mas-financiacion-enfrentaremos-una-crisis-alimentarias-sin-precedentes\/#article\",\"isPartOf\":{\"@id\":\"https:\/\/noti-america.com\/site\/ecuador\/2021\/10\/05\/fao-advierte-que-si-no-llega-mas-financiacion-enfrentaremos-una-crisis-alimentarias-sin-precedentes\/\"},\"author\":{\"name\":\"Gregory Quintana Montiel\",\"@id\":\"https:\/\/noti-america.com\/site\/ecuador\/#\/schema\/person\/3b975e42f15abfe64bfe3abdd916efda\"},\"headline\":\"FAO advierte que si no llega m\u00e1s financiaci\u00f3n enfrentaremos una crisis alimentarias sin precedentes\",\"datePublished\":\"2021-10-05T02:03:26+00:00\",\"dateModified\":\"2021-10-05T02:13:13+00:00\",\"mainEntityOfPage\":{\"@id\":\"https:\/\/noti-america.com\/site\/ecuador\/2021\/10\/05\/fao-advierte-que-si-no-llega-mas-financiacion-enfrentaremos-una-crisis-alimentarias-sin-precedentes\/\"},\"wordCount\":708,\"commentCount\":0,\"publisher\":{\"@id\":\"https:\/\/noti-america.com\/site\/ecuador\/#organization\"},\"image\":{\"@id\":\"https:\/\/noti-america.com\/site\/ecuador\/2021\/10\/05\/fao-advierte-que-si-no-llega-mas-financiacion-enfrentaremos-una-crisis-alimentarias-sin-precedentes\/#primaryimage\"},\"thumbnailUrl\":\"https:\/\/noti-america.com\/site\/ecuador\/wp-content\/uploads\/sites\/18\/2021\/10\/\u00a9-PMA-Tsiory-Andriantsoarana.jpg\",\"articleSection\":[\"Actualidad\"],\"inLanguage\":\"es\",\"potentialAction\":[{\"@type\":\"CommentAction\",\"name\":\"Comment\",\"target\":[\"https:\/\/noti-america.com\/site\/ecuador\/2021\/10\/05\/fao-advierte-que-si-no-llega-mas-financiacion-enfrentaremos-una-crisis-alimentarias-sin-precedentes\/#respond\"]}]},{\"@type\":\"WebPage\",\"@id\":\"https:\/\/noti-america.com\/site\/ecuador\/2021\/10\/05\/fao-advierte-que-si-no-llega-mas-financiacion-enfrentaremos-una-crisis-alimentarias-sin-precedentes\/\",\"url\":\"https:\/\/noti-america.com\/site\/ecuador\/2021\/10\/05\/fao-advierte-que-si-no-llega-mas-financiacion-enfrentaremos-una-crisis-alimentarias-sin-precedentes\/\",\"name\":\"FAO advierte que si no llega m\u00e1s financiaci\u00f3n enfrentaremos una crisis alimentarias sin precedentes - Ecuador | Noti-America.com\",\"isPartOf\":{\"@id\":\"https:\/\/noti-america.com\/site\/ecuador\/#website\"},\"primaryImageOfPage\":{\"@id\":\"https:\/\/noti-america.com\/site\/ecuador\/2021\/10\/05\/fao-advierte-que-si-no-llega-mas-financiacion-enfrentaremos-una-crisis-alimentarias-sin-precedentes\/#primaryimage\"},\"image\":{\"@id\":\"https:\/\/noti-america.com\/site\/ecuador\/2021\/10\/05\/fao-advierte-que-si-no-llega-mas-financiacion-enfrentaremos-una-crisis-alimentarias-sin-precedentes\/#primaryimage\"},\"thumbnailUrl\":\"https:\/\/noti-america.com\/site\/ecuador\/wp-content\/uploads\/sites\/18\/2021\/10\/\u00a9-PMA-Tsiory-Andriantsoarana.jpg\",\"datePublished\":\"2021-10-05T02:03:26+00:00\",\"dateModified\":\"2021-10-05T02:13:13+00:00\",\"breadcrumb\":{\"@id\":\"https:\/\/noti-america.com\/site\/ecuador\/2021\/10\/05\/fao-advierte-que-si-no-llega-mas-financiacion-enfrentaremos-una-crisis-alimentarias-sin-precedentes\/#breadcrumb\"},\"inLanguage\":\"es\",\"potentialAction\":[{\"@type\":\"ReadAction\",\"target\":[\"https:\/\/noti-america.com\/site\/ecuador\/2021\/10\/05\/fao-advierte-que-si-no-llega-mas-financiacion-enfrentaremos-una-crisis-alimentarias-sin-precedentes\/\"]}]},{\"@type\":\"ImageObject\",\"inLanguage\":\"es\",\"@id\":\"https:\/\/noti-america.com\/site\/ecuador\/2021\/10\/05\/fao-advierte-que-si-no-llega-mas-financiacion-enfrentaremos-una-crisis-alimentarias-sin-precedentes\/#primaryimage\",\"url\":\"https:\/\/noti-america.com\/site\/ecuador\/wp-content\/uploads\/sites\/18\/2021\/10\/\u00a9-PMA-Tsiory-Andriantsoarana.jpg\",\"contentUrl\":\"https:\/\/noti-america.com\/site\/ecuador\/wp-content\/uploads\/sites\/18\/2021\/10\/\u00a9-PMA-Tsiory-Andriantsoarana.jpg\",\"width\":1170,\"height\":530},{\"@type\":\"BreadcrumbList\",\"@id\":\"https:\/\/noti-america.com\/site\/ecuador\/2021\/10\/05\/fao-advierte-que-si-no-llega-mas-financiacion-enfrentaremos-una-crisis-alimentarias-sin-precedentes\/#breadcrumb\",\"itemListElement\":[{\"@type\":\"ListItem\",\"position\":1,\"name\":\"Portada\",\"item\":\"https:\/\/noti-america.com\/site\/ecuador\/\"},{\"@type\":\"ListItem\",\"position\":2,\"name\":\"FAO advierte que si no llega m\u00e1s financiaci\u00f3n enfrentaremos una crisis alimentarias sin precedentes\"}]},{\"@type\":\"WebSite\",\"@id\":\"https:\/\/noti-america.com\/site\/ecuador\/#website\",\"url\":\"https:\/\/noti-america.com\/site\/ecuador\/\",\"name\":\"Ecuador | Noti-America.com\",\"description\":\"\",\"publisher\":{\"@id\":\"https:\/\/noti-america.com\/site\/ecuador\/#organization\"},\"potentialAction\":[{\"@type\":\"SearchAction\",\"target\":{\"@type\":\"EntryPoint\",\"urlTemplate\":\"https:\/\/noti-america.com\/site\/ecuador\/?s={search_term_string}\"},\"query-input\":{\"@type\":\"PropertyValueSpecification\",\"valueRequired\":true,\"valueName\":\"search_term_string\"}}],\"inLanguage\":\"es\"},{\"@type\":\"Organization\",\"@id\":\"https:\/\/noti-america.com\/site\/ecuador\/#organization\",\"name\":\"Noti-America LLC | Ecuador\",\"url\":\"https:\/\/noti-america.com\/site\/ecuador\/\",\"logo\":{\"@type\":\"ImageObject\",\"inLanguage\":\"es\",\"@id\":\"https:\/\/noti-america.com\/site\/ecuador\/#\/schema\/logo\/image\/\",\"url\":\"https:\/\/noti-america.com\/site\/ecuador\/wp-content\/uploads\/sites\/18\/2020\/07\/LogoNA-4x3-1.jpg\",\"contentUrl\":\"https:\/\/noti-america.com\/site\/ecuador\/wp-content\/uploads\/sites\/18\/2020\/07\/LogoNA-4x3-1.jpg\",\"width\":1236,\"height\":1080,\"caption\":\"Noti-America LLC | Ecuador\"},\"image\":{\"@id\":\"https:\/\/noti-america.com\/site\/ecuador\/#\/schema\/logo\/image\/\"},\"sameAs\":[\"https:\/\/x.com\/notiamerica\"]},{\"@type\":\"Person\",\"@id\":\"https:\/\/noti-america.com\/site\/ecuador\/#\/schema\/person\/3b975e42f15abfe64bfe3abdd916efda\",\"name\":\"Gregory Quintana Montiel\",\"image\":{\"@type\":\"ImageObject\",\"inLanguage\":\"es\",\"@id\":\"https:\/\/secure.gravatar.com\/avatar\/2d6b802f7720c2ec7744dcbe608cc2f3417aeb964d58b443c6d612b77531de1d?s=96&d=mm&r=g\",\"url\":\"https:\/\/secure.gravatar.com\/avatar\/2d6b802f7720c2ec7744dcbe608cc2f3417aeb964d58b443c6d612b77531de1d?s=96&d=mm&r=g\",\"contentUrl\":\"https:\/\/secure.gravatar.com\/avatar\/2d6b802f7720c2ec7744dcbe608cc2f3417aeb964d58b443c6d612b77531de1d?s=96&d=mm&r=g\",\"caption\":\"Gregory Quintana Montiel\"},\"description\":\"Licenciatura en Ciencias de la Comunicaci\u00f3n Social, egresado en la Especializaci\u00f3n Derecho Ambiental Desarrollo Sostenible y Sustentable, Miembro de la Comunidad de profesionales y experto para Latinoam\u00e9rica y el Caribe en Gesti\u00f3n por Resultado en el Desarrollo (COPLAC - GpRD) del Banco Interamericano de Desarrollo, experiencia en medios radiales y escritos.\",\"sameAs\":[\"https:\/\/x.com\/gdgregori1\",\"gquintana\"],\"url\":\"https:\/\/noti-america.com\/site\/ecuador\/author\/gquintana\/\"}]}<\/script>\n<!-- \/ Yoast SEO Premium plugin. -->","yoast_head_json":{"title":"FAO advierte que si no llega m\u00e1s financiaci\u00f3n enfrentaremos una crisis alimentarias sin precedentes - Ecuador | Noti-America.com","robots":{"index":"index","follow":"follow","max-snippet":"max-snippet:-1","max-image-preview":"max-image-preview:large","max-video-preview":"max-video-preview:-1"},"canonical":"https:\/\/noti-america.com\/site\/ecuador\/2021\/10\/05\/fao-advierte-que-si-no-llega-mas-financiacion-enfrentaremos-una-crisis-alimentarias-sin-precedentes\/","og_locale":"es_ES","og_type":"article","og_title":"FAO advierte que si no llega m\u00e1s financiaci\u00f3n enfrentaremos una crisis alimentarias sin precedentes","og_description":"REDACCI\u00d3N NOTI AM\u00c9RICA (ECUADOR) El organismo de la ONU especializado en la erradicaci\u00f3n del hambre se\u00f1al\u00f3 que m\u00e1s de 500.000 personas en Etiop\u00eda, Madagascar, Sud\u00e1n del Sur y Yemen sufren actualmente una inseguridad alimentaria&#46;&#46;&#46;","og_url":"https:\/\/noti-america.com\/site\/ecuador\/2021\/10\/05\/fao-advierte-que-si-no-llega-mas-financiacion-enfrentaremos-una-crisis-alimentarias-sin-precedentes\/","og_site_name":"Ecuador | Noti-America.com","article_published_time":"2021-10-05T02:03:26+00:00","article_modified_time":"2021-10-05T02:13:13+00:00","og_image":[{"width":1170,"height":530,"url":"https:\/\/noti-america.com\/site\/ecuador\/wp-content\/uploads\/sites\/18\/2021\/10\/\u00a9-PMA-Tsiory-Andriantsoarana.jpg","type":"image\/jpeg"}],"author":"Gregory Quintana Montiel","twitter_card":"summary_large_image","twitter_creator":"@gdgregori1","twitter_site":"@notiamerica","twitter_misc":{"Escrito por":"Gregory Quintana Montiel","Tiempo estimado de lectura":"4 minutos"},"schema":{"@context":"https:\/\/schema.org","@graph":[{"@type":"Article","@id":"https:\/\/noti-america.com\/site\/ecuador\/2021\/10\/05\/fao-advierte-que-si-no-llega-mas-financiacion-enfrentaremos-una-crisis-alimentarias-sin-precedentes\/#article","isPartOf":{"@id":"https:\/\/noti-america.com\/site\/ecuador\/2021\/10\/05\/fao-advierte-que-si-no-llega-mas-financiacion-enfrentaremos-una-crisis-alimentarias-sin-precedentes\/"},"author":{"name":"Gregory Quintana Montiel","@id":"https:\/\/noti-america.com\/site\/ecuador\/#\/schema\/person\/3b975e42f15abfe64bfe3abdd916efda"},"headline":"FAO advierte que si no llega m\u00e1s financiaci\u00f3n enfrentaremos una crisis alimentarias sin precedentes","datePublished":"2021-10-05T02:03:26+00:00","dateModified":"2021-10-05T02:13:13+00:00","mainEntityOfPage":{"@id":"https:\/\/noti-america.com\/site\/ecuador\/2021\/10\/05\/fao-advierte-que-si-no-llega-mas-financiacion-enfrentaremos-una-crisis-alimentarias-sin-precedentes\/"},"wordCount":708,"commentCount":0,"publisher":{"@id":"https:\/\/noti-america.com\/site\/ecuador\/#organization"},"image":{"@id":"https:\/\/noti-america.com\/site\/ecuador\/2021\/10\/05\/fao-advierte-que-si-no-llega-mas-financiacion-enfrentaremos-una-crisis-alimentarias-sin-precedentes\/#primaryimage"},"thumbnailUrl":"https:\/\/noti-america.com\/site\/ecuador\/wp-content\/uploads\/sites\/18\/2021\/10\/\u00a9-PMA-Tsiory-Andriantsoarana.jpg","articleSection":["Actualidad"],"inLanguage":"es","potentialAction":[{"@type":"CommentAction","name":"Comment","target":["https:\/\/noti-america.com\/site\/ecuador\/2021\/10\/05\/fao-advierte-que-si-no-llega-mas-financiacion-enfrentaremos-una-crisis-alimentarias-sin-precedentes\/#respond"]}]},{"@type":"WebPage","@id":"https:\/\/noti-america.com\/site\/ecuador\/2021\/10\/05\/fao-advierte-que-si-no-llega-mas-financiacion-enfrentaremos-una-crisis-alimentarias-sin-precedentes\/","url":"https:\/\/noti-america.com\/site\/ecuador\/2021\/10\/05\/fao-advierte-que-si-no-llega-mas-financiacion-enfrentaremos-una-crisis-alimentarias-sin-precedentes\/","name":"FAO advierte que si no llega m\u00e1s financiaci\u00f3n enfrentaremos una crisis alimentarias sin precedentes - Ecuador | Noti-America.com","isPartOf":{"@id":"https:\/\/noti-america.com\/site\/ecuador\/#website"},"primaryImageOfPage":{"@id":"https:\/\/noti-america.com\/site\/ecuador\/2021\/10\/05\/fao-advierte-que-si-no-llega-mas-financiacion-enfrentaremos-una-crisis-alimentarias-sin-precedentes\/#primaryimage"},"image":{"@id":"https:\/\/noti-america.com\/site\/ecuador\/2021\/10\/05\/fao-advierte-que-si-no-llega-mas-financiacion-enfrentaremos-una-crisis-alimentarias-sin-precedentes\/#primaryimage"},"thumbnailUrl":"https:\/\/noti-america.com\/site\/ecuador\/wp-content\/uploads\/sites\/18\/2021\/10\/\u00a9-PMA-Tsiory-Andriantsoarana.jpg","datePublished":"2021-10-05T02:03:26+00:00","dateModified":"2021-10-05T02:13:13+00:00","breadcrumb":{"@id":"https:\/\/noti-america.com\/site\/ecuador\/2021\/10\/05\/fao-advierte-que-si-no-llega-mas-financiacion-enfrentaremos-una-crisis-alimentarias-sin-precedentes\/#breadcrumb"},"inLanguage":"es","potentialAction":[{"@type":"ReadAction","target":["https:\/\/noti-america.com\/site\/ecuador\/2021\/10\/05\/fao-advierte-que-si-no-llega-mas-financiacion-enfrentaremos-una-crisis-alimentarias-sin-precedentes\/"]}]},{"@type":"ImageObject","inLanguage":"es","@id":"https:\/\/noti-america.com\/site\/ecuador\/2021\/10\/05\/fao-advierte-que-si-no-llega-mas-financiacion-enfrentaremos-una-crisis-alimentarias-sin-precedentes\/#primaryimage","url":"https:\/\/noti-america.com\/site\/ecuador\/wp-content\/uploads\/sites\/18\/2021\/10\/\u00a9-PMA-Tsiory-Andriantsoarana.jpg","contentUrl":"https:\/\/noti-america.com\/site\/ecuador\/wp-content\/uploads\/sites\/18\/2021\/10\/\u00a9-PMA-Tsiory-Andriantsoarana.jpg","width":1170,"height":530},{"@type":"BreadcrumbList","@id":"https:\/\/noti-america.com\/site\/ecuador\/2021\/10\/05\/fao-advierte-que-si-no-llega-mas-financiacion-enfrentaremos-una-crisis-alimentarias-sin-precedentes\/#breadcrumb","itemListElement":[{"@type":"ListItem","position":1,"name":"Portada","item":"https:\/\/noti-america.com\/site\/ecuador\/"},{"@type":"ListItem","position":2,"name":"FAO advierte que si no llega m\u00e1s financiaci\u00f3n enfrentaremos una crisis alimentarias sin precedentes"}]},{"@type":"WebSite","@id":"https:\/\/noti-america.com\/site\/ecuador\/#website","url":"https:\/\/noti-america.com\/site\/ecuador\/","name":"Ecuador | Noti-America.com","description":"","publisher":{"@id":"https:\/\/noti-america.com\/site\/ecuador\/#organization"},"potentialAction":[{"@type":"SearchAction","target":{"@type":"EntryPoint","urlTemplate":"https:\/\/noti-america.com\/site\/ecuador\/?s={search_term_string}"},"query-input":{"@type":"PropertyValueSpecification","valueRequired":true,"valueName":"search_term_string"}}],"inLanguage":"es"},{"@type":"Organization","@id":"https:\/\/noti-america.com\/site\/ecuador\/#organization","name":"Noti-America LLC | Ecuador","url":"https:\/\/noti-america.com\/site\/ecuador\/","logo":{"@type":"ImageObject","inLanguage":"es","@id":"https:\/\/noti-america.com\/site\/ecuador\/#\/schema\/logo\/image\/","url":"https:\/\/noti-america.com\/site\/ecuador\/wp-content\/uploads\/sites\/18\/2020\/07\/LogoNA-4x3-1.jpg","contentUrl":"https:\/\/noti-america.com\/site\/ecuador\/wp-content\/uploads\/sites\/18\/2020\/07\/LogoNA-4x3-1.jpg","width":1236,"height":1080,"caption":"Noti-America LLC | Ecuador"},"image":{"@id":"https:\/\/noti-america.com\/site\/ecuador\/#\/schema\/logo\/image\/"},"sameAs":["https:\/\/x.com\/notiamerica"]},{"@type":"Person","@id":"https:\/\/noti-america.com\/site\/ecuador\/#\/schema\/person\/3b975e42f15abfe64bfe3abdd916efda","name":"Gregory Quintana Montiel","image":{"@type":"ImageObject","inLanguage":"es","@id":"https:\/\/secure.gravatar.com\/avatar\/2d6b802f7720c2ec7744dcbe608cc2f3417aeb964d58b443c6d612b77531de1d?s=96&d=mm&r=g","url":"https:\/\/secure.gravatar.com\/avatar\/2d6b802f7720c2ec7744dcbe608cc2f3417aeb964d58b443c6d612b77531de1d?s=96&d=mm&r=g","contentUrl":"https:\/\/secure.gravatar.com\/avatar\/2d6b802f7720c2ec7744dcbe608cc2f3417aeb964d58b443c6d612b77531de1d?s=96&d=mm&r=g","caption":"Gregory Quintana Montiel"},"description":"Licenciatura en Ciencias de la Comunicaci\u00f3n Social, egresado en la Especializaci\u00f3n Derecho Ambiental Desarrollo Sostenible y Sustentable, Miembro de la Comunidad de profesionales y experto para Latinoam\u00e9rica y el Caribe en Gesti\u00f3n por Resultado en el Desarrollo (COPLAC - GpRD) del Banco Interamericano de Desarrollo, experiencia en medios radiales y escritos.","sameAs":["https:\/\/x.com\/gdgregori1","gquintana"],"url":"https:\/\/noti-america.com\/site\/ecuador\/author\/gquintana\/"}]}},"_links":{"self":[{"href":"https:\/\/noti-america.com\/site\/ecuador\/wp-json\/wp\/v2\/posts\/16719","targetHints":{"allow":["GET"]}}],"collection":[{"href":"https:\/\/noti-america.com\/site\/ecuador\/wp-json\/wp\/v2\/posts"}],"about":[{"href":"https:\/\/noti-america.com\/site\/ecuador\/wp-json\/wp\/v2\/types\/post"}],"author":[{"embeddable":true,"href":"https:\/\/noti-america.com\/site\/ecuador\/wp-json\/wp\/v2\/users\/17"}],"replies":[{"embeddable":true,"href":"https:\/\/noti-america.com\/site\/ecuador\/wp-json\/wp\/v2\/comments?post=16719"}],"version-history":[{"count":2,"href":"https:\/\/noti-america.com\/site\/ecuador\/wp-json\/wp\/v2\/posts\/16719\/revisions"}],"predecessor-version":[{"id":16722,"href":"https:\/\/noti-america.com\/site\/ecuador\/wp-json\/wp\/v2\/posts\/16719\/revisions\/16722"}],"wp:featuredmedia":[{"embeddable":true,"href":"https:\/\/noti-america.com\/site\/ecuador\/wp-json\/wp\/v2\/media\/16720"}],"wp:attachment":[{"href":"https:\/\/noti-america.com\/site\/ecuador\/wp-json\/wp\/v2\/media?parent=16719"}],"wp:term":[{"taxonomy":"category","embeddable":true,"href":"https:\/\/noti-america.com\/site\/ecuador\/wp-json\/wp\/v2\/categories?post=16719"},{"taxonomy":"post_tag","embeddable":true,"href":"https:\/\/noti-america.com\/site\/ecuador\/wp-json\/wp\/v2\/tags?post=16719"}],"curies":[{"name":"wp","href":"https:\/\/api.w.org\/{rel}","templated":true}]}}