{"id":16691,"date":"2021-10-04T00:36:41","date_gmt":"2021-10-04T00:36:41","guid":{"rendered":"https:\/\/noti-america.com\/site\/ecuador\/?p=16691"},"modified":"2021-10-04T00:36:41","modified_gmt":"2021-10-04T00:36:41","slug":"guayaquil-te-invita-a-celebra-sus-201-anos-de-independencia","status":"publish","type":"post","link":"https:\/\/noti-america.com\/site\/ecuador\/2021\/10\/04\/guayaquil-te-invita-a-celebra-sus-201-anos-de-independencia\/","title":{"rendered":"Guayaquil te invita a celebra sus 201 a\u00f1os de independencia"},"content":{"rendered":"<p>REDACCI\u00d3N NOTI AM\u00c9RICA (ECUADOR)<\/p>\n<div style=\"width: 1034px\" class=\"wp-caption alignnone\"><img loading=\"lazy\" decoding=\"async\" src=\"https:\/\/maleconinn.com\/wp-content\/uploads\/2020\/11\/cosas-que-hacer-en-el-malecon-de-guayaquil-1024x1024-1.jpg\" alt=\"septiembre archivos - P\u00e1gina 3 de 6 - Malec\u00f3n Inn\" width=\"1024\" height=\"1024\" \/><p class=\"wp-caption-text\">la Perla- imagen tomada de internet<\/p><\/div>\n<p style=\"text-align: justify\">Guayaquil, la ciudad del r\u00edo grande, de gente valiente y aguerrida, de bellas palmeras y paisaje ideal est\u00e1 pr\u00f3xima a celebrar el 9 de octubre sus 201 a\u00f1os de independencia.<\/p>\n<p style=\"text-align: justify\">A prop\u00f3sito de esta conmemoraci\u00f3n, Ecuador vivir\u00e1 un feriado nacional de tres d\u00edas, que iniciar\u00e1 el viernes 8 y se extender\u00e1 hasta el domingo 9 de octubre. Estos d\u00edas de descanso no ser\u00e1n recuperables.<\/p>\n<p style=\"text-align: justify\">La \u201cPerla del Pac\u00edfico\u201d, como se la conoce, es m\u00e1s que una ciudad, es la capital econ\u00f3mica del pa\u00eds y el hogar de hermosos atractivos tur\u00edsticos que la engalanan.<\/p>\n<p style=\"text-align: justify\">Para celebrar a la ciudad se ha preparado una agenda de actividades variada, con eventos culturales, art\u00edsticos y gastron\u00f3micos para el regocijo de su gente, todos contemplados con las respectivas normas de bioseguridad. Pregones, embanderamiento de la ciudad, maratones, festivales y otros actos ser\u00e1n parte de esta\u00a0<a href=\"https:\/\/www.metroecuador.com.ec\/actualidad\/2021\/09\/28\/agenda-2021-de-las-fiestas-octubrinas-de-guayaquil\/\" target=\"_blank\" rel=\"noopener\">agenda.\u00a0<\/a><\/p>\n<ul style=\"text-align: justify\">\n<li><strong>Feria Gastron\u00f3mica Ra\u00edces<\/strong>: por octava ocasi\u00f3n se desarrollar\u00e1 en el Centro de Convenciones (antiguo aeropuerto) este 7 de octubre desde las 10h00 hasta las 21h00. Aqu\u00ed participar\u00e1n 27 huecas con sus platos tradicionales. El p\u00fablico podr\u00e1\u00a0 disfrutar de deliciosos platos t\u00edpicos de la ciudad y el pa\u00eds.<\/li>\n<li><strong>Festival Musical:\u00a0<\/strong>el s\u00e1bado 9 de octubre, en la Plaza Olmedo del Malec\u00f3n Sim\u00f3n Bol\u00edvar, se vivir\u00e1 un festival art\u00edstico; mientras que el jueves 14 de octubre, en la Plaza Centenario, se presentar\u00e1 la Orquesta Sinf\u00f3nica Juvenil, bajo la direcci\u00f3n del maestro Patricio Jaramillo, que interpretar\u00e1 canciones guayaquile\u00f1as en honor a sus fiestas.<\/li>\n<\/ul>\n<p style=\"text-align: justify\">Para hacer turismo las familias y visitantes podr\u00e1n recorrer algunos de los\u00a0<strong>malecones<\/strong>\u00a0y disfrutar de hermosos paisajes y jardines como: el circuito del Estero Salado, el Malec\u00f3n del Puerto Morro, el Malec\u00f3n de Pascuales, Malec\u00f3n 2000, entre otros.<\/p>\n<p style=\"text-align: justify\">Otra opci\u00f3n es tomar un viaje en\u00a0<strong>La Perla<\/strong>, una rueda gigante con 57 metros de altura, la m\u00e1s grande del Ecuador y la m\u00e1s alta de Sudam\u00e9rica. Esta aventura te permitir\u00e1 gozar de una una experiencia \u00fanica e incomparable a orillas del R\u00edo Guayas y cerca del Cerro Santa Ana, uno de los sectores m\u00e1s ic\u00f3nicos y emblem\u00e1ticos de la ciudad. Este atractivo tur\u00edstico se encuentra abierto todos los d\u00edas de la semana.<\/p>\n<p style=\"text-align: justify\">La comunidad tambi\u00e9n podr\u00e1 recorrer el barrio tradicional\u00a0<strong>Las Pe\u00f1as<\/strong>, de calles empedradas que se remontan a la \u00e9poca colonial. Aqu\u00ed se encuentran galer\u00edas de arte con exposiciones permanentes, la mayor\u00eda de autores guayaquile\u00f1os y ecuatorianos.<\/p>\n<p style=\"text-align: justify\">Los\u00a0<strong>museos<\/strong>\u00a0tambi\u00e9n son una buena opci\u00f3n para redescubrir a la ciudad. El Museo Antropol\u00f3gico y de Arte Contempor\u00e1neo (MAAC), ubicado en el Malec\u00f3n\u00a0 2000, guarda en su interior una reserva hist\u00f3rica de 50 mil piezas arqueol\u00f3gicas de la \u00e9poca precolombina de la costa ecuatoriana.<\/p>\n<p style=\"text-align: justify\">El Museo Nahim Isa\u00edas, ubicado en la Plaza de la Administraci\u00f3n, es otro lugar emblem\u00e1tico que guarda mucha\u00a0 historia y colecciones de arte colonial.<\/p>\n<p style=\"text-align: justify\">Cultura, gastronom\u00eda y m\u00e1s son las opciones que los ecuatorianos tienen durante las fiestas octubrinas. Disfrutemos de estas actividades siguiendo todos los protocolos de bioseguridad\u00a0 y digamos juntos \u00a1<strong>Viva Guayaquil\u00a1<\/strong><\/p>\n","protected":false},"excerpt":{"rendered":"<p>REDACCI\u00d3N NOTI AM\u00c9RICA (ECUADOR) Guayaquil, la ciudad del r\u00edo grande, de gente valiente y aguerrida, de bellas palmeras y paisaje ideal est\u00e1 pr\u00f3xima a celebrar el 9 de octubre sus 201 a\u00f1os de independencia.&#46;&#46;&#46;<\/p>\n","protected":false},"author":17,"featured_media":16692,"comment_status":"open","ping_status":"open","sticky":false,"template":"","format":"standard","meta":{"_acf_changed":false,"om_disable_all_campaigns":false,"rop_custom_images_group":[],"rop_custom_messages_group":[],"rop_publish_now":"initial","rop_publish_now_accounts":{"twitter_242054905_242054905":""},"rop_publish_now_history":[],"rop_publish_now_status":"pending","_uf_show_specific_survey":0,"_uf_disable_surveys":false,"footnotes":""},"categories":[36],"tags":[],"class_list":["post-16691","post","type-post","status-publish","format-standard","has-post-thumbnail","hentry","category-turismo"],"acf":[],"aioseo_notices":[],"yoast_head":"<!-- This site is optimized with the Yoast SEO Premium plugin v24.9 (Yoast SEO v27.2) - https:\/\/yoast.com\/product\/yoast-seo-premium-wordpress\/ -->\n<title>Guayaquil te invita a celebra sus 201 a\u00f1os de independencia - Ecuador | Noti-America.com<\/title>\n<meta name=\"robots\" content=\"index, follow, max-snippet:-1, max-image-preview:large, max-video-preview:-1\" \/>\n<link rel=\"canonical\" href=\"https:\/\/noti-america.com\/site\/ecuador\/2021\/10\/04\/guayaquil-te-invita-a-celebra-sus-201-anos-de-independencia\/\" \/>\n<meta property=\"og:locale\" content=\"es_ES\" \/>\n<meta property=\"og:type\" content=\"article\" \/>\n<meta property=\"og:title\" content=\"Guayaquil te invita a celebra sus 201 a\u00f1os de independencia\" \/>\n<meta property=\"og:description\" content=\"REDACCI\u00d3N NOTI AM\u00c9RICA (ECUADOR) Guayaquil, la ciudad del r\u00edo grande, de gente valiente y aguerrida, de bellas palmeras y paisaje ideal est\u00e1 pr\u00f3xima a celebrar el 9 de octubre sus 201 a\u00f1os de independencia.&#046;&#046;&#046;\" \/>\n<meta property=\"og:url\" content=\"https:\/\/noti-america.com\/site\/ecuador\/2021\/10\/04\/guayaquil-te-invita-a-celebra-sus-201-anos-de-independencia\/\" \/>\n<meta property=\"og:site_name\" content=\"Ecuador | Noti-America.com\" \/>\n<meta property=\"article:published_time\" content=\"2021-10-04T00:36:41+00:00\" \/>\n<meta property=\"og:image\" content=\"https:\/\/noti-america.com\/site\/ecuador\/wp-content\/uploads\/sites\/18\/2021\/10\/Guayaquil-antiguo-y-moderno-imagen-tomada-de-internet.jpg\" \/>\n\t<meta property=\"og:image:width\" content=\"1280\" \/>\n\t<meta property=\"og:image:height\" content=\"720\" \/>\n\t<meta property=\"og:image:type\" content=\"image\/jpeg\" \/>\n<meta name=\"author\" content=\"Gregory Quintana Montiel\" \/>\n<meta name=\"twitter:card\" content=\"summary_large_image\" \/>\n<meta name=\"twitter:creator\" content=\"@gdgregori1\" \/>\n<meta name=\"twitter:site\" content=\"@notiamerica\" \/>\n<meta name=\"twitter:label1\" content=\"Escrito por\" \/>\n\t<meta name=\"twitter:data1\" content=\"Gregory Quintana Montiel\" \/>\n\t<meta name=\"twitter:label2\" content=\"Tiempo estimado de lectura\" \/>\n\t<meta name=\"twitter:data2\" content=\"3 minutos\" \/>\n<script type=\"application\/ld+json\" class=\"yoast-schema-graph\">{\"@context\":\"https:\/\/schema.org\",\"@graph\":[{\"@type\":\"Article\",\"@id\":\"https:\/\/noti-america.com\/site\/ecuador\/2021\/10\/04\/guayaquil-te-invita-a-celebra-sus-201-anos-de-independencia\/#article\",\"isPartOf\":{\"@id\":\"https:\/\/noti-america.com\/site\/ecuador\/2021\/10\/04\/guayaquil-te-invita-a-celebra-sus-201-anos-de-independencia\/\"},\"author\":{\"name\":\"Gregory Quintana Montiel\",\"@id\":\"https:\/\/noti-america.com\/site\/ecuador\/#\/schema\/person\/3b975e42f15abfe64bfe3abdd916efda\"},\"headline\":\"Guayaquil te invita a celebra sus 201 a\u00f1os de independencia\",\"datePublished\":\"2021-10-04T00:36:41+00:00\",\"mainEntityOfPage\":{\"@id\":\"https:\/\/noti-america.com\/site\/ecuador\/2021\/10\/04\/guayaquil-te-invita-a-celebra-sus-201-anos-de-independencia\/\"},\"wordCount\":567,\"commentCount\":0,\"publisher\":{\"@id\":\"https:\/\/noti-america.com\/site\/ecuador\/#organization\"},\"image\":{\"@id\":\"https:\/\/noti-america.com\/site\/ecuador\/2021\/10\/04\/guayaquil-te-invita-a-celebra-sus-201-anos-de-independencia\/#primaryimage\"},\"thumbnailUrl\":\"https:\/\/noti-america.com\/site\/ecuador\/wp-content\/uploads\/sites\/18\/2021\/10\/Guayaquil-antiguo-y-moderno-imagen-tomada-de-internet.jpg\",\"articleSection\":[\"Turismo\"],\"inLanguage\":\"es\",\"potentialAction\":[{\"@type\":\"CommentAction\",\"name\":\"Comment\",\"target\":[\"https:\/\/noti-america.com\/site\/ecuador\/2021\/10\/04\/guayaquil-te-invita-a-celebra-sus-201-anos-de-independencia\/#respond\"]}]},{\"@type\":\"WebPage\",\"@id\":\"https:\/\/noti-america.com\/site\/ecuador\/2021\/10\/04\/guayaquil-te-invita-a-celebra-sus-201-anos-de-independencia\/\",\"url\":\"https:\/\/noti-america.com\/site\/ecuador\/2021\/10\/04\/guayaquil-te-invita-a-celebra-sus-201-anos-de-independencia\/\",\"name\":\"Guayaquil te invita a celebra sus 201 a\u00f1os de independencia - Ecuador | Noti-America.com\",\"isPartOf\":{\"@id\":\"https:\/\/noti-america.com\/site\/ecuador\/#website\"},\"primaryImageOfPage\":{\"@id\":\"https:\/\/noti-america.com\/site\/ecuador\/2021\/10\/04\/guayaquil-te-invita-a-celebra-sus-201-anos-de-independencia\/#primaryimage\"},\"image\":{\"@id\":\"https:\/\/noti-america.com\/site\/ecuador\/2021\/10\/04\/guayaquil-te-invita-a-celebra-sus-201-anos-de-independencia\/#primaryimage\"},\"thumbnailUrl\":\"https:\/\/noti-america.com\/site\/ecuador\/wp-content\/uploads\/sites\/18\/2021\/10\/Guayaquil-antiguo-y-moderno-imagen-tomada-de-internet.jpg\",\"datePublished\":\"2021-10-04T00:36:41+00:00\",\"breadcrumb\":{\"@id\":\"https:\/\/noti-america.com\/site\/ecuador\/2021\/10\/04\/guayaquil-te-invita-a-celebra-sus-201-anos-de-independencia\/#breadcrumb\"},\"inLanguage\":\"es\",\"potentialAction\":[{\"@type\":\"ReadAction\",\"target\":[\"https:\/\/noti-america.com\/site\/ecuador\/2021\/10\/04\/guayaquil-te-invita-a-celebra-sus-201-anos-de-independencia\/\"]}]},{\"@type\":\"ImageObject\",\"inLanguage\":\"es\",\"@id\":\"https:\/\/noti-america.com\/site\/ecuador\/2021\/10\/04\/guayaquil-te-invita-a-celebra-sus-201-anos-de-independencia\/#primaryimage\",\"url\":\"https:\/\/noti-america.com\/site\/ecuador\/wp-content\/uploads\/sites\/18\/2021\/10\/Guayaquil-antiguo-y-moderno-imagen-tomada-de-internet.jpg\",\"contentUrl\":\"https:\/\/noti-america.com\/site\/ecuador\/wp-content\/uploads\/sites\/18\/2021\/10\/Guayaquil-antiguo-y-moderno-imagen-tomada-de-internet.jpg\",\"width\":1280,\"height\":720},{\"@type\":\"BreadcrumbList\",\"@id\":\"https:\/\/noti-america.com\/site\/ecuador\/2021\/10\/04\/guayaquil-te-invita-a-celebra-sus-201-anos-de-independencia\/#breadcrumb\",\"itemListElement\":[{\"@type\":\"ListItem\",\"position\":1,\"name\":\"Portada\",\"item\":\"https:\/\/noti-america.com\/site\/ecuador\/\"},{\"@type\":\"ListItem\",\"position\":2,\"name\":\"Guayaquil te invita a celebra sus 201 a\u00f1os de independencia\"}]},{\"@type\":\"WebSite\",\"@id\":\"https:\/\/noti-america.com\/site\/ecuador\/#website\",\"url\":\"https:\/\/noti-america.com\/site\/ecuador\/\",\"name\":\"Ecuador | Noti-America.com\",\"description\":\"\",\"publisher\":{\"@id\":\"https:\/\/noti-america.com\/site\/ecuador\/#organization\"},\"potentialAction\":[{\"@type\":\"SearchAction\",\"target\":{\"@type\":\"EntryPoint\",\"urlTemplate\":\"https:\/\/noti-america.com\/site\/ecuador\/?s={search_term_string}\"},\"query-input\":{\"@type\":\"PropertyValueSpecification\",\"valueRequired\":true,\"valueName\":\"search_term_string\"}}],\"inLanguage\":\"es\"},{\"@type\":\"Organization\",\"@id\":\"https:\/\/noti-america.com\/site\/ecuador\/#organization\",\"name\":\"Noti-America LLC | Ecuador\",\"url\":\"https:\/\/noti-america.com\/site\/ecuador\/\",\"logo\":{\"@type\":\"ImageObject\",\"inLanguage\":\"es\",\"@id\":\"https:\/\/noti-america.com\/site\/ecuador\/#\/schema\/logo\/image\/\",\"url\":\"https:\/\/noti-america.com\/site\/ecuador\/wp-content\/uploads\/sites\/18\/2020\/07\/LogoNA-4x3-1.jpg\",\"contentUrl\":\"https:\/\/noti-america.com\/site\/ecuador\/wp-content\/uploads\/sites\/18\/2020\/07\/LogoNA-4x3-1.jpg\",\"width\":1236,\"height\":1080,\"caption\":\"Noti-America LLC | Ecuador\"},\"image\":{\"@id\":\"https:\/\/noti-america.com\/site\/ecuador\/#\/schema\/logo\/image\/\"},\"sameAs\":[\"https:\/\/x.com\/notiamerica\"]},{\"@type\":\"Person\",\"@id\":\"https:\/\/noti-america.com\/site\/ecuador\/#\/schema\/person\/3b975e42f15abfe64bfe3abdd916efda\",\"name\":\"Gregory Quintana Montiel\",\"image\":{\"@type\":\"ImageObject\",\"inLanguage\":\"es\",\"@id\":\"https:\/\/secure.gravatar.com\/avatar\/2d6b802f7720c2ec7744dcbe608cc2f3417aeb964d58b443c6d612b77531de1d?s=96&d=mm&r=g\",\"url\":\"https:\/\/secure.gravatar.com\/avatar\/2d6b802f7720c2ec7744dcbe608cc2f3417aeb964d58b443c6d612b77531de1d?s=96&d=mm&r=g\",\"contentUrl\":\"https:\/\/secure.gravatar.com\/avatar\/2d6b802f7720c2ec7744dcbe608cc2f3417aeb964d58b443c6d612b77531de1d?s=96&d=mm&r=g\",\"caption\":\"Gregory Quintana Montiel\"},\"description\":\"Licenciatura en Ciencias de la Comunicaci\u00f3n Social, egresado en la Especializaci\u00f3n Derecho Ambiental Desarrollo Sostenible y Sustentable, Miembro de la Comunidad de profesionales y experto para Latinoam\u00e9rica y el Caribe en Gesti\u00f3n por Resultado en el Desarrollo (COPLAC - GpRD) del Banco Interamericano de Desarrollo, experiencia en medios radiales y escritos.\",\"sameAs\":[\"https:\/\/x.com\/gdgregori1\",\"gquintana\"],\"url\":\"https:\/\/noti-america.com\/site\/ecuador\/author\/gquintana\/\"}]}<\/script>\n<!-- \/ Yoast SEO Premium plugin. -->","yoast_head_json":{"title":"Guayaquil te invita a celebra sus 201 a\u00f1os de independencia - Ecuador | Noti-America.com","robots":{"index":"index","follow":"follow","max-snippet":"max-snippet:-1","max-image-preview":"max-image-preview:large","max-video-preview":"max-video-preview:-1"},"canonical":"https:\/\/noti-america.com\/site\/ecuador\/2021\/10\/04\/guayaquil-te-invita-a-celebra-sus-201-anos-de-independencia\/","og_locale":"es_ES","og_type":"article","og_title":"Guayaquil te invita a celebra sus 201 a\u00f1os de independencia","og_description":"REDACCI\u00d3N NOTI AM\u00c9RICA (ECUADOR) Guayaquil, la ciudad del r\u00edo grande, de gente valiente y aguerrida, de bellas palmeras y paisaje ideal est\u00e1 pr\u00f3xima a celebrar el 9 de octubre sus 201 a\u00f1os de independencia.&#46;&#46;&#46;","og_url":"https:\/\/noti-america.com\/site\/ecuador\/2021\/10\/04\/guayaquil-te-invita-a-celebra-sus-201-anos-de-independencia\/","og_site_name":"Ecuador | Noti-America.com","article_published_time":"2021-10-04T00:36:41+00:00","og_image":[{"width":1280,"height":720,"url":"https:\/\/noti-america.com\/site\/ecuador\/wp-content\/uploads\/sites\/18\/2021\/10\/Guayaquil-antiguo-y-moderno-imagen-tomada-de-internet.jpg","type":"image\/jpeg"}],"author":"Gregory Quintana Montiel","twitter_card":"summary_large_image","twitter_creator":"@gdgregori1","twitter_site":"@notiamerica","twitter_misc":{"Escrito por":"Gregory Quintana Montiel","Tiempo estimado de lectura":"3 minutos"},"schema":{"@context":"https:\/\/schema.org","@graph":[{"@type":"Article","@id":"https:\/\/noti-america.com\/site\/ecuador\/2021\/10\/04\/guayaquil-te-invita-a-celebra-sus-201-anos-de-independencia\/#article","isPartOf":{"@id":"https:\/\/noti-america.com\/site\/ecuador\/2021\/10\/04\/guayaquil-te-invita-a-celebra-sus-201-anos-de-independencia\/"},"author":{"name":"Gregory Quintana Montiel","@id":"https:\/\/noti-america.com\/site\/ecuador\/#\/schema\/person\/3b975e42f15abfe64bfe3abdd916efda"},"headline":"Guayaquil te invita a celebra sus 201 a\u00f1os de independencia","datePublished":"2021-10-04T00:36:41+00:00","mainEntityOfPage":{"@id":"https:\/\/noti-america.com\/site\/ecuador\/2021\/10\/04\/guayaquil-te-invita-a-celebra-sus-201-anos-de-independencia\/"},"wordCount":567,"commentCount":0,"publisher":{"@id":"https:\/\/noti-america.com\/site\/ecuador\/#organization"},"image":{"@id":"https:\/\/noti-america.com\/site\/ecuador\/2021\/10\/04\/guayaquil-te-invita-a-celebra-sus-201-anos-de-independencia\/#primaryimage"},"thumbnailUrl":"https:\/\/noti-america.com\/site\/ecuador\/wp-content\/uploads\/sites\/18\/2021\/10\/Guayaquil-antiguo-y-moderno-imagen-tomada-de-internet.jpg","articleSection":["Turismo"],"inLanguage":"es","potentialAction":[{"@type":"CommentAction","name":"Comment","target":["https:\/\/noti-america.com\/site\/ecuador\/2021\/10\/04\/guayaquil-te-invita-a-celebra-sus-201-anos-de-independencia\/#respond"]}]},{"@type":"WebPage","@id":"https:\/\/noti-america.com\/site\/ecuador\/2021\/10\/04\/guayaquil-te-invita-a-celebra-sus-201-anos-de-independencia\/","url":"https:\/\/noti-america.com\/site\/ecuador\/2021\/10\/04\/guayaquil-te-invita-a-celebra-sus-201-anos-de-independencia\/","name":"Guayaquil te invita a celebra sus 201 a\u00f1os de independencia - Ecuador | Noti-America.com","isPartOf":{"@id":"https:\/\/noti-america.com\/site\/ecuador\/#website"},"primaryImageOfPage":{"@id":"https:\/\/noti-america.com\/site\/ecuador\/2021\/10\/04\/guayaquil-te-invita-a-celebra-sus-201-anos-de-independencia\/#primaryimage"},"image":{"@id":"https:\/\/noti-america.com\/site\/ecuador\/2021\/10\/04\/guayaquil-te-invita-a-celebra-sus-201-anos-de-independencia\/#primaryimage"},"thumbnailUrl":"https:\/\/noti-america.com\/site\/ecuador\/wp-content\/uploads\/sites\/18\/2021\/10\/Guayaquil-antiguo-y-moderno-imagen-tomada-de-internet.jpg","datePublished":"2021-10-04T00:36:41+00:00","breadcrumb":{"@id":"https:\/\/noti-america.com\/site\/ecuador\/2021\/10\/04\/guayaquil-te-invita-a-celebra-sus-201-anos-de-independencia\/#breadcrumb"},"inLanguage":"es","potentialAction":[{"@type":"ReadAction","target":["https:\/\/noti-america.com\/site\/ecuador\/2021\/10\/04\/guayaquil-te-invita-a-celebra-sus-201-anos-de-independencia\/"]}]},{"@type":"ImageObject","inLanguage":"es","@id":"https:\/\/noti-america.com\/site\/ecuador\/2021\/10\/04\/guayaquil-te-invita-a-celebra-sus-201-anos-de-independencia\/#primaryimage","url":"https:\/\/noti-america.com\/site\/ecuador\/wp-content\/uploads\/sites\/18\/2021\/10\/Guayaquil-antiguo-y-moderno-imagen-tomada-de-internet.jpg","contentUrl":"https:\/\/noti-america.com\/site\/ecuador\/wp-content\/uploads\/sites\/18\/2021\/10\/Guayaquil-antiguo-y-moderno-imagen-tomada-de-internet.jpg","width":1280,"height":720},{"@type":"BreadcrumbList","@id":"https:\/\/noti-america.com\/site\/ecuador\/2021\/10\/04\/guayaquil-te-invita-a-celebra-sus-201-anos-de-independencia\/#breadcrumb","itemListElement":[{"@type":"ListItem","position":1,"name":"Portada","item":"https:\/\/noti-america.com\/site\/ecuador\/"},{"@type":"ListItem","position":2,"name":"Guayaquil te invita a celebra sus 201 a\u00f1os de independencia"}]},{"@type":"WebSite","@id":"https:\/\/noti-america.com\/site\/ecuador\/#website","url":"https:\/\/noti-america.com\/site\/ecuador\/","name":"Ecuador | Noti-America.com","description":"","publisher":{"@id":"https:\/\/noti-america.com\/site\/ecuador\/#organization"},"potentialAction":[{"@type":"SearchAction","target":{"@type":"EntryPoint","urlTemplate":"https:\/\/noti-america.com\/site\/ecuador\/?s={search_term_string}"},"query-input":{"@type":"PropertyValueSpecification","valueRequired":true,"valueName":"search_term_string"}}],"inLanguage":"es"},{"@type":"Organization","@id":"https:\/\/noti-america.com\/site\/ecuador\/#organization","name":"Noti-America LLC | Ecuador","url":"https:\/\/noti-america.com\/site\/ecuador\/","logo":{"@type":"ImageObject","inLanguage":"es","@id":"https:\/\/noti-america.com\/site\/ecuador\/#\/schema\/logo\/image\/","url":"https:\/\/noti-america.com\/site\/ecuador\/wp-content\/uploads\/sites\/18\/2020\/07\/LogoNA-4x3-1.jpg","contentUrl":"https:\/\/noti-america.com\/site\/ecuador\/wp-content\/uploads\/sites\/18\/2020\/07\/LogoNA-4x3-1.jpg","width":1236,"height":1080,"caption":"Noti-America LLC | Ecuador"},"image":{"@id":"https:\/\/noti-america.com\/site\/ecuador\/#\/schema\/logo\/image\/"},"sameAs":["https:\/\/x.com\/notiamerica"]},{"@type":"Person","@id":"https:\/\/noti-america.com\/site\/ecuador\/#\/schema\/person\/3b975e42f15abfe64bfe3abdd916efda","name":"Gregory Quintana Montiel","image":{"@type":"ImageObject","inLanguage":"es","@id":"https:\/\/secure.gravatar.com\/avatar\/2d6b802f7720c2ec7744dcbe608cc2f3417aeb964d58b443c6d612b77531de1d?s=96&d=mm&r=g","url":"https:\/\/secure.gravatar.com\/avatar\/2d6b802f7720c2ec7744dcbe608cc2f3417aeb964d58b443c6d612b77531de1d?s=96&d=mm&r=g","contentUrl":"https:\/\/secure.gravatar.com\/avatar\/2d6b802f7720c2ec7744dcbe608cc2f3417aeb964d58b443c6d612b77531de1d?s=96&d=mm&r=g","caption":"Gregory Quintana Montiel"},"description":"Licenciatura en Ciencias de la Comunicaci\u00f3n Social, egresado en la Especializaci\u00f3n Derecho Ambiental Desarrollo Sostenible y Sustentable, Miembro de la Comunidad de profesionales y experto para Latinoam\u00e9rica y el Caribe en Gesti\u00f3n por Resultado en el Desarrollo (COPLAC - GpRD) del Banco Interamericano de Desarrollo, experiencia en medios radiales y escritos.","sameAs":["https:\/\/x.com\/gdgregori1","gquintana"],"url":"https:\/\/noti-america.com\/site\/ecuador\/author\/gquintana\/"}]}},"_links":{"self":[{"href":"https:\/\/noti-america.com\/site\/ecuador\/wp-json\/wp\/v2\/posts\/16691","targetHints":{"allow":["GET"]}}],"collection":[{"href":"https:\/\/noti-america.com\/site\/ecuador\/wp-json\/wp\/v2\/posts"}],"about":[{"href":"https:\/\/noti-america.com\/site\/ecuador\/wp-json\/wp\/v2\/types\/post"}],"author":[{"embeddable":true,"href":"https:\/\/noti-america.com\/site\/ecuador\/wp-json\/wp\/v2\/users\/17"}],"replies":[{"embeddable":true,"href":"https:\/\/noti-america.com\/site\/ecuador\/wp-json\/wp\/v2\/comments?post=16691"}],"version-history":[{"count":1,"href":"https:\/\/noti-america.com\/site\/ecuador\/wp-json\/wp\/v2\/posts\/16691\/revisions"}],"predecessor-version":[{"id":16693,"href":"https:\/\/noti-america.com\/site\/ecuador\/wp-json\/wp\/v2\/posts\/16691\/revisions\/16693"}],"wp:featuredmedia":[{"embeddable":true,"href":"https:\/\/noti-america.com\/site\/ecuador\/wp-json\/wp\/v2\/media\/16692"}],"wp:attachment":[{"href":"https:\/\/noti-america.com\/site\/ecuador\/wp-json\/wp\/v2\/media?parent=16691"}],"wp:term":[{"taxonomy":"category","embeddable":true,"href":"https:\/\/noti-america.com\/site\/ecuador\/wp-json\/wp\/v2\/categories?post=16691"},{"taxonomy":"post_tag","embeddable":true,"href":"https:\/\/noti-america.com\/site\/ecuador\/wp-json\/wp\/v2\/tags?post=16691"}],"curies":[{"name":"wp","href":"https:\/\/api.w.org\/{rel}","templated":true}]}}