{"id":16679,"date":"2021-10-03T17:48:23","date_gmt":"2021-10-03T17:48:23","guid":{"rendered":"https:\/\/noti-america.com\/site\/ecuador\/?p=16679"},"modified":"2021-10-03T17:48:23","modified_gmt":"2021-10-03T17:48:23","slug":"10-riesgos-mas-grandes-del-mundo","status":"publish","type":"post","link":"https:\/\/noti-america.com\/site\/ecuador\/2021\/10\/03\/10-riesgos-mas-grandes-del-mundo\/","title":{"rendered":"10 riesgos m\u00e1s grandes del mundo"},"content":{"rendered":"<p>REDACCI\u00d3N NOTI AM\u00c9RICA (ECUADOR)<\/p>\n<p style=\"text-align: justify\"><em><strong>Un estudio reciente ha publicado cu\u00e1les son los riesgos m\u00e1s grandes del mundo de acuerdo con expertos y ciudadanos. \u00a1Te los compartimos!<\/strong><\/em><\/p>\n<div style=\"width: 820px\" class=\"wp-caption alignnone\"><img loading=\"lazy\" decoding=\"async\" src=\"https:\/\/www.expoknews.com\/wp-content\/uploads\/2021\/09\/riesgos-mundiales-810x456.jpg\" alt=\"riesgos mundiales\" width=\"810\" height=\"456\" \/><p class=\"wp-caption-text\">riesgos mundiales<\/p><\/div>\n<p style=\"text-align: justify\">Hablemos de los riesgos m\u00e1s grandes del mundo. El \u00faltimo a\u00f1o y medio ha sido excepcional al generar una movilizaci\u00f3n a nivel internacional. La pandemia ha hecho que los l\u00edderes mundiales, organizaciones y diversos sectores, as\u00ed como la sociedad misma impulse cambios sustanciales y enfrente desaf\u00edos imprevistos.<\/p>\n<p style=\"text-align: justify\">Aunado a ello, ha otorgado una severa advertencia sobre la\u00a0<strong>preparaci\u00f3n para los riesgos<\/strong>: debemos ser a\u00fan m\u00e1s conscientes de aquellos que se avecinen para estar preparados en la medida que surjan.<\/p>\n<p style=\"text-align: justify\">As\u00ed que con el prop\u00f3sito de dar a conocer cu\u00e1les son\u00a0<strong>los 10 riesgos m\u00e1s grandes del mundo<\/strong>, AXA ha impulsado la\u00a0<strong><em>Encuesta de riesgos futuros de AXA 2021<\/em>.<\/strong><\/p>\n<h3 style=\"text-align: justify\">Encuesta de riesgos futuros de AXA 2021<\/h3>\n<p style=\"text-align: justify\">La encuesta fue realizada por\u00a0<a href=\"https:\/\/www.ipsos.com\/es-es\">Ipsos<\/a>\u00a0\u2014multinacional de investigaci\u00f3n de mercados y consultor\u00eda\u2014, en nombre de\u00a0<a href=\"https:\/\/axa.mx\/personas\/inicio\">AXA\u00a0<\/a>\u2014multinacional francesa especializada en el negocio de los seguros y la gesti\u00f3n de activos\u2014. E implic\u00f3 la presentaci\u00f3n de cuestionarios en l\u00ednea a dos grupos:\u00a0<strong>expertos en riesgos y ciudadanos de todo el mundo.<\/strong><\/p>\n<p style=\"text-align: justify\">Se encuest\u00f3 a\u00a0<strong>3.448 expertos\u00a0<\/strong>en 60 pa\u00edses entre 6 y 28 de mayo de 2021 con una edad promedio de 45 a\u00f1os. El 60% eran hombres y el 39% mujeres. La mayor\u00eda (78%) trabajaba en AXA, siendo la suscripci\u00f3n y la gesti\u00f3n de riesgos las profesiones m\u00e1s representadas. El 22% restante provino de las redes profesionales de AXA, que trabajan principalmente en el sector de servicios financieros y para grandes empresas.<\/p>\n<p style=\"text-align: justify\">Sumado a esto, se tom\u00f3 en cuenta a\u00a0<strong>19,001 miembros del p\u00fablico<\/strong>\u00a0en<br \/>\n15 pa\u00edses entre el 21 de mayo y el 15 de junio de 2021. Los encuestados fueron muestreados entre personas de 18 a\u00f1os o m\u00e1s para ser representativos en t\u00e9rminos de edad, g\u00e9nero y ocupaci\u00f3n, y los pa\u00edses se eligieron por regi\u00f3n y tama\u00f1o del mercado.<\/p>\n<p style=\"text-align: justify\">A partir de los hallazgos de la Encuesta de riesgos futuros de AXA se extrajeron los 10 riesgos m\u00e1s grandes del mundo.<\/p>\n<h3 style=\"text-align: justify\">10 riesgos m\u00e1s grandes del mundo<\/h3>\n<p style=\"text-align: justify\">Entre los riesgos latentes sobre salen los siguientes:<\/p>\n<ol style=\"text-align: justify\">\n<li><strong>Cambio clim\u00e1tico.<\/strong><\/li>\n<li>Riesgos de ciberseguridad.<\/li>\n<li><strong>Pandemias y enfermedades infecciosas.<\/strong><\/li>\n<li>Inestabilidad geopol\u00edtica.<\/li>\n<li><strong>Descontento social y conflictos locales.<\/strong><\/li>\n<li><strong>Riesgos de los recursos naturales y la biodiversidad.<\/strong><\/li>\n<li>Nuevas amenazas a la seguridad y terrorismo.<\/li>\n<li>Riesgos de estabilidad financiera.<\/li>\n<li>Riesgos macroecon\u00f3micos.<\/li>\n<li>Riesgos relacionados con la inteligencia artificial y el big data.<\/li>\n<\/ol>\n<p style=\"text-align: justify\">Para los especialistas,\u00a0<strong>las tres principales amenazas son las relacionadas con el cambio clim\u00e1tico, ciberseguridad y pandemias y enfermedades infecciosas<\/strong>. En el caso de\u00a0<strong>M\u00e9xico<\/strong>, expertos (94%) y poblaci\u00f3n general (73%) que participaron consideran que la vulnerabilidad del pa\u00eds a los riesgos es mayor que hace cinco a\u00f1os.<\/p>\n<figure class=\"wp-block-image size-full\" style=\"text-align: justify\">\n<p><div id=\"attachment_327880\" style=\"width: 650px\" class=\"wp-caption alignnone\"><img loading=\"lazy\" decoding=\"async\" aria-describedby=\"caption-attachment-327880\" class=\"lazyloaded wp-image-327880\" src=\"https:\/\/www.expoknews.com\/wp-content\/uploads\/2021\/09\/riesgos-ma%CC%81s-grandes-del-mundo-1.jpg\" alt=\"riesgos m\u00e1s grandes del mundo axa\" width=\"640\" height=\"320\" data-srcset=\"https:\/\/www.expoknews.com\/wp-content\/uploads\/2021\/09\/riesgos-ma\u0301s-grandes-del-mundo-1.jpg 640w, https:\/\/www.expoknews.com\/wp-content\/uploads\/2021\/09\/riesgos-ma\u0301s-grandes-del-mundo-1-300x150.jpg 300w\" data-src=\"https:\/\/www.expoknews.com\/wp-content\/uploads\/2021\/09\/riesgos-ma\u0301s-grandes-del-mundo-1.jpg\" data-sizes=\"(max-width: 640px) 100vw, 640px\" \/><p id=\"caption-attachment-327880\" class=\"wp-caption-text\">riesgos m\u00e1s grandes del mundo axa<\/p><\/div><\/figure>\n<p style=\"text-align: justify\">A continuaci\u00f3n hacemos un \u00e9nfasis en cuatro de ellos.<\/p>\n<h4 style=\"text-align: justify\">Cambio clim\u00e1tico<\/h4>\n<p style=\"text-align: justify\">De acuerdo con el informe, el\u00a0<a href=\"https:\/\/www.expoknews.com\/guia-sobre-cambio-climatico\/\">cambio clim\u00e1tico<\/a>\u00a0est\u00e1 de vuelta en la cima del riesgo futuro. Los expertos lo clasificaron como el mayor riesgo en 2018 y 2019, pero cay\u00f3 al segundo lugar en 2020 a la luz de la pandemia.<\/p>\n<blockquote class=\"wp-block-quote\"><p><strong>Aunque COVID-19 persiste en todo el mundo, los expertos han vuelto a identificar colectivamente al cambio clim\u00e1tico como el riesgo m\u00e1s urgente.<\/strong><\/p><\/blockquote>\n<p style=\"text-align: justify\">La\u00a0<strong>mitigaci\u00f3n de la crisis clim\u00e1tica\u00a0<\/strong>requerir\u00e1 tanto del sector p\u00fablico como privado para tomar las medidas inmediatas para invertir en soluciones, a pesar de la incertidumbre en torno a la escala de su impacto potencial.<\/p>\n<p style=\"text-align: justify\">Ante este panorama los encuestados en general, aseguran que los acuerdos de pol\u00edtica ambiental entre gobiernos de todo el mundo son necesarios para abrir nuevas puertas y permitir que el sector privado asuma m\u00e1s riesgos para liderar la agenda de mitigaci\u00f3n del clima.<\/p>\n<figure class=\"wp-block-image size-full\" style=\"text-align: justify\">\n<p><div id=\"attachment_327881\" style=\"width: 650px\" class=\"wp-caption alignnone\"><img loading=\"lazy\" decoding=\"async\" aria-describedby=\"caption-attachment-327881\" class=\"lazyloaded wp-image-327881\" src=\"https:\/\/www.expoknews.com\/wp-content\/uploads\/2021\/09\/riesgos-ma%CC%81s-grandes-del-mundo-axa.jpg\" alt=\"riesgos m\u00e1s grandes del mundo ipsos\" width=\"640\" height=\"452\" data-srcset=\"https:\/\/www.expoknews.com\/wp-content\/uploads\/2021\/09\/riesgos-ma\u0301s-grandes-del-mundo-axa.jpg 640w, https:\/\/www.expoknews.com\/wp-content\/uploads\/2021\/09\/riesgos-ma\u0301s-grandes-del-mundo-axa-300x212.jpg 300w\" data-src=\"https:\/\/www.expoknews.com\/wp-content\/uploads\/2021\/09\/riesgos-ma\u0301s-grandes-del-mundo-axa.jpg\" data-sizes=\"(max-width: 640px) 100vw, 640px\" \/><p id=\"caption-attachment-327881\" class=\"wp-caption-text\">riesgos m\u00e1s grandes del mundo ipsos<\/p><\/div><\/figure>\n<p style=\"text-align: justify\">Sin embargo coinciden en que los gobiernos no est\u00e1n preparados para afrontar el cambio clim\u00e1tico, y solo el 19% de los expertos expresan su fe en las autoridades p\u00fablicas para mitigar la crisis.<\/p>\n<blockquote class=\"wp-block-quote\"><p><strong>Los menores de 25 a\u00f1os fueron el \u00fanico grupo de edad entre los encuestados del p\u00fablico en general que clasific\u00f3 el cambio clim\u00e1tico como su principal riesgo; todos los grupos de mayor edad lo clasificaron en segundo lugar despu\u00e9s de la pandemia.<\/strong><\/p><\/blockquote>\n<p style=\"text-align: justify\">Los resultados de la encuesta tambi\u00e9n muestran que los grupos de edad m\u00e1s j\u00f3venes se sienten menos vulnerables que el promedio al cambio clim\u00e1tico, lo que sugiere que su preocupaci\u00f3n se basa m\u00e1s en la conciencia de las consecuencias globales que en una sensaci\u00f3n de amenaza personal.<\/p>\n<h4 style=\"text-align: justify\">Pandemias y enfermedades infecciosas<\/h4>\n<p style=\"text-align: justify\">Los riesgos para la salud pesaron mucho en la mente de los encuestados de la poblaci\u00f3n general en 2021, con tres de los cinco riesgos en esta categor\u00eda en la mitad superior de la clasificaci\u00f3n:<\/p>\n<ul style=\"text-align: justify\">\n<li>El 22% eligi\u00f3 las enfermedades cr\u00f3nicas como uno de sus cinco riesgos principales.<\/li>\n<li>El 18% eligi\u00f3 exposici\u00f3n prolongada a sustancias nocivas.<\/li>\n<li>El 13% eligi\u00f3 los riesgos relacionados con los cambios en las pr\u00e1cticas de salud y las enfermedades profesionales.<\/li>\n<\/ul>\n<p style=\"text-align: justify\">La\u00a0<a href=\"https:\/\/www.expoknews.com\/que-lecciones-ha-dejado-la-pandemia-para-el-sector-seguridad\/\">pandemia<\/a>\u00a0de COVID-19 no solo ha aumentado los sentimientos de vulnerabilidad a los riesgos para la salud, sino que tambi\u00e9n ha transformado las dificultades existentes que enfrentan los sistemas de salud p\u00fablica, desafiando la sostenibilidad a corto y largo plazo de estos sistemas justo cuando el p\u00fablico est\u00e1 cada vez m\u00e1s preocupado por la salud.<\/p>\n<figure class=\"wp-block-image size-full\" style=\"text-align: justify\">\n<p><div id=\"attachment_327882\" style=\"width: 650px\" class=\"wp-caption alignnone\"><img loading=\"lazy\" decoding=\"async\" aria-describedby=\"caption-attachment-327882\" class=\"lazyloaded wp-image-327882\" src=\"https:\/\/www.expoknews.com\/wp-content\/uploads\/2021\/09\/riesgos-ma%CC%81s-grandes-del-mundo-salud.jpg\" alt=\"riesgos m\u00e1s grandes del mundo pandemia\" width=\"640\" height=\"426\" data-srcset=\"https:\/\/www.expoknews.com\/wp-content\/uploads\/2021\/09\/riesgos-ma\u0301s-grandes-del-mundo-salud.jpg 640w, https:\/\/www.expoknews.com\/wp-content\/uploads\/2021\/09\/riesgos-ma\u0301s-grandes-del-mundo-salud-300x200.jpg 300w\" data-src=\"https:\/\/www.expoknews.com\/wp-content\/uploads\/2021\/09\/riesgos-ma\u0301s-grandes-del-mundo-salud.jpg\" data-sizes=\"(max-width: 640px) 100vw, 640px\" \/><p id=\"caption-attachment-327882\" class=\"wp-caption-text\">riesgos m\u00e1s grandes del mundo pandemia<\/p><\/div><\/figure>\n<blockquote class=\"wp-block-quote\"><p><strong>De forma m\u00e1s positiva, la pandemia ha creado una oportunidad para que el p\u00fablico y los tomadores de decisiones reconozcan la interdependencia de la salud y el medio ambiente.<\/strong><\/p><\/blockquote>\n<p style=\"text-align: justify\">Con esfuerzos para aumentar la conciencia p\u00fablica sobre los impactos futuros del cambio clim\u00e1tico en la salud, la experiencia de la pandemia podr\u00eda llevarnos a reconceptualizar nuestra vulnerabilidad colectiva a nuestro entorno cambiante y acelerar el progreso en la mitigaci\u00f3n del clima.<\/p>\n<h4 style=\"text-align: justify\">Descontento social y conflictos sociales<\/h4>\n<p style=\"text-align: justify\">De acuerdo con el\u00a0<a href=\"https:\/\/www.clacso.org\/el-descontento-social-en-tiempos-de-pandemia-en-america-latina-y-el-caribe\/\">Consejo Latinoamericano de Ciencias Sociales (CLACSO)<\/a>, tan solo en Am\u00e9rica Latina y el Caribe (ALC), el descontento social se genera, entre otras razones, por motivos de desigualdad, poder y dinero.<\/p>\n<p style=\"text-align: justify\">La desigualdad distorsiona la legitimidad de la democracia al otorgar a aquellos que m\u00e1s poder tienen una mayor capacidad de influenciar la pol\u00edtica en su favor. Por ejemplo, en una regi\u00f3n donde el 10% m\u00e1s rico concentra el 68% de la riqueza es dif\u00edcil desligar la captura pol\u00edtica de la desigualdad.<\/p>\n<figure class=\"wp-block-image size-full\" style=\"text-align: justify\">\n<p><div id=\"attachment_327883\" style=\"width: 650px\" class=\"wp-caption alignnone\"><img loading=\"lazy\" decoding=\"async\" aria-describedby=\"caption-attachment-327883\" class=\"lazyloaded wp-image-327883\" src=\"https:\/\/www.expoknews.com\/wp-content\/uploads\/2021\/09\/riesgos-ma%CC%81s-grandes-del-mundo-conflicto-social.jpg\" alt=\"riesgos m\u00e1s grandes del mundo conflictos\" width=\"640\" height=\"426\" data-srcset=\"https:\/\/www.expoknews.com\/wp-content\/uploads\/2021\/09\/riesgos-ma\u0301s-grandes-del-mundo-conflicto-social.jpg 640w, https:\/\/www.expoknews.com\/wp-content\/uploads\/2021\/09\/riesgos-ma\u0301s-grandes-del-mundo-conflicto-social-300x200.jpg 300w\" data-src=\"https:\/\/www.expoknews.com\/wp-content\/uploads\/2021\/09\/riesgos-ma\u0301s-grandes-del-mundo-conflicto-social.jpg\" data-sizes=\"(max-width: 640px) 100vw, 640px\" \/><p id=\"caption-attachment-327883\" class=\"wp-caption-text\">riesgos m\u00e1s grandes del mundo conflictos<\/p><\/div><\/figure>\n<p style=\"text-align: justify\">Los mecanismos de captura crean y perpet\u00faan la desigualdad y los privilegios, adem\u00e1s son una de las causas principales detr\u00e1s del descontento social, la desafecci\u00f3n democr\u00e1tica y las protestas que se suceden en casi todos los pa\u00edses no solo de este lado del continente, sino alrededor del mundo.<\/p>\n<p style=\"text-align: justify\">Mientras que el los\u00a0<a href=\"https:\/\/economipedia.com\/definiciones\/conflicto-social.html\">conflictos sociales<\/a>\u00a0empujados por el descontento puede llevar aparejados signos de violencia. Este tipo de problem\u00e1ticas, al igual que los conflictos armados, tienen repercusiones en una determinada poblaci\u00f3n.<\/p>\n<p style=\"text-align: justify\">De hecho, un conflicto llega a considerase social cuando dicho conflicto afecta a un gran grupo de poblaci\u00f3n, al que genera situaciones desagradables que pueden ser devengadas del propio malestar generado.<\/p>\n<h4 style=\"text-align: justify\">Riesgos de los recursos naturales y la biodiversidad<\/h4>\n<p style=\"text-align: justify\">Tomando en cuenta informaci\u00f3n de<a href=\"https:\/\/www.iberdrola.com\/medio-ambiente\/sobreexplotacion-de-los-recursos-naturales\">\u00a0Iberdrola<\/a>, los seres humanos estamos agotando esos recursos naturales del planeta y los niveles de calidad de vida empezar\u00e1n a declinar hacia el a\u00f1o 2030 a menos que se tomen medidas inmediatas.<\/p>\n<blockquote class=\"wp-block-quote\"><p><strong>El Fondo Mundial para la Naturaleza (WWF) advierte que la actual sobreexplotaci\u00f3n de los recursos naturales est\u00e1 generando un enorme d\u00e9ficit, ya que cada a\u00f1o se consume un 20 % m\u00e1s de los que se pueden regenerar y ese porcentaje no deja de crecer.<\/strong><\/p><\/blockquote>\n<figure class=\"wp-block-image size-full\" style=\"text-align: justify\">\n<p><div id=\"attachment_327838\" style=\"width: 650px\" class=\"wp-caption alignnone\"><img loading=\"lazy\" decoding=\"async\" aria-describedby=\"caption-attachment-327838\" class=\"lazyloaded wp-image-327838\" src=\"https:\/\/www.expoknews.com\/wp-content\/uploads\/2021\/09\/Agua-Positiva-de-Facebook-1.jpg\" alt=\"riesgos m\u00e1s grandes del mundo\" width=\"640\" height=\"426\" data-srcset=\"https:\/\/www.expoknews.com\/wp-content\/uploads\/2021\/09\/Agua-Positiva-de-Facebook-1.jpg 640w, https:\/\/www.expoknews.com\/wp-content\/uploads\/2021\/09\/Agua-Positiva-de-Facebook-1-300x200.jpg 300w\" data-src=\"https:\/\/www.expoknews.com\/wp-content\/uploads\/2021\/09\/Agua-Positiva-de-Facebook-1.jpg\" data-sizes=\"(max-width: 640px) 100vw, 640px\" \/><p id=\"caption-attachment-327838\" class=\"wp-caption-text\">riesgos m\u00e1s grandes del mundo<\/p><\/div><\/figure>\n<p style=\"text-align: justify\">As\u00ed, si seguimos a este ritmo, necesitar\u00edamos 2,5 planetas para abastecernos en el a\u00f1o 2050, seg\u00fan apunta la propia WWF. A su vez, esta organizaci\u00f3n pone de manifiesto que la poblaci\u00f3n mundial de peces, aves, mam\u00edferos, anfibios y reptiles disminuy\u00f3 un 58 % entre 1970 y 2012 debido a las actividades humanas y augura que, en el a\u00f1o 2020, ese porcentaje se dispare hasta alcanzar el 67 %.<\/p>\n<h3 style=\"text-align: justify\">Razones para ser optimistas<\/h3>\n<p style=\"text-align: justify\">Si bien saber nos encontramos propensos a sufrir algunos de los riesgos m\u00e1s grandes del mundo no es una buena noticia, s\u00ed existen razones para ser optimistas, de acuerdo con el informe.<\/p>\n<h4 style=\"text-align: justify\">1. El p\u00fablico cree que la cooperaci\u00f3n es fundamental para prevenir futuros riesgos<\/h4>\n<p style=\"text-align: justify\">Cuando se le pregunt\u00f3 al p\u00fablico en general en 2020 sobre el nivel m\u00e1s eficaz de toma de decisiones para abordar los riesgos futuros, el 50% dijo que el nivel mundial.<\/p>\n<p style=\"text-align: justify\">En la encuesta de 2021, ese n\u00famero aument\u00f3 al 55%. Tambi\u00e9n era m\u00e1s probable que los encuestados resaltaran el nivel continental como apropiado para enfrentar riesgos, especialmente en Europa.<\/p>\n<p style=\"text-align: justify\">Estas cifras sugieren que el a\u00f1o pasado ha reforzado la comprensi\u00f3n de la gente sobre la interdependencia mundial y la necesidad de cooperaci\u00f3n multinacional, a nivel regional y mundial.<\/p>\n<figure class=\"wp-block-image size-full\" style=\"text-align: justify\">\n<p><div id=\"attachment_327886\" style=\"width: 650px\" class=\"wp-caption alignnone\"><img loading=\"lazy\" decoding=\"async\" aria-describedby=\"caption-attachment-327886\" class=\"lazyloaded wp-image-327886\" src=\"https:\/\/www.expoknews.com\/wp-content\/uploads\/2021\/09\/riesgos-ma%CC%81s-grandes-del-mundo-3.jpg\" alt=\"riesgos m\u00e1s grandes del mundo personas\" width=\"640\" height=\"426\" data-srcset=\"https:\/\/www.expoknews.com\/wp-content\/uploads\/2021\/09\/riesgos-ma\u0301s-grandes-del-mundo-3.jpg 640w, https:\/\/www.expoknews.com\/wp-content\/uploads\/2021\/09\/riesgos-ma\u0301s-grandes-del-mundo-3-300x200.jpg 300w\" data-src=\"https:\/\/www.expoknews.com\/wp-content\/uploads\/2021\/09\/riesgos-ma\u0301s-grandes-del-mundo-3.jpg\" data-sizes=\"(max-width: 640px) 100vw, 640px\" \/><p id=\"caption-attachment-327886\" class=\"wp-caption-text\">riesgos m\u00e1s grandes del mundo personas<\/p><\/div><\/figure>\n<h4 style=\"text-align: justify\">2. Tres cuartas partes de las personas conf\u00edan en cient\u00edficos y acad\u00e9micos<\/h4>\n<p style=\"text-align: justify\">De manera tranquilizadora, a pesar de las preocupaciones sobre la desinformaci\u00f3n, una s\u00f3lida mayor\u00eda de personas valora la experiencia y el conocimiento en la formulaci\u00f3n de pol\u00edticas. La encuesta encontr\u00f3 que la mayor\u00eda del p\u00fablico en general (75%), as\u00ed como la mayor\u00eda de los expertos (87%), conf\u00edan en la capacidad de los cient\u00edficos y acad\u00e9micos para limitar crisis futuras.<\/p>\n<h4 style=\"text-align: justify\">3. Los j\u00f3venes est\u00e1n esperanzados a que el riesgo se puede superar<\/h4>\n<p style=\"text-align: justify\">Mientras todos los datos demogr\u00e1ficos de edad reconocen niveles crecientes de vulnerabilidad general, la tendencia es menos pronunciada entre los j\u00f3venes. Tambi\u00e9n ten\u00edan muchas m\u00e1s esperanzas sobre la capacidad de las organizaciones internacionales, los cient\u00edficos y el mundo acad\u00e9mico para mitigar crisis futuras.<\/p>\n<p style=\"text-align: justify\">La resiliencia forma parte de los seres humanos, y la crisis sanitaria ha dejado una ense\u00f1anza y generaci\u00f3n de conciencia para estar listos y enfrentar los riesgos futuros.<\/p>\n<p><strong>Fuente: EXPOK<\/strong><\/p>\n","protected":false},"excerpt":{"rendered":"<p>REDACCI\u00d3N NOTI AM\u00c9RICA (ECUADOR) Un estudio reciente ha publicado cu\u00e1les son los riesgos m\u00e1s grandes del mundo de acuerdo con expertos y ciudadanos. \u00a1Te los compartimos! Hablemos de los riesgos m\u00e1s grandes del mundo.&#46;&#46;&#46;<\/p>\n","protected":false},"author":17,"featured_media":16680,"comment_status":"open","ping_status":"open","sticky":false,"template":"","format":"standard","meta":{"_acf_changed":false,"om_disable_all_campaigns":false,"rop_custom_images_group":[],"rop_custom_messages_group":[],"rop_publish_now":"initial","rop_publish_now_accounts":{"twitter_242054905_242054905":""},"rop_publish_now_history":[],"rop_publish_now_status":"pending","_uf_show_specific_survey":0,"_uf_disable_surveys":false,"footnotes":""},"categories":[111],"tags":[],"class_list":["post-16679","post","type-post","status-publish","format-standard","has-post-thumbnail","hentry","category-sostenibilidad-y-cambio-climatico"],"acf":[],"aioseo_notices":[],"yoast_head":"<!-- This site is optimized with the Yoast SEO Premium plugin v24.9 (Yoast SEO v27.2) - https:\/\/yoast.com\/product\/yoast-seo-premium-wordpress\/ -->\n<title>10 riesgos m\u00e1s grandes del mundo - Ecuador | Noti-America.com<\/title>\n<meta name=\"robots\" content=\"index, follow, max-snippet:-1, max-image-preview:large, max-video-preview:-1\" \/>\n<link rel=\"canonical\" href=\"https:\/\/noti-america.com\/site\/ecuador\/2021\/10\/03\/10-riesgos-mas-grandes-del-mundo\/\" \/>\n<meta property=\"og:locale\" content=\"es_ES\" \/>\n<meta property=\"og:type\" content=\"article\" \/>\n<meta property=\"og:title\" content=\"10 riesgos m\u00e1s grandes del mundo\" \/>\n<meta property=\"og:description\" content=\"REDACCI\u00d3N NOTI AM\u00c9RICA (ECUADOR) Un estudio reciente ha publicado cu\u00e1les son los riesgos m\u00e1s grandes del mundo de acuerdo con expertos y ciudadanos. \u00a1Te los compartimos! Hablemos de los riesgos m\u00e1s grandes del mundo.&#046;&#046;&#046;\" \/>\n<meta property=\"og:url\" content=\"https:\/\/noti-america.com\/site\/ecuador\/2021\/10\/03\/10-riesgos-mas-grandes-del-mundo\/\" \/>\n<meta property=\"og:site_name\" content=\"Ecuador | Noti-America.com\" \/>\n<meta property=\"article:published_time\" content=\"2021-10-03T17:48:23+00:00\" \/>\n<meta property=\"og:image\" content=\"https:\/\/noti-america.com\/site\/ecuador\/wp-content\/uploads\/sites\/18\/2021\/10\/riesgos-mundiales-810x456-1.jpg\" \/>\n\t<meta property=\"og:image:width\" content=\"810\" \/>\n\t<meta property=\"og:image:height\" content=\"456\" \/>\n\t<meta property=\"og:image:type\" content=\"image\/jpeg\" \/>\n<meta name=\"author\" content=\"Gregory Quintana Montiel\" \/>\n<meta name=\"twitter:card\" content=\"summary_large_image\" \/>\n<meta name=\"twitter:creator\" content=\"@gdgregori1\" \/>\n<meta name=\"twitter:site\" content=\"@notiamerica\" \/>\n<meta name=\"twitter:label1\" content=\"Escrito por\" \/>\n\t<meta name=\"twitter:data1\" content=\"Gregory Quintana Montiel\" \/>\n\t<meta name=\"twitter:label2\" content=\"Tiempo estimado de lectura\" \/>\n\t<meta name=\"twitter:data2\" content=\"9 minutos\" \/>\n<script type=\"application\/ld+json\" class=\"yoast-schema-graph\">{\"@context\":\"https:\/\/schema.org\",\"@graph\":[{\"@type\":\"Article\",\"@id\":\"https:\/\/noti-america.com\/site\/ecuador\/2021\/10\/03\/10-riesgos-mas-grandes-del-mundo\/#article\",\"isPartOf\":{\"@id\":\"https:\/\/noti-america.com\/site\/ecuador\/2021\/10\/03\/10-riesgos-mas-grandes-del-mundo\/\"},\"author\":{\"name\":\"Gregory Quintana Montiel\",\"@id\":\"https:\/\/noti-america.com\/site\/ecuador\/#\/schema\/person\/3b975e42f15abfe64bfe3abdd916efda\"},\"headline\":\"10 riesgos m\u00e1s grandes del mundo\",\"datePublished\":\"2021-10-03T17:48:23+00:00\",\"mainEntityOfPage\":{\"@id\":\"https:\/\/noti-america.com\/site\/ecuador\/2021\/10\/03\/10-riesgos-mas-grandes-del-mundo\/\"},\"wordCount\":1782,\"commentCount\":0,\"publisher\":{\"@id\":\"https:\/\/noti-america.com\/site\/ecuador\/#organization\"},\"image\":{\"@id\":\"https:\/\/noti-america.com\/site\/ecuador\/2021\/10\/03\/10-riesgos-mas-grandes-del-mundo\/#primaryimage\"},\"thumbnailUrl\":\"https:\/\/noti-america.com\/site\/ecuador\/wp-content\/uploads\/sites\/18\/2021\/10\/riesgos-mundiales-810x456-1.jpg\",\"articleSection\":[\"Sostenibilidad y Cambio Clim\u00e1tico\"],\"inLanguage\":\"es\",\"potentialAction\":[{\"@type\":\"CommentAction\",\"name\":\"Comment\",\"target\":[\"https:\/\/noti-america.com\/site\/ecuador\/2021\/10\/03\/10-riesgos-mas-grandes-del-mundo\/#respond\"]}]},{\"@type\":\"WebPage\",\"@id\":\"https:\/\/noti-america.com\/site\/ecuador\/2021\/10\/03\/10-riesgos-mas-grandes-del-mundo\/\",\"url\":\"https:\/\/noti-america.com\/site\/ecuador\/2021\/10\/03\/10-riesgos-mas-grandes-del-mundo\/\",\"name\":\"10 riesgos m\u00e1s grandes del mundo - Ecuador | Noti-America.com\",\"isPartOf\":{\"@id\":\"https:\/\/noti-america.com\/site\/ecuador\/#website\"},\"primaryImageOfPage\":{\"@id\":\"https:\/\/noti-america.com\/site\/ecuador\/2021\/10\/03\/10-riesgos-mas-grandes-del-mundo\/#primaryimage\"},\"image\":{\"@id\":\"https:\/\/noti-america.com\/site\/ecuador\/2021\/10\/03\/10-riesgos-mas-grandes-del-mundo\/#primaryimage\"},\"thumbnailUrl\":\"https:\/\/noti-america.com\/site\/ecuador\/wp-content\/uploads\/sites\/18\/2021\/10\/riesgos-mundiales-810x456-1.jpg\",\"datePublished\":\"2021-10-03T17:48:23+00:00\",\"breadcrumb\":{\"@id\":\"https:\/\/noti-america.com\/site\/ecuador\/2021\/10\/03\/10-riesgos-mas-grandes-del-mundo\/#breadcrumb\"},\"inLanguage\":\"es\",\"potentialAction\":[{\"@type\":\"ReadAction\",\"target\":[\"https:\/\/noti-america.com\/site\/ecuador\/2021\/10\/03\/10-riesgos-mas-grandes-del-mundo\/\"]}]},{\"@type\":\"ImageObject\",\"inLanguage\":\"es\",\"@id\":\"https:\/\/noti-america.com\/site\/ecuador\/2021\/10\/03\/10-riesgos-mas-grandes-del-mundo\/#primaryimage\",\"url\":\"https:\/\/noti-america.com\/site\/ecuador\/wp-content\/uploads\/sites\/18\/2021\/10\/riesgos-mundiales-810x456-1.jpg\",\"contentUrl\":\"https:\/\/noti-america.com\/site\/ecuador\/wp-content\/uploads\/sites\/18\/2021\/10\/riesgos-mundiales-810x456-1.jpg\",\"width\":810,\"height\":456},{\"@type\":\"BreadcrumbList\",\"@id\":\"https:\/\/noti-america.com\/site\/ecuador\/2021\/10\/03\/10-riesgos-mas-grandes-del-mundo\/#breadcrumb\",\"itemListElement\":[{\"@type\":\"ListItem\",\"position\":1,\"name\":\"Portada\",\"item\":\"https:\/\/noti-america.com\/site\/ecuador\/\"},{\"@type\":\"ListItem\",\"position\":2,\"name\":\"10 riesgos m\u00e1s grandes del mundo\"}]},{\"@type\":\"WebSite\",\"@id\":\"https:\/\/noti-america.com\/site\/ecuador\/#website\",\"url\":\"https:\/\/noti-america.com\/site\/ecuador\/\",\"name\":\"Ecuador | Noti-America.com\",\"description\":\"\",\"publisher\":{\"@id\":\"https:\/\/noti-america.com\/site\/ecuador\/#organization\"},\"potentialAction\":[{\"@type\":\"SearchAction\",\"target\":{\"@type\":\"EntryPoint\",\"urlTemplate\":\"https:\/\/noti-america.com\/site\/ecuador\/?s={search_term_string}\"},\"query-input\":{\"@type\":\"PropertyValueSpecification\",\"valueRequired\":true,\"valueName\":\"search_term_string\"}}],\"inLanguage\":\"es\"},{\"@type\":\"Organization\",\"@id\":\"https:\/\/noti-america.com\/site\/ecuador\/#organization\",\"name\":\"Noti-America LLC | Ecuador\",\"url\":\"https:\/\/noti-america.com\/site\/ecuador\/\",\"logo\":{\"@type\":\"ImageObject\",\"inLanguage\":\"es\",\"@id\":\"https:\/\/noti-america.com\/site\/ecuador\/#\/schema\/logo\/image\/\",\"url\":\"https:\/\/noti-america.com\/site\/ecuador\/wp-content\/uploads\/sites\/18\/2020\/07\/LogoNA-4x3-1.jpg\",\"contentUrl\":\"https:\/\/noti-america.com\/site\/ecuador\/wp-content\/uploads\/sites\/18\/2020\/07\/LogoNA-4x3-1.jpg\",\"width\":1236,\"height\":1080,\"caption\":\"Noti-America LLC | Ecuador\"},\"image\":{\"@id\":\"https:\/\/noti-america.com\/site\/ecuador\/#\/schema\/logo\/image\/\"},\"sameAs\":[\"https:\/\/x.com\/notiamerica\"]},{\"@type\":\"Person\",\"@id\":\"https:\/\/noti-america.com\/site\/ecuador\/#\/schema\/person\/3b975e42f15abfe64bfe3abdd916efda\",\"name\":\"Gregory Quintana Montiel\",\"image\":{\"@type\":\"ImageObject\",\"inLanguage\":\"es\",\"@id\":\"https:\/\/secure.gravatar.com\/avatar\/2d6b802f7720c2ec7744dcbe608cc2f3417aeb964d58b443c6d612b77531de1d?s=96&d=mm&r=g\",\"url\":\"https:\/\/secure.gravatar.com\/avatar\/2d6b802f7720c2ec7744dcbe608cc2f3417aeb964d58b443c6d612b77531de1d?s=96&d=mm&r=g\",\"contentUrl\":\"https:\/\/secure.gravatar.com\/avatar\/2d6b802f7720c2ec7744dcbe608cc2f3417aeb964d58b443c6d612b77531de1d?s=96&d=mm&r=g\",\"caption\":\"Gregory Quintana Montiel\"},\"description\":\"Licenciatura en Ciencias de la Comunicaci\u00f3n Social, egresado en la Especializaci\u00f3n Derecho Ambiental Desarrollo Sostenible y Sustentable, Miembro de la Comunidad de profesionales y experto para Latinoam\u00e9rica y el Caribe en Gesti\u00f3n por Resultado en el Desarrollo (COPLAC - GpRD) del Banco Interamericano de Desarrollo, experiencia en medios radiales y escritos.\",\"sameAs\":[\"https:\/\/x.com\/gdgregori1\",\"gquintana\"],\"url\":\"https:\/\/noti-america.com\/site\/ecuador\/author\/gquintana\/\"}]}<\/script>\n<!-- \/ Yoast SEO Premium plugin. -->","yoast_head_json":{"title":"10 riesgos m\u00e1s grandes del mundo - Ecuador | Noti-America.com","robots":{"index":"index","follow":"follow","max-snippet":"max-snippet:-1","max-image-preview":"max-image-preview:large","max-video-preview":"max-video-preview:-1"},"canonical":"https:\/\/noti-america.com\/site\/ecuador\/2021\/10\/03\/10-riesgos-mas-grandes-del-mundo\/","og_locale":"es_ES","og_type":"article","og_title":"10 riesgos m\u00e1s grandes del mundo","og_description":"REDACCI\u00d3N NOTI AM\u00c9RICA (ECUADOR) Un estudio reciente ha publicado cu\u00e1les son los riesgos m\u00e1s grandes del mundo de acuerdo con expertos y ciudadanos. \u00a1Te los compartimos! Hablemos de los riesgos m\u00e1s grandes del mundo.&#46;&#46;&#46;","og_url":"https:\/\/noti-america.com\/site\/ecuador\/2021\/10\/03\/10-riesgos-mas-grandes-del-mundo\/","og_site_name":"Ecuador | Noti-America.com","article_published_time":"2021-10-03T17:48:23+00:00","og_image":[{"width":810,"height":456,"url":"https:\/\/noti-america.com\/site\/ecuador\/wp-content\/uploads\/sites\/18\/2021\/10\/riesgos-mundiales-810x456-1.jpg","type":"image\/jpeg"}],"author":"Gregory Quintana Montiel","twitter_card":"summary_large_image","twitter_creator":"@gdgregori1","twitter_site":"@notiamerica","twitter_misc":{"Escrito por":"Gregory Quintana Montiel","Tiempo estimado de lectura":"9 minutos"},"schema":{"@context":"https:\/\/schema.org","@graph":[{"@type":"Article","@id":"https:\/\/noti-america.com\/site\/ecuador\/2021\/10\/03\/10-riesgos-mas-grandes-del-mundo\/#article","isPartOf":{"@id":"https:\/\/noti-america.com\/site\/ecuador\/2021\/10\/03\/10-riesgos-mas-grandes-del-mundo\/"},"author":{"name":"Gregory Quintana Montiel","@id":"https:\/\/noti-america.com\/site\/ecuador\/#\/schema\/person\/3b975e42f15abfe64bfe3abdd916efda"},"headline":"10 riesgos m\u00e1s grandes del mundo","datePublished":"2021-10-03T17:48:23+00:00","mainEntityOfPage":{"@id":"https:\/\/noti-america.com\/site\/ecuador\/2021\/10\/03\/10-riesgos-mas-grandes-del-mundo\/"},"wordCount":1782,"commentCount":0,"publisher":{"@id":"https:\/\/noti-america.com\/site\/ecuador\/#organization"},"image":{"@id":"https:\/\/noti-america.com\/site\/ecuador\/2021\/10\/03\/10-riesgos-mas-grandes-del-mundo\/#primaryimage"},"thumbnailUrl":"https:\/\/noti-america.com\/site\/ecuador\/wp-content\/uploads\/sites\/18\/2021\/10\/riesgos-mundiales-810x456-1.jpg","articleSection":["Sostenibilidad y Cambio Clim\u00e1tico"],"inLanguage":"es","potentialAction":[{"@type":"CommentAction","name":"Comment","target":["https:\/\/noti-america.com\/site\/ecuador\/2021\/10\/03\/10-riesgos-mas-grandes-del-mundo\/#respond"]}]},{"@type":"WebPage","@id":"https:\/\/noti-america.com\/site\/ecuador\/2021\/10\/03\/10-riesgos-mas-grandes-del-mundo\/","url":"https:\/\/noti-america.com\/site\/ecuador\/2021\/10\/03\/10-riesgos-mas-grandes-del-mundo\/","name":"10 riesgos m\u00e1s grandes del mundo - Ecuador | Noti-America.com","isPartOf":{"@id":"https:\/\/noti-america.com\/site\/ecuador\/#website"},"primaryImageOfPage":{"@id":"https:\/\/noti-america.com\/site\/ecuador\/2021\/10\/03\/10-riesgos-mas-grandes-del-mundo\/#primaryimage"},"image":{"@id":"https:\/\/noti-america.com\/site\/ecuador\/2021\/10\/03\/10-riesgos-mas-grandes-del-mundo\/#primaryimage"},"thumbnailUrl":"https:\/\/noti-america.com\/site\/ecuador\/wp-content\/uploads\/sites\/18\/2021\/10\/riesgos-mundiales-810x456-1.jpg","datePublished":"2021-10-03T17:48:23+00:00","breadcrumb":{"@id":"https:\/\/noti-america.com\/site\/ecuador\/2021\/10\/03\/10-riesgos-mas-grandes-del-mundo\/#breadcrumb"},"inLanguage":"es","potentialAction":[{"@type":"ReadAction","target":["https:\/\/noti-america.com\/site\/ecuador\/2021\/10\/03\/10-riesgos-mas-grandes-del-mundo\/"]}]},{"@type":"ImageObject","inLanguage":"es","@id":"https:\/\/noti-america.com\/site\/ecuador\/2021\/10\/03\/10-riesgos-mas-grandes-del-mundo\/#primaryimage","url":"https:\/\/noti-america.com\/site\/ecuador\/wp-content\/uploads\/sites\/18\/2021\/10\/riesgos-mundiales-810x456-1.jpg","contentUrl":"https:\/\/noti-america.com\/site\/ecuador\/wp-content\/uploads\/sites\/18\/2021\/10\/riesgos-mundiales-810x456-1.jpg","width":810,"height":456},{"@type":"BreadcrumbList","@id":"https:\/\/noti-america.com\/site\/ecuador\/2021\/10\/03\/10-riesgos-mas-grandes-del-mundo\/#breadcrumb","itemListElement":[{"@type":"ListItem","position":1,"name":"Portada","item":"https:\/\/noti-america.com\/site\/ecuador\/"},{"@type":"ListItem","position":2,"name":"10 riesgos m\u00e1s grandes del mundo"}]},{"@type":"WebSite","@id":"https:\/\/noti-america.com\/site\/ecuador\/#website","url":"https:\/\/noti-america.com\/site\/ecuador\/","name":"Ecuador | Noti-America.com","description":"","publisher":{"@id":"https:\/\/noti-america.com\/site\/ecuador\/#organization"},"potentialAction":[{"@type":"SearchAction","target":{"@type":"EntryPoint","urlTemplate":"https:\/\/noti-america.com\/site\/ecuador\/?s={search_term_string}"},"query-input":{"@type":"PropertyValueSpecification","valueRequired":true,"valueName":"search_term_string"}}],"inLanguage":"es"},{"@type":"Organization","@id":"https:\/\/noti-america.com\/site\/ecuador\/#organization","name":"Noti-America LLC | Ecuador","url":"https:\/\/noti-america.com\/site\/ecuador\/","logo":{"@type":"ImageObject","inLanguage":"es","@id":"https:\/\/noti-america.com\/site\/ecuador\/#\/schema\/logo\/image\/","url":"https:\/\/noti-america.com\/site\/ecuador\/wp-content\/uploads\/sites\/18\/2020\/07\/LogoNA-4x3-1.jpg","contentUrl":"https:\/\/noti-america.com\/site\/ecuador\/wp-content\/uploads\/sites\/18\/2020\/07\/LogoNA-4x3-1.jpg","width":1236,"height":1080,"caption":"Noti-America LLC | Ecuador"},"image":{"@id":"https:\/\/noti-america.com\/site\/ecuador\/#\/schema\/logo\/image\/"},"sameAs":["https:\/\/x.com\/notiamerica"]},{"@type":"Person","@id":"https:\/\/noti-america.com\/site\/ecuador\/#\/schema\/person\/3b975e42f15abfe64bfe3abdd916efda","name":"Gregory Quintana Montiel","image":{"@type":"ImageObject","inLanguage":"es","@id":"https:\/\/secure.gravatar.com\/avatar\/2d6b802f7720c2ec7744dcbe608cc2f3417aeb964d58b443c6d612b77531de1d?s=96&d=mm&r=g","url":"https:\/\/secure.gravatar.com\/avatar\/2d6b802f7720c2ec7744dcbe608cc2f3417aeb964d58b443c6d612b77531de1d?s=96&d=mm&r=g","contentUrl":"https:\/\/secure.gravatar.com\/avatar\/2d6b802f7720c2ec7744dcbe608cc2f3417aeb964d58b443c6d612b77531de1d?s=96&d=mm&r=g","caption":"Gregory Quintana Montiel"},"description":"Licenciatura en Ciencias de la Comunicaci\u00f3n Social, egresado en la Especializaci\u00f3n Derecho Ambiental Desarrollo Sostenible y Sustentable, Miembro de la Comunidad de profesionales y experto para Latinoam\u00e9rica y el Caribe en Gesti\u00f3n por Resultado en el Desarrollo (COPLAC - GpRD) del Banco Interamericano de Desarrollo, experiencia en medios radiales y escritos.","sameAs":["https:\/\/x.com\/gdgregori1","gquintana"],"url":"https:\/\/noti-america.com\/site\/ecuador\/author\/gquintana\/"}]}},"_links":{"self":[{"href":"https:\/\/noti-america.com\/site\/ecuador\/wp-json\/wp\/v2\/posts\/16679","targetHints":{"allow":["GET"]}}],"collection":[{"href":"https:\/\/noti-america.com\/site\/ecuador\/wp-json\/wp\/v2\/posts"}],"about":[{"href":"https:\/\/noti-america.com\/site\/ecuador\/wp-json\/wp\/v2\/types\/post"}],"author":[{"embeddable":true,"href":"https:\/\/noti-america.com\/site\/ecuador\/wp-json\/wp\/v2\/users\/17"}],"replies":[{"embeddable":true,"href":"https:\/\/noti-america.com\/site\/ecuador\/wp-json\/wp\/v2\/comments?post=16679"}],"version-history":[{"count":1,"href":"https:\/\/noti-america.com\/site\/ecuador\/wp-json\/wp\/v2\/posts\/16679\/revisions"}],"predecessor-version":[{"id":16681,"href":"https:\/\/noti-america.com\/site\/ecuador\/wp-json\/wp\/v2\/posts\/16679\/revisions\/16681"}],"wp:featuredmedia":[{"embeddable":true,"href":"https:\/\/noti-america.com\/site\/ecuador\/wp-json\/wp\/v2\/media\/16680"}],"wp:attachment":[{"href":"https:\/\/noti-america.com\/site\/ecuador\/wp-json\/wp\/v2\/media?parent=16679"}],"wp:term":[{"taxonomy":"category","embeddable":true,"href":"https:\/\/noti-america.com\/site\/ecuador\/wp-json\/wp\/v2\/categories?post=16679"},{"taxonomy":"post_tag","embeddable":true,"href":"https:\/\/noti-america.com\/site\/ecuador\/wp-json\/wp\/v2\/tags?post=16679"}],"curies":[{"name":"wp","href":"https:\/\/api.w.org\/{rel}","templated":true}]}}