{"id":16616,"date":"2021-09-29T03:20:58","date_gmt":"2021-09-29T03:20:58","guid":{"rendered":"https:\/\/noti-america.com\/site\/ecuador\/?p=16616"},"modified":"2021-09-29T03:56:36","modified_gmt":"2021-09-29T03:56:36","slug":"edson-alvarado-fue-reelecto-para-presidir-la-regional-5-de-la-ame","status":"publish","type":"post","link":"https:\/\/noti-america.com\/site\/ecuador\/2021\/09\/29\/edson-alvarado-fue-reelecto-para-presidir-la-regional-5-de-la-ame\/","title":{"rendered":"Edson Alvarado, fue reelecto para presidir la Regional 5 de la AME"},"content":{"rendered":"<p>REDACCI\u00d3N NOTI AM\u00c9RICA (ECUADOR) <strong>Autor: Henry Garrido<\/strong><\/p>\n<div id=\"attachment_16617\" style=\"width: 348px\" class=\"wp-caption alignleft\"><img loading=\"lazy\" decoding=\"async\" aria-describedby=\"caption-attachment-16617\" class=\" wp-image-16617\" src=\"https:\/\/noti-america.com\/site\/ecuador\/wp-content\/uploads\/sites\/18\/2021\/09\/b4600e4c-38af-4ee0-b8af-b51f00d93797-e1632885223934-300x232.jpg\" alt=\"\" width=\"338\" height=\"262\" srcset=\"https:\/\/noti-america.com\/site\/ecuador\/wp-content\/uploads\/sites\/18\/2021\/09\/b4600e4c-38af-4ee0-b8af-b51f00d93797-e1632885223934-300x232.jpg 300w, https:\/\/noti-america.com\/site\/ecuador\/wp-content\/uploads\/sites\/18\/2021\/09\/b4600e4c-38af-4ee0-b8af-b51f00d93797-e1632885223934-1024x791.jpg 1024w, https:\/\/noti-america.com\/site\/ecuador\/wp-content\/uploads\/sites\/18\/2021\/09\/b4600e4c-38af-4ee0-b8af-b51f00d93797-e1632885223934-768x593.jpg 768w, https:\/\/noti-america.com\/site\/ecuador\/wp-content\/uploads\/sites\/18\/2021\/09\/b4600e4c-38af-4ee0-b8af-b51f00d93797-e1632885223934.jpg 1232w\" sizes=\"auto, (max-width: 338px) 100vw, 338px\" \/><p id=\"caption-attachment-16617\" class=\"wp-caption-text\"><strong>AME eligi\u00f3 a su nueva directiva regional.<\/strong><\/p><\/div>\n<p style=\"text-align: justify\">En medio de un ambiente de camarader\u00eda, en un hotel de la ciudad de Guayaquil, se realiz\u00f3 la elecci\u00f3n de la nueva directiva de la Regional 5 de la Asociaci\u00f3n de Municipalidades Ecuatorianas (AME).<\/p>\n<p style=\"text-align: justify\">Al evento asistieron 50 autoridades, entre representantes y alcaldes de los cantones de Guayas, Los R\u00edos, Bol\u00edvar, Santa Elena y Gal\u00e1pagos.<\/p>\n<p style=\"text-align: justify\">Franklin Galarza, principal de la AME a nivel nacional, dirigi\u00f3 la reuni\u00f3n, en la que se presentaron dos listas, la primera encabezada por el alcalde Marcos Gonz\u00e1lez de Puebloviejo y la segunda por el burgomaestre de Santa Lucia, Edson Alvarado.<\/p>\n<p style=\"text-align: justify\">Luego de que el secretario de la asamblea tomara votaci\u00f3n a las autoridades y delegados presentes, fue reelecto con 28 votos el alcalde de Santa Luc\u00eda.<\/p>\n<p style=\"text-align: justify\">Alvarado, expres\u00f3 su agradecimiento a los alcaldes que participaron de la jornada democr\u00e1tica e hizo una invitaci\u00f3n a los ediles a trabajar unidos para resolver juntos las diversas necesidades que tienen los Gobiernos Aut\u00f3nomos Descentralizados (GAD).<\/p>\n<p style=\"text-align: justify\">A\u00f1adi\u00f3 que su lucha como Regional 5, se concentrar\u00e1 de manera especial en los temas de seguridad, reactivaci\u00f3n de la econom\u00eda y mantener la lucha de todos los alcaldes para que el Gobierno Nacional cumpla con las obligaciones que tiene con las municipalidades del pa\u00eds.<\/p>\n<p style=\"text-align: justify\">De su lado, el alcalde del cant\u00f3n El Empalme, Rodolfo Cantos Acosta, expres\u00f3 que el rol de la nueva autoridad ser\u00e1 desarrollar una labor en territorio y apoyar de forma m\u00e1s directa a los alcaldes de las cinco provincias.<\/p>\n<p style=\"text-align: justify\">As\u00ed mismo, el burgomaestre de Vinces, Alfonso Montalv\u00e1n, felicit\u00f3 a la nueva directiva electa y le dese\u00f3 el mejor de los \u00e9xitos en sus nuevas funciones como representantes de todos los municipios de la regional 5.<\/p>\n","protected":false},"excerpt":{"rendered":"<p>REDACCI\u00d3N NOTI AM\u00c9RICA (ECUADOR) Autor: Henry Garrido En medio de un ambiente de camarader\u00eda, en un hotel de la ciudad de Guayaquil, se realiz\u00f3 la elecci\u00f3n de la nueva directiva de la Regional 5&#46;&#46;&#46;<\/p>\n","protected":false},"author":17,"featured_media":16617,"comment_status":"open","ping_status":"open","sticky":false,"template":"","format":"standard","meta":{"_acf_changed":false,"om_disable_all_campaigns":false,"rop_custom_images_group":[],"rop_custom_messages_group":[],"rop_publish_now":"initial","rop_publish_now_accounts":{"twitter_242054905_242054905":""},"rop_publish_now_history":[],"rop_publish_now_status":"pending","_uf_show_specific_survey":0,"_uf_disable_surveys":false,"footnotes":""},"categories":[1],"tags":[],"class_list":["post-16616","post","type-post","status-publish","format-standard","has-post-thumbnail","hentry","category-uncategorized"],"acf":[],"aioseo_notices":[],"yoast_head":"<!-- This site is optimized with the Yoast SEO Premium plugin v24.9 (Yoast SEO v27.2) - https:\/\/yoast.com\/product\/yoast-seo-premium-wordpress\/ -->\n<title>Edson Alvarado, fue reelecto para presidir la Regional 5 de la AME - Ecuador | Noti-America.com<\/title>\n<meta name=\"robots\" content=\"index, follow, max-snippet:-1, max-image-preview:large, max-video-preview:-1\" \/>\n<link rel=\"canonical\" href=\"https:\/\/noti-america.com\/site\/ecuador\/2021\/09\/29\/edson-alvarado-fue-reelecto-para-presidir-la-regional-5-de-la-ame\/\" \/>\n<meta property=\"og:locale\" content=\"es_ES\" \/>\n<meta property=\"og:type\" content=\"article\" \/>\n<meta property=\"og:title\" content=\"Edson Alvarado, fue reelecto para presidir la Regional 5 de la AME\" \/>\n<meta property=\"og:description\" content=\"REDACCI\u00d3N NOTI AM\u00c9RICA (ECUADOR) Autor: Henry Garrido En medio de un ambiente de camarader\u00eda, en un hotel de la ciudad de Guayaquil, se realiz\u00f3 la elecci\u00f3n de la nueva directiva de la Regional 5&#046;&#046;&#046;\" \/>\n<meta property=\"og:url\" content=\"https:\/\/noti-america.com\/site\/ecuador\/2021\/09\/29\/edson-alvarado-fue-reelecto-para-presidir-la-regional-5-de-la-ame\/\" \/>\n<meta property=\"og:site_name\" content=\"Ecuador | Noti-America.com\" \/>\n<meta property=\"article:published_time\" content=\"2021-09-29T03:20:58+00:00\" \/>\n<meta property=\"article:modified_time\" content=\"2021-09-29T03:56:36+00:00\" \/>\n<meta property=\"og:image\" content=\"https:\/\/noti-america.com\/site\/ecuador\/wp-content\/uploads\/sites\/18\/2021\/09\/b4600e4c-38af-4ee0-b8af-b51f00d93797-e1632885223934.jpg\" \/>\n\t<meta property=\"og:image:width\" content=\"1232\" \/>\n\t<meta property=\"og:image:height\" content=\"952\" \/>\n\t<meta property=\"og:image:type\" content=\"image\/jpeg\" \/>\n<meta name=\"author\" content=\"Gregory Quintana Montiel\" \/>\n<meta name=\"twitter:card\" content=\"summary_large_image\" \/>\n<meta name=\"twitter:creator\" content=\"@gdgregori1\" \/>\n<meta name=\"twitter:site\" content=\"@notiamerica\" \/>\n<meta name=\"twitter:label1\" content=\"Escrito por\" \/>\n\t<meta name=\"twitter:data1\" content=\"Gregory Quintana Montiel\" \/>\n\t<meta name=\"twitter:label2\" content=\"Tiempo estimado de lectura\" \/>\n\t<meta name=\"twitter:data2\" content=\"2 minutos\" \/>\n<script type=\"application\/ld+json\" class=\"yoast-schema-graph\">{\"@context\":\"https:\/\/schema.org\",\"@graph\":[{\"@type\":\"Article\",\"@id\":\"https:\/\/noti-america.com\/site\/ecuador\/2021\/09\/29\/edson-alvarado-fue-reelecto-para-presidir-la-regional-5-de-la-ame\/#article\",\"isPartOf\":{\"@id\":\"https:\/\/noti-america.com\/site\/ecuador\/2021\/09\/29\/edson-alvarado-fue-reelecto-para-presidir-la-regional-5-de-la-ame\/\"},\"author\":{\"name\":\"Gregory Quintana Montiel\",\"@id\":\"https:\/\/noti-america.com\/site\/ecuador\/#\/schema\/person\/3b975e42f15abfe64bfe3abdd916efda\"},\"headline\":\"Edson Alvarado, fue reelecto para presidir la Regional 5 de la AME\",\"datePublished\":\"2021-09-29T03:20:58+00:00\",\"dateModified\":\"2021-09-29T03:56:36+00:00\",\"mainEntityOfPage\":{\"@id\":\"https:\/\/noti-america.com\/site\/ecuador\/2021\/09\/29\/edson-alvarado-fue-reelecto-para-presidir-la-regional-5-de-la-ame\/\"},\"wordCount\":326,\"commentCount\":0,\"publisher\":{\"@id\":\"https:\/\/noti-america.com\/site\/ecuador\/#organization\"},\"image\":{\"@id\":\"https:\/\/noti-america.com\/site\/ecuador\/2021\/09\/29\/edson-alvarado-fue-reelecto-para-presidir-la-regional-5-de-la-ame\/#primaryimage\"},\"thumbnailUrl\":\"https:\/\/noti-america.com\/site\/ecuador\/wp-content\/uploads\/sites\/18\/2021\/09\/b4600e4c-38af-4ee0-b8af-b51f00d93797-e1632885223934.jpg\",\"articleSection\":[\"Uncategorized\"],\"inLanguage\":\"es\",\"potentialAction\":[{\"@type\":\"CommentAction\",\"name\":\"Comment\",\"target\":[\"https:\/\/noti-america.com\/site\/ecuador\/2021\/09\/29\/edson-alvarado-fue-reelecto-para-presidir-la-regional-5-de-la-ame\/#respond\"]}]},{\"@type\":\"WebPage\",\"@id\":\"https:\/\/noti-america.com\/site\/ecuador\/2021\/09\/29\/edson-alvarado-fue-reelecto-para-presidir-la-regional-5-de-la-ame\/\",\"url\":\"https:\/\/noti-america.com\/site\/ecuador\/2021\/09\/29\/edson-alvarado-fue-reelecto-para-presidir-la-regional-5-de-la-ame\/\",\"name\":\"Edson Alvarado, fue reelecto para presidir la Regional 5 de la AME - Ecuador | Noti-America.com\",\"isPartOf\":{\"@id\":\"https:\/\/noti-america.com\/site\/ecuador\/#website\"},\"primaryImageOfPage\":{\"@id\":\"https:\/\/noti-america.com\/site\/ecuador\/2021\/09\/29\/edson-alvarado-fue-reelecto-para-presidir-la-regional-5-de-la-ame\/#primaryimage\"},\"image\":{\"@id\":\"https:\/\/noti-america.com\/site\/ecuador\/2021\/09\/29\/edson-alvarado-fue-reelecto-para-presidir-la-regional-5-de-la-ame\/#primaryimage\"},\"thumbnailUrl\":\"https:\/\/noti-america.com\/site\/ecuador\/wp-content\/uploads\/sites\/18\/2021\/09\/b4600e4c-38af-4ee0-b8af-b51f00d93797-e1632885223934.jpg\",\"datePublished\":\"2021-09-29T03:20:58+00:00\",\"dateModified\":\"2021-09-29T03:56:36+00:00\",\"breadcrumb\":{\"@id\":\"https:\/\/noti-america.com\/site\/ecuador\/2021\/09\/29\/edson-alvarado-fue-reelecto-para-presidir-la-regional-5-de-la-ame\/#breadcrumb\"},\"inLanguage\":\"es\",\"potentialAction\":[{\"@type\":\"ReadAction\",\"target\":[\"https:\/\/noti-america.com\/site\/ecuador\/2021\/09\/29\/edson-alvarado-fue-reelecto-para-presidir-la-regional-5-de-la-ame\/\"]}]},{\"@type\":\"ImageObject\",\"inLanguage\":\"es\",\"@id\":\"https:\/\/noti-america.com\/site\/ecuador\/2021\/09\/29\/edson-alvarado-fue-reelecto-para-presidir-la-regional-5-de-la-ame\/#primaryimage\",\"url\":\"https:\/\/noti-america.com\/site\/ecuador\/wp-content\/uploads\/sites\/18\/2021\/09\/b4600e4c-38af-4ee0-b8af-b51f00d93797-e1632885223934.jpg\",\"contentUrl\":\"https:\/\/noti-america.com\/site\/ecuador\/wp-content\/uploads\/sites\/18\/2021\/09\/b4600e4c-38af-4ee0-b8af-b51f00d93797-e1632885223934.jpg\",\"width\":1232,\"height\":952,\"caption\":\"AME eligi\u00f3 a su nueva directiva regional\"},{\"@type\":\"BreadcrumbList\",\"@id\":\"https:\/\/noti-america.com\/site\/ecuador\/2021\/09\/29\/edson-alvarado-fue-reelecto-para-presidir-la-regional-5-de-la-ame\/#breadcrumb\",\"itemListElement\":[{\"@type\":\"ListItem\",\"position\":1,\"name\":\"Portada\",\"item\":\"https:\/\/noti-america.com\/site\/ecuador\/\"},{\"@type\":\"ListItem\",\"position\":2,\"name\":\"Edson Alvarado, fue reelecto para presidir la Regional 5 de la AME\"}]},{\"@type\":\"WebSite\",\"@id\":\"https:\/\/noti-america.com\/site\/ecuador\/#website\",\"url\":\"https:\/\/noti-america.com\/site\/ecuador\/\",\"name\":\"Ecuador | Noti-America.com\",\"description\":\"\",\"publisher\":{\"@id\":\"https:\/\/noti-america.com\/site\/ecuador\/#organization\"},\"potentialAction\":[{\"@type\":\"SearchAction\",\"target\":{\"@type\":\"EntryPoint\",\"urlTemplate\":\"https:\/\/noti-america.com\/site\/ecuador\/?s={search_term_string}\"},\"query-input\":{\"@type\":\"PropertyValueSpecification\",\"valueRequired\":true,\"valueName\":\"search_term_string\"}}],\"inLanguage\":\"es\"},{\"@type\":\"Organization\",\"@id\":\"https:\/\/noti-america.com\/site\/ecuador\/#organization\",\"name\":\"Noti-America LLC | Ecuador\",\"url\":\"https:\/\/noti-america.com\/site\/ecuador\/\",\"logo\":{\"@type\":\"ImageObject\",\"inLanguage\":\"es\",\"@id\":\"https:\/\/noti-america.com\/site\/ecuador\/#\/schema\/logo\/image\/\",\"url\":\"https:\/\/noti-america.com\/site\/ecuador\/wp-content\/uploads\/sites\/18\/2020\/07\/LogoNA-4x3-1.jpg\",\"contentUrl\":\"https:\/\/noti-america.com\/site\/ecuador\/wp-content\/uploads\/sites\/18\/2020\/07\/LogoNA-4x3-1.jpg\",\"width\":1236,\"height\":1080,\"caption\":\"Noti-America LLC | Ecuador\"},\"image\":{\"@id\":\"https:\/\/noti-america.com\/site\/ecuador\/#\/schema\/logo\/image\/\"},\"sameAs\":[\"https:\/\/x.com\/notiamerica\"]},{\"@type\":\"Person\",\"@id\":\"https:\/\/noti-america.com\/site\/ecuador\/#\/schema\/person\/3b975e42f15abfe64bfe3abdd916efda\",\"name\":\"Gregory Quintana Montiel\",\"image\":{\"@type\":\"ImageObject\",\"inLanguage\":\"es\",\"@id\":\"https:\/\/secure.gravatar.com\/avatar\/2d6b802f7720c2ec7744dcbe608cc2f3417aeb964d58b443c6d612b77531de1d?s=96&d=mm&r=g\",\"url\":\"https:\/\/secure.gravatar.com\/avatar\/2d6b802f7720c2ec7744dcbe608cc2f3417aeb964d58b443c6d612b77531de1d?s=96&d=mm&r=g\",\"contentUrl\":\"https:\/\/secure.gravatar.com\/avatar\/2d6b802f7720c2ec7744dcbe608cc2f3417aeb964d58b443c6d612b77531de1d?s=96&d=mm&r=g\",\"caption\":\"Gregory Quintana Montiel\"},\"description\":\"Licenciatura en Ciencias de la Comunicaci\u00f3n Social, egresado en la Especializaci\u00f3n Derecho Ambiental Desarrollo Sostenible y Sustentable, Miembro de la Comunidad de profesionales y experto para Latinoam\u00e9rica y el Caribe en Gesti\u00f3n por Resultado en el Desarrollo (COPLAC - GpRD) del Banco Interamericano de Desarrollo, experiencia en medios radiales y escritos.\",\"sameAs\":[\"https:\/\/x.com\/gdgregori1\",\"gquintana\"],\"url\":\"https:\/\/noti-america.com\/site\/ecuador\/author\/gquintana\/\"}]}<\/script>\n<!-- \/ Yoast SEO Premium plugin. -->","yoast_head_json":{"title":"Edson Alvarado, fue reelecto para presidir la Regional 5 de la AME - Ecuador | Noti-America.com","robots":{"index":"index","follow":"follow","max-snippet":"max-snippet:-1","max-image-preview":"max-image-preview:large","max-video-preview":"max-video-preview:-1"},"canonical":"https:\/\/noti-america.com\/site\/ecuador\/2021\/09\/29\/edson-alvarado-fue-reelecto-para-presidir-la-regional-5-de-la-ame\/","og_locale":"es_ES","og_type":"article","og_title":"Edson Alvarado, fue reelecto para presidir la Regional 5 de la AME","og_description":"REDACCI\u00d3N NOTI AM\u00c9RICA (ECUADOR) Autor: Henry Garrido En medio de un ambiente de camarader\u00eda, en un hotel de la ciudad de Guayaquil, se realiz\u00f3 la elecci\u00f3n de la nueva directiva de la Regional 5&#46;&#46;&#46;","og_url":"https:\/\/noti-america.com\/site\/ecuador\/2021\/09\/29\/edson-alvarado-fue-reelecto-para-presidir-la-regional-5-de-la-ame\/","og_site_name":"Ecuador | Noti-America.com","article_published_time":"2021-09-29T03:20:58+00:00","article_modified_time":"2021-09-29T03:56:36+00:00","og_image":[{"width":1232,"height":952,"url":"https:\/\/noti-america.com\/site\/ecuador\/wp-content\/uploads\/sites\/18\/2021\/09\/b4600e4c-38af-4ee0-b8af-b51f00d93797-e1632885223934.jpg","type":"image\/jpeg"}],"author":"Gregory Quintana Montiel","twitter_card":"summary_large_image","twitter_creator":"@gdgregori1","twitter_site":"@notiamerica","twitter_misc":{"Escrito por":"Gregory Quintana Montiel","Tiempo estimado de lectura":"2 minutos"},"schema":{"@context":"https:\/\/schema.org","@graph":[{"@type":"Article","@id":"https:\/\/noti-america.com\/site\/ecuador\/2021\/09\/29\/edson-alvarado-fue-reelecto-para-presidir-la-regional-5-de-la-ame\/#article","isPartOf":{"@id":"https:\/\/noti-america.com\/site\/ecuador\/2021\/09\/29\/edson-alvarado-fue-reelecto-para-presidir-la-regional-5-de-la-ame\/"},"author":{"name":"Gregory Quintana Montiel","@id":"https:\/\/noti-america.com\/site\/ecuador\/#\/schema\/person\/3b975e42f15abfe64bfe3abdd916efda"},"headline":"Edson Alvarado, fue reelecto para presidir la Regional 5 de la AME","datePublished":"2021-09-29T03:20:58+00:00","dateModified":"2021-09-29T03:56:36+00:00","mainEntityOfPage":{"@id":"https:\/\/noti-america.com\/site\/ecuador\/2021\/09\/29\/edson-alvarado-fue-reelecto-para-presidir-la-regional-5-de-la-ame\/"},"wordCount":326,"commentCount":0,"publisher":{"@id":"https:\/\/noti-america.com\/site\/ecuador\/#organization"},"image":{"@id":"https:\/\/noti-america.com\/site\/ecuador\/2021\/09\/29\/edson-alvarado-fue-reelecto-para-presidir-la-regional-5-de-la-ame\/#primaryimage"},"thumbnailUrl":"https:\/\/noti-america.com\/site\/ecuador\/wp-content\/uploads\/sites\/18\/2021\/09\/b4600e4c-38af-4ee0-b8af-b51f00d93797-e1632885223934.jpg","articleSection":["Uncategorized"],"inLanguage":"es","potentialAction":[{"@type":"CommentAction","name":"Comment","target":["https:\/\/noti-america.com\/site\/ecuador\/2021\/09\/29\/edson-alvarado-fue-reelecto-para-presidir-la-regional-5-de-la-ame\/#respond"]}]},{"@type":"WebPage","@id":"https:\/\/noti-america.com\/site\/ecuador\/2021\/09\/29\/edson-alvarado-fue-reelecto-para-presidir-la-regional-5-de-la-ame\/","url":"https:\/\/noti-america.com\/site\/ecuador\/2021\/09\/29\/edson-alvarado-fue-reelecto-para-presidir-la-regional-5-de-la-ame\/","name":"Edson Alvarado, fue reelecto para presidir la Regional 5 de la AME - Ecuador | Noti-America.com","isPartOf":{"@id":"https:\/\/noti-america.com\/site\/ecuador\/#website"},"primaryImageOfPage":{"@id":"https:\/\/noti-america.com\/site\/ecuador\/2021\/09\/29\/edson-alvarado-fue-reelecto-para-presidir-la-regional-5-de-la-ame\/#primaryimage"},"image":{"@id":"https:\/\/noti-america.com\/site\/ecuador\/2021\/09\/29\/edson-alvarado-fue-reelecto-para-presidir-la-regional-5-de-la-ame\/#primaryimage"},"thumbnailUrl":"https:\/\/noti-america.com\/site\/ecuador\/wp-content\/uploads\/sites\/18\/2021\/09\/b4600e4c-38af-4ee0-b8af-b51f00d93797-e1632885223934.jpg","datePublished":"2021-09-29T03:20:58+00:00","dateModified":"2021-09-29T03:56:36+00:00","breadcrumb":{"@id":"https:\/\/noti-america.com\/site\/ecuador\/2021\/09\/29\/edson-alvarado-fue-reelecto-para-presidir-la-regional-5-de-la-ame\/#breadcrumb"},"inLanguage":"es","potentialAction":[{"@type":"ReadAction","target":["https:\/\/noti-america.com\/site\/ecuador\/2021\/09\/29\/edson-alvarado-fue-reelecto-para-presidir-la-regional-5-de-la-ame\/"]}]},{"@type":"ImageObject","inLanguage":"es","@id":"https:\/\/noti-america.com\/site\/ecuador\/2021\/09\/29\/edson-alvarado-fue-reelecto-para-presidir-la-regional-5-de-la-ame\/#primaryimage","url":"https:\/\/noti-america.com\/site\/ecuador\/wp-content\/uploads\/sites\/18\/2021\/09\/b4600e4c-38af-4ee0-b8af-b51f00d93797-e1632885223934.jpg","contentUrl":"https:\/\/noti-america.com\/site\/ecuador\/wp-content\/uploads\/sites\/18\/2021\/09\/b4600e4c-38af-4ee0-b8af-b51f00d93797-e1632885223934.jpg","width":1232,"height":952,"caption":"AME eligi\u00f3 a su nueva directiva regional"},{"@type":"BreadcrumbList","@id":"https:\/\/noti-america.com\/site\/ecuador\/2021\/09\/29\/edson-alvarado-fue-reelecto-para-presidir-la-regional-5-de-la-ame\/#breadcrumb","itemListElement":[{"@type":"ListItem","position":1,"name":"Portada","item":"https:\/\/noti-america.com\/site\/ecuador\/"},{"@type":"ListItem","position":2,"name":"Edson Alvarado, fue reelecto para presidir la Regional 5 de la AME"}]},{"@type":"WebSite","@id":"https:\/\/noti-america.com\/site\/ecuador\/#website","url":"https:\/\/noti-america.com\/site\/ecuador\/","name":"Ecuador | Noti-America.com","description":"","publisher":{"@id":"https:\/\/noti-america.com\/site\/ecuador\/#organization"},"potentialAction":[{"@type":"SearchAction","target":{"@type":"EntryPoint","urlTemplate":"https:\/\/noti-america.com\/site\/ecuador\/?s={search_term_string}"},"query-input":{"@type":"PropertyValueSpecification","valueRequired":true,"valueName":"search_term_string"}}],"inLanguage":"es"},{"@type":"Organization","@id":"https:\/\/noti-america.com\/site\/ecuador\/#organization","name":"Noti-America LLC | Ecuador","url":"https:\/\/noti-america.com\/site\/ecuador\/","logo":{"@type":"ImageObject","inLanguage":"es","@id":"https:\/\/noti-america.com\/site\/ecuador\/#\/schema\/logo\/image\/","url":"https:\/\/noti-america.com\/site\/ecuador\/wp-content\/uploads\/sites\/18\/2020\/07\/LogoNA-4x3-1.jpg","contentUrl":"https:\/\/noti-america.com\/site\/ecuador\/wp-content\/uploads\/sites\/18\/2020\/07\/LogoNA-4x3-1.jpg","width":1236,"height":1080,"caption":"Noti-America LLC | Ecuador"},"image":{"@id":"https:\/\/noti-america.com\/site\/ecuador\/#\/schema\/logo\/image\/"},"sameAs":["https:\/\/x.com\/notiamerica"]},{"@type":"Person","@id":"https:\/\/noti-america.com\/site\/ecuador\/#\/schema\/person\/3b975e42f15abfe64bfe3abdd916efda","name":"Gregory Quintana Montiel","image":{"@type":"ImageObject","inLanguage":"es","@id":"https:\/\/secure.gravatar.com\/avatar\/2d6b802f7720c2ec7744dcbe608cc2f3417aeb964d58b443c6d612b77531de1d?s=96&d=mm&r=g","url":"https:\/\/secure.gravatar.com\/avatar\/2d6b802f7720c2ec7744dcbe608cc2f3417aeb964d58b443c6d612b77531de1d?s=96&d=mm&r=g","contentUrl":"https:\/\/secure.gravatar.com\/avatar\/2d6b802f7720c2ec7744dcbe608cc2f3417aeb964d58b443c6d612b77531de1d?s=96&d=mm&r=g","caption":"Gregory Quintana Montiel"},"description":"Licenciatura en Ciencias de la Comunicaci\u00f3n Social, egresado en la Especializaci\u00f3n Derecho Ambiental Desarrollo Sostenible y Sustentable, Miembro de la Comunidad de profesionales y experto para Latinoam\u00e9rica y el Caribe en Gesti\u00f3n por Resultado en el Desarrollo (COPLAC - GpRD) del Banco Interamericano de Desarrollo, experiencia en medios radiales y escritos.","sameAs":["https:\/\/x.com\/gdgregori1","gquintana"],"url":"https:\/\/noti-america.com\/site\/ecuador\/author\/gquintana\/"}]}},"_links":{"self":[{"href":"https:\/\/noti-america.com\/site\/ecuador\/wp-json\/wp\/v2\/posts\/16616","targetHints":{"allow":["GET"]}}],"collection":[{"href":"https:\/\/noti-america.com\/site\/ecuador\/wp-json\/wp\/v2\/posts"}],"about":[{"href":"https:\/\/noti-america.com\/site\/ecuador\/wp-json\/wp\/v2\/types\/post"}],"author":[{"embeddable":true,"href":"https:\/\/noti-america.com\/site\/ecuador\/wp-json\/wp\/v2\/users\/17"}],"replies":[{"embeddable":true,"href":"https:\/\/noti-america.com\/site\/ecuador\/wp-json\/wp\/v2\/comments?post=16616"}],"version-history":[{"count":3,"href":"https:\/\/noti-america.com\/site\/ecuador\/wp-json\/wp\/v2\/posts\/16616\/revisions"}],"predecessor-version":[{"id":16627,"href":"https:\/\/noti-america.com\/site\/ecuador\/wp-json\/wp\/v2\/posts\/16616\/revisions\/16627"}],"wp:featuredmedia":[{"embeddable":true,"href":"https:\/\/noti-america.com\/site\/ecuador\/wp-json\/wp\/v2\/media\/16617"}],"wp:attachment":[{"href":"https:\/\/noti-america.com\/site\/ecuador\/wp-json\/wp\/v2\/media?parent=16616"}],"wp:term":[{"taxonomy":"category","embeddable":true,"href":"https:\/\/noti-america.com\/site\/ecuador\/wp-json\/wp\/v2\/categories?post=16616"},{"taxonomy":"post_tag","embeddable":true,"href":"https:\/\/noti-america.com\/site\/ecuador\/wp-json\/wp\/v2\/tags?post=16616"}],"curies":[{"name":"wp","href":"https:\/\/api.w.org\/{rel}","templated":true}]}}