{"id":16581,"date":"2021-09-27T16:15:00","date_gmt":"2021-09-27T16:15:00","guid":{"rendered":"https:\/\/noti-america.com\/site\/ecuador\/?p=16581"},"modified":"2021-09-27T16:15:00","modified_gmt":"2021-09-27T16:15:00","slug":"asamblea-rechazo-pedido-de-recusacion-a-miembros-del-comite-de-etica","status":"publish","type":"post","link":"https:\/\/noti-america.com\/site\/ecuador\/2021\/09\/27\/asamblea-rechazo-pedido-de-recusacion-a-miembros-del-comite-de-etica\/","title":{"rendered":"Asamblea rechaz\u00f3 pedido de recusaci\u00f3n a miembros del Comit\u00e9 de \u00c9tica"},"content":{"rendered":"<p><strong>REDACCI\u00d3N NOTI AM\u00c9RICA (ECUADOR)<\/strong><\/p>\n<div id=\"attachment_16582\" style=\"width: 627px\" class=\"wp-caption aligncenter\"><img loading=\"lazy\" decoding=\"async\" aria-describedby=\"caption-attachment-16582\" class=\"wp-image-16582\" src=\"https:\/\/noti-america.com\/site\/ecuador\/wp-content\/uploads\/sites\/18\/2021\/09\/27-sep-com-300x200.jpeg\" alt=\"\" width=\"617\" height=\"411\" srcset=\"https:\/\/noti-america.com\/site\/ecuador\/wp-content\/uploads\/sites\/18\/2021\/09\/27-sep-com-300x200.jpeg 300w, https:\/\/noti-america.com\/site\/ecuador\/wp-content\/uploads\/sites\/18\/2021\/09\/27-sep-com-272x182.jpeg 272w, https:\/\/noti-america.com\/site\/ecuador\/wp-content\/uploads\/sites\/18\/2021\/09\/27-sep-com.jpeg 420w\" sizes=\"auto, (max-width: 617px) 100vw, 617px\" \/><p id=\"caption-attachment-16582\" class=\"wp-caption-text\">El Comit\u00e9 de \u00c9tica es el \u00f3rgano de sustanciaci\u00f3n que recoge pruebas de cargo y descargo y presenta un informe no vinculante.<\/p><\/div>\n<p style=\"text-align: justify\">El Comit\u00e9 de \u00c9tica de la Asamblea Nacional rechaz\u00f3 el pedido de recusaci\u00f3n planteado por la abogada patrocinadora de la asamble\u00edsta Bella Jim\u00e9nez, en contra de los asamble\u00edstas Marjorie Ch\u00e1vez, Dalton Bacigalupo y Fredy Rojas.<\/p>\n<p style=\"text-align: justify\">El presidente de este organismo, Jos\u00e9 Chimbo, anunci\u00f3 que hoy continuar\u00e1 la pr\u00e1ctica de prueba, en el marco del respeto del debido proceso.<\/p>\n<p style=\"text-align: justify\">La moci\u00f3n la plante\u00f3 el asamble\u00edsta, Miguel \u00c1ngel Pav\u00f3n, alterno de la parlamentaria Marjorie Ch\u00e1vez, quien record\u00f3 que el Comit\u00e9 de \u00c9tica es un \u00f3rgano de sustanciaci\u00f3n e investigaci\u00f3n mas no de decisi\u00f3n, facultad que le compete al Pleno de la Asamblea Nacional, por lo que no cabe el pedido de recusaci\u00f3n \u201cpor enemistad manifiesta\u201d.<\/p>\n<p style=\"text-align: justify\">\u201cNo se puede tratar de inducir o hacer creer que hay enemistad entre asamble\u00edstas\u201d, dijo Pav\u00f3n al precisar que el Comit\u00e9 actu\u00f3 apegado a la ley y a la Constituci\u00f3n, al dar paso a la solicitud de la legisladora Bella Jim\u00e9nez y los alegatos de los tres parlamentarios, es decir, se respeta el debido proceso.<\/p>\n<p style=\"text-align: justify\">La legisladora Luisa Gonz\u00e1lez recalc\u00f3 que el Comit\u00e9 de \u00c9tica no toma resoluciones, sino que conoce lo que cada una de las partes, denunciantes y denunciada, entregan en el proceso de sustanciaci\u00f3n.<\/p>\n<p style=\"text-align: justify\">La legisladora Bella Jim\u00e9nez, present\u00f3 por escrito el pedido de recusaci\u00f3n y los parlamentarios aludidos entregaron las pruebas de descargo. En este marco, dijo que se ha dado espacio para el debido proceso. Afirm\u00f3 que el Pleno de la Asamblea es el \u00f3rgano que tomar\u00e1 una resoluci\u00f3n, por lo que apoy\u00f3 la moci\u00f3n presentada por Miguel \u00c1ngel Pav\u00f3n.<\/p>\n<p style=\"text-align: justify\">En la sesi\u00f3n del s\u00e1bado 25 de septiembre, se principalizaron Miguel \u00c1ngel Pav\u00f3n, alterno de Marjorie Ch\u00e1vez y Shirley Pacheco, alterna de Dalton Bacigalupo.<\/p>\n<p style=\"text-align: justify\">\n","protected":false},"excerpt":{"rendered":"<p>REDACCI\u00d3N NOTI AM\u00c9RICA (ECUADOR) El Comit\u00e9 de \u00c9tica de la Asamblea Nacional rechaz\u00f3 el pedido de recusaci\u00f3n planteado por la abogada patrocinadora de la asamble\u00edsta Bella Jim\u00e9nez, en contra de los asamble\u00edstas Marjorie Ch\u00e1vez,&#46;&#46;&#46;<\/p>\n","protected":false},"author":113,"featured_media":16582,"comment_status":"open","ping_status":"open","sticky":false,"template":"","format":"standard","meta":{"_acf_changed":false,"om_disable_all_campaigns":false,"rop_custom_images_group":[],"rop_custom_messages_group":[],"rop_publish_now":"initial","rop_publish_now_accounts":{"twitter_242054905_242054905":""},"rop_publish_now_history":[],"rop_publish_now_status":"pending","_uf_show_specific_survey":0,"_uf_disable_surveys":false,"footnotes":""},"categories":[1],"tags":[],"class_list":["post-16581","post","type-post","status-publish","format-standard","has-post-thumbnail","hentry","category-uncategorized"],"acf":[],"aioseo_notices":[],"yoast_head":"<!-- This site is optimized with the Yoast SEO Premium plugin v24.9 (Yoast SEO v27.2) - https:\/\/yoast.com\/product\/yoast-seo-premium-wordpress\/ -->\n<title>Asamblea rechaz\u00f3 pedido de recusaci\u00f3n a miembros del Comit\u00e9 de \u00c9tica - Ecuador | Noti-America.com<\/title>\n<meta name=\"robots\" content=\"index, follow, max-snippet:-1, max-image-preview:large, max-video-preview:-1\" \/>\n<link rel=\"canonical\" href=\"https:\/\/noti-america.com\/site\/ecuador\/2021\/09\/27\/asamblea-rechazo-pedido-de-recusacion-a-miembros-del-comite-de-etica\/\" \/>\n<meta property=\"og:locale\" content=\"es_ES\" \/>\n<meta property=\"og:type\" content=\"article\" \/>\n<meta property=\"og:title\" content=\"Asamblea rechaz\u00f3 pedido de recusaci\u00f3n a miembros del Comit\u00e9 de \u00c9tica\" \/>\n<meta property=\"og:description\" content=\"REDACCI\u00d3N NOTI AM\u00c9RICA (ECUADOR) El Comit\u00e9 de \u00c9tica de la Asamblea Nacional rechaz\u00f3 el pedido de recusaci\u00f3n planteado por la abogada patrocinadora de la asamble\u00edsta Bella Jim\u00e9nez, en contra de los asamble\u00edstas Marjorie Ch\u00e1vez,&#046;&#046;&#046;\" \/>\n<meta property=\"og:url\" content=\"https:\/\/noti-america.com\/site\/ecuador\/2021\/09\/27\/asamblea-rechazo-pedido-de-recusacion-a-miembros-del-comite-de-etica\/\" \/>\n<meta property=\"og:site_name\" content=\"Ecuador | Noti-America.com\" \/>\n<meta property=\"article:published_time\" content=\"2021-09-27T16:15:00+00:00\" \/>\n<meta property=\"og:image\" content=\"https:\/\/noti-america.com\/site\/ecuador\/wp-content\/uploads\/sites\/18\/2021\/09\/27-sep-com.jpeg\" \/>\n\t<meta property=\"og:image:width\" content=\"420\" \/>\n\t<meta property=\"og:image:height\" content=\"280\" \/>\n\t<meta property=\"og:image:type\" content=\"image\/jpeg\" \/>\n<meta name=\"author\" content=\"Henry Ortiz\" \/>\n<meta name=\"twitter:card\" content=\"summary_large_image\" \/>\n<meta name=\"twitter:creator\" content=\"@notiamerica\" \/>\n<meta name=\"twitter:site\" content=\"@notiamerica\" \/>\n<meta name=\"twitter:label1\" content=\"Escrito por\" \/>\n\t<meta name=\"twitter:data1\" content=\"Henry Ortiz\" \/>\n\t<meta name=\"twitter:label2\" content=\"Tiempo estimado de lectura\" \/>\n\t<meta name=\"twitter:data2\" content=\"2 minutos\" \/>\n<script type=\"application\/ld+json\" class=\"yoast-schema-graph\">{\"@context\":\"https:\/\/schema.org\",\"@graph\":[{\"@type\":\"Article\",\"@id\":\"https:\/\/noti-america.com\/site\/ecuador\/2021\/09\/27\/asamblea-rechazo-pedido-de-recusacion-a-miembros-del-comite-de-etica\/#article\",\"isPartOf\":{\"@id\":\"https:\/\/noti-america.com\/site\/ecuador\/2021\/09\/27\/asamblea-rechazo-pedido-de-recusacion-a-miembros-del-comite-de-etica\/\"},\"author\":{\"name\":\"Henry Ortiz\",\"@id\":\"https:\/\/noti-america.com\/site\/ecuador\/#\/schema\/person\/b9d1630cc6598af759d45c790a347283\"},\"headline\":\"Asamblea rechaz\u00f3 pedido de recusaci\u00f3n a miembros del Comit\u00e9 de \u00c9tica\",\"datePublished\":\"2021-09-27T16:15:00+00:00\",\"mainEntityOfPage\":{\"@id\":\"https:\/\/noti-america.com\/site\/ecuador\/2021\/09\/27\/asamblea-rechazo-pedido-de-recusacion-a-miembros-del-comite-de-etica\/\"},\"wordCount\":358,\"commentCount\":0,\"publisher\":{\"@id\":\"https:\/\/noti-america.com\/site\/ecuador\/#organization\"},\"image\":{\"@id\":\"https:\/\/noti-america.com\/site\/ecuador\/2021\/09\/27\/asamblea-rechazo-pedido-de-recusacion-a-miembros-del-comite-de-etica\/#primaryimage\"},\"thumbnailUrl\":\"https:\/\/noti-america.com\/site\/ecuador\/wp-content\/uploads\/sites\/18\/2021\/09\/27-sep-com.jpeg\",\"articleSection\":[\"Uncategorized\"],\"inLanguage\":\"es\",\"potentialAction\":[{\"@type\":\"CommentAction\",\"name\":\"Comment\",\"target\":[\"https:\/\/noti-america.com\/site\/ecuador\/2021\/09\/27\/asamblea-rechazo-pedido-de-recusacion-a-miembros-del-comite-de-etica\/#respond\"]}]},{\"@type\":\"WebPage\",\"@id\":\"https:\/\/noti-america.com\/site\/ecuador\/2021\/09\/27\/asamblea-rechazo-pedido-de-recusacion-a-miembros-del-comite-de-etica\/\",\"url\":\"https:\/\/noti-america.com\/site\/ecuador\/2021\/09\/27\/asamblea-rechazo-pedido-de-recusacion-a-miembros-del-comite-de-etica\/\",\"name\":\"Asamblea rechaz\u00f3 pedido de recusaci\u00f3n a miembros del Comit\u00e9 de \u00c9tica - Ecuador | Noti-America.com\",\"isPartOf\":{\"@id\":\"https:\/\/noti-america.com\/site\/ecuador\/#website\"},\"primaryImageOfPage\":{\"@id\":\"https:\/\/noti-america.com\/site\/ecuador\/2021\/09\/27\/asamblea-rechazo-pedido-de-recusacion-a-miembros-del-comite-de-etica\/#primaryimage\"},\"image\":{\"@id\":\"https:\/\/noti-america.com\/site\/ecuador\/2021\/09\/27\/asamblea-rechazo-pedido-de-recusacion-a-miembros-del-comite-de-etica\/#primaryimage\"},\"thumbnailUrl\":\"https:\/\/noti-america.com\/site\/ecuador\/wp-content\/uploads\/sites\/18\/2021\/09\/27-sep-com.jpeg\",\"datePublished\":\"2021-09-27T16:15:00+00:00\",\"breadcrumb\":{\"@id\":\"https:\/\/noti-america.com\/site\/ecuador\/2021\/09\/27\/asamblea-rechazo-pedido-de-recusacion-a-miembros-del-comite-de-etica\/#breadcrumb\"},\"inLanguage\":\"es\",\"potentialAction\":[{\"@type\":\"ReadAction\",\"target\":[\"https:\/\/noti-america.com\/site\/ecuador\/2021\/09\/27\/asamblea-rechazo-pedido-de-recusacion-a-miembros-del-comite-de-etica\/\"]}]},{\"@type\":\"ImageObject\",\"inLanguage\":\"es\",\"@id\":\"https:\/\/noti-america.com\/site\/ecuador\/2021\/09\/27\/asamblea-rechazo-pedido-de-recusacion-a-miembros-del-comite-de-etica\/#primaryimage\",\"url\":\"https:\/\/noti-america.com\/site\/ecuador\/wp-content\/uploads\/sites\/18\/2021\/09\/27-sep-com.jpeg\",\"contentUrl\":\"https:\/\/noti-america.com\/site\/ecuador\/wp-content\/uploads\/sites\/18\/2021\/09\/27-sep-com.jpeg\",\"width\":420,\"height\":280},{\"@type\":\"BreadcrumbList\",\"@id\":\"https:\/\/noti-america.com\/site\/ecuador\/2021\/09\/27\/asamblea-rechazo-pedido-de-recusacion-a-miembros-del-comite-de-etica\/#breadcrumb\",\"itemListElement\":[{\"@type\":\"ListItem\",\"position\":1,\"name\":\"Portada\",\"item\":\"https:\/\/noti-america.com\/site\/ecuador\/\"},{\"@type\":\"ListItem\",\"position\":2,\"name\":\"Asamblea rechaz\u00f3 pedido de recusaci\u00f3n a miembros del Comit\u00e9 de \u00c9tica\"}]},{\"@type\":\"WebSite\",\"@id\":\"https:\/\/noti-america.com\/site\/ecuador\/#website\",\"url\":\"https:\/\/noti-america.com\/site\/ecuador\/\",\"name\":\"Ecuador | Noti-America.com\",\"description\":\"\",\"publisher\":{\"@id\":\"https:\/\/noti-america.com\/site\/ecuador\/#organization\"},\"potentialAction\":[{\"@type\":\"SearchAction\",\"target\":{\"@type\":\"EntryPoint\",\"urlTemplate\":\"https:\/\/noti-america.com\/site\/ecuador\/?s={search_term_string}\"},\"query-input\":{\"@type\":\"PropertyValueSpecification\",\"valueRequired\":true,\"valueName\":\"search_term_string\"}}],\"inLanguage\":\"es\"},{\"@type\":\"Organization\",\"@id\":\"https:\/\/noti-america.com\/site\/ecuador\/#organization\",\"name\":\"Noti-America LLC | Ecuador\",\"url\":\"https:\/\/noti-america.com\/site\/ecuador\/\",\"logo\":{\"@type\":\"ImageObject\",\"inLanguage\":\"es\",\"@id\":\"https:\/\/noti-america.com\/site\/ecuador\/#\/schema\/logo\/image\/\",\"url\":\"https:\/\/noti-america.com\/site\/ecuador\/wp-content\/uploads\/sites\/18\/2020\/07\/LogoNA-4x3-1.jpg\",\"contentUrl\":\"https:\/\/noti-america.com\/site\/ecuador\/wp-content\/uploads\/sites\/18\/2020\/07\/LogoNA-4x3-1.jpg\",\"width\":1236,\"height\":1080,\"caption\":\"Noti-America LLC | Ecuador\"},\"image\":{\"@id\":\"https:\/\/noti-america.com\/site\/ecuador\/#\/schema\/logo\/image\/\"},\"sameAs\":[\"https:\/\/x.com\/notiamerica\"]},{\"@type\":\"Person\",\"@id\":\"https:\/\/noti-america.com\/site\/ecuador\/#\/schema\/person\/b9d1630cc6598af759d45c790a347283\",\"name\":\"Henry Ortiz\",\"image\":{\"@type\":\"ImageObject\",\"inLanguage\":\"es\",\"@id\":\"https:\/\/secure.gravatar.com\/avatar\/0b5407b5b302fbb6a578e625dca512ac2983ee5fa9ea941d581b83c40212e4c8?s=96&d=mm&r=g\",\"url\":\"https:\/\/secure.gravatar.com\/avatar\/0b5407b5b302fbb6a578e625dca512ac2983ee5fa9ea941d581b83c40212e4c8?s=96&d=mm&r=g\",\"contentUrl\":\"https:\/\/secure.gravatar.com\/avatar\/0b5407b5b302fbb6a578e625dca512ac2983ee5fa9ea941d581b83c40212e4c8?s=96&d=mm&r=g\",\"caption\":\"Henry Ortiz\"},\"url\":\"https:\/\/noti-america.com\/site\/ecuador\/author\/hortiz\/\"}]}<\/script>\n<!-- \/ Yoast SEO Premium plugin. -->","yoast_head_json":{"title":"Asamblea rechaz\u00f3 pedido de recusaci\u00f3n a miembros del Comit\u00e9 de \u00c9tica - Ecuador | Noti-America.com","robots":{"index":"index","follow":"follow","max-snippet":"max-snippet:-1","max-image-preview":"max-image-preview:large","max-video-preview":"max-video-preview:-1"},"canonical":"https:\/\/noti-america.com\/site\/ecuador\/2021\/09\/27\/asamblea-rechazo-pedido-de-recusacion-a-miembros-del-comite-de-etica\/","og_locale":"es_ES","og_type":"article","og_title":"Asamblea rechaz\u00f3 pedido de recusaci\u00f3n a miembros del Comit\u00e9 de \u00c9tica","og_description":"REDACCI\u00d3N NOTI AM\u00c9RICA (ECUADOR) El Comit\u00e9 de \u00c9tica de la Asamblea Nacional rechaz\u00f3 el pedido de recusaci\u00f3n planteado por la abogada patrocinadora de la asamble\u00edsta Bella Jim\u00e9nez, en contra de los asamble\u00edstas Marjorie Ch\u00e1vez,&#46;&#46;&#46;","og_url":"https:\/\/noti-america.com\/site\/ecuador\/2021\/09\/27\/asamblea-rechazo-pedido-de-recusacion-a-miembros-del-comite-de-etica\/","og_site_name":"Ecuador | Noti-America.com","article_published_time":"2021-09-27T16:15:00+00:00","og_image":[{"width":420,"height":280,"url":"https:\/\/noti-america.com\/site\/ecuador\/wp-content\/uploads\/sites\/18\/2021\/09\/27-sep-com.jpeg","type":"image\/jpeg"}],"author":"Henry Ortiz","twitter_card":"summary_large_image","twitter_creator":"@notiamerica","twitter_site":"@notiamerica","twitter_misc":{"Escrito por":"Henry Ortiz","Tiempo estimado de lectura":"2 minutos"},"schema":{"@context":"https:\/\/schema.org","@graph":[{"@type":"Article","@id":"https:\/\/noti-america.com\/site\/ecuador\/2021\/09\/27\/asamblea-rechazo-pedido-de-recusacion-a-miembros-del-comite-de-etica\/#article","isPartOf":{"@id":"https:\/\/noti-america.com\/site\/ecuador\/2021\/09\/27\/asamblea-rechazo-pedido-de-recusacion-a-miembros-del-comite-de-etica\/"},"author":{"name":"Henry Ortiz","@id":"https:\/\/noti-america.com\/site\/ecuador\/#\/schema\/person\/b9d1630cc6598af759d45c790a347283"},"headline":"Asamblea rechaz\u00f3 pedido de recusaci\u00f3n a miembros del Comit\u00e9 de \u00c9tica","datePublished":"2021-09-27T16:15:00+00:00","mainEntityOfPage":{"@id":"https:\/\/noti-america.com\/site\/ecuador\/2021\/09\/27\/asamblea-rechazo-pedido-de-recusacion-a-miembros-del-comite-de-etica\/"},"wordCount":358,"commentCount":0,"publisher":{"@id":"https:\/\/noti-america.com\/site\/ecuador\/#organization"},"image":{"@id":"https:\/\/noti-america.com\/site\/ecuador\/2021\/09\/27\/asamblea-rechazo-pedido-de-recusacion-a-miembros-del-comite-de-etica\/#primaryimage"},"thumbnailUrl":"https:\/\/noti-america.com\/site\/ecuador\/wp-content\/uploads\/sites\/18\/2021\/09\/27-sep-com.jpeg","articleSection":["Uncategorized"],"inLanguage":"es","potentialAction":[{"@type":"CommentAction","name":"Comment","target":["https:\/\/noti-america.com\/site\/ecuador\/2021\/09\/27\/asamblea-rechazo-pedido-de-recusacion-a-miembros-del-comite-de-etica\/#respond"]}]},{"@type":"WebPage","@id":"https:\/\/noti-america.com\/site\/ecuador\/2021\/09\/27\/asamblea-rechazo-pedido-de-recusacion-a-miembros-del-comite-de-etica\/","url":"https:\/\/noti-america.com\/site\/ecuador\/2021\/09\/27\/asamblea-rechazo-pedido-de-recusacion-a-miembros-del-comite-de-etica\/","name":"Asamblea rechaz\u00f3 pedido de recusaci\u00f3n a miembros del Comit\u00e9 de \u00c9tica - Ecuador | Noti-America.com","isPartOf":{"@id":"https:\/\/noti-america.com\/site\/ecuador\/#website"},"primaryImageOfPage":{"@id":"https:\/\/noti-america.com\/site\/ecuador\/2021\/09\/27\/asamblea-rechazo-pedido-de-recusacion-a-miembros-del-comite-de-etica\/#primaryimage"},"image":{"@id":"https:\/\/noti-america.com\/site\/ecuador\/2021\/09\/27\/asamblea-rechazo-pedido-de-recusacion-a-miembros-del-comite-de-etica\/#primaryimage"},"thumbnailUrl":"https:\/\/noti-america.com\/site\/ecuador\/wp-content\/uploads\/sites\/18\/2021\/09\/27-sep-com.jpeg","datePublished":"2021-09-27T16:15:00+00:00","breadcrumb":{"@id":"https:\/\/noti-america.com\/site\/ecuador\/2021\/09\/27\/asamblea-rechazo-pedido-de-recusacion-a-miembros-del-comite-de-etica\/#breadcrumb"},"inLanguage":"es","potentialAction":[{"@type":"ReadAction","target":["https:\/\/noti-america.com\/site\/ecuador\/2021\/09\/27\/asamblea-rechazo-pedido-de-recusacion-a-miembros-del-comite-de-etica\/"]}]},{"@type":"ImageObject","inLanguage":"es","@id":"https:\/\/noti-america.com\/site\/ecuador\/2021\/09\/27\/asamblea-rechazo-pedido-de-recusacion-a-miembros-del-comite-de-etica\/#primaryimage","url":"https:\/\/noti-america.com\/site\/ecuador\/wp-content\/uploads\/sites\/18\/2021\/09\/27-sep-com.jpeg","contentUrl":"https:\/\/noti-america.com\/site\/ecuador\/wp-content\/uploads\/sites\/18\/2021\/09\/27-sep-com.jpeg","width":420,"height":280},{"@type":"BreadcrumbList","@id":"https:\/\/noti-america.com\/site\/ecuador\/2021\/09\/27\/asamblea-rechazo-pedido-de-recusacion-a-miembros-del-comite-de-etica\/#breadcrumb","itemListElement":[{"@type":"ListItem","position":1,"name":"Portada","item":"https:\/\/noti-america.com\/site\/ecuador\/"},{"@type":"ListItem","position":2,"name":"Asamblea rechaz\u00f3 pedido de recusaci\u00f3n a miembros del Comit\u00e9 de \u00c9tica"}]},{"@type":"WebSite","@id":"https:\/\/noti-america.com\/site\/ecuador\/#website","url":"https:\/\/noti-america.com\/site\/ecuador\/","name":"Ecuador | Noti-America.com","description":"","publisher":{"@id":"https:\/\/noti-america.com\/site\/ecuador\/#organization"},"potentialAction":[{"@type":"SearchAction","target":{"@type":"EntryPoint","urlTemplate":"https:\/\/noti-america.com\/site\/ecuador\/?s={search_term_string}"},"query-input":{"@type":"PropertyValueSpecification","valueRequired":true,"valueName":"search_term_string"}}],"inLanguage":"es"},{"@type":"Organization","@id":"https:\/\/noti-america.com\/site\/ecuador\/#organization","name":"Noti-America LLC | Ecuador","url":"https:\/\/noti-america.com\/site\/ecuador\/","logo":{"@type":"ImageObject","inLanguage":"es","@id":"https:\/\/noti-america.com\/site\/ecuador\/#\/schema\/logo\/image\/","url":"https:\/\/noti-america.com\/site\/ecuador\/wp-content\/uploads\/sites\/18\/2020\/07\/LogoNA-4x3-1.jpg","contentUrl":"https:\/\/noti-america.com\/site\/ecuador\/wp-content\/uploads\/sites\/18\/2020\/07\/LogoNA-4x3-1.jpg","width":1236,"height":1080,"caption":"Noti-America LLC | Ecuador"},"image":{"@id":"https:\/\/noti-america.com\/site\/ecuador\/#\/schema\/logo\/image\/"},"sameAs":["https:\/\/x.com\/notiamerica"]},{"@type":"Person","@id":"https:\/\/noti-america.com\/site\/ecuador\/#\/schema\/person\/b9d1630cc6598af759d45c790a347283","name":"Henry Ortiz","image":{"@type":"ImageObject","inLanguage":"es","@id":"https:\/\/secure.gravatar.com\/avatar\/0b5407b5b302fbb6a578e625dca512ac2983ee5fa9ea941d581b83c40212e4c8?s=96&d=mm&r=g","url":"https:\/\/secure.gravatar.com\/avatar\/0b5407b5b302fbb6a578e625dca512ac2983ee5fa9ea941d581b83c40212e4c8?s=96&d=mm&r=g","contentUrl":"https:\/\/secure.gravatar.com\/avatar\/0b5407b5b302fbb6a578e625dca512ac2983ee5fa9ea941d581b83c40212e4c8?s=96&d=mm&r=g","caption":"Henry Ortiz"},"url":"https:\/\/noti-america.com\/site\/ecuador\/author\/hortiz\/"}]}},"_links":{"self":[{"href":"https:\/\/noti-america.com\/site\/ecuador\/wp-json\/wp\/v2\/posts\/16581","targetHints":{"allow":["GET"]}}],"collection":[{"href":"https:\/\/noti-america.com\/site\/ecuador\/wp-json\/wp\/v2\/posts"}],"about":[{"href":"https:\/\/noti-america.com\/site\/ecuador\/wp-json\/wp\/v2\/types\/post"}],"author":[{"embeddable":true,"href":"https:\/\/noti-america.com\/site\/ecuador\/wp-json\/wp\/v2\/users\/113"}],"replies":[{"embeddable":true,"href":"https:\/\/noti-america.com\/site\/ecuador\/wp-json\/wp\/v2\/comments?post=16581"}],"version-history":[{"count":1,"href":"https:\/\/noti-america.com\/site\/ecuador\/wp-json\/wp\/v2\/posts\/16581\/revisions"}],"predecessor-version":[{"id":16583,"href":"https:\/\/noti-america.com\/site\/ecuador\/wp-json\/wp\/v2\/posts\/16581\/revisions\/16583"}],"wp:featuredmedia":[{"embeddable":true,"href":"https:\/\/noti-america.com\/site\/ecuador\/wp-json\/wp\/v2\/media\/16582"}],"wp:attachment":[{"href":"https:\/\/noti-america.com\/site\/ecuador\/wp-json\/wp\/v2\/media?parent=16581"}],"wp:term":[{"taxonomy":"category","embeddable":true,"href":"https:\/\/noti-america.com\/site\/ecuador\/wp-json\/wp\/v2\/categories?post=16581"},{"taxonomy":"post_tag","embeddable":true,"href":"https:\/\/noti-america.com\/site\/ecuador\/wp-json\/wp\/v2\/tags?post=16581"}],"curies":[{"name":"wp","href":"https:\/\/api.w.org\/{rel}","templated":true}]}}