{"id":16438,"date":"2021-09-20T13:47:15","date_gmt":"2021-09-20T13:47:15","guid":{"rendered":"https:\/\/noti-america.com\/site\/ecuador\/?p=16438"},"modified":"2021-09-20T13:47:15","modified_gmt":"2021-09-20T13:47:15","slug":"asamblea-inicio-el-tramite-del-juicio-politico-al-ex-ministro-de-energia","status":"publish","type":"post","link":"https:\/\/noti-america.com\/site\/ecuador\/2021\/09\/20\/asamblea-inicio-el-tramite-del-juicio-politico-al-ex-ministro-de-energia\/","title":{"rendered":"Asamblea inici\u00f3 el tr\u00e1mite del juicio pol\u00edtico al ex ministro de Energ\u00eda"},"content":{"rendered":"<p><strong>REDACCI\u00d3N NOTI AM\u00c9RICA (ECUADOR)<\/strong><\/p>\n<div id=\"attachment_16439\" style=\"width: 641px\" class=\"wp-caption alignleft\"><img loading=\"lazy\" decoding=\"async\" aria-describedby=\"caption-attachment-16439\" class=\"wp-image-16439 \" src=\"https:\/\/noti-america.com\/site\/ecuador\/wp-content\/uploads\/sites\/18\/2021\/09\/20-sep-descarga-300x162.jpg\" alt=\"\" width=\"631\" height=\"341\" srcset=\"https:\/\/noti-america.com\/site\/ecuador\/wp-content\/uploads\/sites\/18\/2021\/09\/20-sep-descarga-300x162.jpg 300w, https:\/\/noti-america.com\/site\/ecuador\/wp-content\/uploads\/sites\/18\/2021\/09\/20-sep-descarga.jpg 305w\" sizes=\"auto, (max-width: 631px) 100vw, 631px\" \/><p id=\"caption-attachment-16439\" class=\"wp-caption-text\">Ren\u00e9 Ortiz, ex ministro de Energ\u00eda.<\/p><\/div>\n<p style=\"text-align: justify\">La Comisi\u00f3n de Fiscalizaci\u00f3n y Control Pol\u00edtico, por unanimidad de los ocho presentes, calific\u00f3 la solicitud de juicio pol\u00edtico en contra del exministro de Energ\u00eda y Recursos Naturales no Renovables, Ren\u00e9 Ortiz Dur\u00e1n, presentada por los asamble\u00edstas Luis Almeida Mor\u00e1n y Salvador Quishpe Lozano, por incumplimiento de funciones.<\/p>\n<p style=\"text-align: justify\">Dicha solicitud se ampara en lo dispuesto en el art\u00edculo 131 de la Constituci\u00f3n de la Rep\u00fablica, que establece: \u201cLa Asamblea Nacional podr\u00e1 proceder al enjuiciamiento pol\u00edtico, a solicitud de al menos una cuarta parte de sus miembros y por incumplimiento de las funciones que les asignan la Constituci\u00f3n y la ley, de las ministras o ministros de Estado\u201d. El citado art\u00edculo detalla que el enjuiciamiento pol\u00edtico se har\u00e1 \u201cdurante el ejercicio de su cargo y hasta un a\u00f1o despu\u00e9s de terminado.<\/p>\n<p style=\"text-align: justify\"><strong>Motivaci\u00f3n del juicio pol\u00edtico<\/strong><\/p>\n<p style=\"text-align: justify\">Los asamble\u00edstas sustentan su petitorio en raz\u00f3n de la elevaci\u00f3n gradual a los precios de los combustibles, medida que sigue vigente y que, inclusive, llev\u00f3 a una protesta nacional de las organizaciones sociales y del sector ind\u00edgena.<\/p>\n<p style=\"text-align: justify\">Adem\u00e1s, el caso de la sobrefacturaci\u00f3n por servicio de energ\u00eda el\u00e9ctrica, en los d\u00edas m\u00e1s cr\u00edticos de la pandemia, que motiv\u00f3 reclamos de miles de ciudadanos en varias provincias, en todas las agencias de la Corporaci\u00f3n Nacional de Electricidad (CNEL), por el costo elevado a las planillas de consumo el\u00e9ctrico.<\/p>\n<p style=\"text-align: justify\">As\u00ed mismo subrayaron que: \u201cel exministro de Energ\u00eda y Recursos No Renovables, al ejecutar la pol\u00edtica p\u00fablica del expresidente Len\u00edn Moreno, en materia de combustibles, derog\u00f3 expresamente los subsidios, abriendo la importaci\u00f3n de combustibles de manera abrupta, con ello incumpli\u00f3 principios de sostenibilidad, precauci\u00f3n, prevenci\u00f3n y eficiencia en la administraci\u00f3n, regulaci\u00f3n y gesti\u00f3n de la pol\u00edtica\u201d.<\/p>\n<p style=\"text-align: justify\">La Comisi\u00f3n notificar\u00e1 con la solicitud de juicio pol\u00edtico al exfuncionario, as\u00ed como a los solicitantes del proceso interpelatorio, con lo cual se abrir\u00e1 el per\u00edodo de prueba previsto en la Ley Org\u00e1nica de Funci\u00f3n Legislativa.<\/p>\n<p style=\"text-align: justify\">\n","protected":false},"excerpt":{"rendered":"<p>REDACCI\u00d3N NOTI AM\u00c9RICA (ECUADOR) La Comisi\u00f3n de Fiscalizaci\u00f3n y Control Pol\u00edtico, por unanimidad de los ocho presentes, calific\u00f3 la solicitud de juicio pol\u00edtico en contra del exministro de Energ\u00eda y Recursos Naturales no Renovables,&#46;&#46;&#46;<\/p>\n","protected":false},"author":113,"featured_media":16439,"comment_status":"open","ping_status":"open","sticky":false,"template":"","format":"standard","meta":{"_acf_changed":false,"om_disable_all_campaigns":false,"rop_custom_images_group":[],"rop_custom_messages_group":[],"rop_publish_now":"initial","rop_publish_now_accounts":{"twitter_242054905_242054905":""},"rop_publish_now_history":[],"rop_publish_now_status":"pending","_uf_show_specific_survey":0,"_uf_disable_surveys":false,"footnotes":""},"categories":[34],"tags":[],"class_list":["post-16438","post","type-post","status-publish","format-standard","has-post-thumbnail","hentry","category-politica-opinion"],"acf":[],"aioseo_notices":[],"yoast_head":"<!-- This site is optimized with the Yoast SEO Premium plugin v24.9 (Yoast SEO v27.2) - https:\/\/yoast.com\/product\/yoast-seo-premium-wordpress\/ -->\n<title>Asamblea inici\u00f3 el tr\u00e1mite del juicio pol\u00edtico al ex ministro de Energ\u00eda - Ecuador | Noti-America.com<\/title>\n<meta name=\"robots\" content=\"index, follow, max-snippet:-1, max-image-preview:large, max-video-preview:-1\" \/>\n<link rel=\"canonical\" href=\"https:\/\/noti-america.com\/site\/ecuador\/2021\/09\/20\/asamblea-inicio-el-tramite-del-juicio-politico-al-ex-ministro-de-energia\/\" \/>\n<meta property=\"og:locale\" content=\"es_ES\" \/>\n<meta property=\"og:type\" content=\"article\" \/>\n<meta property=\"og:title\" content=\"Asamblea inici\u00f3 el tr\u00e1mite del juicio pol\u00edtico al ex ministro de Energ\u00eda\" \/>\n<meta property=\"og:description\" content=\"REDACCI\u00d3N NOTI AM\u00c9RICA (ECUADOR) La Comisi\u00f3n de Fiscalizaci\u00f3n y Control Pol\u00edtico, por unanimidad de los ocho presentes, calific\u00f3 la solicitud de juicio pol\u00edtico en contra del exministro de Energ\u00eda y Recursos Naturales no Renovables,&#046;&#046;&#046;\" \/>\n<meta property=\"og:url\" content=\"https:\/\/noti-america.com\/site\/ecuador\/2021\/09\/20\/asamblea-inicio-el-tramite-del-juicio-politico-al-ex-ministro-de-energia\/\" \/>\n<meta property=\"og:site_name\" content=\"Ecuador | Noti-America.com\" \/>\n<meta property=\"article:published_time\" content=\"2021-09-20T13:47:15+00:00\" \/>\n<meta property=\"og:image\" content=\"https:\/\/noti-america.com\/site\/ecuador\/wp-content\/uploads\/sites\/18\/2021\/09\/20-sep-descarga.jpg\" \/>\n\t<meta property=\"og:image:width\" content=\"305\" \/>\n\t<meta property=\"og:image:height\" content=\"165\" \/>\n\t<meta property=\"og:image:type\" content=\"image\/jpeg\" \/>\n<meta name=\"author\" content=\"Henry Ortiz\" \/>\n<meta name=\"twitter:card\" content=\"summary_large_image\" \/>\n<meta name=\"twitter:creator\" content=\"@notiamerica\" \/>\n<meta name=\"twitter:site\" content=\"@notiamerica\" \/>\n<meta name=\"twitter:label1\" content=\"Escrito por\" \/>\n\t<meta name=\"twitter:data1\" content=\"Henry Ortiz\" \/>\n\t<meta name=\"twitter:label2\" content=\"Tiempo estimado de lectura\" \/>\n\t<meta name=\"twitter:data2\" content=\"2 minutos\" \/>\n<script type=\"application\/ld+json\" class=\"yoast-schema-graph\">{\"@context\":\"https:\/\/schema.org\",\"@graph\":[{\"@type\":\"Article\",\"@id\":\"https:\/\/noti-america.com\/site\/ecuador\/2021\/09\/20\/asamblea-inicio-el-tramite-del-juicio-politico-al-ex-ministro-de-energia\/#article\",\"isPartOf\":{\"@id\":\"https:\/\/noti-america.com\/site\/ecuador\/2021\/09\/20\/asamblea-inicio-el-tramite-del-juicio-politico-al-ex-ministro-de-energia\/\"},\"author\":{\"name\":\"Henry Ortiz\",\"@id\":\"https:\/\/noti-america.com\/site\/ecuador\/#\/schema\/person\/b9d1630cc6598af759d45c790a347283\"},\"headline\":\"Asamblea inici\u00f3 el tr\u00e1mite del juicio pol\u00edtico al ex ministro de Energ\u00eda\",\"datePublished\":\"2021-09-20T13:47:15+00:00\",\"mainEntityOfPage\":{\"@id\":\"https:\/\/noti-america.com\/site\/ecuador\/2021\/09\/20\/asamblea-inicio-el-tramite-del-juicio-politico-al-ex-ministro-de-energia\/\"},\"wordCount\":395,\"commentCount\":0,\"publisher\":{\"@id\":\"https:\/\/noti-america.com\/site\/ecuador\/#organization\"},\"image\":{\"@id\":\"https:\/\/noti-america.com\/site\/ecuador\/2021\/09\/20\/asamblea-inicio-el-tramite-del-juicio-politico-al-ex-ministro-de-energia\/#primaryimage\"},\"thumbnailUrl\":\"https:\/\/noti-america.com\/site\/ecuador\/wp-content\/uploads\/sites\/18\/2021\/09\/20-sep-descarga.jpg\",\"articleSection\":[\"Pol\u00edtica\"],\"inLanguage\":\"es\",\"potentialAction\":[{\"@type\":\"CommentAction\",\"name\":\"Comment\",\"target\":[\"https:\/\/noti-america.com\/site\/ecuador\/2021\/09\/20\/asamblea-inicio-el-tramite-del-juicio-politico-al-ex-ministro-de-energia\/#respond\"]}]},{\"@type\":\"WebPage\",\"@id\":\"https:\/\/noti-america.com\/site\/ecuador\/2021\/09\/20\/asamblea-inicio-el-tramite-del-juicio-politico-al-ex-ministro-de-energia\/\",\"url\":\"https:\/\/noti-america.com\/site\/ecuador\/2021\/09\/20\/asamblea-inicio-el-tramite-del-juicio-politico-al-ex-ministro-de-energia\/\",\"name\":\"Asamblea inici\u00f3 el tr\u00e1mite del juicio pol\u00edtico al ex ministro de Energ\u00eda - Ecuador | Noti-America.com\",\"isPartOf\":{\"@id\":\"https:\/\/noti-america.com\/site\/ecuador\/#website\"},\"primaryImageOfPage\":{\"@id\":\"https:\/\/noti-america.com\/site\/ecuador\/2021\/09\/20\/asamblea-inicio-el-tramite-del-juicio-politico-al-ex-ministro-de-energia\/#primaryimage\"},\"image\":{\"@id\":\"https:\/\/noti-america.com\/site\/ecuador\/2021\/09\/20\/asamblea-inicio-el-tramite-del-juicio-politico-al-ex-ministro-de-energia\/#primaryimage\"},\"thumbnailUrl\":\"https:\/\/noti-america.com\/site\/ecuador\/wp-content\/uploads\/sites\/18\/2021\/09\/20-sep-descarga.jpg\",\"datePublished\":\"2021-09-20T13:47:15+00:00\",\"breadcrumb\":{\"@id\":\"https:\/\/noti-america.com\/site\/ecuador\/2021\/09\/20\/asamblea-inicio-el-tramite-del-juicio-politico-al-ex-ministro-de-energia\/#breadcrumb\"},\"inLanguage\":\"es\",\"potentialAction\":[{\"@type\":\"ReadAction\",\"target\":[\"https:\/\/noti-america.com\/site\/ecuador\/2021\/09\/20\/asamblea-inicio-el-tramite-del-juicio-politico-al-ex-ministro-de-energia\/\"]}]},{\"@type\":\"ImageObject\",\"inLanguage\":\"es\",\"@id\":\"https:\/\/noti-america.com\/site\/ecuador\/2021\/09\/20\/asamblea-inicio-el-tramite-del-juicio-politico-al-ex-ministro-de-energia\/#primaryimage\",\"url\":\"https:\/\/noti-america.com\/site\/ecuador\/wp-content\/uploads\/sites\/18\/2021\/09\/20-sep-descarga.jpg\",\"contentUrl\":\"https:\/\/noti-america.com\/site\/ecuador\/wp-content\/uploads\/sites\/18\/2021\/09\/20-sep-descarga.jpg\",\"width\":305,\"height\":165},{\"@type\":\"BreadcrumbList\",\"@id\":\"https:\/\/noti-america.com\/site\/ecuador\/2021\/09\/20\/asamblea-inicio-el-tramite-del-juicio-politico-al-ex-ministro-de-energia\/#breadcrumb\",\"itemListElement\":[{\"@type\":\"ListItem\",\"position\":1,\"name\":\"Portada\",\"item\":\"https:\/\/noti-america.com\/site\/ecuador\/\"},{\"@type\":\"ListItem\",\"position\":2,\"name\":\"Asamblea inici\u00f3 el tr\u00e1mite del juicio pol\u00edtico al ex ministro de Energ\u00eda\"}]},{\"@type\":\"WebSite\",\"@id\":\"https:\/\/noti-america.com\/site\/ecuador\/#website\",\"url\":\"https:\/\/noti-america.com\/site\/ecuador\/\",\"name\":\"Ecuador | Noti-America.com\",\"description\":\"\",\"publisher\":{\"@id\":\"https:\/\/noti-america.com\/site\/ecuador\/#organization\"},\"potentialAction\":[{\"@type\":\"SearchAction\",\"target\":{\"@type\":\"EntryPoint\",\"urlTemplate\":\"https:\/\/noti-america.com\/site\/ecuador\/?s={search_term_string}\"},\"query-input\":{\"@type\":\"PropertyValueSpecification\",\"valueRequired\":true,\"valueName\":\"search_term_string\"}}],\"inLanguage\":\"es\"},{\"@type\":\"Organization\",\"@id\":\"https:\/\/noti-america.com\/site\/ecuador\/#organization\",\"name\":\"Noti-America LLC | Ecuador\",\"url\":\"https:\/\/noti-america.com\/site\/ecuador\/\",\"logo\":{\"@type\":\"ImageObject\",\"inLanguage\":\"es\",\"@id\":\"https:\/\/noti-america.com\/site\/ecuador\/#\/schema\/logo\/image\/\",\"url\":\"https:\/\/noti-america.com\/site\/ecuador\/wp-content\/uploads\/sites\/18\/2020\/07\/LogoNA-4x3-1.jpg\",\"contentUrl\":\"https:\/\/noti-america.com\/site\/ecuador\/wp-content\/uploads\/sites\/18\/2020\/07\/LogoNA-4x3-1.jpg\",\"width\":1236,\"height\":1080,\"caption\":\"Noti-America LLC | Ecuador\"},\"image\":{\"@id\":\"https:\/\/noti-america.com\/site\/ecuador\/#\/schema\/logo\/image\/\"},\"sameAs\":[\"https:\/\/x.com\/notiamerica\"]},{\"@type\":\"Person\",\"@id\":\"https:\/\/noti-america.com\/site\/ecuador\/#\/schema\/person\/b9d1630cc6598af759d45c790a347283\",\"name\":\"Henry Ortiz\",\"image\":{\"@type\":\"ImageObject\",\"inLanguage\":\"es\",\"@id\":\"https:\/\/secure.gravatar.com\/avatar\/0b5407b5b302fbb6a578e625dca512ac2983ee5fa9ea941d581b83c40212e4c8?s=96&d=mm&r=g\",\"url\":\"https:\/\/secure.gravatar.com\/avatar\/0b5407b5b302fbb6a578e625dca512ac2983ee5fa9ea941d581b83c40212e4c8?s=96&d=mm&r=g\",\"contentUrl\":\"https:\/\/secure.gravatar.com\/avatar\/0b5407b5b302fbb6a578e625dca512ac2983ee5fa9ea941d581b83c40212e4c8?s=96&d=mm&r=g\",\"caption\":\"Henry Ortiz\"},\"url\":\"https:\/\/noti-america.com\/site\/ecuador\/author\/hortiz\/\"}]}<\/script>\n<!-- \/ Yoast SEO Premium plugin. -->","yoast_head_json":{"title":"Asamblea inici\u00f3 el tr\u00e1mite del juicio pol\u00edtico al ex ministro de Energ\u00eda - Ecuador | Noti-America.com","robots":{"index":"index","follow":"follow","max-snippet":"max-snippet:-1","max-image-preview":"max-image-preview:large","max-video-preview":"max-video-preview:-1"},"canonical":"https:\/\/noti-america.com\/site\/ecuador\/2021\/09\/20\/asamblea-inicio-el-tramite-del-juicio-politico-al-ex-ministro-de-energia\/","og_locale":"es_ES","og_type":"article","og_title":"Asamblea inici\u00f3 el tr\u00e1mite del juicio pol\u00edtico al ex ministro de Energ\u00eda","og_description":"REDACCI\u00d3N NOTI AM\u00c9RICA (ECUADOR) La Comisi\u00f3n de Fiscalizaci\u00f3n y Control Pol\u00edtico, por unanimidad de los ocho presentes, calific\u00f3 la solicitud de juicio pol\u00edtico en contra del exministro de Energ\u00eda y Recursos Naturales no Renovables,&#46;&#46;&#46;","og_url":"https:\/\/noti-america.com\/site\/ecuador\/2021\/09\/20\/asamblea-inicio-el-tramite-del-juicio-politico-al-ex-ministro-de-energia\/","og_site_name":"Ecuador | Noti-America.com","article_published_time":"2021-09-20T13:47:15+00:00","og_image":[{"width":305,"height":165,"url":"https:\/\/noti-america.com\/site\/ecuador\/wp-content\/uploads\/sites\/18\/2021\/09\/20-sep-descarga.jpg","type":"image\/jpeg"}],"author":"Henry Ortiz","twitter_card":"summary_large_image","twitter_creator":"@notiamerica","twitter_site":"@notiamerica","twitter_misc":{"Escrito por":"Henry Ortiz","Tiempo estimado de lectura":"2 minutos"},"schema":{"@context":"https:\/\/schema.org","@graph":[{"@type":"Article","@id":"https:\/\/noti-america.com\/site\/ecuador\/2021\/09\/20\/asamblea-inicio-el-tramite-del-juicio-politico-al-ex-ministro-de-energia\/#article","isPartOf":{"@id":"https:\/\/noti-america.com\/site\/ecuador\/2021\/09\/20\/asamblea-inicio-el-tramite-del-juicio-politico-al-ex-ministro-de-energia\/"},"author":{"name":"Henry Ortiz","@id":"https:\/\/noti-america.com\/site\/ecuador\/#\/schema\/person\/b9d1630cc6598af759d45c790a347283"},"headline":"Asamblea inici\u00f3 el tr\u00e1mite del juicio pol\u00edtico al ex ministro de Energ\u00eda","datePublished":"2021-09-20T13:47:15+00:00","mainEntityOfPage":{"@id":"https:\/\/noti-america.com\/site\/ecuador\/2021\/09\/20\/asamblea-inicio-el-tramite-del-juicio-politico-al-ex-ministro-de-energia\/"},"wordCount":395,"commentCount":0,"publisher":{"@id":"https:\/\/noti-america.com\/site\/ecuador\/#organization"},"image":{"@id":"https:\/\/noti-america.com\/site\/ecuador\/2021\/09\/20\/asamblea-inicio-el-tramite-del-juicio-politico-al-ex-ministro-de-energia\/#primaryimage"},"thumbnailUrl":"https:\/\/noti-america.com\/site\/ecuador\/wp-content\/uploads\/sites\/18\/2021\/09\/20-sep-descarga.jpg","articleSection":["Pol\u00edtica"],"inLanguage":"es","potentialAction":[{"@type":"CommentAction","name":"Comment","target":["https:\/\/noti-america.com\/site\/ecuador\/2021\/09\/20\/asamblea-inicio-el-tramite-del-juicio-politico-al-ex-ministro-de-energia\/#respond"]}]},{"@type":"WebPage","@id":"https:\/\/noti-america.com\/site\/ecuador\/2021\/09\/20\/asamblea-inicio-el-tramite-del-juicio-politico-al-ex-ministro-de-energia\/","url":"https:\/\/noti-america.com\/site\/ecuador\/2021\/09\/20\/asamblea-inicio-el-tramite-del-juicio-politico-al-ex-ministro-de-energia\/","name":"Asamblea inici\u00f3 el tr\u00e1mite del juicio pol\u00edtico al ex ministro de Energ\u00eda - Ecuador | Noti-America.com","isPartOf":{"@id":"https:\/\/noti-america.com\/site\/ecuador\/#website"},"primaryImageOfPage":{"@id":"https:\/\/noti-america.com\/site\/ecuador\/2021\/09\/20\/asamblea-inicio-el-tramite-del-juicio-politico-al-ex-ministro-de-energia\/#primaryimage"},"image":{"@id":"https:\/\/noti-america.com\/site\/ecuador\/2021\/09\/20\/asamblea-inicio-el-tramite-del-juicio-politico-al-ex-ministro-de-energia\/#primaryimage"},"thumbnailUrl":"https:\/\/noti-america.com\/site\/ecuador\/wp-content\/uploads\/sites\/18\/2021\/09\/20-sep-descarga.jpg","datePublished":"2021-09-20T13:47:15+00:00","breadcrumb":{"@id":"https:\/\/noti-america.com\/site\/ecuador\/2021\/09\/20\/asamblea-inicio-el-tramite-del-juicio-politico-al-ex-ministro-de-energia\/#breadcrumb"},"inLanguage":"es","potentialAction":[{"@type":"ReadAction","target":["https:\/\/noti-america.com\/site\/ecuador\/2021\/09\/20\/asamblea-inicio-el-tramite-del-juicio-politico-al-ex-ministro-de-energia\/"]}]},{"@type":"ImageObject","inLanguage":"es","@id":"https:\/\/noti-america.com\/site\/ecuador\/2021\/09\/20\/asamblea-inicio-el-tramite-del-juicio-politico-al-ex-ministro-de-energia\/#primaryimage","url":"https:\/\/noti-america.com\/site\/ecuador\/wp-content\/uploads\/sites\/18\/2021\/09\/20-sep-descarga.jpg","contentUrl":"https:\/\/noti-america.com\/site\/ecuador\/wp-content\/uploads\/sites\/18\/2021\/09\/20-sep-descarga.jpg","width":305,"height":165},{"@type":"BreadcrumbList","@id":"https:\/\/noti-america.com\/site\/ecuador\/2021\/09\/20\/asamblea-inicio-el-tramite-del-juicio-politico-al-ex-ministro-de-energia\/#breadcrumb","itemListElement":[{"@type":"ListItem","position":1,"name":"Portada","item":"https:\/\/noti-america.com\/site\/ecuador\/"},{"@type":"ListItem","position":2,"name":"Asamblea inici\u00f3 el tr\u00e1mite del juicio pol\u00edtico al ex ministro de Energ\u00eda"}]},{"@type":"WebSite","@id":"https:\/\/noti-america.com\/site\/ecuador\/#website","url":"https:\/\/noti-america.com\/site\/ecuador\/","name":"Ecuador | Noti-America.com","description":"","publisher":{"@id":"https:\/\/noti-america.com\/site\/ecuador\/#organization"},"potentialAction":[{"@type":"SearchAction","target":{"@type":"EntryPoint","urlTemplate":"https:\/\/noti-america.com\/site\/ecuador\/?s={search_term_string}"},"query-input":{"@type":"PropertyValueSpecification","valueRequired":true,"valueName":"search_term_string"}}],"inLanguage":"es"},{"@type":"Organization","@id":"https:\/\/noti-america.com\/site\/ecuador\/#organization","name":"Noti-America LLC | Ecuador","url":"https:\/\/noti-america.com\/site\/ecuador\/","logo":{"@type":"ImageObject","inLanguage":"es","@id":"https:\/\/noti-america.com\/site\/ecuador\/#\/schema\/logo\/image\/","url":"https:\/\/noti-america.com\/site\/ecuador\/wp-content\/uploads\/sites\/18\/2020\/07\/LogoNA-4x3-1.jpg","contentUrl":"https:\/\/noti-america.com\/site\/ecuador\/wp-content\/uploads\/sites\/18\/2020\/07\/LogoNA-4x3-1.jpg","width":1236,"height":1080,"caption":"Noti-America LLC | Ecuador"},"image":{"@id":"https:\/\/noti-america.com\/site\/ecuador\/#\/schema\/logo\/image\/"},"sameAs":["https:\/\/x.com\/notiamerica"]},{"@type":"Person","@id":"https:\/\/noti-america.com\/site\/ecuador\/#\/schema\/person\/b9d1630cc6598af759d45c790a347283","name":"Henry Ortiz","image":{"@type":"ImageObject","inLanguage":"es","@id":"https:\/\/secure.gravatar.com\/avatar\/0b5407b5b302fbb6a578e625dca512ac2983ee5fa9ea941d581b83c40212e4c8?s=96&d=mm&r=g","url":"https:\/\/secure.gravatar.com\/avatar\/0b5407b5b302fbb6a578e625dca512ac2983ee5fa9ea941d581b83c40212e4c8?s=96&d=mm&r=g","contentUrl":"https:\/\/secure.gravatar.com\/avatar\/0b5407b5b302fbb6a578e625dca512ac2983ee5fa9ea941d581b83c40212e4c8?s=96&d=mm&r=g","caption":"Henry Ortiz"},"url":"https:\/\/noti-america.com\/site\/ecuador\/author\/hortiz\/"}]}},"_links":{"self":[{"href":"https:\/\/noti-america.com\/site\/ecuador\/wp-json\/wp\/v2\/posts\/16438","targetHints":{"allow":["GET"]}}],"collection":[{"href":"https:\/\/noti-america.com\/site\/ecuador\/wp-json\/wp\/v2\/posts"}],"about":[{"href":"https:\/\/noti-america.com\/site\/ecuador\/wp-json\/wp\/v2\/types\/post"}],"author":[{"embeddable":true,"href":"https:\/\/noti-america.com\/site\/ecuador\/wp-json\/wp\/v2\/users\/113"}],"replies":[{"embeddable":true,"href":"https:\/\/noti-america.com\/site\/ecuador\/wp-json\/wp\/v2\/comments?post=16438"}],"version-history":[{"count":1,"href":"https:\/\/noti-america.com\/site\/ecuador\/wp-json\/wp\/v2\/posts\/16438\/revisions"}],"predecessor-version":[{"id":16440,"href":"https:\/\/noti-america.com\/site\/ecuador\/wp-json\/wp\/v2\/posts\/16438\/revisions\/16440"}],"wp:featuredmedia":[{"embeddable":true,"href":"https:\/\/noti-america.com\/site\/ecuador\/wp-json\/wp\/v2\/media\/16439"}],"wp:attachment":[{"href":"https:\/\/noti-america.com\/site\/ecuador\/wp-json\/wp\/v2\/media?parent=16438"}],"wp:term":[{"taxonomy":"category","embeddable":true,"href":"https:\/\/noti-america.com\/site\/ecuador\/wp-json\/wp\/v2\/categories?post=16438"},{"taxonomy":"post_tag","embeddable":true,"href":"https:\/\/noti-america.com\/site\/ecuador\/wp-json\/wp\/v2\/tags?post=16438"}],"curies":[{"name":"wp","href":"https:\/\/api.w.org\/{rel}","templated":true}]}}