{"id":16347,"date":"2021-09-13T14:32:12","date_gmt":"2021-09-13T14:32:12","guid":{"rendered":"https:\/\/noti-america.com\/site\/ecuador\/?p=16347"},"modified":"2021-09-13T14:32:12","modified_gmt":"2021-09-13T14:32:12","slug":"feria-del-libro-de-guayaquil-fue-un-exito-en-promover-la-lectura-en-ecuador","status":"publish","type":"post","link":"https:\/\/noti-america.com\/site\/ecuador\/2021\/09\/13\/feria-del-libro-de-guayaquil-fue-un-exito-en-promover-la-lectura-en-ecuador\/","title":{"rendered":"Feria del Libro de Guayaquil fue un \u00e9xito en promover la lectura en Ecuador"},"content":{"rendered":"<p><strong>REDACCI\u00d3N NOTI AM\u00c9RICA (ECUADOR)<\/strong><\/p>\n<div id=\"attachment_16348\" style=\"width: 600px\" class=\"wp-caption aligncenter\"><img loading=\"lazy\" decoding=\"async\" aria-describedby=\"caption-attachment-16348\" class=\"wp-image-16348\" src=\"https:\/\/noti-america.com\/site\/ecuador\/wp-content\/uploads\/sites\/18\/2021\/09\/FERIA-DEL-LIBRO-5-300x200.jpeg\" alt=\"\" width=\"590\" height=\"393\" srcset=\"https:\/\/noti-america.com\/site\/ecuador\/wp-content\/uploads\/sites\/18\/2021\/09\/FERIA-DEL-LIBRO-5-300x200.jpeg 300w, https:\/\/noti-america.com\/site\/ecuador\/wp-content\/uploads\/sites\/18\/2021\/09\/FERIA-DEL-LIBRO-5-1024x683.jpeg 1024w, https:\/\/noti-america.com\/site\/ecuador\/wp-content\/uploads\/sites\/18\/2021\/09\/FERIA-DEL-LIBRO-5-768x512.jpeg 768w, https:\/\/noti-america.com\/site\/ecuador\/wp-content\/uploads\/sites\/18\/2021\/09\/FERIA-DEL-LIBRO-5-272x182.jpeg 272w, https:\/\/noti-america.com\/site\/ecuador\/wp-content\/uploads\/sites\/18\/2021\/09\/FERIA-DEL-LIBRO-5.jpeg 1503w\" sizes=\"auto, (max-width: 590px) 100vw, 590px\" \/><p id=\"caption-attachment-16348\" class=\"wp-caption-text\">El Centro de Convenciones Sim\u00f3n Bol\u00edvar fue el escenario para la feria.<\/p><\/div>\n<p style=\"text-align: justify\"><span style=\"font-weight: 400\">La Feria Internacional del Libro Guayaquil es mi destino para leer y\u00a0 crecer, en su VII Edici\u00f3n, concluy\u00f3 ayer una gran concurrencia de publico en sus <\/span>50 stands de librer\u00edas y\u00a0 editoriales; adem\u00e1s, de conferencias de m\u00e1s de 40 autores nacionales\u00a0 e internaciones, con la finalidad de incentivar el h\u00e1bito de la lectura en\u00a0 los ciudadanos, principalmente en los ni\u00f1os y j\u00f3venes.<\/p>\n<p style=\"text-align: justify\"><span style=\"font-weight: 400\">Daisy Mac\u00edas Mendoza lleg\u00f3 a la feria desde Portoviejo, en compa\u00f1\u00eda\u00a0 de sus hijos y sobrina, y se mostr\u00f3 muy contenta al encontrar gran\u00a0 variedad de oferta literaria. <\/span><\/p>\n<p style=\"text-align: justify\"><span style=\"font-weight: 400\">\u201cCompramos varios libros, la verdad que\u00a0 es una locura, no sab\u00eda que libro escoger, porque hay de todo. Esta es\u00a0 una gran iniciativa, la felicito a la alcaldesa por fomentar esta feria\u201d,\u00a0 expres\u00f3.\u00a0<\/span><\/p>\n<p style=\"text-align: justify\"><span style=\"font-weight: 400\">Romina Cavagnaro tambi\u00e9n asegur\u00f3 que \u201cesta feria me ha encantado,\u00a0 estoy feliz y emocionada que hayan tra\u00eddo escritoras muy buenas; me\u00a0 gusta porque les han dado m\u00e1s oportunidad ahora a los libros m\u00e1s\u00a0 juveniles\u201d.\u00a0<\/span><\/p>\n<p style=\"text-align: justify\"><span style=\"font-weight: 400\">Camilo Ch\u00e1vez, quien estuvo presente en la feria con su hija, dijo que esta iniciativa se debe fortalecer para difundir la cultura, mucho m\u00e1s\u00a0 en los ni\u00f1os y adolescentes. \u201cEl mejor amigo y compa\u00f1ero de las\u00a0 personas es un libro, me parece extraordinario esta feria\u201d.<\/span><\/p>\n","protected":false},"excerpt":{"rendered":"<p>REDACCI\u00d3N NOTI AM\u00c9RICA (ECUADOR) La Feria Internacional del Libro Guayaquil es mi destino para leer y\u00a0 crecer, en su VII Edici\u00f3n, concluy\u00f3 ayer una gran concurrencia de publico en sus 50 stands de librer\u00edas&#46;&#46;&#46;<\/p>\n","protected":false},"author":113,"featured_media":16348,"comment_status":"open","ping_status":"open","sticky":false,"template":"","format":"standard","meta":{"_acf_changed":false,"om_disable_all_campaigns":false,"rop_custom_images_group":[],"rop_custom_messages_group":[],"rop_publish_now":"initial","rop_publish_now_accounts":{"twitter_242054905_242054905":""},"rop_publish_now_history":[],"rop_publish_now_status":"pending","_uf_show_specific_survey":0,"_uf_disable_surveys":false,"footnotes":""},"categories":[125],"tags":[],"class_list":["post-16347","post","type-post","status-publish","format-standard","has-post-thumbnail","hentry","category-actualidad"],"acf":[],"aioseo_notices":[],"yoast_head":"<!-- This site is optimized with the Yoast SEO Premium plugin v24.9 (Yoast SEO v27.2) - https:\/\/yoast.com\/product\/yoast-seo-premium-wordpress\/ -->\n<title>Feria del Libro de Guayaquil fue un \u00e9xito en promover la lectura en Ecuador - Ecuador | Noti-America.com<\/title>\n<meta name=\"robots\" content=\"index, follow, max-snippet:-1, max-image-preview:large, max-video-preview:-1\" \/>\n<link rel=\"canonical\" href=\"https:\/\/noti-america.com\/site\/ecuador\/2021\/09\/13\/feria-del-libro-de-guayaquil-fue-un-exito-en-promover-la-lectura-en-ecuador\/\" \/>\n<meta property=\"og:locale\" content=\"es_ES\" \/>\n<meta property=\"og:type\" content=\"article\" \/>\n<meta property=\"og:title\" content=\"Feria del Libro de Guayaquil fue un \u00e9xito en promover la lectura en Ecuador\" \/>\n<meta property=\"og:description\" content=\"REDACCI\u00d3N NOTI AM\u00c9RICA (ECUADOR) La Feria Internacional del Libro Guayaquil es mi destino para leer y\u00a0 crecer, en su VII Edici\u00f3n, concluy\u00f3 ayer una gran concurrencia de publico en sus 50 stands de librer\u00edas&#046;&#046;&#046;\" \/>\n<meta property=\"og:url\" content=\"https:\/\/noti-america.com\/site\/ecuador\/2021\/09\/13\/feria-del-libro-de-guayaquil-fue-un-exito-en-promover-la-lectura-en-ecuador\/\" \/>\n<meta property=\"og:site_name\" content=\"Ecuador | Noti-America.com\" \/>\n<meta property=\"article:published_time\" content=\"2021-09-13T14:32:12+00:00\" \/>\n<meta property=\"og:image\" content=\"https:\/\/noti-america.com\/site\/ecuador\/wp-content\/uploads\/sites\/18\/2021\/09\/FERIA-DEL-LIBRO-5.jpeg\" \/>\n\t<meta property=\"og:image:width\" content=\"1503\" \/>\n\t<meta property=\"og:image:height\" content=\"1002\" \/>\n\t<meta property=\"og:image:type\" content=\"image\/jpeg\" \/>\n<meta name=\"author\" content=\"Henry Ortiz\" \/>\n<meta name=\"twitter:card\" content=\"summary_large_image\" \/>\n<meta name=\"twitter:creator\" content=\"@notiamerica\" \/>\n<meta name=\"twitter:site\" content=\"@notiamerica\" \/>\n<meta name=\"twitter:label1\" content=\"Escrito por\" \/>\n\t<meta name=\"twitter:data1\" content=\"Henry Ortiz\" \/>\n\t<meta name=\"twitter:label2\" content=\"Tiempo estimado de lectura\" \/>\n\t<meta name=\"twitter:data2\" content=\"2 minutos\" \/>\n<script type=\"application\/ld+json\" class=\"yoast-schema-graph\">{\"@context\":\"https:\/\/schema.org\",\"@graph\":[{\"@type\":\"Article\",\"@id\":\"https:\/\/noti-america.com\/site\/ecuador\/2021\/09\/13\/feria-del-libro-de-guayaquil-fue-un-exito-en-promover-la-lectura-en-ecuador\/#article\",\"isPartOf\":{\"@id\":\"https:\/\/noti-america.com\/site\/ecuador\/2021\/09\/13\/feria-del-libro-de-guayaquil-fue-un-exito-en-promover-la-lectura-en-ecuador\/\"},\"author\":{\"name\":\"Henry Ortiz\",\"@id\":\"https:\/\/noti-america.com\/site\/ecuador\/#\/schema\/person\/b9d1630cc6598af759d45c790a347283\"},\"headline\":\"Feria del Libro de Guayaquil fue un \u00e9xito en promover la lectura en Ecuador\",\"datePublished\":\"2021-09-13T14:32:12+00:00\",\"mainEntityOfPage\":{\"@id\":\"https:\/\/noti-america.com\/site\/ecuador\/2021\/09\/13\/feria-del-libro-de-guayaquil-fue-un-exito-en-promover-la-lectura-en-ecuador\/\"},\"wordCount\":259,\"commentCount\":0,\"publisher\":{\"@id\":\"https:\/\/noti-america.com\/site\/ecuador\/#organization\"},\"image\":{\"@id\":\"https:\/\/noti-america.com\/site\/ecuador\/2021\/09\/13\/feria-del-libro-de-guayaquil-fue-un-exito-en-promover-la-lectura-en-ecuador\/#primaryimage\"},\"thumbnailUrl\":\"https:\/\/noti-america.com\/site\/ecuador\/wp-content\/uploads\/sites\/18\/2021\/09\/FERIA-DEL-LIBRO-5.jpeg\",\"articleSection\":[\"Actualidad\"],\"inLanguage\":\"es\",\"potentialAction\":[{\"@type\":\"CommentAction\",\"name\":\"Comment\",\"target\":[\"https:\/\/noti-america.com\/site\/ecuador\/2021\/09\/13\/feria-del-libro-de-guayaquil-fue-un-exito-en-promover-la-lectura-en-ecuador\/#respond\"]}]},{\"@type\":\"WebPage\",\"@id\":\"https:\/\/noti-america.com\/site\/ecuador\/2021\/09\/13\/feria-del-libro-de-guayaquil-fue-un-exito-en-promover-la-lectura-en-ecuador\/\",\"url\":\"https:\/\/noti-america.com\/site\/ecuador\/2021\/09\/13\/feria-del-libro-de-guayaquil-fue-un-exito-en-promover-la-lectura-en-ecuador\/\",\"name\":\"Feria del Libro de Guayaquil fue un \u00e9xito en promover la lectura en Ecuador - Ecuador | Noti-America.com\",\"isPartOf\":{\"@id\":\"https:\/\/noti-america.com\/site\/ecuador\/#website\"},\"primaryImageOfPage\":{\"@id\":\"https:\/\/noti-america.com\/site\/ecuador\/2021\/09\/13\/feria-del-libro-de-guayaquil-fue-un-exito-en-promover-la-lectura-en-ecuador\/#primaryimage\"},\"image\":{\"@id\":\"https:\/\/noti-america.com\/site\/ecuador\/2021\/09\/13\/feria-del-libro-de-guayaquil-fue-un-exito-en-promover-la-lectura-en-ecuador\/#primaryimage\"},\"thumbnailUrl\":\"https:\/\/noti-america.com\/site\/ecuador\/wp-content\/uploads\/sites\/18\/2021\/09\/FERIA-DEL-LIBRO-5.jpeg\",\"datePublished\":\"2021-09-13T14:32:12+00:00\",\"breadcrumb\":{\"@id\":\"https:\/\/noti-america.com\/site\/ecuador\/2021\/09\/13\/feria-del-libro-de-guayaquil-fue-un-exito-en-promover-la-lectura-en-ecuador\/#breadcrumb\"},\"inLanguage\":\"es\",\"potentialAction\":[{\"@type\":\"ReadAction\",\"target\":[\"https:\/\/noti-america.com\/site\/ecuador\/2021\/09\/13\/feria-del-libro-de-guayaquil-fue-un-exito-en-promover-la-lectura-en-ecuador\/\"]}]},{\"@type\":\"ImageObject\",\"inLanguage\":\"es\",\"@id\":\"https:\/\/noti-america.com\/site\/ecuador\/2021\/09\/13\/feria-del-libro-de-guayaquil-fue-un-exito-en-promover-la-lectura-en-ecuador\/#primaryimage\",\"url\":\"https:\/\/noti-america.com\/site\/ecuador\/wp-content\/uploads\/sites\/18\/2021\/09\/FERIA-DEL-LIBRO-5.jpeg\",\"contentUrl\":\"https:\/\/noti-america.com\/site\/ecuador\/wp-content\/uploads\/sites\/18\/2021\/09\/FERIA-DEL-LIBRO-5.jpeg\",\"width\":1503,\"height\":1002},{\"@type\":\"BreadcrumbList\",\"@id\":\"https:\/\/noti-america.com\/site\/ecuador\/2021\/09\/13\/feria-del-libro-de-guayaquil-fue-un-exito-en-promover-la-lectura-en-ecuador\/#breadcrumb\",\"itemListElement\":[{\"@type\":\"ListItem\",\"position\":1,\"name\":\"Portada\",\"item\":\"https:\/\/noti-america.com\/site\/ecuador\/\"},{\"@type\":\"ListItem\",\"position\":2,\"name\":\"Feria del Libro de Guayaquil fue un \u00e9xito en promover la lectura en Ecuador\"}]},{\"@type\":\"WebSite\",\"@id\":\"https:\/\/noti-america.com\/site\/ecuador\/#website\",\"url\":\"https:\/\/noti-america.com\/site\/ecuador\/\",\"name\":\"Ecuador | Noti-America.com\",\"description\":\"\",\"publisher\":{\"@id\":\"https:\/\/noti-america.com\/site\/ecuador\/#organization\"},\"potentialAction\":[{\"@type\":\"SearchAction\",\"target\":{\"@type\":\"EntryPoint\",\"urlTemplate\":\"https:\/\/noti-america.com\/site\/ecuador\/?s={search_term_string}\"},\"query-input\":{\"@type\":\"PropertyValueSpecification\",\"valueRequired\":true,\"valueName\":\"search_term_string\"}}],\"inLanguage\":\"es\"},{\"@type\":\"Organization\",\"@id\":\"https:\/\/noti-america.com\/site\/ecuador\/#organization\",\"name\":\"Noti-America LLC | Ecuador\",\"url\":\"https:\/\/noti-america.com\/site\/ecuador\/\",\"logo\":{\"@type\":\"ImageObject\",\"inLanguage\":\"es\",\"@id\":\"https:\/\/noti-america.com\/site\/ecuador\/#\/schema\/logo\/image\/\",\"url\":\"https:\/\/noti-america.com\/site\/ecuador\/wp-content\/uploads\/sites\/18\/2020\/07\/LogoNA-4x3-1.jpg\",\"contentUrl\":\"https:\/\/noti-america.com\/site\/ecuador\/wp-content\/uploads\/sites\/18\/2020\/07\/LogoNA-4x3-1.jpg\",\"width\":1236,\"height\":1080,\"caption\":\"Noti-America LLC | Ecuador\"},\"image\":{\"@id\":\"https:\/\/noti-america.com\/site\/ecuador\/#\/schema\/logo\/image\/\"},\"sameAs\":[\"https:\/\/x.com\/notiamerica\"]},{\"@type\":\"Person\",\"@id\":\"https:\/\/noti-america.com\/site\/ecuador\/#\/schema\/person\/b9d1630cc6598af759d45c790a347283\",\"name\":\"Henry Ortiz\",\"image\":{\"@type\":\"ImageObject\",\"inLanguage\":\"es\",\"@id\":\"https:\/\/secure.gravatar.com\/avatar\/0b5407b5b302fbb6a578e625dca512ac2983ee5fa9ea941d581b83c40212e4c8?s=96&d=mm&r=g\",\"url\":\"https:\/\/secure.gravatar.com\/avatar\/0b5407b5b302fbb6a578e625dca512ac2983ee5fa9ea941d581b83c40212e4c8?s=96&d=mm&r=g\",\"contentUrl\":\"https:\/\/secure.gravatar.com\/avatar\/0b5407b5b302fbb6a578e625dca512ac2983ee5fa9ea941d581b83c40212e4c8?s=96&d=mm&r=g\",\"caption\":\"Henry Ortiz\"},\"url\":\"https:\/\/noti-america.com\/site\/ecuador\/author\/hortiz\/\"}]}<\/script>\n<!-- \/ Yoast SEO Premium plugin. -->","yoast_head_json":{"title":"Feria del Libro de Guayaquil fue un \u00e9xito en promover la lectura en Ecuador - Ecuador | Noti-America.com","robots":{"index":"index","follow":"follow","max-snippet":"max-snippet:-1","max-image-preview":"max-image-preview:large","max-video-preview":"max-video-preview:-1"},"canonical":"https:\/\/noti-america.com\/site\/ecuador\/2021\/09\/13\/feria-del-libro-de-guayaquil-fue-un-exito-en-promover-la-lectura-en-ecuador\/","og_locale":"es_ES","og_type":"article","og_title":"Feria del Libro de Guayaquil fue un \u00e9xito en promover la lectura en Ecuador","og_description":"REDACCI\u00d3N NOTI AM\u00c9RICA (ECUADOR) La Feria Internacional del Libro Guayaquil es mi destino para leer y\u00a0 crecer, en su VII Edici\u00f3n, concluy\u00f3 ayer una gran concurrencia de publico en sus 50 stands de librer\u00edas&#46;&#46;&#46;","og_url":"https:\/\/noti-america.com\/site\/ecuador\/2021\/09\/13\/feria-del-libro-de-guayaquil-fue-un-exito-en-promover-la-lectura-en-ecuador\/","og_site_name":"Ecuador | Noti-America.com","article_published_time":"2021-09-13T14:32:12+00:00","og_image":[{"width":1503,"height":1002,"url":"https:\/\/noti-america.com\/site\/ecuador\/wp-content\/uploads\/sites\/18\/2021\/09\/FERIA-DEL-LIBRO-5.jpeg","type":"image\/jpeg"}],"author":"Henry Ortiz","twitter_card":"summary_large_image","twitter_creator":"@notiamerica","twitter_site":"@notiamerica","twitter_misc":{"Escrito por":"Henry Ortiz","Tiempo estimado de lectura":"2 minutos"},"schema":{"@context":"https:\/\/schema.org","@graph":[{"@type":"Article","@id":"https:\/\/noti-america.com\/site\/ecuador\/2021\/09\/13\/feria-del-libro-de-guayaquil-fue-un-exito-en-promover-la-lectura-en-ecuador\/#article","isPartOf":{"@id":"https:\/\/noti-america.com\/site\/ecuador\/2021\/09\/13\/feria-del-libro-de-guayaquil-fue-un-exito-en-promover-la-lectura-en-ecuador\/"},"author":{"name":"Henry Ortiz","@id":"https:\/\/noti-america.com\/site\/ecuador\/#\/schema\/person\/b9d1630cc6598af759d45c790a347283"},"headline":"Feria del Libro de Guayaquil fue un \u00e9xito en promover la lectura en Ecuador","datePublished":"2021-09-13T14:32:12+00:00","mainEntityOfPage":{"@id":"https:\/\/noti-america.com\/site\/ecuador\/2021\/09\/13\/feria-del-libro-de-guayaquil-fue-un-exito-en-promover-la-lectura-en-ecuador\/"},"wordCount":259,"commentCount":0,"publisher":{"@id":"https:\/\/noti-america.com\/site\/ecuador\/#organization"},"image":{"@id":"https:\/\/noti-america.com\/site\/ecuador\/2021\/09\/13\/feria-del-libro-de-guayaquil-fue-un-exito-en-promover-la-lectura-en-ecuador\/#primaryimage"},"thumbnailUrl":"https:\/\/noti-america.com\/site\/ecuador\/wp-content\/uploads\/sites\/18\/2021\/09\/FERIA-DEL-LIBRO-5.jpeg","articleSection":["Actualidad"],"inLanguage":"es","potentialAction":[{"@type":"CommentAction","name":"Comment","target":["https:\/\/noti-america.com\/site\/ecuador\/2021\/09\/13\/feria-del-libro-de-guayaquil-fue-un-exito-en-promover-la-lectura-en-ecuador\/#respond"]}]},{"@type":"WebPage","@id":"https:\/\/noti-america.com\/site\/ecuador\/2021\/09\/13\/feria-del-libro-de-guayaquil-fue-un-exito-en-promover-la-lectura-en-ecuador\/","url":"https:\/\/noti-america.com\/site\/ecuador\/2021\/09\/13\/feria-del-libro-de-guayaquil-fue-un-exito-en-promover-la-lectura-en-ecuador\/","name":"Feria del Libro de Guayaquil fue un \u00e9xito en promover la lectura en Ecuador - Ecuador | Noti-America.com","isPartOf":{"@id":"https:\/\/noti-america.com\/site\/ecuador\/#website"},"primaryImageOfPage":{"@id":"https:\/\/noti-america.com\/site\/ecuador\/2021\/09\/13\/feria-del-libro-de-guayaquil-fue-un-exito-en-promover-la-lectura-en-ecuador\/#primaryimage"},"image":{"@id":"https:\/\/noti-america.com\/site\/ecuador\/2021\/09\/13\/feria-del-libro-de-guayaquil-fue-un-exito-en-promover-la-lectura-en-ecuador\/#primaryimage"},"thumbnailUrl":"https:\/\/noti-america.com\/site\/ecuador\/wp-content\/uploads\/sites\/18\/2021\/09\/FERIA-DEL-LIBRO-5.jpeg","datePublished":"2021-09-13T14:32:12+00:00","breadcrumb":{"@id":"https:\/\/noti-america.com\/site\/ecuador\/2021\/09\/13\/feria-del-libro-de-guayaquil-fue-un-exito-en-promover-la-lectura-en-ecuador\/#breadcrumb"},"inLanguage":"es","potentialAction":[{"@type":"ReadAction","target":["https:\/\/noti-america.com\/site\/ecuador\/2021\/09\/13\/feria-del-libro-de-guayaquil-fue-un-exito-en-promover-la-lectura-en-ecuador\/"]}]},{"@type":"ImageObject","inLanguage":"es","@id":"https:\/\/noti-america.com\/site\/ecuador\/2021\/09\/13\/feria-del-libro-de-guayaquil-fue-un-exito-en-promover-la-lectura-en-ecuador\/#primaryimage","url":"https:\/\/noti-america.com\/site\/ecuador\/wp-content\/uploads\/sites\/18\/2021\/09\/FERIA-DEL-LIBRO-5.jpeg","contentUrl":"https:\/\/noti-america.com\/site\/ecuador\/wp-content\/uploads\/sites\/18\/2021\/09\/FERIA-DEL-LIBRO-5.jpeg","width":1503,"height":1002},{"@type":"BreadcrumbList","@id":"https:\/\/noti-america.com\/site\/ecuador\/2021\/09\/13\/feria-del-libro-de-guayaquil-fue-un-exito-en-promover-la-lectura-en-ecuador\/#breadcrumb","itemListElement":[{"@type":"ListItem","position":1,"name":"Portada","item":"https:\/\/noti-america.com\/site\/ecuador\/"},{"@type":"ListItem","position":2,"name":"Feria del Libro de Guayaquil fue un \u00e9xito en promover la lectura en Ecuador"}]},{"@type":"WebSite","@id":"https:\/\/noti-america.com\/site\/ecuador\/#website","url":"https:\/\/noti-america.com\/site\/ecuador\/","name":"Ecuador | Noti-America.com","description":"","publisher":{"@id":"https:\/\/noti-america.com\/site\/ecuador\/#organization"},"potentialAction":[{"@type":"SearchAction","target":{"@type":"EntryPoint","urlTemplate":"https:\/\/noti-america.com\/site\/ecuador\/?s={search_term_string}"},"query-input":{"@type":"PropertyValueSpecification","valueRequired":true,"valueName":"search_term_string"}}],"inLanguage":"es"},{"@type":"Organization","@id":"https:\/\/noti-america.com\/site\/ecuador\/#organization","name":"Noti-America LLC | Ecuador","url":"https:\/\/noti-america.com\/site\/ecuador\/","logo":{"@type":"ImageObject","inLanguage":"es","@id":"https:\/\/noti-america.com\/site\/ecuador\/#\/schema\/logo\/image\/","url":"https:\/\/noti-america.com\/site\/ecuador\/wp-content\/uploads\/sites\/18\/2020\/07\/LogoNA-4x3-1.jpg","contentUrl":"https:\/\/noti-america.com\/site\/ecuador\/wp-content\/uploads\/sites\/18\/2020\/07\/LogoNA-4x3-1.jpg","width":1236,"height":1080,"caption":"Noti-America LLC | Ecuador"},"image":{"@id":"https:\/\/noti-america.com\/site\/ecuador\/#\/schema\/logo\/image\/"},"sameAs":["https:\/\/x.com\/notiamerica"]},{"@type":"Person","@id":"https:\/\/noti-america.com\/site\/ecuador\/#\/schema\/person\/b9d1630cc6598af759d45c790a347283","name":"Henry Ortiz","image":{"@type":"ImageObject","inLanguage":"es","@id":"https:\/\/secure.gravatar.com\/avatar\/0b5407b5b302fbb6a578e625dca512ac2983ee5fa9ea941d581b83c40212e4c8?s=96&d=mm&r=g","url":"https:\/\/secure.gravatar.com\/avatar\/0b5407b5b302fbb6a578e625dca512ac2983ee5fa9ea941d581b83c40212e4c8?s=96&d=mm&r=g","contentUrl":"https:\/\/secure.gravatar.com\/avatar\/0b5407b5b302fbb6a578e625dca512ac2983ee5fa9ea941d581b83c40212e4c8?s=96&d=mm&r=g","caption":"Henry Ortiz"},"url":"https:\/\/noti-america.com\/site\/ecuador\/author\/hortiz\/"}]}},"_links":{"self":[{"href":"https:\/\/noti-america.com\/site\/ecuador\/wp-json\/wp\/v2\/posts\/16347","targetHints":{"allow":["GET"]}}],"collection":[{"href":"https:\/\/noti-america.com\/site\/ecuador\/wp-json\/wp\/v2\/posts"}],"about":[{"href":"https:\/\/noti-america.com\/site\/ecuador\/wp-json\/wp\/v2\/types\/post"}],"author":[{"embeddable":true,"href":"https:\/\/noti-america.com\/site\/ecuador\/wp-json\/wp\/v2\/users\/113"}],"replies":[{"embeddable":true,"href":"https:\/\/noti-america.com\/site\/ecuador\/wp-json\/wp\/v2\/comments?post=16347"}],"version-history":[{"count":1,"href":"https:\/\/noti-america.com\/site\/ecuador\/wp-json\/wp\/v2\/posts\/16347\/revisions"}],"predecessor-version":[{"id":16349,"href":"https:\/\/noti-america.com\/site\/ecuador\/wp-json\/wp\/v2\/posts\/16347\/revisions\/16349"}],"wp:featuredmedia":[{"embeddable":true,"href":"https:\/\/noti-america.com\/site\/ecuador\/wp-json\/wp\/v2\/media\/16348"}],"wp:attachment":[{"href":"https:\/\/noti-america.com\/site\/ecuador\/wp-json\/wp\/v2\/media?parent=16347"}],"wp:term":[{"taxonomy":"category","embeddable":true,"href":"https:\/\/noti-america.com\/site\/ecuador\/wp-json\/wp\/v2\/categories?post=16347"},{"taxonomy":"post_tag","embeddable":true,"href":"https:\/\/noti-america.com\/site\/ecuador\/wp-json\/wp\/v2\/tags?post=16347"}],"curies":[{"name":"wp","href":"https:\/\/api.w.org\/{rel}","templated":true}]}}