{"id":16305,"date":"2021-09-10T13:05:57","date_gmt":"2021-09-10T13:05:57","guid":{"rendered":"https:\/\/noti-america.com\/site\/ecuador\/?p=16305"},"modified":"2021-09-10T13:05:57","modified_gmt":"2021-09-10T13:05:57","slug":"estudiantes-postrados-en-hospitales-iniciaron-el-ano-escolar-2021-2022","status":"publish","type":"post","link":"https:\/\/noti-america.com\/site\/ecuador\/2021\/09\/10\/estudiantes-postrados-en-hospitales-iniciaron-el-ano-escolar-2021-2022\/","title":{"rendered":"Estudiantes postrados en hospitales iniciaron el a\u00f1o escolar 2021-2022"},"content":{"rendered":"<p><strong>REDACCI\u00d3N NOTI AM\u00c9RICA (ECUADOR)<\/strong><\/p>\n<div id=\"attachment_16306\" style=\"width: 640px\" class=\"wp-caption aligncenter\"><img loading=\"lazy\" decoding=\"async\" aria-describedby=\"caption-attachment-16306\" class=\"wp-image-16306\" src=\"https:\/\/noti-america.com\/site\/ecuador\/wp-content\/uploads\/sites\/18\/2021\/09\/10-sep-Zona-4-retorno-3-300x169.jpg\" alt=\"\" width=\"630\" height=\"355\" srcset=\"https:\/\/noti-america.com\/site\/ecuador\/wp-content\/uploads\/sites\/18\/2021\/09\/10-sep-Zona-4-retorno-3-300x169.jpg 300w, https:\/\/noti-america.com\/site\/ecuador\/wp-content\/uploads\/sites\/18\/2021\/09\/10-sep-Zona-4-retorno-3-768x432.jpg 768w, https:\/\/noti-america.com\/site\/ecuador\/wp-content\/uploads\/sites\/18\/2021\/09\/10-sep-Zona-4-retorno-3.jpg 800w\" sizes=\"auto, (max-width: 630px) 100vw, 630px\" \/><p id=\"caption-attachment-16306\" class=\"wp-caption-text\">Como parte de esta estrategia, el Ministerio de Educaci\u00f3n cuenta con docentes permanentes e itinerantes dentro de los hospitales con el prop\u00f3sito de fortalecer el eje \u201cLibres y Flexibles\u201d.<\/p><\/div>\n<p style=\"text-align: justify\">A trav\u00e9s del programa de Atenci\u00f3n Educativa Hospitalaria y Domiciliaria, 92 estudiantes postrados en las salas de los casas asistenciales de\u00a0 las provincias de Chimborazo, Cotopaxi, Pastaza y Tungurahua, iniciaron con alegr\u00eda y entusiasmo las actividades escolares del r\u00e9gimen Sierra -Amazon\u00eda 2021-2022.<\/p>\n<p style=\"text-align: justify\">Los Ministerios de Educaci\u00f3n y Salud P\u00fablica desarrollan conjuntamente esta pol\u00edtica que reconoce a los estudiantes en situaci\u00f3n de enfermedad, hospitalizaci\u00f3n, tratamiento o reposo m\u00e9dico prolongado.<\/p>\n<p style=\"text-align: justify\">Isabel Toaquiza, docente de las Aulas Hospitalarias, manifest\u00f3 que su experiencia al ense\u00f1ar en estos espacios es muy enriquecedora: \u201cEs muy lindo poder ayudar y compartir con los ni\u00f1os, ni\u00f1as y adolescentes que por diversas situaciones ingresan al hospital, los asistimos tambi\u00e9n en los hogares con el objetivo principal de garantizar el acceso y permanencia en la educaci\u00f3n\u201d, asegur\u00f3.<\/p>\n<p style=\"text-align: justify\">La coordinadora Zonal 3 de Educaci\u00f3n, Ximena Loro\u00f1a, durante el acto de inauguraci\u00f3n del a\u00f1o lectivo en el Hospital B\u00e1sico Alaus\u00ed, provincia de Chimborazo, se\u00f1al\u00f3: \u00abEs un gran honor estar aqu\u00ed e inaugurar este nuevo ciclo acad\u00e9mico con este grupo de estudiantes que han superado barreras. Mediante el trabajo permanente y comprometido volvemos paulatinamente a la presencialidad, aplicando diversas estrategias que les permitan avanzar a nuestros estudiantes en el proceso de ense\u00f1anza y aprendizaje\u00bb, se\u00f1al\u00f3.<\/p>\n<p style=\"text-align: justify\">Nancy Reinoso, directora Distrital de Salud Alaus\u00ed-Chunchi, a\u00f1adi\u00f3: \u201cEs importante que nuestros pacientes sean estimulados, el aprender no solo es escribir, sumar o restar sino tambi\u00e9n la motivaci\u00f3n que reciben por parte de sus maestras y maestros, quienes no solo realizan su trabajo en el hospital, sino que hacen el seguimiento respectivo en los hogares despu\u00e9s del alta\u201d.<\/p>\n<p style=\"text-align: justify\">\n","protected":false},"excerpt":{"rendered":"<p>REDACCI\u00d3N NOTI AM\u00c9RICA (ECUADOR) A trav\u00e9s del programa de Atenci\u00f3n Educativa Hospitalaria y Domiciliaria, 92 estudiantes postrados en las salas de los casas asistenciales de\u00a0 las provincias de Chimborazo, Cotopaxi, Pastaza y Tungurahua, iniciaron&#46;&#46;&#46;<\/p>\n","protected":false},"author":113,"featured_media":16306,"comment_status":"open","ping_status":"open","sticky":false,"template":"","format":"standard","meta":{"_acf_changed":false,"om_disable_all_campaigns":false,"rop_custom_images_group":[],"rop_custom_messages_group":[],"rop_publish_now":"initial","rop_publish_now_accounts":{"twitter_242054905_242054905":""},"rop_publish_now_history":[],"rop_publish_now_status":"pending","_uf_show_specific_survey":0,"_uf_disable_surveys":false,"footnotes":""},"categories":[103],"tags":[],"class_list":["post-16305","post","type-post","status-publish","format-standard","has-post-thumbnail","hentry","category-educacion"],"acf":[],"aioseo_notices":[],"yoast_head":"<!-- This site is optimized with the Yoast SEO Premium plugin v24.9 (Yoast SEO v27.2) - https:\/\/yoast.com\/product\/yoast-seo-premium-wordpress\/ -->\n<title>Estudiantes postrados en hospitales iniciaron el a\u00f1o escolar 2021-2022 - Ecuador | Noti-America.com<\/title>\n<meta name=\"robots\" content=\"index, follow, max-snippet:-1, max-image-preview:large, max-video-preview:-1\" \/>\n<link rel=\"canonical\" href=\"https:\/\/noti-america.com\/site\/ecuador\/2021\/09\/10\/estudiantes-postrados-en-hospitales-iniciaron-el-ano-escolar-2021-2022\/\" \/>\n<meta property=\"og:locale\" content=\"es_ES\" \/>\n<meta property=\"og:type\" content=\"article\" \/>\n<meta property=\"og:title\" content=\"Estudiantes postrados en hospitales iniciaron el a\u00f1o escolar 2021-2022\" \/>\n<meta property=\"og:description\" content=\"REDACCI\u00d3N NOTI AM\u00c9RICA (ECUADOR) A trav\u00e9s del programa de Atenci\u00f3n Educativa Hospitalaria y Domiciliaria, 92 estudiantes postrados en las salas de los casas asistenciales de\u00a0 las provincias de Chimborazo, Cotopaxi, Pastaza y Tungurahua, iniciaron&#046;&#046;&#046;\" \/>\n<meta property=\"og:url\" content=\"https:\/\/noti-america.com\/site\/ecuador\/2021\/09\/10\/estudiantes-postrados-en-hospitales-iniciaron-el-ano-escolar-2021-2022\/\" \/>\n<meta property=\"og:site_name\" content=\"Ecuador | Noti-America.com\" \/>\n<meta property=\"article:published_time\" content=\"2021-09-10T13:05:57+00:00\" \/>\n<meta property=\"og:image\" content=\"https:\/\/noti-america.com\/site\/ecuador\/wp-content\/uploads\/sites\/18\/2021\/09\/10-sep-Zona-4-retorno-3.jpg\" \/>\n\t<meta property=\"og:image:width\" content=\"800\" \/>\n\t<meta property=\"og:image:height\" content=\"450\" \/>\n\t<meta property=\"og:image:type\" content=\"image\/jpeg\" \/>\n<meta name=\"author\" content=\"Henry Ortiz\" \/>\n<meta name=\"twitter:card\" content=\"summary_large_image\" \/>\n<meta name=\"twitter:creator\" content=\"@notiamerica\" \/>\n<meta name=\"twitter:site\" content=\"@notiamerica\" \/>\n<meta name=\"twitter:label1\" content=\"Escrito por\" \/>\n\t<meta name=\"twitter:data1\" content=\"Henry Ortiz\" \/>\n\t<meta name=\"twitter:label2\" content=\"Tiempo estimado de lectura\" \/>\n\t<meta name=\"twitter:data2\" content=\"2 minutos\" \/>\n<script type=\"application\/ld+json\" class=\"yoast-schema-graph\">{\"@context\":\"https:\/\/schema.org\",\"@graph\":[{\"@type\":\"Article\",\"@id\":\"https:\/\/noti-america.com\/site\/ecuador\/2021\/09\/10\/estudiantes-postrados-en-hospitales-iniciaron-el-ano-escolar-2021-2022\/#article\",\"isPartOf\":{\"@id\":\"https:\/\/noti-america.com\/site\/ecuador\/2021\/09\/10\/estudiantes-postrados-en-hospitales-iniciaron-el-ano-escolar-2021-2022\/\"},\"author\":{\"name\":\"Henry Ortiz\",\"@id\":\"https:\/\/noti-america.com\/site\/ecuador\/#\/schema\/person\/b9d1630cc6598af759d45c790a347283\"},\"headline\":\"Estudiantes postrados en hospitales iniciaron el a\u00f1o escolar 2021-2022\",\"datePublished\":\"2021-09-10T13:05:57+00:00\",\"mainEntityOfPage\":{\"@id\":\"https:\/\/noti-america.com\/site\/ecuador\/2021\/09\/10\/estudiantes-postrados-en-hospitales-iniciaron-el-ano-escolar-2021-2022\/\"},\"wordCount\":342,\"commentCount\":0,\"publisher\":{\"@id\":\"https:\/\/noti-america.com\/site\/ecuador\/#organization\"},\"image\":{\"@id\":\"https:\/\/noti-america.com\/site\/ecuador\/2021\/09\/10\/estudiantes-postrados-en-hospitales-iniciaron-el-ano-escolar-2021-2022\/#primaryimage\"},\"thumbnailUrl\":\"https:\/\/noti-america.com\/site\/ecuador\/wp-content\/uploads\/sites\/18\/2021\/09\/10-sep-Zona-4-retorno-3.jpg\",\"articleSection\":[\"Educaci\u00f3n\"],\"inLanguage\":\"es\",\"potentialAction\":[{\"@type\":\"CommentAction\",\"name\":\"Comment\",\"target\":[\"https:\/\/noti-america.com\/site\/ecuador\/2021\/09\/10\/estudiantes-postrados-en-hospitales-iniciaron-el-ano-escolar-2021-2022\/#respond\"]}]},{\"@type\":\"WebPage\",\"@id\":\"https:\/\/noti-america.com\/site\/ecuador\/2021\/09\/10\/estudiantes-postrados-en-hospitales-iniciaron-el-ano-escolar-2021-2022\/\",\"url\":\"https:\/\/noti-america.com\/site\/ecuador\/2021\/09\/10\/estudiantes-postrados-en-hospitales-iniciaron-el-ano-escolar-2021-2022\/\",\"name\":\"Estudiantes postrados en hospitales iniciaron el a\u00f1o escolar 2021-2022 - Ecuador | Noti-America.com\",\"isPartOf\":{\"@id\":\"https:\/\/noti-america.com\/site\/ecuador\/#website\"},\"primaryImageOfPage\":{\"@id\":\"https:\/\/noti-america.com\/site\/ecuador\/2021\/09\/10\/estudiantes-postrados-en-hospitales-iniciaron-el-ano-escolar-2021-2022\/#primaryimage\"},\"image\":{\"@id\":\"https:\/\/noti-america.com\/site\/ecuador\/2021\/09\/10\/estudiantes-postrados-en-hospitales-iniciaron-el-ano-escolar-2021-2022\/#primaryimage\"},\"thumbnailUrl\":\"https:\/\/noti-america.com\/site\/ecuador\/wp-content\/uploads\/sites\/18\/2021\/09\/10-sep-Zona-4-retorno-3.jpg\",\"datePublished\":\"2021-09-10T13:05:57+00:00\",\"breadcrumb\":{\"@id\":\"https:\/\/noti-america.com\/site\/ecuador\/2021\/09\/10\/estudiantes-postrados-en-hospitales-iniciaron-el-ano-escolar-2021-2022\/#breadcrumb\"},\"inLanguage\":\"es\",\"potentialAction\":[{\"@type\":\"ReadAction\",\"target\":[\"https:\/\/noti-america.com\/site\/ecuador\/2021\/09\/10\/estudiantes-postrados-en-hospitales-iniciaron-el-ano-escolar-2021-2022\/\"]}]},{\"@type\":\"ImageObject\",\"inLanguage\":\"es\",\"@id\":\"https:\/\/noti-america.com\/site\/ecuador\/2021\/09\/10\/estudiantes-postrados-en-hospitales-iniciaron-el-ano-escolar-2021-2022\/#primaryimage\",\"url\":\"https:\/\/noti-america.com\/site\/ecuador\/wp-content\/uploads\/sites\/18\/2021\/09\/10-sep-Zona-4-retorno-3.jpg\",\"contentUrl\":\"https:\/\/noti-america.com\/site\/ecuador\/wp-content\/uploads\/sites\/18\/2021\/09\/10-sep-Zona-4-retorno-3.jpg\",\"width\":800,\"height\":450},{\"@type\":\"BreadcrumbList\",\"@id\":\"https:\/\/noti-america.com\/site\/ecuador\/2021\/09\/10\/estudiantes-postrados-en-hospitales-iniciaron-el-ano-escolar-2021-2022\/#breadcrumb\",\"itemListElement\":[{\"@type\":\"ListItem\",\"position\":1,\"name\":\"Portada\",\"item\":\"https:\/\/noti-america.com\/site\/ecuador\/\"},{\"@type\":\"ListItem\",\"position\":2,\"name\":\"Estudiantes postrados en hospitales iniciaron el a\u00f1o escolar 2021-2022\"}]},{\"@type\":\"WebSite\",\"@id\":\"https:\/\/noti-america.com\/site\/ecuador\/#website\",\"url\":\"https:\/\/noti-america.com\/site\/ecuador\/\",\"name\":\"Ecuador | Noti-America.com\",\"description\":\"\",\"publisher\":{\"@id\":\"https:\/\/noti-america.com\/site\/ecuador\/#organization\"},\"potentialAction\":[{\"@type\":\"SearchAction\",\"target\":{\"@type\":\"EntryPoint\",\"urlTemplate\":\"https:\/\/noti-america.com\/site\/ecuador\/?s={search_term_string}\"},\"query-input\":{\"@type\":\"PropertyValueSpecification\",\"valueRequired\":true,\"valueName\":\"search_term_string\"}}],\"inLanguage\":\"es\"},{\"@type\":\"Organization\",\"@id\":\"https:\/\/noti-america.com\/site\/ecuador\/#organization\",\"name\":\"Noti-America LLC | Ecuador\",\"url\":\"https:\/\/noti-america.com\/site\/ecuador\/\",\"logo\":{\"@type\":\"ImageObject\",\"inLanguage\":\"es\",\"@id\":\"https:\/\/noti-america.com\/site\/ecuador\/#\/schema\/logo\/image\/\",\"url\":\"https:\/\/noti-america.com\/site\/ecuador\/wp-content\/uploads\/sites\/18\/2020\/07\/LogoNA-4x3-1.jpg\",\"contentUrl\":\"https:\/\/noti-america.com\/site\/ecuador\/wp-content\/uploads\/sites\/18\/2020\/07\/LogoNA-4x3-1.jpg\",\"width\":1236,\"height\":1080,\"caption\":\"Noti-America LLC | Ecuador\"},\"image\":{\"@id\":\"https:\/\/noti-america.com\/site\/ecuador\/#\/schema\/logo\/image\/\"},\"sameAs\":[\"https:\/\/x.com\/notiamerica\"]},{\"@type\":\"Person\",\"@id\":\"https:\/\/noti-america.com\/site\/ecuador\/#\/schema\/person\/b9d1630cc6598af759d45c790a347283\",\"name\":\"Henry Ortiz\",\"image\":{\"@type\":\"ImageObject\",\"inLanguage\":\"es\",\"@id\":\"https:\/\/secure.gravatar.com\/avatar\/0b5407b5b302fbb6a578e625dca512ac2983ee5fa9ea941d581b83c40212e4c8?s=96&d=mm&r=g\",\"url\":\"https:\/\/secure.gravatar.com\/avatar\/0b5407b5b302fbb6a578e625dca512ac2983ee5fa9ea941d581b83c40212e4c8?s=96&d=mm&r=g\",\"contentUrl\":\"https:\/\/secure.gravatar.com\/avatar\/0b5407b5b302fbb6a578e625dca512ac2983ee5fa9ea941d581b83c40212e4c8?s=96&d=mm&r=g\",\"caption\":\"Henry Ortiz\"},\"url\":\"https:\/\/noti-america.com\/site\/ecuador\/author\/hortiz\/\"}]}<\/script>\n<!-- \/ Yoast SEO Premium plugin. -->","yoast_head_json":{"title":"Estudiantes postrados en hospitales iniciaron el a\u00f1o escolar 2021-2022 - Ecuador | Noti-America.com","robots":{"index":"index","follow":"follow","max-snippet":"max-snippet:-1","max-image-preview":"max-image-preview:large","max-video-preview":"max-video-preview:-1"},"canonical":"https:\/\/noti-america.com\/site\/ecuador\/2021\/09\/10\/estudiantes-postrados-en-hospitales-iniciaron-el-ano-escolar-2021-2022\/","og_locale":"es_ES","og_type":"article","og_title":"Estudiantes postrados en hospitales iniciaron el a\u00f1o escolar 2021-2022","og_description":"REDACCI\u00d3N NOTI AM\u00c9RICA (ECUADOR) A trav\u00e9s del programa de Atenci\u00f3n Educativa Hospitalaria y Domiciliaria, 92 estudiantes postrados en las salas de los casas asistenciales de\u00a0 las provincias de Chimborazo, Cotopaxi, Pastaza y Tungurahua, iniciaron&#46;&#46;&#46;","og_url":"https:\/\/noti-america.com\/site\/ecuador\/2021\/09\/10\/estudiantes-postrados-en-hospitales-iniciaron-el-ano-escolar-2021-2022\/","og_site_name":"Ecuador | Noti-America.com","article_published_time":"2021-09-10T13:05:57+00:00","og_image":[{"width":800,"height":450,"url":"https:\/\/noti-america.com\/site\/ecuador\/wp-content\/uploads\/sites\/18\/2021\/09\/10-sep-Zona-4-retorno-3.jpg","type":"image\/jpeg"}],"author":"Henry Ortiz","twitter_card":"summary_large_image","twitter_creator":"@notiamerica","twitter_site":"@notiamerica","twitter_misc":{"Escrito por":"Henry Ortiz","Tiempo estimado de lectura":"2 minutos"},"schema":{"@context":"https:\/\/schema.org","@graph":[{"@type":"Article","@id":"https:\/\/noti-america.com\/site\/ecuador\/2021\/09\/10\/estudiantes-postrados-en-hospitales-iniciaron-el-ano-escolar-2021-2022\/#article","isPartOf":{"@id":"https:\/\/noti-america.com\/site\/ecuador\/2021\/09\/10\/estudiantes-postrados-en-hospitales-iniciaron-el-ano-escolar-2021-2022\/"},"author":{"name":"Henry Ortiz","@id":"https:\/\/noti-america.com\/site\/ecuador\/#\/schema\/person\/b9d1630cc6598af759d45c790a347283"},"headline":"Estudiantes postrados en hospitales iniciaron el a\u00f1o escolar 2021-2022","datePublished":"2021-09-10T13:05:57+00:00","mainEntityOfPage":{"@id":"https:\/\/noti-america.com\/site\/ecuador\/2021\/09\/10\/estudiantes-postrados-en-hospitales-iniciaron-el-ano-escolar-2021-2022\/"},"wordCount":342,"commentCount":0,"publisher":{"@id":"https:\/\/noti-america.com\/site\/ecuador\/#organization"},"image":{"@id":"https:\/\/noti-america.com\/site\/ecuador\/2021\/09\/10\/estudiantes-postrados-en-hospitales-iniciaron-el-ano-escolar-2021-2022\/#primaryimage"},"thumbnailUrl":"https:\/\/noti-america.com\/site\/ecuador\/wp-content\/uploads\/sites\/18\/2021\/09\/10-sep-Zona-4-retorno-3.jpg","articleSection":["Educaci\u00f3n"],"inLanguage":"es","potentialAction":[{"@type":"CommentAction","name":"Comment","target":["https:\/\/noti-america.com\/site\/ecuador\/2021\/09\/10\/estudiantes-postrados-en-hospitales-iniciaron-el-ano-escolar-2021-2022\/#respond"]}]},{"@type":"WebPage","@id":"https:\/\/noti-america.com\/site\/ecuador\/2021\/09\/10\/estudiantes-postrados-en-hospitales-iniciaron-el-ano-escolar-2021-2022\/","url":"https:\/\/noti-america.com\/site\/ecuador\/2021\/09\/10\/estudiantes-postrados-en-hospitales-iniciaron-el-ano-escolar-2021-2022\/","name":"Estudiantes postrados en hospitales iniciaron el a\u00f1o escolar 2021-2022 - Ecuador | Noti-America.com","isPartOf":{"@id":"https:\/\/noti-america.com\/site\/ecuador\/#website"},"primaryImageOfPage":{"@id":"https:\/\/noti-america.com\/site\/ecuador\/2021\/09\/10\/estudiantes-postrados-en-hospitales-iniciaron-el-ano-escolar-2021-2022\/#primaryimage"},"image":{"@id":"https:\/\/noti-america.com\/site\/ecuador\/2021\/09\/10\/estudiantes-postrados-en-hospitales-iniciaron-el-ano-escolar-2021-2022\/#primaryimage"},"thumbnailUrl":"https:\/\/noti-america.com\/site\/ecuador\/wp-content\/uploads\/sites\/18\/2021\/09\/10-sep-Zona-4-retorno-3.jpg","datePublished":"2021-09-10T13:05:57+00:00","breadcrumb":{"@id":"https:\/\/noti-america.com\/site\/ecuador\/2021\/09\/10\/estudiantes-postrados-en-hospitales-iniciaron-el-ano-escolar-2021-2022\/#breadcrumb"},"inLanguage":"es","potentialAction":[{"@type":"ReadAction","target":["https:\/\/noti-america.com\/site\/ecuador\/2021\/09\/10\/estudiantes-postrados-en-hospitales-iniciaron-el-ano-escolar-2021-2022\/"]}]},{"@type":"ImageObject","inLanguage":"es","@id":"https:\/\/noti-america.com\/site\/ecuador\/2021\/09\/10\/estudiantes-postrados-en-hospitales-iniciaron-el-ano-escolar-2021-2022\/#primaryimage","url":"https:\/\/noti-america.com\/site\/ecuador\/wp-content\/uploads\/sites\/18\/2021\/09\/10-sep-Zona-4-retorno-3.jpg","contentUrl":"https:\/\/noti-america.com\/site\/ecuador\/wp-content\/uploads\/sites\/18\/2021\/09\/10-sep-Zona-4-retorno-3.jpg","width":800,"height":450},{"@type":"BreadcrumbList","@id":"https:\/\/noti-america.com\/site\/ecuador\/2021\/09\/10\/estudiantes-postrados-en-hospitales-iniciaron-el-ano-escolar-2021-2022\/#breadcrumb","itemListElement":[{"@type":"ListItem","position":1,"name":"Portada","item":"https:\/\/noti-america.com\/site\/ecuador\/"},{"@type":"ListItem","position":2,"name":"Estudiantes postrados en hospitales iniciaron el a\u00f1o escolar 2021-2022"}]},{"@type":"WebSite","@id":"https:\/\/noti-america.com\/site\/ecuador\/#website","url":"https:\/\/noti-america.com\/site\/ecuador\/","name":"Ecuador | Noti-America.com","description":"","publisher":{"@id":"https:\/\/noti-america.com\/site\/ecuador\/#organization"},"potentialAction":[{"@type":"SearchAction","target":{"@type":"EntryPoint","urlTemplate":"https:\/\/noti-america.com\/site\/ecuador\/?s={search_term_string}"},"query-input":{"@type":"PropertyValueSpecification","valueRequired":true,"valueName":"search_term_string"}}],"inLanguage":"es"},{"@type":"Organization","@id":"https:\/\/noti-america.com\/site\/ecuador\/#organization","name":"Noti-America LLC | Ecuador","url":"https:\/\/noti-america.com\/site\/ecuador\/","logo":{"@type":"ImageObject","inLanguage":"es","@id":"https:\/\/noti-america.com\/site\/ecuador\/#\/schema\/logo\/image\/","url":"https:\/\/noti-america.com\/site\/ecuador\/wp-content\/uploads\/sites\/18\/2020\/07\/LogoNA-4x3-1.jpg","contentUrl":"https:\/\/noti-america.com\/site\/ecuador\/wp-content\/uploads\/sites\/18\/2020\/07\/LogoNA-4x3-1.jpg","width":1236,"height":1080,"caption":"Noti-America LLC | Ecuador"},"image":{"@id":"https:\/\/noti-america.com\/site\/ecuador\/#\/schema\/logo\/image\/"},"sameAs":["https:\/\/x.com\/notiamerica"]},{"@type":"Person","@id":"https:\/\/noti-america.com\/site\/ecuador\/#\/schema\/person\/b9d1630cc6598af759d45c790a347283","name":"Henry Ortiz","image":{"@type":"ImageObject","inLanguage":"es","@id":"https:\/\/secure.gravatar.com\/avatar\/0b5407b5b302fbb6a578e625dca512ac2983ee5fa9ea941d581b83c40212e4c8?s=96&d=mm&r=g","url":"https:\/\/secure.gravatar.com\/avatar\/0b5407b5b302fbb6a578e625dca512ac2983ee5fa9ea941d581b83c40212e4c8?s=96&d=mm&r=g","contentUrl":"https:\/\/secure.gravatar.com\/avatar\/0b5407b5b302fbb6a578e625dca512ac2983ee5fa9ea941d581b83c40212e4c8?s=96&d=mm&r=g","caption":"Henry Ortiz"},"url":"https:\/\/noti-america.com\/site\/ecuador\/author\/hortiz\/"}]}},"_links":{"self":[{"href":"https:\/\/noti-america.com\/site\/ecuador\/wp-json\/wp\/v2\/posts\/16305","targetHints":{"allow":["GET"]}}],"collection":[{"href":"https:\/\/noti-america.com\/site\/ecuador\/wp-json\/wp\/v2\/posts"}],"about":[{"href":"https:\/\/noti-america.com\/site\/ecuador\/wp-json\/wp\/v2\/types\/post"}],"author":[{"embeddable":true,"href":"https:\/\/noti-america.com\/site\/ecuador\/wp-json\/wp\/v2\/users\/113"}],"replies":[{"embeddable":true,"href":"https:\/\/noti-america.com\/site\/ecuador\/wp-json\/wp\/v2\/comments?post=16305"}],"version-history":[{"count":1,"href":"https:\/\/noti-america.com\/site\/ecuador\/wp-json\/wp\/v2\/posts\/16305\/revisions"}],"predecessor-version":[{"id":16307,"href":"https:\/\/noti-america.com\/site\/ecuador\/wp-json\/wp\/v2\/posts\/16305\/revisions\/16307"}],"wp:featuredmedia":[{"embeddable":true,"href":"https:\/\/noti-america.com\/site\/ecuador\/wp-json\/wp\/v2\/media\/16306"}],"wp:attachment":[{"href":"https:\/\/noti-america.com\/site\/ecuador\/wp-json\/wp\/v2\/media?parent=16305"}],"wp:term":[{"taxonomy":"category","embeddable":true,"href":"https:\/\/noti-america.com\/site\/ecuador\/wp-json\/wp\/v2\/categories?post=16305"},{"taxonomy":"post_tag","embeddable":true,"href":"https:\/\/noti-america.com\/site\/ecuador\/wp-json\/wp\/v2\/tags?post=16305"}],"curies":[{"name":"wp","href":"https:\/\/api.w.org\/{rel}","templated":true}]}}