{"id":16141,"date":"2021-08-31T22:03:02","date_gmt":"2021-08-31T22:03:02","guid":{"rendered":"https:\/\/noti-america.com\/site\/ecuador\/?p=16141"},"modified":"2021-08-31T22:03:02","modified_gmt":"2021-08-31T22:03:02","slug":"ecuador-y-china-proponen-la-creacion-de-un-tratado-de-libre-comercio","status":"publish","type":"post","link":"https:\/\/noti-america.com\/site\/ecuador\/2021\/08\/31\/ecuador-y-china-proponen-la-creacion-de-un-tratado-de-libre-comercio\/","title":{"rendered":"Ecuador y China proponen la creaci\u00f3n de un Tratado de Libre Comercio"},"content":{"rendered":"<p><strong>REDACCI\u00d3N NOTI AM\u00c9RICA (ECUADOR)<\/strong><\/p>\n<p><img loading=\"lazy\" decoding=\"async\" class=\" wp-image-16142 aligncenter\" src=\"https:\/\/noti-america.com\/site\/ecuador\/wp-content\/uploads\/sites\/18\/2021\/08\/31-de-agosto-Captura-de-Pantalla-2020-10-15-a-las-18.17.21-2048x1274-1-300x187.png\" alt=\"\" width=\"634\" height=\"395\" srcset=\"https:\/\/noti-america.com\/site\/ecuador\/wp-content\/uploads\/sites\/18\/2021\/08\/31-de-agosto-Captura-de-Pantalla-2020-10-15-a-las-18.17.21-2048x1274-1-300x187.png 300w, https:\/\/noti-america.com\/site\/ecuador\/wp-content\/uploads\/sites\/18\/2021\/08\/31-de-agosto-Captura-de-Pantalla-2020-10-15-a-las-18.17.21-2048x1274-1-1024x637.png 1024w, https:\/\/noti-america.com\/site\/ecuador\/wp-content\/uploads\/sites\/18\/2021\/08\/31-de-agosto-Captura-de-Pantalla-2020-10-15-a-las-18.17.21-2048x1274-1-768x478.png 768w, https:\/\/noti-america.com\/site\/ecuador\/wp-content\/uploads\/sites\/18\/2021\/08\/31-de-agosto-Captura-de-Pantalla-2020-10-15-a-las-18.17.21-2048x1274-1-1536x956.png 1536w, https:\/\/noti-america.com\/site\/ecuador\/wp-content\/uploads\/sites\/18\/2021\/08\/31-de-agosto-Captura-de-Pantalla-2020-10-15-a-las-18.17.21-2048x1274-1.png 2048w\" sizes=\"auto, (max-width: 634px) 100vw, 634px\" \/><\/p>\n<p style=\"text-align: justify\">Los presidentes del Ecuador, Guillermo Lasso, y de la Rep\u00fablica Popular China, Xi Jinping, mantuvieron un di\u00e1logo, en donde hubo la disponibilidad de ambas naciones de firmar un tratado de libre comercio.<\/p>\n<p style=\"text-align: justify\">Este acuerdo comercial permitir\u00eda estimular y diversificar la relaci\u00f3n comercial y, por ende, generar m\u00e1s empleo y desarrollo para el Ecuador.<\/p>\n<p style=\"text-align: justify\">En el di\u00e1logo se manifest\u00f3 el deseo de iniciar lo m\u00e1s pronto posible las negociaciones bilaterales correspondientes.<\/p>\n<p style=\"text-align: justify\">As\u00ed mismo, el presidente plante\u00f3 la posibilidad de analizar nuevos formatos de cooperaci\u00f3n econ\u00f3mica para el mejoramiento de las condiciones del financiamiento de China al Ecuador, en un marco de respeto y mutuo beneficio.<\/p>\n<p style=\"text-align: justify\">El primer mandatario chino puso de relieve el excelente nivel en el que se encuentra la relaci\u00f3n bilateral, gracias a la importancia que ambos pa\u00edses confieren a la Asociaci\u00f3n Estrat\u00e9gica Integral \u2013acuerdo suscrito entre Ecuador y China para el manejo de sus relaciones al m\u00e1s alto nivel\u2013 y puso de manifiesto su apoyo a la presencia de una significativa inversi\u00f3n china en los sectores que fueren de inter\u00e9s para el desarrollo del Ecuador.<\/p>\n<p style=\"text-align: justify\">Ambos presidentes resaltaron el nivel de coordinaci\u00f3n existente en los m\u00e1s importantes foros internacionales, en temas de inter\u00e9s global como el apoyo al multilateralismo, la lucha contra el covid-19, la pesca en alta mar, la mitigaci\u00f3n del cambio clim\u00e1tico, el combate a la pobreza, la lucha contra la corrupci\u00f3n, el di\u00e1logo Celac-China, entre otros.<\/p>\n","protected":false},"excerpt":{"rendered":"<p>REDACCI\u00d3N NOTI AM\u00c9RICA (ECUADOR) Los presidentes del Ecuador, Guillermo Lasso, y de la Rep\u00fablica Popular China, Xi Jinping, mantuvieron un di\u00e1logo, en donde hubo la disponibilidad de ambas naciones de firmar un tratado de&#46;&#46;&#46;<\/p>\n","protected":false},"author":113,"featured_media":16142,"comment_status":"open","ping_status":"open","sticky":false,"template":"","format":"standard","meta":{"_acf_changed":false,"om_disable_all_campaigns":false,"rop_custom_images_group":[],"rop_custom_messages_group":[],"rop_publish_now":"initial","rop_publish_now_accounts":{"twitter_242054905_242054905":""},"rop_publish_now_history":[],"rop_publish_now_status":"pending","_uf_show_specific_survey":0,"_uf_disable_surveys":false,"footnotes":""},"categories":[125],"tags":[],"class_list":["post-16141","post","type-post","status-publish","format-standard","has-post-thumbnail","hentry","category-actualidad"],"acf":[],"aioseo_notices":[],"yoast_head":"<!-- This site is optimized with the Yoast SEO Premium plugin v24.9 (Yoast SEO v27.2) - https:\/\/yoast.com\/product\/yoast-seo-premium-wordpress\/ -->\n<title>Ecuador y China proponen la creaci\u00f3n de un Tratado de Libre Comercio - Ecuador | Noti-America.com<\/title>\n<meta name=\"robots\" content=\"index, follow, max-snippet:-1, max-image-preview:large, max-video-preview:-1\" \/>\n<link rel=\"canonical\" href=\"https:\/\/noti-america.com\/site\/ecuador\/2021\/08\/31\/ecuador-y-china-proponen-la-creacion-de-un-tratado-de-libre-comercio\/\" \/>\n<meta property=\"og:locale\" content=\"es_ES\" \/>\n<meta property=\"og:type\" content=\"article\" \/>\n<meta property=\"og:title\" content=\"Ecuador y China proponen la creaci\u00f3n de un Tratado de Libre Comercio\" \/>\n<meta property=\"og:description\" content=\"REDACCI\u00d3N NOTI AM\u00c9RICA (ECUADOR) Los presidentes del Ecuador, Guillermo Lasso, y de la Rep\u00fablica Popular China, Xi Jinping, mantuvieron un di\u00e1logo, en donde hubo la disponibilidad de ambas naciones de firmar un tratado de&#046;&#046;&#046;\" \/>\n<meta property=\"og:url\" content=\"https:\/\/noti-america.com\/site\/ecuador\/2021\/08\/31\/ecuador-y-china-proponen-la-creacion-de-un-tratado-de-libre-comercio\/\" \/>\n<meta property=\"og:site_name\" content=\"Ecuador | Noti-America.com\" \/>\n<meta property=\"article:published_time\" content=\"2021-08-31T22:03:02+00:00\" \/>\n<meta property=\"og:image\" content=\"https:\/\/noti-america.com\/site\/ecuador\/wp-content\/uploads\/sites\/18\/2021\/08\/31-de-agosto-Captura-de-Pantalla-2020-10-15-a-las-18.17.21-2048x1274-1.png\" \/>\n\t<meta property=\"og:image:width\" content=\"2048\" \/>\n\t<meta property=\"og:image:height\" content=\"1274\" \/>\n\t<meta property=\"og:image:type\" content=\"image\/png\" \/>\n<meta name=\"author\" content=\"Henry Ortiz\" \/>\n<meta name=\"twitter:card\" content=\"summary_large_image\" \/>\n<meta name=\"twitter:creator\" content=\"@notiamerica\" \/>\n<meta name=\"twitter:site\" content=\"@notiamerica\" \/>\n<meta name=\"twitter:label1\" content=\"Escrito por\" \/>\n\t<meta name=\"twitter:data1\" content=\"Henry Ortiz\" \/>\n\t<meta name=\"twitter:label2\" content=\"Tiempo estimado de lectura\" \/>\n\t<meta name=\"twitter:data2\" content=\"1 minuto\" \/>\n<script type=\"application\/ld+json\" class=\"yoast-schema-graph\">{\"@context\":\"https:\/\/schema.org\",\"@graph\":[{\"@type\":\"Article\",\"@id\":\"https:\/\/noti-america.com\/site\/ecuador\/2021\/08\/31\/ecuador-y-china-proponen-la-creacion-de-un-tratado-de-libre-comercio\/#article\",\"isPartOf\":{\"@id\":\"https:\/\/noti-america.com\/site\/ecuador\/2021\/08\/31\/ecuador-y-china-proponen-la-creacion-de-un-tratado-de-libre-comercio\/\"},\"author\":{\"name\":\"Henry Ortiz\",\"@id\":\"https:\/\/noti-america.com\/site\/ecuador\/#\/schema\/person\/b9d1630cc6598af759d45c790a347283\"},\"headline\":\"Ecuador y China proponen la creaci\u00f3n de un Tratado de Libre Comercio\",\"datePublished\":\"2021-08-31T22:03:02+00:00\",\"mainEntityOfPage\":{\"@id\":\"https:\/\/noti-america.com\/site\/ecuador\/2021\/08\/31\/ecuador-y-china-proponen-la-creacion-de-un-tratado-de-libre-comercio\/\"},\"wordCount\":273,\"commentCount\":0,\"publisher\":{\"@id\":\"https:\/\/noti-america.com\/site\/ecuador\/#organization\"},\"image\":{\"@id\":\"https:\/\/noti-america.com\/site\/ecuador\/2021\/08\/31\/ecuador-y-china-proponen-la-creacion-de-un-tratado-de-libre-comercio\/#primaryimage\"},\"thumbnailUrl\":\"https:\/\/noti-america.com\/site\/ecuador\/wp-content\/uploads\/sites\/18\/2021\/08\/31-de-agosto-Captura-de-Pantalla-2020-10-15-a-las-18.17.21-2048x1274-1.png\",\"articleSection\":[\"Actualidad\"],\"inLanguage\":\"es\",\"potentialAction\":[{\"@type\":\"CommentAction\",\"name\":\"Comment\",\"target\":[\"https:\/\/noti-america.com\/site\/ecuador\/2021\/08\/31\/ecuador-y-china-proponen-la-creacion-de-un-tratado-de-libre-comercio\/#respond\"]}]},{\"@type\":\"WebPage\",\"@id\":\"https:\/\/noti-america.com\/site\/ecuador\/2021\/08\/31\/ecuador-y-china-proponen-la-creacion-de-un-tratado-de-libre-comercio\/\",\"url\":\"https:\/\/noti-america.com\/site\/ecuador\/2021\/08\/31\/ecuador-y-china-proponen-la-creacion-de-un-tratado-de-libre-comercio\/\",\"name\":\"Ecuador y China proponen la creaci\u00f3n de un Tratado de Libre Comercio - Ecuador | Noti-America.com\",\"isPartOf\":{\"@id\":\"https:\/\/noti-america.com\/site\/ecuador\/#website\"},\"primaryImageOfPage\":{\"@id\":\"https:\/\/noti-america.com\/site\/ecuador\/2021\/08\/31\/ecuador-y-china-proponen-la-creacion-de-un-tratado-de-libre-comercio\/#primaryimage\"},\"image\":{\"@id\":\"https:\/\/noti-america.com\/site\/ecuador\/2021\/08\/31\/ecuador-y-china-proponen-la-creacion-de-un-tratado-de-libre-comercio\/#primaryimage\"},\"thumbnailUrl\":\"https:\/\/noti-america.com\/site\/ecuador\/wp-content\/uploads\/sites\/18\/2021\/08\/31-de-agosto-Captura-de-Pantalla-2020-10-15-a-las-18.17.21-2048x1274-1.png\",\"datePublished\":\"2021-08-31T22:03:02+00:00\",\"breadcrumb\":{\"@id\":\"https:\/\/noti-america.com\/site\/ecuador\/2021\/08\/31\/ecuador-y-china-proponen-la-creacion-de-un-tratado-de-libre-comercio\/#breadcrumb\"},\"inLanguage\":\"es\",\"potentialAction\":[{\"@type\":\"ReadAction\",\"target\":[\"https:\/\/noti-america.com\/site\/ecuador\/2021\/08\/31\/ecuador-y-china-proponen-la-creacion-de-un-tratado-de-libre-comercio\/\"]}]},{\"@type\":\"ImageObject\",\"inLanguage\":\"es\",\"@id\":\"https:\/\/noti-america.com\/site\/ecuador\/2021\/08\/31\/ecuador-y-china-proponen-la-creacion-de-un-tratado-de-libre-comercio\/#primaryimage\",\"url\":\"https:\/\/noti-america.com\/site\/ecuador\/wp-content\/uploads\/sites\/18\/2021\/08\/31-de-agosto-Captura-de-Pantalla-2020-10-15-a-las-18.17.21-2048x1274-1.png\",\"contentUrl\":\"https:\/\/noti-america.com\/site\/ecuador\/wp-content\/uploads\/sites\/18\/2021\/08\/31-de-agosto-Captura-de-Pantalla-2020-10-15-a-las-18.17.21-2048x1274-1.png\",\"width\":2048,\"height\":1274},{\"@type\":\"BreadcrumbList\",\"@id\":\"https:\/\/noti-america.com\/site\/ecuador\/2021\/08\/31\/ecuador-y-china-proponen-la-creacion-de-un-tratado-de-libre-comercio\/#breadcrumb\",\"itemListElement\":[{\"@type\":\"ListItem\",\"position\":1,\"name\":\"Portada\",\"item\":\"https:\/\/noti-america.com\/site\/ecuador\/\"},{\"@type\":\"ListItem\",\"position\":2,\"name\":\"Ecuador y China proponen la creaci\u00f3n de un Tratado de Libre Comercio\"}]},{\"@type\":\"WebSite\",\"@id\":\"https:\/\/noti-america.com\/site\/ecuador\/#website\",\"url\":\"https:\/\/noti-america.com\/site\/ecuador\/\",\"name\":\"Ecuador | Noti-America.com\",\"description\":\"\",\"publisher\":{\"@id\":\"https:\/\/noti-america.com\/site\/ecuador\/#organization\"},\"potentialAction\":[{\"@type\":\"SearchAction\",\"target\":{\"@type\":\"EntryPoint\",\"urlTemplate\":\"https:\/\/noti-america.com\/site\/ecuador\/?s={search_term_string}\"},\"query-input\":{\"@type\":\"PropertyValueSpecification\",\"valueRequired\":true,\"valueName\":\"search_term_string\"}}],\"inLanguage\":\"es\"},{\"@type\":\"Organization\",\"@id\":\"https:\/\/noti-america.com\/site\/ecuador\/#organization\",\"name\":\"Noti-America LLC | Ecuador\",\"url\":\"https:\/\/noti-america.com\/site\/ecuador\/\",\"logo\":{\"@type\":\"ImageObject\",\"inLanguage\":\"es\",\"@id\":\"https:\/\/noti-america.com\/site\/ecuador\/#\/schema\/logo\/image\/\",\"url\":\"https:\/\/noti-america.com\/site\/ecuador\/wp-content\/uploads\/sites\/18\/2020\/07\/LogoNA-4x3-1.jpg\",\"contentUrl\":\"https:\/\/noti-america.com\/site\/ecuador\/wp-content\/uploads\/sites\/18\/2020\/07\/LogoNA-4x3-1.jpg\",\"width\":1236,\"height\":1080,\"caption\":\"Noti-America LLC | Ecuador\"},\"image\":{\"@id\":\"https:\/\/noti-america.com\/site\/ecuador\/#\/schema\/logo\/image\/\"},\"sameAs\":[\"https:\/\/x.com\/notiamerica\"]},{\"@type\":\"Person\",\"@id\":\"https:\/\/noti-america.com\/site\/ecuador\/#\/schema\/person\/b9d1630cc6598af759d45c790a347283\",\"name\":\"Henry Ortiz\",\"image\":{\"@type\":\"ImageObject\",\"inLanguage\":\"es\",\"@id\":\"https:\/\/secure.gravatar.com\/avatar\/0b5407b5b302fbb6a578e625dca512ac2983ee5fa9ea941d581b83c40212e4c8?s=96&d=mm&r=g\",\"url\":\"https:\/\/secure.gravatar.com\/avatar\/0b5407b5b302fbb6a578e625dca512ac2983ee5fa9ea941d581b83c40212e4c8?s=96&d=mm&r=g\",\"contentUrl\":\"https:\/\/secure.gravatar.com\/avatar\/0b5407b5b302fbb6a578e625dca512ac2983ee5fa9ea941d581b83c40212e4c8?s=96&d=mm&r=g\",\"caption\":\"Henry Ortiz\"},\"url\":\"https:\/\/noti-america.com\/site\/ecuador\/author\/hortiz\/\"}]}<\/script>\n<!-- \/ Yoast SEO Premium plugin. -->","yoast_head_json":{"title":"Ecuador y China proponen la creaci\u00f3n de un Tratado de Libre Comercio - Ecuador | Noti-America.com","robots":{"index":"index","follow":"follow","max-snippet":"max-snippet:-1","max-image-preview":"max-image-preview:large","max-video-preview":"max-video-preview:-1"},"canonical":"https:\/\/noti-america.com\/site\/ecuador\/2021\/08\/31\/ecuador-y-china-proponen-la-creacion-de-un-tratado-de-libre-comercio\/","og_locale":"es_ES","og_type":"article","og_title":"Ecuador y China proponen la creaci\u00f3n de un Tratado de Libre Comercio","og_description":"REDACCI\u00d3N NOTI AM\u00c9RICA (ECUADOR) Los presidentes del Ecuador, Guillermo Lasso, y de la Rep\u00fablica Popular China, Xi Jinping, mantuvieron un di\u00e1logo, en donde hubo la disponibilidad de ambas naciones de firmar un tratado de&#46;&#46;&#46;","og_url":"https:\/\/noti-america.com\/site\/ecuador\/2021\/08\/31\/ecuador-y-china-proponen-la-creacion-de-un-tratado-de-libre-comercio\/","og_site_name":"Ecuador | Noti-America.com","article_published_time":"2021-08-31T22:03:02+00:00","og_image":[{"width":2048,"height":1274,"url":"https:\/\/noti-america.com\/site\/ecuador\/wp-content\/uploads\/sites\/18\/2021\/08\/31-de-agosto-Captura-de-Pantalla-2020-10-15-a-las-18.17.21-2048x1274-1.png","type":"image\/png"}],"author":"Henry Ortiz","twitter_card":"summary_large_image","twitter_creator":"@notiamerica","twitter_site":"@notiamerica","twitter_misc":{"Escrito por":"Henry Ortiz","Tiempo estimado de lectura":"1 minuto"},"schema":{"@context":"https:\/\/schema.org","@graph":[{"@type":"Article","@id":"https:\/\/noti-america.com\/site\/ecuador\/2021\/08\/31\/ecuador-y-china-proponen-la-creacion-de-un-tratado-de-libre-comercio\/#article","isPartOf":{"@id":"https:\/\/noti-america.com\/site\/ecuador\/2021\/08\/31\/ecuador-y-china-proponen-la-creacion-de-un-tratado-de-libre-comercio\/"},"author":{"name":"Henry Ortiz","@id":"https:\/\/noti-america.com\/site\/ecuador\/#\/schema\/person\/b9d1630cc6598af759d45c790a347283"},"headline":"Ecuador y China proponen la creaci\u00f3n de un Tratado de Libre Comercio","datePublished":"2021-08-31T22:03:02+00:00","mainEntityOfPage":{"@id":"https:\/\/noti-america.com\/site\/ecuador\/2021\/08\/31\/ecuador-y-china-proponen-la-creacion-de-un-tratado-de-libre-comercio\/"},"wordCount":273,"commentCount":0,"publisher":{"@id":"https:\/\/noti-america.com\/site\/ecuador\/#organization"},"image":{"@id":"https:\/\/noti-america.com\/site\/ecuador\/2021\/08\/31\/ecuador-y-china-proponen-la-creacion-de-un-tratado-de-libre-comercio\/#primaryimage"},"thumbnailUrl":"https:\/\/noti-america.com\/site\/ecuador\/wp-content\/uploads\/sites\/18\/2021\/08\/31-de-agosto-Captura-de-Pantalla-2020-10-15-a-las-18.17.21-2048x1274-1.png","articleSection":["Actualidad"],"inLanguage":"es","potentialAction":[{"@type":"CommentAction","name":"Comment","target":["https:\/\/noti-america.com\/site\/ecuador\/2021\/08\/31\/ecuador-y-china-proponen-la-creacion-de-un-tratado-de-libre-comercio\/#respond"]}]},{"@type":"WebPage","@id":"https:\/\/noti-america.com\/site\/ecuador\/2021\/08\/31\/ecuador-y-china-proponen-la-creacion-de-un-tratado-de-libre-comercio\/","url":"https:\/\/noti-america.com\/site\/ecuador\/2021\/08\/31\/ecuador-y-china-proponen-la-creacion-de-un-tratado-de-libre-comercio\/","name":"Ecuador y China proponen la creaci\u00f3n de un Tratado de Libre Comercio - Ecuador | Noti-America.com","isPartOf":{"@id":"https:\/\/noti-america.com\/site\/ecuador\/#website"},"primaryImageOfPage":{"@id":"https:\/\/noti-america.com\/site\/ecuador\/2021\/08\/31\/ecuador-y-china-proponen-la-creacion-de-un-tratado-de-libre-comercio\/#primaryimage"},"image":{"@id":"https:\/\/noti-america.com\/site\/ecuador\/2021\/08\/31\/ecuador-y-china-proponen-la-creacion-de-un-tratado-de-libre-comercio\/#primaryimage"},"thumbnailUrl":"https:\/\/noti-america.com\/site\/ecuador\/wp-content\/uploads\/sites\/18\/2021\/08\/31-de-agosto-Captura-de-Pantalla-2020-10-15-a-las-18.17.21-2048x1274-1.png","datePublished":"2021-08-31T22:03:02+00:00","breadcrumb":{"@id":"https:\/\/noti-america.com\/site\/ecuador\/2021\/08\/31\/ecuador-y-china-proponen-la-creacion-de-un-tratado-de-libre-comercio\/#breadcrumb"},"inLanguage":"es","potentialAction":[{"@type":"ReadAction","target":["https:\/\/noti-america.com\/site\/ecuador\/2021\/08\/31\/ecuador-y-china-proponen-la-creacion-de-un-tratado-de-libre-comercio\/"]}]},{"@type":"ImageObject","inLanguage":"es","@id":"https:\/\/noti-america.com\/site\/ecuador\/2021\/08\/31\/ecuador-y-china-proponen-la-creacion-de-un-tratado-de-libre-comercio\/#primaryimage","url":"https:\/\/noti-america.com\/site\/ecuador\/wp-content\/uploads\/sites\/18\/2021\/08\/31-de-agosto-Captura-de-Pantalla-2020-10-15-a-las-18.17.21-2048x1274-1.png","contentUrl":"https:\/\/noti-america.com\/site\/ecuador\/wp-content\/uploads\/sites\/18\/2021\/08\/31-de-agosto-Captura-de-Pantalla-2020-10-15-a-las-18.17.21-2048x1274-1.png","width":2048,"height":1274},{"@type":"BreadcrumbList","@id":"https:\/\/noti-america.com\/site\/ecuador\/2021\/08\/31\/ecuador-y-china-proponen-la-creacion-de-un-tratado-de-libre-comercio\/#breadcrumb","itemListElement":[{"@type":"ListItem","position":1,"name":"Portada","item":"https:\/\/noti-america.com\/site\/ecuador\/"},{"@type":"ListItem","position":2,"name":"Ecuador y China proponen la creaci\u00f3n de un Tratado de Libre Comercio"}]},{"@type":"WebSite","@id":"https:\/\/noti-america.com\/site\/ecuador\/#website","url":"https:\/\/noti-america.com\/site\/ecuador\/","name":"Ecuador | Noti-America.com","description":"","publisher":{"@id":"https:\/\/noti-america.com\/site\/ecuador\/#organization"},"potentialAction":[{"@type":"SearchAction","target":{"@type":"EntryPoint","urlTemplate":"https:\/\/noti-america.com\/site\/ecuador\/?s={search_term_string}"},"query-input":{"@type":"PropertyValueSpecification","valueRequired":true,"valueName":"search_term_string"}}],"inLanguage":"es"},{"@type":"Organization","@id":"https:\/\/noti-america.com\/site\/ecuador\/#organization","name":"Noti-America LLC | Ecuador","url":"https:\/\/noti-america.com\/site\/ecuador\/","logo":{"@type":"ImageObject","inLanguage":"es","@id":"https:\/\/noti-america.com\/site\/ecuador\/#\/schema\/logo\/image\/","url":"https:\/\/noti-america.com\/site\/ecuador\/wp-content\/uploads\/sites\/18\/2020\/07\/LogoNA-4x3-1.jpg","contentUrl":"https:\/\/noti-america.com\/site\/ecuador\/wp-content\/uploads\/sites\/18\/2020\/07\/LogoNA-4x3-1.jpg","width":1236,"height":1080,"caption":"Noti-America LLC | Ecuador"},"image":{"@id":"https:\/\/noti-america.com\/site\/ecuador\/#\/schema\/logo\/image\/"},"sameAs":["https:\/\/x.com\/notiamerica"]},{"@type":"Person","@id":"https:\/\/noti-america.com\/site\/ecuador\/#\/schema\/person\/b9d1630cc6598af759d45c790a347283","name":"Henry Ortiz","image":{"@type":"ImageObject","inLanguage":"es","@id":"https:\/\/secure.gravatar.com\/avatar\/0b5407b5b302fbb6a578e625dca512ac2983ee5fa9ea941d581b83c40212e4c8?s=96&d=mm&r=g","url":"https:\/\/secure.gravatar.com\/avatar\/0b5407b5b302fbb6a578e625dca512ac2983ee5fa9ea941d581b83c40212e4c8?s=96&d=mm&r=g","contentUrl":"https:\/\/secure.gravatar.com\/avatar\/0b5407b5b302fbb6a578e625dca512ac2983ee5fa9ea941d581b83c40212e4c8?s=96&d=mm&r=g","caption":"Henry Ortiz"},"url":"https:\/\/noti-america.com\/site\/ecuador\/author\/hortiz\/"}]}},"_links":{"self":[{"href":"https:\/\/noti-america.com\/site\/ecuador\/wp-json\/wp\/v2\/posts\/16141","targetHints":{"allow":["GET"]}}],"collection":[{"href":"https:\/\/noti-america.com\/site\/ecuador\/wp-json\/wp\/v2\/posts"}],"about":[{"href":"https:\/\/noti-america.com\/site\/ecuador\/wp-json\/wp\/v2\/types\/post"}],"author":[{"embeddable":true,"href":"https:\/\/noti-america.com\/site\/ecuador\/wp-json\/wp\/v2\/users\/113"}],"replies":[{"embeddable":true,"href":"https:\/\/noti-america.com\/site\/ecuador\/wp-json\/wp\/v2\/comments?post=16141"}],"version-history":[{"count":1,"href":"https:\/\/noti-america.com\/site\/ecuador\/wp-json\/wp\/v2\/posts\/16141\/revisions"}],"predecessor-version":[{"id":16143,"href":"https:\/\/noti-america.com\/site\/ecuador\/wp-json\/wp\/v2\/posts\/16141\/revisions\/16143"}],"wp:featuredmedia":[{"embeddable":true,"href":"https:\/\/noti-america.com\/site\/ecuador\/wp-json\/wp\/v2\/media\/16142"}],"wp:attachment":[{"href":"https:\/\/noti-america.com\/site\/ecuador\/wp-json\/wp\/v2\/media?parent=16141"}],"wp:term":[{"taxonomy":"category","embeddable":true,"href":"https:\/\/noti-america.com\/site\/ecuador\/wp-json\/wp\/v2\/categories?post=16141"},{"taxonomy":"post_tag","embeddable":true,"href":"https:\/\/noti-america.com\/site\/ecuador\/wp-json\/wp\/v2\/tags?post=16141"}],"curies":[{"name":"wp","href":"https:\/\/api.w.org\/{rel}","templated":true}]}}