{"id":16107,"date":"2021-08-30T03:26:35","date_gmt":"2021-08-30T03:26:35","guid":{"rendered":"https:\/\/noti-america.com\/site\/ecuador\/?p=16107"},"modified":"2021-08-30T03:26:35","modified_gmt":"2021-08-30T03:26:35","slug":"ministerio-de-educacion-presento-plan-nacional-aprender-a-tiempo","status":"publish","type":"post","link":"https:\/\/noti-america.com\/site\/ecuador\/2021\/08\/30\/ministerio-de-educacion-presento-plan-nacional-aprender-a-tiempo\/","title":{"rendered":"Ministerio de Educaci\u00f3n present\u00f3 Plan Nacional \u201cAprender a Tiempo\u201d"},"content":{"rendered":"<p>REDACCI\u00d3N NOTI AM\u00c9RICA (ECUADOR)<\/p>\n<div style=\"width: 810px\" class=\"wp-caption alignnone\"><img loading=\"lazy\" decoding=\"async\" src=\"https:\/\/educacion.gob.ec\/wp-content\/uploads\/2021\/08\/Zona-4-docente-3-1.png\" alt=\"\" width=\"800\" height=\"450\" \/><p class=\"wp-caption-text\">Docente ense\u00f1a a ni\u00f1o<\/p><\/div>\n<p style=\"text-align: justify\">EL jueves 26 de agosto el Ministerio de Educaci\u00f3n present\u00f3 el Plan Nacional \u201cAprender a Tiempo\u201d, que tiene como objetivo disminuir el rezago y brechas educativas existentes en los estudiantes del sistema educativo, buscando el apoyo t\u00e9cnico pedag\u00f3gico orientado a la nivelaci\u00f3n y recuperaci\u00f3n de aprendizajes de los ni\u00f1os, ni\u00f1as y adolescentes.<\/p>\n<p style=\"text-align: justify\">Durante la presentaci\u00f3n la ministra de Educaci\u00f3n, Maria Brown P\u00e9rez, se\u00f1al\u00f3 que este plan es pensando en el marco del impacto que ha tenido el pa\u00eds por la pandemia, el cual obliga a pensar en distintas formas de atender y trabajar en un sistema integrado de nivelaci\u00f3n, \u201cel Plan se implementar\u00e1 en el r\u00e9gimen Sierra y Amazonia desde el 1 de septiembre, mientras que en el r\u00e9gimen Costa \u2013 Gal\u00e1pagos se efectuar\u00e1 a partir del 4 de octubre, es decir en el segundo quimestre, esta implementaci\u00f3n ser\u00e1 de forma presencial\u201d.<\/p>\n<p style=\"text-align: justify\">Este Plan contempla una medida de acci\u00f3n afirmativa para los estudiantes que presentan un nivel bajo de aprendizaje y que como consecuencia de la pandemia se profundizaron, el programa contempla un proceso de nivelaci\u00f3n continuo y permanente a trav\u00e9s de la implementaci\u00f3n de un curr\u00edculo priorizado focalizado en competencias comunicacionales y matem\u00e1ticas y el acompa\u00f1amiento individualizado de un Pedagogo.<\/p>\n<p style=\"text-align: justify\">Este Plan de desarrollar\u00e1 bajo 5 ejes transversales:<\/p>\n<ul style=\"text-align: justify\">\n<li>Lectura y Escritura.<\/li>\n<li>Prevenci\u00f3n a la Exclusi\u00f3n y Retenci\u00f3n Escolar.<\/li>\n<li>Metodolog\u00eda de Recuperando Aprendizajes.<\/li>\n<li>Insignia Aprender a Tiempo.<\/li>\n<\/ul>\n<p style=\"text-align: justify\">Por su parte Cinthya Game Varas, viceministra de Educaci\u00f3n, en su bienvenida al encuentro destac\u00f3 la importancia del Plan que busca recuperar los aprendizajes de nuestros estudiantes, \u201cel ministerio plantea este plan como medida de acci\u00f3n afirmativa para que los estudiantes que requieren apoyo t\u00e9cnico o pedag\u00f3gico orientado a la nivelaci\u00f3n y recuperaci\u00f3n de aprendizaje, este es un proceso de nivelaci\u00f3n continua a estudiantes de 2.000 instituciones educativas que previamente han sido seleccionados a trav\u00e9s de la implementaci\u00f3n de un curr\u00edculo focalizado priorizado en competencias comunicacionales y matem\u00e1ticas\u201d, expres\u00f3.<\/p>\n<p style=\"text-align: justify\">Paulina Risue\u00f1o, rectora de la Instituci\u00f3n Educativa Alexander Von Humbolt, expres\u00f3 el compromiso por parte de los docentes y autoridades educativas, \u201ceste Plan Nacional brindar\u00e1 la oportunidad a los estudiantes de tener una nivelaci\u00f3n pedag\u00f3gica, el cual contempla al estudiante, padre de familia y docente, cada uno desde sus competencias donde se establecen herramientas pedag\u00f3gicas, tecnol\u00f3gicas y sociales para encaminar a nuestros ni\u00f1os, ni\u00f1as y adolescentes a un proyecto de vida\u201d.<\/p>\n<p style=\"text-align: justify\">Con estas acciones el Ministerio de Educaci\u00f3n trabaja en el eje de acci\u00f3n Encontr\u00e9monos, que promueve el desarrollo de los procesos de acompa\u00f1amiento y fortalecimiento pedag\u00f3gico.<\/p>\n","protected":false},"excerpt":{"rendered":"<p>REDACCI\u00d3N NOTI AM\u00c9RICA (ECUADOR) EL jueves 26 de agosto el Ministerio de Educaci\u00f3n present\u00f3 el Plan Nacional \u201cAprender a Tiempo\u201d, que tiene como objetivo disminuir el rezago y brechas educativas existentes en los estudiantes&#46;&#46;&#46;<\/p>\n","protected":false},"author":17,"featured_media":16108,"comment_status":"open","ping_status":"open","sticky":false,"template":"","format":"standard","meta":{"_acf_changed":false,"om_disable_all_campaigns":false,"rop_custom_images_group":[],"rop_custom_messages_group":[],"rop_publish_now":"initial","rop_publish_now_accounts":{"twitter_242054905_242054905":""},"rop_publish_now_history":[],"rop_publish_now_status":"pending","_uf_show_specific_survey":0,"_uf_disable_surveys":false,"footnotes":""},"categories":[103],"tags":[],"class_list":["post-16107","post","type-post","status-publish","format-standard","has-post-thumbnail","hentry","category-educacion"],"acf":[],"aioseo_notices":[],"yoast_head":"<!-- This site is optimized with the Yoast SEO Premium plugin v24.9 (Yoast SEO v27.2) - https:\/\/yoast.com\/product\/yoast-seo-premium-wordpress\/ -->\n<title>Ministerio de Educaci\u00f3n present\u00f3 Plan Nacional \u201cAprender a Tiempo\u201d - Ecuador | Noti-America.com<\/title>\n<meta name=\"robots\" content=\"index, follow, max-snippet:-1, max-image-preview:large, max-video-preview:-1\" \/>\n<link rel=\"canonical\" href=\"https:\/\/noti-america.com\/site\/ecuador\/2021\/08\/30\/ministerio-de-educacion-presento-plan-nacional-aprender-a-tiempo\/\" \/>\n<meta property=\"og:locale\" content=\"es_ES\" \/>\n<meta property=\"og:type\" content=\"article\" \/>\n<meta property=\"og:title\" content=\"Ministerio de Educaci\u00f3n present\u00f3 Plan Nacional \u201cAprender a Tiempo\u201d\" \/>\n<meta property=\"og:description\" content=\"REDACCI\u00d3N NOTI AM\u00c9RICA (ECUADOR) EL jueves 26 de agosto el Ministerio de Educaci\u00f3n present\u00f3 el Plan Nacional \u201cAprender a Tiempo\u201d, que tiene como objetivo disminuir el rezago y brechas educativas existentes en los estudiantes&#046;&#046;&#046;\" \/>\n<meta property=\"og:url\" content=\"https:\/\/noti-america.com\/site\/ecuador\/2021\/08\/30\/ministerio-de-educacion-presento-plan-nacional-aprender-a-tiempo\/\" \/>\n<meta property=\"og:site_name\" content=\"Ecuador | Noti-America.com\" \/>\n<meta property=\"article:published_time\" content=\"2021-08-30T03:26:35+00:00\" \/>\n<meta property=\"og:image\" content=\"https:\/\/noti-america.com\/site\/ecuador\/wp-content\/uploads\/sites\/18\/2021\/08\/Zona-4-docente-3-1.png\" \/>\n\t<meta property=\"og:image:width\" content=\"800\" \/>\n\t<meta property=\"og:image:height\" content=\"450\" \/>\n\t<meta property=\"og:image:type\" content=\"image\/png\" \/>\n<meta name=\"author\" content=\"Gregory Quintana Montiel\" \/>\n<meta name=\"twitter:card\" content=\"summary_large_image\" \/>\n<meta name=\"twitter:creator\" content=\"@gdgregori1\" \/>\n<meta name=\"twitter:site\" content=\"@notiamerica\" \/>\n<meta name=\"twitter:label1\" content=\"Escrito por\" \/>\n\t<meta name=\"twitter:data1\" content=\"Gregory Quintana Montiel\" \/>\n\t<meta name=\"twitter:label2\" content=\"Tiempo estimado de lectura\" \/>\n\t<meta name=\"twitter:data2\" content=\"2 minutos\" \/>\n<script type=\"application\/ld+json\" class=\"yoast-schema-graph\">{\"@context\":\"https:\/\/schema.org\",\"@graph\":[{\"@type\":\"Article\",\"@id\":\"https:\/\/noti-america.com\/site\/ecuador\/2021\/08\/30\/ministerio-de-educacion-presento-plan-nacional-aprender-a-tiempo\/#article\",\"isPartOf\":{\"@id\":\"https:\/\/noti-america.com\/site\/ecuador\/2021\/08\/30\/ministerio-de-educacion-presento-plan-nacional-aprender-a-tiempo\/\"},\"author\":{\"name\":\"Gregory Quintana Montiel\",\"@id\":\"https:\/\/noti-america.com\/site\/ecuador\/#\/schema\/person\/3b975e42f15abfe64bfe3abdd916efda\"},\"headline\":\"Ministerio de Educaci\u00f3n present\u00f3 Plan Nacional \u201cAprender a Tiempo\u201d\",\"datePublished\":\"2021-08-30T03:26:35+00:00\",\"mainEntityOfPage\":{\"@id\":\"https:\/\/noti-america.com\/site\/ecuador\/2021\/08\/30\/ministerio-de-educacion-presento-plan-nacional-aprender-a-tiempo\/\"},\"wordCount\":487,\"commentCount\":0,\"publisher\":{\"@id\":\"https:\/\/noti-america.com\/site\/ecuador\/#organization\"},\"image\":{\"@id\":\"https:\/\/noti-america.com\/site\/ecuador\/2021\/08\/30\/ministerio-de-educacion-presento-plan-nacional-aprender-a-tiempo\/#primaryimage\"},\"thumbnailUrl\":\"https:\/\/noti-america.com\/site\/ecuador\/wp-content\/uploads\/sites\/18\/2021\/08\/Zona-4-docente-3-1.png\",\"articleSection\":[\"Educaci\u00f3n\"],\"inLanguage\":\"es\",\"potentialAction\":[{\"@type\":\"CommentAction\",\"name\":\"Comment\",\"target\":[\"https:\/\/noti-america.com\/site\/ecuador\/2021\/08\/30\/ministerio-de-educacion-presento-plan-nacional-aprender-a-tiempo\/#respond\"]}]},{\"@type\":\"WebPage\",\"@id\":\"https:\/\/noti-america.com\/site\/ecuador\/2021\/08\/30\/ministerio-de-educacion-presento-plan-nacional-aprender-a-tiempo\/\",\"url\":\"https:\/\/noti-america.com\/site\/ecuador\/2021\/08\/30\/ministerio-de-educacion-presento-plan-nacional-aprender-a-tiempo\/\",\"name\":\"Ministerio de Educaci\u00f3n present\u00f3 Plan Nacional \u201cAprender a Tiempo\u201d - Ecuador | Noti-America.com\",\"isPartOf\":{\"@id\":\"https:\/\/noti-america.com\/site\/ecuador\/#website\"},\"primaryImageOfPage\":{\"@id\":\"https:\/\/noti-america.com\/site\/ecuador\/2021\/08\/30\/ministerio-de-educacion-presento-plan-nacional-aprender-a-tiempo\/#primaryimage\"},\"image\":{\"@id\":\"https:\/\/noti-america.com\/site\/ecuador\/2021\/08\/30\/ministerio-de-educacion-presento-plan-nacional-aprender-a-tiempo\/#primaryimage\"},\"thumbnailUrl\":\"https:\/\/noti-america.com\/site\/ecuador\/wp-content\/uploads\/sites\/18\/2021\/08\/Zona-4-docente-3-1.png\",\"datePublished\":\"2021-08-30T03:26:35+00:00\",\"breadcrumb\":{\"@id\":\"https:\/\/noti-america.com\/site\/ecuador\/2021\/08\/30\/ministerio-de-educacion-presento-plan-nacional-aprender-a-tiempo\/#breadcrumb\"},\"inLanguage\":\"es\",\"potentialAction\":[{\"@type\":\"ReadAction\",\"target\":[\"https:\/\/noti-america.com\/site\/ecuador\/2021\/08\/30\/ministerio-de-educacion-presento-plan-nacional-aprender-a-tiempo\/\"]}]},{\"@type\":\"ImageObject\",\"inLanguage\":\"es\",\"@id\":\"https:\/\/noti-america.com\/site\/ecuador\/2021\/08\/30\/ministerio-de-educacion-presento-plan-nacional-aprender-a-tiempo\/#primaryimage\",\"url\":\"https:\/\/noti-america.com\/site\/ecuador\/wp-content\/uploads\/sites\/18\/2021\/08\/Zona-4-docente-3-1.png\",\"contentUrl\":\"https:\/\/noti-america.com\/site\/ecuador\/wp-content\/uploads\/sites\/18\/2021\/08\/Zona-4-docente-3-1.png\",\"width\":800,\"height\":450},{\"@type\":\"BreadcrumbList\",\"@id\":\"https:\/\/noti-america.com\/site\/ecuador\/2021\/08\/30\/ministerio-de-educacion-presento-plan-nacional-aprender-a-tiempo\/#breadcrumb\",\"itemListElement\":[{\"@type\":\"ListItem\",\"position\":1,\"name\":\"Portada\",\"item\":\"https:\/\/noti-america.com\/site\/ecuador\/\"},{\"@type\":\"ListItem\",\"position\":2,\"name\":\"Ministerio de Educaci\u00f3n present\u00f3 Plan Nacional \u201cAprender a Tiempo\u201d\"}]},{\"@type\":\"WebSite\",\"@id\":\"https:\/\/noti-america.com\/site\/ecuador\/#website\",\"url\":\"https:\/\/noti-america.com\/site\/ecuador\/\",\"name\":\"Ecuador | Noti-America.com\",\"description\":\"\",\"publisher\":{\"@id\":\"https:\/\/noti-america.com\/site\/ecuador\/#organization\"},\"potentialAction\":[{\"@type\":\"SearchAction\",\"target\":{\"@type\":\"EntryPoint\",\"urlTemplate\":\"https:\/\/noti-america.com\/site\/ecuador\/?s={search_term_string}\"},\"query-input\":{\"@type\":\"PropertyValueSpecification\",\"valueRequired\":true,\"valueName\":\"search_term_string\"}}],\"inLanguage\":\"es\"},{\"@type\":\"Organization\",\"@id\":\"https:\/\/noti-america.com\/site\/ecuador\/#organization\",\"name\":\"Noti-America LLC | Ecuador\",\"url\":\"https:\/\/noti-america.com\/site\/ecuador\/\",\"logo\":{\"@type\":\"ImageObject\",\"inLanguage\":\"es\",\"@id\":\"https:\/\/noti-america.com\/site\/ecuador\/#\/schema\/logo\/image\/\",\"url\":\"https:\/\/noti-america.com\/site\/ecuador\/wp-content\/uploads\/sites\/18\/2020\/07\/LogoNA-4x3-1.jpg\",\"contentUrl\":\"https:\/\/noti-america.com\/site\/ecuador\/wp-content\/uploads\/sites\/18\/2020\/07\/LogoNA-4x3-1.jpg\",\"width\":1236,\"height\":1080,\"caption\":\"Noti-America LLC | Ecuador\"},\"image\":{\"@id\":\"https:\/\/noti-america.com\/site\/ecuador\/#\/schema\/logo\/image\/\"},\"sameAs\":[\"https:\/\/x.com\/notiamerica\"]},{\"@type\":\"Person\",\"@id\":\"https:\/\/noti-america.com\/site\/ecuador\/#\/schema\/person\/3b975e42f15abfe64bfe3abdd916efda\",\"name\":\"Gregory Quintana Montiel\",\"image\":{\"@type\":\"ImageObject\",\"inLanguage\":\"es\",\"@id\":\"https:\/\/secure.gravatar.com\/avatar\/2d6b802f7720c2ec7744dcbe608cc2f3417aeb964d58b443c6d612b77531de1d?s=96&d=mm&r=g\",\"url\":\"https:\/\/secure.gravatar.com\/avatar\/2d6b802f7720c2ec7744dcbe608cc2f3417aeb964d58b443c6d612b77531de1d?s=96&d=mm&r=g\",\"contentUrl\":\"https:\/\/secure.gravatar.com\/avatar\/2d6b802f7720c2ec7744dcbe608cc2f3417aeb964d58b443c6d612b77531de1d?s=96&d=mm&r=g\",\"caption\":\"Gregory Quintana Montiel\"},\"description\":\"Licenciatura en Ciencias de la Comunicaci\u00f3n Social, egresado en la Especializaci\u00f3n Derecho Ambiental Desarrollo Sostenible y Sustentable, Miembro de la Comunidad de profesionales y experto para Latinoam\u00e9rica y el Caribe en Gesti\u00f3n por Resultado en el Desarrollo (COPLAC - GpRD) del Banco Interamericano de Desarrollo, experiencia en medios radiales y escritos.\",\"sameAs\":[\"https:\/\/x.com\/gdgregori1\",\"gquintana\"],\"url\":\"https:\/\/noti-america.com\/site\/ecuador\/author\/gquintana\/\"}]}<\/script>\n<!-- \/ Yoast SEO Premium plugin. -->","yoast_head_json":{"title":"Ministerio de Educaci\u00f3n present\u00f3 Plan Nacional \u201cAprender a Tiempo\u201d - Ecuador | Noti-America.com","robots":{"index":"index","follow":"follow","max-snippet":"max-snippet:-1","max-image-preview":"max-image-preview:large","max-video-preview":"max-video-preview:-1"},"canonical":"https:\/\/noti-america.com\/site\/ecuador\/2021\/08\/30\/ministerio-de-educacion-presento-plan-nacional-aprender-a-tiempo\/","og_locale":"es_ES","og_type":"article","og_title":"Ministerio de Educaci\u00f3n present\u00f3 Plan Nacional \u201cAprender a Tiempo\u201d","og_description":"REDACCI\u00d3N NOTI AM\u00c9RICA (ECUADOR) EL jueves 26 de agosto el Ministerio de Educaci\u00f3n present\u00f3 el Plan Nacional \u201cAprender a Tiempo\u201d, que tiene como objetivo disminuir el rezago y brechas educativas existentes en los estudiantes&#46;&#46;&#46;","og_url":"https:\/\/noti-america.com\/site\/ecuador\/2021\/08\/30\/ministerio-de-educacion-presento-plan-nacional-aprender-a-tiempo\/","og_site_name":"Ecuador | Noti-America.com","article_published_time":"2021-08-30T03:26:35+00:00","og_image":[{"width":800,"height":450,"url":"https:\/\/noti-america.com\/site\/ecuador\/wp-content\/uploads\/sites\/18\/2021\/08\/Zona-4-docente-3-1.png","type":"image\/png"}],"author":"Gregory Quintana Montiel","twitter_card":"summary_large_image","twitter_creator":"@gdgregori1","twitter_site":"@notiamerica","twitter_misc":{"Escrito por":"Gregory Quintana Montiel","Tiempo estimado de lectura":"2 minutos"},"schema":{"@context":"https:\/\/schema.org","@graph":[{"@type":"Article","@id":"https:\/\/noti-america.com\/site\/ecuador\/2021\/08\/30\/ministerio-de-educacion-presento-plan-nacional-aprender-a-tiempo\/#article","isPartOf":{"@id":"https:\/\/noti-america.com\/site\/ecuador\/2021\/08\/30\/ministerio-de-educacion-presento-plan-nacional-aprender-a-tiempo\/"},"author":{"name":"Gregory Quintana Montiel","@id":"https:\/\/noti-america.com\/site\/ecuador\/#\/schema\/person\/3b975e42f15abfe64bfe3abdd916efda"},"headline":"Ministerio de Educaci\u00f3n present\u00f3 Plan Nacional \u201cAprender a Tiempo\u201d","datePublished":"2021-08-30T03:26:35+00:00","mainEntityOfPage":{"@id":"https:\/\/noti-america.com\/site\/ecuador\/2021\/08\/30\/ministerio-de-educacion-presento-plan-nacional-aprender-a-tiempo\/"},"wordCount":487,"commentCount":0,"publisher":{"@id":"https:\/\/noti-america.com\/site\/ecuador\/#organization"},"image":{"@id":"https:\/\/noti-america.com\/site\/ecuador\/2021\/08\/30\/ministerio-de-educacion-presento-plan-nacional-aprender-a-tiempo\/#primaryimage"},"thumbnailUrl":"https:\/\/noti-america.com\/site\/ecuador\/wp-content\/uploads\/sites\/18\/2021\/08\/Zona-4-docente-3-1.png","articleSection":["Educaci\u00f3n"],"inLanguage":"es","potentialAction":[{"@type":"CommentAction","name":"Comment","target":["https:\/\/noti-america.com\/site\/ecuador\/2021\/08\/30\/ministerio-de-educacion-presento-plan-nacional-aprender-a-tiempo\/#respond"]}]},{"@type":"WebPage","@id":"https:\/\/noti-america.com\/site\/ecuador\/2021\/08\/30\/ministerio-de-educacion-presento-plan-nacional-aprender-a-tiempo\/","url":"https:\/\/noti-america.com\/site\/ecuador\/2021\/08\/30\/ministerio-de-educacion-presento-plan-nacional-aprender-a-tiempo\/","name":"Ministerio de Educaci\u00f3n present\u00f3 Plan Nacional \u201cAprender a Tiempo\u201d - Ecuador | Noti-America.com","isPartOf":{"@id":"https:\/\/noti-america.com\/site\/ecuador\/#website"},"primaryImageOfPage":{"@id":"https:\/\/noti-america.com\/site\/ecuador\/2021\/08\/30\/ministerio-de-educacion-presento-plan-nacional-aprender-a-tiempo\/#primaryimage"},"image":{"@id":"https:\/\/noti-america.com\/site\/ecuador\/2021\/08\/30\/ministerio-de-educacion-presento-plan-nacional-aprender-a-tiempo\/#primaryimage"},"thumbnailUrl":"https:\/\/noti-america.com\/site\/ecuador\/wp-content\/uploads\/sites\/18\/2021\/08\/Zona-4-docente-3-1.png","datePublished":"2021-08-30T03:26:35+00:00","breadcrumb":{"@id":"https:\/\/noti-america.com\/site\/ecuador\/2021\/08\/30\/ministerio-de-educacion-presento-plan-nacional-aprender-a-tiempo\/#breadcrumb"},"inLanguage":"es","potentialAction":[{"@type":"ReadAction","target":["https:\/\/noti-america.com\/site\/ecuador\/2021\/08\/30\/ministerio-de-educacion-presento-plan-nacional-aprender-a-tiempo\/"]}]},{"@type":"ImageObject","inLanguage":"es","@id":"https:\/\/noti-america.com\/site\/ecuador\/2021\/08\/30\/ministerio-de-educacion-presento-plan-nacional-aprender-a-tiempo\/#primaryimage","url":"https:\/\/noti-america.com\/site\/ecuador\/wp-content\/uploads\/sites\/18\/2021\/08\/Zona-4-docente-3-1.png","contentUrl":"https:\/\/noti-america.com\/site\/ecuador\/wp-content\/uploads\/sites\/18\/2021\/08\/Zona-4-docente-3-1.png","width":800,"height":450},{"@type":"BreadcrumbList","@id":"https:\/\/noti-america.com\/site\/ecuador\/2021\/08\/30\/ministerio-de-educacion-presento-plan-nacional-aprender-a-tiempo\/#breadcrumb","itemListElement":[{"@type":"ListItem","position":1,"name":"Portada","item":"https:\/\/noti-america.com\/site\/ecuador\/"},{"@type":"ListItem","position":2,"name":"Ministerio de Educaci\u00f3n present\u00f3 Plan Nacional \u201cAprender a Tiempo\u201d"}]},{"@type":"WebSite","@id":"https:\/\/noti-america.com\/site\/ecuador\/#website","url":"https:\/\/noti-america.com\/site\/ecuador\/","name":"Ecuador | Noti-America.com","description":"","publisher":{"@id":"https:\/\/noti-america.com\/site\/ecuador\/#organization"},"potentialAction":[{"@type":"SearchAction","target":{"@type":"EntryPoint","urlTemplate":"https:\/\/noti-america.com\/site\/ecuador\/?s={search_term_string}"},"query-input":{"@type":"PropertyValueSpecification","valueRequired":true,"valueName":"search_term_string"}}],"inLanguage":"es"},{"@type":"Organization","@id":"https:\/\/noti-america.com\/site\/ecuador\/#organization","name":"Noti-America LLC | Ecuador","url":"https:\/\/noti-america.com\/site\/ecuador\/","logo":{"@type":"ImageObject","inLanguage":"es","@id":"https:\/\/noti-america.com\/site\/ecuador\/#\/schema\/logo\/image\/","url":"https:\/\/noti-america.com\/site\/ecuador\/wp-content\/uploads\/sites\/18\/2020\/07\/LogoNA-4x3-1.jpg","contentUrl":"https:\/\/noti-america.com\/site\/ecuador\/wp-content\/uploads\/sites\/18\/2020\/07\/LogoNA-4x3-1.jpg","width":1236,"height":1080,"caption":"Noti-America LLC | Ecuador"},"image":{"@id":"https:\/\/noti-america.com\/site\/ecuador\/#\/schema\/logo\/image\/"},"sameAs":["https:\/\/x.com\/notiamerica"]},{"@type":"Person","@id":"https:\/\/noti-america.com\/site\/ecuador\/#\/schema\/person\/3b975e42f15abfe64bfe3abdd916efda","name":"Gregory Quintana Montiel","image":{"@type":"ImageObject","inLanguage":"es","@id":"https:\/\/secure.gravatar.com\/avatar\/2d6b802f7720c2ec7744dcbe608cc2f3417aeb964d58b443c6d612b77531de1d?s=96&d=mm&r=g","url":"https:\/\/secure.gravatar.com\/avatar\/2d6b802f7720c2ec7744dcbe608cc2f3417aeb964d58b443c6d612b77531de1d?s=96&d=mm&r=g","contentUrl":"https:\/\/secure.gravatar.com\/avatar\/2d6b802f7720c2ec7744dcbe608cc2f3417aeb964d58b443c6d612b77531de1d?s=96&d=mm&r=g","caption":"Gregory Quintana Montiel"},"description":"Licenciatura en Ciencias de la Comunicaci\u00f3n Social, egresado en la Especializaci\u00f3n Derecho Ambiental Desarrollo Sostenible y Sustentable, Miembro de la Comunidad de profesionales y experto para Latinoam\u00e9rica y el Caribe en Gesti\u00f3n por Resultado en el Desarrollo (COPLAC - GpRD) del Banco Interamericano de Desarrollo, experiencia en medios radiales y escritos.","sameAs":["https:\/\/x.com\/gdgregori1","gquintana"],"url":"https:\/\/noti-america.com\/site\/ecuador\/author\/gquintana\/"}]}},"_links":{"self":[{"href":"https:\/\/noti-america.com\/site\/ecuador\/wp-json\/wp\/v2\/posts\/16107","targetHints":{"allow":["GET"]}}],"collection":[{"href":"https:\/\/noti-america.com\/site\/ecuador\/wp-json\/wp\/v2\/posts"}],"about":[{"href":"https:\/\/noti-america.com\/site\/ecuador\/wp-json\/wp\/v2\/types\/post"}],"author":[{"embeddable":true,"href":"https:\/\/noti-america.com\/site\/ecuador\/wp-json\/wp\/v2\/users\/17"}],"replies":[{"embeddable":true,"href":"https:\/\/noti-america.com\/site\/ecuador\/wp-json\/wp\/v2\/comments?post=16107"}],"version-history":[{"count":1,"href":"https:\/\/noti-america.com\/site\/ecuador\/wp-json\/wp\/v2\/posts\/16107\/revisions"}],"predecessor-version":[{"id":16109,"href":"https:\/\/noti-america.com\/site\/ecuador\/wp-json\/wp\/v2\/posts\/16107\/revisions\/16109"}],"wp:featuredmedia":[{"embeddable":true,"href":"https:\/\/noti-america.com\/site\/ecuador\/wp-json\/wp\/v2\/media\/16108"}],"wp:attachment":[{"href":"https:\/\/noti-america.com\/site\/ecuador\/wp-json\/wp\/v2\/media?parent=16107"}],"wp:term":[{"taxonomy":"category","embeddable":true,"href":"https:\/\/noti-america.com\/site\/ecuador\/wp-json\/wp\/v2\/categories?post=16107"},{"taxonomy":"post_tag","embeddable":true,"href":"https:\/\/noti-america.com\/site\/ecuador\/wp-json\/wp\/v2\/tags?post=16107"}],"curies":[{"name":"wp","href":"https:\/\/api.w.org\/{rel}","templated":true}]}}