{"id":16059,"date":"2021-08-26T17:59:00","date_gmt":"2021-08-26T17:59:00","guid":{"rendered":"https:\/\/noti-america.com\/site\/ecuador\/?p=16059"},"modified":"2021-08-26T17:59:00","modified_gmt":"2021-08-26T17:59:00","slug":"programa-mundial-de-alimentos-intensifico-cooperacion-a-poblaciones-mas-vulnerables-del-ecuador","status":"publish","type":"post","link":"https:\/\/noti-america.com\/site\/ecuador\/2021\/08\/26\/programa-mundial-de-alimentos-intensifico-cooperacion-a-poblaciones-mas-vulnerables-del-ecuador\/","title":{"rendered":"Programa Mundial de Alimentos intensific\u00f3 cooperaci\u00f3n a poblaciones m\u00e1s vulnerables del Ecuador"},"content":{"rendered":"<p><strong>REDACCI\u00d3N NOTI AM\u00c9RICA (ECUADOR)<\/strong><\/p>\n<div id=\"attachment_16060\" style=\"width: 644px\" class=\"wp-caption aligncenter\"><img loading=\"lazy\" decoding=\"async\" aria-describedby=\"caption-attachment-16060\" class=\"wp-image-16060\" src=\"https:\/\/noti-america.com\/site\/ecuador\/wp-content\/uploads\/sites\/18\/2021\/08\/26-agosto-WFP-new-300x167.jpg\" alt=\"\" width=\"634\" height=\"353\" srcset=\"https:\/\/noti-america.com\/site\/ecuador\/wp-content\/uploads\/sites\/18\/2021\/08\/26-agosto-WFP-new-300x167.jpg 300w, https:\/\/noti-america.com\/site\/ecuador\/wp-content\/uploads\/sites\/18\/2021\/08\/26-agosto-WFP-new.jpg 763w\" sizes=\"auto, (max-width: 634px) 100vw, 634px\" \/><p id=\"caption-attachment-16060\" class=\"wp-caption-text\">El proyecto \u201cFortalecimiento de la Resiliencia de las Comunidades ante los efectos adversos del cambio clim\u00e1tico con \u00e9nfasis en seguridad alimentaria y consideraciones de g\u00e9nero\u201d se promovieron sistemas de alimentaci\u00f3n sostenibles en 240 comunidades de 50 parroquias, beneficiando a 19.356 familias.<\/p><\/div>\n<p style=\"text-align: justify\">En los \u00faltimos cinco a\u00f1os el Programa Mundial de Alimentos (PMA) ha intensificado su cooperaci\u00f3n en el Ecuador. El trabajo est\u00e1 enfocado en asistir a las poblaciones m\u00e1s vulnerables del pa\u00eds y se ejecuta en coordinaci\u00f3n con el Ministerio de Relaciones Exteriores y Movilidad Humana y otras instituciones gubernamentales.<\/p>\n<p style=\"text-align: justify\">Durante la pandemia, el PMA implement\u00f3 asistencia alimentaria remota para la poblaci\u00f3n en movilidad humana, se ampli\u00f3 la cobertura de atenci\u00f3n en comedores, albergues y casas de acogida. As\u00ed mismo, junto al Gobierno Nacional se entreg\u00f3 asistencia alimentaria para la poblaci\u00f3n ecuatoriana vulnerable, afectada por las consecuencias del covid-19, a trav\u00e9s de bonos y cupones canjeables por alimentos.<\/p>\n<p style=\"text-align: justify\">A finales del a\u00f1o 2020, el PMA transport\u00f3 m\u00e1s de 800 toneladas de suministros en respuesta a la pandemia de covid-19, dirigidas a las poblaciones m\u00e1s vulnerables afectadas. Adem\u00e1s, de conformidad con las normas y reglamentos del PMA, se establecieron varios acuerdos con agencias de Naciones Unidas, organizaciones internacionales no gubernamentales y gobiernos locales para la provisi\u00f3n de suministros para afrontar la pandemia.<\/p>\n<p style=\"text-align: justify\">Desde el 2017, el Ecuador y el PMA implementaron un nuevo \u201cPlan Estrat\u00e9gico de Pa\u00eds\u201d que rige hasta 2021 y centra su atenci\u00f3n en cinco objetivos estrat\u00e9gicos alineados a las prioridades del Estado que son: el acceso a alimentos; la vinculaci\u00f3n de peque\u00f1os agricultores; el cambio clim\u00e1tico y la resiliencia; el fortalecimiento de capacidades y coordinaci\u00f3n log\u00edstica, y la respuesta a emergencias<\/p>\n<p style=\"text-align: justify\">Como resultado de la aplicaci\u00f3n del plan en el periodo escolar 2018\u2013 2019, m\u00e1s de 10.000 ni\u00f1os de alrededor de 150 centros educativos rurales en la frontera\u00a0 norte complementaron su alimentaci\u00f3n escolar.<\/p>\n<p style=\"text-align: justify\">\n","protected":false},"excerpt":{"rendered":"<p>REDACCI\u00d3N NOTI AM\u00c9RICA (ECUADOR) En los \u00faltimos cinco a\u00f1os el Programa Mundial de Alimentos (PMA) ha intensificado su cooperaci\u00f3n en el Ecuador. El trabajo est\u00e1 enfocado en asistir a las poblaciones m\u00e1s vulnerables del&#46;&#46;&#46;<\/p>\n","protected":false},"author":113,"featured_media":16060,"comment_status":"open","ping_status":"open","sticky":false,"template":"","format":"standard","meta":{"_acf_changed":false,"om_disable_all_campaigns":false,"rop_custom_images_group":[],"rop_custom_messages_group":[],"rop_publish_now":"initial","rop_publish_now_accounts":{"twitter_242054905_242054905":""},"rop_publish_now_history":[],"rop_publish_now_status":"pending","_uf_show_specific_survey":0,"_uf_disable_surveys":false,"footnotes":""},"categories":[125],"tags":[],"class_list":["post-16059","post","type-post","status-publish","format-standard","has-post-thumbnail","hentry","category-actualidad"],"acf":[],"aioseo_notices":[],"yoast_head":"<!-- This site is optimized with the Yoast SEO Premium plugin v24.9 (Yoast SEO v27.2) - https:\/\/yoast.com\/product\/yoast-seo-premium-wordpress\/ -->\n<title>Programa Mundial de Alimentos intensific\u00f3 cooperaci\u00f3n a poblaciones m\u00e1s vulnerables del Ecuador - Ecuador | Noti-America.com<\/title>\n<meta name=\"robots\" content=\"index, follow, max-snippet:-1, max-image-preview:large, max-video-preview:-1\" \/>\n<link rel=\"canonical\" href=\"https:\/\/noti-america.com\/site\/ecuador\/2021\/08\/26\/programa-mundial-de-alimentos-intensifico-cooperacion-a-poblaciones-mas-vulnerables-del-ecuador\/\" \/>\n<meta property=\"og:locale\" content=\"es_ES\" \/>\n<meta property=\"og:type\" content=\"article\" \/>\n<meta property=\"og:title\" content=\"Programa Mundial de Alimentos intensific\u00f3 cooperaci\u00f3n a poblaciones m\u00e1s vulnerables del Ecuador\" \/>\n<meta property=\"og:description\" content=\"REDACCI\u00d3N NOTI AM\u00c9RICA (ECUADOR) En los \u00faltimos cinco a\u00f1os el Programa Mundial de Alimentos (PMA) ha intensificado su cooperaci\u00f3n en el Ecuador. El trabajo est\u00e1 enfocado en asistir a las poblaciones m\u00e1s vulnerables del&#046;&#046;&#046;\" \/>\n<meta property=\"og:url\" content=\"https:\/\/noti-america.com\/site\/ecuador\/2021\/08\/26\/programa-mundial-de-alimentos-intensifico-cooperacion-a-poblaciones-mas-vulnerables-del-ecuador\/\" \/>\n<meta property=\"og:site_name\" content=\"Ecuador | Noti-America.com\" \/>\n<meta property=\"article:published_time\" content=\"2021-08-26T17:59:00+00:00\" \/>\n<meta property=\"og:image\" content=\"https:\/\/noti-america.com\/site\/ecuador\/wp-content\/uploads\/sites\/18\/2021\/08\/26-agosto-WFP-new.jpg\" \/>\n\t<meta property=\"og:image:width\" content=\"763\" \/>\n\t<meta property=\"og:image:height\" content=\"425\" \/>\n\t<meta property=\"og:image:type\" content=\"image\/jpeg\" \/>\n<meta name=\"author\" content=\"Henry Ortiz\" \/>\n<meta name=\"twitter:card\" content=\"summary_large_image\" \/>\n<meta name=\"twitter:creator\" content=\"@notiamerica\" \/>\n<meta name=\"twitter:site\" content=\"@notiamerica\" \/>\n<meta name=\"twitter:label1\" content=\"Escrito por\" \/>\n\t<meta name=\"twitter:data1\" content=\"Henry Ortiz\" \/>\n\t<meta name=\"twitter:label2\" content=\"Tiempo estimado de lectura\" \/>\n\t<meta name=\"twitter:data2\" content=\"2 minutos\" \/>\n<script type=\"application\/ld+json\" class=\"yoast-schema-graph\">{\"@context\":\"https:\/\/schema.org\",\"@graph\":[{\"@type\":\"Article\",\"@id\":\"https:\/\/noti-america.com\/site\/ecuador\/2021\/08\/26\/programa-mundial-de-alimentos-intensifico-cooperacion-a-poblaciones-mas-vulnerables-del-ecuador\/#article\",\"isPartOf\":{\"@id\":\"https:\/\/noti-america.com\/site\/ecuador\/2021\/08\/26\/programa-mundial-de-alimentos-intensifico-cooperacion-a-poblaciones-mas-vulnerables-del-ecuador\/\"},\"author\":{\"name\":\"Henry Ortiz\",\"@id\":\"https:\/\/noti-america.com\/site\/ecuador\/#\/schema\/person\/b9d1630cc6598af759d45c790a347283\"},\"headline\":\"Programa Mundial de Alimentos intensific\u00f3 cooperaci\u00f3n a poblaciones m\u00e1s vulnerables del Ecuador\",\"datePublished\":\"2021-08-26T17:59:00+00:00\",\"mainEntityOfPage\":{\"@id\":\"https:\/\/noti-america.com\/site\/ecuador\/2021\/08\/26\/programa-mundial-de-alimentos-intensifico-cooperacion-a-poblaciones-mas-vulnerables-del-ecuador\/\"},\"wordCount\":351,\"commentCount\":0,\"publisher\":{\"@id\":\"https:\/\/noti-america.com\/site\/ecuador\/#organization\"},\"image\":{\"@id\":\"https:\/\/noti-america.com\/site\/ecuador\/2021\/08\/26\/programa-mundial-de-alimentos-intensifico-cooperacion-a-poblaciones-mas-vulnerables-del-ecuador\/#primaryimage\"},\"thumbnailUrl\":\"https:\/\/noti-america.com\/site\/ecuador\/wp-content\/uploads\/sites\/18\/2021\/08\/26-agosto-WFP-new.jpg\",\"articleSection\":[\"Actualidad\"],\"inLanguage\":\"es\",\"potentialAction\":[{\"@type\":\"CommentAction\",\"name\":\"Comment\",\"target\":[\"https:\/\/noti-america.com\/site\/ecuador\/2021\/08\/26\/programa-mundial-de-alimentos-intensifico-cooperacion-a-poblaciones-mas-vulnerables-del-ecuador\/#respond\"]}]},{\"@type\":\"WebPage\",\"@id\":\"https:\/\/noti-america.com\/site\/ecuador\/2021\/08\/26\/programa-mundial-de-alimentos-intensifico-cooperacion-a-poblaciones-mas-vulnerables-del-ecuador\/\",\"url\":\"https:\/\/noti-america.com\/site\/ecuador\/2021\/08\/26\/programa-mundial-de-alimentos-intensifico-cooperacion-a-poblaciones-mas-vulnerables-del-ecuador\/\",\"name\":\"Programa Mundial de Alimentos intensific\u00f3 cooperaci\u00f3n a poblaciones m\u00e1s vulnerables del Ecuador - Ecuador | Noti-America.com\",\"isPartOf\":{\"@id\":\"https:\/\/noti-america.com\/site\/ecuador\/#website\"},\"primaryImageOfPage\":{\"@id\":\"https:\/\/noti-america.com\/site\/ecuador\/2021\/08\/26\/programa-mundial-de-alimentos-intensifico-cooperacion-a-poblaciones-mas-vulnerables-del-ecuador\/#primaryimage\"},\"image\":{\"@id\":\"https:\/\/noti-america.com\/site\/ecuador\/2021\/08\/26\/programa-mundial-de-alimentos-intensifico-cooperacion-a-poblaciones-mas-vulnerables-del-ecuador\/#primaryimage\"},\"thumbnailUrl\":\"https:\/\/noti-america.com\/site\/ecuador\/wp-content\/uploads\/sites\/18\/2021\/08\/26-agosto-WFP-new.jpg\",\"datePublished\":\"2021-08-26T17:59:00+00:00\",\"breadcrumb\":{\"@id\":\"https:\/\/noti-america.com\/site\/ecuador\/2021\/08\/26\/programa-mundial-de-alimentos-intensifico-cooperacion-a-poblaciones-mas-vulnerables-del-ecuador\/#breadcrumb\"},\"inLanguage\":\"es\",\"potentialAction\":[{\"@type\":\"ReadAction\",\"target\":[\"https:\/\/noti-america.com\/site\/ecuador\/2021\/08\/26\/programa-mundial-de-alimentos-intensifico-cooperacion-a-poblaciones-mas-vulnerables-del-ecuador\/\"]}]},{\"@type\":\"ImageObject\",\"inLanguage\":\"es\",\"@id\":\"https:\/\/noti-america.com\/site\/ecuador\/2021\/08\/26\/programa-mundial-de-alimentos-intensifico-cooperacion-a-poblaciones-mas-vulnerables-del-ecuador\/#primaryimage\",\"url\":\"https:\/\/noti-america.com\/site\/ecuador\/wp-content\/uploads\/sites\/18\/2021\/08\/26-agosto-WFP-new.jpg\",\"contentUrl\":\"https:\/\/noti-america.com\/site\/ecuador\/wp-content\/uploads\/sites\/18\/2021\/08\/26-agosto-WFP-new.jpg\",\"width\":763,\"height\":425},{\"@type\":\"BreadcrumbList\",\"@id\":\"https:\/\/noti-america.com\/site\/ecuador\/2021\/08\/26\/programa-mundial-de-alimentos-intensifico-cooperacion-a-poblaciones-mas-vulnerables-del-ecuador\/#breadcrumb\",\"itemListElement\":[{\"@type\":\"ListItem\",\"position\":1,\"name\":\"Portada\",\"item\":\"https:\/\/noti-america.com\/site\/ecuador\/\"},{\"@type\":\"ListItem\",\"position\":2,\"name\":\"Programa Mundial de Alimentos intensific\u00f3 cooperaci\u00f3n a poblaciones m\u00e1s vulnerables del Ecuador\"}]},{\"@type\":\"WebSite\",\"@id\":\"https:\/\/noti-america.com\/site\/ecuador\/#website\",\"url\":\"https:\/\/noti-america.com\/site\/ecuador\/\",\"name\":\"Ecuador | Noti-America.com\",\"description\":\"\",\"publisher\":{\"@id\":\"https:\/\/noti-america.com\/site\/ecuador\/#organization\"},\"potentialAction\":[{\"@type\":\"SearchAction\",\"target\":{\"@type\":\"EntryPoint\",\"urlTemplate\":\"https:\/\/noti-america.com\/site\/ecuador\/?s={search_term_string}\"},\"query-input\":{\"@type\":\"PropertyValueSpecification\",\"valueRequired\":true,\"valueName\":\"search_term_string\"}}],\"inLanguage\":\"es\"},{\"@type\":\"Organization\",\"@id\":\"https:\/\/noti-america.com\/site\/ecuador\/#organization\",\"name\":\"Noti-America LLC | Ecuador\",\"url\":\"https:\/\/noti-america.com\/site\/ecuador\/\",\"logo\":{\"@type\":\"ImageObject\",\"inLanguage\":\"es\",\"@id\":\"https:\/\/noti-america.com\/site\/ecuador\/#\/schema\/logo\/image\/\",\"url\":\"https:\/\/noti-america.com\/site\/ecuador\/wp-content\/uploads\/sites\/18\/2020\/07\/LogoNA-4x3-1.jpg\",\"contentUrl\":\"https:\/\/noti-america.com\/site\/ecuador\/wp-content\/uploads\/sites\/18\/2020\/07\/LogoNA-4x3-1.jpg\",\"width\":1236,\"height\":1080,\"caption\":\"Noti-America LLC | Ecuador\"},\"image\":{\"@id\":\"https:\/\/noti-america.com\/site\/ecuador\/#\/schema\/logo\/image\/\"},\"sameAs\":[\"https:\/\/x.com\/notiamerica\"]},{\"@type\":\"Person\",\"@id\":\"https:\/\/noti-america.com\/site\/ecuador\/#\/schema\/person\/b9d1630cc6598af759d45c790a347283\",\"name\":\"Henry Ortiz\",\"image\":{\"@type\":\"ImageObject\",\"inLanguage\":\"es\",\"@id\":\"https:\/\/secure.gravatar.com\/avatar\/0b5407b5b302fbb6a578e625dca512ac2983ee5fa9ea941d581b83c40212e4c8?s=96&d=mm&r=g\",\"url\":\"https:\/\/secure.gravatar.com\/avatar\/0b5407b5b302fbb6a578e625dca512ac2983ee5fa9ea941d581b83c40212e4c8?s=96&d=mm&r=g\",\"contentUrl\":\"https:\/\/secure.gravatar.com\/avatar\/0b5407b5b302fbb6a578e625dca512ac2983ee5fa9ea941d581b83c40212e4c8?s=96&d=mm&r=g\",\"caption\":\"Henry Ortiz\"},\"url\":\"https:\/\/noti-america.com\/site\/ecuador\/author\/hortiz\/\"}]}<\/script>\n<!-- \/ Yoast SEO Premium plugin. -->","yoast_head_json":{"title":"Programa Mundial de Alimentos intensific\u00f3 cooperaci\u00f3n a poblaciones m\u00e1s vulnerables del Ecuador - Ecuador | Noti-America.com","robots":{"index":"index","follow":"follow","max-snippet":"max-snippet:-1","max-image-preview":"max-image-preview:large","max-video-preview":"max-video-preview:-1"},"canonical":"https:\/\/noti-america.com\/site\/ecuador\/2021\/08\/26\/programa-mundial-de-alimentos-intensifico-cooperacion-a-poblaciones-mas-vulnerables-del-ecuador\/","og_locale":"es_ES","og_type":"article","og_title":"Programa Mundial de Alimentos intensific\u00f3 cooperaci\u00f3n a poblaciones m\u00e1s vulnerables del Ecuador","og_description":"REDACCI\u00d3N NOTI AM\u00c9RICA (ECUADOR) En los \u00faltimos cinco a\u00f1os el Programa Mundial de Alimentos (PMA) ha intensificado su cooperaci\u00f3n en el Ecuador. El trabajo est\u00e1 enfocado en asistir a las poblaciones m\u00e1s vulnerables del&#46;&#46;&#46;","og_url":"https:\/\/noti-america.com\/site\/ecuador\/2021\/08\/26\/programa-mundial-de-alimentos-intensifico-cooperacion-a-poblaciones-mas-vulnerables-del-ecuador\/","og_site_name":"Ecuador | Noti-America.com","article_published_time":"2021-08-26T17:59:00+00:00","og_image":[{"width":763,"height":425,"url":"https:\/\/noti-america.com\/site\/ecuador\/wp-content\/uploads\/sites\/18\/2021\/08\/26-agosto-WFP-new.jpg","type":"image\/jpeg"}],"author":"Henry Ortiz","twitter_card":"summary_large_image","twitter_creator":"@notiamerica","twitter_site":"@notiamerica","twitter_misc":{"Escrito por":"Henry Ortiz","Tiempo estimado de lectura":"2 minutos"},"schema":{"@context":"https:\/\/schema.org","@graph":[{"@type":"Article","@id":"https:\/\/noti-america.com\/site\/ecuador\/2021\/08\/26\/programa-mundial-de-alimentos-intensifico-cooperacion-a-poblaciones-mas-vulnerables-del-ecuador\/#article","isPartOf":{"@id":"https:\/\/noti-america.com\/site\/ecuador\/2021\/08\/26\/programa-mundial-de-alimentos-intensifico-cooperacion-a-poblaciones-mas-vulnerables-del-ecuador\/"},"author":{"name":"Henry Ortiz","@id":"https:\/\/noti-america.com\/site\/ecuador\/#\/schema\/person\/b9d1630cc6598af759d45c790a347283"},"headline":"Programa Mundial de Alimentos intensific\u00f3 cooperaci\u00f3n a poblaciones m\u00e1s vulnerables del Ecuador","datePublished":"2021-08-26T17:59:00+00:00","mainEntityOfPage":{"@id":"https:\/\/noti-america.com\/site\/ecuador\/2021\/08\/26\/programa-mundial-de-alimentos-intensifico-cooperacion-a-poblaciones-mas-vulnerables-del-ecuador\/"},"wordCount":351,"commentCount":0,"publisher":{"@id":"https:\/\/noti-america.com\/site\/ecuador\/#organization"},"image":{"@id":"https:\/\/noti-america.com\/site\/ecuador\/2021\/08\/26\/programa-mundial-de-alimentos-intensifico-cooperacion-a-poblaciones-mas-vulnerables-del-ecuador\/#primaryimage"},"thumbnailUrl":"https:\/\/noti-america.com\/site\/ecuador\/wp-content\/uploads\/sites\/18\/2021\/08\/26-agosto-WFP-new.jpg","articleSection":["Actualidad"],"inLanguage":"es","potentialAction":[{"@type":"CommentAction","name":"Comment","target":["https:\/\/noti-america.com\/site\/ecuador\/2021\/08\/26\/programa-mundial-de-alimentos-intensifico-cooperacion-a-poblaciones-mas-vulnerables-del-ecuador\/#respond"]}]},{"@type":"WebPage","@id":"https:\/\/noti-america.com\/site\/ecuador\/2021\/08\/26\/programa-mundial-de-alimentos-intensifico-cooperacion-a-poblaciones-mas-vulnerables-del-ecuador\/","url":"https:\/\/noti-america.com\/site\/ecuador\/2021\/08\/26\/programa-mundial-de-alimentos-intensifico-cooperacion-a-poblaciones-mas-vulnerables-del-ecuador\/","name":"Programa Mundial de Alimentos intensific\u00f3 cooperaci\u00f3n a poblaciones m\u00e1s vulnerables del Ecuador - Ecuador | Noti-America.com","isPartOf":{"@id":"https:\/\/noti-america.com\/site\/ecuador\/#website"},"primaryImageOfPage":{"@id":"https:\/\/noti-america.com\/site\/ecuador\/2021\/08\/26\/programa-mundial-de-alimentos-intensifico-cooperacion-a-poblaciones-mas-vulnerables-del-ecuador\/#primaryimage"},"image":{"@id":"https:\/\/noti-america.com\/site\/ecuador\/2021\/08\/26\/programa-mundial-de-alimentos-intensifico-cooperacion-a-poblaciones-mas-vulnerables-del-ecuador\/#primaryimage"},"thumbnailUrl":"https:\/\/noti-america.com\/site\/ecuador\/wp-content\/uploads\/sites\/18\/2021\/08\/26-agosto-WFP-new.jpg","datePublished":"2021-08-26T17:59:00+00:00","breadcrumb":{"@id":"https:\/\/noti-america.com\/site\/ecuador\/2021\/08\/26\/programa-mundial-de-alimentos-intensifico-cooperacion-a-poblaciones-mas-vulnerables-del-ecuador\/#breadcrumb"},"inLanguage":"es","potentialAction":[{"@type":"ReadAction","target":["https:\/\/noti-america.com\/site\/ecuador\/2021\/08\/26\/programa-mundial-de-alimentos-intensifico-cooperacion-a-poblaciones-mas-vulnerables-del-ecuador\/"]}]},{"@type":"ImageObject","inLanguage":"es","@id":"https:\/\/noti-america.com\/site\/ecuador\/2021\/08\/26\/programa-mundial-de-alimentos-intensifico-cooperacion-a-poblaciones-mas-vulnerables-del-ecuador\/#primaryimage","url":"https:\/\/noti-america.com\/site\/ecuador\/wp-content\/uploads\/sites\/18\/2021\/08\/26-agosto-WFP-new.jpg","contentUrl":"https:\/\/noti-america.com\/site\/ecuador\/wp-content\/uploads\/sites\/18\/2021\/08\/26-agosto-WFP-new.jpg","width":763,"height":425},{"@type":"BreadcrumbList","@id":"https:\/\/noti-america.com\/site\/ecuador\/2021\/08\/26\/programa-mundial-de-alimentos-intensifico-cooperacion-a-poblaciones-mas-vulnerables-del-ecuador\/#breadcrumb","itemListElement":[{"@type":"ListItem","position":1,"name":"Portada","item":"https:\/\/noti-america.com\/site\/ecuador\/"},{"@type":"ListItem","position":2,"name":"Programa Mundial de Alimentos intensific\u00f3 cooperaci\u00f3n a poblaciones m\u00e1s vulnerables del Ecuador"}]},{"@type":"WebSite","@id":"https:\/\/noti-america.com\/site\/ecuador\/#website","url":"https:\/\/noti-america.com\/site\/ecuador\/","name":"Ecuador | Noti-America.com","description":"","publisher":{"@id":"https:\/\/noti-america.com\/site\/ecuador\/#organization"},"potentialAction":[{"@type":"SearchAction","target":{"@type":"EntryPoint","urlTemplate":"https:\/\/noti-america.com\/site\/ecuador\/?s={search_term_string}"},"query-input":{"@type":"PropertyValueSpecification","valueRequired":true,"valueName":"search_term_string"}}],"inLanguage":"es"},{"@type":"Organization","@id":"https:\/\/noti-america.com\/site\/ecuador\/#organization","name":"Noti-America LLC | Ecuador","url":"https:\/\/noti-america.com\/site\/ecuador\/","logo":{"@type":"ImageObject","inLanguage":"es","@id":"https:\/\/noti-america.com\/site\/ecuador\/#\/schema\/logo\/image\/","url":"https:\/\/noti-america.com\/site\/ecuador\/wp-content\/uploads\/sites\/18\/2020\/07\/LogoNA-4x3-1.jpg","contentUrl":"https:\/\/noti-america.com\/site\/ecuador\/wp-content\/uploads\/sites\/18\/2020\/07\/LogoNA-4x3-1.jpg","width":1236,"height":1080,"caption":"Noti-America LLC | Ecuador"},"image":{"@id":"https:\/\/noti-america.com\/site\/ecuador\/#\/schema\/logo\/image\/"},"sameAs":["https:\/\/x.com\/notiamerica"]},{"@type":"Person","@id":"https:\/\/noti-america.com\/site\/ecuador\/#\/schema\/person\/b9d1630cc6598af759d45c790a347283","name":"Henry Ortiz","image":{"@type":"ImageObject","inLanguage":"es","@id":"https:\/\/secure.gravatar.com\/avatar\/0b5407b5b302fbb6a578e625dca512ac2983ee5fa9ea941d581b83c40212e4c8?s=96&d=mm&r=g","url":"https:\/\/secure.gravatar.com\/avatar\/0b5407b5b302fbb6a578e625dca512ac2983ee5fa9ea941d581b83c40212e4c8?s=96&d=mm&r=g","contentUrl":"https:\/\/secure.gravatar.com\/avatar\/0b5407b5b302fbb6a578e625dca512ac2983ee5fa9ea941d581b83c40212e4c8?s=96&d=mm&r=g","caption":"Henry Ortiz"},"url":"https:\/\/noti-america.com\/site\/ecuador\/author\/hortiz\/"}]}},"_links":{"self":[{"href":"https:\/\/noti-america.com\/site\/ecuador\/wp-json\/wp\/v2\/posts\/16059","targetHints":{"allow":["GET"]}}],"collection":[{"href":"https:\/\/noti-america.com\/site\/ecuador\/wp-json\/wp\/v2\/posts"}],"about":[{"href":"https:\/\/noti-america.com\/site\/ecuador\/wp-json\/wp\/v2\/types\/post"}],"author":[{"embeddable":true,"href":"https:\/\/noti-america.com\/site\/ecuador\/wp-json\/wp\/v2\/users\/113"}],"replies":[{"embeddable":true,"href":"https:\/\/noti-america.com\/site\/ecuador\/wp-json\/wp\/v2\/comments?post=16059"}],"version-history":[{"count":2,"href":"https:\/\/noti-america.com\/site\/ecuador\/wp-json\/wp\/v2\/posts\/16059\/revisions"}],"predecessor-version":[{"id":16062,"href":"https:\/\/noti-america.com\/site\/ecuador\/wp-json\/wp\/v2\/posts\/16059\/revisions\/16062"}],"wp:featuredmedia":[{"embeddable":true,"href":"https:\/\/noti-america.com\/site\/ecuador\/wp-json\/wp\/v2\/media\/16060"}],"wp:attachment":[{"href":"https:\/\/noti-america.com\/site\/ecuador\/wp-json\/wp\/v2\/media?parent=16059"}],"wp:term":[{"taxonomy":"category","embeddable":true,"href":"https:\/\/noti-america.com\/site\/ecuador\/wp-json\/wp\/v2\/categories?post=16059"},{"taxonomy":"post_tag","embeddable":true,"href":"https:\/\/noti-america.com\/site\/ecuador\/wp-json\/wp\/v2\/tags?post=16059"}],"curies":[{"name":"wp","href":"https:\/\/api.w.org\/{rel}","templated":true}]}}