{"id":16056,"date":"2021-08-26T17:34:42","date_gmt":"2021-08-26T17:34:42","guid":{"rendered":"https:\/\/noti-america.com\/site\/ecuador\/?p=16056"},"modified":"2021-08-26T17:34:42","modified_gmt":"2021-08-26T17:34:42","slug":"asamblea-califico-nuevas-pruebas-en-el-proceso-contra-defensor-del-pueblo","status":"publish","type":"post","link":"https:\/\/noti-america.com\/site\/ecuador\/2021\/08\/26\/asamblea-califico-nuevas-pruebas-en-el-proceso-contra-defensor-del-pueblo\/","title":{"rendered":"Asamblea calific\u00f3 nuevas pruebas en el proceso contra Defensor del Pueblo"},"content":{"rendered":"<p><strong>REDACCI\u00d3N NOTI AM\u00c9RICA (ECUADOR)<\/strong><\/p>\n<div id=\"attachment_16057\" style=\"width: 640px\" class=\"wp-caption aligncenter\"><img loading=\"lazy\" decoding=\"async\" aria-describedby=\"caption-attachment-16057\" class=\"wp-image-16057\" src=\"https:\/\/noti-america.com\/site\/ecuador\/wp-content\/uploads\/sites\/18\/2021\/08\/26-agosto-4e551ddd-9968-45c7-9d82-e83374d74d64-300x169.jpeg\" alt=\"\" width=\"630\" height=\"355\" srcset=\"https:\/\/noti-america.com\/site\/ecuador\/wp-content\/uploads\/sites\/18\/2021\/08\/26-agosto-4e551ddd-9968-45c7-9d82-e83374d74d64-300x169.jpeg 300w, https:\/\/noti-america.com\/site\/ecuador\/wp-content\/uploads\/sites\/18\/2021\/08\/26-agosto-4e551ddd-9968-45c7-9d82-e83374d74d64.jpeg 420w\" sizes=\"auto, (max-width: 630px) 100vw, 630px\" \/><p id=\"caption-attachment-16057\" class=\"wp-caption-text\">Las nuevas pruebas est\u00e1n orientadas a solicitar a la Direcci\u00f3n del Servicio Nacional de Atenci\u00f3n Integral a Personas Adultas Privadas de la Libertad y Adolescentes Infractores, que certifique si Freddy Carri\u00f3n est\u00e1 en detenci\u00f3n, entre otros.<\/p><\/div>\n<p style=\"text-align: justify\">La Comisi\u00f3n de Fiscalizaci\u00f3n calific\u00f3 nuevas pruebas planteadas por la asamble\u00edsta interpelante Yese\u00f1a Guaman\u00ed, dentro del proceso de juicio pol\u00edtico contra el defensor del Pueblo, Freddy Carri\u00f3n Intriago, a quien se le acusa por supuesto incumplimiento de funciones.<\/p>\n<p style=\"text-align: justify\">Los parlamentarios adoptaron esta decisi\u00f3n luego de acoger el criterio jur\u00eddico de Santiago Salazar, coordinador de Asesor\u00eda Jur\u00eddica de la Asamblea Nacional, respecto a las pruebas no conocidas dentro de los procesos calificados por la Comisi\u00f3n y porque las mismas se encuentran dentro del plazo establecido en la Ley Org\u00e1nica de la Funci\u00f3n Legislativas, que vence este 26 de agosto.<\/p>\n<p style=\"text-align: justify\">Las nuevas pruebas est\u00e1n orientadas a solicitar a la Direcci\u00f3n del Servicio Nacional de Atenci\u00f3n Integral a Personas Adultas Privadas de la Libertad y Adolescentes Infractores, que certifique si Freddy Carri\u00f3n se encuentra registrado en el centro de privaci\u00f3n de libertad, desde qu\u00e9 fecha y bajo qu\u00e9 \u00f3rdenes de autoridad.<\/p>\n<p style=\"text-align: justify\">Adem\u00e1s, los testimonios del Presidente de la Federaci\u00f3n Iberoamericana; del Procurador de Derechos Humanos de la Rep\u00fablica de Guatemala. Adem\u00e1s, se deber\u00e1 informar respecto de la membrec\u00eda de la Defensor\u00eda del Pueblo del Ecuador en este organismo internacional, su rol y funciones, y los principios \u00e9ticos que rigen la actividad de los Defensores del Pueblo.<\/p>\n<p style=\"text-align: justify\">\n","protected":false},"excerpt":{"rendered":"<p>REDACCI\u00d3N NOTI AM\u00c9RICA (ECUADOR) La Comisi\u00f3n de Fiscalizaci\u00f3n calific\u00f3 nuevas pruebas planteadas por la asamble\u00edsta interpelante Yese\u00f1a Guaman\u00ed, dentro del proceso de juicio pol\u00edtico contra el defensor del Pueblo, Freddy Carri\u00f3n Intriago, a quien&#46;&#46;&#46;<\/p>\n","protected":false},"author":113,"featured_media":16057,"comment_status":"open","ping_status":"open","sticky":false,"template":"","format":"standard","meta":{"_acf_changed":false,"om_disable_all_campaigns":false,"rop_custom_images_group":[],"rop_custom_messages_group":[],"rop_publish_now":"initial","rop_publish_now_accounts":{"twitter_242054905_242054905":""},"rop_publish_now_history":[],"rop_publish_now_status":"pending","_uf_show_specific_survey":0,"_uf_disable_surveys":false,"footnotes":""},"categories":[34],"tags":[],"class_list":["post-16056","post","type-post","status-publish","format-standard","has-post-thumbnail","hentry","category-politica-opinion"],"acf":[],"aioseo_notices":[],"yoast_head":"<!-- This site is optimized with the Yoast SEO Premium plugin v24.9 (Yoast SEO v27.2) - https:\/\/yoast.com\/product\/yoast-seo-premium-wordpress\/ -->\n<title>Asamblea calific\u00f3 nuevas pruebas en el proceso contra Defensor del Pueblo - Ecuador | Noti-America.com<\/title>\n<meta name=\"robots\" content=\"index, follow, max-snippet:-1, max-image-preview:large, max-video-preview:-1\" \/>\n<link rel=\"canonical\" href=\"https:\/\/noti-america.com\/site\/ecuador\/2021\/08\/26\/asamblea-califico-nuevas-pruebas-en-el-proceso-contra-defensor-del-pueblo\/\" \/>\n<meta property=\"og:locale\" content=\"es_ES\" \/>\n<meta property=\"og:type\" content=\"article\" \/>\n<meta property=\"og:title\" content=\"Asamblea calific\u00f3 nuevas pruebas en el proceso contra Defensor del Pueblo\" \/>\n<meta property=\"og:description\" content=\"REDACCI\u00d3N NOTI AM\u00c9RICA (ECUADOR) La Comisi\u00f3n de Fiscalizaci\u00f3n calific\u00f3 nuevas pruebas planteadas por la asamble\u00edsta interpelante Yese\u00f1a Guaman\u00ed, dentro del proceso de juicio pol\u00edtico contra el defensor del Pueblo, Freddy Carri\u00f3n Intriago, a quien&#046;&#046;&#046;\" \/>\n<meta property=\"og:url\" content=\"https:\/\/noti-america.com\/site\/ecuador\/2021\/08\/26\/asamblea-califico-nuevas-pruebas-en-el-proceso-contra-defensor-del-pueblo\/\" \/>\n<meta property=\"og:site_name\" content=\"Ecuador | Noti-America.com\" \/>\n<meta property=\"article:published_time\" content=\"2021-08-26T17:34:42+00:00\" \/>\n<meta property=\"og:image\" content=\"https:\/\/noti-america.com\/site\/ecuador\/wp-content\/uploads\/sites\/18\/2021\/08\/26-agosto-4e551ddd-9968-45c7-9d82-e83374d74d64.jpeg\" \/>\n\t<meta property=\"og:image:width\" content=\"420\" \/>\n\t<meta property=\"og:image:height\" content=\"236\" \/>\n\t<meta property=\"og:image:type\" content=\"image\/jpeg\" \/>\n<meta name=\"author\" content=\"Henry Ortiz\" \/>\n<meta name=\"twitter:card\" content=\"summary_large_image\" \/>\n<meta name=\"twitter:creator\" content=\"@notiamerica\" \/>\n<meta name=\"twitter:site\" content=\"@notiamerica\" \/>\n<meta name=\"twitter:label1\" content=\"Escrito por\" \/>\n\t<meta name=\"twitter:data1\" content=\"Henry Ortiz\" \/>\n\t<meta name=\"twitter:label2\" content=\"Tiempo estimado de lectura\" \/>\n\t<meta name=\"twitter:data2\" content=\"1 minuto\" \/>\n<script type=\"application\/ld+json\" class=\"yoast-schema-graph\">{\"@context\":\"https:\/\/schema.org\",\"@graph\":[{\"@type\":\"Article\",\"@id\":\"https:\/\/noti-america.com\/site\/ecuador\/2021\/08\/26\/asamblea-califico-nuevas-pruebas-en-el-proceso-contra-defensor-del-pueblo\/#article\",\"isPartOf\":{\"@id\":\"https:\/\/noti-america.com\/site\/ecuador\/2021\/08\/26\/asamblea-califico-nuevas-pruebas-en-el-proceso-contra-defensor-del-pueblo\/\"},\"author\":{\"name\":\"Henry Ortiz\",\"@id\":\"https:\/\/noti-america.com\/site\/ecuador\/#\/schema\/person\/b9d1630cc6598af759d45c790a347283\"},\"headline\":\"Asamblea calific\u00f3 nuevas pruebas en el proceso contra Defensor del Pueblo\",\"datePublished\":\"2021-08-26T17:34:42+00:00\",\"mainEntityOfPage\":{\"@id\":\"https:\/\/noti-america.com\/site\/ecuador\/2021\/08\/26\/asamblea-califico-nuevas-pruebas-en-el-proceso-contra-defensor-del-pueblo\/\"},\"wordCount\":291,\"commentCount\":0,\"publisher\":{\"@id\":\"https:\/\/noti-america.com\/site\/ecuador\/#organization\"},\"image\":{\"@id\":\"https:\/\/noti-america.com\/site\/ecuador\/2021\/08\/26\/asamblea-califico-nuevas-pruebas-en-el-proceso-contra-defensor-del-pueblo\/#primaryimage\"},\"thumbnailUrl\":\"https:\/\/noti-america.com\/site\/ecuador\/wp-content\/uploads\/sites\/18\/2021\/08\/26-agosto-4e551ddd-9968-45c7-9d82-e83374d74d64.jpeg\",\"articleSection\":[\"Pol\u00edtica\"],\"inLanguage\":\"es\",\"potentialAction\":[{\"@type\":\"CommentAction\",\"name\":\"Comment\",\"target\":[\"https:\/\/noti-america.com\/site\/ecuador\/2021\/08\/26\/asamblea-califico-nuevas-pruebas-en-el-proceso-contra-defensor-del-pueblo\/#respond\"]}]},{\"@type\":\"WebPage\",\"@id\":\"https:\/\/noti-america.com\/site\/ecuador\/2021\/08\/26\/asamblea-califico-nuevas-pruebas-en-el-proceso-contra-defensor-del-pueblo\/\",\"url\":\"https:\/\/noti-america.com\/site\/ecuador\/2021\/08\/26\/asamblea-califico-nuevas-pruebas-en-el-proceso-contra-defensor-del-pueblo\/\",\"name\":\"Asamblea calific\u00f3 nuevas pruebas en el proceso contra Defensor del Pueblo - Ecuador | Noti-America.com\",\"isPartOf\":{\"@id\":\"https:\/\/noti-america.com\/site\/ecuador\/#website\"},\"primaryImageOfPage\":{\"@id\":\"https:\/\/noti-america.com\/site\/ecuador\/2021\/08\/26\/asamblea-califico-nuevas-pruebas-en-el-proceso-contra-defensor-del-pueblo\/#primaryimage\"},\"image\":{\"@id\":\"https:\/\/noti-america.com\/site\/ecuador\/2021\/08\/26\/asamblea-califico-nuevas-pruebas-en-el-proceso-contra-defensor-del-pueblo\/#primaryimage\"},\"thumbnailUrl\":\"https:\/\/noti-america.com\/site\/ecuador\/wp-content\/uploads\/sites\/18\/2021\/08\/26-agosto-4e551ddd-9968-45c7-9d82-e83374d74d64.jpeg\",\"datePublished\":\"2021-08-26T17:34:42+00:00\",\"breadcrumb\":{\"@id\":\"https:\/\/noti-america.com\/site\/ecuador\/2021\/08\/26\/asamblea-califico-nuevas-pruebas-en-el-proceso-contra-defensor-del-pueblo\/#breadcrumb\"},\"inLanguage\":\"es\",\"potentialAction\":[{\"@type\":\"ReadAction\",\"target\":[\"https:\/\/noti-america.com\/site\/ecuador\/2021\/08\/26\/asamblea-califico-nuevas-pruebas-en-el-proceso-contra-defensor-del-pueblo\/\"]}]},{\"@type\":\"ImageObject\",\"inLanguage\":\"es\",\"@id\":\"https:\/\/noti-america.com\/site\/ecuador\/2021\/08\/26\/asamblea-califico-nuevas-pruebas-en-el-proceso-contra-defensor-del-pueblo\/#primaryimage\",\"url\":\"https:\/\/noti-america.com\/site\/ecuador\/wp-content\/uploads\/sites\/18\/2021\/08\/26-agosto-4e551ddd-9968-45c7-9d82-e83374d74d64.jpeg\",\"contentUrl\":\"https:\/\/noti-america.com\/site\/ecuador\/wp-content\/uploads\/sites\/18\/2021\/08\/26-agosto-4e551ddd-9968-45c7-9d82-e83374d74d64.jpeg\",\"width\":420,\"height\":236},{\"@type\":\"BreadcrumbList\",\"@id\":\"https:\/\/noti-america.com\/site\/ecuador\/2021\/08\/26\/asamblea-califico-nuevas-pruebas-en-el-proceso-contra-defensor-del-pueblo\/#breadcrumb\",\"itemListElement\":[{\"@type\":\"ListItem\",\"position\":1,\"name\":\"Portada\",\"item\":\"https:\/\/noti-america.com\/site\/ecuador\/\"},{\"@type\":\"ListItem\",\"position\":2,\"name\":\"Asamblea calific\u00f3 nuevas pruebas en el proceso contra Defensor del Pueblo\"}]},{\"@type\":\"WebSite\",\"@id\":\"https:\/\/noti-america.com\/site\/ecuador\/#website\",\"url\":\"https:\/\/noti-america.com\/site\/ecuador\/\",\"name\":\"Ecuador | Noti-America.com\",\"description\":\"\",\"publisher\":{\"@id\":\"https:\/\/noti-america.com\/site\/ecuador\/#organization\"},\"potentialAction\":[{\"@type\":\"SearchAction\",\"target\":{\"@type\":\"EntryPoint\",\"urlTemplate\":\"https:\/\/noti-america.com\/site\/ecuador\/?s={search_term_string}\"},\"query-input\":{\"@type\":\"PropertyValueSpecification\",\"valueRequired\":true,\"valueName\":\"search_term_string\"}}],\"inLanguage\":\"es\"},{\"@type\":\"Organization\",\"@id\":\"https:\/\/noti-america.com\/site\/ecuador\/#organization\",\"name\":\"Noti-America LLC | Ecuador\",\"url\":\"https:\/\/noti-america.com\/site\/ecuador\/\",\"logo\":{\"@type\":\"ImageObject\",\"inLanguage\":\"es\",\"@id\":\"https:\/\/noti-america.com\/site\/ecuador\/#\/schema\/logo\/image\/\",\"url\":\"https:\/\/noti-america.com\/site\/ecuador\/wp-content\/uploads\/sites\/18\/2020\/07\/LogoNA-4x3-1.jpg\",\"contentUrl\":\"https:\/\/noti-america.com\/site\/ecuador\/wp-content\/uploads\/sites\/18\/2020\/07\/LogoNA-4x3-1.jpg\",\"width\":1236,\"height\":1080,\"caption\":\"Noti-America LLC | Ecuador\"},\"image\":{\"@id\":\"https:\/\/noti-america.com\/site\/ecuador\/#\/schema\/logo\/image\/\"},\"sameAs\":[\"https:\/\/x.com\/notiamerica\"]},{\"@type\":\"Person\",\"@id\":\"https:\/\/noti-america.com\/site\/ecuador\/#\/schema\/person\/b9d1630cc6598af759d45c790a347283\",\"name\":\"Henry Ortiz\",\"image\":{\"@type\":\"ImageObject\",\"inLanguage\":\"es\",\"@id\":\"https:\/\/secure.gravatar.com\/avatar\/0b5407b5b302fbb6a578e625dca512ac2983ee5fa9ea941d581b83c40212e4c8?s=96&d=mm&r=g\",\"url\":\"https:\/\/secure.gravatar.com\/avatar\/0b5407b5b302fbb6a578e625dca512ac2983ee5fa9ea941d581b83c40212e4c8?s=96&d=mm&r=g\",\"contentUrl\":\"https:\/\/secure.gravatar.com\/avatar\/0b5407b5b302fbb6a578e625dca512ac2983ee5fa9ea941d581b83c40212e4c8?s=96&d=mm&r=g\",\"caption\":\"Henry Ortiz\"},\"url\":\"https:\/\/noti-america.com\/site\/ecuador\/author\/hortiz\/\"}]}<\/script>\n<!-- \/ Yoast SEO Premium plugin. -->","yoast_head_json":{"title":"Asamblea calific\u00f3 nuevas pruebas en el proceso contra Defensor del Pueblo - Ecuador | Noti-America.com","robots":{"index":"index","follow":"follow","max-snippet":"max-snippet:-1","max-image-preview":"max-image-preview:large","max-video-preview":"max-video-preview:-1"},"canonical":"https:\/\/noti-america.com\/site\/ecuador\/2021\/08\/26\/asamblea-califico-nuevas-pruebas-en-el-proceso-contra-defensor-del-pueblo\/","og_locale":"es_ES","og_type":"article","og_title":"Asamblea calific\u00f3 nuevas pruebas en el proceso contra Defensor del Pueblo","og_description":"REDACCI\u00d3N NOTI AM\u00c9RICA (ECUADOR) La Comisi\u00f3n de Fiscalizaci\u00f3n calific\u00f3 nuevas pruebas planteadas por la asamble\u00edsta interpelante Yese\u00f1a Guaman\u00ed, dentro del proceso de juicio pol\u00edtico contra el defensor del Pueblo, Freddy Carri\u00f3n Intriago, a quien&#46;&#46;&#46;","og_url":"https:\/\/noti-america.com\/site\/ecuador\/2021\/08\/26\/asamblea-califico-nuevas-pruebas-en-el-proceso-contra-defensor-del-pueblo\/","og_site_name":"Ecuador | Noti-America.com","article_published_time":"2021-08-26T17:34:42+00:00","og_image":[{"width":420,"height":236,"url":"https:\/\/noti-america.com\/site\/ecuador\/wp-content\/uploads\/sites\/18\/2021\/08\/26-agosto-4e551ddd-9968-45c7-9d82-e83374d74d64.jpeg","type":"image\/jpeg"}],"author":"Henry Ortiz","twitter_card":"summary_large_image","twitter_creator":"@notiamerica","twitter_site":"@notiamerica","twitter_misc":{"Escrito por":"Henry Ortiz","Tiempo estimado de lectura":"1 minuto"},"schema":{"@context":"https:\/\/schema.org","@graph":[{"@type":"Article","@id":"https:\/\/noti-america.com\/site\/ecuador\/2021\/08\/26\/asamblea-califico-nuevas-pruebas-en-el-proceso-contra-defensor-del-pueblo\/#article","isPartOf":{"@id":"https:\/\/noti-america.com\/site\/ecuador\/2021\/08\/26\/asamblea-califico-nuevas-pruebas-en-el-proceso-contra-defensor-del-pueblo\/"},"author":{"name":"Henry Ortiz","@id":"https:\/\/noti-america.com\/site\/ecuador\/#\/schema\/person\/b9d1630cc6598af759d45c790a347283"},"headline":"Asamblea calific\u00f3 nuevas pruebas en el proceso contra Defensor del Pueblo","datePublished":"2021-08-26T17:34:42+00:00","mainEntityOfPage":{"@id":"https:\/\/noti-america.com\/site\/ecuador\/2021\/08\/26\/asamblea-califico-nuevas-pruebas-en-el-proceso-contra-defensor-del-pueblo\/"},"wordCount":291,"commentCount":0,"publisher":{"@id":"https:\/\/noti-america.com\/site\/ecuador\/#organization"},"image":{"@id":"https:\/\/noti-america.com\/site\/ecuador\/2021\/08\/26\/asamblea-califico-nuevas-pruebas-en-el-proceso-contra-defensor-del-pueblo\/#primaryimage"},"thumbnailUrl":"https:\/\/noti-america.com\/site\/ecuador\/wp-content\/uploads\/sites\/18\/2021\/08\/26-agosto-4e551ddd-9968-45c7-9d82-e83374d74d64.jpeg","articleSection":["Pol\u00edtica"],"inLanguage":"es","potentialAction":[{"@type":"CommentAction","name":"Comment","target":["https:\/\/noti-america.com\/site\/ecuador\/2021\/08\/26\/asamblea-califico-nuevas-pruebas-en-el-proceso-contra-defensor-del-pueblo\/#respond"]}]},{"@type":"WebPage","@id":"https:\/\/noti-america.com\/site\/ecuador\/2021\/08\/26\/asamblea-califico-nuevas-pruebas-en-el-proceso-contra-defensor-del-pueblo\/","url":"https:\/\/noti-america.com\/site\/ecuador\/2021\/08\/26\/asamblea-califico-nuevas-pruebas-en-el-proceso-contra-defensor-del-pueblo\/","name":"Asamblea calific\u00f3 nuevas pruebas en el proceso contra Defensor del Pueblo - Ecuador | Noti-America.com","isPartOf":{"@id":"https:\/\/noti-america.com\/site\/ecuador\/#website"},"primaryImageOfPage":{"@id":"https:\/\/noti-america.com\/site\/ecuador\/2021\/08\/26\/asamblea-califico-nuevas-pruebas-en-el-proceso-contra-defensor-del-pueblo\/#primaryimage"},"image":{"@id":"https:\/\/noti-america.com\/site\/ecuador\/2021\/08\/26\/asamblea-califico-nuevas-pruebas-en-el-proceso-contra-defensor-del-pueblo\/#primaryimage"},"thumbnailUrl":"https:\/\/noti-america.com\/site\/ecuador\/wp-content\/uploads\/sites\/18\/2021\/08\/26-agosto-4e551ddd-9968-45c7-9d82-e83374d74d64.jpeg","datePublished":"2021-08-26T17:34:42+00:00","breadcrumb":{"@id":"https:\/\/noti-america.com\/site\/ecuador\/2021\/08\/26\/asamblea-califico-nuevas-pruebas-en-el-proceso-contra-defensor-del-pueblo\/#breadcrumb"},"inLanguage":"es","potentialAction":[{"@type":"ReadAction","target":["https:\/\/noti-america.com\/site\/ecuador\/2021\/08\/26\/asamblea-califico-nuevas-pruebas-en-el-proceso-contra-defensor-del-pueblo\/"]}]},{"@type":"ImageObject","inLanguage":"es","@id":"https:\/\/noti-america.com\/site\/ecuador\/2021\/08\/26\/asamblea-califico-nuevas-pruebas-en-el-proceso-contra-defensor-del-pueblo\/#primaryimage","url":"https:\/\/noti-america.com\/site\/ecuador\/wp-content\/uploads\/sites\/18\/2021\/08\/26-agosto-4e551ddd-9968-45c7-9d82-e83374d74d64.jpeg","contentUrl":"https:\/\/noti-america.com\/site\/ecuador\/wp-content\/uploads\/sites\/18\/2021\/08\/26-agosto-4e551ddd-9968-45c7-9d82-e83374d74d64.jpeg","width":420,"height":236},{"@type":"BreadcrumbList","@id":"https:\/\/noti-america.com\/site\/ecuador\/2021\/08\/26\/asamblea-califico-nuevas-pruebas-en-el-proceso-contra-defensor-del-pueblo\/#breadcrumb","itemListElement":[{"@type":"ListItem","position":1,"name":"Portada","item":"https:\/\/noti-america.com\/site\/ecuador\/"},{"@type":"ListItem","position":2,"name":"Asamblea calific\u00f3 nuevas pruebas en el proceso contra Defensor del Pueblo"}]},{"@type":"WebSite","@id":"https:\/\/noti-america.com\/site\/ecuador\/#website","url":"https:\/\/noti-america.com\/site\/ecuador\/","name":"Ecuador | Noti-America.com","description":"","publisher":{"@id":"https:\/\/noti-america.com\/site\/ecuador\/#organization"},"potentialAction":[{"@type":"SearchAction","target":{"@type":"EntryPoint","urlTemplate":"https:\/\/noti-america.com\/site\/ecuador\/?s={search_term_string}"},"query-input":{"@type":"PropertyValueSpecification","valueRequired":true,"valueName":"search_term_string"}}],"inLanguage":"es"},{"@type":"Organization","@id":"https:\/\/noti-america.com\/site\/ecuador\/#organization","name":"Noti-America LLC | Ecuador","url":"https:\/\/noti-america.com\/site\/ecuador\/","logo":{"@type":"ImageObject","inLanguage":"es","@id":"https:\/\/noti-america.com\/site\/ecuador\/#\/schema\/logo\/image\/","url":"https:\/\/noti-america.com\/site\/ecuador\/wp-content\/uploads\/sites\/18\/2020\/07\/LogoNA-4x3-1.jpg","contentUrl":"https:\/\/noti-america.com\/site\/ecuador\/wp-content\/uploads\/sites\/18\/2020\/07\/LogoNA-4x3-1.jpg","width":1236,"height":1080,"caption":"Noti-America LLC | Ecuador"},"image":{"@id":"https:\/\/noti-america.com\/site\/ecuador\/#\/schema\/logo\/image\/"},"sameAs":["https:\/\/x.com\/notiamerica"]},{"@type":"Person","@id":"https:\/\/noti-america.com\/site\/ecuador\/#\/schema\/person\/b9d1630cc6598af759d45c790a347283","name":"Henry Ortiz","image":{"@type":"ImageObject","inLanguage":"es","@id":"https:\/\/secure.gravatar.com\/avatar\/0b5407b5b302fbb6a578e625dca512ac2983ee5fa9ea941d581b83c40212e4c8?s=96&d=mm&r=g","url":"https:\/\/secure.gravatar.com\/avatar\/0b5407b5b302fbb6a578e625dca512ac2983ee5fa9ea941d581b83c40212e4c8?s=96&d=mm&r=g","contentUrl":"https:\/\/secure.gravatar.com\/avatar\/0b5407b5b302fbb6a578e625dca512ac2983ee5fa9ea941d581b83c40212e4c8?s=96&d=mm&r=g","caption":"Henry Ortiz"},"url":"https:\/\/noti-america.com\/site\/ecuador\/author\/hortiz\/"}]}},"_links":{"self":[{"href":"https:\/\/noti-america.com\/site\/ecuador\/wp-json\/wp\/v2\/posts\/16056","targetHints":{"allow":["GET"]}}],"collection":[{"href":"https:\/\/noti-america.com\/site\/ecuador\/wp-json\/wp\/v2\/posts"}],"about":[{"href":"https:\/\/noti-america.com\/site\/ecuador\/wp-json\/wp\/v2\/types\/post"}],"author":[{"embeddable":true,"href":"https:\/\/noti-america.com\/site\/ecuador\/wp-json\/wp\/v2\/users\/113"}],"replies":[{"embeddable":true,"href":"https:\/\/noti-america.com\/site\/ecuador\/wp-json\/wp\/v2\/comments?post=16056"}],"version-history":[{"count":1,"href":"https:\/\/noti-america.com\/site\/ecuador\/wp-json\/wp\/v2\/posts\/16056\/revisions"}],"predecessor-version":[{"id":16058,"href":"https:\/\/noti-america.com\/site\/ecuador\/wp-json\/wp\/v2\/posts\/16056\/revisions\/16058"}],"wp:featuredmedia":[{"embeddable":true,"href":"https:\/\/noti-america.com\/site\/ecuador\/wp-json\/wp\/v2\/media\/16057"}],"wp:attachment":[{"href":"https:\/\/noti-america.com\/site\/ecuador\/wp-json\/wp\/v2\/media?parent=16056"}],"wp:term":[{"taxonomy":"category","embeddable":true,"href":"https:\/\/noti-america.com\/site\/ecuador\/wp-json\/wp\/v2\/categories?post=16056"},{"taxonomy":"post_tag","embeddable":true,"href":"https:\/\/noti-america.com\/site\/ecuador\/wp-json\/wp\/v2\/tags?post=16056"}],"curies":[{"name":"wp","href":"https:\/\/api.w.org\/{rel}","templated":true}]}}