{"id":15971,"date":"2021-08-22T18:36:31","date_gmt":"2021-08-22T18:36:31","guid":{"rendered":"https:\/\/noti-america.com\/site\/ecuador\/?p=15971"},"modified":"2021-08-22T18:38:11","modified_gmt":"2021-08-22T18:38:11","slug":"que-es-la-bartolinitis-y-como-puede-afectar-a-las-mujeres-que-la-sufren","status":"publish","type":"post","link":"https:\/\/noti-america.com\/site\/ecuador\/2021\/08\/22\/que-es-la-bartolinitis-y-como-puede-afectar-a-las-mujeres-que-la-sufren\/","title":{"rendered":"Qu\u00e9 es la Bartolinitis y c\u00f3mo puede afectar a las mujeres que la sufren&#8230;ent\u00e9rate"},"content":{"rendered":"<p>REDACCI\u00d3N NOTI AM\u00c9RICA (ECUADOR) <strong>Por\u00a0<span class=\"author__byline\">Dr. Juan Carlos Fuentes<\/span><\/strong><\/p>\n<p style=\"text-align: justify\"><em><strong>La Bartolinitis es la inflamaci\u00f3n e infecci\u00f3n de las gl\u00e1ndulas que se localizan a la entrada de la horquilla, en la vagina, llamadas Gl\u00e1ndulas de Bartholin.\u00a0<\/strong><\/em><\/p>\n<figure class=\"article__image-container\" style=\"text-align: justify\">\n<p><div style=\"width: 734px\" class=\"wp-caption aligncenter\"><img loading=\"lazy\" decoding=\"async\" class=\" lazyloaded\" src=\"https:\/\/hdstatic.net\/gridfs\/holadoctor\/60c92fcdd6ec7e5a0c32a914-1623797710,392.jpg\" alt=\"\u00bfQu\u00e9 significa una bolita en la regi\u00f3n genital que duele mucho? \" width=\"724\" height=\"483\" data-src=\"https:\/\/hdstatic.net\/gridfs\/holadoctor\/60c92fcdd6ec7e5a0c32a914-1623797710,392.jpg\" data-srcset=\"https:\/\/hdstatic.net\/gridfs\/holadoctor\/837x0_60c92fcdd6ec7e5a0c32a914-1623797710,392.jpg 837w, https:\/\/hdstatic.net\/gridfs\/holadoctor\/768x0_60c92fcdd6ec7e5a0c32a914-1623797710,392.jpg 768w, https:\/\/hdstatic.net\/gridfs\/holadoctor\/692x0_60c92fcdd6ec7e5a0c32a914-1623797710,392.jpg 692w, https:\/\/hdstatic.net\/gridfs\/holadoctor\/320x0_60c92fcdd6ec7e5a0c32a914-1623797710,392.jpg 320w\" \/><p class=\"wp-caption-text\">Bartolinitis es la inflamaci\u00f3n e infecci\u00f3n de las gl\u00e1ndulas que se localizan en la vagina, la cual causa mucho dolor.\u00a0|\u00a0Foto:\u00a0GETTY IMAGES<\/p><\/div><\/figure>\n<h2 style=\"text-align: justify\">Bartolinitis, proceso doloroso para las mujeres<\/h2>\n<p style=\"text-align: justify\">Se trata de un proceso doloroso e inc\u00f3modo y relativamente frecuente para las mujeres que se encuentran en edad reproductiva, as\u00ed como un motivo de consulta Ginecol\u00f3gica.<\/p>\n<p style=\"text-align: justify\">La\u00a0<a title=\"Bartolinitis\" href=\"https:\/\/holadoctor.com\/es\/%C3%B3rganos-sexuales-y-reproductivos\/una-dolencia-oculta-para-las-mujeres-bartolinitis\" data-hdcountry=\"\" data-hdstate=\"\" data-hdsite=\"\">Bartolinitis<\/a>\u00a0es considerada como una infecci\u00f3n relacionada a la higiene genital y en algunos casos, secundaria a una\u00a0<a title=\"infecci\u00f3n de transmisi\u00f3n sexual\" href=\"https:\/\/holadoctor.com\/es\/salud-sexual\/gonorrea\" data-hdcountry=\"\" data-hdstate=\"\" data-hdsite=\"\">infecci\u00f3n de transmisi\u00f3n sexual<\/a>, debido a los g\u00e9rmenes que lo provocan, adem\u00e1s de que se puede ser susceptible si se tiene alguna alteraci\u00f3n anat\u00f3mica a nivel de dichas gl\u00e1ndulas e incluso si se han tenido eventos quir\u00fargicos a nivel vulvar o vaginal.<\/p>\n<h2 style=\"text-align: justify\">Quiste de Bartholin<\/h2>\n<p style=\"text-align: justify\">Se diferencia la Bartolinitis del\u00a0<a title=\"Quiste\" href=\"https:\/\/holadoctor.com\/es\/adam\/quistes-vaginales\" data-hdcountry=\"\" data-hdstate=\"\" data-hdsite=\"\">Quiste\u00a0<\/a>de Bartholin, en que este \u00faltimo, s\u00f3lo es un agrandamiento de la gl\u00e1ndula secundario a la acumulaci\u00f3n de la secreci\u00f3n e imposibilidad para ser evacuada, pero sin que el contenido sea infeccioso. Y del\u00a0<a title=\"absceso\" href=\"https:\/\/holadoctor.com\/es\/adam\/absceso-o-quiste-de-bartolino\" data-hdcountry=\"\" data-hdstate=\"\" data-hdsite=\"\">absceso<\/a>, que es la complicaci\u00f3n de la Bartolinitis.<\/p>\n<h2 style=\"text-align: justify\">S\u00edntomas de la Bartolinitis<\/h2>\n<p style=\"text-align: justify\">La infecci\u00f3n de las\u00a0<a title=\"Gl\u00e1ndulas de Bartholin\" href=\"https:\/\/holadoctor.com\/es\/adam\/absceso-o-quiste-de-bartolino\" data-hdcountry=\"\" data-hdstate=\"\" data-hdsite=\"\">Gl\u00e1ndulas de Bartholin\u00a0<\/a>se puede manifestar con alguna o algunas de las siguientes caracter\u00edsticas:<\/p>\n<p style=\"text-align: justify\">&#8211; Tumoraci\u00f3n palpable a nivel de la entrada vaginal.<\/p>\n<p style=\"text-align: justify\">&#8211; Dolor mientras se est\u00e1 sentada o que aumenta al caminar.<\/p>\n<p style=\"text-align: justify\">&#8211; Aumento de la temperatura de la zona.<\/p>\n<p style=\"text-align: justify\">&#8211; Dolor al tener relaciones sexuales.<\/p>\n<p style=\"text-align: justify\">&#8211;\u00a0Flujo vaginal.<\/p>\n<h2 style=\"text-align: justify\">Diagn\u00f3stico y tratamiento de la Bartolinitis<\/h2>\n<p style=\"text-align: justify\">Para realizar el diagn\u00f3stico s\u00f3lo es necesaria una evaluaci\u00f3n ginecol\u00f3gica cuando se realiza drenaje de la gl\u00e1ndula y se recomienda mandar a cultivar la secreci\u00f3n para conocer el germen causal y dar manejo espec\u00edfico, aunque en varias ocasiones es polimicrobiano.<\/p>\n<p style=\"text-align: justify\">Por lo que no es necesario esperar a los resultados del cultivo y se puede dar tratamiento antibi\u00f3tico emp\u00edrico conociendo los principales causantes de este cuadro, aunque si se confirma la presencia de un microorganismo de transmisi\u00f3n sexual se debe dar tratamiento de erradicaci\u00f3n a la mujer y a su pareja.<\/p>\n<p style=\"text-align: justify\">El tratamiento adem\u00e1s de ser antibi\u00f3tico y desinflamatorio debe incluir medidas de calor local,\u00a0<a title=\"ba\u00f1os de asiento\" href=\"https:\/\/holadoctor.com\/es\/adam\/ba%C3%B1o-de-asiento\" data-hdcountry=\"\" data-hdstate=\"\" data-hdsite=\"\">ba\u00f1os de asiento\u00a0<\/a>y en caso de no haber mejor\u00eda realizar su drenaje, que se realiza bajo anestesia local.<\/p>\n<p style=\"text-align: justify\">Si se trata de un proceso cr\u00f3nico, el cual ha recurrido en varias ocasiones, podr\u00eda requerir manejo quir\u00fargico ya sea extirpando la gl\u00e1ndula y su conducto por completo o realizando un procedimiento que se llama marsupializaci\u00f3n en la que adem\u00e1s de drenar la gl\u00e1ndula de bartolini se deja una apertura por la cual puede seguir drenando para que no se vuelva a formar nuevamente un absceso.<\/p>\n<p><strong>Fuente: HolaDoctor<\/strong>.<\/p>\n","protected":false},"excerpt":{"rendered":"<p>REDACCI\u00d3N NOTI AM\u00c9RICA (ECUADOR) Por\u00a0Dr. Juan Carlos Fuentes La Bartolinitis es la inflamaci\u00f3n e infecci\u00f3n de las gl\u00e1ndulas que se localizan a la entrada de la horquilla, en la vagina, llamadas Gl\u00e1ndulas de Bartholin.\u00a0&#46;&#46;&#46;<\/p>\n","protected":false},"author":17,"featured_media":15972,"comment_status":"open","ping_status":"open","sticky":false,"template":"","format":"standard","meta":{"_acf_changed":false,"om_disable_all_campaigns":false,"rop_custom_images_group":[],"rop_custom_messages_group":[],"rop_publish_now":"initial","rop_publish_now_accounts":{"twitter_242054905_242054905":""},"rop_publish_now_history":[],"rop_publish_now_status":"pending","_uf_show_specific_survey":0,"_uf_disable_surveys":false,"footnotes":""},"categories":[13],"tags":[],"class_list":["post-15971","post","type-post","status-publish","format-standard","has-post-thumbnail","hentry","category-vida-y-salud"],"acf":[],"aioseo_notices":[],"yoast_head":"<!-- This site is optimized with the Yoast SEO Premium plugin v24.9 (Yoast SEO v27.2) - https:\/\/yoast.com\/product\/yoast-seo-premium-wordpress\/ -->\n<title>Qu\u00e9 es la Bartolinitis y c\u00f3mo puede afectar a las mujeres que la sufren...ent\u00e9rate - Ecuador | Noti-America.com<\/title>\n<meta name=\"robots\" content=\"index, follow, max-snippet:-1, max-image-preview:large, max-video-preview:-1\" \/>\n<link rel=\"canonical\" href=\"https:\/\/noti-america.com\/site\/ecuador\/2021\/08\/22\/que-es-la-bartolinitis-y-como-puede-afectar-a-las-mujeres-que-la-sufren\/\" \/>\n<meta property=\"og:locale\" content=\"es_ES\" \/>\n<meta property=\"og:type\" content=\"article\" \/>\n<meta property=\"og:title\" content=\"Qu\u00e9 es la Bartolinitis y c\u00f3mo puede afectar a las mujeres que la sufren...ent\u00e9rate\" \/>\n<meta property=\"og:description\" content=\"REDACCI\u00d3N NOTI AM\u00c9RICA (ECUADOR) Por\u00a0Dr. Juan Carlos Fuentes La Bartolinitis es la inflamaci\u00f3n e infecci\u00f3n de las gl\u00e1ndulas que se localizan a la entrada de la horquilla, en la vagina, llamadas Gl\u00e1ndulas de Bartholin.\u00a0&#046;&#046;&#046;\" \/>\n<meta property=\"og:url\" content=\"https:\/\/noti-america.com\/site\/ecuador\/2021\/08\/22\/que-es-la-bartolinitis-y-como-puede-afectar-a-las-mujeres-que-la-sufren\/\" \/>\n<meta property=\"og:site_name\" content=\"Ecuador | Noti-America.com\" \/>\n<meta property=\"article:published_time\" content=\"2021-08-22T18:36:31+00:00\" \/>\n<meta property=\"article:modified_time\" content=\"2021-08-22T18:38:11+00:00\" \/>\n<meta property=\"og:image\" content=\"https:\/\/noti-america.com\/site\/ecuador\/wp-content\/uploads\/sites\/18\/2021\/08\/Bartolinitis.jpg\" \/>\n\t<meta property=\"og:image:width\" content=\"512\" \/>\n\t<meta property=\"og:image:height\" content=\"196\" \/>\n\t<meta property=\"og:image:type\" content=\"image\/jpeg\" \/>\n<meta name=\"author\" content=\"Gregory Quintana Montiel\" \/>\n<meta name=\"twitter:card\" content=\"summary_large_image\" \/>\n<meta name=\"twitter:creator\" content=\"@gdgregori1\" \/>\n<meta name=\"twitter:site\" content=\"@notiamerica\" \/>\n<meta name=\"twitter:label1\" content=\"Escrito por\" \/>\n\t<meta name=\"twitter:data1\" content=\"Gregory Quintana Montiel\" \/>\n\t<meta name=\"twitter:label2\" content=\"Tiempo estimado de lectura\" \/>\n\t<meta name=\"twitter:data2\" content=\"3 minutos\" \/>\n<script type=\"application\/ld+json\" class=\"yoast-schema-graph\">{\"@context\":\"https:\/\/schema.org\",\"@graph\":[{\"@type\":\"Article\",\"@id\":\"https:\/\/noti-america.com\/site\/ecuador\/2021\/08\/22\/que-es-la-bartolinitis-y-como-puede-afectar-a-las-mujeres-que-la-sufren\/#article\",\"isPartOf\":{\"@id\":\"https:\/\/noti-america.com\/site\/ecuador\/2021\/08\/22\/que-es-la-bartolinitis-y-como-puede-afectar-a-las-mujeres-que-la-sufren\/\"},\"author\":{\"name\":\"Gregory Quintana Montiel\",\"@id\":\"https:\/\/noti-america.com\/site\/ecuador\/#\/schema\/person\/3b975e42f15abfe64bfe3abdd916efda\"},\"headline\":\"Qu\u00e9 es la Bartolinitis y c\u00f3mo puede afectar a las mujeres que la sufren&#8230;ent\u00e9rate\",\"datePublished\":\"2021-08-22T18:36:31+00:00\",\"dateModified\":\"2021-08-22T18:38:11+00:00\",\"mainEntityOfPage\":{\"@id\":\"https:\/\/noti-america.com\/site\/ecuador\/2021\/08\/22\/que-es-la-bartolinitis-y-como-puede-afectar-a-las-mujeres-que-la-sufren\/\"},\"wordCount\":536,\"commentCount\":0,\"publisher\":{\"@id\":\"https:\/\/noti-america.com\/site\/ecuador\/#organization\"},\"image\":{\"@id\":\"https:\/\/noti-america.com\/site\/ecuador\/2021\/08\/22\/que-es-la-bartolinitis-y-como-puede-afectar-a-las-mujeres-que-la-sufren\/#primaryimage\"},\"thumbnailUrl\":\"https:\/\/noti-america.com\/site\/ecuador\/wp-content\/uploads\/sites\/18\/2021\/08\/Bartolinitis.jpg\",\"articleSection\":[\"Vida y Salud\"],\"inLanguage\":\"es\",\"potentialAction\":[{\"@type\":\"CommentAction\",\"name\":\"Comment\",\"target\":[\"https:\/\/noti-america.com\/site\/ecuador\/2021\/08\/22\/que-es-la-bartolinitis-y-como-puede-afectar-a-las-mujeres-que-la-sufren\/#respond\"]}]},{\"@type\":\"WebPage\",\"@id\":\"https:\/\/noti-america.com\/site\/ecuador\/2021\/08\/22\/que-es-la-bartolinitis-y-como-puede-afectar-a-las-mujeres-que-la-sufren\/\",\"url\":\"https:\/\/noti-america.com\/site\/ecuador\/2021\/08\/22\/que-es-la-bartolinitis-y-como-puede-afectar-a-las-mujeres-que-la-sufren\/\",\"name\":\"Qu\u00e9 es la Bartolinitis y c\u00f3mo puede afectar a las mujeres que la sufren...ent\u00e9rate - Ecuador | Noti-America.com\",\"isPartOf\":{\"@id\":\"https:\/\/noti-america.com\/site\/ecuador\/#website\"},\"primaryImageOfPage\":{\"@id\":\"https:\/\/noti-america.com\/site\/ecuador\/2021\/08\/22\/que-es-la-bartolinitis-y-como-puede-afectar-a-las-mujeres-que-la-sufren\/#primaryimage\"},\"image\":{\"@id\":\"https:\/\/noti-america.com\/site\/ecuador\/2021\/08\/22\/que-es-la-bartolinitis-y-como-puede-afectar-a-las-mujeres-que-la-sufren\/#primaryimage\"},\"thumbnailUrl\":\"https:\/\/noti-america.com\/site\/ecuador\/wp-content\/uploads\/sites\/18\/2021\/08\/Bartolinitis.jpg\",\"datePublished\":\"2021-08-22T18:36:31+00:00\",\"dateModified\":\"2021-08-22T18:38:11+00:00\",\"breadcrumb\":{\"@id\":\"https:\/\/noti-america.com\/site\/ecuador\/2021\/08\/22\/que-es-la-bartolinitis-y-como-puede-afectar-a-las-mujeres-que-la-sufren\/#breadcrumb\"},\"inLanguage\":\"es\",\"potentialAction\":[{\"@type\":\"ReadAction\",\"target\":[\"https:\/\/noti-america.com\/site\/ecuador\/2021\/08\/22\/que-es-la-bartolinitis-y-como-puede-afectar-a-las-mujeres-que-la-sufren\/\"]}]},{\"@type\":\"ImageObject\",\"inLanguage\":\"es\",\"@id\":\"https:\/\/noti-america.com\/site\/ecuador\/2021\/08\/22\/que-es-la-bartolinitis-y-como-puede-afectar-a-las-mujeres-que-la-sufren\/#primaryimage\",\"url\":\"https:\/\/noti-america.com\/site\/ecuador\/wp-content\/uploads\/sites\/18\/2021\/08\/Bartolinitis.jpg\",\"contentUrl\":\"https:\/\/noti-america.com\/site\/ecuador\/wp-content\/uploads\/sites\/18\/2021\/08\/Bartolinitis.jpg\",\"width\":512,\"height\":196,\"caption\":\"Imagen tomada de internet\"},{\"@type\":\"BreadcrumbList\",\"@id\":\"https:\/\/noti-america.com\/site\/ecuador\/2021\/08\/22\/que-es-la-bartolinitis-y-como-puede-afectar-a-las-mujeres-que-la-sufren\/#breadcrumb\",\"itemListElement\":[{\"@type\":\"ListItem\",\"position\":1,\"name\":\"Portada\",\"item\":\"https:\/\/noti-america.com\/site\/ecuador\/\"},{\"@type\":\"ListItem\",\"position\":2,\"name\":\"Qu\u00e9 es la Bartolinitis y c\u00f3mo puede afectar a las mujeres que la sufren&#8230;ent\u00e9rate\"}]},{\"@type\":\"WebSite\",\"@id\":\"https:\/\/noti-america.com\/site\/ecuador\/#website\",\"url\":\"https:\/\/noti-america.com\/site\/ecuador\/\",\"name\":\"Ecuador | Noti-America.com\",\"description\":\"\",\"publisher\":{\"@id\":\"https:\/\/noti-america.com\/site\/ecuador\/#organization\"},\"potentialAction\":[{\"@type\":\"SearchAction\",\"target\":{\"@type\":\"EntryPoint\",\"urlTemplate\":\"https:\/\/noti-america.com\/site\/ecuador\/?s={search_term_string}\"},\"query-input\":{\"@type\":\"PropertyValueSpecification\",\"valueRequired\":true,\"valueName\":\"search_term_string\"}}],\"inLanguage\":\"es\"},{\"@type\":\"Organization\",\"@id\":\"https:\/\/noti-america.com\/site\/ecuador\/#organization\",\"name\":\"Noti-America LLC | Ecuador\",\"url\":\"https:\/\/noti-america.com\/site\/ecuador\/\",\"logo\":{\"@type\":\"ImageObject\",\"inLanguage\":\"es\",\"@id\":\"https:\/\/noti-america.com\/site\/ecuador\/#\/schema\/logo\/image\/\",\"url\":\"https:\/\/noti-america.com\/site\/ecuador\/wp-content\/uploads\/sites\/18\/2020\/07\/LogoNA-4x3-1.jpg\",\"contentUrl\":\"https:\/\/noti-america.com\/site\/ecuador\/wp-content\/uploads\/sites\/18\/2020\/07\/LogoNA-4x3-1.jpg\",\"width\":1236,\"height\":1080,\"caption\":\"Noti-America LLC | Ecuador\"},\"image\":{\"@id\":\"https:\/\/noti-america.com\/site\/ecuador\/#\/schema\/logo\/image\/\"},\"sameAs\":[\"https:\/\/x.com\/notiamerica\"]},{\"@type\":\"Person\",\"@id\":\"https:\/\/noti-america.com\/site\/ecuador\/#\/schema\/person\/3b975e42f15abfe64bfe3abdd916efda\",\"name\":\"Gregory Quintana Montiel\",\"image\":{\"@type\":\"ImageObject\",\"inLanguage\":\"es\",\"@id\":\"https:\/\/secure.gravatar.com\/avatar\/2d6b802f7720c2ec7744dcbe608cc2f3417aeb964d58b443c6d612b77531de1d?s=96&d=mm&r=g\",\"url\":\"https:\/\/secure.gravatar.com\/avatar\/2d6b802f7720c2ec7744dcbe608cc2f3417aeb964d58b443c6d612b77531de1d?s=96&d=mm&r=g\",\"contentUrl\":\"https:\/\/secure.gravatar.com\/avatar\/2d6b802f7720c2ec7744dcbe608cc2f3417aeb964d58b443c6d612b77531de1d?s=96&d=mm&r=g\",\"caption\":\"Gregory Quintana Montiel\"},\"description\":\"Licenciatura en Ciencias de la Comunicaci\u00f3n Social, egresado en la Especializaci\u00f3n Derecho Ambiental Desarrollo Sostenible y Sustentable, Miembro de la Comunidad de profesionales y experto para Latinoam\u00e9rica y el Caribe en Gesti\u00f3n por Resultado en el Desarrollo (COPLAC - GpRD) del Banco Interamericano de Desarrollo, experiencia en medios radiales y escritos.\",\"sameAs\":[\"https:\/\/x.com\/gdgregori1\",\"gquintana\"],\"url\":\"https:\/\/noti-america.com\/site\/ecuador\/author\/gquintana\/\"}]}<\/script>\n<!-- \/ Yoast SEO Premium plugin. -->","yoast_head_json":{"title":"Qu\u00e9 es la Bartolinitis y c\u00f3mo puede afectar a las mujeres que la sufren...ent\u00e9rate - Ecuador | Noti-America.com","robots":{"index":"index","follow":"follow","max-snippet":"max-snippet:-1","max-image-preview":"max-image-preview:large","max-video-preview":"max-video-preview:-1"},"canonical":"https:\/\/noti-america.com\/site\/ecuador\/2021\/08\/22\/que-es-la-bartolinitis-y-como-puede-afectar-a-las-mujeres-que-la-sufren\/","og_locale":"es_ES","og_type":"article","og_title":"Qu\u00e9 es la Bartolinitis y c\u00f3mo puede afectar a las mujeres que la sufren...ent\u00e9rate","og_description":"REDACCI\u00d3N NOTI AM\u00c9RICA (ECUADOR) Por\u00a0Dr. Juan Carlos Fuentes La Bartolinitis es la inflamaci\u00f3n e infecci\u00f3n de las gl\u00e1ndulas que se localizan a la entrada de la horquilla, en la vagina, llamadas Gl\u00e1ndulas de Bartholin.\u00a0&#46;&#46;&#46;","og_url":"https:\/\/noti-america.com\/site\/ecuador\/2021\/08\/22\/que-es-la-bartolinitis-y-como-puede-afectar-a-las-mujeres-que-la-sufren\/","og_site_name":"Ecuador | Noti-America.com","article_published_time":"2021-08-22T18:36:31+00:00","article_modified_time":"2021-08-22T18:38:11+00:00","og_image":[{"width":512,"height":196,"url":"https:\/\/noti-america.com\/site\/ecuador\/wp-content\/uploads\/sites\/18\/2021\/08\/Bartolinitis.jpg","type":"image\/jpeg"}],"author":"Gregory Quintana Montiel","twitter_card":"summary_large_image","twitter_creator":"@gdgregori1","twitter_site":"@notiamerica","twitter_misc":{"Escrito por":"Gregory Quintana Montiel","Tiempo estimado de lectura":"3 minutos"},"schema":{"@context":"https:\/\/schema.org","@graph":[{"@type":"Article","@id":"https:\/\/noti-america.com\/site\/ecuador\/2021\/08\/22\/que-es-la-bartolinitis-y-como-puede-afectar-a-las-mujeres-que-la-sufren\/#article","isPartOf":{"@id":"https:\/\/noti-america.com\/site\/ecuador\/2021\/08\/22\/que-es-la-bartolinitis-y-como-puede-afectar-a-las-mujeres-que-la-sufren\/"},"author":{"name":"Gregory Quintana Montiel","@id":"https:\/\/noti-america.com\/site\/ecuador\/#\/schema\/person\/3b975e42f15abfe64bfe3abdd916efda"},"headline":"Qu\u00e9 es la Bartolinitis y c\u00f3mo puede afectar a las mujeres que la sufren&#8230;ent\u00e9rate","datePublished":"2021-08-22T18:36:31+00:00","dateModified":"2021-08-22T18:38:11+00:00","mainEntityOfPage":{"@id":"https:\/\/noti-america.com\/site\/ecuador\/2021\/08\/22\/que-es-la-bartolinitis-y-como-puede-afectar-a-las-mujeres-que-la-sufren\/"},"wordCount":536,"commentCount":0,"publisher":{"@id":"https:\/\/noti-america.com\/site\/ecuador\/#organization"},"image":{"@id":"https:\/\/noti-america.com\/site\/ecuador\/2021\/08\/22\/que-es-la-bartolinitis-y-como-puede-afectar-a-las-mujeres-que-la-sufren\/#primaryimage"},"thumbnailUrl":"https:\/\/noti-america.com\/site\/ecuador\/wp-content\/uploads\/sites\/18\/2021\/08\/Bartolinitis.jpg","articleSection":["Vida y Salud"],"inLanguage":"es","potentialAction":[{"@type":"CommentAction","name":"Comment","target":["https:\/\/noti-america.com\/site\/ecuador\/2021\/08\/22\/que-es-la-bartolinitis-y-como-puede-afectar-a-las-mujeres-que-la-sufren\/#respond"]}]},{"@type":"WebPage","@id":"https:\/\/noti-america.com\/site\/ecuador\/2021\/08\/22\/que-es-la-bartolinitis-y-como-puede-afectar-a-las-mujeres-que-la-sufren\/","url":"https:\/\/noti-america.com\/site\/ecuador\/2021\/08\/22\/que-es-la-bartolinitis-y-como-puede-afectar-a-las-mujeres-que-la-sufren\/","name":"Qu\u00e9 es la Bartolinitis y c\u00f3mo puede afectar a las mujeres que la sufren...ent\u00e9rate - Ecuador | Noti-America.com","isPartOf":{"@id":"https:\/\/noti-america.com\/site\/ecuador\/#website"},"primaryImageOfPage":{"@id":"https:\/\/noti-america.com\/site\/ecuador\/2021\/08\/22\/que-es-la-bartolinitis-y-como-puede-afectar-a-las-mujeres-que-la-sufren\/#primaryimage"},"image":{"@id":"https:\/\/noti-america.com\/site\/ecuador\/2021\/08\/22\/que-es-la-bartolinitis-y-como-puede-afectar-a-las-mujeres-que-la-sufren\/#primaryimage"},"thumbnailUrl":"https:\/\/noti-america.com\/site\/ecuador\/wp-content\/uploads\/sites\/18\/2021\/08\/Bartolinitis.jpg","datePublished":"2021-08-22T18:36:31+00:00","dateModified":"2021-08-22T18:38:11+00:00","breadcrumb":{"@id":"https:\/\/noti-america.com\/site\/ecuador\/2021\/08\/22\/que-es-la-bartolinitis-y-como-puede-afectar-a-las-mujeres-que-la-sufren\/#breadcrumb"},"inLanguage":"es","potentialAction":[{"@type":"ReadAction","target":["https:\/\/noti-america.com\/site\/ecuador\/2021\/08\/22\/que-es-la-bartolinitis-y-como-puede-afectar-a-las-mujeres-que-la-sufren\/"]}]},{"@type":"ImageObject","inLanguage":"es","@id":"https:\/\/noti-america.com\/site\/ecuador\/2021\/08\/22\/que-es-la-bartolinitis-y-como-puede-afectar-a-las-mujeres-que-la-sufren\/#primaryimage","url":"https:\/\/noti-america.com\/site\/ecuador\/wp-content\/uploads\/sites\/18\/2021\/08\/Bartolinitis.jpg","contentUrl":"https:\/\/noti-america.com\/site\/ecuador\/wp-content\/uploads\/sites\/18\/2021\/08\/Bartolinitis.jpg","width":512,"height":196,"caption":"Imagen tomada de internet"},{"@type":"BreadcrumbList","@id":"https:\/\/noti-america.com\/site\/ecuador\/2021\/08\/22\/que-es-la-bartolinitis-y-como-puede-afectar-a-las-mujeres-que-la-sufren\/#breadcrumb","itemListElement":[{"@type":"ListItem","position":1,"name":"Portada","item":"https:\/\/noti-america.com\/site\/ecuador\/"},{"@type":"ListItem","position":2,"name":"Qu\u00e9 es la Bartolinitis y c\u00f3mo puede afectar a las mujeres que la sufren&#8230;ent\u00e9rate"}]},{"@type":"WebSite","@id":"https:\/\/noti-america.com\/site\/ecuador\/#website","url":"https:\/\/noti-america.com\/site\/ecuador\/","name":"Ecuador | Noti-America.com","description":"","publisher":{"@id":"https:\/\/noti-america.com\/site\/ecuador\/#organization"},"potentialAction":[{"@type":"SearchAction","target":{"@type":"EntryPoint","urlTemplate":"https:\/\/noti-america.com\/site\/ecuador\/?s={search_term_string}"},"query-input":{"@type":"PropertyValueSpecification","valueRequired":true,"valueName":"search_term_string"}}],"inLanguage":"es"},{"@type":"Organization","@id":"https:\/\/noti-america.com\/site\/ecuador\/#organization","name":"Noti-America LLC | Ecuador","url":"https:\/\/noti-america.com\/site\/ecuador\/","logo":{"@type":"ImageObject","inLanguage":"es","@id":"https:\/\/noti-america.com\/site\/ecuador\/#\/schema\/logo\/image\/","url":"https:\/\/noti-america.com\/site\/ecuador\/wp-content\/uploads\/sites\/18\/2020\/07\/LogoNA-4x3-1.jpg","contentUrl":"https:\/\/noti-america.com\/site\/ecuador\/wp-content\/uploads\/sites\/18\/2020\/07\/LogoNA-4x3-1.jpg","width":1236,"height":1080,"caption":"Noti-America LLC | Ecuador"},"image":{"@id":"https:\/\/noti-america.com\/site\/ecuador\/#\/schema\/logo\/image\/"},"sameAs":["https:\/\/x.com\/notiamerica"]},{"@type":"Person","@id":"https:\/\/noti-america.com\/site\/ecuador\/#\/schema\/person\/3b975e42f15abfe64bfe3abdd916efda","name":"Gregory Quintana Montiel","image":{"@type":"ImageObject","inLanguage":"es","@id":"https:\/\/secure.gravatar.com\/avatar\/2d6b802f7720c2ec7744dcbe608cc2f3417aeb964d58b443c6d612b77531de1d?s=96&d=mm&r=g","url":"https:\/\/secure.gravatar.com\/avatar\/2d6b802f7720c2ec7744dcbe608cc2f3417aeb964d58b443c6d612b77531de1d?s=96&d=mm&r=g","contentUrl":"https:\/\/secure.gravatar.com\/avatar\/2d6b802f7720c2ec7744dcbe608cc2f3417aeb964d58b443c6d612b77531de1d?s=96&d=mm&r=g","caption":"Gregory Quintana Montiel"},"description":"Licenciatura en Ciencias de la Comunicaci\u00f3n Social, egresado en la Especializaci\u00f3n Derecho Ambiental Desarrollo Sostenible y Sustentable, Miembro de la Comunidad de profesionales y experto para Latinoam\u00e9rica y el Caribe en Gesti\u00f3n por Resultado en el Desarrollo (COPLAC - GpRD) del Banco Interamericano de Desarrollo, experiencia en medios radiales y escritos.","sameAs":["https:\/\/x.com\/gdgregori1","gquintana"],"url":"https:\/\/noti-america.com\/site\/ecuador\/author\/gquintana\/"}]}},"_links":{"self":[{"href":"https:\/\/noti-america.com\/site\/ecuador\/wp-json\/wp\/v2\/posts\/15971","targetHints":{"allow":["GET"]}}],"collection":[{"href":"https:\/\/noti-america.com\/site\/ecuador\/wp-json\/wp\/v2\/posts"}],"about":[{"href":"https:\/\/noti-america.com\/site\/ecuador\/wp-json\/wp\/v2\/types\/post"}],"author":[{"embeddable":true,"href":"https:\/\/noti-america.com\/site\/ecuador\/wp-json\/wp\/v2\/users\/17"}],"replies":[{"embeddable":true,"href":"https:\/\/noti-america.com\/site\/ecuador\/wp-json\/wp\/v2\/comments?post=15971"}],"version-history":[{"count":2,"href":"https:\/\/noti-america.com\/site\/ecuador\/wp-json\/wp\/v2\/posts\/15971\/revisions"}],"predecessor-version":[{"id":15974,"href":"https:\/\/noti-america.com\/site\/ecuador\/wp-json\/wp\/v2\/posts\/15971\/revisions\/15974"}],"wp:featuredmedia":[{"embeddable":true,"href":"https:\/\/noti-america.com\/site\/ecuador\/wp-json\/wp\/v2\/media\/15972"}],"wp:attachment":[{"href":"https:\/\/noti-america.com\/site\/ecuador\/wp-json\/wp\/v2\/media?parent=15971"}],"wp:term":[{"taxonomy":"category","embeddable":true,"href":"https:\/\/noti-america.com\/site\/ecuador\/wp-json\/wp\/v2\/categories?post=15971"},{"taxonomy":"post_tag","embeddable":true,"href":"https:\/\/noti-america.com\/site\/ecuador\/wp-json\/wp\/v2\/tags?post=15971"}],"curies":[{"name":"wp","href":"https:\/\/api.w.org\/{rel}","templated":true}]}}