{"id":15949,"date":"2021-08-21T15:05:57","date_gmt":"2021-08-21T15:05:57","guid":{"rendered":"https:\/\/noti-america.com\/site\/ecuador\/?p=15949"},"modified":"2021-08-21T15:22:54","modified_gmt":"2021-08-21T15:22:54","slug":"ejecutivo-envio-al-registro-oficial-la-ley-de-creacion-universidad-intercultural","status":"publish","type":"post","link":"https:\/\/noti-america.com\/site\/ecuador\/2021\/08\/21\/ejecutivo-envio-al-registro-oficial-la-ley-de-creacion-universidad-intercultural\/","title":{"rendered":"Ejecutivo envi\u00f3 al Registro Oficial la Ley de creaci\u00f3n de la Universidad Intercultural"},"content":{"rendered":"<p><strong>REDACCI\u00d3N NOTI AM\u00c9RICA (ECUADOR)<\/strong><\/p>\n<p><img loading=\"lazy\" decoding=\"async\" class=\" wp-image-15951 alignleft\" src=\"https:\/\/noti-america.com\/site\/ecuador\/wp-content\/uploads\/sites\/18\/2021\/08\/21-AGOS-descarga-1-300x183.jpg\" alt=\"\" width=\"617\" height=\"376\" srcset=\"https:\/\/noti-america.com\/site\/ecuador\/wp-content\/uploads\/sites\/18\/2021\/08\/21-AGOS-descarga-1-300x183.jpg 300w, https:\/\/noti-america.com\/site\/ecuador\/wp-content\/uploads\/sites\/18\/2021\/08\/21-AGOS-descarga-1.jpg 607w\" sizes=\"auto, (max-width: 617px) 100vw, 617px\" \/><\/p>\n<p style=\"text-align: justify\">La Ley Reformatoria a la Ley de Creaci\u00f3n de la Universidad Intercultural de las Nacionalidades y Pueblos Ind\u00edgenas Amawtay Wasi, ir\u00e1 en los pr\u00f3ximos d\u00edas al Registro Oficial, una vez que el presidente de la Rep\u00fablica, Guillermo Lasso Mendoza, en presencia de la titular del Parlamento, Guadalupe Llori Abarca, sancion\u00f3 la iniciativa.<\/p>\n<p style=\"text-align: justify\">Para el anuncio se desarroll\u00f3 un envento en el Sal\u00f3n Amarillo del Palacio de Gobierno. En el sitio intervino Alejandro Ribadeneira, secretario de Educaci\u00f3n Superior, Ciencia y Tecnolog\u00eda, quien resalt\u00f3 la importancia del trabajo de la Comisi\u00f3n de Educaci\u00f3n de la Asamblea Nacional para el tr\u00e1mite de la ley.<\/p>\n<p style=\"text-align: justify\">El presidente de la Rep\u00fablica, Guillermo Lasso destac\u00f3 la importancia de la Universidad para fomentar la educaci\u00f3n intercultural.<\/p>\n<p style=\"text-align: justify\">Esta ley forma parte de la Agenda Parlamentaria 2021-2022, del eje Minga por la Educaci\u00f3n cuyo objetivo es garantizar el derecho a una educaci\u00f3n de calidad en todo el sistema nacional y en las instituciones de educaci\u00f3n superior, asegurando su acceso, asequibilidad y su car\u00e1cter intercultural, biling\u00fce y laico.<\/p>\n","protected":false},"excerpt":{"rendered":"<p>REDACCI\u00d3N NOTI AM\u00c9RICA (ECUADOR) La Ley Reformatoria a la Ley de Creaci\u00f3n de la Universidad Intercultural de las Nacionalidades y Pueblos Ind\u00edgenas Amawtay Wasi, ir\u00e1 en los pr\u00f3ximos d\u00edas al Registro Oficial, una vez&#46;&#46;&#46;<\/p>\n","protected":false},"author":113,"featured_media":15951,"comment_status":"open","ping_status":"open","sticky":false,"template":"","format":"standard","meta":{"_acf_changed":false,"om_disable_all_campaigns":false,"rop_custom_images_group":[],"rop_custom_messages_group":[],"rop_publish_now":"initial","rop_publish_now_accounts":{"twitter_242054905_242054905":""},"rop_publish_now_history":[],"rop_publish_now_status":"pending","_uf_show_specific_survey":0,"_uf_disable_surveys":false,"footnotes":""},"categories":[34],"tags":[],"class_list":["post-15949","post","type-post","status-publish","format-standard","has-post-thumbnail","hentry","category-politica-opinion"],"acf":[],"aioseo_notices":[],"yoast_head":"<!-- This site is optimized with the Yoast SEO Premium plugin v24.9 (Yoast SEO v27.2) - https:\/\/yoast.com\/product\/yoast-seo-premium-wordpress\/ -->\n<title>Ejecutivo envi\u00f3 al Registro Oficial la Ley de creaci\u00f3n de la Universidad Intercultural - Ecuador | Noti-America.com<\/title>\n<meta name=\"robots\" content=\"index, follow, max-snippet:-1, max-image-preview:large, max-video-preview:-1\" \/>\n<link rel=\"canonical\" href=\"https:\/\/noti-america.com\/site\/ecuador\/2021\/08\/21\/ejecutivo-envio-al-registro-oficial-la-ley-de-creacion-universidad-intercultural\/\" \/>\n<meta property=\"og:locale\" content=\"es_ES\" \/>\n<meta property=\"og:type\" content=\"article\" \/>\n<meta property=\"og:title\" content=\"Ejecutivo envi\u00f3 al Registro Oficial la Ley de creaci\u00f3n de la Universidad Intercultural\" \/>\n<meta property=\"og:description\" content=\"REDACCI\u00d3N NOTI AM\u00c9RICA (ECUADOR) La Ley Reformatoria a la Ley de Creaci\u00f3n de la Universidad Intercultural de las Nacionalidades y Pueblos Ind\u00edgenas Amawtay Wasi, ir\u00e1 en los pr\u00f3ximos d\u00edas al Registro Oficial, una vez&#046;&#046;&#046;\" \/>\n<meta property=\"og:url\" content=\"https:\/\/noti-america.com\/site\/ecuador\/2021\/08\/21\/ejecutivo-envio-al-registro-oficial-la-ley-de-creacion-universidad-intercultural\/\" \/>\n<meta property=\"og:site_name\" content=\"Ecuador | Noti-America.com\" \/>\n<meta property=\"article:published_time\" content=\"2021-08-21T15:05:57+00:00\" \/>\n<meta property=\"article:modified_time\" content=\"2021-08-21T15:22:54+00:00\" \/>\n<meta property=\"og:image\" content=\"https:\/\/noti-america.com\/site\/ecuador\/wp-content\/uploads\/sites\/18\/2021\/08\/21-AGOS-descarga-1.jpg\" \/>\n\t<meta property=\"og:image:width\" content=\"607\" \/>\n\t<meta property=\"og:image:height\" content=\"370\" \/>\n\t<meta property=\"og:image:type\" content=\"image\/jpeg\" \/>\n<meta name=\"author\" content=\"Henry Ortiz\" \/>\n<meta name=\"twitter:card\" content=\"summary_large_image\" \/>\n<meta name=\"twitter:creator\" content=\"@notiamerica\" \/>\n<meta name=\"twitter:site\" content=\"@notiamerica\" \/>\n<meta name=\"twitter:label1\" content=\"Escrito por\" \/>\n\t<meta name=\"twitter:data1\" content=\"Henry Ortiz\" \/>\n\t<meta name=\"twitter:label2\" content=\"Tiempo estimado de lectura\" \/>\n\t<meta name=\"twitter:data2\" content=\"1 minuto\" \/>\n<script type=\"application\/ld+json\" class=\"yoast-schema-graph\">{\"@context\":\"https:\/\/schema.org\",\"@graph\":[{\"@type\":\"Article\",\"@id\":\"https:\/\/noti-america.com\/site\/ecuador\/2021\/08\/21\/ejecutivo-envio-al-registro-oficial-la-ley-de-creacion-universidad-intercultural\/#article\",\"isPartOf\":{\"@id\":\"https:\/\/noti-america.com\/site\/ecuador\/2021\/08\/21\/ejecutivo-envio-al-registro-oficial-la-ley-de-creacion-universidad-intercultural\/\"},\"author\":{\"name\":\"Henry Ortiz\",\"@id\":\"https:\/\/noti-america.com\/site\/ecuador\/#\/schema\/person\/b9d1630cc6598af759d45c790a347283\"},\"headline\":\"Ejecutivo envi\u00f3 al Registro Oficial la Ley de creaci\u00f3n de la Universidad Intercultural\",\"datePublished\":\"2021-08-21T15:05:57+00:00\",\"dateModified\":\"2021-08-21T15:22:54+00:00\",\"mainEntityOfPage\":{\"@id\":\"https:\/\/noti-america.com\/site\/ecuador\/2021\/08\/21\/ejecutivo-envio-al-registro-oficial-la-ley-de-creacion-universidad-intercultural\/\"},\"wordCount\":206,\"commentCount\":0,\"publisher\":{\"@id\":\"https:\/\/noti-america.com\/site\/ecuador\/#organization\"},\"image\":{\"@id\":\"https:\/\/noti-america.com\/site\/ecuador\/2021\/08\/21\/ejecutivo-envio-al-registro-oficial-la-ley-de-creacion-universidad-intercultural\/#primaryimage\"},\"thumbnailUrl\":\"https:\/\/noti-america.com\/site\/ecuador\/wp-content\/uploads\/sites\/18\/2021\/08\/21-AGOS-descarga-1.jpg\",\"articleSection\":[\"Pol\u00edtica\"],\"inLanguage\":\"es\",\"potentialAction\":[{\"@type\":\"CommentAction\",\"name\":\"Comment\",\"target\":[\"https:\/\/noti-america.com\/site\/ecuador\/2021\/08\/21\/ejecutivo-envio-al-registro-oficial-la-ley-de-creacion-universidad-intercultural\/#respond\"]}]},{\"@type\":\"WebPage\",\"@id\":\"https:\/\/noti-america.com\/site\/ecuador\/2021\/08\/21\/ejecutivo-envio-al-registro-oficial-la-ley-de-creacion-universidad-intercultural\/\",\"url\":\"https:\/\/noti-america.com\/site\/ecuador\/2021\/08\/21\/ejecutivo-envio-al-registro-oficial-la-ley-de-creacion-universidad-intercultural\/\",\"name\":\"Ejecutivo envi\u00f3 al Registro Oficial la Ley de creaci\u00f3n de la Universidad Intercultural - Ecuador | Noti-America.com\",\"isPartOf\":{\"@id\":\"https:\/\/noti-america.com\/site\/ecuador\/#website\"},\"primaryImageOfPage\":{\"@id\":\"https:\/\/noti-america.com\/site\/ecuador\/2021\/08\/21\/ejecutivo-envio-al-registro-oficial-la-ley-de-creacion-universidad-intercultural\/#primaryimage\"},\"image\":{\"@id\":\"https:\/\/noti-america.com\/site\/ecuador\/2021\/08\/21\/ejecutivo-envio-al-registro-oficial-la-ley-de-creacion-universidad-intercultural\/#primaryimage\"},\"thumbnailUrl\":\"https:\/\/noti-america.com\/site\/ecuador\/wp-content\/uploads\/sites\/18\/2021\/08\/21-AGOS-descarga-1.jpg\",\"datePublished\":\"2021-08-21T15:05:57+00:00\",\"dateModified\":\"2021-08-21T15:22:54+00:00\",\"breadcrumb\":{\"@id\":\"https:\/\/noti-america.com\/site\/ecuador\/2021\/08\/21\/ejecutivo-envio-al-registro-oficial-la-ley-de-creacion-universidad-intercultural\/#breadcrumb\"},\"inLanguage\":\"es\",\"potentialAction\":[{\"@type\":\"ReadAction\",\"target\":[\"https:\/\/noti-america.com\/site\/ecuador\/2021\/08\/21\/ejecutivo-envio-al-registro-oficial-la-ley-de-creacion-universidad-intercultural\/\"]}]},{\"@type\":\"ImageObject\",\"inLanguage\":\"es\",\"@id\":\"https:\/\/noti-america.com\/site\/ecuador\/2021\/08\/21\/ejecutivo-envio-al-registro-oficial-la-ley-de-creacion-universidad-intercultural\/#primaryimage\",\"url\":\"https:\/\/noti-america.com\/site\/ecuador\/wp-content\/uploads\/sites\/18\/2021\/08\/21-AGOS-descarga-1.jpg\",\"contentUrl\":\"https:\/\/noti-america.com\/site\/ecuador\/wp-content\/uploads\/sites\/18\/2021\/08\/21-AGOS-descarga-1.jpg\",\"width\":607,\"height\":370},{\"@type\":\"BreadcrumbList\",\"@id\":\"https:\/\/noti-america.com\/site\/ecuador\/2021\/08\/21\/ejecutivo-envio-al-registro-oficial-la-ley-de-creacion-universidad-intercultural\/#breadcrumb\",\"itemListElement\":[{\"@type\":\"ListItem\",\"position\":1,\"name\":\"Portada\",\"item\":\"https:\/\/noti-america.com\/site\/ecuador\/\"},{\"@type\":\"ListItem\",\"position\":2,\"name\":\"Ejecutivo envi\u00f3 al Registro Oficial la Ley de creaci\u00f3n de la Universidad Intercultural\"}]},{\"@type\":\"WebSite\",\"@id\":\"https:\/\/noti-america.com\/site\/ecuador\/#website\",\"url\":\"https:\/\/noti-america.com\/site\/ecuador\/\",\"name\":\"Ecuador | Noti-America.com\",\"description\":\"\",\"publisher\":{\"@id\":\"https:\/\/noti-america.com\/site\/ecuador\/#organization\"},\"potentialAction\":[{\"@type\":\"SearchAction\",\"target\":{\"@type\":\"EntryPoint\",\"urlTemplate\":\"https:\/\/noti-america.com\/site\/ecuador\/?s={search_term_string}\"},\"query-input\":{\"@type\":\"PropertyValueSpecification\",\"valueRequired\":true,\"valueName\":\"search_term_string\"}}],\"inLanguage\":\"es\"},{\"@type\":\"Organization\",\"@id\":\"https:\/\/noti-america.com\/site\/ecuador\/#organization\",\"name\":\"Noti-America LLC | Ecuador\",\"url\":\"https:\/\/noti-america.com\/site\/ecuador\/\",\"logo\":{\"@type\":\"ImageObject\",\"inLanguage\":\"es\",\"@id\":\"https:\/\/noti-america.com\/site\/ecuador\/#\/schema\/logo\/image\/\",\"url\":\"https:\/\/noti-america.com\/site\/ecuador\/wp-content\/uploads\/sites\/18\/2020\/07\/LogoNA-4x3-1.jpg\",\"contentUrl\":\"https:\/\/noti-america.com\/site\/ecuador\/wp-content\/uploads\/sites\/18\/2020\/07\/LogoNA-4x3-1.jpg\",\"width\":1236,\"height\":1080,\"caption\":\"Noti-America LLC | Ecuador\"},\"image\":{\"@id\":\"https:\/\/noti-america.com\/site\/ecuador\/#\/schema\/logo\/image\/\"},\"sameAs\":[\"https:\/\/x.com\/notiamerica\"]},{\"@type\":\"Person\",\"@id\":\"https:\/\/noti-america.com\/site\/ecuador\/#\/schema\/person\/b9d1630cc6598af759d45c790a347283\",\"name\":\"Henry Ortiz\",\"image\":{\"@type\":\"ImageObject\",\"inLanguage\":\"es\",\"@id\":\"https:\/\/secure.gravatar.com\/avatar\/0b5407b5b302fbb6a578e625dca512ac2983ee5fa9ea941d581b83c40212e4c8?s=96&d=mm&r=g\",\"url\":\"https:\/\/secure.gravatar.com\/avatar\/0b5407b5b302fbb6a578e625dca512ac2983ee5fa9ea941d581b83c40212e4c8?s=96&d=mm&r=g\",\"contentUrl\":\"https:\/\/secure.gravatar.com\/avatar\/0b5407b5b302fbb6a578e625dca512ac2983ee5fa9ea941d581b83c40212e4c8?s=96&d=mm&r=g\",\"caption\":\"Henry Ortiz\"},\"url\":\"https:\/\/noti-america.com\/site\/ecuador\/author\/hortiz\/\"}]}<\/script>\n<!-- \/ Yoast SEO Premium plugin. -->","yoast_head_json":{"title":"Ejecutivo envi\u00f3 al Registro Oficial la Ley de creaci\u00f3n de la Universidad Intercultural - Ecuador | Noti-America.com","robots":{"index":"index","follow":"follow","max-snippet":"max-snippet:-1","max-image-preview":"max-image-preview:large","max-video-preview":"max-video-preview:-1"},"canonical":"https:\/\/noti-america.com\/site\/ecuador\/2021\/08\/21\/ejecutivo-envio-al-registro-oficial-la-ley-de-creacion-universidad-intercultural\/","og_locale":"es_ES","og_type":"article","og_title":"Ejecutivo envi\u00f3 al Registro Oficial la Ley de creaci\u00f3n de la Universidad Intercultural","og_description":"REDACCI\u00d3N NOTI AM\u00c9RICA (ECUADOR) La Ley Reformatoria a la Ley de Creaci\u00f3n de la Universidad Intercultural de las Nacionalidades y Pueblos Ind\u00edgenas Amawtay Wasi, ir\u00e1 en los pr\u00f3ximos d\u00edas al Registro Oficial, una vez&#46;&#46;&#46;","og_url":"https:\/\/noti-america.com\/site\/ecuador\/2021\/08\/21\/ejecutivo-envio-al-registro-oficial-la-ley-de-creacion-universidad-intercultural\/","og_site_name":"Ecuador | Noti-America.com","article_published_time":"2021-08-21T15:05:57+00:00","article_modified_time":"2021-08-21T15:22:54+00:00","og_image":[{"width":607,"height":370,"url":"https:\/\/noti-america.com\/site\/ecuador\/wp-content\/uploads\/sites\/18\/2021\/08\/21-AGOS-descarga-1.jpg","type":"image\/jpeg"}],"author":"Henry Ortiz","twitter_card":"summary_large_image","twitter_creator":"@notiamerica","twitter_site":"@notiamerica","twitter_misc":{"Escrito por":"Henry Ortiz","Tiempo estimado de lectura":"1 minuto"},"schema":{"@context":"https:\/\/schema.org","@graph":[{"@type":"Article","@id":"https:\/\/noti-america.com\/site\/ecuador\/2021\/08\/21\/ejecutivo-envio-al-registro-oficial-la-ley-de-creacion-universidad-intercultural\/#article","isPartOf":{"@id":"https:\/\/noti-america.com\/site\/ecuador\/2021\/08\/21\/ejecutivo-envio-al-registro-oficial-la-ley-de-creacion-universidad-intercultural\/"},"author":{"name":"Henry Ortiz","@id":"https:\/\/noti-america.com\/site\/ecuador\/#\/schema\/person\/b9d1630cc6598af759d45c790a347283"},"headline":"Ejecutivo envi\u00f3 al Registro Oficial la Ley de creaci\u00f3n de la Universidad Intercultural","datePublished":"2021-08-21T15:05:57+00:00","dateModified":"2021-08-21T15:22:54+00:00","mainEntityOfPage":{"@id":"https:\/\/noti-america.com\/site\/ecuador\/2021\/08\/21\/ejecutivo-envio-al-registro-oficial-la-ley-de-creacion-universidad-intercultural\/"},"wordCount":206,"commentCount":0,"publisher":{"@id":"https:\/\/noti-america.com\/site\/ecuador\/#organization"},"image":{"@id":"https:\/\/noti-america.com\/site\/ecuador\/2021\/08\/21\/ejecutivo-envio-al-registro-oficial-la-ley-de-creacion-universidad-intercultural\/#primaryimage"},"thumbnailUrl":"https:\/\/noti-america.com\/site\/ecuador\/wp-content\/uploads\/sites\/18\/2021\/08\/21-AGOS-descarga-1.jpg","articleSection":["Pol\u00edtica"],"inLanguage":"es","potentialAction":[{"@type":"CommentAction","name":"Comment","target":["https:\/\/noti-america.com\/site\/ecuador\/2021\/08\/21\/ejecutivo-envio-al-registro-oficial-la-ley-de-creacion-universidad-intercultural\/#respond"]}]},{"@type":"WebPage","@id":"https:\/\/noti-america.com\/site\/ecuador\/2021\/08\/21\/ejecutivo-envio-al-registro-oficial-la-ley-de-creacion-universidad-intercultural\/","url":"https:\/\/noti-america.com\/site\/ecuador\/2021\/08\/21\/ejecutivo-envio-al-registro-oficial-la-ley-de-creacion-universidad-intercultural\/","name":"Ejecutivo envi\u00f3 al Registro Oficial la Ley de creaci\u00f3n de la Universidad Intercultural - Ecuador | Noti-America.com","isPartOf":{"@id":"https:\/\/noti-america.com\/site\/ecuador\/#website"},"primaryImageOfPage":{"@id":"https:\/\/noti-america.com\/site\/ecuador\/2021\/08\/21\/ejecutivo-envio-al-registro-oficial-la-ley-de-creacion-universidad-intercultural\/#primaryimage"},"image":{"@id":"https:\/\/noti-america.com\/site\/ecuador\/2021\/08\/21\/ejecutivo-envio-al-registro-oficial-la-ley-de-creacion-universidad-intercultural\/#primaryimage"},"thumbnailUrl":"https:\/\/noti-america.com\/site\/ecuador\/wp-content\/uploads\/sites\/18\/2021\/08\/21-AGOS-descarga-1.jpg","datePublished":"2021-08-21T15:05:57+00:00","dateModified":"2021-08-21T15:22:54+00:00","breadcrumb":{"@id":"https:\/\/noti-america.com\/site\/ecuador\/2021\/08\/21\/ejecutivo-envio-al-registro-oficial-la-ley-de-creacion-universidad-intercultural\/#breadcrumb"},"inLanguage":"es","potentialAction":[{"@type":"ReadAction","target":["https:\/\/noti-america.com\/site\/ecuador\/2021\/08\/21\/ejecutivo-envio-al-registro-oficial-la-ley-de-creacion-universidad-intercultural\/"]}]},{"@type":"ImageObject","inLanguage":"es","@id":"https:\/\/noti-america.com\/site\/ecuador\/2021\/08\/21\/ejecutivo-envio-al-registro-oficial-la-ley-de-creacion-universidad-intercultural\/#primaryimage","url":"https:\/\/noti-america.com\/site\/ecuador\/wp-content\/uploads\/sites\/18\/2021\/08\/21-AGOS-descarga-1.jpg","contentUrl":"https:\/\/noti-america.com\/site\/ecuador\/wp-content\/uploads\/sites\/18\/2021\/08\/21-AGOS-descarga-1.jpg","width":607,"height":370},{"@type":"BreadcrumbList","@id":"https:\/\/noti-america.com\/site\/ecuador\/2021\/08\/21\/ejecutivo-envio-al-registro-oficial-la-ley-de-creacion-universidad-intercultural\/#breadcrumb","itemListElement":[{"@type":"ListItem","position":1,"name":"Portada","item":"https:\/\/noti-america.com\/site\/ecuador\/"},{"@type":"ListItem","position":2,"name":"Ejecutivo envi\u00f3 al Registro Oficial la Ley de creaci\u00f3n de la Universidad Intercultural"}]},{"@type":"WebSite","@id":"https:\/\/noti-america.com\/site\/ecuador\/#website","url":"https:\/\/noti-america.com\/site\/ecuador\/","name":"Ecuador | Noti-America.com","description":"","publisher":{"@id":"https:\/\/noti-america.com\/site\/ecuador\/#organization"},"potentialAction":[{"@type":"SearchAction","target":{"@type":"EntryPoint","urlTemplate":"https:\/\/noti-america.com\/site\/ecuador\/?s={search_term_string}"},"query-input":{"@type":"PropertyValueSpecification","valueRequired":true,"valueName":"search_term_string"}}],"inLanguage":"es"},{"@type":"Organization","@id":"https:\/\/noti-america.com\/site\/ecuador\/#organization","name":"Noti-America LLC | Ecuador","url":"https:\/\/noti-america.com\/site\/ecuador\/","logo":{"@type":"ImageObject","inLanguage":"es","@id":"https:\/\/noti-america.com\/site\/ecuador\/#\/schema\/logo\/image\/","url":"https:\/\/noti-america.com\/site\/ecuador\/wp-content\/uploads\/sites\/18\/2020\/07\/LogoNA-4x3-1.jpg","contentUrl":"https:\/\/noti-america.com\/site\/ecuador\/wp-content\/uploads\/sites\/18\/2020\/07\/LogoNA-4x3-1.jpg","width":1236,"height":1080,"caption":"Noti-America LLC | Ecuador"},"image":{"@id":"https:\/\/noti-america.com\/site\/ecuador\/#\/schema\/logo\/image\/"},"sameAs":["https:\/\/x.com\/notiamerica"]},{"@type":"Person","@id":"https:\/\/noti-america.com\/site\/ecuador\/#\/schema\/person\/b9d1630cc6598af759d45c790a347283","name":"Henry Ortiz","image":{"@type":"ImageObject","inLanguage":"es","@id":"https:\/\/secure.gravatar.com\/avatar\/0b5407b5b302fbb6a578e625dca512ac2983ee5fa9ea941d581b83c40212e4c8?s=96&d=mm&r=g","url":"https:\/\/secure.gravatar.com\/avatar\/0b5407b5b302fbb6a578e625dca512ac2983ee5fa9ea941d581b83c40212e4c8?s=96&d=mm&r=g","contentUrl":"https:\/\/secure.gravatar.com\/avatar\/0b5407b5b302fbb6a578e625dca512ac2983ee5fa9ea941d581b83c40212e4c8?s=96&d=mm&r=g","caption":"Henry Ortiz"},"url":"https:\/\/noti-america.com\/site\/ecuador\/author\/hortiz\/"}]}},"_links":{"self":[{"href":"https:\/\/noti-america.com\/site\/ecuador\/wp-json\/wp\/v2\/posts\/15949","targetHints":{"allow":["GET"]}}],"collection":[{"href":"https:\/\/noti-america.com\/site\/ecuador\/wp-json\/wp\/v2\/posts"}],"about":[{"href":"https:\/\/noti-america.com\/site\/ecuador\/wp-json\/wp\/v2\/types\/post"}],"author":[{"embeddable":true,"href":"https:\/\/noti-america.com\/site\/ecuador\/wp-json\/wp\/v2\/users\/113"}],"replies":[{"embeddable":true,"href":"https:\/\/noti-america.com\/site\/ecuador\/wp-json\/wp\/v2\/comments?post=15949"}],"version-history":[{"count":2,"href":"https:\/\/noti-america.com\/site\/ecuador\/wp-json\/wp\/v2\/posts\/15949\/revisions"}],"predecessor-version":[{"id":15953,"href":"https:\/\/noti-america.com\/site\/ecuador\/wp-json\/wp\/v2\/posts\/15949\/revisions\/15953"}],"wp:featuredmedia":[{"embeddable":true,"href":"https:\/\/noti-america.com\/site\/ecuador\/wp-json\/wp\/v2\/media\/15951"}],"wp:attachment":[{"href":"https:\/\/noti-america.com\/site\/ecuador\/wp-json\/wp\/v2\/media?parent=15949"}],"wp:term":[{"taxonomy":"category","embeddable":true,"href":"https:\/\/noti-america.com\/site\/ecuador\/wp-json\/wp\/v2\/categories?post=15949"},{"taxonomy":"post_tag","embeddable":true,"href":"https:\/\/noti-america.com\/site\/ecuador\/wp-json\/wp\/v2\/tags?post=15949"}],"curies":[{"name":"wp","href":"https:\/\/api.w.org\/{rel}","templated":true}]}}