{"id":15872,"date":"2021-08-18T03:34:03","date_gmt":"2021-08-18T03:34:03","guid":{"rendered":"https:\/\/noti-america.com\/site\/ecuador\/?p=15872"},"modified":"2021-08-18T03:34:04","modified_gmt":"2021-08-18T03:34:04","slug":"vacunacion-enrumbada-y-ahora-que","status":"publish","type":"post","link":"https:\/\/noti-america.com\/site\/ecuador\/2021\/08\/18\/vacunacion-enrumbada-y-ahora-que\/","title":{"rendered":"Vacunaci\u00f3n enrumbada \u00bfy ahora qu\u00e9?"},"content":{"rendered":"<p>REDACCI\u00d3N NOTI AM\u00c9RICA (ECUADOR)<\/p>\n<div id=\"attachment_14134\" style=\"width: 310px\" class=\"wp-caption alignleft\"><img loading=\"lazy\" decoding=\"async\" aria-describedby=\"caption-attachment-14134\" class=\"wp-image-14134 size-medium\" src=\"https:\/\/noti-america.com\/site\/ecuador\/wp-content\/uploads\/sites\/18\/2021\/04\/Ing-Gonzalo-Gomez-Landires-300x300.jpg\" alt=\"\" width=\"300\" height=\"300\" \/><p id=\"caption-attachment-14134\" class=\"wp-caption-text\">Ing. Gonzalo G\u00f3mez, experto en temas agrarios. Mail: gonzalo_gomez_landires@hotmail.com<\/p><\/div>\n<p style=\"text-align: justify\"><em>Incluso antes que termine el programa de vacunaci\u00f3n, a todas luces exitoso, el presidente no baja las revoluciones y ya adelant\u00f3 que est\u00e1 listo para enfrentar el segundo gran reto de su proyecto de gobierno, que se refiere a la generaci\u00f3n de empleo. Tarea no solo necesaria sino especialmente urgente, puesto que el desempleo ha obligado al pueblo a defenderse en la informalidad, donde se ha refugiado el 70% de la poblaci\u00f3n econ\u00f3micamente activa, pues apenas tres de cada diez tienen la suerte de mantenerse en empleos formales.<\/em><em>\u00a0<\/em><\/p>\n<p style=\"text-align: justify\"><em>Con una correcta visi\u00f3n pragm\u00e1tica, el gobierno entiende que la creaci\u00f3n de empleo no es consecuencia de medidas legislativas, pues las fuentes de trabajo no se producen por leyes sino como consecuencia del desarrollo de la actividades productivas, comerciales, y de servicios.\u00a0 Que la formulaci\u00f3n de leyes sirve para organizar y regular las relaciones laborales entre empleadores y empleados, pero es el crecimiento empresarial y de todo el aparato productivo nacional lo que origina las anheladas oportunidades laborales.<\/em><\/p>\n<p style=\"text-align: justify\"><em>El gobierno apuesta entonces a dos movimientos estrat\u00e9gicos: &#8211; Uno es la promoci\u00f3n y respaldo para que la empresa privada pueda reducir sus costos operativos e incrementar la productividad, pues una mayor capacidad productiva demanda m\u00e1s personal y por tanto genera puestos de trabajo.\u00a0\u00a0 Adem\u00e1s, mayores utilidades de las empresas significa mayor aporte al estado por medio del impuesto a la renta. \u2013 La segunda estrategia apunta a favorecer e incentivar la inversi\u00f3n privada, nacional y extranjera, viabilizando y fortaleciendo el entorno legal, administrativo, tecnol\u00f3gico y log\u00edstico, para avivar el inter\u00e9s y la confianza de los inversionistas.<\/em><\/p>\n<p style=\"text-align: justify\"><em>Pero esta esperanzadora gesti\u00f3n se oscurece frente a otro eje de responsabilidad en el que el gobierno solo ha logrado presentar su peor versi\u00f3n: el sector agropecuario; aquel que ha sido abandonado, vilipendiado, discriminado, y hasta despreciado por los gobiernos de turno de los \u00faltimos cincuenta a\u00f1os por lo menos; actitud infame que se ensa\u00f1\u00f3 con el subsector de la producci\u00f3n para consumo interno, aquel conformado por los peque\u00f1os productores que se constituyen como uno de los grupos con mayor vulnerabilidad de la poblaci\u00f3n.<\/em><\/p>\n<p style=\"text-align: justify\"><em>Pero esta segunda gran cruzada que el gobierno asumir\u00e1 para procurar empleo, es una oportunidad inmejorable para rescatar estas actividades agropecuarias. La reactivaci\u00f3n de este sector recuperar\u00eda la mayor fuente generadora de trabajo, en un segmento tan grande como las dos terceras partes de la poblaci\u00f3n econ\u00f3micamente activa. Esto significa que una masa de cinco millones y medio de personas relacionadas directa e indirectamente al sector agropecuario, se volver\u00edan incondicionales al gobierno que logre su rehabilitaci\u00f3n, y su resarcimiento por a\u00f1adidura.<\/em><\/p>\n<p style=\"text-align: justify\"><em>Se\u00f1or presidente, es una magn\u00edfica ocasi\u00f3n para hacer justicia con este sector olvidado y maltratado. Usted multiplicar\u00eda exponencialmente la generaci\u00f3n de empleo que se propone, al tiempo que se beneficiar\u00eda de un capital pol\u00edtico verdaderamente envidiable \u00a1no lo dude! \u00a0Solo necesita un Ministro de Agricultura que sea t\u00e9cnico, no pol\u00edtico, que cuente con un equipo de trabajo con experticia, competencia y experiencia, \u00a1Ah! Y probidad..\u2026.. Especialmente.\u00a0\u00a0 \u00a0\u00a0\u00a0<\/em><\/p>\n","protected":false},"excerpt":{"rendered":"<p>REDACCI\u00d3N NOTI AM\u00c9RICA (ECUADOR) Incluso antes que termine el programa de vacunaci\u00f3n, a todas luces exitoso, el presidente no baja las revoluciones y ya adelant\u00f3 que est\u00e1 listo para enfrentar el segundo gran reto&#46;&#46;&#46;<\/p>\n","protected":false},"author":17,"featured_media":0,"comment_status":"open","ping_status":"open","sticky":false,"template":"","format":"standard","meta":{"_acf_changed":false,"om_disable_all_campaigns":false,"rop_custom_images_group":[],"rop_custom_messages_group":[],"rop_publish_now":"initial","rop_publish_now_accounts":{"twitter_242054905_242054905":""},"rop_publish_now_history":[],"rop_publish_now_status":"pending","_uf_show_specific_survey":0,"_uf_disable_surveys":false,"footnotes":""},"categories":[107],"tags":[],"class_list":["post-15872","post","type-post","status-publish","format-standard","hentry","category-articulo"],"acf":[],"aioseo_notices":[],"yoast_head":"<!-- This site is optimized with the Yoast SEO Premium plugin v24.9 (Yoast SEO v27.2) - https:\/\/yoast.com\/product\/yoast-seo-premium-wordpress\/ -->\n<title>Vacunaci\u00f3n enrumbada \u00bfy ahora qu\u00e9? - Ecuador | Noti-America.com<\/title>\n<meta name=\"robots\" content=\"index, follow, max-snippet:-1, max-image-preview:large, max-video-preview:-1\" \/>\n<link rel=\"canonical\" href=\"https:\/\/noti-america.com\/site\/ecuador\/2021\/08\/18\/vacunacion-enrumbada-y-ahora-que\/\" \/>\n<meta property=\"og:locale\" content=\"es_ES\" \/>\n<meta property=\"og:type\" content=\"article\" \/>\n<meta property=\"og:title\" content=\"Vacunaci\u00f3n enrumbada \u00bfy ahora qu\u00e9?\" \/>\n<meta property=\"og:description\" content=\"REDACCI\u00d3N NOTI AM\u00c9RICA (ECUADOR) Incluso antes que termine el programa de vacunaci\u00f3n, a todas luces exitoso, el presidente no baja las revoluciones y ya adelant\u00f3 que est\u00e1 listo para enfrentar el segundo gran reto&#046;&#046;&#046;\" \/>\n<meta property=\"og:url\" content=\"https:\/\/noti-america.com\/site\/ecuador\/2021\/08\/18\/vacunacion-enrumbada-y-ahora-que\/\" \/>\n<meta property=\"og:site_name\" content=\"Ecuador | Noti-America.com\" \/>\n<meta property=\"article:published_time\" content=\"2021-08-18T03:34:03+00:00\" \/>\n<meta property=\"article:modified_time\" content=\"2021-08-18T03:34:04+00:00\" \/>\n<meta property=\"og:image\" content=\"https:\/\/noti-america.com\/site\/ecuador\/wp-content\/uploads\/sites\/18\/2021\/04\/Ing-Gonzalo-Gomez-Landires-300x300.jpg\" \/>\n<meta name=\"author\" content=\"Gregory Quintana Montiel\" \/>\n<meta name=\"twitter:card\" content=\"summary_large_image\" \/>\n<meta name=\"twitter:creator\" content=\"@gdgregori1\" \/>\n<meta name=\"twitter:site\" content=\"@notiamerica\" \/>\n<meta name=\"twitter:label1\" content=\"Escrito por\" \/>\n\t<meta name=\"twitter:data1\" content=\"Gregory Quintana Montiel\" \/>\n\t<meta name=\"twitter:label2\" content=\"Tiempo estimado de lectura\" \/>\n\t<meta name=\"twitter:data2\" content=\"3 minutos\" \/>\n<script type=\"application\/ld+json\" class=\"yoast-schema-graph\">{\"@context\":\"https:\/\/schema.org\",\"@graph\":[{\"@type\":\"Article\",\"@id\":\"https:\/\/noti-america.com\/site\/ecuador\/2021\/08\/18\/vacunacion-enrumbada-y-ahora-que\/#article\",\"isPartOf\":{\"@id\":\"https:\/\/noti-america.com\/site\/ecuador\/2021\/08\/18\/vacunacion-enrumbada-y-ahora-que\/\"},\"author\":{\"name\":\"Gregory Quintana Montiel\",\"@id\":\"https:\/\/noti-america.com\/site\/ecuador\/#\/schema\/person\/3b975e42f15abfe64bfe3abdd916efda\"},\"headline\":\"Vacunaci\u00f3n enrumbada \u00bfy ahora qu\u00e9?\",\"datePublished\":\"2021-08-18T03:34:03+00:00\",\"dateModified\":\"2021-08-18T03:34:04+00:00\",\"mainEntityOfPage\":{\"@id\":\"https:\/\/noti-america.com\/site\/ecuador\/2021\/08\/18\/vacunacion-enrumbada-y-ahora-que\/\"},\"wordCount\":563,\"commentCount\":0,\"publisher\":{\"@id\":\"https:\/\/noti-america.com\/site\/ecuador\/#organization\"},\"image\":{\"@id\":\"https:\/\/noti-america.com\/site\/ecuador\/2021\/08\/18\/vacunacion-enrumbada-y-ahora-que\/#primaryimage\"},\"thumbnailUrl\":\"https:\/\/noti-america.com\/site\/ecuador\/wp-content\/uploads\/sites\/18\/2021\/04\/Ing-Gonzalo-Gomez-Landires-300x300.jpg\",\"articleSection\":[\"Articulo\"],\"inLanguage\":\"es\",\"potentialAction\":[{\"@type\":\"CommentAction\",\"name\":\"Comment\",\"target\":[\"https:\/\/noti-america.com\/site\/ecuador\/2021\/08\/18\/vacunacion-enrumbada-y-ahora-que\/#respond\"]}]},{\"@type\":\"WebPage\",\"@id\":\"https:\/\/noti-america.com\/site\/ecuador\/2021\/08\/18\/vacunacion-enrumbada-y-ahora-que\/\",\"url\":\"https:\/\/noti-america.com\/site\/ecuador\/2021\/08\/18\/vacunacion-enrumbada-y-ahora-que\/\",\"name\":\"Vacunaci\u00f3n enrumbada \u00bfy ahora qu\u00e9? - Ecuador | Noti-America.com\",\"isPartOf\":{\"@id\":\"https:\/\/noti-america.com\/site\/ecuador\/#website\"},\"primaryImageOfPage\":{\"@id\":\"https:\/\/noti-america.com\/site\/ecuador\/2021\/08\/18\/vacunacion-enrumbada-y-ahora-que\/#primaryimage\"},\"image\":{\"@id\":\"https:\/\/noti-america.com\/site\/ecuador\/2021\/08\/18\/vacunacion-enrumbada-y-ahora-que\/#primaryimage\"},\"thumbnailUrl\":\"https:\/\/noti-america.com\/site\/ecuador\/wp-content\/uploads\/sites\/18\/2021\/04\/Ing-Gonzalo-Gomez-Landires-300x300.jpg\",\"datePublished\":\"2021-08-18T03:34:03+00:00\",\"dateModified\":\"2021-08-18T03:34:04+00:00\",\"breadcrumb\":{\"@id\":\"https:\/\/noti-america.com\/site\/ecuador\/2021\/08\/18\/vacunacion-enrumbada-y-ahora-que\/#breadcrumb\"},\"inLanguage\":\"es\",\"potentialAction\":[{\"@type\":\"ReadAction\",\"target\":[\"https:\/\/noti-america.com\/site\/ecuador\/2021\/08\/18\/vacunacion-enrumbada-y-ahora-que\/\"]}]},{\"@type\":\"ImageObject\",\"inLanguage\":\"es\",\"@id\":\"https:\/\/noti-america.com\/site\/ecuador\/2021\/08\/18\/vacunacion-enrumbada-y-ahora-que\/#primaryimage\",\"url\":\"https:\/\/noti-america.com\/site\/ecuador\/wp-content\/uploads\/sites\/18\/2021\/04\/Ing-Gonzalo-Gomez-Landires-300x300.jpg\",\"contentUrl\":\"https:\/\/noti-america.com\/site\/ecuador\/wp-content\/uploads\/sites\/18\/2021\/04\/Ing-Gonzalo-Gomez-Landires-300x300.jpg\"},{\"@type\":\"BreadcrumbList\",\"@id\":\"https:\/\/noti-america.com\/site\/ecuador\/2021\/08\/18\/vacunacion-enrumbada-y-ahora-que\/#breadcrumb\",\"itemListElement\":[{\"@type\":\"ListItem\",\"position\":1,\"name\":\"Portada\",\"item\":\"https:\/\/noti-america.com\/site\/ecuador\/\"},{\"@type\":\"ListItem\",\"position\":2,\"name\":\"Vacunaci\u00f3n enrumbada \u00bfy ahora qu\u00e9?\"}]},{\"@type\":\"WebSite\",\"@id\":\"https:\/\/noti-america.com\/site\/ecuador\/#website\",\"url\":\"https:\/\/noti-america.com\/site\/ecuador\/\",\"name\":\"Ecuador | Noti-America.com\",\"description\":\"\",\"publisher\":{\"@id\":\"https:\/\/noti-america.com\/site\/ecuador\/#organization\"},\"potentialAction\":[{\"@type\":\"SearchAction\",\"target\":{\"@type\":\"EntryPoint\",\"urlTemplate\":\"https:\/\/noti-america.com\/site\/ecuador\/?s={search_term_string}\"},\"query-input\":{\"@type\":\"PropertyValueSpecification\",\"valueRequired\":true,\"valueName\":\"search_term_string\"}}],\"inLanguage\":\"es\"},{\"@type\":\"Organization\",\"@id\":\"https:\/\/noti-america.com\/site\/ecuador\/#organization\",\"name\":\"Noti-America LLC | Ecuador\",\"url\":\"https:\/\/noti-america.com\/site\/ecuador\/\",\"logo\":{\"@type\":\"ImageObject\",\"inLanguage\":\"es\",\"@id\":\"https:\/\/noti-america.com\/site\/ecuador\/#\/schema\/logo\/image\/\",\"url\":\"https:\/\/noti-america.com\/site\/ecuador\/wp-content\/uploads\/sites\/18\/2020\/07\/LogoNA-4x3-1.jpg\",\"contentUrl\":\"https:\/\/noti-america.com\/site\/ecuador\/wp-content\/uploads\/sites\/18\/2020\/07\/LogoNA-4x3-1.jpg\",\"width\":1236,\"height\":1080,\"caption\":\"Noti-America LLC | Ecuador\"},\"image\":{\"@id\":\"https:\/\/noti-america.com\/site\/ecuador\/#\/schema\/logo\/image\/\"},\"sameAs\":[\"https:\/\/x.com\/notiamerica\"]},{\"@type\":\"Person\",\"@id\":\"https:\/\/noti-america.com\/site\/ecuador\/#\/schema\/person\/3b975e42f15abfe64bfe3abdd916efda\",\"name\":\"Gregory Quintana Montiel\",\"image\":{\"@type\":\"ImageObject\",\"inLanguage\":\"es\",\"@id\":\"https:\/\/secure.gravatar.com\/avatar\/2d6b802f7720c2ec7744dcbe608cc2f3417aeb964d58b443c6d612b77531de1d?s=96&d=mm&r=g\",\"url\":\"https:\/\/secure.gravatar.com\/avatar\/2d6b802f7720c2ec7744dcbe608cc2f3417aeb964d58b443c6d612b77531de1d?s=96&d=mm&r=g\",\"contentUrl\":\"https:\/\/secure.gravatar.com\/avatar\/2d6b802f7720c2ec7744dcbe608cc2f3417aeb964d58b443c6d612b77531de1d?s=96&d=mm&r=g\",\"caption\":\"Gregory Quintana Montiel\"},\"description\":\"Licenciatura en Ciencias de la Comunicaci\u00f3n Social, egresado en la Especializaci\u00f3n Derecho Ambiental Desarrollo Sostenible y Sustentable, Miembro de la Comunidad de profesionales y experto para Latinoam\u00e9rica y el Caribe en Gesti\u00f3n por Resultado en el Desarrollo (COPLAC - GpRD) del Banco Interamericano de Desarrollo, experiencia en medios radiales y escritos.\",\"sameAs\":[\"https:\/\/x.com\/gdgregori1\",\"gquintana\"],\"url\":\"https:\/\/noti-america.com\/site\/ecuador\/author\/gquintana\/\"}]}<\/script>\n<!-- \/ Yoast SEO Premium plugin. -->","yoast_head_json":{"title":"Vacunaci\u00f3n enrumbada \u00bfy ahora qu\u00e9? - Ecuador | Noti-America.com","robots":{"index":"index","follow":"follow","max-snippet":"max-snippet:-1","max-image-preview":"max-image-preview:large","max-video-preview":"max-video-preview:-1"},"canonical":"https:\/\/noti-america.com\/site\/ecuador\/2021\/08\/18\/vacunacion-enrumbada-y-ahora-que\/","og_locale":"es_ES","og_type":"article","og_title":"Vacunaci\u00f3n enrumbada \u00bfy ahora qu\u00e9?","og_description":"REDACCI\u00d3N NOTI AM\u00c9RICA (ECUADOR) Incluso antes que termine el programa de vacunaci\u00f3n, a todas luces exitoso, el presidente no baja las revoluciones y ya adelant\u00f3 que est\u00e1 listo para enfrentar el segundo gran reto&#46;&#46;&#46;","og_url":"https:\/\/noti-america.com\/site\/ecuador\/2021\/08\/18\/vacunacion-enrumbada-y-ahora-que\/","og_site_name":"Ecuador | Noti-America.com","article_published_time":"2021-08-18T03:34:03+00:00","article_modified_time":"2021-08-18T03:34:04+00:00","og_image":[{"url":"https:\/\/noti-america.com\/site\/ecuador\/wp-content\/uploads\/sites\/18\/2021\/04\/Ing-Gonzalo-Gomez-Landires-300x300.jpg","type":"","width":"","height":""}],"author":"Gregory Quintana Montiel","twitter_card":"summary_large_image","twitter_creator":"@gdgregori1","twitter_site":"@notiamerica","twitter_misc":{"Escrito por":"Gregory Quintana Montiel","Tiempo estimado de lectura":"3 minutos"},"schema":{"@context":"https:\/\/schema.org","@graph":[{"@type":"Article","@id":"https:\/\/noti-america.com\/site\/ecuador\/2021\/08\/18\/vacunacion-enrumbada-y-ahora-que\/#article","isPartOf":{"@id":"https:\/\/noti-america.com\/site\/ecuador\/2021\/08\/18\/vacunacion-enrumbada-y-ahora-que\/"},"author":{"name":"Gregory Quintana Montiel","@id":"https:\/\/noti-america.com\/site\/ecuador\/#\/schema\/person\/3b975e42f15abfe64bfe3abdd916efda"},"headline":"Vacunaci\u00f3n enrumbada \u00bfy ahora qu\u00e9?","datePublished":"2021-08-18T03:34:03+00:00","dateModified":"2021-08-18T03:34:04+00:00","mainEntityOfPage":{"@id":"https:\/\/noti-america.com\/site\/ecuador\/2021\/08\/18\/vacunacion-enrumbada-y-ahora-que\/"},"wordCount":563,"commentCount":0,"publisher":{"@id":"https:\/\/noti-america.com\/site\/ecuador\/#organization"},"image":{"@id":"https:\/\/noti-america.com\/site\/ecuador\/2021\/08\/18\/vacunacion-enrumbada-y-ahora-que\/#primaryimage"},"thumbnailUrl":"https:\/\/noti-america.com\/site\/ecuador\/wp-content\/uploads\/sites\/18\/2021\/04\/Ing-Gonzalo-Gomez-Landires-300x300.jpg","articleSection":["Articulo"],"inLanguage":"es","potentialAction":[{"@type":"CommentAction","name":"Comment","target":["https:\/\/noti-america.com\/site\/ecuador\/2021\/08\/18\/vacunacion-enrumbada-y-ahora-que\/#respond"]}]},{"@type":"WebPage","@id":"https:\/\/noti-america.com\/site\/ecuador\/2021\/08\/18\/vacunacion-enrumbada-y-ahora-que\/","url":"https:\/\/noti-america.com\/site\/ecuador\/2021\/08\/18\/vacunacion-enrumbada-y-ahora-que\/","name":"Vacunaci\u00f3n enrumbada \u00bfy ahora qu\u00e9? - Ecuador | Noti-America.com","isPartOf":{"@id":"https:\/\/noti-america.com\/site\/ecuador\/#website"},"primaryImageOfPage":{"@id":"https:\/\/noti-america.com\/site\/ecuador\/2021\/08\/18\/vacunacion-enrumbada-y-ahora-que\/#primaryimage"},"image":{"@id":"https:\/\/noti-america.com\/site\/ecuador\/2021\/08\/18\/vacunacion-enrumbada-y-ahora-que\/#primaryimage"},"thumbnailUrl":"https:\/\/noti-america.com\/site\/ecuador\/wp-content\/uploads\/sites\/18\/2021\/04\/Ing-Gonzalo-Gomez-Landires-300x300.jpg","datePublished":"2021-08-18T03:34:03+00:00","dateModified":"2021-08-18T03:34:04+00:00","breadcrumb":{"@id":"https:\/\/noti-america.com\/site\/ecuador\/2021\/08\/18\/vacunacion-enrumbada-y-ahora-que\/#breadcrumb"},"inLanguage":"es","potentialAction":[{"@type":"ReadAction","target":["https:\/\/noti-america.com\/site\/ecuador\/2021\/08\/18\/vacunacion-enrumbada-y-ahora-que\/"]}]},{"@type":"ImageObject","inLanguage":"es","@id":"https:\/\/noti-america.com\/site\/ecuador\/2021\/08\/18\/vacunacion-enrumbada-y-ahora-que\/#primaryimage","url":"https:\/\/noti-america.com\/site\/ecuador\/wp-content\/uploads\/sites\/18\/2021\/04\/Ing-Gonzalo-Gomez-Landires-300x300.jpg","contentUrl":"https:\/\/noti-america.com\/site\/ecuador\/wp-content\/uploads\/sites\/18\/2021\/04\/Ing-Gonzalo-Gomez-Landires-300x300.jpg"},{"@type":"BreadcrumbList","@id":"https:\/\/noti-america.com\/site\/ecuador\/2021\/08\/18\/vacunacion-enrumbada-y-ahora-que\/#breadcrumb","itemListElement":[{"@type":"ListItem","position":1,"name":"Portada","item":"https:\/\/noti-america.com\/site\/ecuador\/"},{"@type":"ListItem","position":2,"name":"Vacunaci\u00f3n enrumbada \u00bfy ahora qu\u00e9?"}]},{"@type":"WebSite","@id":"https:\/\/noti-america.com\/site\/ecuador\/#website","url":"https:\/\/noti-america.com\/site\/ecuador\/","name":"Ecuador | Noti-America.com","description":"","publisher":{"@id":"https:\/\/noti-america.com\/site\/ecuador\/#organization"},"potentialAction":[{"@type":"SearchAction","target":{"@type":"EntryPoint","urlTemplate":"https:\/\/noti-america.com\/site\/ecuador\/?s={search_term_string}"},"query-input":{"@type":"PropertyValueSpecification","valueRequired":true,"valueName":"search_term_string"}}],"inLanguage":"es"},{"@type":"Organization","@id":"https:\/\/noti-america.com\/site\/ecuador\/#organization","name":"Noti-America LLC | Ecuador","url":"https:\/\/noti-america.com\/site\/ecuador\/","logo":{"@type":"ImageObject","inLanguage":"es","@id":"https:\/\/noti-america.com\/site\/ecuador\/#\/schema\/logo\/image\/","url":"https:\/\/noti-america.com\/site\/ecuador\/wp-content\/uploads\/sites\/18\/2020\/07\/LogoNA-4x3-1.jpg","contentUrl":"https:\/\/noti-america.com\/site\/ecuador\/wp-content\/uploads\/sites\/18\/2020\/07\/LogoNA-4x3-1.jpg","width":1236,"height":1080,"caption":"Noti-America LLC | Ecuador"},"image":{"@id":"https:\/\/noti-america.com\/site\/ecuador\/#\/schema\/logo\/image\/"},"sameAs":["https:\/\/x.com\/notiamerica"]},{"@type":"Person","@id":"https:\/\/noti-america.com\/site\/ecuador\/#\/schema\/person\/3b975e42f15abfe64bfe3abdd916efda","name":"Gregory Quintana Montiel","image":{"@type":"ImageObject","inLanguage":"es","@id":"https:\/\/secure.gravatar.com\/avatar\/2d6b802f7720c2ec7744dcbe608cc2f3417aeb964d58b443c6d612b77531de1d?s=96&d=mm&r=g","url":"https:\/\/secure.gravatar.com\/avatar\/2d6b802f7720c2ec7744dcbe608cc2f3417aeb964d58b443c6d612b77531de1d?s=96&d=mm&r=g","contentUrl":"https:\/\/secure.gravatar.com\/avatar\/2d6b802f7720c2ec7744dcbe608cc2f3417aeb964d58b443c6d612b77531de1d?s=96&d=mm&r=g","caption":"Gregory Quintana Montiel"},"description":"Licenciatura en Ciencias de la Comunicaci\u00f3n Social, egresado en la Especializaci\u00f3n Derecho Ambiental Desarrollo Sostenible y Sustentable, Miembro de la Comunidad de profesionales y experto para Latinoam\u00e9rica y el Caribe en Gesti\u00f3n por Resultado en el Desarrollo (COPLAC - GpRD) del Banco Interamericano de Desarrollo, experiencia en medios radiales y escritos.","sameAs":["https:\/\/x.com\/gdgregori1","gquintana"],"url":"https:\/\/noti-america.com\/site\/ecuador\/author\/gquintana\/"}]}},"_links":{"self":[{"href":"https:\/\/noti-america.com\/site\/ecuador\/wp-json\/wp\/v2\/posts\/15872","targetHints":{"allow":["GET"]}}],"collection":[{"href":"https:\/\/noti-america.com\/site\/ecuador\/wp-json\/wp\/v2\/posts"}],"about":[{"href":"https:\/\/noti-america.com\/site\/ecuador\/wp-json\/wp\/v2\/types\/post"}],"author":[{"embeddable":true,"href":"https:\/\/noti-america.com\/site\/ecuador\/wp-json\/wp\/v2\/users\/17"}],"replies":[{"embeddable":true,"href":"https:\/\/noti-america.com\/site\/ecuador\/wp-json\/wp\/v2\/comments?post=15872"}],"version-history":[{"count":1,"href":"https:\/\/noti-america.com\/site\/ecuador\/wp-json\/wp\/v2\/posts\/15872\/revisions"}],"predecessor-version":[{"id":15873,"href":"https:\/\/noti-america.com\/site\/ecuador\/wp-json\/wp\/v2\/posts\/15872\/revisions\/15873"}],"wp:attachment":[{"href":"https:\/\/noti-america.com\/site\/ecuador\/wp-json\/wp\/v2\/media?parent=15872"}],"wp:term":[{"taxonomy":"category","embeddable":true,"href":"https:\/\/noti-america.com\/site\/ecuador\/wp-json\/wp\/v2\/categories?post=15872"},{"taxonomy":"post_tag","embeddable":true,"href":"https:\/\/noti-america.com\/site\/ecuador\/wp-json\/wp\/v2\/tags?post=15872"}],"curies":[{"name":"wp","href":"https:\/\/api.w.org\/{rel}","templated":true}]}}