{"id":15835,"date":"2021-08-17T02:31:28","date_gmt":"2021-08-17T02:31:28","guid":{"rendered":"https:\/\/noti-america.com\/site\/ecuador\/?p=15835"},"modified":"2021-08-18T02:37:46","modified_gmt":"2021-08-18T02:37:46","slug":"con-inauguracion-de-obras-playas-celebro-sus-32-anos-de-cantonizacion","status":"publish","type":"post","link":"https:\/\/noti-america.com\/site\/ecuador\/2021\/08\/17\/con-inauguracion-de-obras-playas-celebro-sus-32-anos-de-cantonizacion\/","title":{"rendered":"Con inauguraci\u00f3n de obras Playas celebr\u00f3 sus 32 a\u00f1os de cantonizaci\u00f3n"},"content":{"rendered":"<p>REDACCI\u00d3N NOTI AM\u00c9RICA (ECUADOR)<\/p>\n<p style=\"text-align: justify\"><img loading=\"lazy\" decoding=\"async\" class=\"aligncenter size-medium wp-image-15842\" src=\"https:\/\/noti-america.com\/site\/ecuador\/wp-content\/uploads\/sites\/18\/2021\/08\/Cantonizacion-de-Playas-1.jpg\" alt=\"\" width=\"1\" height=\"1\" \/><img loading=\"lazy\" decoding=\"async\" class=\"aligncenter size-medium wp-image-15842\" src=\"https:\/\/noti-america.com\/site\/ecuador\/wp-content\/uploads\/sites\/18\/2021\/08\/Cantonizacion-de-Playas-1.jpg\" alt=\"\" width=\"1\" height=\"1\" \/><img loading=\"lazy\" decoding=\"async\" class=\"aligncenter size-medium wp-image-15842\" src=\"https:\/\/noti-america.com\/site\/ecuador\/wp-content\/uploads\/sites\/18\/2021\/08\/Cantonizacion-de-Playas-1.jpg\" alt=\"\" width=\"1\" height=\"1\" \/>En 1960, varios pobladores de General Villamil, impulsaron el primer proyecto para la conformaci\u00f3n del cant\u00f3n y aunque no ocurri\u00f3 lo esperado, en 1970, se volvi\u00f3 a discutir de este tema. La cantonizaci\u00f3n de Playas fue una lucha C\u00edvica Patri\u00f3tica que tuvo como gestores algunos personajes, en las distintas \u00e9pocas de la existencia de Playas, as\u00ed en los a\u00f1os de 1.969, el Sr. Rafael Guerrero Valenzuela dio la idea y luego tambi\u00e9n el Ab. Zen\u00f3n Mac\u00edas Tomal\u00e1 en los a\u00f1os 1.972, con la ayuda de la Asociaci\u00f3n de Estudiantes Universitarios que la integraban los egresados de ingeniera. Gabino De la A Escalante, el Dr. H\u00e9ctor Onsh\u00f3n Onsh\u00f3n, etc. de igual manera pidi\u00f3 ayuda a los dirigentes barriales y de instituciones que se reun\u00edan en el cuerpo de Bomberos de Playas, en una de las reuniones se acord\u00f3 recaudar fondos, con la venta de bonos Patri\u00f3ticos que serv\u00edan para financiar el proyecto.<\/p>\n<p style=\"text-align: justify\">El 21 de febrero de 1988 el Dr. H\u00e9ctor Onsh\u00f3n Onsh\u00f3n renuncia con car\u00e1cter irrevocable a la presidencia del Comit\u00e9 Pro-cantonizaci\u00f3n, ante los miembros, y en esa misma noche los integrantes del comit\u00e9 eligen una nueva directiva quedando integrada de la siguiente manera: Arq. Gabino De la A Escalante, presidente, Tlgo. Pesq. David Garc\u00eda Escalante, vicepresidente, el Sr. Mart\u00edn Armando Cresp\u00edn Eugenio, tesorero; al Sr. Patricio Quinteros Quinde, como secretario.<\/p>\n<p style=\"text-align: justify\">Para\u00a01984\u00a0se organiz\u00f3 un comit\u00e9 que logr\u00f3 la aprobaci\u00f3n del proyecto en primera instancia, sin embargo surgi\u00f3 una oposici\u00f3n que impidi\u00f3 el proyecto. El\u00a021 de febrero\u00a0de\u00a01986\u00a0se form\u00f3 un nuevo comit\u00e9 de cantonizaci\u00f3n, excluyendo del proyecto a las parroquias\u00a0Posorja\u00a0y\u00a0El Morro. el\u00a02 de agosto\u00a0de\u00a0<b>1989<\/b>\u00a0el antiguo\u00a0Congreso Nacional del Ecuador\u00a0aprob\u00f3 el proyecto y el\u00a0<b>15 de agosto<\/b>\u00a0del mismo a\u00f1o, el presidente\u00a0Rodrigo Borja\u00a0firm\u00f3 el ejec\u00fatese, quedando Playas cantonizado mediante Decreto Ejecutivo n.\u00ba 253 publicado en el Registro Oficial el 5 de agosto de 1989; el Abg.\u00a0Antonio Gagliardo\u00a0se hizo presente en Playas en una asamblea p\u00fablica en el parque central, para manifestarle personalmente al pueblo de la aprobaci\u00f3n del Proyecto y su compromiso de interceder ante el Sr. Presidente de la Rep\u00fablica Dr. Rodrigo Borja Cevallos para que firme el decreto y se publique en el Registro Oficial.<\/p>\n<p style=\"text-align: justify\">Seg\u00fan las proyecciones de poblaci\u00f3n cantonales del INEC 2010 \u2013 2020, el Cant\u00f3n Playas, cuenta con una poblaci\u00f3n de 49.311 habitantes. Cuenta con 14 km de extensas playas, que es uno de sus principales atractivos tur\u00edsticos para los turistas nacionales y extranjeros por ser un sitio apacible para compartir en familia.<\/p>\n<p style=\"text-align: justify\"><img loading=\"lazy\" decoding=\"async\" class=\"aligncenter size-medium wp-image-15842\" src=\"https:\/\/noti-america.com\/site\/ecuador\/wp-content\/uploads\/sites\/18\/2021\/08\/Cantonizacion-de-Playas-1.jpg\" alt=\"\" width=\"1\" height=\"1\" \/>Manuel Mite alcalde de Playas, manifiesta que playa en poco tiempo, ser\u00e1 una ciudad pr\u00f3spera y segura, con un territorio ordenado, equilibrado y posicionado competitivamente en el escenario nacional; cumpliendo un rol estrat\u00e9gico y articulador regional y nacional, en donde se practica la justicia, bajo principios de equidad e igualdad y se rescata la identidad las culturas, a partir de una agenda de pol\u00edticas p\u00fablicas incluyentes basadas en el aporte ciudadano de sus l\u00edderes urbanos y rurales y en un modelo de cogesti\u00f3n y corresponsabilidad hacia el Buen Vivir.<\/p>\n<p>El 82% de la poblaci\u00f3n del cant\u00f3n de Playas ya est\u00e1n vacunada, esto porque el alcalde Mite firm\u00f3 un convenio de cooperaci\u00f3n interinstitucional con el Ministerio de Salud el mismo que ayud\u00f3 a facilitar el trabajo de los funcionarios del GAD.<\/p>\n<p style=\"text-align: justify\">En la sesi\u00f3n solemne por los 32 a\u00f1os de cantonizaci\u00f3n del cant\u00f3n, el alcalde Mite manifest\u00f3 que Playas est\u00e1 preparada para la inversi\u00f3n extranjera y para ello han trabajado con los Concejales en ordenanzas que ayuden a dar seguridad Jurica a los inversionistas, caminamos hacia una econom\u00eda sustentable\u00a0 y ello nos ayudar\u00e1 mejorar la calidad de vida de nuestro conciudadanos.<\/p>\n<p style=\"text-align: justify\">En estos dos a\u00f1os hemos trabajado en proyectos que van ayudar a cambiar la historia de nuestro Cant\u00f3n: en el \u00e1mbito educativo hemos reaperturado la Universidad de Playas con una inversi\u00f3n de 500 mil d\u00f3lares, Coliseo polideportivo con un precio aproximado de 400 mil d\u00f3lares, Unidad M\u00f3vil de salud con una inversi\u00f3n de 65 mil d\u00f3lares, Plaza Gastron\u00f3mica con una inversi\u00f3n aproximada de 370 mil d\u00f3lares, Segunda Etapa del malec\u00f3n con una inversi\u00f3n de 1&#8217;100.000, Centro de Recreaci\u00f3n con una inversi\u00f3n aproximada de 440 mil d\u00f3lares entre otras, manifest\u00f3 el alcalde Mite.<\/p>\n<p style=\"text-align: justify\">Para finalizar su intervenci\u00f3n el alcalde manifest\u00f3 que seguir\u00e1 trabajando por mejorar las condiciones de vida de los habitantes de su querido cant\u00f3n y para ello se ha trabajo en fomentar la inversi\u00f3n privada y por eso en los pr\u00f3ximos meses en Playas se comenzar\u00e1 a construir el primer hotel cinco estrellas.<\/p>\n","protected":false},"excerpt":{"rendered":"<p>REDACCI\u00d3N NOTI AM\u00c9RICA (ECUADOR) En 1960, varios pobladores de General Villamil, impulsaron el primer proyecto para la conformaci\u00f3n del cant\u00f3n y aunque no ocurri\u00f3 lo esperado, en 1970, se volvi\u00f3 a discutir de este&#46;&#46;&#46;<\/p>\n","protected":false},"author":17,"featured_media":15837,"comment_status":"open","ping_status":"open","sticky":false,"template":"","format":"standard","meta":{"_acf_changed":false,"om_disable_all_campaigns":false,"rop_custom_images_group":[],"rop_custom_messages_group":[],"rop_publish_now":"initial","rop_publish_now_accounts":{"twitter_242054905_242054905":""},"rop_publish_now_history":[],"rop_publish_now_status":"pending","_uf_show_specific_survey":0,"_uf_disable_surveys":false,"footnotes":""},"categories":[36],"tags":[],"class_list":["post-15835","post","type-post","status-publish","format-standard","has-post-thumbnail","hentry","category-turismo"],"acf":[],"aioseo_notices":[],"yoast_head":"<!-- This site is optimized with the Yoast SEO Premium plugin v24.9 (Yoast SEO v27.2) - https:\/\/yoast.com\/product\/yoast-seo-premium-wordpress\/ -->\n<title>Con inauguraci\u00f3n de obras Playas celebr\u00f3 sus 32 a\u00f1os de cantonizaci\u00f3n - Ecuador | Noti-America.com<\/title>\n<meta name=\"robots\" content=\"index, follow, max-snippet:-1, max-image-preview:large, max-video-preview:-1\" \/>\n<link rel=\"canonical\" href=\"https:\/\/noti-america.com\/site\/ecuador\/2021\/08\/17\/con-inauguracion-de-obras-playas-celebro-sus-32-anos-de-cantonizacion\/\" \/>\n<meta property=\"og:locale\" content=\"es_ES\" \/>\n<meta property=\"og:type\" content=\"article\" \/>\n<meta property=\"og:title\" content=\"Con inauguraci\u00f3n de obras Playas celebr\u00f3 sus 32 a\u00f1os de cantonizaci\u00f3n\" \/>\n<meta property=\"og:description\" content=\"REDACCI\u00d3N NOTI AM\u00c9RICA (ECUADOR) En 1960, varios pobladores de General Villamil, impulsaron el primer proyecto para la conformaci\u00f3n del cant\u00f3n y aunque no ocurri\u00f3 lo esperado, en 1970, se volvi\u00f3 a discutir de este&#046;&#046;&#046;\" \/>\n<meta property=\"og:url\" content=\"https:\/\/noti-america.com\/site\/ecuador\/2021\/08\/17\/con-inauguracion-de-obras-playas-celebro-sus-32-anos-de-cantonizacion\/\" \/>\n<meta property=\"og:site_name\" content=\"Ecuador | Noti-America.com\" \/>\n<meta property=\"article:published_time\" content=\"2021-08-17T02:31:28+00:00\" \/>\n<meta property=\"article:modified_time\" content=\"2021-08-18T02:37:46+00:00\" \/>\n<meta property=\"og:image\" content=\"https:\/\/noti-america.com\/site\/ecuador\/wp-content\/uploads\/sites\/18\/2021\/08\/Alcalde-de-Playas-1.jpg\" \/>\n\t<meta property=\"og:image:width\" content=\"1\" \/>\n\t<meta property=\"og:image:height\" content=\"1\" \/>\n\t<meta property=\"og:image:type\" content=\"image\/jpeg\" \/>\n<meta name=\"author\" content=\"Gregory Quintana Montiel\" \/>\n<meta name=\"twitter:card\" content=\"summary_large_image\" \/>\n<meta name=\"twitter:creator\" content=\"@gdgregori1\" \/>\n<meta name=\"twitter:site\" content=\"@notiamerica\" \/>\n<meta name=\"twitter:label1\" content=\"Escrito por\" \/>\n\t<meta name=\"twitter:data1\" content=\"Gregory Quintana Montiel\" \/>\n\t<meta name=\"twitter:label2\" content=\"Tiempo estimado de lectura\" \/>\n\t<meta name=\"twitter:data2\" content=\"4 minutos\" \/>\n<script type=\"application\/ld+json\" class=\"yoast-schema-graph\">{\"@context\":\"https:\/\/schema.org\",\"@graph\":[{\"@type\":\"Article\",\"@id\":\"https:\/\/noti-america.com\/site\/ecuador\/2021\/08\/17\/con-inauguracion-de-obras-playas-celebro-sus-32-anos-de-cantonizacion\/#article\",\"isPartOf\":{\"@id\":\"https:\/\/noti-america.com\/site\/ecuador\/2021\/08\/17\/con-inauguracion-de-obras-playas-celebro-sus-32-anos-de-cantonizacion\/\"},\"author\":{\"name\":\"Gregory Quintana Montiel\",\"@id\":\"https:\/\/noti-america.com\/site\/ecuador\/#\/schema\/person\/3b975e42f15abfe64bfe3abdd916efda\"},\"headline\":\"Con inauguraci\u00f3n de obras Playas celebr\u00f3 sus 32 a\u00f1os de cantonizaci\u00f3n\",\"datePublished\":\"2021-08-17T02:31:28+00:00\",\"dateModified\":\"2021-08-18T02:37:46+00:00\",\"mainEntityOfPage\":{\"@id\":\"https:\/\/noti-america.com\/site\/ecuador\/2021\/08\/17\/con-inauguracion-de-obras-playas-celebro-sus-32-anos-de-cantonizacion\/\"},\"wordCount\":822,\"commentCount\":0,\"publisher\":{\"@id\":\"https:\/\/noti-america.com\/site\/ecuador\/#organization\"},\"image\":{\"@id\":\"https:\/\/noti-america.com\/site\/ecuador\/2021\/08\/17\/con-inauguracion-de-obras-playas-celebro-sus-32-anos-de-cantonizacion\/#primaryimage\"},\"thumbnailUrl\":\"https:\/\/noti-america.com\/site\/ecuador\/wp-content\/uploads\/sites\/18\/2021\/08\/Alcalde-de-Playas-1.jpg\",\"articleSection\":[\"Turismo\"],\"inLanguage\":\"es\",\"potentialAction\":[{\"@type\":\"CommentAction\",\"name\":\"Comment\",\"target\":[\"https:\/\/noti-america.com\/site\/ecuador\/2021\/08\/17\/con-inauguracion-de-obras-playas-celebro-sus-32-anos-de-cantonizacion\/#respond\"]}]},{\"@type\":\"WebPage\",\"@id\":\"https:\/\/noti-america.com\/site\/ecuador\/2021\/08\/17\/con-inauguracion-de-obras-playas-celebro-sus-32-anos-de-cantonizacion\/\",\"url\":\"https:\/\/noti-america.com\/site\/ecuador\/2021\/08\/17\/con-inauguracion-de-obras-playas-celebro-sus-32-anos-de-cantonizacion\/\",\"name\":\"Con inauguraci\u00f3n de obras Playas celebr\u00f3 sus 32 a\u00f1os de cantonizaci\u00f3n - Ecuador | Noti-America.com\",\"isPartOf\":{\"@id\":\"https:\/\/noti-america.com\/site\/ecuador\/#website\"},\"primaryImageOfPage\":{\"@id\":\"https:\/\/noti-america.com\/site\/ecuador\/2021\/08\/17\/con-inauguracion-de-obras-playas-celebro-sus-32-anos-de-cantonizacion\/#primaryimage\"},\"image\":{\"@id\":\"https:\/\/noti-america.com\/site\/ecuador\/2021\/08\/17\/con-inauguracion-de-obras-playas-celebro-sus-32-anos-de-cantonizacion\/#primaryimage\"},\"thumbnailUrl\":\"https:\/\/noti-america.com\/site\/ecuador\/wp-content\/uploads\/sites\/18\/2021\/08\/Alcalde-de-Playas-1.jpg\",\"datePublished\":\"2021-08-17T02:31:28+00:00\",\"dateModified\":\"2021-08-18T02:37:46+00:00\",\"breadcrumb\":{\"@id\":\"https:\/\/noti-america.com\/site\/ecuador\/2021\/08\/17\/con-inauguracion-de-obras-playas-celebro-sus-32-anos-de-cantonizacion\/#breadcrumb\"},\"inLanguage\":\"es\",\"potentialAction\":[{\"@type\":\"ReadAction\",\"target\":[\"https:\/\/noti-america.com\/site\/ecuador\/2021\/08\/17\/con-inauguracion-de-obras-playas-celebro-sus-32-anos-de-cantonizacion\/\"]}]},{\"@type\":\"ImageObject\",\"inLanguage\":\"es\",\"@id\":\"https:\/\/noti-america.com\/site\/ecuador\/2021\/08\/17\/con-inauguracion-de-obras-playas-celebro-sus-32-anos-de-cantonizacion\/#primaryimage\",\"url\":\"https:\/\/noti-america.com\/site\/ecuador\/wp-content\/uploads\/sites\/18\/2021\/08\/Alcalde-de-Playas-1.jpg\",\"contentUrl\":\"https:\/\/noti-america.com\/site\/ecuador\/wp-content\/uploads\/sites\/18\/2021\/08\/Alcalde-de-Playas-1.jpg\",\"caption\":\"smart\"},{\"@type\":\"BreadcrumbList\",\"@id\":\"https:\/\/noti-america.com\/site\/ecuador\/2021\/08\/17\/con-inauguracion-de-obras-playas-celebro-sus-32-anos-de-cantonizacion\/#breadcrumb\",\"itemListElement\":[{\"@type\":\"ListItem\",\"position\":1,\"name\":\"Portada\",\"item\":\"https:\/\/noti-america.com\/site\/ecuador\/\"},{\"@type\":\"ListItem\",\"position\":2,\"name\":\"Con inauguraci\u00f3n de obras Playas celebr\u00f3 sus 32 a\u00f1os de cantonizaci\u00f3n\"}]},{\"@type\":\"WebSite\",\"@id\":\"https:\/\/noti-america.com\/site\/ecuador\/#website\",\"url\":\"https:\/\/noti-america.com\/site\/ecuador\/\",\"name\":\"Ecuador | Noti-America.com\",\"description\":\"\",\"publisher\":{\"@id\":\"https:\/\/noti-america.com\/site\/ecuador\/#organization\"},\"potentialAction\":[{\"@type\":\"SearchAction\",\"target\":{\"@type\":\"EntryPoint\",\"urlTemplate\":\"https:\/\/noti-america.com\/site\/ecuador\/?s={search_term_string}\"},\"query-input\":{\"@type\":\"PropertyValueSpecification\",\"valueRequired\":true,\"valueName\":\"search_term_string\"}}],\"inLanguage\":\"es\"},{\"@type\":\"Organization\",\"@id\":\"https:\/\/noti-america.com\/site\/ecuador\/#organization\",\"name\":\"Noti-America LLC | Ecuador\",\"url\":\"https:\/\/noti-america.com\/site\/ecuador\/\",\"logo\":{\"@type\":\"ImageObject\",\"inLanguage\":\"es\",\"@id\":\"https:\/\/noti-america.com\/site\/ecuador\/#\/schema\/logo\/image\/\",\"url\":\"https:\/\/noti-america.com\/site\/ecuador\/wp-content\/uploads\/sites\/18\/2020\/07\/LogoNA-4x3-1.jpg\",\"contentUrl\":\"https:\/\/noti-america.com\/site\/ecuador\/wp-content\/uploads\/sites\/18\/2020\/07\/LogoNA-4x3-1.jpg\",\"width\":1236,\"height\":1080,\"caption\":\"Noti-America LLC | Ecuador\"},\"image\":{\"@id\":\"https:\/\/noti-america.com\/site\/ecuador\/#\/schema\/logo\/image\/\"},\"sameAs\":[\"https:\/\/x.com\/notiamerica\"]},{\"@type\":\"Person\",\"@id\":\"https:\/\/noti-america.com\/site\/ecuador\/#\/schema\/person\/3b975e42f15abfe64bfe3abdd916efda\",\"name\":\"Gregory Quintana Montiel\",\"image\":{\"@type\":\"ImageObject\",\"inLanguage\":\"es\",\"@id\":\"https:\/\/secure.gravatar.com\/avatar\/2d6b802f7720c2ec7744dcbe608cc2f3417aeb964d58b443c6d612b77531de1d?s=96&d=mm&r=g\",\"url\":\"https:\/\/secure.gravatar.com\/avatar\/2d6b802f7720c2ec7744dcbe608cc2f3417aeb964d58b443c6d612b77531de1d?s=96&d=mm&r=g\",\"contentUrl\":\"https:\/\/secure.gravatar.com\/avatar\/2d6b802f7720c2ec7744dcbe608cc2f3417aeb964d58b443c6d612b77531de1d?s=96&d=mm&r=g\",\"caption\":\"Gregory Quintana Montiel\"},\"description\":\"Licenciatura en Ciencias de la Comunicaci\u00f3n Social, egresado en la Especializaci\u00f3n Derecho Ambiental Desarrollo Sostenible y Sustentable, Miembro de la Comunidad de profesionales y experto para Latinoam\u00e9rica y el Caribe en Gesti\u00f3n por Resultado en el Desarrollo (COPLAC - GpRD) del Banco Interamericano de Desarrollo, experiencia en medios radiales y escritos.\",\"sameAs\":[\"https:\/\/x.com\/gdgregori1\",\"gquintana\"],\"url\":\"https:\/\/noti-america.com\/site\/ecuador\/author\/gquintana\/\"}]}<\/script>\n<!-- \/ Yoast SEO Premium plugin. -->","yoast_head_json":{"title":"Con inauguraci\u00f3n de obras Playas celebr\u00f3 sus 32 a\u00f1os de cantonizaci\u00f3n - Ecuador | Noti-America.com","robots":{"index":"index","follow":"follow","max-snippet":"max-snippet:-1","max-image-preview":"max-image-preview:large","max-video-preview":"max-video-preview:-1"},"canonical":"https:\/\/noti-america.com\/site\/ecuador\/2021\/08\/17\/con-inauguracion-de-obras-playas-celebro-sus-32-anos-de-cantonizacion\/","og_locale":"es_ES","og_type":"article","og_title":"Con inauguraci\u00f3n de obras Playas celebr\u00f3 sus 32 a\u00f1os de cantonizaci\u00f3n","og_description":"REDACCI\u00d3N NOTI AM\u00c9RICA (ECUADOR) En 1960, varios pobladores de General Villamil, impulsaron el primer proyecto para la conformaci\u00f3n del cant\u00f3n y aunque no ocurri\u00f3 lo esperado, en 1970, se volvi\u00f3 a discutir de este&#46;&#46;&#46;","og_url":"https:\/\/noti-america.com\/site\/ecuador\/2021\/08\/17\/con-inauguracion-de-obras-playas-celebro-sus-32-anos-de-cantonizacion\/","og_site_name":"Ecuador | Noti-America.com","article_published_time":"2021-08-17T02:31:28+00:00","article_modified_time":"2021-08-18T02:37:46+00:00","og_image":[{"url":"https:\/\/noti-america.com\/site\/ecuador\/wp-content\/uploads\/sites\/18\/2021\/08\/Alcalde-de-Playas-1.jpg","width":1,"height":1,"type":"image\/jpeg"}],"author":"Gregory Quintana Montiel","twitter_card":"summary_large_image","twitter_creator":"@gdgregori1","twitter_site":"@notiamerica","twitter_misc":{"Escrito por":"Gregory Quintana Montiel","Tiempo estimado de lectura":"4 minutos"},"schema":{"@context":"https:\/\/schema.org","@graph":[{"@type":"Article","@id":"https:\/\/noti-america.com\/site\/ecuador\/2021\/08\/17\/con-inauguracion-de-obras-playas-celebro-sus-32-anos-de-cantonizacion\/#article","isPartOf":{"@id":"https:\/\/noti-america.com\/site\/ecuador\/2021\/08\/17\/con-inauguracion-de-obras-playas-celebro-sus-32-anos-de-cantonizacion\/"},"author":{"name":"Gregory Quintana Montiel","@id":"https:\/\/noti-america.com\/site\/ecuador\/#\/schema\/person\/3b975e42f15abfe64bfe3abdd916efda"},"headline":"Con inauguraci\u00f3n de obras Playas celebr\u00f3 sus 32 a\u00f1os de cantonizaci\u00f3n","datePublished":"2021-08-17T02:31:28+00:00","dateModified":"2021-08-18T02:37:46+00:00","mainEntityOfPage":{"@id":"https:\/\/noti-america.com\/site\/ecuador\/2021\/08\/17\/con-inauguracion-de-obras-playas-celebro-sus-32-anos-de-cantonizacion\/"},"wordCount":822,"commentCount":0,"publisher":{"@id":"https:\/\/noti-america.com\/site\/ecuador\/#organization"},"image":{"@id":"https:\/\/noti-america.com\/site\/ecuador\/2021\/08\/17\/con-inauguracion-de-obras-playas-celebro-sus-32-anos-de-cantonizacion\/#primaryimage"},"thumbnailUrl":"https:\/\/noti-america.com\/site\/ecuador\/wp-content\/uploads\/sites\/18\/2021\/08\/Alcalde-de-Playas-1.jpg","articleSection":["Turismo"],"inLanguage":"es","potentialAction":[{"@type":"CommentAction","name":"Comment","target":["https:\/\/noti-america.com\/site\/ecuador\/2021\/08\/17\/con-inauguracion-de-obras-playas-celebro-sus-32-anos-de-cantonizacion\/#respond"]}]},{"@type":"WebPage","@id":"https:\/\/noti-america.com\/site\/ecuador\/2021\/08\/17\/con-inauguracion-de-obras-playas-celebro-sus-32-anos-de-cantonizacion\/","url":"https:\/\/noti-america.com\/site\/ecuador\/2021\/08\/17\/con-inauguracion-de-obras-playas-celebro-sus-32-anos-de-cantonizacion\/","name":"Con inauguraci\u00f3n de obras Playas celebr\u00f3 sus 32 a\u00f1os de cantonizaci\u00f3n - Ecuador | Noti-America.com","isPartOf":{"@id":"https:\/\/noti-america.com\/site\/ecuador\/#website"},"primaryImageOfPage":{"@id":"https:\/\/noti-america.com\/site\/ecuador\/2021\/08\/17\/con-inauguracion-de-obras-playas-celebro-sus-32-anos-de-cantonizacion\/#primaryimage"},"image":{"@id":"https:\/\/noti-america.com\/site\/ecuador\/2021\/08\/17\/con-inauguracion-de-obras-playas-celebro-sus-32-anos-de-cantonizacion\/#primaryimage"},"thumbnailUrl":"https:\/\/noti-america.com\/site\/ecuador\/wp-content\/uploads\/sites\/18\/2021\/08\/Alcalde-de-Playas-1.jpg","datePublished":"2021-08-17T02:31:28+00:00","dateModified":"2021-08-18T02:37:46+00:00","breadcrumb":{"@id":"https:\/\/noti-america.com\/site\/ecuador\/2021\/08\/17\/con-inauguracion-de-obras-playas-celebro-sus-32-anos-de-cantonizacion\/#breadcrumb"},"inLanguage":"es","potentialAction":[{"@type":"ReadAction","target":["https:\/\/noti-america.com\/site\/ecuador\/2021\/08\/17\/con-inauguracion-de-obras-playas-celebro-sus-32-anos-de-cantonizacion\/"]}]},{"@type":"ImageObject","inLanguage":"es","@id":"https:\/\/noti-america.com\/site\/ecuador\/2021\/08\/17\/con-inauguracion-de-obras-playas-celebro-sus-32-anos-de-cantonizacion\/#primaryimage","url":"https:\/\/noti-america.com\/site\/ecuador\/wp-content\/uploads\/sites\/18\/2021\/08\/Alcalde-de-Playas-1.jpg","contentUrl":"https:\/\/noti-america.com\/site\/ecuador\/wp-content\/uploads\/sites\/18\/2021\/08\/Alcalde-de-Playas-1.jpg","caption":"smart"},{"@type":"BreadcrumbList","@id":"https:\/\/noti-america.com\/site\/ecuador\/2021\/08\/17\/con-inauguracion-de-obras-playas-celebro-sus-32-anos-de-cantonizacion\/#breadcrumb","itemListElement":[{"@type":"ListItem","position":1,"name":"Portada","item":"https:\/\/noti-america.com\/site\/ecuador\/"},{"@type":"ListItem","position":2,"name":"Con inauguraci\u00f3n de obras Playas celebr\u00f3 sus 32 a\u00f1os de cantonizaci\u00f3n"}]},{"@type":"WebSite","@id":"https:\/\/noti-america.com\/site\/ecuador\/#website","url":"https:\/\/noti-america.com\/site\/ecuador\/","name":"Ecuador | Noti-America.com","description":"","publisher":{"@id":"https:\/\/noti-america.com\/site\/ecuador\/#organization"},"potentialAction":[{"@type":"SearchAction","target":{"@type":"EntryPoint","urlTemplate":"https:\/\/noti-america.com\/site\/ecuador\/?s={search_term_string}"},"query-input":{"@type":"PropertyValueSpecification","valueRequired":true,"valueName":"search_term_string"}}],"inLanguage":"es"},{"@type":"Organization","@id":"https:\/\/noti-america.com\/site\/ecuador\/#organization","name":"Noti-America LLC | Ecuador","url":"https:\/\/noti-america.com\/site\/ecuador\/","logo":{"@type":"ImageObject","inLanguage":"es","@id":"https:\/\/noti-america.com\/site\/ecuador\/#\/schema\/logo\/image\/","url":"https:\/\/noti-america.com\/site\/ecuador\/wp-content\/uploads\/sites\/18\/2020\/07\/LogoNA-4x3-1.jpg","contentUrl":"https:\/\/noti-america.com\/site\/ecuador\/wp-content\/uploads\/sites\/18\/2020\/07\/LogoNA-4x3-1.jpg","width":1236,"height":1080,"caption":"Noti-America LLC | Ecuador"},"image":{"@id":"https:\/\/noti-america.com\/site\/ecuador\/#\/schema\/logo\/image\/"},"sameAs":["https:\/\/x.com\/notiamerica"]},{"@type":"Person","@id":"https:\/\/noti-america.com\/site\/ecuador\/#\/schema\/person\/3b975e42f15abfe64bfe3abdd916efda","name":"Gregory Quintana Montiel","image":{"@type":"ImageObject","inLanguage":"es","@id":"https:\/\/secure.gravatar.com\/avatar\/2d6b802f7720c2ec7744dcbe608cc2f3417aeb964d58b443c6d612b77531de1d?s=96&d=mm&r=g","url":"https:\/\/secure.gravatar.com\/avatar\/2d6b802f7720c2ec7744dcbe608cc2f3417aeb964d58b443c6d612b77531de1d?s=96&d=mm&r=g","contentUrl":"https:\/\/secure.gravatar.com\/avatar\/2d6b802f7720c2ec7744dcbe608cc2f3417aeb964d58b443c6d612b77531de1d?s=96&d=mm&r=g","caption":"Gregory Quintana Montiel"},"description":"Licenciatura en Ciencias de la Comunicaci\u00f3n Social, egresado en la Especializaci\u00f3n Derecho Ambiental Desarrollo Sostenible y Sustentable, Miembro de la Comunidad de profesionales y experto para Latinoam\u00e9rica y el Caribe en Gesti\u00f3n por Resultado en el Desarrollo (COPLAC - GpRD) del Banco Interamericano de Desarrollo, experiencia en medios radiales y escritos.","sameAs":["https:\/\/x.com\/gdgregori1","gquintana"],"url":"https:\/\/noti-america.com\/site\/ecuador\/author\/gquintana\/"}]}},"_links":{"self":[{"href":"https:\/\/noti-america.com\/site\/ecuador\/wp-json\/wp\/v2\/posts\/15835","targetHints":{"allow":["GET"]}}],"collection":[{"href":"https:\/\/noti-america.com\/site\/ecuador\/wp-json\/wp\/v2\/posts"}],"about":[{"href":"https:\/\/noti-america.com\/site\/ecuador\/wp-json\/wp\/v2\/types\/post"}],"author":[{"embeddable":true,"href":"https:\/\/noti-america.com\/site\/ecuador\/wp-json\/wp\/v2\/users\/17"}],"replies":[{"embeddable":true,"href":"https:\/\/noti-america.com\/site\/ecuador\/wp-json\/wp\/v2\/comments?post=15835"}],"version-history":[{"count":3,"href":"https:\/\/noti-america.com\/site\/ecuador\/wp-json\/wp\/v2\/posts\/15835\/revisions"}],"predecessor-version":[{"id":15866,"href":"https:\/\/noti-america.com\/site\/ecuador\/wp-json\/wp\/v2\/posts\/15835\/revisions\/15866"}],"wp:featuredmedia":[{"embeddable":true,"href":"https:\/\/noti-america.com\/site\/ecuador\/wp-json\/wp\/v2\/media\/15837"}],"wp:attachment":[{"href":"https:\/\/noti-america.com\/site\/ecuador\/wp-json\/wp\/v2\/media?parent=15835"}],"wp:term":[{"taxonomy":"category","embeddable":true,"href":"https:\/\/noti-america.com\/site\/ecuador\/wp-json\/wp\/v2\/categories?post=15835"},{"taxonomy":"post_tag","embeddable":true,"href":"https:\/\/noti-america.com\/site\/ecuador\/wp-json\/wp\/v2\/tags?post=15835"}],"curies":[{"name":"wp","href":"https:\/\/api.w.org\/{rel}","templated":true}]}}