{"id":15681,"date":"2021-08-06T02:06:52","date_gmt":"2021-08-06T02:06:52","guid":{"rendered":"https:\/\/noti-america.com\/site\/ecuador\/?p=15681"},"modified":"2021-08-06T02:10:07","modified_gmt":"2021-08-06T02:10:07","slug":"15681","status":"publish","type":"post","link":"https:\/\/noti-america.com\/site\/ecuador\/2021\/08\/06\/15681\/","title":{"rendered":"Nueva ruta Cuenca \u2013 Santa Elena y Cuenca \u2013 Monta\u00f1ita"},"content":{"rendered":"<p>REDACCI\u00d3N NOTI AM\u00c9RICA (ECUADOR)<\/p>\n<div style=\"width: 750px\" class=\"wp-caption alignnone\"><img loading=\"lazy\" decoding=\"async\" src=\"https:\/\/static.wixstatic.com\/media\/19e5ed_b90a9e5d8e0d45d580aa06192a4c044e~mv2.jpg\/v1\/fill\/w_740,h_416,al_c,q_90\/19e5ed_b90a9e5d8e0d45d580aa06192a4c044e~mv2.webp\" alt=\"\" width=\"740\" height=\"416\" \/><p class=\"wp-caption-text\">Transporte directo Cuenca &#8211; Santa Elena<\/p><\/div>\n<p style=\"text-align: justify\">Los destinos tur\u00edsticos de Santa Elena y Cuenca se conectaron directamente, mediante el servicio de transporte p\u00fablico, con la implementaci\u00f3n de las rutas Cuenca \u2013 Santa Elena y Cuenca \u2013 Monta\u00f1ita, en dos recorridos diarios, con viajes de aproximadamente cinco horas de duraci\u00f3n.<\/p>\n<p id=\"viewer-ednse\" class=\"XzvDs _208Ie _1atvN _2QAo- _1iXso _3_La3 _1atvN public-DraftStyleDefault-block-depth0 public-DraftStyleDefault-text-ltr\" style=\"text-align: justify\"><span class=\"vkIF2 public-DraftStyleDefault-ltr\">El viernes 30 de julio, desde Santa Elena entran a Cuenca cuatro frecuencias directas de la Cooperativa Libertad Peninsular. Cada ruta tendr\u00e1 dos horarios: Cuenca \u2013 Santa Elena \u2013 Cuenca a las 12H00 y 00H00 y Cuenca \u2013 Monta\u00f1ita \u2013 Cuenca a las 04HAM y 16HPM. <\/span><\/p>\n<p class=\"XzvDs _208Ie _1atvN _2QAo- _1iXso _3_La3 _1atvN public-DraftStyleDefault-block-depth0 public-DraftStyleDefault-text-ltr\" style=\"text-align: justify\"><span class=\"vkIF2 public-DraftStyleDefault-ltr\">La empresa de transporte trabaj\u00f3 directamente con la Empresa de Movilidad EMOV EP, en la regularizaci\u00f3n de documentos, selecci\u00f3n de and\u00e9n, lista de conductores, oficinas de boletaje, frecuencias, horarios y el sistema mec\u00e1nico de las unidades de transporte.<\/span><\/p>\n<p class=\"XzvDs _208Ie _1atvN _2QAo- _1iXso _3_La3 _1atvN public-DraftStyleDefault-block-depth0 public-DraftStyleDefault-text-ltr\" style=\"text-align: justify\"><span class=\"vkIF2 public-DraftStyleDefault-ltr\">Las rutas funcionar\u00e1n de lunes a domingo sin interrupciones y la tarifa del pasaje ser\u00e1 de acuerdo al destino, es decir: Cuenca \u2013 Monta\u00f1ita $16 d\u00f3lares y Cuenca \u2013 Santa Elena $14 d\u00f3lares por boleto.<\/span><\/p>\n<p style=\"text-align: justify\">\u201cEstamos encantados de poner a disposici\u00f3n de la ciudadan\u00eda nuestras modernas y equipadas unidades, para un viaje seguro y confortable. Con nuestra operadora sumaremos a la reactivaci\u00f3n tur\u00edstica del cual Cuenca es pionera. Estamos listos para circular hacia el austro ecuatoriano\u201d, enfatiz\u00f3 Roque Esp\u00edn, gerente de la Cooperativa Libertad Peninsular.<\/p>\n<p style=\"text-align: justify\">Incrementar la conectividad con fines tur\u00edsticos en el pa\u00eds, mediante la coordinaci\u00f3n interinstitucional es uno de los objetivos estrat\u00e9gicos del Ministerio de Turismo y con ello facilitar la movilidad de los visitantes para que recorran los diferentes destinos de nuestro pa\u00eds. El viaje inaugural de la ruta parti\u00f3 desde Santa Elena, con la participaci\u00f3n de autoridades y medios de comunicaci\u00f3n, quienes realizaron un city tours con los delegados de la Fundaci\u00f3n Municipal Turismo para Cuenca.<\/p>\n","protected":false},"excerpt":{"rendered":"<p>REDACCI\u00d3N NOTI AM\u00c9RICA (ECUADOR) Los destinos tur\u00edsticos de Santa Elena y Cuenca se conectaron directamente, mediante el servicio de transporte p\u00fablico, con la implementaci\u00f3n de las rutas Cuenca \u2013 Santa Elena y Cuenca \u2013&#46;&#46;&#46;<\/p>\n","protected":false},"author":17,"featured_media":15682,"comment_status":"open","ping_status":"open","sticky":false,"template":"","format":"standard","meta":{"_acf_changed":false,"om_disable_all_campaigns":false,"rop_custom_images_group":[],"rop_custom_messages_group":[],"rop_publish_now":"initial","rop_publish_now_accounts":{"twitter_242054905_242054905":""},"rop_publish_now_history":[],"rop_publish_now_status":"pending","_uf_show_specific_survey":0,"_uf_disable_surveys":false,"footnotes":""},"categories":[36],"tags":[],"class_list":["post-15681","post","type-post","status-publish","format-standard","has-post-thumbnail","hentry","category-turismo"],"acf":[],"aioseo_notices":[],"yoast_head":"<!-- This site is optimized with the Yoast SEO Premium plugin v24.9 (Yoast SEO v27.2) - https:\/\/yoast.com\/product\/yoast-seo-premium-wordpress\/ -->\n<title>Nueva ruta Cuenca \u2013 Santa Elena y Cuenca \u2013 Monta\u00f1ita - Ecuador | Noti-America.com<\/title>\n<meta name=\"robots\" content=\"index, follow, max-snippet:-1, max-image-preview:large, max-video-preview:-1\" \/>\n<link rel=\"canonical\" href=\"https:\/\/noti-america.com\/site\/ecuador\/2021\/08\/06\/15681\/\" \/>\n<meta property=\"og:locale\" content=\"es_ES\" \/>\n<meta property=\"og:type\" content=\"article\" \/>\n<meta property=\"og:title\" content=\"Nueva ruta Cuenca \u2013 Santa Elena y Cuenca \u2013 Monta\u00f1ita\" \/>\n<meta property=\"og:description\" content=\"REDACCI\u00d3N NOTI AM\u00c9RICA (ECUADOR) Los destinos tur\u00edsticos de Santa Elena y Cuenca se conectaron directamente, mediante el servicio de transporte p\u00fablico, con la implementaci\u00f3n de las rutas Cuenca \u2013 Santa Elena y Cuenca \u2013&#046;&#046;&#046;\" \/>\n<meta property=\"og:url\" content=\"https:\/\/noti-america.com\/site\/ecuador\/2021\/08\/06\/15681\/\" \/>\n<meta property=\"og:site_name\" content=\"Ecuador | Noti-America.com\" \/>\n<meta property=\"article:published_time\" content=\"2021-08-06T02:06:52+00:00\" \/>\n<meta property=\"article:modified_time\" content=\"2021-08-06T02:10:07+00:00\" \/>\n<meta property=\"og:image\" content=\"https:\/\/noti-america.com\/site\/ecuador\/wp-content\/uploads\/sites\/18\/2021\/08\/nueva-ruta.jpg\" \/>\n\t<meta property=\"og:image:width\" content=\"1200\" \/>\n\t<meta property=\"og:image:height\" content=\"674\" \/>\n\t<meta property=\"og:image:type\" content=\"image\/jpeg\" \/>\n<meta name=\"author\" content=\"Gregory Quintana Montiel\" \/>\n<meta name=\"twitter:card\" content=\"summary_large_image\" \/>\n<meta name=\"twitter:creator\" content=\"@gdgregori1\" \/>\n<meta name=\"twitter:site\" content=\"@notiamerica\" \/>\n<meta name=\"twitter:label1\" content=\"Escrito por\" \/>\n\t<meta name=\"twitter:data1\" content=\"Gregory Quintana Montiel\" \/>\n\t<meta name=\"twitter:label2\" content=\"Tiempo estimado de lectura\" \/>\n\t<meta name=\"twitter:data2\" content=\"2 minutos\" \/>\n<script type=\"application\/ld+json\" class=\"yoast-schema-graph\">{\"@context\":\"https:\/\/schema.org\",\"@graph\":[{\"@type\":\"Article\",\"@id\":\"https:\/\/noti-america.com\/site\/ecuador\/2021\/08\/06\/15681\/#article\",\"isPartOf\":{\"@id\":\"https:\/\/noti-america.com\/site\/ecuador\/2021\/08\/06\/15681\/\"},\"author\":{\"name\":\"Gregory Quintana Montiel\",\"@id\":\"https:\/\/noti-america.com\/site\/ecuador\/#\/schema\/person\/3b975e42f15abfe64bfe3abdd916efda\"},\"headline\":\"Nueva ruta Cuenca \u2013 Santa Elena y Cuenca \u2013 Monta\u00f1ita\",\"datePublished\":\"2021-08-06T02:06:52+00:00\",\"dateModified\":\"2021-08-06T02:10:07+00:00\",\"mainEntityOfPage\":{\"@id\":\"https:\/\/noti-america.com\/site\/ecuador\/2021\/08\/06\/15681\/\"},\"wordCount\":330,\"commentCount\":0,\"publisher\":{\"@id\":\"https:\/\/noti-america.com\/site\/ecuador\/#organization\"},\"image\":{\"@id\":\"https:\/\/noti-america.com\/site\/ecuador\/2021\/08\/06\/15681\/#primaryimage\"},\"thumbnailUrl\":\"https:\/\/noti-america.com\/site\/ecuador\/wp-content\/uploads\/sites\/18\/2021\/08\/nueva-ruta.jpg\",\"articleSection\":[\"Turismo\"],\"inLanguage\":\"es\",\"potentialAction\":[{\"@type\":\"CommentAction\",\"name\":\"Comment\",\"target\":[\"https:\/\/noti-america.com\/site\/ecuador\/2021\/08\/06\/15681\/#respond\"]}]},{\"@type\":\"WebPage\",\"@id\":\"https:\/\/noti-america.com\/site\/ecuador\/2021\/08\/06\/15681\/\",\"url\":\"https:\/\/noti-america.com\/site\/ecuador\/2021\/08\/06\/15681\/\",\"name\":\"Nueva ruta Cuenca \u2013 Santa Elena y Cuenca \u2013 Monta\u00f1ita - Ecuador | Noti-America.com\",\"isPartOf\":{\"@id\":\"https:\/\/noti-america.com\/site\/ecuador\/#website\"},\"primaryImageOfPage\":{\"@id\":\"https:\/\/noti-america.com\/site\/ecuador\/2021\/08\/06\/15681\/#primaryimage\"},\"image\":{\"@id\":\"https:\/\/noti-america.com\/site\/ecuador\/2021\/08\/06\/15681\/#primaryimage\"},\"thumbnailUrl\":\"https:\/\/noti-america.com\/site\/ecuador\/wp-content\/uploads\/sites\/18\/2021\/08\/nueva-ruta.jpg\",\"datePublished\":\"2021-08-06T02:06:52+00:00\",\"dateModified\":\"2021-08-06T02:10:07+00:00\",\"breadcrumb\":{\"@id\":\"https:\/\/noti-america.com\/site\/ecuador\/2021\/08\/06\/15681\/#breadcrumb\"},\"inLanguage\":\"es\",\"potentialAction\":[{\"@type\":\"ReadAction\",\"target\":[\"https:\/\/noti-america.com\/site\/ecuador\/2021\/08\/06\/15681\/\"]}]},{\"@type\":\"ImageObject\",\"inLanguage\":\"es\",\"@id\":\"https:\/\/noti-america.com\/site\/ecuador\/2021\/08\/06\/15681\/#primaryimage\",\"url\":\"https:\/\/noti-america.com\/site\/ecuador\/wp-content\/uploads\/sites\/18\/2021\/08\/nueva-ruta.jpg\",\"contentUrl\":\"https:\/\/noti-america.com\/site\/ecuador\/wp-content\/uploads\/sites\/18\/2021\/08\/nueva-ruta.jpg\",\"width\":1200,\"height\":674},{\"@type\":\"BreadcrumbList\",\"@id\":\"https:\/\/noti-america.com\/site\/ecuador\/2021\/08\/06\/15681\/#breadcrumb\",\"itemListElement\":[{\"@type\":\"ListItem\",\"position\":1,\"name\":\"Portada\",\"item\":\"https:\/\/noti-america.com\/site\/ecuador\/\"},{\"@type\":\"ListItem\",\"position\":2,\"name\":\"Nueva ruta Cuenca \u2013 Santa Elena y Cuenca \u2013 Monta\u00f1ita\"}]},{\"@type\":\"WebSite\",\"@id\":\"https:\/\/noti-america.com\/site\/ecuador\/#website\",\"url\":\"https:\/\/noti-america.com\/site\/ecuador\/\",\"name\":\"Ecuador | Noti-America.com\",\"description\":\"\",\"publisher\":{\"@id\":\"https:\/\/noti-america.com\/site\/ecuador\/#organization\"},\"potentialAction\":[{\"@type\":\"SearchAction\",\"target\":{\"@type\":\"EntryPoint\",\"urlTemplate\":\"https:\/\/noti-america.com\/site\/ecuador\/?s={search_term_string}\"},\"query-input\":{\"@type\":\"PropertyValueSpecification\",\"valueRequired\":true,\"valueName\":\"search_term_string\"}}],\"inLanguage\":\"es\"},{\"@type\":\"Organization\",\"@id\":\"https:\/\/noti-america.com\/site\/ecuador\/#organization\",\"name\":\"Noti-America LLC | Ecuador\",\"url\":\"https:\/\/noti-america.com\/site\/ecuador\/\",\"logo\":{\"@type\":\"ImageObject\",\"inLanguage\":\"es\",\"@id\":\"https:\/\/noti-america.com\/site\/ecuador\/#\/schema\/logo\/image\/\",\"url\":\"https:\/\/noti-america.com\/site\/ecuador\/wp-content\/uploads\/sites\/18\/2020\/07\/LogoNA-4x3-1.jpg\",\"contentUrl\":\"https:\/\/noti-america.com\/site\/ecuador\/wp-content\/uploads\/sites\/18\/2020\/07\/LogoNA-4x3-1.jpg\",\"width\":1236,\"height\":1080,\"caption\":\"Noti-America LLC | Ecuador\"},\"image\":{\"@id\":\"https:\/\/noti-america.com\/site\/ecuador\/#\/schema\/logo\/image\/\"},\"sameAs\":[\"https:\/\/x.com\/notiamerica\"]},{\"@type\":\"Person\",\"@id\":\"https:\/\/noti-america.com\/site\/ecuador\/#\/schema\/person\/3b975e42f15abfe64bfe3abdd916efda\",\"name\":\"Gregory Quintana Montiel\",\"image\":{\"@type\":\"ImageObject\",\"inLanguage\":\"es\",\"@id\":\"https:\/\/secure.gravatar.com\/avatar\/2d6b802f7720c2ec7744dcbe608cc2f3417aeb964d58b443c6d612b77531de1d?s=96&d=mm&r=g\",\"url\":\"https:\/\/secure.gravatar.com\/avatar\/2d6b802f7720c2ec7744dcbe608cc2f3417aeb964d58b443c6d612b77531de1d?s=96&d=mm&r=g\",\"contentUrl\":\"https:\/\/secure.gravatar.com\/avatar\/2d6b802f7720c2ec7744dcbe608cc2f3417aeb964d58b443c6d612b77531de1d?s=96&d=mm&r=g\",\"caption\":\"Gregory Quintana Montiel\"},\"description\":\"Licenciatura en Ciencias de la Comunicaci\u00f3n Social, egresado en la Especializaci\u00f3n Derecho Ambiental Desarrollo Sostenible y Sustentable, Miembro de la Comunidad de profesionales y experto para Latinoam\u00e9rica y el Caribe en Gesti\u00f3n por Resultado en el Desarrollo (COPLAC - GpRD) del Banco Interamericano de Desarrollo, experiencia en medios radiales y escritos.\",\"sameAs\":[\"https:\/\/x.com\/gdgregori1\",\"gquintana\"],\"url\":\"https:\/\/noti-america.com\/site\/ecuador\/author\/gquintana\/\"}]}<\/script>\n<!-- \/ Yoast SEO Premium plugin. -->","yoast_head_json":{"title":"Nueva ruta Cuenca \u2013 Santa Elena y Cuenca \u2013 Monta\u00f1ita - Ecuador | Noti-America.com","robots":{"index":"index","follow":"follow","max-snippet":"max-snippet:-1","max-image-preview":"max-image-preview:large","max-video-preview":"max-video-preview:-1"},"canonical":"https:\/\/noti-america.com\/site\/ecuador\/2021\/08\/06\/15681\/","og_locale":"es_ES","og_type":"article","og_title":"Nueva ruta Cuenca \u2013 Santa Elena y Cuenca \u2013 Monta\u00f1ita","og_description":"REDACCI\u00d3N NOTI AM\u00c9RICA (ECUADOR) Los destinos tur\u00edsticos de Santa Elena y Cuenca se conectaron directamente, mediante el servicio de transporte p\u00fablico, con la implementaci\u00f3n de las rutas Cuenca \u2013 Santa Elena y Cuenca \u2013&#46;&#46;&#46;","og_url":"https:\/\/noti-america.com\/site\/ecuador\/2021\/08\/06\/15681\/","og_site_name":"Ecuador | Noti-America.com","article_published_time":"2021-08-06T02:06:52+00:00","article_modified_time":"2021-08-06T02:10:07+00:00","og_image":[{"width":1200,"height":674,"url":"https:\/\/noti-america.com\/site\/ecuador\/wp-content\/uploads\/sites\/18\/2021\/08\/nueva-ruta.jpg","type":"image\/jpeg"}],"author":"Gregory Quintana Montiel","twitter_card":"summary_large_image","twitter_creator":"@gdgregori1","twitter_site":"@notiamerica","twitter_misc":{"Escrito por":"Gregory Quintana Montiel","Tiempo estimado de lectura":"2 minutos"},"schema":{"@context":"https:\/\/schema.org","@graph":[{"@type":"Article","@id":"https:\/\/noti-america.com\/site\/ecuador\/2021\/08\/06\/15681\/#article","isPartOf":{"@id":"https:\/\/noti-america.com\/site\/ecuador\/2021\/08\/06\/15681\/"},"author":{"name":"Gregory Quintana Montiel","@id":"https:\/\/noti-america.com\/site\/ecuador\/#\/schema\/person\/3b975e42f15abfe64bfe3abdd916efda"},"headline":"Nueva ruta Cuenca \u2013 Santa Elena y Cuenca \u2013 Monta\u00f1ita","datePublished":"2021-08-06T02:06:52+00:00","dateModified":"2021-08-06T02:10:07+00:00","mainEntityOfPage":{"@id":"https:\/\/noti-america.com\/site\/ecuador\/2021\/08\/06\/15681\/"},"wordCount":330,"commentCount":0,"publisher":{"@id":"https:\/\/noti-america.com\/site\/ecuador\/#organization"},"image":{"@id":"https:\/\/noti-america.com\/site\/ecuador\/2021\/08\/06\/15681\/#primaryimage"},"thumbnailUrl":"https:\/\/noti-america.com\/site\/ecuador\/wp-content\/uploads\/sites\/18\/2021\/08\/nueva-ruta.jpg","articleSection":["Turismo"],"inLanguage":"es","potentialAction":[{"@type":"CommentAction","name":"Comment","target":["https:\/\/noti-america.com\/site\/ecuador\/2021\/08\/06\/15681\/#respond"]}]},{"@type":"WebPage","@id":"https:\/\/noti-america.com\/site\/ecuador\/2021\/08\/06\/15681\/","url":"https:\/\/noti-america.com\/site\/ecuador\/2021\/08\/06\/15681\/","name":"Nueva ruta Cuenca \u2013 Santa Elena y Cuenca \u2013 Monta\u00f1ita - Ecuador | Noti-America.com","isPartOf":{"@id":"https:\/\/noti-america.com\/site\/ecuador\/#website"},"primaryImageOfPage":{"@id":"https:\/\/noti-america.com\/site\/ecuador\/2021\/08\/06\/15681\/#primaryimage"},"image":{"@id":"https:\/\/noti-america.com\/site\/ecuador\/2021\/08\/06\/15681\/#primaryimage"},"thumbnailUrl":"https:\/\/noti-america.com\/site\/ecuador\/wp-content\/uploads\/sites\/18\/2021\/08\/nueva-ruta.jpg","datePublished":"2021-08-06T02:06:52+00:00","dateModified":"2021-08-06T02:10:07+00:00","breadcrumb":{"@id":"https:\/\/noti-america.com\/site\/ecuador\/2021\/08\/06\/15681\/#breadcrumb"},"inLanguage":"es","potentialAction":[{"@type":"ReadAction","target":["https:\/\/noti-america.com\/site\/ecuador\/2021\/08\/06\/15681\/"]}]},{"@type":"ImageObject","inLanguage":"es","@id":"https:\/\/noti-america.com\/site\/ecuador\/2021\/08\/06\/15681\/#primaryimage","url":"https:\/\/noti-america.com\/site\/ecuador\/wp-content\/uploads\/sites\/18\/2021\/08\/nueva-ruta.jpg","contentUrl":"https:\/\/noti-america.com\/site\/ecuador\/wp-content\/uploads\/sites\/18\/2021\/08\/nueva-ruta.jpg","width":1200,"height":674},{"@type":"BreadcrumbList","@id":"https:\/\/noti-america.com\/site\/ecuador\/2021\/08\/06\/15681\/#breadcrumb","itemListElement":[{"@type":"ListItem","position":1,"name":"Portada","item":"https:\/\/noti-america.com\/site\/ecuador\/"},{"@type":"ListItem","position":2,"name":"Nueva ruta Cuenca \u2013 Santa Elena y Cuenca \u2013 Monta\u00f1ita"}]},{"@type":"WebSite","@id":"https:\/\/noti-america.com\/site\/ecuador\/#website","url":"https:\/\/noti-america.com\/site\/ecuador\/","name":"Ecuador | Noti-America.com","description":"","publisher":{"@id":"https:\/\/noti-america.com\/site\/ecuador\/#organization"},"potentialAction":[{"@type":"SearchAction","target":{"@type":"EntryPoint","urlTemplate":"https:\/\/noti-america.com\/site\/ecuador\/?s={search_term_string}"},"query-input":{"@type":"PropertyValueSpecification","valueRequired":true,"valueName":"search_term_string"}}],"inLanguage":"es"},{"@type":"Organization","@id":"https:\/\/noti-america.com\/site\/ecuador\/#organization","name":"Noti-America LLC | Ecuador","url":"https:\/\/noti-america.com\/site\/ecuador\/","logo":{"@type":"ImageObject","inLanguage":"es","@id":"https:\/\/noti-america.com\/site\/ecuador\/#\/schema\/logo\/image\/","url":"https:\/\/noti-america.com\/site\/ecuador\/wp-content\/uploads\/sites\/18\/2020\/07\/LogoNA-4x3-1.jpg","contentUrl":"https:\/\/noti-america.com\/site\/ecuador\/wp-content\/uploads\/sites\/18\/2020\/07\/LogoNA-4x3-1.jpg","width":1236,"height":1080,"caption":"Noti-America LLC | Ecuador"},"image":{"@id":"https:\/\/noti-america.com\/site\/ecuador\/#\/schema\/logo\/image\/"},"sameAs":["https:\/\/x.com\/notiamerica"]},{"@type":"Person","@id":"https:\/\/noti-america.com\/site\/ecuador\/#\/schema\/person\/3b975e42f15abfe64bfe3abdd916efda","name":"Gregory Quintana Montiel","image":{"@type":"ImageObject","inLanguage":"es","@id":"https:\/\/secure.gravatar.com\/avatar\/2d6b802f7720c2ec7744dcbe608cc2f3417aeb964d58b443c6d612b77531de1d?s=96&d=mm&r=g","url":"https:\/\/secure.gravatar.com\/avatar\/2d6b802f7720c2ec7744dcbe608cc2f3417aeb964d58b443c6d612b77531de1d?s=96&d=mm&r=g","contentUrl":"https:\/\/secure.gravatar.com\/avatar\/2d6b802f7720c2ec7744dcbe608cc2f3417aeb964d58b443c6d612b77531de1d?s=96&d=mm&r=g","caption":"Gregory Quintana Montiel"},"description":"Licenciatura en Ciencias de la Comunicaci\u00f3n Social, egresado en la Especializaci\u00f3n Derecho Ambiental Desarrollo Sostenible y Sustentable, Miembro de la Comunidad de profesionales y experto para Latinoam\u00e9rica y el Caribe en Gesti\u00f3n por Resultado en el Desarrollo (COPLAC - GpRD) del Banco Interamericano de Desarrollo, experiencia en medios radiales y escritos.","sameAs":["https:\/\/x.com\/gdgregori1","gquintana"],"url":"https:\/\/noti-america.com\/site\/ecuador\/author\/gquintana\/"}]}},"_links":{"self":[{"href":"https:\/\/noti-america.com\/site\/ecuador\/wp-json\/wp\/v2\/posts\/15681","targetHints":{"allow":["GET"]}}],"collection":[{"href":"https:\/\/noti-america.com\/site\/ecuador\/wp-json\/wp\/v2\/posts"}],"about":[{"href":"https:\/\/noti-america.com\/site\/ecuador\/wp-json\/wp\/v2\/types\/post"}],"author":[{"embeddable":true,"href":"https:\/\/noti-america.com\/site\/ecuador\/wp-json\/wp\/v2\/users\/17"}],"replies":[{"embeddable":true,"href":"https:\/\/noti-america.com\/site\/ecuador\/wp-json\/wp\/v2\/comments?post=15681"}],"version-history":[{"count":2,"href":"https:\/\/noti-america.com\/site\/ecuador\/wp-json\/wp\/v2\/posts\/15681\/revisions"}],"predecessor-version":[{"id":15684,"href":"https:\/\/noti-america.com\/site\/ecuador\/wp-json\/wp\/v2\/posts\/15681\/revisions\/15684"}],"wp:featuredmedia":[{"embeddable":true,"href":"https:\/\/noti-america.com\/site\/ecuador\/wp-json\/wp\/v2\/media\/15682"}],"wp:attachment":[{"href":"https:\/\/noti-america.com\/site\/ecuador\/wp-json\/wp\/v2\/media?parent=15681"}],"wp:term":[{"taxonomy":"category","embeddable":true,"href":"https:\/\/noti-america.com\/site\/ecuador\/wp-json\/wp\/v2\/categories?post=15681"},{"taxonomy":"post_tag","embeddable":true,"href":"https:\/\/noti-america.com\/site\/ecuador\/wp-json\/wp\/v2\/tags?post=15681"}],"curies":[{"name":"wp","href":"https:\/\/api.w.org\/{rel}","templated":true}]}}