{"id":15622,"date":"2021-08-04T01:32:57","date_gmt":"2021-08-04T01:32:57","guid":{"rendered":"https:\/\/noti-america.com\/site\/ecuador\/?p=15622"},"modified":"2021-08-04T01:32:57","modified_gmt":"2021-08-04T01:32:57","slug":"llegan-al-ecuador-200-mil-vacunas-cansino-monodosis","status":"publish","type":"post","link":"https:\/\/noti-america.com\/site\/ecuador\/2021\/08\/04\/llegan-al-ecuador-200-mil-vacunas-cansino-monodosis\/","title":{"rendered":"Llegan al Ecuador 200 mil vacunas CanSino monodosis"},"content":{"rendered":"<p>REDACCI\u00d3N NOTI AM\u00c9RICA (ECUADOR)<\/p>\n<div style=\"width: 1290px\" class=\"wp-caption alignnone\"><img loading=\"lazy\" decoding=\"async\" src=\"https:\/\/www.salud.gob.ec\/wp-content\/uploads\/2021\/08\/cansino.jpg\" alt=\"\" width=\"1280\" height=\"951\" \/><p class=\"wp-caption-text\">llegan vacunas monodosis<\/p><\/div>\n<p style=\"text-align: justify\">El Ministerio de Salud P\u00fablica (MSP) recibi\u00f3 este martes 3 de agosto, las primeras 200 mil dosis de la vacuna CanSino, que inmediatamente ser\u00e1n incorporadas al Plan de Vacunaci\u00f3n 9\/100. El lote restante llegar\u00e1 en el transcurso de este mes, con lo que se completar\u00e1n las 700 mil dosis previstas.<\/p>\n<p style=\"text-align: justify\">La recepci\u00f3n en el aeropuerto Mariscal Sucre de Quito, estuvo a cargo del viceministro de Gobernanza y Vigilancia de la Salud, Jos\u00e9 Ruales, junto al secretario General de la Vicepresidencia, Mart\u00edn Cabezas; el subsecretario de Gesti\u00f3n Estrat\u00e9gica y Vocer\u00eda Pol\u00edtica de la Presidencia, Eduardo Herdocia, y el subsecretario de Cooperaci\u00f3n Internacional de Canciller\u00eda, Juan Carlos Castrill\u00f3n.<\/p>\n<p style=\"text-align: justify\">Ruales explic\u00f3 que son vacunas monodosis (una dosis) y autocargables, es decir vienen en su propia jeringa. \u201cSer\u00e1n utilizadas principalmente para vacunar a personas que viven en zonas alejadas, en la frontera norte, Amazonia, comunidades ind\u00edgenas de dif\u00edcil acceso de la Sierra\u201d, afirm\u00f3.<\/p>\n<p style=\"text-align: justify\">Asimismo, se inocular\u00e1 mediante barridos en ciudades donde se identificaron casos de contagios de la variante Delta, a fin de garantizar la reducci\u00f3n comunitaria y, complementariamente, las dosis tambi\u00e9n ser\u00e1n destinadas para las Personas Privadas de Libertad (PPL). \u201cCon esto superamos y seguimos aumentando la meta sobre los 9 millones de vacunados, porque van a corresponder a vacunas con el esquema completo\u201d, subray\u00f3 Ruales.<\/p>\n<p style=\"text-align: justify\">En esta semana est\u00e1 previsto fortalecer la vacunaci\u00f3n en sectores alejados de Sucumb\u00edos, Esmeraldas y Carchi, para llegar a cerca de 150 mil personas, que son parte de los 18 cantones que registran cobertura pendiente.\u00a0 Ah\u00ed se focalizar\u00e1 la vacunaci\u00f3n con los biol\u00f3gicos de CanSino.<\/p>\n<p style=\"text-align: justify\">Mientras, en horas de la tarde arribaron 271.440 dosis de vacunas m\u00e1s de Pfizer, que es parte de la entrega ordinaria que realiza esta farmac\u00e9utica. El Viceministro asegur\u00f3 que este mes se contar\u00e1 con m\u00e1s de un mill\u00f3n de este biol\u00f3gico para completar las segundas dosis de la Fase 3.<\/p>\n<p style=\"text-align: justify\">El MSP recuerda que este d\u00eda corresponde inmunizar a las personas que recibieron la primera dosis el 6 de julio y ma\u00f1ana mi\u00e9rcoles, a quienes se vacunaron el 7 de julio (Pfizer). \u201cRecuerden que a los 28 d\u00edas de la primera dosis deben inocularse la segunda para obtener la inmunidad requerida y mantener las medidas de bioseguridad\u201d, enfatiz\u00f3 Ruales.<\/p>\n","protected":false},"excerpt":{"rendered":"<p>REDACCI\u00d3N NOTI AM\u00c9RICA (ECUADOR) El Ministerio de Salud P\u00fablica (MSP) recibi\u00f3 este martes 3 de agosto, las primeras 200 mil dosis de la vacuna CanSino, que inmediatamente ser\u00e1n incorporadas al Plan de Vacunaci\u00f3n 9\/100.&#46;&#46;&#46;<\/p>\n","protected":false},"author":17,"featured_media":15623,"comment_status":"open","ping_status":"open","sticky":false,"template":"","format":"standard","meta":{"_acf_changed":false,"om_disable_all_campaigns":false,"rop_custom_images_group":[],"rop_custom_messages_group":[],"rop_publish_now":"initial","rop_publish_now_accounts":{"twitter_242054905_242054905":""},"rop_publish_now_history":[],"rop_publish_now_status":"pending","_uf_show_specific_survey":0,"_uf_disable_surveys":false,"footnotes":""},"categories":[35],"tags":[],"class_list":["post-15622","post","type-post","status-publish","format-standard","has-post-thumbnail","hentry","category-salud"],"acf":[],"aioseo_notices":[],"yoast_head":"<!-- This site is optimized with the Yoast SEO Premium plugin v24.9 (Yoast SEO v27.2) - https:\/\/yoast.com\/product\/yoast-seo-premium-wordpress\/ -->\n<title>Llegan al Ecuador 200 mil vacunas CanSino monodosis - Ecuador | Noti-America.com<\/title>\n<meta name=\"robots\" content=\"index, follow, max-snippet:-1, max-image-preview:large, max-video-preview:-1\" \/>\n<link rel=\"canonical\" href=\"https:\/\/noti-america.com\/site\/ecuador\/2021\/08\/04\/llegan-al-ecuador-200-mil-vacunas-cansino-monodosis\/\" \/>\n<meta property=\"og:locale\" content=\"es_ES\" \/>\n<meta property=\"og:type\" content=\"article\" \/>\n<meta property=\"og:title\" content=\"Llegan al Ecuador 200 mil vacunas CanSino monodosis\" \/>\n<meta property=\"og:description\" content=\"REDACCI\u00d3N NOTI AM\u00c9RICA (ECUADOR) El Ministerio de Salud P\u00fablica (MSP) recibi\u00f3 este martes 3 de agosto, las primeras 200 mil dosis de la vacuna CanSino, que inmediatamente ser\u00e1n incorporadas al Plan de Vacunaci\u00f3n 9\/100.&#046;&#046;&#046;\" \/>\n<meta property=\"og:url\" content=\"https:\/\/noti-america.com\/site\/ecuador\/2021\/08\/04\/llegan-al-ecuador-200-mil-vacunas-cansino-monodosis\/\" \/>\n<meta property=\"og:site_name\" content=\"Ecuador | Noti-America.com\" \/>\n<meta property=\"article:published_time\" content=\"2021-08-04T01:32:57+00:00\" \/>\n<meta property=\"og:image\" content=\"https:\/\/noti-america.com\/site\/ecuador\/wp-content\/uploads\/sites\/18\/2021\/08\/llegan-vacunas-cansino.jpg\" \/>\n\t<meta property=\"og:image:width\" content=\"1280\" \/>\n\t<meta property=\"og:image:height\" content=\"951\" \/>\n\t<meta property=\"og:image:type\" content=\"image\/jpeg\" \/>\n<meta name=\"author\" content=\"Gregory Quintana Montiel\" \/>\n<meta name=\"twitter:card\" content=\"summary_large_image\" \/>\n<meta name=\"twitter:creator\" content=\"@gdgregori1\" \/>\n<meta name=\"twitter:site\" content=\"@notiamerica\" \/>\n<meta name=\"twitter:label1\" content=\"Escrito por\" \/>\n\t<meta name=\"twitter:data1\" content=\"Gregory Quintana Montiel\" \/>\n\t<meta name=\"twitter:label2\" content=\"Tiempo estimado de lectura\" \/>\n\t<meta name=\"twitter:data2\" content=\"2 minutos\" \/>\n<script type=\"application\/ld+json\" class=\"yoast-schema-graph\">{\"@context\":\"https:\/\/schema.org\",\"@graph\":[{\"@type\":\"Article\",\"@id\":\"https:\/\/noti-america.com\/site\/ecuador\/2021\/08\/04\/llegan-al-ecuador-200-mil-vacunas-cansino-monodosis\/#article\",\"isPartOf\":{\"@id\":\"https:\/\/noti-america.com\/site\/ecuador\/2021\/08\/04\/llegan-al-ecuador-200-mil-vacunas-cansino-monodosis\/\"},\"author\":{\"name\":\"Gregory Quintana Montiel\",\"@id\":\"https:\/\/noti-america.com\/site\/ecuador\/#\/schema\/person\/3b975e42f15abfe64bfe3abdd916efda\"},\"headline\":\"Llegan al Ecuador 200 mil vacunas CanSino monodosis\",\"datePublished\":\"2021-08-04T01:32:57+00:00\",\"mainEntityOfPage\":{\"@id\":\"https:\/\/noti-america.com\/site\/ecuador\/2021\/08\/04\/llegan-al-ecuador-200-mil-vacunas-cansino-monodosis\/\"},\"wordCount\":409,\"commentCount\":0,\"publisher\":{\"@id\":\"https:\/\/noti-america.com\/site\/ecuador\/#organization\"},\"image\":{\"@id\":\"https:\/\/noti-america.com\/site\/ecuador\/2021\/08\/04\/llegan-al-ecuador-200-mil-vacunas-cansino-monodosis\/#primaryimage\"},\"thumbnailUrl\":\"https:\/\/noti-america.com\/site\/ecuador\/wp-content\/uploads\/sites\/18\/2021\/08\/llegan-vacunas-cansino.jpg\",\"articleSection\":[\"Salud\"],\"inLanguage\":\"es\",\"potentialAction\":[{\"@type\":\"CommentAction\",\"name\":\"Comment\",\"target\":[\"https:\/\/noti-america.com\/site\/ecuador\/2021\/08\/04\/llegan-al-ecuador-200-mil-vacunas-cansino-monodosis\/#respond\"]}]},{\"@type\":\"WebPage\",\"@id\":\"https:\/\/noti-america.com\/site\/ecuador\/2021\/08\/04\/llegan-al-ecuador-200-mil-vacunas-cansino-monodosis\/\",\"url\":\"https:\/\/noti-america.com\/site\/ecuador\/2021\/08\/04\/llegan-al-ecuador-200-mil-vacunas-cansino-monodosis\/\",\"name\":\"Llegan al Ecuador 200 mil vacunas CanSino monodosis - Ecuador | Noti-America.com\",\"isPartOf\":{\"@id\":\"https:\/\/noti-america.com\/site\/ecuador\/#website\"},\"primaryImageOfPage\":{\"@id\":\"https:\/\/noti-america.com\/site\/ecuador\/2021\/08\/04\/llegan-al-ecuador-200-mil-vacunas-cansino-monodosis\/#primaryimage\"},\"image\":{\"@id\":\"https:\/\/noti-america.com\/site\/ecuador\/2021\/08\/04\/llegan-al-ecuador-200-mil-vacunas-cansino-monodosis\/#primaryimage\"},\"thumbnailUrl\":\"https:\/\/noti-america.com\/site\/ecuador\/wp-content\/uploads\/sites\/18\/2021\/08\/llegan-vacunas-cansino.jpg\",\"datePublished\":\"2021-08-04T01:32:57+00:00\",\"breadcrumb\":{\"@id\":\"https:\/\/noti-america.com\/site\/ecuador\/2021\/08\/04\/llegan-al-ecuador-200-mil-vacunas-cansino-monodosis\/#breadcrumb\"},\"inLanguage\":\"es\",\"potentialAction\":[{\"@type\":\"ReadAction\",\"target\":[\"https:\/\/noti-america.com\/site\/ecuador\/2021\/08\/04\/llegan-al-ecuador-200-mil-vacunas-cansino-monodosis\/\"]}]},{\"@type\":\"ImageObject\",\"inLanguage\":\"es\",\"@id\":\"https:\/\/noti-america.com\/site\/ecuador\/2021\/08\/04\/llegan-al-ecuador-200-mil-vacunas-cansino-monodosis\/#primaryimage\",\"url\":\"https:\/\/noti-america.com\/site\/ecuador\/wp-content\/uploads\/sites\/18\/2021\/08\/llegan-vacunas-cansino.jpg\",\"contentUrl\":\"https:\/\/noti-america.com\/site\/ecuador\/wp-content\/uploads\/sites\/18\/2021\/08\/llegan-vacunas-cansino.jpg\",\"width\":1280,\"height\":951},{\"@type\":\"BreadcrumbList\",\"@id\":\"https:\/\/noti-america.com\/site\/ecuador\/2021\/08\/04\/llegan-al-ecuador-200-mil-vacunas-cansino-monodosis\/#breadcrumb\",\"itemListElement\":[{\"@type\":\"ListItem\",\"position\":1,\"name\":\"Portada\",\"item\":\"https:\/\/noti-america.com\/site\/ecuador\/\"},{\"@type\":\"ListItem\",\"position\":2,\"name\":\"Llegan al Ecuador 200 mil vacunas CanSino monodosis\"}]},{\"@type\":\"WebSite\",\"@id\":\"https:\/\/noti-america.com\/site\/ecuador\/#website\",\"url\":\"https:\/\/noti-america.com\/site\/ecuador\/\",\"name\":\"Ecuador | Noti-America.com\",\"description\":\"\",\"publisher\":{\"@id\":\"https:\/\/noti-america.com\/site\/ecuador\/#organization\"},\"potentialAction\":[{\"@type\":\"SearchAction\",\"target\":{\"@type\":\"EntryPoint\",\"urlTemplate\":\"https:\/\/noti-america.com\/site\/ecuador\/?s={search_term_string}\"},\"query-input\":{\"@type\":\"PropertyValueSpecification\",\"valueRequired\":true,\"valueName\":\"search_term_string\"}}],\"inLanguage\":\"es\"},{\"@type\":\"Organization\",\"@id\":\"https:\/\/noti-america.com\/site\/ecuador\/#organization\",\"name\":\"Noti-America LLC | Ecuador\",\"url\":\"https:\/\/noti-america.com\/site\/ecuador\/\",\"logo\":{\"@type\":\"ImageObject\",\"inLanguage\":\"es\",\"@id\":\"https:\/\/noti-america.com\/site\/ecuador\/#\/schema\/logo\/image\/\",\"url\":\"https:\/\/noti-america.com\/site\/ecuador\/wp-content\/uploads\/sites\/18\/2020\/07\/LogoNA-4x3-1.jpg\",\"contentUrl\":\"https:\/\/noti-america.com\/site\/ecuador\/wp-content\/uploads\/sites\/18\/2020\/07\/LogoNA-4x3-1.jpg\",\"width\":1236,\"height\":1080,\"caption\":\"Noti-America LLC | Ecuador\"},\"image\":{\"@id\":\"https:\/\/noti-america.com\/site\/ecuador\/#\/schema\/logo\/image\/\"},\"sameAs\":[\"https:\/\/x.com\/notiamerica\"]},{\"@type\":\"Person\",\"@id\":\"https:\/\/noti-america.com\/site\/ecuador\/#\/schema\/person\/3b975e42f15abfe64bfe3abdd916efda\",\"name\":\"Gregory Quintana Montiel\",\"image\":{\"@type\":\"ImageObject\",\"inLanguage\":\"es\",\"@id\":\"https:\/\/secure.gravatar.com\/avatar\/2d6b802f7720c2ec7744dcbe608cc2f3417aeb964d58b443c6d612b77531de1d?s=96&d=mm&r=g\",\"url\":\"https:\/\/secure.gravatar.com\/avatar\/2d6b802f7720c2ec7744dcbe608cc2f3417aeb964d58b443c6d612b77531de1d?s=96&d=mm&r=g\",\"contentUrl\":\"https:\/\/secure.gravatar.com\/avatar\/2d6b802f7720c2ec7744dcbe608cc2f3417aeb964d58b443c6d612b77531de1d?s=96&d=mm&r=g\",\"caption\":\"Gregory Quintana Montiel\"},\"description\":\"Licenciatura en Ciencias de la Comunicaci\u00f3n Social, egresado en la Especializaci\u00f3n Derecho Ambiental Desarrollo Sostenible y Sustentable, Miembro de la Comunidad de profesionales y experto para Latinoam\u00e9rica y el Caribe en Gesti\u00f3n por Resultado en el Desarrollo (COPLAC - GpRD) del Banco Interamericano de Desarrollo, experiencia en medios radiales y escritos.\",\"sameAs\":[\"https:\/\/x.com\/gdgregori1\",\"gquintana\"],\"url\":\"https:\/\/noti-america.com\/site\/ecuador\/author\/gquintana\/\"}]}<\/script>\n<!-- \/ Yoast SEO Premium plugin. -->","yoast_head_json":{"title":"Llegan al Ecuador 200 mil vacunas CanSino monodosis - Ecuador | Noti-America.com","robots":{"index":"index","follow":"follow","max-snippet":"max-snippet:-1","max-image-preview":"max-image-preview:large","max-video-preview":"max-video-preview:-1"},"canonical":"https:\/\/noti-america.com\/site\/ecuador\/2021\/08\/04\/llegan-al-ecuador-200-mil-vacunas-cansino-monodosis\/","og_locale":"es_ES","og_type":"article","og_title":"Llegan al Ecuador 200 mil vacunas CanSino monodosis","og_description":"REDACCI\u00d3N NOTI AM\u00c9RICA (ECUADOR) El Ministerio de Salud P\u00fablica (MSP) recibi\u00f3 este martes 3 de agosto, las primeras 200 mil dosis de la vacuna CanSino, que inmediatamente ser\u00e1n incorporadas al Plan de Vacunaci\u00f3n 9\/100.&#46;&#46;&#46;","og_url":"https:\/\/noti-america.com\/site\/ecuador\/2021\/08\/04\/llegan-al-ecuador-200-mil-vacunas-cansino-monodosis\/","og_site_name":"Ecuador | Noti-America.com","article_published_time":"2021-08-04T01:32:57+00:00","og_image":[{"width":1280,"height":951,"url":"https:\/\/noti-america.com\/site\/ecuador\/wp-content\/uploads\/sites\/18\/2021\/08\/llegan-vacunas-cansino.jpg","type":"image\/jpeg"}],"author":"Gregory Quintana Montiel","twitter_card":"summary_large_image","twitter_creator":"@gdgregori1","twitter_site":"@notiamerica","twitter_misc":{"Escrito por":"Gregory Quintana Montiel","Tiempo estimado de lectura":"2 minutos"},"schema":{"@context":"https:\/\/schema.org","@graph":[{"@type":"Article","@id":"https:\/\/noti-america.com\/site\/ecuador\/2021\/08\/04\/llegan-al-ecuador-200-mil-vacunas-cansino-monodosis\/#article","isPartOf":{"@id":"https:\/\/noti-america.com\/site\/ecuador\/2021\/08\/04\/llegan-al-ecuador-200-mil-vacunas-cansino-monodosis\/"},"author":{"name":"Gregory Quintana Montiel","@id":"https:\/\/noti-america.com\/site\/ecuador\/#\/schema\/person\/3b975e42f15abfe64bfe3abdd916efda"},"headline":"Llegan al Ecuador 200 mil vacunas CanSino monodosis","datePublished":"2021-08-04T01:32:57+00:00","mainEntityOfPage":{"@id":"https:\/\/noti-america.com\/site\/ecuador\/2021\/08\/04\/llegan-al-ecuador-200-mil-vacunas-cansino-monodosis\/"},"wordCount":409,"commentCount":0,"publisher":{"@id":"https:\/\/noti-america.com\/site\/ecuador\/#organization"},"image":{"@id":"https:\/\/noti-america.com\/site\/ecuador\/2021\/08\/04\/llegan-al-ecuador-200-mil-vacunas-cansino-monodosis\/#primaryimage"},"thumbnailUrl":"https:\/\/noti-america.com\/site\/ecuador\/wp-content\/uploads\/sites\/18\/2021\/08\/llegan-vacunas-cansino.jpg","articleSection":["Salud"],"inLanguage":"es","potentialAction":[{"@type":"CommentAction","name":"Comment","target":["https:\/\/noti-america.com\/site\/ecuador\/2021\/08\/04\/llegan-al-ecuador-200-mil-vacunas-cansino-monodosis\/#respond"]}]},{"@type":"WebPage","@id":"https:\/\/noti-america.com\/site\/ecuador\/2021\/08\/04\/llegan-al-ecuador-200-mil-vacunas-cansino-monodosis\/","url":"https:\/\/noti-america.com\/site\/ecuador\/2021\/08\/04\/llegan-al-ecuador-200-mil-vacunas-cansino-monodosis\/","name":"Llegan al Ecuador 200 mil vacunas CanSino monodosis - Ecuador | Noti-America.com","isPartOf":{"@id":"https:\/\/noti-america.com\/site\/ecuador\/#website"},"primaryImageOfPage":{"@id":"https:\/\/noti-america.com\/site\/ecuador\/2021\/08\/04\/llegan-al-ecuador-200-mil-vacunas-cansino-monodosis\/#primaryimage"},"image":{"@id":"https:\/\/noti-america.com\/site\/ecuador\/2021\/08\/04\/llegan-al-ecuador-200-mil-vacunas-cansino-monodosis\/#primaryimage"},"thumbnailUrl":"https:\/\/noti-america.com\/site\/ecuador\/wp-content\/uploads\/sites\/18\/2021\/08\/llegan-vacunas-cansino.jpg","datePublished":"2021-08-04T01:32:57+00:00","breadcrumb":{"@id":"https:\/\/noti-america.com\/site\/ecuador\/2021\/08\/04\/llegan-al-ecuador-200-mil-vacunas-cansino-monodosis\/#breadcrumb"},"inLanguage":"es","potentialAction":[{"@type":"ReadAction","target":["https:\/\/noti-america.com\/site\/ecuador\/2021\/08\/04\/llegan-al-ecuador-200-mil-vacunas-cansino-monodosis\/"]}]},{"@type":"ImageObject","inLanguage":"es","@id":"https:\/\/noti-america.com\/site\/ecuador\/2021\/08\/04\/llegan-al-ecuador-200-mil-vacunas-cansino-monodosis\/#primaryimage","url":"https:\/\/noti-america.com\/site\/ecuador\/wp-content\/uploads\/sites\/18\/2021\/08\/llegan-vacunas-cansino.jpg","contentUrl":"https:\/\/noti-america.com\/site\/ecuador\/wp-content\/uploads\/sites\/18\/2021\/08\/llegan-vacunas-cansino.jpg","width":1280,"height":951},{"@type":"BreadcrumbList","@id":"https:\/\/noti-america.com\/site\/ecuador\/2021\/08\/04\/llegan-al-ecuador-200-mil-vacunas-cansino-monodosis\/#breadcrumb","itemListElement":[{"@type":"ListItem","position":1,"name":"Portada","item":"https:\/\/noti-america.com\/site\/ecuador\/"},{"@type":"ListItem","position":2,"name":"Llegan al Ecuador 200 mil vacunas CanSino monodosis"}]},{"@type":"WebSite","@id":"https:\/\/noti-america.com\/site\/ecuador\/#website","url":"https:\/\/noti-america.com\/site\/ecuador\/","name":"Ecuador | Noti-America.com","description":"","publisher":{"@id":"https:\/\/noti-america.com\/site\/ecuador\/#organization"},"potentialAction":[{"@type":"SearchAction","target":{"@type":"EntryPoint","urlTemplate":"https:\/\/noti-america.com\/site\/ecuador\/?s={search_term_string}"},"query-input":{"@type":"PropertyValueSpecification","valueRequired":true,"valueName":"search_term_string"}}],"inLanguage":"es"},{"@type":"Organization","@id":"https:\/\/noti-america.com\/site\/ecuador\/#organization","name":"Noti-America LLC | Ecuador","url":"https:\/\/noti-america.com\/site\/ecuador\/","logo":{"@type":"ImageObject","inLanguage":"es","@id":"https:\/\/noti-america.com\/site\/ecuador\/#\/schema\/logo\/image\/","url":"https:\/\/noti-america.com\/site\/ecuador\/wp-content\/uploads\/sites\/18\/2020\/07\/LogoNA-4x3-1.jpg","contentUrl":"https:\/\/noti-america.com\/site\/ecuador\/wp-content\/uploads\/sites\/18\/2020\/07\/LogoNA-4x3-1.jpg","width":1236,"height":1080,"caption":"Noti-America LLC | Ecuador"},"image":{"@id":"https:\/\/noti-america.com\/site\/ecuador\/#\/schema\/logo\/image\/"},"sameAs":["https:\/\/x.com\/notiamerica"]},{"@type":"Person","@id":"https:\/\/noti-america.com\/site\/ecuador\/#\/schema\/person\/3b975e42f15abfe64bfe3abdd916efda","name":"Gregory Quintana Montiel","image":{"@type":"ImageObject","inLanguage":"es","@id":"https:\/\/secure.gravatar.com\/avatar\/2d6b802f7720c2ec7744dcbe608cc2f3417aeb964d58b443c6d612b77531de1d?s=96&d=mm&r=g","url":"https:\/\/secure.gravatar.com\/avatar\/2d6b802f7720c2ec7744dcbe608cc2f3417aeb964d58b443c6d612b77531de1d?s=96&d=mm&r=g","contentUrl":"https:\/\/secure.gravatar.com\/avatar\/2d6b802f7720c2ec7744dcbe608cc2f3417aeb964d58b443c6d612b77531de1d?s=96&d=mm&r=g","caption":"Gregory Quintana Montiel"},"description":"Licenciatura en Ciencias de la Comunicaci\u00f3n Social, egresado en la Especializaci\u00f3n Derecho Ambiental Desarrollo Sostenible y Sustentable, Miembro de la Comunidad de profesionales y experto para Latinoam\u00e9rica y el Caribe en Gesti\u00f3n por Resultado en el Desarrollo (COPLAC - GpRD) del Banco Interamericano de Desarrollo, experiencia en medios radiales y escritos.","sameAs":["https:\/\/x.com\/gdgregori1","gquintana"],"url":"https:\/\/noti-america.com\/site\/ecuador\/author\/gquintana\/"}]}},"_links":{"self":[{"href":"https:\/\/noti-america.com\/site\/ecuador\/wp-json\/wp\/v2\/posts\/15622","targetHints":{"allow":["GET"]}}],"collection":[{"href":"https:\/\/noti-america.com\/site\/ecuador\/wp-json\/wp\/v2\/posts"}],"about":[{"href":"https:\/\/noti-america.com\/site\/ecuador\/wp-json\/wp\/v2\/types\/post"}],"author":[{"embeddable":true,"href":"https:\/\/noti-america.com\/site\/ecuador\/wp-json\/wp\/v2\/users\/17"}],"replies":[{"embeddable":true,"href":"https:\/\/noti-america.com\/site\/ecuador\/wp-json\/wp\/v2\/comments?post=15622"}],"version-history":[{"count":1,"href":"https:\/\/noti-america.com\/site\/ecuador\/wp-json\/wp\/v2\/posts\/15622\/revisions"}],"predecessor-version":[{"id":15624,"href":"https:\/\/noti-america.com\/site\/ecuador\/wp-json\/wp\/v2\/posts\/15622\/revisions\/15624"}],"wp:featuredmedia":[{"embeddable":true,"href":"https:\/\/noti-america.com\/site\/ecuador\/wp-json\/wp\/v2\/media\/15623"}],"wp:attachment":[{"href":"https:\/\/noti-america.com\/site\/ecuador\/wp-json\/wp\/v2\/media?parent=15622"}],"wp:term":[{"taxonomy":"category","embeddable":true,"href":"https:\/\/noti-america.com\/site\/ecuador\/wp-json\/wp\/v2\/categories?post=15622"},{"taxonomy":"post_tag","embeddable":true,"href":"https:\/\/noti-america.com\/site\/ecuador\/wp-json\/wp\/v2\/tags?post=15622"}],"curies":[{"name":"wp","href":"https:\/\/api.w.org\/{rel}","templated":true}]}}