{"id":15547,"date":"2021-07-29T03:25:23","date_gmt":"2021-07-29T03:25:23","guid":{"rendered":"https:\/\/noti-america.com\/site\/ecuador\/?p=15547"},"modified":"2021-07-29T03:25:23","modified_gmt":"2021-07-29T03:25:23","slug":"ministerio-de-turismo-busca-posicionar-a-guayaquil-como-destino-seguro","status":"publish","type":"post","link":"https:\/\/noti-america.com\/site\/ecuador\/2021\/07\/29\/ministerio-de-turismo-busca-posicionar-a-guayaquil-como-destino-seguro\/","title":{"rendered":"Ministerio de Turismo busca posicionar a Guayaquil como destino seguro"},"content":{"rendered":"<p>REDACCI\u00d3N NOTI AM\u00c9RICA (ECUADOR)<\/p>\n<div style=\"width: 1034px\" class=\"wp-caption alignnone\"><img loading=\"lazy\" decoding=\"async\" src=\"https:\/\/www.turismo.gob.ec\/wp-content\/uploads\/2021\/07\/RECORRIDO-MINISTRO-GYE-3.jpeg\" alt=\"\" width=\"1024\" height=\"682\" \/><p class=\"wp-caption-text\">Ministro de turismo recorre locales en Guayaquil<\/p><\/div>\n<p style=\"text-align: justify\">Crear nuevos productos tur\u00edsticos que permitan brindar servicios con calidad es el nuevo objetivo trazado por el ministro de Turismo, Niels Olsen. El tema, que busca fortalecer las acciones de reactivaci\u00f3n tur\u00edstica, fue abordado en la ciudad de Guayaquil durante un recorrido que realiz\u00f3 en compa\u00f1\u00eda de agentes de la Polic\u00eda Tur\u00edstica y gu\u00edas certificados.<\/p>\n<p style=\"text-align: justify\">El Parque Seminario, la Plaza de la Administraci\u00f3n, el Malec\u00f3n Sim\u00f3n Bol\u00edvar, la Calle Panam\u00e1, el Museo de los Bomberos, el Barrio las Pe\u00f1as, calle Numa Pompilio Llona, entre otros, fueron los puntos visitados, y donde se busca garantizar la seguridad integral del turista nacional e internacional.<\/p>\n<p style=\"text-align: justify\">El ministro Olsen dijo que, para lograr el objetivo se cuenta con el apoyo de la Polic\u00eda Nacional, a trav\u00e9s del equipo de la Polic\u00eda Tur\u00edstica, quienes ayudar\u00e1n en los controles necesarios para regular la actividad informal. \u201c<em>Es importante que los profesionales que trabajan con turistas se encuentren capacitados y regularizados por el Ministerio de Turismo<\/em>\u201d, indic\u00f3, a\u00f1adiendo que se trabajar\u00e1 en la creaci\u00f3n de nuevos productos, no solo enfocados en el tema de promoci\u00f3n, sino tambi\u00e9n de formaci\u00f3n. \u201c<em>Este es un trabajo del Gobierno del Encuentro que involucra al sector privado, al sector p\u00fablico, la academia y a la comunidad<\/em>\u201d, concluy\u00f3.<\/p>\n<p style=\"text-align: justify\">Los Ministerios de Turismo y Gobierno trabajan para posicionar a Guayaquil como un destino seguro a nivel regional, brindando confianza a los turistas y generando nuevas experiencias que permitan el disfrute de los visitantes.<\/p>\n","protected":false},"excerpt":{"rendered":"<p>REDACCI\u00d3N NOTI AM\u00c9RICA (ECUADOR) Crear nuevos productos tur\u00edsticos que permitan brindar servicios con calidad es el nuevo objetivo trazado por el ministro de Turismo, Niels Olsen. El tema, que busca fortalecer las acciones de&#46;&#46;&#46;<\/p>\n","protected":false},"author":17,"featured_media":15548,"comment_status":"open","ping_status":"open","sticky":false,"template":"","format":"standard","meta":{"_acf_changed":false,"om_disable_all_campaigns":false,"rop_custom_images_group":[],"rop_custom_messages_group":[],"rop_publish_now":"initial","rop_publish_now_accounts":{"twitter_242054905_242054905":""},"rop_publish_now_history":[],"rop_publish_now_status":"pending","_uf_show_specific_survey":0,"_uf_disable_surveys":false,"footnotes":""},"categories":[36],"tags":[],"class_list":["post-15547","post","type-post","status-publish","format-standard","has-post-thumbnail","hentry","category-turismo"],"acf":[],"aioseo_notices":[],"yoast_head":"<!-- This site is optimized with the Yoast SEO Premium plugin v24.9 (Yoast SEO v27.2) - https:\/\/yoast.com\/product\/yoast-seo-premium-wordpress\/ -->\n<title>Ministerio de Turismo busca posicionar a Guayaquil como destino seguro - Ecuador | Noti-America.com<\/title>\n<meta name=\"robots\" content=\"index, follow, max-snippet:-1, max-image-preview:large, max-video-preview:-1\" \/>\n<link rel=\"canonical\" href=\"https:\/\/noti-america.com\/site\/ecuador\/2021\/07\/29\/ministerio-de-turismo-busca-posicionar-a-guayaquil-como-destino-seguro\/\" \/>\n<meta property=\"og:locale\" content=\"es_ES\" \/>\n<meta property=\"og:type\" content=\"article\" \/>\n<meta property=\"og:title\" content=\"Ministerio de Turismo busca posicionar a Guayaquil como destino seguro\" \/>\n<meta property=\"og:description\" content=\"REDACCI\u00d3N NOTI AM\u00c9RICA (ECUADOR) Crear nuevos productos tur\u00edsticos que permitan brindar servicios con calidad es el nuevo objetivo trazado por el ministro de Turismo, Niels Olsen. El tema, que busca fortalecer las acciones de&#046;&#046;&#046;\" \/>\n<meta property=\"og:url\" content=\"https:\/\/noti-america.com\/site\/ecuador\/2021\/07\/29\/ministerio-de-turismo-busca-posicionar-a-guayaquil-como-destino-seguro\/\" \/>\n<meta property=\"og:site_name\" content=\"Ecuador | Noti-America.com\" \/>\n<meta property=\"article:published_time\" content=\"2021-07-29T03:25:23+00:00\" \/>\n<meta property=\"og:image\" content=\"https:\/\/noti-america.com\/site\/ecuador\/wp-content\/uploads\/sites\/18\/2021\/07\/RECORRIDO-MINISTRO-GYE-3.jpeg\" \/>\n\t<meta property=\"og:image:width\" content=\"1024\" \/>\n\t<meta property=\"og:image:height\" content=\"682\" \/>\n\t<meta property=\"og:image:type\" content=\"image\/jpeg\" \/>\n<meta name=\"author\" content=\"Gregory Quintana Montiel\" \/>\n<meta name=\"twitter:card\" content=\"summary_large_image\" \/>\n<meta name=\"twitter:creator\" content=\"@gdgregori1\" \/>\n<meta name=\"twitter:site\" content=\"@notiamerica\" \/>\n<meta name=\"twitter:label1\" content=\"Escrito por\" \/>\n\t<meta name=\"twitter:data1\" content=\"Gregory Quintana Montiel\" \/>\n\t<meta name=\"twitter:label2\" content=\"Tiempo estimado de lectura\" \/>\n\t<meta name=\"twitter:data2\" content=\"1 minuto\" \/>\n<script type=\"application\/ld+json\" class=\"yoast-schema-graph\">{\"@context\":\"https:\/\/schema.org\",\"@graph\":[{\"@type\":\"Article\",\"@id\":\"https:\/\/noti-america.com\/site\/ecuador\/2021\/07\/29\/ministerio-de-turismo-busca-posicionar-a-guayaquil-como-destino-seguro\/#article\",\"isPartOf\":{\"@id\":\"https:\/\/noti-america.com\/site\/ecuador\/2021\/07\/29\/ministerio-de-turismo-busca-posicionar-a-guayaquil-como-destino-seguro\/\"},\"author\":{\"name\":\"Gregory Quintana Montiel\",\"@id\":\"https:\/\/noti-america.com\/site\/ecuador\/#\/schema\/person\/3b975e42f15abfe64bfe3abdd916efda\"},\"headline\":\"Ministerio de Turismo busca posicionar a Guayaquil como destino seguro\",\"datePublished\":\"2021-07-29T03:25:23+00:00\",\"mainEntityOfPage\":{\"@id\":\"https:\/\/noti-america.com\/site\/ecuador\/2021\/07\/29\/ministerio-de-turismo-busca-posicionar-a-guayaquil-como-destino-seguro\/\"},\"wordCount\":290,\"commentCount\":0,\"publisher\":{\"@id\":\"https:\/\/noti-america.com\/site\/ecuador\/#organization\"},\"image\":{\"@id\":\"https:\/\/noti-america.com\/site\/ecuador\/2021\/07\/29\/ministerio-de-turismo-busca-posicionar-a-guayaquil-como-destino-seguro\/#primaryimage\"},\"thumbnailUrl\":\"https:\/\/noti-america.com\/site\/ecuador\/wp-content\/uploads\/sites\/18\/2021\/07\/RECORRIDO-MINISTRO-GYE-3.jpeg\",\"articleSection\":[\"Turismo\"],\"inLanguage\":\"es\",\"potentialAction\":[{\"@type\":\"CommentAction\",\"name\":\"Comment\",\"target\":[\"https:\/\/noti-america.com\/site\/ecuador\/2021\/07\/29\/ministerio-de-turismo-busca-posicionar-a-guayaquil-como-destino-seguro\/#respond\"]}]},{\"@type\":\"WebPage\",\"@id\":\"https:\/\/noti-america.com\/site\/ecuador\/2021\/07\/29\/ministerio-de-turismo-busca-posicionar-a-guayaquil-como-destino-seguro\/\",\"url\":\"https:\/\/noti-america.com\/site\/ecuador\/2021\/07\/29\/ministerio-de-turismo-busca-posicionar-a-guayaquil-como-destino-seguro\/\",\"name\":\"Ministerio de Turismo busca posicionar a Guayaquil como destino seguro - Ecuador | Noti-America.com\",\"isPartOf\":{\"@id\":\"https:\/\/noti-america.com\/site\/ecuador\/#website\"},\"primaryImageOfPage\":{\"@id\":\"https:\/\/noti-america.com\/site\/ecuador\/2021\/07\/29\/ministerio-de-turismo-busca-posicionar-a-guayaquil-como-destino-seguro\/#primaryimage\"},\"image\":{\"@id\":\"https:\/\/noti-america.com\/site\/ecuador\/2021\/07\/29\/ministerio-de-turismo-busca-posicionar-a-guayaquil-como-destino-seguro\/#primaryimage\"},\"thumbnailUrl\":\"https:\/\/noti-america.com\/site\/ecuador\/wp-content\/uploads\/sites\/18\/2021\/07\/RECORRIDO-MINISTRO-GYE-3.jpeg\",\"datePublished\":\"2021-07-29T03:25:23+00:00\",\"breadcrumb\":{\"@id\":\"https:\/\/noti-america.com\/site\/ecuador\/2021\/07\/29\/ministerio-de-turismo-busca-posicionar-a-guayaquil-como-destino-seguro\/#breadcrumb\"},\"inLanguage\":\"es\",\"potentialAction\":[{\"@type\":\"ReadAction\",\"target\":[\"https:\/\/noti-america.com\/site\/ecuador\/2021\/07\/29\/ministerio-de-turismo-busca-posicionar-a-guayaquil-como-destino-seguro\/\"]}]},{\"@type\":\"ImageObject\",\"inLanguage\":\"es\",\"@id\":\"https:\/\/noti-america.com\/site\/ecuador\/2021\/07\/29\/ministerio-de-turismo-busca-posicionar-a-guayaquil-como-destino-seguro\/#primaryimage\",\"url\":\"https:\/\/noti-america.com\/site\/ecuador\/wp-content\/uploads\/sites\/18\/2021\/07\/RECORRIDO-MINISTRO-GYE-3.jpeg\",\"contentUrl\":\"https:\/\/noti-america.com\/site\/ecuador\/wp-content\/uploads\/sites\/18\/2021\/07\/RECORRIDO-MINISTRO-GYE-3.jpeg\",\"width\":1024,\"height\":682},{\"@type\":\"BreadcrumbList\",\"@id\":\"https:\/\/noti-america.com\/site\/ecuador\/2021\/07\/29\/ministerio-de-turismo-busca-posicionar-a-guayaquil-como-destino-seguro\/#breadcrumb\",\"itemListElement\":[{\"@type\":\"ListItem\",\"position\":1,\"name\":\"Portada\",\"item\":\"https:\/\/noti-america.com\/site\/ecuador\/\"},{\"@type\":\"ListItem\",\"position\":2,\"name\":\"Ministerio de Turismo busca posicionar a Guayaquil como destino seguro\"}]},{\"@type\":\"WebSite\",\"@id\":\"https:\/\/noti-america.com\/site\/ecuador\/#website\",\"url\":\"https:\/\/noti-america.com\/site\/ecuador\/\",\"name\":\"Ecuador | Noti-America.com\",\"description\":\"\",\"publisher\":{\"@id\":\"https:\/\/noti-america.com\/site\/ecuador\/#organization\"},\"potentialAction\":[{\"@type\":\"SearchAction\",\"target\":{\"@type\":\"EntryPoint\",\"urlTemplate\":\"https:\/\/noti-america.com\/site\/ecuador\/?s={search_term_string}\"},\"query-input\":{\"@type\":\"PropertyValueSpecification\",\"valueRequired\":true,\"valueName\":\"search_term_string\"}}],\"inLanguage\":\"es\"},{\"@type\":\"Organization\",\"@id\":\"https:\/\/noti-america.com\/site\/ecuador\/#organization\",\"name\":\"Noti-America LLC | Ecuador\",\"url\":\"https:\/\/noti-america.com\/site\/ecuador\/\",\"logo\":{\"@type\":\"ImageObject\",\"inLanguage\":\"es\",\"@id\":\"https:\/\/noti-america.com\/site\/ecuador\/#\/schema\/logo\/image\/\",\"url\":\"https:\/\/noti-america.com\/site\/ecuador\/wp-content\/uploads\/sites\/18\/2020\/07\/LogoNA-4x3-1.jpg\",\"contentUrl\":\"https:\/\/noti-america.com\/site\/ecuador\/wp-content\/uploads\/sites\/18\/2020\/07\/LogoNA-4x3-1.jpg\",\"width\":1236,\"height\":1080,\"caption\":\"Noti-America LLC | Ecuador\"},\"image\":{\"@id\":\"https:\/\/noti-america.com\/site\/ecuador\/#\/schema\/logo\/image\/\"},\"sameAs\":[\"https:\/\/x.com\/notiamerica\"]},{\"@type\":\"Person\",\"@id\":\"https:\/\/noti-america.com\/site\/ecuador\/#\/schema\/person\/3b975e42f15abfe64bfe3abdd916efda\",\"name\":\"Gregory Quintana Montiel\",\"image\":{\"@type\":\"ImageObject\",\"inLanguage\":\"es\",\"@id\":\"https:\/\/secure.gravatar.com\/avatar\/2d6b802f7720c2ec7744dcbe608cc2f3417aeb964d58b443c6d612b77531de1d?s=96&d=mm&r=g\",\"url\":\"https:\/\/secure.gravatar.com\/avatar\/2d6b802f7720c2ec7744dcbe608cc2f3417aeb964d58b443c6d612b77531de1d?s=96&d=mm&r=g\",\"contentUrl\":\"https:\/\/secure.gravatar.com\/avatar\/2d6b802f7720c2ec7744dcbe608cc2f3417aeb964d58b443c6d612b77531de1d?s=96&d=mm&r=g\",\"caption\":\"Gregory Quintana Montiel\"},\"description\":\"Licenciatura en Ciencias de la Comunicaci\u00f3n Social, egresado en la Especializaci\u00f3n Derecho Ambiental Desarrollo Sostenible y Sustentable, Miembro de la Comunidad de profesionales y experto para Latinoam\u00e9rica y el Caribe en Gesti\u00f3n por Resultado en el Desarrollo (COPLAC - GpRD) del Banco Interamericano de Desarrollo, experiencia en medios radiales y escritos.\",\"sameAs\":[\"https:\/\/x.com\/gdgregori1\",\"gquintana\"],\"url\":\"https:\/\/noti-america.com\/site\/ecuador\/author\/gquintana\/\"}]}<\/script>\n<!-- \/ Yoast SEO Premium plugin. -->","yoast_head_json":{"title":"Ministerio de Turismo busca posicionar a Guayaquil como destino seguro - Ecuador | Noti-America.com","robots":{"index":"index","follow":"follow","max-snippet":"max-snippet:-1","max-image-preview":"max-image-preview:large","max-video-preview":"max-video-preview:-1"},"canonical":"https:\/\/noti-america.com\/site\/ecuador\/2021\/07\/29\/ministerio-de-turismo-busca-posicionar-a-guayaquil-como-destino-seguro\/","og_locale":"es_ES","og_type":"article","og_title":"Ministerio de Turismo busca posicionar a Guayaquil como destino seguro","og_description":"REDACCI\u00d3N NOTI AM\u00c9RICA (ECUADOR) Crear nuevos productos tur\u00edsticos que permitan brindar servicios con calidad es el nuevo objetivo trazado por el ministro de Turismo, Niels Olsen. El tema, que busca fortalecer las acciones de&#46;&#46;&#46;","og_url":"https:\/\/noti-america.com\/site\/ecuador\/2021\/07\/29\/ministerio-de-turismo-busca-posicionar-a-guayaquil-como-destino-seguro\/","og_site_name":"Ecuador | Noti-America.com","article_published_time":"2021-07-29T03:25:23+00:00","og_image":[{"width":1024,"height":682,"url":"https:\/\/noti-america.com\/site\/ecuador\/wp-content\/uploads\/sites\/18\/2021\/07\/RECORRIDO-MINISTRO-GYE-3.jpeg","type":"image\/jpeg"}],"author":"Gregory Quintana Montiel","twitter_card":"summary_large_image","twitter_creator":"@gdgregori1","twitter_site":"@notiamerica","twitter_misc":{"Escrito por":"Gregory Quintana Montiel","Tiempo estimado de lectura":"1 minuto"},"schema":{"@context":"https:\/\/schema.org","@graph":[{"@type":"Article","@id":"https:\/\/noti-america.com\/site\/ecuador\/2021\/07\/29\/ministerio-de-turismo-busca-posicionar-a-guayaquil-como-destino-seguro\/#article","isPartOf":{"@id":"https:\/\/noti-america.com\/site\/ecuador\/2021\/07\/29\/ministerio-de-turismo-busca-posicionar-a-guayaquil-como-destino-seguro\/"},"author":{"name":"Gregory Quintana Montiel","@id":"https:\/\/noti-america.com\/site\/ecuador\/#\/schema\/person\/3b975e42f15abfe64bfe3abdd916efda"},"headline":"Ministerio de Turismo busca posicionar a Guayaquil como destino seguro","datePublished":"2021-07-29T03:25:23+00:00","mainEntityOfPage":{"@id":"https:\/\/noti-america.com\/site\/ecuador\/2021\/07\/29\/ministerio-de-turismo-busca-posicionar-a-guayaquil-como-destino-seguro\/"},"wordCount":290,"commentCount":0,"publisher":{"@id":"https:\/\/noti-america.com\/site\/ecuador\/#organization"},"image":{"@id":"https:\/\/noti-america.com\/site\/ecuador\/2021\/07\/29\/ministerio-de-turismo-busca-posicionar-a-guayaquil-como-destino-seguro\/#primaryimage"},"thumbnailUrl":"https:\/\/noti-america.com\/site\/ecuador\/wp-content\/uploads\/sites\/18\/2021\/07\/RECORRIDO-MINISTRO-GYE-3.jpeg","articleSection":["Turismo"],"inLanguage":"es","potentialAction":[{"@type":"CommentAction","name":"Comment","target":["https:\/\/noti-america.com\/site\/ecuador\/2021\/07\/29\/ministerio-de-turismo-busca-posicionar-a-guayaquil-como-destino-seguro\/#respond"]}]},{"@type":"WebPage","@id":"https:\/\/noti-america.com\/site\/ecuador\/2021\/07\/29\/ministerio-de-turismo-busca-posicionar-a-guayaquil-como-destino-seguro\/","url":"https:\/\/noti-america.com\/site\/ecuador\/2021\/07\/29\/ministerio-de-turismo-busca-posicionar-a-guayaquil-como-destino-seguro\/","name":"Ministerio de Turismo busca posicionar a Guayaquil como destino seguro - Ecuador | Noti-America.com","isPartOf":{"@id":"https:\/\/noti-america.com\/site\/ecuador\/#website"},"primaryImageOfPage":{"@id":"https:\/\/noti-america.com\/site\/ecuador\/2021\/07\/29\/ministerio-de-turismo-busca-posicionar-a-guayaquil-como-destino-seguro\/#primaryimage"},"image":{"@id":"https:\/\/noti-america.com\/site\/ecuador\/2021\/07\/29\/ministerio-de-turismo-busca-posicionar-a-guayaquil-como-destino-seguro\/#primaryimage"},"thumbnailUrl":"https:\/\/noti-america.com\/site\/ecuador\/wp-content\/uploads\/sites\/18\/2021\/07\/RECORRIDO-MINISTRO-GYE-3.jpeg","datePublished":"2021-07-29T03:25:23+00:00","breadcrumb":{"@id":"https:\/\/noti-america.com\/site\/ecuador\/2021\/07\/29\/ministerio-de-turismo-busca-posicionar-a-guayaquil-como-destino-seguro\/#breadcrumb"},"inLanguage":"es","potentialAction":[{"@type":"ReadAction","target":["https:\/\/noti-america.com\/site\/ecuador\/2021\/07\/29\/ministerio-de-turismo-busca-posicionar-a-guayaquil-como-destino-seguro\/"]}]},{"@type":"ImageObject","inLanguage":"es","@id":"https:\/\/noti-america.com\/site\/ecuador\/2021\/07\/29\/ministerio-de-turismo-busca-posicionar-a-guayaquil-como-destino-seguro\/#primaryimage","url":"https:\/\/noti-america.com\/site\/ecuador\/wp-content\/uploads\/sites\/18\/2021\/07\/RECORRIDO-MINISTRO-GYE-3.jpeg","contentUrl":"https:\/\/noti-america.com\/site\/ecuador\/wp-content\/uploads\/sites\/18\/2021\/07\/RECORRIDO-MINISTRO-GYE-3.jpeg","width":1024,"height":682},{"@type":"BreadcrumbList","@id":"https:\/\/noti-america.com\/site\/ecuador\/2021\/07\/29\/ministerio-de-turismo-busca-posicionar-a-guayaquil-como-destino-seguro\/#breadcrumb","itemListElement":[{"@type":"ListItem","position":1,"name":"Portada","item":"https:\/\/noti-america.com\/site\/ecuador\/"},{"@type":"ListItem","position":2,"name":"Ministerio de Turismo busca posicionar a Guayaquil como destino seguro"}]},{"@type":"WebSite","@id":"https:\/\/noti-america.com\/site\/ecuador\/#website","url":"https:\/\/noti-america.com\/site\/ecuador\/","name":"Ecuador | Noti-America.com","description":"","publisher":{"@id":"https:\/\/noti-america.com\/site\/ecuador\/#organization"},"potentialAction":[{"@type":"SearchAction","target":{"@type":"EntryPoint","urlTemplate":"https:\/\/noti-america.com\/site\/ecuador\/?s={search_term_string}"},"query-input":{"@type":"PropertyValueSpecification","valueRequired":true,"valueName":"search_term_string"}}],"inLanguage":"es"},{"@type":"Organization","@id":"https:\/\/noti-america.com\/site\/ecuador\/#organization","name":"Noti-America LLC | Ecuador","url":"https:\/\/noti-america.com\/site\/ecuador\/","logo":{"@type":"ImageObject","inLanguage":"es","@id":"https:\/\/noti-america.com\/site\/ecuador\/#\/schema\/logo\/image\/","url":"https:\/\/noti-america.com\/site\/ecuador\/wp-content\/uploads\/sites\/18\/2020\/07\/LogoNA-4x3-1.jpg","contentUrl":"https:\/\/noti-america.com\/site\/ecuador\/wp-content\/uploads\/sites\/18\/2020\/07\/LogoNA-4x3-1.jpg","width":1236,"height":1080,"caption":"Noti-America LLC | Ecuador"},"image":{"@id":"https:\/\/noti-america.com\/site\/ecuador\/#\/schema\/logo\/image\/"},"sameAs":["https:\/\/x.com\/notiamerica"]},{"@type":"Person","@id":"https:\/\/noti-america.com\/site\/ecuador\/#\/schema\/person\/3b975e42f15abfe64bfe3abdd916efda","name":"Gregory Quintana Montiel","image":{"@type":"ImageObject","inLanguage":"es","@id":"https:\/\/secure.gravatar.com\/avatar\/2d6b802f7720c2ec7744dcbe608cc2f3417aeb964d58b443c6d612b77531de1d?s=96&d=mm&r=g","url":"https:\/\/secure.gravatar.com\/avatar\/2d6b802f7720c2ec7744dcbe608cc2f3417aeb964d58b443c6d612b77531de1d?s=96&d=mm&r=g","contentUrl":"https:\/\/secure.gravatar.com\/avatar\/2d6b802f7720c2ec7744dcbe608cc2f3417aeb964d58b443c6d612b77531de1d?s=96&d=mm&r=g","caption":"Gregory Quintana Montiel"},"description":"Licenciatura en Ciencias de la Comunicaci\u00f3n Social, egresado en la Especializaci\u00f3n Derecho Ambiental Desarrollo Sostenible y Sustentable, Miembro de la Comunidad de profesionales y experto para Latinoam\u00e9rica y el Caribe en Gesti\u00f3n por Resultado en el Desarrollo (COPLAC - GpRD) del Banco Interamericano de Desarrollo, experiencia en medios radiales y escritos.","sameAs":["https:\/\/x.com\/gdgregori1","gquintana"],"url":"https:\/\/noti-america.com\/site\/ecuador\/author\/gquintana\/"}]}},"_links":{"self":[{"href":"https:\/\/noti-america.com\/site\/ecuador\/wp-json\/wp\/v2\/posts\/15547","targetHints":{"allow":["GET"]}}],"collection":[{"href":"https:\/\/noti-america.com\/site\/ecuador\/wp-json\/wp\/v2\/posts"}],"about":[{"href":"https:\/\/noti-america.com\/site\/ecuador\/wp-json\/wp\/v2\/types\/post"}],"author":[{"embeddable":true,"href":"https:\/\/noti-america.com\/site\/ecuador\/wp-json\/wp\/v2\/users\/17"}],"replies":[{"embeddable":true,"href":"https:\/\/noti-america.com\/site\/ecuador\/wp-json\/wp\/v2\/comments?post=15547"}],"version-history":[{"count":1,"href":"https:\/\/noti-america.com\/site\/ecuador\/wp-json\/wp\/v2\/posts\/15547\/revisions"}],"predecessor-version":[{"id":15549,"href":"https:\/\/noti-america.com\/site\/ecuador\/wp-json\/wp\/v2\/posts\/15547\/revisions\/15549"}],"wp:featuredmedia":[{"embeddable":true,"href":"https:\/\/noti-america.com\/site\/ecuador\/wp-json\/wp\/v2\/media\/15548"}],"wp:attachment":[{"href":"https:\/\/noti-america.com\/site\/ecuador\/wp-json\/wp\/v2\/media?parent=15547"}],"wp:term":[{"taxonomy":"category","embeddable":true,"href":"https:\/\/noti-america.com\/site\/ecuador\/wp-json\/wp\/v2\/categories?post=15547"},{"taxonomy":"post_tag","embeddable":true,"href":"https:\/\/noti-america.com\/site\/ecuador\/wp-json\/wp\/v2\/tags?post=15547"}],"curies":[{"name":"wp","href":"https:\/\/api.w.org\/{rel}","templated":true}]}}