{"id":15525,"date":"2021-07-28T16:05:52","date_gmt":"2021-07-28T16:05:52","guid":{"rendered":"https:\/\/noti-america.com\/site\/ecuador\/?p=15525"},"modified":"2021-07-28T16:05:52","modified_gmt":"2021-07-28T16:05:52","slug":"direccion-de-ambiente-celebro-el-dia-internacional-de-la-defensa-del-manglar-en-la-playita-del-guasmo","status":"publish","type":"post","link":"https:\/\/noti-america.com\/site\/ecuador\/2021\/07\/28\/direccion-de-ambiente-celebro-el-dia-internacional-de-la-defensa-del-manglar-en-la-playita-del-guasmo\/","title":{"rendered":"Direcci\u00f3n de Ambiente celebr\u00f3 el D\u00eda Internacional de la Defensa del Manglar en la playita del Guasmo"},"content":{"rendered":"<p style=\"text-align: justify\"><strong>REDACCI\u00d3N NOTI AM\u00c9RICA (ECUADOR)<\/strong><\/p>\n<div id=\"attachment_15526\" style=\"width: 544px\" class=\"wp-caption aligncenter\"><img loading=\"lazy\" decoding=\"async\" aria-describedby=\"caption-attachment-15526\" class=\"wp-image-15526\" src=\"https:\/\/noti-america.com\/site\/ecuador\/wp-content\/uploads\/sites\/18\/2021\/07\/28-DE-JULIO-WhatsApp-Image-2021-07-27-at-17.35.24-225x300.jpeg\" alt=\"\" width=\"534\" height=\"712\" srcset=\"https:\/\/noti-america.com\/site\/ecuador\/wp-content\/uploads\/sites\/18\/2021\/07\/28-DE-JULIO-WhatsApp-Image-2021-07-27-at-17.35.24-225x300.jpeg 225w, https:\/\/noti-america.com\/site\/ecuador\/wp-content\/uploads\/sites\/18\/2021\/07\/28-DE-JULIO-WhatsApp-Image-2021-07-27-at-17.35.24-768x1024.jpeg 768w, https:\/\/noti-america.com\/site\/ecuador\/wp-content\/uploads\/sites\/18\/2021\/07\/28-DE-JULIO-WhatsApp-Image-2021-07-27-at-17.35.24.jpeg 960w\" sizes=\"auto, (max-width: 534px) 100vw, 534px\" \/><p id=\"caption-attachment-15526\" class=\"wp-caption-text\">Una siembra simb\u00f3lica de un manglar se desarroll\u00f3 en la Playita del Guasmo.<\/p><\/div>\n<p style=\"text-align: justify\">La Direcci\u00f3n de Ambiente fue parte del evento por el D\u00eda Internacional de la Defensa del Ecosistema del manglar. El balneario la Playita del Guasmo se desarroll\u00f3 varios eventos de concienciaci\u00f3n con el objetivo de generar responsabilidad ambiental y la\u00a0 importancia que tiene este ecosistema.<br \/>\nSe realiz\u00f3 una siembra simb\u00f3lica de la especie rhizophora mangle por parte de las autoridades invitadas, donde se recolect\u00f3 en total 242 sacos de residuos entre pl\u00e1sticos y vidrios.<br \/>\nEste evento fue organizado por la integraci\u00f3n econ\u00f3mica de centrales del manglar, la Fenacopec, la coordinaci\u00f3n de la Unidad del Guayas y el MIEP; adem\u00e1s, del apoyo de organizaciones: Asociaci\u00f3n Rio guayas, Asociaci\u00f3n Puerto Libertad, Comunidad Bellavista, Cooperativa Unidos Solos m\u00e1s y Red de manglar redaman.<\/p>\n","protected":false},"excerpt":{"rendered":"<p>REDACCI\u00d3N NOTI AM\u00c9RICA (ECUADOR) La Direcci\u00f3n de Ambiente fue parte del evento por el D\u00eda Internacional de la Defensa del Ecosistema del manglar. El balneario la Playita del Guasmo se desarroll\u00f3 varios eventos de&#46;&#46;&#46;<\/p>\n","protected":false},"author":113,"featured_media":15526,"comment_status":"open","ping_status":"open","sticky":false,"template":"","format":"standard","meta":{"_acf_changed":false,"om_disable_all_campaigns":false,"rop_custom_images_group":[],"rop_custom_messages_group":[],"rop_publish_now":"initial","rop_publish_now_accounts":{"twitter_242054905_242054905":""},"rop_publish_now_history":[],"rop_publish_now_status":"pending","_uf_show_specific_survey":0,"_uf_disable_surveys":false,"footnotes":""},"categories":[1],"tags":[],"class_list":["post-15525","post","type-post","status-publish","format-standard","has-post-thumbnail","hentry","category-uncategorized"],"acf":[],"aioseo_notices":[],"yoast_head":"<!-- This site is optimized with the Yoast SEO Premium plugin v24.9 (Yoast SEO v27.2) - https:\/\/yoast.com\/product\/yoast-seo-premium-wordpress\/ -->\n<title>Direcci\u00f3n de Ambiente celebr\u00f3 el D\u00eda Internacional de la Defensa del Manglar en la playita del Guasmo - Ecuador | Noti-America.com<\/title>\n<meta name=\"robots\" content=\"index, follow, max-snippet:-1, max-image-preview:large, max-video-preview:-1\" \/>\n<link rel=\"canonical\" href=\"https:\/\/noti-america.com\/site\/ecuador\/2021\/07\/28\/direccion-de-ambiente-celebro-el-dia-internacional-de-la-defensa-del-manglar-en-la-playita-del-guasmo\/\" \/>\n<meta property=\"og:locale\" content=\"es_ES\" \/>\n<meta property=\"og:type\" content=\"article\" \/>\n<meta property=\"og:title\" content=\"Direcci\u00f3n de Ambiente celebr\u00f3 el D\u00eda Internacional de la Defensa del Manglar en la playita del Guasmo\" \/>\n<meta property=\"og:description\" content=\"REDACCI\u00d3N NOTI AM\u00c9RICA (ECUADOR) La Direcci\u00f3n de Ambiente fue parte del evento por el D\u00eda Internacional de la Defensa del Ecosistema del manglar. El balneario la Playita del Guasmo se desarroll\u00f3 varios eventos de&#046;&#046;&#046;\" \/>\n<meta property=\"og:url\" content=\"https:\/\/noti-america.com\/site\/ecuador\/2021\/07\/28\/direccion-de-ambiente-celebro-el-dia-internacional-de-la-defensa-del-manglar-en-la-playita-del-guasmo\/\" \/>\n<meta property=\"og:site_name\" content=\"Ecuador | Noti-America.com\" \/>\n<meta property=\"article:published_time\" content=\"2021-07-28T16:05:52+00:00\" \/>\n<meta property=\"og:image\" content=\"https:\/\/noti-america.com\/site\/ecuador\/wp-content\/uploads\/sites\/18\/2021\/07\/28-DE-JULIO-WhatsApp-Image-2021-07-27-at-17.35.24.jpeg\" \/>\n\t<meta property=\"og:image:width\" content=\"960\" \/>\n\t<meta property=\"og:image:height\" content=\"1280\" \/>\n\t<meta property=\"og:image:type\" content=\"image\/jpeg\" \/>\n<meta name=\"author\" content=\"Henry Ortiz\" \/>\n<meta name=\"twitter:card\" content=\"summary_large_image\" \/>\n<meta name=\"twitter:creator\" content=\"@notiamerica\" \/>\n<meta name=\"twitter:site\" content=\"@notiamerica\" \/>\n<meta name=\"twitter:label1\" content=\"Escrito por\" \/>\n\t<meta name=\"twitter:data1\" content=\"Henry Ortiz\" \/>\n\t<meta name=\"twitter:label2\" content=\"Tiempo estimado de lectura\" \/>\n\t<meta name=\"twitter:data2\" content=\"1 minuto\" \/>\n<script type=\"application\/ld+json\" class=\"yoast-schema-graph\">{\"@context\":\"https:\/\/schema.org\",\"@graph\":[{\"@type\":\"Article\",\"@id\":\"https:\/\/noti-america.com\/site\/ecuador\/2021\/07\/28\/direccion-de-ambiente-celebro-el-dia-internacional-de-la-defensa-del-manglar-en-la-playita-del-guasmo\/#article\",\"isPartOf\":{\"@id\":\"https:\/\/noti-america.com\/site\/ecuador\/2021\/07\/28\/direccion-de-ambiente-celebro-el-dia-internacional-de-la-defensa-del-manglar-en-la-playita-del-guasmo\/\"},\"author\":{\"name\":\"Henry Ortiz\",\"@id\":\"https:\/\/noti-america.com\/site\/ecuador\/#\/schema\/person\/b9d1630cc6598af759d45c790a347283\"},\"headline\":\"Direcci\u00f3n de Ambiente celebr\u00f3 el D\u00eda Internacional de la Defensa del Manglar en la playita del Guasmo\",\"datePublished\":\"2021-07-28T16:05:52+00:00\",\"mainEntityOfPage\":{\"@id\":\"https:\/\/noti-america.com\/site\/ecuador\/2021\/07\/28\/direccion-de-ambiente-celebro-el-dia-internacional-de-la-defensa-del-manglar-en-la-playita-del-guasmo\/\"},\"wordCount\":177,\"commentCount\":0,\"publisher\":{\"@id\":\"https:\/\/noti-america.com\/site\/ecuador\/#organization\"},\"image\":{\"@id\":\"https:\/\/noti-america.com\/site\/ecuador\/2021\/07\/28\/direccion-de-ambiente-celebro-el-dia-internacional-de-la-defensa-del-manglar-en-la-playita-del-guasmo\/#primaryimage\"},\"thumbnailUrl\":\"https:\/\/noti-america.com\/site\/ecuador\/wp-content\/uploads\/sites\/18\/2021\/07\/28-DE-JULIO-WhatsApp-Image-2021-07-27-at-17.35.24.jpeg\",\"articleSection\":[\"Uncategorized\"],\"inLanguage\":\"es\",\"potentialAction\":[{\"@type\":\"CommentAction\",\"name\":\"Comment\",\"target\":[\"https:\/\/noti-america.com\/site\/ecuador\/2021\/07\/28\/direccion-de-ambiente-celebro-el-dia-internacional-de-la-defensa-del-manglar-en-la-playita-del-guasmo\/#respond\"]}]},{\"@type\":\"WebPage\",\"@id\":\"https:\/\/noti-america.com\/site\/ecuador\/2021\/07\/28\/direccion-de-ambiente-celebro-el-dia-internacional-de-la-defensa-del-manglar-en-la-playita-del-guasmo\/\",\"url\":\"https:\/\/noti-america.com\/site\/ecuador\/2021\/07\/28\/direccion-de-ambiente-celebro-el-dia-internacional-de-la-defensa-del-manglar-en-la-playita-del-guasmo\/\",\"name\":\"Direcci\u00f3n de Ambiente celebr\u00f3 el D\u00eda Internacional de la Defensa del Manglar en la playita del Guasmo - Ecuador | Noti-America.com\",\"isPartOf\":{\"@id\":\"https:\/\/noti-america.com\/site\/ecuador\/#website\"},\"primaryImageOfPage\":{\"@id\":\"https:\/\/noti-america.com\/site\/ecuador\/2021\/07\/28\/direccion-de-ambiente-celebro-el-dia-internacional-de-la-defensa-del-manglar-en-la-playita-del-guasmo\/#primaryimage\"},\"image\":{\"@id\":\"https:\/\/noti-america.com\/site\/ecuador\/2021\/07\/28\/direccion-de-ambiente-celebro-el-dia-internacional-de-la-defensa-del-manglar-en-la-playita-del-guasmo\/#primaryimage\"},\"thumbnailUrl\":\"https:\/\/noti-america.com\/site\/ecuador\/wp-content\/uploads\/sites\/18\/2021\/07\/28-DE-JULIO-WhatsApp-Image-2021-07-27-at-17.35.24.jpeg\",\"datePublished\":\"2021-07-28T16:05:52+00:00\",\"breadcrumb\":{\"@id\":\"https:\/\/noti-america.com\/site\/ecuador\/2021\/07\/28\/direccion-de-ambiente-celebro-el-dia-internacional-de-la-defensa-del-manglar-en-la-playita-del-guasmo\/#breadcrumb\"},\"inLanguage\":\"es\",\"potentialAction\":[{\"@type\":\"ReadAction\",\"target\":[\"https:\/\/noti-america.com\/site\/ecuador\/2021\/07\/28\/direccion-de-ambiente-celebro-el-dia-internacional-de-la-defensa-del-manglar-en-la-playita-del-guasmo\/\"]}]},{\"@type\":\"ImageObject\",\"inLanguage\":\"es\",\"@id\":\"https:\/\/noti-america.com\/site\/ecuador\/2021\/07\/28\/direccion-de-ambiente-celebro-el-dia-internacional-de-la-defensa-del-manglar-en-la-playita-del-guasmo\/#primaryimage\",\"url\":\"https:\/\/noti-america.com\/site\/ecuador\/wp-content\/uploads\/sites\/18\/2021\/07\/28-DE-JULIO-WhatsApp-Image-2021-07-27-at-17.35.24.jpeg\",\"contentUrl\":\"https:\/\/noti-america.com\/site\/ecuador\/wp-content\/uploads\/sites\/18\/2021\/07\/28-DE-JULIO-WhatsApp-Image-2021-07-27-at-17.35.24.jpeg\",\"width\":960,\"height\":1280},{\"@type\":\"BreadcrumbList\",\"@id\":\"https:\/\/noti-america.com\/site\/ecuador\/2021\/07\/28\/direccion-de-ambiente-celebro-el-dia-internacional-de-la-defensa-del-manglar-en-la-playita-del-guasmo\/#breadcrumb\",\"itemListElement\":[{\"@type\":\"ListItem\",\"position\":1,\"name\":\"Portada\",\"item\":\"https:\/\/noti-america.com\/site\/ecuador\/\"},{\"@type\":\"ListItem\",\"position\":2,\"name\":\"Direcci\u00f3n de Ambiente celebr\u00f3 el D\u00eda Internacional de la Defensa del Manglar en la playita del Guasmo\"}]},{\"@type\":\"WebSite\",\"@id\":\"https:\/\/noti-america.com\/site\/ecuador\/#website\",\"url\":\"https:\/\/noti-america.com\/site\/ecuador\/\",\"name\":\"Ecuador | Noti-America.com\",\"description\":\"\",\"publisher\":{\"@id\":\"https:\/\/noti-america.com\/site\/ecuador\/#organization\"},\"potentialAction\":[{\"@type\":\"SearchAction\",\"target\":{\"@type\":\"EntryPoint\",\"urlTemplate\":\"https:\/\/noti-america.com\/site\/ecuador\/?s={search_term_string}\"},\"query-input\":{\"@type\":\"PropertyValueSpecification\",\"valueRequired\":true,\"valueName\":\"search_term_string\"}}],\"inLanguage\":\"es\"},{\"@type\":\"Organization\",\"@id\":\"https:\/\/noti-america.com\/site\/ecuador\/#organization\",\"name\":\"Noti-America LLC | Ecuador\",\"url\":\"https:\/\/noti-america.com\/site\/ecuador\/\",\"logo\":{\"@type\":\"ImageObject\",\"inLanguage\":\"es\",\"@id\":\"https:\/\/noti-america.com\/site\/ecuador\/#\/schema\/logo\/image\/\",\"url\":\"https:\/\/noti-america.com\/site\/ecuador\/wp-content\/uploads\/sites\/18\/2020\/07\/LogoNA-4x3-1.jpg\",\"contentUrl\":\"https:\/\/noti-america.com\/site\/ecuador\/wp-content\/uploads\/sites\/18\/2020\/07\/LogoNA-4x3-1.jpg\",\"width\":1236,\"height\":1080,\"caption\":\"Noti-America LLC | Ecuador\"},\"image\":{\"@id\":\"https:\/\/noti-america.com\/site\/ecuador\/#\/schema\/logo\/image\/\"},\"sameAs\":[\"https:\/\/x.com\/notiamerica\"]},{\"@type\":\"Person\",\"@id\":\"https:\/\/noti-america.com\/site\/ecuador\/#\/schema\/person\/b9d1630cc6598af759d45c790a347283\",\"name\":\"Henry Ortiz\",\"image\":{\"@type\":\"ImageObject\",\"inLanguage\":\"es\",\"@id\":\"https:\/\/secure.gravatar.com\/avatar\/0b5407b5b302fbb6a578e625dca512ac2983ee5fa9ea941d581b83c40212e4c8?s=96&d=mm&r=g\",\"url\":\"https:\/\/secure.gravatar.com\/avatar\/0b5407b5b302fbb6a578e625dca512ac2983ee5fa9ea941d581b83c40212e4c8?s=96&d=mm&r=g\",\"contentUrl\":\"https:\/\/secure.gravatar.com\/avatar\/0b5407b5b302fbb6a578e625dca512ac2983ee5fa9ea941d581b83c40212e4c8?s=96&d=mm&r=g\",\"caption\":\"Henry Ortiz\"},\"url\":\"https:\/\/noti-america.com\/site\/ecuador\/author\/hortiz\/\"}]}<\/script>\n<!-- \/ Yoast SEO Premium plugin. -->","yoast_head_json":{"title":"Direcci\u00f3n de Ambiente celebr\u00f3 el D\u00eda Internacional de la Defensa del Manglar en la playita del Guasmo - Ecuador | Noti-America.com","robots":{"index":"index","follow":"follow","max-snippet":"max-snippet:-1","max-image-preview":"max-image-preview:large","max-video-preview":"max-video-preview:-1"},"canonical":"https:\/\/noti-america.com\/site\/ecuador\/2021\/07\/28\/direccion-de-ambiente-celebro-el-dia-internacional-de-la-defensa-del-manglar-en-la-playita-del-guasmo\/","og_locale":"es_ES","og_type":"article","og_title":"Direcci\u00f3n de Ambiente celebr\u00f3 el D\u00eda Internacional de la Defensa del Manglar en la playita del Guasmo","og_description":"REDACCI\u00d3N NOTI AM\u00c9RICA (ECUADOR) La Direcci\u00f3n de Ambiente fue parte del evento por el D\u00eda Internacional de la Defensa del Ecosistema del manglar. El balneario la Playita del Guasmo se desarroll\u00f3 varios eventos de&#46;&#46;&#46;","og_url":"https:\/\/noti-america.com\/site\/ecuador\/2021\/07\/28\/direccion-de-ambiente-celebro-el-dia-internacional-de-la-defensa-del-manglar-en-la-playita-del-guasmo\/","og_site_name":"Ecuador | Noti-America.com","article_published_time":"2021-07-28T16:05:52+00:00","og_image":[{"width":960,"height":1280,"url":"https:\/\/noti-america.com\/site\/ecuador\/wp-content\/uploads\/sites\/18\/2021\/07\/28-DE-JULIO-WhatsApp-Image-2021-07-27-at-17.35.24.jpeg","type":"image\/jpeg"}],"author":"Henry Ortiz","twitter_card":"summary_large_image","twitter_creator":"@notiamerica","twitter_site":"@notiamerica","twitter_misc":{"Escrito por":"Henry Ortiz","Tiempo estimado de lectura":"1 minuto"},"schema":{"@context":"https:\/\/schema.org","@graph":[{"@type":"Article","@id":"https:\/\/noti-america.com\/site\/ecuador\/2021\/07\/28\/direccion-de-ambiente-celebro-el-dia-internacional-de-la-defensa-del-manglar-en-la-playita-del-guasmo\/#article","isPartOf":{"@id":"https:\/\/noti-america.com\/site\/ecuador\/2021\/07\/28\/direccion-de-ambiente-celebro-el-dia-internacional-de-la-defensa-del-manglar-en-la-playita-del-guasmo\/"},"author":{"name":"Henry Ortiz","@id":"https:\/\/noti-america.com\/site\/ecuador\/#\/schema\/person\/b9d1630cc6598af759d45c790a347283"},"headline":"Direcci\u00f3n de Ambiente celebr\u00f3 el D\u00eda Internacional de la Defensa del Manglar en la playita del Guasmo","datePublished":"2021-07-28T16:05:52+00:00","mainEntityOfPage":{"@id":"https:\/\/noti-america.com\/site\/ecuador\/2021\/07\/28\/direccion-de-ambiente-celebro-el-dia-internacional-de-la-defensa-del-manglar-en-la-playita-del-guasmo\/"},"wordCount":177,"commentCount":0,"publisher":{"@id":"https:\/\/noti-america.com\/site\/ecuador\/#organization"},"image":{"@id":"https:\/\/noti-america.com\/site\/ecuador\/2021\/07\/28\/direccion-de-ambiente-celebro-el-dia-internacional-de-la-defensa-del-manglar-en-la-playita-del-guasmo\/#primaryimage"},"thumbnailUrl":"https:\/\/noti-america.com\/site\/ecuador\/wp-content\/uploads\/sites\/18\/2021\/07\/28-DE-JULIO-WhatsApp-Image-2021-07-27-at-17.35.24.jpeg","articleSection":["Uncategorized"],"inLanguage":"es","potentialAction":[{"@type":"CommentAction","name":"Comment","target":["https:\/\/noti-america.com\/site\/ecuador\/2021\/07\/28\/direccion-de-ambiente-celebro-el-dia-internacional-de-la-defensa-del-manglar-en-la-playita-del-guasmo\/#respond"]}]},{"@type":"WebPage","@id":"https:\/\/noti-america.com\/site\/ecuador\/2021\/07\/28\/direccion-de-ambiente-celebro-el-dia-internacional-de-la-defensa-del-manglar-en-la-playita-del-guasmo\/","url":"https:\/\/noti-america.com\/site\/ecuador\/2021\/07\/28\/direccion-de-ambiente-celebro-el-dia-internacional-de-la-defensa-del-manglar-en-la-playita-del-guasmo\/","name":"Direcci\u00f3n de Ambiente celebr\u00f3 el D\u00eda Internacional de la Defensa del Manglar en la playita del Guasmo - Ecuador | Noti-America.com","isPartOf":{"@id":"https:\/\/noti-america.com\/site\/ecuador\/#website"},"primaryImageOfPage":{"@id":"https:\/\/noti-america.com\/site\/ecuador\/2021\/07\/28\/direccion-de-ambiente-celebro-el-dia-internacional-de-la-defensa-del-manglar-en-la-playita-del-guasmo\/#primaryimage"},"image":{"@id":"https:\/\/noti-america.com\/site\/ecuador\/2021\/07\/28\/direccion-de-ambiente-celebro-el-dia-internacional-de-la-defensa-del-manglar-en-la-playita-del-guasmo\/#primaryimage"},"thumbnailUrl":"https:\/\/noti-america.com\/site\/ecuador\/wp-content\/uploads\/sites\/18\/2021\/07\/28-DE-JULIO-WhatsApp-Image-2021-07-27-at-17.35.24.jpeg","datePublished":"2021-07-28T16:05:52+00:00","breadcrumb":{"@id":"https:\/\/noti-america.com\/site\/ecuador\/2021\/07\/28\/direccion-de-ambiente-celebro-el-dia-internacional-de-la-defensa-del-manglar-en-la-playita-del-guasmo\/#breadcrumb"},"inLanguage":"es","potentialAction":[{"@type":"ReadAction","target":["https:\/\/noti-america.com\/site\/ecuador\/2021\/07\/28\/direccion-de-ambiente-celebro-el-dia-internacional-de-la-defensa-del-manglar-en-la-playita-del-guasmo\/"]}]},{"@type":"ImageObject","inLanguage":"es","@id":"https:\/\/noti-america.com\/site\/ecuador\/2021\/07\/28\/direccion-de-ambiente-celebro-el-dia-internacional-de-la-defensa-del-manglar-en-la-playita-del-guasmo\/#primaryimage","url":"https:\/\/noti-america.com\/site\/ecuador\/wp-content\/uploads\/sites\/18\/2021\/07\/28-DE-JULIO-WhatsApp-Image-2021-07-27-at-17.35.24.jpeg","contentUrl":"https:\/\/noti-america.com\/site\/ecuador\/wp-content\/uploads\/sites\/18\/2021\/07\/28-DE-JULIO-WhatsApp-Image-2021-07-27-at-17.35.24.jpeg","width":960,"height":1280},{"@type":"BreadcrumbList","@id":"https:\/\/noti-america.com\/site\/ecuador\/2021\/07\/28\/direccion-de-ambiente-celebro-el-dia-internacional-de-la-defensa-del-manglar-en-la-playita-del-guasmo\/#breadcrumb","itemListElement":[{"@type":"ListItem","position":1,"name":"Portada","item":"https:\/\/noti-america.com\/site\/ecuador\/"},{"@type":"ListItem","position":2,"name":"Direcci\u00f3n de Ambiente celebr\u00f3 el D\u00eda Internacional de la Defensa del Manglar en la playita del Guasmo"}]},{"@type":"WebSite","@id":"https:\/\/noti-america.com\/site\/ecuador\/#website","url":"https:\/\/noti-america.com\/site\/ecuador\/","name":"Ecuador | Noti-America.com","description":"","publisher":{"@id":"https:\/\/noti-america.com\/site\/ecuador\/#organization"},"potentialAction":[{"@type":"SearchAction","target":{"@type":"EntryPoint","urlTemplate":"https:\/\/noti-america.com\/site\/ecuador\/?s={search_term_string}"},"query-input":{"@type":"PropertyValueSpecification","valueRequired":true,"valueName":"search_term_string"}}],"inLanguage":"es"},{"@type":"Organization","@id":"https:\/\/noti-america.com\/site\/ecuador\/#organization","name":"Noti-America LLC | Ecuador","url":"https:\/\/noti-america.com\/site\/ecuador\/","logo":{"@type":"ImageObject","inLanguage":"es","@id":"https:\/\/noti-america.com\/site\/ecuador\/#\/schema\/logo\/image\/","url":"https:\/\/noti-america.com\/site\/ecuador\/wp-content\/uploads\/sites\/18\/2020\/07\/LogoNA-4x3-1.jpg","contentUrl":"https:\/\/noti-america.com\/site\/ecuador\/wp-content\/uploads\/sites\/18\/2020\/07\/LogoNA-4x3-1.jpg","width":1236,"height":1080,"caption":"Noti-America LLC | Ecuador"},"image":{"@id":"https:\/\/noti-america.com\/site\/ecuador\/#\/schema\/logo\/image\/"},"sameAs":["https:\/\/x.com\/notiamerica"]},{"@type":"Person","@id":"https:\/\/noti-america.com\/site\/ecuador\/#\/schema\/person\/b9d1630cc6598af759d45c790a347283","name":"Henry Ortiz","image":{"@type":"ImageObject","inLanguage":"es","@id":"https:\/\/secure.gravatar.com\/avatar\/0b5407b5b302fbb6a578e625dca512ac2983ee5fa9ea941d581b83c40212e4c8?s=96&d=mm&r=g","url":"https:\/\/secure.gravatar.com\/avatar\/0b5407b5b302fbb6a578e625dca512ac2983ee5fa9ea941d581b83c40212e4c8?s=96&d=mm&r=g","contentUrl":"https:\/\/secure.gravatar.com\/avatar\/0b5407b5b302fbb6a578e625dca512ac2983ee5fa9ea941d581b83c40212e4c8?s=96&d=mm&r=g","caption":"Henry Ortiz"},"url":"https:\/\/noti-america.com\/site\/ecuador\/author\/hortiz\/"}]}},"_links":{"self":[{"href":"https:\/\/noti-america.com\/site\/ecuador\/wp-json\/wp\/v2\/posts\/15525","targetHints":{"allow":["GET"]}}],"collection":[{"href":"https:\/\/noti-america.com\/site\/ecuador\/wp-json\/wp\/v2\/posts"}],"about":[{"href":"https:\/\/noti-america.com\/site\/ecuador\/wp-json\/wp\/v2\/types\/post"}],"author":[{"embeddable":true,"href":"https:\/\/noti-america.com\/site\/ecuador\/wp-json\/wp\/v2\/users\/113"}],"replies":[{"embeddable":true,"href":"https:\/\/noti-america.com\/site\/ecuador\/wp-json\/wp\/v2\/comments?post=15525"}],"version-history":[{"count":1,"href":"https:\/\/noti-america.com\/site\/ecuador\/wp-json\/wp\/v2\/posts\/15525\/revisions"}],"predecessor-version":[{"id":15527,"href":"https:\/\/noti-america.com\/site\/ecuador\/wp-json\/wp\/v2\/posts\/15525\/revisions\/15527"}],"wp:featuredmedia":[{"embeddable":true,"href":"https:\/\/noti-america.com\/site\/ecuador\/wp-json\/wp\/v2\/media\/15526"}],"wp:attachment":[{"href":"https:\/\/noti-america.com\/site\/ecuador\/wp-json\/wp\/v2\/media?parent=15525"}],"wp:term":[{"taxonomy":"category","embeddable":true,"href":"https:\/\/noti-america.com\/site\/ecuador\/wp-json\/wp\/v2\/categories?post=15525"},{"taxonomy":"post_tag","embeddable":true,"href":"https:\/\/noti-america.com\/site\/ecuador\/wp-json\/wp\/v2\/tags?post=15525"}],"curies":[{"name":"wp","href":"https:\/\/api.w.org\/{rel}","templated":true}]}}