{"id":15502,"date":"2021-07-27T18:30:31","date_gmt":"2021-07-27T18:30:31","guid":{"rendered":"https:\/\/noti-america.com\/site\/ecuador\/?p=15502"},"modified":"2021-07-27T18:30:31","modified_gmt":"2021-07-27T18:30:31","slug":"pablo-celi-argumento-sus-actuaciones-en-la-contraloria-ante-asambleistas","status":"publish","type":"post","link":"https:\/\/noti-america.com\/site\/ecuador\/2021\/07\/27\/pablo-celi-argumento-sus-actuaciones-en-la-contraloria-ante-asambleistas\/","title":{"rendered":"Pablo Celi argument\u00f3 sus actuaciones en la Contralor\u00eda ante asamble\u00edstas"},"content":{"rendered":"<p><strong>REDACCI\u00d3N NOTI AM\u00c9RICA (ECUADOR)<\/strong><\/p>\n<div id=\"attachment_15503\" style=\"width: 646px\" class=\"wp-caption aligncenter\"><img loading=\"lazy\" decoding=\"async\" aria-describedby=\"caption-attachment-15503\" class=\"wp-image-15503\" src=\"https:\/\/noti-america.com\/site\/ecuador\/wp-content\/uploads\/sites\/18\/2021\/07\/27-de-julio-de-2021-51338617150_b81f7d7e1a_c-300x200.jpg\" alt=\"\" width=\"636\" height=\"424\" srcset=\"https:\/\/noti-america.com\/site\/ecuador\/wp-content\/uploads\/sites\/18\/2021\/07\/27-de-julio-de-2021-51338617150_b81f7d7e1a_c-300x200.jpg 300w, https:\/\/noti-america.com\/site\/ecuador\/wp-content\/uploads\/sites\/18\/2021\/07\/27-de-julio-de-2021-51338617150_b81f7d7e1a_c-272x182.jpg 272w, https:\/\/noti-america.com\/site\/ecuador\/wp-content\/uploads\/sites\/18\/2021\/07\/27-de-julio-de-2021-51338617150_b81f7d7e1a_c.jpg 420w\" sizes=\"auto, (max-width: 636px) 100vw, 636px\" \/><p id=\"caption-attachment-15503\" class=\"wp-caption-text\">Celi se defiende de acusaciones en la Asamblea.<\/p><\/div>\n<p style=\"text-align: justify\">Pablo Celi de la Torre, excontralor suborgante, ejerci\u00f3 ayer, su leg\u00edtimo derecho a la defensa, en el marco de la sustanciaci\u00f3n de la solicitud del juicio pol\u00edtico propuesto en su contra por el legislador Juan Crist\u00f3bal Lloret.<\/p>\n<p style=\"text-align: justify\">Celi defendi\u00f3 la legalidad de su nombramiento y de todas sus actuaciones en el ejercicio de la primera autoridad de la Contralor\u00eda General del Estado.<\/p>\n<p style=\"text-align: justify\">Al presentar sus argumentos de descargo, Celi de la Torre subray\u00f3 que este juicio pol\u00edtico carece de sustento sobre un supuesto incumplimiento de funciones. A\u00f1adi\u00f3 que al presentar su renuncia advirti\u00f3 que lo hac\u00eda para salvaguardar la integridad de las acciones y de la institucionalidad de la Contralor\u00eda General del Estado.<\/p>\n<p style=\"text-align: justify\">Respecto del desvanecimiento de glosas por orden de la m\u00e1xima autoridad de la Contralor\u00eda, Celi explic\u00f3 que no existe posibilidad alguna que el Contralor o el Subcontralor, seg\u00fan el caso, disponga c\u00f3mo tienen que salir los informes de predeterminaci\u00f3n o para dejar sin efecto las glosas.<\/p>\n<p style=\"text-align: justify\">Todos los procesos est\u00e1n debidamente fijados en la ley y son varios los pasos que se deben dar antes de que lleguen al despacho del Contralor. Es m\u00e1s, cuando llega a esta instancia hay un equipo multidisciplinario que revisa que los documentos cumplan los requisitos legales y reglamentarios, agreg\u00f3.<\/p>\n<p style=\"text-align: justify\">Celi record\u00f3 que en todo momento los administrados tienen a posibilidad de ejercer su leg\u00edtimo derecho a la defensa, en la predeterminaci\u00f3n, en la determinaci\u00f3n y a trav\u00e9s del recurso de revisi\u00f3n. Si el administrado presenta los sustentos del caso, se desvanece la respectiva glosa. No hay modo alguno que un alto funcionario de la Contralor\u00eda disponga c\u00f3mo proceder o favorecer con el informe a alguna persona o empresa en particular, a\u00f1adi\u00f3.<\/p>\n<p style=\"text-align: justify\">En torno a la contrataci\u00f3n de servicios de comunicaci\u00f3n con HDC Producciones, dijo que el Contralor no suscribi\u00f3 contrato alguno ni intervino en el proceso precontractual ni contractual. Es m\u00e1s, en ejercicio de sus funciones de control dispuso que se inicie una auditor\u00eda respecto de este contrato.<\/p>\n<p style=\"text-align: justify\">As\u00ed mismo, el exfuncionario asever\u00f3 que jam\u00e1s tuvo la intenci\u00f3n de interferir con el proceso electoral de marzo y abril pasados, lo que hizo fue ejercer su funci\u00f3n de control al auditar el correcto uso de los recursos del Estado y, respecto de la auditor\u00eda al sistema inform\u00e1tico, la Contralor\u00eda actu\u00f3 sobre la base de un pedido formulado por el Consejo Nacional Electoral (CNE).<\/p>\n<p style=\"text-align: justify\">En referencia a su presunta vinculaci\u00f3n en el caso Las Torres, en el cual est\u00e1 inmerso su sobrino Ra\u00fal de la Torre, el excontralor insisti\u00f3 que jam\u00e1s habl\u00f3 ni tuvo tratos con su Ra\u00fal de la Torre.<\/p>\n<p style=\"text-align: justify\">Fernando Villavicencio, presidente de la Comisi\u00f3n, asegur\u00f3 que hoy se ha marcado una l\u00ednea transversal de democracia y de respeto en la sustanciaci\u00f3n de este juicio. \u00abHemos hecho un esfuerzo por no interferir con las acciones que lleva adelante la justicia. Se\u00f1or Celi, tenga la seguridad que este proceso pol\u00edtico marcar\u00e1 un antes y un despu\u00e9s en la actuaci\u00f3n de la Asamblea Nacional; vamos a presentar un informe impecable\u00bb, concluy\u00f3.<\/p>\n","protected":false},"excerpt":{"rendered":"<p>REDACCI\u00d3N NOTI AM\u00c9RICA (ECUADOR) Pablo Celi de la Torre, excontralor suborgante, ejerci\u00f3 ayer, su leg\u00edtimo derecho a la defensa, en el marco de la sustanciaci\u00f3n de la solicitud del juicio pol\u00edtico propuesto en su&#46;&#46;&#46;<\/p>\n","protected":false},"author":113,"featured_media":15503,"comment_status":"open","ping_status":"open","sticky":false,"template":"","format":"standard","meta":{"_acf_changed":false,"om_disable_all_campaigns":false,"rop_custom_images_group":[],"rop_custom_messages_group":[],"rop_publish_now":"initial","rop_publish_now_accounts":{"twitter_242054905_242054905":""},"rop_publish_now_history":[],"rop_publish_now_status":"pending","_uf_show_specific_survey":0,"_uf_disable_surveys":false,"footnotes":""},"categories":[1],"tags":[],"class_list":["post-15502","post","type-post","status-publish","format-standard","has-post-thumbnail","hentry","category-uncategorized"],"acf":[],"aioseo_notices":[],"yoast_head":"<!-- This site is optimized with the Yoast SEO Premium plugin v24.9 (Yoast SEO v27.2) - https:\/\/yoast.com\/product\/yoast-seo-premium-wordpress\/ -->\n<title>Pablo Celi argument\u00f3 sus actuaciones en la Contralor\u00eda ante asamble\u00edstas - Ecuador | Noti-America.com<\/title>\n<meta name=\"robots\" content=\"index, follow, max-snippet:-1, max-image-preview:large, max-video-preview:-1\" \/>\n<link rel=\"canonical\" href=\"https:\/\/noti-america.com\/site\/ecuador\/2021\/07\/27\/pablo-celi-argumento-sus-actuaciones-en-la-contraloria-ante-asambleistas\/\" \/>\n<meta property=\"og:locale\" content=\"es_ES\" \/>\n<meta property=\"og:type\" content=\"article\" \/>\n<meta property=\"og:title\" content=\"Pablo Celi argument\u00f3 sus actuaciones en la Contralor\u00eda ante asamble\u00edstas\" \/>\n<meta property=\"og:description\" content=\"REDACCI\u00d3N NOTI AM\u00c9RICA (ECUADOR) Pablo Celi de la Torre, excontralor suborgante, ejerci\u00f3 ayer, su leg\u00edtimo derecho a la defensa, en el marco de la sustanciaci\u00f3n de la solicitud del juicio pol\u00edtico propuesto en su&#046;&#046;&#046;\" \/>\n<meta property=\"og:url\" content=\"https:\/\/noti-america.com\/site\/ecuador\/2021\/07\/27\/pablo-celi-argumento-sus-actuaciones-en-la-contraloria-ante-asambleistas\/\" \/>\n<meta property=\"og:site_name\" content=\"Ecuador | Noti-America.com\" \/>\n<meta property=\"article:published_time\" content=\"2021-07-27T18:30:31+00:00\" \/>\n<meta property=\"og:image\" content=\"https:\/\/noti-america.com\/site\/ecuador\/wp-content\/uploads\/sites\/18\/2021\/07\/27-de-julio-de-2021-51338617150_b81f7d7e1a_c.jpg\" \/>\n\t<meta property=\"og:image:width\" content=\"420\" \/>\n\t<meta property=\"og:image:height\" content=\"280\" \/>\n\t<meta property=\"og:image:type\" content=\"image\/jpeg\" \/>\n<meta name=\"author\" content=\"Henry Ortiz\" \/>\n<meta name=\"twitter:card\" content=\"summary_large_image\" \/>\n<meta name=\"twitter:creator\" content=\"@notiamerica\" \/>\n<meta name=\"twitter:site\" content=\"@notiamerica\" \/>\n<meta name=\"twitter:label1\" content=\"Escrito por\" \/>\n\t<meta name=\"twitter:data1\" content=\"Henry Ortiz\" \/>\n\t<meta name=\"twitter:label2\" content=\"Tiempo estimado de lectura\" \/>\n\t<meta name=\"twitter:data2\" content=\"3 minutos\" \/>\n<script type=\"application\/ld+json\" class=\"yoast-schema-graph\">{\"@context\":\"https:\/\/schema.org\",\"@graph\":[{\"@type\":\"Article\",\"@id\":\"https:\/\/noti-america.com\/site\/ecuador\/2021\/07\/27\/pablo-celi-argumento-sus-actuaciones-en-la-contraloria-ante-asambleistas\/#article\",\"isPartOf\":{\"@id\":\"https:\/\/noti-america.com\/site\/ecuador\/2021\/07\/27\/pablo-celi-argumento-sus-actuaciones-en-la-contraloria-ante-asambleistas\/\"},\"author\":{\"name\":\"Henry Ortiz\",\"@id\":\"https:\/\/noti-america.com\/site\/ecuador\/#\/schema\/person\/b9d1630cc6598af759d45c790a347283\"},\"headline\":\"Pablo Celi argument\u00f3 sus actuaciones en la Contralor\u00eda ante asamble\u00edstas\",\"datePublished\":\"2021-07-27T18:30:31+00:00\",\"mainEntityOfPage\":{\"@id\":\"https:\/\/noti-america.com\/site\/ecuador\/2021\/07\/27\/pablo-celi-argumento-sus-actuaciones-en-la-contraloria-ante-asambleistas\/\"},\"wordCount\":576,\"commentCount\":0,\"publisher\":{\"@id\":\"https:\/\/noti-america.com\/site\/ecuador\/#organization\"},\"image\":{\"@id\":\"https:\/\/noti-america.com\/site\/ecuador\/2021\/07\/27\/pablo-celi-argumento-sus-actuaciones-en-la-contraloria-ante-asambleistas\/#primaryimage\"},\"thumbnailUrl\":\"https:\/\/noti-america.com\/site\/ecuador\/wp-content\/uploads\/sites\/18\/2021\/07\/27-de-julio-de-2021-51338617150_b81f7d7e1a_c.jpg\",\"articleSection\":[\"Uncategorized\"],\"inLanguage\":\"es\",\"potentialAction\":[{\"@type\":\"CommentAction\",\"name\":\"Comment\",\"target\":[\"https:\/\/noti-america.com\/site\/ecuador\/2021\/07\/27\/pablo-celi-argumento-sus-actuaciones-en-la-contraloria-ante-asambleistas\/#respond\"]}]},{\"@type\":\"WebPage\",\"@id\":\"https:\/\/noti-america.com\/site\/ecuador\/2021\/07\/27\/pablo-celi-argumento-sus-actuaciones-en-la-contraloria-ante-asambleistas\/\",\"url\":\"https:\/\/noti-america.com\/site\/ecuador\/2021\/07\/27\/pablo-celi-argumento-sus-actuaciones-en-la-contraloria-ante-asambleistas\/\",\"name\":\"Pablo Celi argument\u00f3 sus actuaciones en la Contralor\u00eda ante asamble\u00edstas - Ecuador | Noti-America.com\",\"isPartOf\":{\"@id\":\"https:\/\/noti-america.com\/site\/ecuador\/#website\"},\"primaryImageOfPage\":{\"@id\":\"https:\/\/noti-america.com\/site\/ecuador\/2021\/07\/27\/pablo-celi-argumento-sus-actuaciones-en-la-contraloria-ante-asambleistas\/#primaryimage\"},\"image\":{\"@id\":\"https:\/\/noti-america.com\/site\/ecuador\/2021\/07\/27\/pablo-celi-argumento-sus-actuaciones-en-la-contraloria-ante-asambleistas\/#primaryimage\"},\"thumbnailUrl\":\"https:\/\/noti-america.com\/site\/ecuador\/wp-content\/uploads\/sites\/18\/2021\/07\/27-de-julio-de-2021-51338617150_b81f7d7e1a_c.jpg\",\"datePublished\":\"2021-07-27T18:30:31+00:00\",\"breadcrumb\":{\"@id\":\"https:\/\/noti-america.com\/site\/ecuador\/2021\/07\/27\/pablo-celi-argumento-sus-actuaciones-en-la-contraloria-ante-asambleistas\/#breadcrumb\"},\"inLanguage\":\"es\",\"potentialAction\":[{\"@type\":\"ReadAction\",\"target\":[\"https:\/\/noti-america.com\/site\/ecuador\/2021\/07\/27\/pablo-celi-argumento-sus-actuaciones-en-la-contraloria-ante-asambleistas\/\"]}]},{\"@type\":\"ImageObject\",\"inLanguage\":\"es\",\"@id\":\"https:\/\/noti-america.com\/site\/ecuador\/2021\/07\/27\/pablo-celi-argumento-sus-actuaciones-en-la-contraloria-ante-asambleistas\/#primaryimage\",\"url\":\"https:\/\/noti-america.com\/site\/ecuador\/wp-content\/uploads\/sites\/18\/2021\/07\/27-de-julio-de-2021-51338617150_b81f7d7e1a_c.jpg\",\"contentUrl\":\"https:\/\/noti-america.com\/site\/ecuador\/wp-content\/uploads\/sites\/18\/2021\/07\/27-de-julio-de-2021-51338617150_b81f7d7e1a_c.jpg\",\"width\":420,\"height\":280},{\"@type\":\"BreadcrumbList\",\"@id\":\"https:\/\/noti-america.com\/site\/ecuador\/2021\/07\/27\/pablo-celi-argumento-sus-actuaciones-en-la-contraloria-ante-asambleistas\/#breadcrumb\",\"itemListElement\":[{\"@type\":\"ListItem\",\"position\":1,\"name\":\"Portada\",\"item\":\"https:\/\/noti-america.com\/site\/ecuador\/\"},{\"@type\":\"ListItem\",\"position\":2,\"name\":\"Pablo Celi argument\u00f3 sus actuaciones en la Contralor\u00eda ante asamble\u00edstas\"}]},{\"@type\":\"WebSite\",\"@id\":\"https:\/\/noti-america.com\/site\/ecuador\/#website\",\"url\":\"https:\/\/noti-america.com\/site\/ecuador\/\",\"name\":\"Ecuador | Noti-America.com\",\"description\":\"\",\"publisher\":{\"@id\":\"https:\/\/noti-america.com\/site\/ecuador\/#organization\"},\"potentialAction\":[{\"@type\":\"SearchAction\",\"target\":{\"@type\":\"EntryPoint\",\"urlTemplate\":\"https:\/\/noti-america.com\/site\/ecuador\/?s={search_term_string}\"},\"query-input\":{\"@type\":\"PropertyValueSpecification\",\"valueRequired\":true,\"valueName\":\"search_term_string\"}}],\"inLanguage\":\"es\"},{\"@type\":\"Organization\",\"@id\":\"https:\/\/noti-america.com\/site\/ecuador\/#organization\",\"name\":\"Noti-America LLC | Ecuador\",\"url\":\"https:\/\/noti-america.com\/site\/ecuador\/\",\"logo\":{\"@type\":\"ImageObject\",\"inLanguage\":\"es\",\"@id\":\"https:\/\/noti-america.com\/site\/ecuador\/#\/schema\/logo\/image\/\",\"url\":\"https:\/\/noti-america.com\/site\/ecuador\/wp-content\/uploads\/sites\/18\/2020\/07\/LogoNA-4x3-1.jpg\",\"contentUrl\":\"https:\/\/noti-america.com\/site\/ecuador\/wp-content\/uploads\/sites\/18\/2020\/07\/LogoNA-4x3-1.jpg\",\"width\":1236,\"height\":1080,\"caption\":\"Noti-America LLC | Ecuador\"},\"image\":{\"@id\":\"https:\/\/noti-america.com\/site\/ecuador\/#\/schema\/logo\/image\/\"},\"sameAs\":[\"https:\/\/x.com\/notiamerica\"]},{\"@type\":\"Person\",\"@id\":\"https:\/\/noti-america.com\/site\/ecuador\/#\/schema\/person\/b9d1630cc6598af759d45c790a347283\",\"name\":\"Henry Ortiz\",\"image\":{\"@type\":\"ImageObject\",\"inLanguage\":\"es\",\"@id\":\"https:\/\/secure.gravatar.com\/avatar\/0b5407b5b302fbb6a578e625dca512ac2983ee5fa9ea941d581b83c40212e4c8?s=96&d=mm&r=g\",\"url\":\"https:\/\/secure.gravatar.com\/avatar\/0b5407b5b302fbb6a578e625dca512ac2983ee5fa9ea941d581b83c40212e4c8?s=96&d=mm&r=g\",\"contentUrl\":\"https:\/\/secure.gravatar.com\/avatar\/0b5407b5b302fbb6a578e625dca512ac2983ee5fa9ea941d581b83c40212e4c8?s=96&d=mm&r=g\",\"caption\":\"Henry Ortiz\"},\"url\":\"https:\/\/noti-america.com\/site\/ecuador\/author\/hortiz\/\"}]}<\/script>\n<!-- \/ Yoast SEO Premium plugin. -->","yoast_head_json":{"title":"Pablo Celi argument\u00f3 sus actuaciones en la Contralor\u00eda ante asamble\u00edstas - Ecuador | Noti-America.com","robots":{"index":"index","follow":"follow","max-snippet":"max-snippet:-1","max-image-preview":"max-image-preview:large","max-video-preview":"max-video-preview:-1"},"canonical":"https:\/\/noti-america.com\/site\/ecuador\/2021\/07\/27\/pablo-celi-argumento-sus-actuaciones-en-la-contraloria-ante-asambleistas\/","og_locale":"es_ES","og_type":"article","og_title":"Pablo Celi argument\u00f3 sus actuaciones en la Contralor\u00eda ante asamble\u00edstas","og_description":"REDACCI\u00d3N NOTI AM\u00c9RICA (ECUADOR) Pablo Celi de la Torre, excontralor suborgante, ejerci\u00f3 ayer, su leg\u00edtimo derecho a la defensa, en el marco de la sustanciaci\u00f3n de la solicitud del juicio pol\u00edtico propuesto en su&#46;&#46;&#46;","og_url":"https:\/\/noti-america.com\/site\/ecuador\/2021\/07\/27\/pablo-celi-argumento-sus-actuaciones-en-la-contraloria-ante-asambleistas\/","og_site_name":"Ecuador | Noti-America.com","article_published_time":"2021-07-27T18:30:31+00:00","og_image":[{"width":420,"height":280,"url":"https:\/\/noti-america.com\/site\/ecuador\/wp-content\/uploads\/sites\/18\/2021\/07\/27-de-julio-de-2021-51338617150_b81f7d7e1a_c.jpg","type":"image\/jpeg"}],"author":"Henry Ortiz","twitter_card":"summary_large_image","twitter_creator":"@notiamerica","twitter_site":"@notiamerica","twitter_misc":{"Escrito por":"Henry Ortiz","Tiempo estimado de lectura":"3 minutos"},"schema":{"@context":"https:\/\/schema.org","@graph":[{"@type":"Article","@id":"https:\/\/noti-america.com\/site\/ecuador\/2021\/07\/27\/pablo-celi-argumento-sus-actuaciones-en-la-contraloria-ante-asambleistas\/#article","isPartOf":{"@id":"https:\/\/noti-america.com\/site\/ecuador\/2021\/07\/27\/pablo-celi-argumento-sus-actuaciones-en-la-contraloria-ante-asambleistas\/"},"author":{"name":"Henry Ortiz","@id":"https:\/\/noti-america.com\/site\/ecuador\/#\/schema\/person\/b9d1630cc6598af759d45c790a347283"},"headline":"Pablo Celi argument\u00f3 sus actuaciones en la Contralor\u00eda ante asamble\u00edstas","datePublished":"2021-07-27T18:30:31+00:00","mainEntityOfPage":{"@id":"https:\/\/noti-america.com\/site\/ecuador\/2021\/07\/27\/pablo-celi-argumento-sus-actuaciones-en-la-contraloria-ante-asambleistas\/"},"wordCount":576,"commentCount":0,"publisher":{"@id":"https:\/\/noti-america.com\/site\/ecuador\/#organization"},"image":{"@id":"https:\/\/noti-america.com\/site\/ecuador\/2021\/07\/27\/pablo-celi-argumento-sus-actuaciones-en-la-contraloria-ante-asambleistas\/#primaryimage"},"thumbnailUrl":"https:\/\/noti-america.com\/site\/ecuador\/wp-content\/uploads\/sites\/18\/2021\/07\/27-de-julio-de-2021-51338617150_b81f7d7e1a_c.jpg","articleSection":["Uncategorized"],"inLanguage":"es","potentialAction":[{"@type":"CommentAction","name":"Comment","target":["https:\/\/noti-america.com\/site\/ecuador\/2021\/07\/27\/pablo-celi-argumento-sus-actuaciones-en-la-contraloria-ante-asambleistas\/#respond"]}]},{"@type":"WebPage","@id":"https:\/\/noti-america.com\/site\/ecuador\/2021\/07\/27\/pablo-celi-argumento-sus-actuaciones-en-la-contraloria-ante-asambleistas\/","url":"https:\/\/noti-america.com\/site\/ecuador\/2021\/07\/27\/pablo-celi-argumento-sus-actuaciones-en-la-contraloria-ante-asambleistas\/","name":"Pablo Celi argument\u00f3 sus actuaciones en la Contralor\u00eda ante asamble\u00edstas - Ecuador | Noti-America.com","isPartOf":{"@id":"https:\/\/noti-america.com\/site\/ecuador\/#website"},"primaryImageOfPage":{"@id":"https:\/\/noti-america.com\/site\/ecuador\/2021\/07\/27\/pablo-celi-argumento-sus-actuaciones-en-la-contraloria-ante-asambleistas\/#primaryimage"},"image":{"@id":"https:\/\/noti-america.com\/site\/ecuador\/2021\/07\/27\/pablo-celi-argumento-sus-actuaciones-en-la-contraloria-ante-asambleistas\/#primaryimage"},"thumbnailUrl":"https:\/\/noti-america.com\/site\/ecuador\/wp-content\/uploads\/sites\/18\/2021\/07\/27-de-julio-de-2021-51338617150_b81f7d7e1a_c.jpg","datePublished":"2021-07-27T18:30:31+00:00","breadcrumb":{"@id":"https:\/\/noti-america.com\/site\/ecuador\/2021\/07\/27\/pablo-celi-argumento-sus-actuaciones-en-la-contraloria-ante-asambleistas\/#breadcrumb"},"inLanguage":"es","potentialAction":[{"@type":"ReadAction","target":["https:\/\/noti-america.com\/site\/ecuador\/2021\/07\/27\/pablo-celi-argumento-sus-actuaciones-en-la-contraloria-ante-asambleistas\/"]}]},{"@type":"ImageObject","inLanguage":"es","@id":"https:\/\/noti-america.com\/site\/ecuador\/2021\/07\/27\/pablo-celi-argumento-sus-actuaciones-en-la-contraloria-ante-asambleistas\/#primaryimage","url":"https:\/\/noti-america.com\/site\/ecuador\/wp-content\/uploads\/sites\/18\/2021\/07\/27-de-julio-de-2021-51338617150_b81f7d7e1a_c.jpg","contentUrl":"https:\/\/noti-america.com\/site\/ecuador\/wp-content\/uploads\/sites\/18\/2021\/07\/27-de-julio-de-2021-51338617150_b81f7d7e1a_c.jpg","width":420,"height":280},{"@type":"BreadcrumbList","@id":"https:\/\/noti-america.com\/site\/ecuador\/2021\/07\/27\/pablo-celi-argumento-sus-actuaciones-en-la-contraloria-ante-asambleistas\/#breadcrumb","itemListElement":[{"@type":"ListItem","position":1,"name":"Portada","item":"https:\/\/noti-america.com\/site\/ecuador\/"},{"@type":"ListItem","position":2,"name":"Pablo Celi argument\u00f3 sus actuaciones en la Contralor\u00eda ante asamble\u00edstas"}]},{"@type":"WebSite","@id":"https:\/\/noti-america.com\/site\/ecuador\/#website","url":"https:\/\/noti-america.com\/site\/ecuador\/","name":"Ecuador | Noti-America.com","description":"","publisher":{"@id":"https:\/\/noti-america.com\/site\/ecuador\/#organization"},"potentialAction":[{"@type":"SearchAction","target":{"@type":"EntryPoint","urlTemplate":"https:\/\/noti-america.com\/site\/ecuador\/?s={search_term_string}"},"query-input":{"@type":"PropertyValueSpecification","valueRequired":true,"valueName":"search_term_string"}}],"inLanguage":"es"},{"@type":"Organization","@id":"https:\/\/noti-america.com\/site\/ecuador\/#organization","name":"Noti-America LLC | Ecuador","url":"https:\/\/noti-america.com\/site\/ecuador\/","logo":{"@type":"ImageObject","inLanguage":"es","@id":"https:\/\/noti-america.com\/site\/ecuador\/#\/schema\/logo\/image\/","url":"https:\/\/noti-america.com\/site\/ecuador\/wp-content\/uploads\/sites\/18\/2020\/07\/LogoNA-4x3-1.jpg","contentUrl":"https:\/\/noti-america.com\/site\/ecuador\/wp-content\/uploads\/sites\/18\/2020\/07\/LogoNA-4x3-1.jpg","width":1236,"height":1080,"caption":"Noti-America LLC | Ecuador"},"image":{"@id":"https:\/\/noti-america.com\/site\/ecuador\/#\/schema\/logo\/image\/"},"sameAs":["https:\/\/x.com\/notiamerica"]},{"@type":"Person","@id":"https:\/\/noti-america.com\/site\/ecuador\/#\/schema\/person\/b9d1630cc6598af759d45c790a347283","name":"Henry Ortiz","image":{"@type":"ImageObject","inLanguage":"es","@id":"https:\/\/secure.gravatar.com\/avatar\/0b5407b5b302fbb6a578e625dca512ac2983ee5fa9ea941d581b83c40212e4c8?s=96&d=mm&r=g","url":"https:\/\/secure.gravatar.com\/avatar\/0b5407b5b302fbb6a578e625dca512ac2983ee5fa9ea941d581b83c40212e4c8?s=96&d=mm&r=g","contentUrl":"https:\/\/secure.gravatar.com\/avatar\/0b5407b5b302fbb6a578e625dca512ac2983ee5fa9ea941d581b83c40212e4c8?s=96&d=mm&r=g","caption":"Henry Ortiz"},"url":"https:\/\/noti-america.com\/site\/ecuador\/author\/hortiz\/"}]}},"_links":{"self":[{"href":"https:\/\/noti-america.com\/site\/ecuador\/wp-json\/wp\/v2\/posts\/15502","targetHints":{"allow":["GET"]}}],"collection":[{"href":"https:\/\/noti-america.com\/site\/ecuador\/wp-json\/wp\/v2\/posts"}],"about":[{"href":"https:\/\/noti-america.com\/site\/ecuador\/wp-json\/wp\/v2\/types\/post"}],"author":[{"embeddable":true,"href":"https:\/\/noti-america.com\/site\/ecuador\/wp-json\/wp\/v2\/users\/113"}],"replies":[{"embeddable":true,"href":"https:\/\/noti-america.com\/site\/ecuador\/wp-json\/wp\/v2\/comments?post=15502"}],"version-history":[{"count":1,"href":"https:\/\/noti-america.com\/site\/ecuador\/wp-json\/wp\/v2\/posts\/15502\/revisions"}],"predecessor-version":[{"id":15504,"href":"https:\/\/noti-america.com\/site\/ecuador\/wp-json\/wp\/v2\/posts\/15502\/revisions\/15504"}],"wp:featuredmedia":[{"embeddable":true,"href":"https:\/\/noti-america.com\/site\/ecuador\/wp-json\/wp\/v2\/media\/15503"}],"wp:attachment":[{"href":"https:\/\/noti-america.com\/site\/ecuador\/wp-json\/wp\/v2\/media?parent=15502"}],"wp:term":[{"taxonomy":"category","embeddable":true,"href":"https:\/\/noti-america.com\/site\/ecuador\/wp-json\/wp\/v2\/categories?post=15502"},{"taxonomy":"post_tag","embeddable":true,"href":"https:\/\/noti-america.com\/site\/ecuador\/wp-json\/wp\/v2\/tags?post=15502"}],"curies":[{"name":"wp","href":"https:\/\/api.w.org\/{rel}","templated":true}]}}