{"id":15431,"date":"2021-07-22T16:36:30","date_gmt":"2021-07-22T16:36:30","guid":{"rendered":"https:\/\/noti-america.com\/site\/ecuador\/?p=15431"},"modified":"2021-07-22T16:36:30","modified_gmt":"2021-07-22T16:36:30","slug":"alcaldesa-cynthia-viteri-inauguro-nuevas-obras-en-la-calle-panama","status":"publish","type":"post","link":"https:\/\/noti-america.com\/site\/ecuador\/2021\/07\/22\/alcaldesa-cynthia-viteri-inauguro-nuevas-obras-en-la-calle-panama\/","title":{"rendered":"Alcaldesa Cynthia Viteri inaugur\u00f3 nuevas obras en la calle\u00a0 Panam\u00e1\u00a0"},"content":{"rendered":"<p style=\"text-align: justify\"><strong>REDACCI\u00d3N NOTI AM\u00c9RICA (ECUADOR)<\/strong><\/p>\n<div id=\"attachment_15432\" style=\"width: 626px\" class=\"wp-caption aligncenter\"><img loading=\"lazy\" decoding=\"async\" aria-describedby=\"caption-attachment-15432\" class=\"wp-image-15432\" src=\"https:\/\/noti-america.com\/site\/ecuador\/wp-content\/uploads\/sites\/18\/2021\/07\/22-de-julio-images-300x166.jpg\" alt=\"\" width=\"616\" height=\"341\" srcset=\"https:\/\/noti-america.com\/site\/ecuador\/wp-content\/uploads\/sites\/18\/2021\/07\/22-de-julio-images-300x166.jpg 300w, https:\/\/noti-america.com\/site\/ecuador\/wp-content\/uploads\/sites\/18\/2021\/07\/22-de-julio-images.jpg 302w\" sizes=\"auto, (max-width: 616px) 100vw, 616px\" \/><p id=\"caption-attachment-15432\" class=\"wp-caption-text\">La calle Panam\u00e1 cuenta ahora con 10 murales, de los cuales tres se\u00a0 inauguraron en esta jornada. Son obras dedicadas al manglar que\u00a0 antes exist\u00eda en la v\u00eda y al car\u00e1cter tropical de la ciudad.<\/p><\/div>\n<p style=\"text-align: justify\"><span style=\"font-weight: 400\">La calle Panam\u00e1, en el centro de Guayaquil, cuenta con dos nuevas\u00a0 plazoletas y tres nuevos murales. La alcaldesa Cynthia Viteri inaugur\u00f3\u00a0 estas obras en compa\u00f1\u00eda del vicealcalde Josu\u00e9 S\u00e1nchez, los concejales\u00a0 y la presidenta de la Empresa P\u00fablica Municipal de Turismo, Promoci\u00f3n\u00a0 C\u00edvica y Relaciones Internacionales, Gloria Gallardo.\u00a0<\/span><\/p>\n<p style=\"text-align: justify\"><span style=\"font-weight: 400\">Las dos plazoletas se ubican en las calles Luz\u00e1rraga e Imbabura, donde\u00a0 antes hab\u00eda estacionamientos. \u201cAhora (estos espacios) se lo\u00a0 devolvemos a la gente, este es el concepto de la Nueva Ciudad. Van existir m\u00e1s plazoletas. Progresivamente (la calle Panam\u00e1) se va a\u00a0 convertir en peatonal para que todos los negocios tengan la posibilidad\u00a0 de seguir creciendo\u201d, destac\u00f3 la primera personera municipal.\u00a0<\/span><\/p>\n<p style=\"text-align: justify\"><span style=\"font-weight: 400\">Las obras forman parte de los esfuerzos por recuperar el centro de la\u00a0 ciudad e incentivar la recuperaci\u00f3n econ\u00f3mica. Viteri anunci\u00f3 la\u00a0 construcci\u00f3n de un parque infantil en la misma zona, la colocaci\u00f3n de\u00a0 guirnaldas, eventos de m\u00fasica en vivo y se fortalecer\u00e1 la seguridad con\u00a0 la instalaci\u00f3n de c\u00e1maras de vigilancia y patrullaje de agentes\u00a0 metropolitanos.\u00a0\u00a0<\/span><\/p>\n<p style=\"text-align: justify\"><span style=\"font-weight: 400\">Fernanda Cepeda, propietaria de La Central que es uno de los 12\u00a0 restaurantes ubicados en la calle Panam\u00e1, se sum\u00f3 a la propuesta de\u00a0 recuperar el centro de Guayaquil. \u201cCrecimos aqu\u00ed, estas calles son\u00a0 nuestra casa y ahora nuestro trabajo. Nuestro principal objetivo es que\u00a0 la gente vuelva al centro\u201d, asever\u00f3 la emprendedora.\u00a0<\/span><\/p>\n<p style=\"text-align: justify\"><span style=\"font-weight: 400\">La construcci\u00f3n de las dos plazoletas requiri\u00f3 una inversi\u00f3n de USD\u00a0 300.000. Esta obra estuvo a cargo de la Fundaci\u00f3n Guayaquil Siglo\u00a0 XXI, cuyo gerente, Xavier \u00c1lvarez, anunci\u00f3 el desembolso de otros USD\u00a0 5 millones a lo largo de este a\u00f1o y el siguiente para mejorar la zona.\u00a0 \u201cEsto es la reactivaci\u00f3n econ\u00f3mica que necesita la ciudad, la alcaldesa\u00a0<\/span><span style=\"font-weight: 400\">ha promovido la obra p\u00fablica porque se genera empleo\u201d, se\u00f1al\u00f3.\u00a0<\/span><\/p>\n<p style=\"text-align: justify\"><span style=\"font-weight: 400\">\u201cHoy tenemos\u00a0 este museo al aire libre que definitivamente engalana la calle y trajo\u00a0 como consecuencia que vengan las inversiones, que la gente apueste\u00a0 por su restaurante y vengan los ciudadanos a disfrutar\u201d, dijo Gallardo.\u00a0 La funcionaria agreg\u00f3 que este proyecto servir\u00e1 como modelo para\u00a0<\/span><span style=\"font-weight: 400\">recuperar el resto del centro y convertirlo en un destino tur\u00edstico,\u00a0 cultural y gastron\u00f3mico. <\/span><\/p>\n","protected":false},"excerpt":{"rendered":"<p>REDACCI\u00d3N NOTI AM\u00c9RICA (ECUADOR) La calle Panam\u00e1, en el centro de Guayaquil, cuenta con dos nuevas\u00a0 plazoletas y tres nuevos murales. La alcaldesa Cynthia Viteri inaugur\u00f3\u00a0 estas obras en compa\u00f1\u00eda del vicealcalde Josu\u00e9 S\u00e1nchez,&#46;&#46;&#46;<\/p>\n","protected":false},"author":113,"featured_media":15432,"comment_status":"open","ping_status":"open","sticky":false,"template":"","format":"standard","meta":{"_acf_changed":false,"om_disable_all_campaigns":false,"rop_custom_images_group":[],"rop_custom_messages_group":[],"rop_publish_now":"initial","rop_publish_now_accounts":{"twitter_242054905_242054905":""},"rop_publish_now_history":[],"rop_publish_now_status":"pending","_uf_show_specific_survey":0,"_uf_disable_surveys":false,"footnotes":""},"categories":[1],"tags":[],"class_list":["post-15431","post","type-post","status-publish","format-standard","has-post-thumbnail","hentry","category-uncategorized"],"acf":[],"aioseo_notices":[],"yoast_head":"<!-- This site is optimized with the Yoast SEO Premium plugin v24.9 (Yoast SEO v27.2) - https:\/\/yoast.com\/product\/yoast-seo-premium-wordpress\/ -->\n<title>Alcaldesa Cynthia Viteri inaugur\u00f3 nuevas obras en la calle\u00a0 Panam\u00e1\u00a0 - Ecuador | Noti-America.com<\/title>\n<meta name=\"robots\" content=\"index, follow, max-snippet:-1, max-image-preview:large, max-video-preview:-1\" \/>\n<link rel=\"canonical\" href=\"https:\/\/noti-america.com\/site\/ecuador\/2021\/07\/22\/alcaldesa-cynthia-viteri-inauguro-nuevas-obras-en-la-calle-panama\/\" \/>\n<meta property=\"og:locale\" content=\"es_ES\" \/>\n<meta property=\"og:type\" content=\"article\" \/>\n<meta property=\"og:title\" content=\"Alcaldesa Cynthia Viteri inaugur\u00f3 nuevas obras en la calle\u00a0 Panam\u00e1\u00a0\" \/>\n<meta property=\"og:description\" content=\"REDACCI\u00d3N NOTI AM\u00c9RICA (ECUADOR) La calle Panam\u00e1, en el centro de Guayaquil, cuenta con dos nuevas\u00a0 plazoletas y tres nuevos murales. La alcaldesa Cynthia Viteri inaugur\u00f3\u00a0 estas obras en compa\u00f1\u00eda del vicealcalde Josu\u00e9 S\u00e1nchez,&#046;&#046;&#046;\" \/>\n<meta property=\"og:url\" content=\"https:\/\/noti-america.com\/site\/ecuador\/2021\/07\/22\/alcaldesa-cynthia-viteri-inauguro-nuevas-obras-en-la-calle-panama\/\" \/>\n<meta property=\"og:site_name\" content=\"Ecuador | Noti-America.com\" \/>\n<meta property=\"article:published_time\" content=\"2021-07-22T16:36:30+00:00\" \/>\n<meta property=\"og:image\" content=\"https:\/\/noti-america.com\/site\/ecuador\/wp-content\/uploads\/sites\/18\/2021\/07\/22-de-julio-images.jpg\" \/>\n\t<meta property=\"og:image:width\" content=\"302\" \/>\n\t<meta property=\"og:image:height\" content=\"167\" \/>\n\t<meta property=\"og:image:type\" content=\"image\/jpeg\" \/>\n<meta name=\"author\" content=\"Henry Ortiz\" \/>\n<meta name=\"twitter:card\" content=\"summary_large_image\" \/>\n<meta name=\"twitter:creator\" content=\"@notiamerica\" \/>\n<meta name=\"twitter:site\" content=\"@notiamerica\" \/>\n<meta name=\"twitter:label1\" content=\"Escrito por\" \/>\n\t<meta name=\"twitter:data1\" content=\"Henry Ortiz\" \/>\n\t<meta name=\"twitter:label2\" content=\"Tiempo estimado de lectura\" \/>\n\t<meta name=\"twitter:data2\" content=\"2 minutos\" \/>\n<script type=\"application\/ld+json\" class=\"yoast-schema-graph\">{\"@context\":\"https:\/\/schema.org\",\"@graph\":[{\"@type\":\"Article\",\"@id\":\"https:\/\/noti-america.com\/site\/ecuador\/2021\/07\/22\/alcaldesa-cynthia-viteri-inauguro-nuevas-obras-en-la-calle-panama\/#article\",\"isPartOf\":{\"@id\":\"https:\/\/noti-america.com\/site\/ecuador\/2021\/07\/22\/alcaldesa-cynthia-viteri-inauguro-nuevas-obras-en-la-calle-panama\/\"},\"author\":{\"name\":\"Henry Ortiz\",\"@id\":\"https:\/\/noti-america.com\/site\/ecuador\/#\/schema\/person\/b9d1630cc6598af759d45c790a347283\"},\"headline\":\"Alcaldesa Cynthia Viteri inaugur\u00f3 nuevas obras en la calle\u00a0 Panam\u00e1\u00a0\",\"datePublished\":\"2021-07-22T16:36:30+00:00\",\"mainEntityOfPage\":{\"@id\":\"https:\/\/noti-america.com\/site\/ecuador\/2021\/07\/22\/alcaldesa-cynthia-viteri-inauguro-nuevas-obras-en-la-calle-panama\/\"},\"wordCount\":431,\"commentCount\":0,\"publisher\":{\"@id\":\"https:\/\/noti-america.com\/site\/ecuador\/#organization\"},\"image\":{\"@id\":\"https:\/\/noti-america.com\/site\/ecuador\/2021\/07\/22\/alcaldesa-cynthia-viteri-inauguro-nuevas-obras-en-la-calle-panama\/#primaryimage\"},\"thumbnailUrl\":\"https:\/\/noti-america.com\/site\/ecuador\/wp-content\/uploads\/sites\/18\/2021\/07\/22-de-julio-images.jpg\",\"articleSection\":[\"Uncategorized\"],\"inLanguage\":\"es\",\"potentialAction\":[{\"@type\":\"CommentAction\",\"name\":\"Comment\",\"target\":[\"https:\/\/noti-america.com\/site\/ecuador\/2021\/07\/22\/alcaldesa-cynthia-viteri-inauguro-nuevas-obras-en-la-calle-panama\/#respond\"]}]},{\"@type\":\"WebPage\",\"@id\":\"https:\/\/noti-america.com\/site\/ecuador\/2021\/07\/22\/alcaldesa-cynthia-viteri-inauguro-nuevas-obras-en-la-calle-panama\/\",\"url\":\"https:\/\/noti-america.com\/site\/ecuador\/2021\/07\/22\/alcaldesa-cynthia-viteri-inauguro-nuevas-obras-en-la-calle-panama\/\",\"name\":\"Alcaldesa Cynthia Viteri inaugur\u00f3 nuevas obras en la calle\u00a0 Panam\u00e1\u00a0 - Ecuador | Noti-America.com\",\"isPartOf\":{\"@id\":\"https:\/\/noti-america.com\/site\/ecuador\/#website\"},\"primaryImageOfPage\":{\"@id\":\"https:\/\/noti-america.com\/site\/ecuador\/2021\/07\/22\/alcaldesa-cynthia-viteri-inauguro-nuevas-obras-en-la-calle-panama\/#primaryimage\"},\"image\":{\"@id\":\"https:\/\/noti-america.com\/site\/ecuador\/2021\/07\/22\/alcaldesa-cynthia-viteri-inauguro-nuevas-obras-en-la-calle-panama\/#primaryimage\"},\"thumbnailUrl\":\"https:\/\/noti-america.com\/site\/ecuador\/wp-content\/uploads\/sites\/18\/2021\/07\/22-de-julio-images.jpg\",\"datePublished\":\"2021-07-22T16:36:30+00:00\",\"breadcrumb\":{\"@id\":\"https:\/\/noti-america.com\/site\/ecuador\/2021\/07\/22\/alcaldesa-cynthia-viteri-inauguro-nuevas-obras-en-la-calle-panama\/#breadcrumb\"},\"inLanguage\":\"es\",\"potentialAction\":[{\"@type\":\"ReadAction\",\"target\":[\"https:\/\/noti-america.com\/site\/ecuador\/2021\/07\/22\/alcaldesa-cynthia-viteri-inauguro-nuevas-obras-en-la-calle-panama\/\"]}]},{\"@type\":\"ImageObject\",\"inLanguage\":\"es\",\"@id\":\"https:\/\/noti-america.com\/site\/ecuador\/2021\/07\/22\/alcaldesa-cynthia-viteri-inauguro-nuevas-obras-en-la-calle-panama\/#primaryimage\",\"url\":\"https:\/\/noti-america.com\/site\/ecuador\/wp-content\/uploads\/sites\/18\/2021\/07\/22-de-julio-images.jpg\",\"contentUrl\":\"https:\/\/noti-america.com\/site\/ecuador\/wp-content\/uploads\/sites\/18\/2021\/07\/22-de-julio-images.jpg\",\"width\":302,\"height\":167},{\"@type\":\"BreadcrumbList\",\"@id\":\"https:\/\/noti-america.com\/site\/ecuador\/2021\/07\/22\/alcaldesa-cynthia-viteri-inauguro-nuevas-obras-en-la-calle-panama\/#breadcrumb\",\"itemListElement\":[{\"@type\":\"ListItem\",\"position\":1,\"name\":\"Portada\",\"item\":\"https:\/\/noti-america.com\/site\/ecuador\/\"},{\"@type\":\"ListItem\",\"position\":2,\"name\":\"Alcaldesa Cynthia Viteri inaugur\u00f3 nuevas obras en la calle\u00a0 Panam\u00e1\u00a0\"}]},{\"@type\":\"WebSite\",\"@id\":\"https:\/\/noti-america.com\/site\/ecuador\/#website\",\"url\":\"https:\/\/noti-america.com\/site\/ecuador\/\",\"name\":\"Ecuador | Noti-America.com\",\"description\":\"\",\"publisher\":{\"@id\":\"https:\/\/noti-america.com\/site\/ecuador\/#organization\"},\"potentialAction\":[{\"@type\":\"SearchAction\",\"target\":{\"@type\":\"EntryPoint\",\"urlTemplate\":\"https:\/\/noti-america.com\/site\/ecuador\/?s={search_term_string}\"},\"query-input\":{\"@type\":\"PropertyValueSpecification\",\"valueRequired\":true,\"valueName\":\"search_term_string\"}}],\"inLanguage\":\"es\"},{\"@type\":\"Organization\",\"@id\":\"https:\/\/noti-america.com\/site\/ecuador\/#organization\",\"name\":\"Noti-America LLC | Ecuador\",\"url\":\"https:\/\/noti-america.com\/site\/ecuador\/\",\"logo\":{\"@type\":\"ImageObject\",\"inLanguage\":\"es\",\"@id\":\"https:\/\/noti-america.com\/site\/ecuador\/#\/schema\/logo\/image\/\",\"url\":\"https:\/\/noti-america.com\/site\/ecuador\/wp-content\/uploads\/sites\/18\/2020\/07\/LogoNA-4x3-1.jpg\",\"contentUrl\":\"https:\/\/noti-america.com\/site\/ecuador\/wp-content\/uploads\/sites\/18\/2020\/07\/LogoNA-4x3-1.jpg\",\"width\":1236,\"height\":1080,\"caption\":\"Noti-America LLC | Ecuador\"},\"image\":{\"@id\":\"https:\/\/noti-america.com\/site\/ecuador\/#\/schema\/logo\/image\/\"},\"sameAs\":[\"https:\/\/x.com\/notiamerica\"]},{\"@type\":\"Person\",\"@id\":\"https:\/\/noti-america.com\/site\/ecuador\/#\/schema\/person\/b9d1630cc6598af759d45c790a347283\",\"name\":\"Henry Ortiz\",\"image\":{\"@type\":\"ImageObject\",\"inLanguage\":\"es\",\"@id\":\"https:\/\/secure.gravatar.com\/avatar\/0b5407b5b302fbb6a578e625dca512ac2983ee5fa9ea941d581b83c40212e4c8?s=96&d=mm&r=g\",\"url\":\"https:\/\/secure.gravatar.com\/avatar\/0b5407b5b302fbb6a578e625dca512ac2983ee5fa9ea941d581b83c40212e4c8?s=96&d=mm&r=g\",\"contentUrl\":\"https:\/\/secure.gravatar.com\/avatar\/0b5407b5b302fbb6a578e625dca512ac2983ee5fa9ea941d581b83c40212e4c8?s=96&d=mm&r=g\",\"caption\":\"Henry Ortiz\"},\"url\":\"https:\/\/noti-america.com\/site\/ecuador\/author\/hortiz\/\"}]}<\/script>\n<!-- \/ Yoast SEO Premium plugin. -->","yoast_head_json":{"title":"Alcaldesa Cynthia Viteri inaugur\u00f3 nuevas obras en la calle\u00a0 Panam\u00e1\u00a0 - Ecuador | Noti-America.com","robots":{"index":"index","follow":"follow","max-snippet":"max-snippet:-1","max-image-preview":"max-image-preview:large","max-video-preview":"max-video-preview:-1"},"canonical":"https:\/\/noti-america.com\/site\/ecuador\/2021\/07\/22\/alcaldesa-cynthia-viteri-inauguro-nuevas-obras-en-la-calle-panama\/","og_locale":"es_ES","og_type":"article","og_title":"Alcaldesa Cynthia Viteri inaugur\u00f3 nuevas obras en la calle\u00a0 Panam\u00e1\u00a0","og_description":"REDACCI\u00d3N NOTI AM\u00c9RICA (ECUADOR) La calle Panam\u00e1, en el centro de Guayaquil, cuenta con dos nuevas\u00a0 plazoletas y tres nuevos murales. La alcaldesa Cynthia Viteri inaugur\u00f3\u00a0 estas obras en compa\u00f1\u00eda del vicealcalde Josu\u00e9 S\u00e1nchez,&#46;&#46;&#46;","og_url":"https:\/\/noti-america.com\/site\/ecuador\/2021\/07\/22\/alcaldesa-cynthia-viteri-inauguro-nuevas-obras-en-la-calle-panama\/","og_site_name":"Ecuador | Noti-America.com","article_published_time":"2021-07-22T16:36:30+00:00","og_image":[{"width":302,"height":167,"url":"https:\/\/noti-america.com\/site\/ecuador\/wp-content\/uploads\/sites\/18\/2021\/07\/22-de-julio-images.jpg","type":"image\/jpeg"}],"author":"Henry Ortiz","twitter_card":"summary_large_image","twitter_creator":"@notiamerica","twitter_site":"@notiamerica","twitter_misc":{"Escrito por":"Henry Ortiz","Tiempo estimado de lectura":"2 minutos"},"schema":{"@context":"https:\/\/schema.org","@graph":[{"@type":"Article","@id":"https:\/\/noti-america.com\/site\/ecuador\/2021\/07\/22\/alcaldesa-cynthia-viteri-inauguro-nuevas-obras-en-la-calle-panama\/#article","isPartOf":{"@id":"https:\/\/noti-america.com\/site\/ecuador\/2021\/07\/22\/alcaldesa-cynthia-viteri-inauguro-nuevas-obras-en-la-calle-panama\/"},"author":{"name":"Henry Ortiz","@id":"https:\/\/noti-america.com\/site\/ecuador\/#\/schema\/person\/b9d1630cc6598af759d45c790a347283"},"headline":"Alcaldesa Cynthia Viteri inaugur\u00f3 nuevas obras en la calle\u00a0 Panam\u00e1\u00a0","datePublished":"2021-07-22T16:36:30+00:00","mainEntityOfPage":{"@id":"https:\/\/noti-america.com\/site\/ecuador\/2021\/07\/22\/alcaldesa-cynthia-viteri-inauguro-nuevas-obras-en-la-calle-panama\/"},"wordCount":431,"commentCount":0,"publisher":{"@id":"https:\/\/noti-america.com\/site\/ecuador\/#organization"},"image":{"@id":"https:\/\/noti-america.com\/site\/ecuador\/2021\/07\/22\/alcaldesa-cynthia-viteri-inauguro-nuevas-obras-en-la-calle-panama\/#primaryimage"},"thumbnailUrl":"https:\/\/noti-america.com\/site\/ecuador\/wp-content\/uploads\/sites\/18\/2021\/07\/22-de-julio-images.jpg","articleSection":["Uncategorized"],"inLanguage":"es","potentialAction":[{"@type":"CommentAction","name":"Comment","target":["https:\/\/noti-america.com\/site\/ecuador\/2021\/07\/22\/alcaldesa-cynthia-viteri-inauguro-nuevas-obras-en-la-calle-panama\/#respond"]}]},{"@type":"WebPage","@id":"https:\/\/noti-america.com\/site\/ecuador\/2021\/07\/22\/alcaldesa-cynthia-viteri-inauguro-nuevas-obras-en-la-calle-panama\/","url":"https:\/\/noti-america.com\/site\/ecuador\/2021\/07\/22\/alcaldesa-cynthia-viteri-inauguro-nuevas-obras-en-la-calle-panama\/","name":"Alcaldesa Cynthia Viteri inaugur\u00f3 nuevas obras en la calle\u00a0 Panam\u00e1\u00a0 - Ecuador | Noti-America.com","isPartOf":{"@id":"https:\/\/noti-america.com\/site\/ecuador\/#website"},"primaryImageOfPage":{"@id":"https:\/\/noti-america.com\/site\/ecuador\/2021\/07\/22\/alcaldesa-cynthia-viteri-inauguro-nuevas-obras-en-la-calle-panama\/#primaryimage"},"image":{"@id":"https:\/\/noti-america.com\/site\/ecuador\/2021\/07\/22\/alcaldesa-cynthia-viteri-inauguro-nuevas-obras-en-la-calle-panama\/#primaryimage"},"thumbnailUrl":"https:\/\/noti-america.com\/site\/ecuador\/wp-content\/uploads\/sites\/18\/2021\/07\/22-de-julio-images.jpg","datePublished":"2021-07-22T16:36:30+00:00","breadcrumb":{"@id":"https:\/\/noti-america.com\/site\/ecuador\/2021\/07\/22\/alcaldesa-cynthia-viteri-inauguro-nuevas-obras-en-la-calle-panama\/#breadcrumb"},"inLanguage":"es","potentialAction":[{"@type":"ReadAction","target":["https:\/\/noti-america.com\/site\/ecuador\/2021\/07\/22\/alcaldesa-cynthia-viteri-inauguro-nuevas-obras-en-la-calle-panama\/"]}]},{"@type":"ImageObject","inLanguage":"es","@id":"https:\/\/noti-america.com\/site\/ecuador\/2021\/07\/22\/alcaldesa-cynthia-viteri-inauguro-nuevas-obras-en-la-calle-panama\/#primaryimage","url":"https:\/\/noti-america.com\/site\/ecuador\/wp-content\/uploads\/sites\/18\/2021\/07\/22-de-julio-images.jpg","contentUrl":"https:\/\/noti-america.com\/site\/ecuador\/wp-content\/uploads\/sites\/18\/2021\/07\/22-de-julio-images.jpg","width":302,"height":167},{"@type":"BreadcrumbList","@id":"https:\/\/noti-america.com\/site\/ecuador\/2021\/07\/22\/alcaldesa-cynthia-viteri-inauguro-nuevas-obras-en-la-calle-panama\/#breadcrumb","itemListElement":[{"@type":"ListItem","position":1,"name":"Portada","item":"https:\/\/noti-america.com\/site\/ecuador\/"},{"@type":"ListItem","position":2,"name":"Alcaldesa Cynthia Viteri inaugur\u00f3 nuevas obras en la calle\u00a0 Panam\u00e1\u00a0"}]},{"@type":"WebSite","@id":"https:\/\/noti-america.com\/site\/ecuador\/#website","url":"https:\/\/noti-america.com\/site\/ecuador\/","name":"Ecuador | Noti-America.com","description":"","publisher":{"@id":"https:\/\/noti-america.com\/site\/ecuador\/#organization"},"potentialAction":[{"@type":"SearchAction","target":{"@type":"EntryPoint","urlTemplate":"https:\/\/noti-america.com\/site\/ecuador\/?s={search_term_string}"},"query-input":{"@type":"PropertyValueSpecification","valueRequired":true,"valueName":"search_term_string"}}],"inLanguage":"es"},{"@type":"Organization","@id":"https:\/\/noti-america.com\/site\/ecuador\/#organization","name":"Noti-America LLC | Ecuador","url":"https:\/\/noti-america.com\/site\/ecuador\/","logo":{"@type":"ImageObject","inLanguage":"es","@id":"https:\/\/noti-america.com\/site\/ecuador\/#\/schema\/logo\/image\/","url":"https:\/\/noti-america.com\/site\/ecuador\/wp-content\/uploads\/sites\/18\/2020\/07\/LogoNA-4x3-1.jpg","contentUrl":"https:\/\/noti-america.com\/site\/ecuador\/wp-content\/uploads\/sites\/18\/2020\/07\/LogoNA-4x3-1.jpg","width":1236,"height":1080,"caption":"Noti-America LLC | Ecuador"},"image":{"@id":"https:\/\/noti-america.com\/site\/ecuador\/#\/schema\/logo\/image\/"},"sameAs":["https:\/\/x.com\/notiamerica"]},{"@type":"Person","@id":"https:\/\/noti-america.com\/site\/ecuador\/#\/schema\/person\/b9d1630cc6598af759d45c790a347283","name":"Henry Ortiz","image":{"@type":"ImageObject","inLanguage":"es","@id":"https:\/\/secure.gravatar.com\/avatar\/0b5407b5b302fbb6a578e625dca512ac2983ee5fa9ea941d581b83c40212e4c8?s=96&d=mm&r=g","url":"https:\/\/secure.gravatar.com\/avatar\/0b5407b5b302fbb6a578e625dca512ac2983ee5fa9ea941d581b83c40212e4c8?s=96&d=mm&r=g","contentUrl":"https:\/\/secure.gravatar.com\/avatar\/0b5407b5b302fbb6a578e625dca512ac2983ee5fa9ea941d581b83c40212e4c8?s=96&d=mm&r=g","caption":"Henry Ortiz"},"url":"https:\/\/noti-america.com\/site\/ecuador\/author\/hortiz\/"}]}},"_links":{"self":[{"href":"https:\/\/noti-america.com\/site\/ecuador\/wp-json\/wp\/v2\/posts\/15431","targetHints":{"allow":["GET"]}}],"collection":[{"href":"https:\/\/noti-america.com\/site\/ecuador\/wp-json\/wp\/v2\/posts"}],"about":[{"href":"https:\/\/noti-america.com\/site\/ecuador\/wp-json\/wp\/v2\/types\/post"}],"author":[{"embeddable":true,"href":"https:\/\/noti-america.com\/site\/ecuador\/wp-json\/wp\/v2\/users\/113"}],"replies":[{"embeddable":true,"href":"https:\/\/noti-america.com\/site\/ecuador\/wp-json\/wp\/v2\/comments?post=15431"}],"version-history":[{"count":1,"href":"https:\/\/noti-america.com\/site\/ecuador\/wp-json\/wp\/v2\/posts\/15431\/revisions"}],"predecessor-version":[{"id":15433,"href":"https:\/\/noti-america.com\/site\/ecuador\/wp-json\/wp\/v2\/posts\/15431\/revisions\/15433"}],"wp:featuredmedia":[{"embeddable":true,"href":"https:\/\/noti-america.com\/site\/ecuador\/wp-json\/wp\/v2\/media\/15432"}],"wp:attachment":[{"href":"https:\/\/noti-america.com\/site\/ecuador\/wp-json\/wp\/v2\/media?parent=15431"}],"wp:term":[{"taxonomy":"category","embeddable":true,"href":"https:\/\/noti-america.com\/site\/ecuador\/wp-json\/wp\/v2\/categories?post=15431"},{"taxonomy":"post_tag","embeddable":true,"href":"https:\/\/noti-america.com\/site\/ecuador\/wp-json\/wp\/v2\/tags?post=15431"}],"curies":[{"name":"wp","href":"https:\/\/api.w.org\/{rel}","templated":true}]}}