{"id":15383,"date":"2021-07-20T15:04:59","date_gmt":"2021-07-20T15:04:59","guid":{"rendered":"https:\/\/noti-america.com\/site\/ecuador\/?p=15383"},"modified":"2021-07-20T15:04:59","modified_gmt":"2021-07-20T15:04:59","slug":"2-3-millones-de-dolares-se-destinaran-a-la-implementacion-del-acuerdo-de-facilitacion-del-comercio","status":"publish","type":"post","link":"https:\/\/noti-america.com\/site\/ecuador\/2021\/07\/20\/2-3-millones-de-dolares-se-destinaran-a-la-implementacion-del-acuerdo-de-facilitacion-del-comercio\/","title":{"rendered":"2.3 millones de d\u00f3lares se destinar\u00e1n a la implementaci\u00f3n del Acuerdo de Facilitaci\u00f3n del Comercio"},"content":{"rendered":"<div class=\"row\">\n<section id=\"postcontent\" class=\"col-md-9 col-sm-6 line-right\"><strong>REDACCI\u00d3N NOTI AM\u00c9RICA (ECUADOR)<\/strong><\/p>\n<div id=\"attachment_15384\" style=\"width: 661px\" class=\"wp-caption aligncenter\"><img loading=\"lazy\" decoding=\"async\" aria-describedby=\"caption-attachment-15384\" class=\"wp-image-15384\" src=\"https:\/\/noti-america.com\/site\/ecuador\/wp-content\/uploads\/sites\/18\/2021\/07\/20-JULIO-FIRMA-DE-CONVENIO-300x199.jpeg\" alt=\"\" width=\"651\" height=\"432\" srcset=\"https:\/\/noti-america.com\/site\/ecuador\/wp-content\/uploads\/sites\/18\/2021\/07\/20-JULIO-FIRMA-DE-CONVENIO-300x199.jpeg 300w, https:\/\/noti-america.com\/site\/ecuador\/wp-content\/uploads\/sites\/18\/2021\/07\/20-JULIO-FIRMA-DE-CONVENIO-768x509.jpeg 768w, https:\/\/noti-america.com\/site\/ecuador\/wp-content\/uploads\/sites\/18\/2021\/07\/20-JULIO-FIRMA-DE-CONVENIO.jpeg 1024w\" sizes=\"auto, (max-width: 651px) 100vw, 651px\" \/><p id=\"caption-attachment-15384\" class=\"wp-caption-text\">La Alianza Global para la Facilitaci\u00f3n del Comercio es dirigida por\u00a0 el CIPE, la C\u00e1mara de Comercio Internacional\u00a0 y el Foro Econ\u00f3mico Mundial, en cooperaci\u00f3n con la Gesellschaftf\u00fcr Internationale Zusammenarbeit; y, es financiada por los gobiernos de los Estados Unidos, Canad\u00e1, Alemania y Dinamarca.\u00a0<\/p><\/div>\n<p style=\"text-align: justify\">En marco de la S\u00e9ptima Sesi\u00f3n Ordinaria del Comit\u00e9 Nacional de Facilitaci\u00f3n del Comercio, el ministro de Producci\u00f3n, Julio Jos\u00e9 Prado, suscribi\u00f3 un Memorando de Entendimiento con la Alianza Global para la Facilitaci\u00f3n del Comercioque contribuir\u00e1 con USD 2.3 millones en cooperaci\u00f3n t\u00e9cnica no reembolsable en procura de avanzar en el cumplimiento de la implementaci\u00f3n del Acuerdo de Facilitaci\u00f3n del Comercio de la Organizaci\u00f3n Mundial del Comercio (OMC) y la ejecuci\u00f3n del Decreto Ejecutivo 68 que busca aumentar la competitividad del pa\u00eds.<\/p>\n<p style=\"text-align: justify\">En ese sentido, la agencia desarrollar\u00e1 dos proyectos en el territorio nacional enfocados al Fortalecimiento de la Ventanilla \u00danica Ecuatoriana (VUE) y la Modernizaci\u00f3n de Procedimientos Sanitarios. Adem\u00e1s, a la implementaci\u00f3n de la certificaci\u00f3n electr\u00f3nica fitosanitaria (e-phyto) en Ecuador.<\/p>\n<p style=\"text-align: justify\">Ambos proyectos, contribuyen a aumentar la cobertura del operador comercial en la VUE, reducir costos, tiempos relacionados con el tr\u00e1mite de requisitos para las operaciones comerciales; reducir y eliminar procedimientos en persona y papel; e, incrementar la productividad de las agencias involucradas.<\/p>\n<p style=\"text-align: justify\">El ministro, Julio Jos\u00e9 Prado enfatiz\u00f3 que \u201cLa ejecuci\u00f3n de estos dos proyectos nos permitir\u00e1 seguir construyendo el Ecuador Competitivo que nos hemos trazado en esta administraci\u00f3n, bajo la direccion de esta cartera de Estado\u201d<\/p>\n<p style=\"text-align: justify\">Las instituciones beneficiadas de estos proyectos, son: los ministerios de Producci\u00f3n, Comercio Exterior, Inversiones y Pesca (MPCEIP); Ambiente, Agua y Transici\u00f3n Ecol\u00f3gica (MAATE); Transporte y Obras P\u00fablicas (MTOP); el Servicio Nacional de Aduanas del Ecuador (SENAE); la Agencia de Regulaci\u00f3n y Control Fito y Zoosanitario (Agrocalidad); y, la Agencia Nacional de Regulaci\u00f3n, Control y Observaci\u00f3n Sanitaria (ARCSA).<\/p>\n<\/section>\n<\/div>\n<div class=\"row\"><\/div>\n","protected":false},"excerpt":{"rendered":"<p>REDACCI\u00d3N NOTI AM\u00c9RICA (ECUADOR) En marco de la S\u00e9ptima Sesi\u00f3n Ordinaria del Comit\u00e9 Nacional de Facilitaci\u00f3n del Comercio, el ministro de Producci\u00f3n, Julio Jos\u00e9 Prado, suscribi\u00f3 un Memorando de Entendimiento con la Alianza Global&#46;&#46;&#46;<\/p>\n","protected":false},"author":113,"featured_media":15384,"comment_status":"open","ping_status":"open","sticky":false,"template":"","format":"standard","meta":{"_acf_changed":false,"om_disable_all_campaigns":false,"rop_custom_images_group":[],"rop_custom_messages_group":[],"rop_publish_now":"initial","rop_publish_now_accounts":{"twitter_242054905_242054905":""},"rop_publish_now_history":[],"rop_publish_now_status":"pending","_uf_show_specific_survey":0,"_uf_disable_surveys":false,"footnotes":""},"categories":[1],"tags":[],"class_list":["post-15383","post","type-post","status-publish","format-standard","has-post-thumbnail","hentry","category-uncategorized"],"acf":[],"aioseo_notices":[],"yoast_head":"<!-- This site is optimized with the Yoast SEO Premium plugin v24.9 (Yoast SEO v27.2) - https:\/\/yoast.com\/product\/yoast-seo-premium-wordpress\/ -->\n<title>2.3 millones de d\u00f3lares se destinar\u00e1n a la implementaci\u00f3n del Acuerdo de Facilitaci\u00f3n del Comercio - Ecuador | Noti-America.com<\/title>\n<meta name=\"robots\" content=\"index, follow, max-snippet:-1, max-image-preview:large, max-video-preview:-1\" \/>\n<link rel=\"canonical\" href=\"https:\/\/noti-america.com\/site\/ecuador\/2021\/07\/20\/2-3-millones-de-dolares-se-destinaran-a-la-implementacion-del-acuerdo-de-facilitacion-del-comercio\/\" \/>\n<meta property=\"og:locale\" content=\"es_ES\" \/>\n<meta property=\"og:type\" content=\"article\" \/>\n<meta property=\"og:title\" content=\"2.3 millones de d\u00f3lares se destinar\u00e1n a la implementaci\u00f3n del Acuerdo de Facilitaci\u00f3n del Comercio\" \/>\n<meta property=\"og:description\" content=\"REDACCI\u00d3N NOTI AM\u00c9RICA (ECUADOR) En marco de la S\u00e9ptima Sesi\u00f3n Ordinaria del Comit\u00e9 Nacional de Facilitaci\u00f3n del Comercio, el ministro de Producci\u00f3n, Julio Jos\u00e9 Prado, suscribi\u00f3 un Memorando de Entendimiento con la Alianza Global&#046;&#046;&#046;\" \/>\n<meta property=\"og:url\" content=\"https:\/\/noti-america.com\/site\/ecuador\/2021\/07\/20\/2-3-millones-de-dolares-se-destinaran-a-la-implementacion-del-acuerdo-de-facilitacion-del-comercio\/\" \/>\n<meta property=\"og:site_name\" content=\"Ecuador | Noti-America.com\" \/>\n<meta property=\"article:published_time\" content=\"2021-07-20T15:04:59+00:00\" \/>\n<meta property=\"og:image\" content=\"https:\/\/noti-america.com\/site\/ecuador\/wp-content\/uploads\/sites\/18\/2021\/07\/20-JULIO-FIRMA-DE-CONVENIO.jpeg\" \/>\n\t<meta property=\"og:image:width\" content=\"1024\" \/>\n\t<meta property=\"og:image:height\" content=\"678\" \/>\n\t<meta property=\"og:image:type\" content=\"image\/jpeg\" \/>\n<meta name=\"author\" content=\"Henry Ortiz\" \/>\n<meta name=\"twitter:card\" content=\"summary_large_image\" \/>\n<meta name=\"twitter:creator\" content=\"@notiamerica\" \/>\n<meta name=\"twitter:site\" content=\"@notiamerica\" \/>\n<meta name=\"twitter:label1\" content=\"Escrito por\" \/>\n\t<meta name=\"twitter:data1\" content=\"Henry Ortiz\" \/>\n\t<meta name=\"twitter:label2\" content=\"Tiempo estimado de lectura\" \/>\n\t<meta name=\"twitter:data2\" content=\"2 minutos\" \/>\n<script type=\"application\/ld+json\" class=\"yoast-schema-graph\">{\"@context\":\"https:\/\/schema.org\",\"@graph\":[{\"@type\":\"Article\",\"@id\":\"https:\/\/noti-america.com\/site\/ecuador\/2021\/07\/20\/2-3-millones-de-dolares-se-destinaran-a-la-implementacion-del-acuerdo-de-facilitacion-del-comercio\/#article\",\"isPartOf\":{\"@id\":\"https:\/\/noti-america.com\/site\/ecuador\/2021\/07\/20\/2-3-millones-de-dolares-se-destinaran-a-la-implementacion-del-acuerdo-de-facilitacion-del-comercio\/\"},\"author\":{\"name\":\"Henry Ortiz\",\"@id\":\"https:\/\/noti-america.com\/site\/ecuador\/#\/schema\/person\/b9d1630cc6598af759d45c790a347283\"},\"headline\":\"2.3 millones de d\u00f3lares se destinar\u00e1n a la implementaci\u00f3n del Acuerdo de Facilitaci\u00f3n del Comercio\",\"datePublished\":\"2021-07-20T15:04:59+00:00\",\"mainEntityOfPage\":{\"@id\":\"https:\/\/noti-america.com\/site\/ecuador\/2021\/07\/20\/2-3-millones-de-dolares-se-destinaran-a-la-implementacion-del-acuerdo-de-facilitacion-del-comercio\/\"},\"wordCount\":360,\"commentCount\":0,\"publisher\":{\"@id\":\"https:\/\/noti-america.com\/site\/ecuador\/#organization\"},\"image\":{\"@id\":\"https:\/\/noti-america.com\/site\/ecuador\/2021\/07\/20\/2-3-millones-de-dolares-se-destinaran-a-la-implementacion-del-acuerdo-de-facilitacion-del-comercio\/#primaryimage\"},\"thumbnailUrl\":\"https:\/\/noti-america.com\/site\/ecuador\/wp-content\/uploads\/sites\/18\/2021\/07\/20-JULIO-FIRMA-DE-CONVENIO.jpeg\",\"articleSection\":[\"Uncategorized\"],\"inLanguage\":\"es\",\"potentialAction\":[{\"@type\":\"CommentAction\",\"name\":\"Comment\",\"target\":[\"https:\/\/noti-america.com\/site\/ecuador\/2021\/07\/20\/2-3-millones-de-dolares-se-destinaran-a-la-implementacion-del-acuerdo-de-facilitacion-del-comercio\/#respond\"]}]},{\"@type\":\"WebPage\",\"@id\":\"https:\/\/noti-america.com\/site\/ecuador\/2021\/07\/20\/2-3-millones-de-dolares-se-destinaran-a-la-implementacion-del-acuerdo-de-facilitacion-del-comercio\/\",\"url\":\"https:\/\/noti-america.com\/site\/ecuador\/2021\/07\/20\/2-3-millones-de-dolares-se-destinaran-a-la-implementacion-del-acuerdo-de-facilitacion-del-comercio\/\",\"name\":\"2.3 millones de d\u00f3lares se destinar\u00e1n a la implementaci\u00f3n del Acuerdo de Facilitaci\u00f3n del Comercio - Ecuador | Noti-America.com\",\"isPartOf\":{\"@id\":\"https:\/\/noti-america.com\/site\/ecuador\/#website\"},\"primaryImageOfPage\":{\"@id\":\"https:\/\/noti-america.com\/site\/ecuador\/2021\/07\/20\/2-3-millones-de-dolares-se-destinaran-a-la-implementacion-del-acuerdo-de-facilitacion-del-comercio\/#primaryimage\"},\"image\":{\"@id\":\"https:\/\/noti-america.com\/site\/ecuador\/2021\/07\/20\/2-3-millones-de-dolares-se-destinaran-a-la-implementacion-del-acuerdo-de-facilitacion-del-comercio\/#primaryimage\"},\"thumbnailUrl\":\"https:\/\/noti-america.com\/site\/ecuador\/wp-content\/uploads\/sites\/18\/2021\/07\/20-JULIO-FIRMA-DE-CONVENIO.jpeg\",\"datePublished\":\"2021-07-20T15:04:59+00:00\",\"breadcrumb\":{\"@id\":\"https:\/\/noti-america.com\/site\/ecuador\/2021\/07\/20\/2-3-millones-de-dolares-se-destinaran-a-la-implementacion-del-acuerdo-de-facilitacion-del-comercio\/#breadcrumb\"},\"inLanguage\":\"es\",\"potentialAction\":[{\"@type\":\"ReadAction\",\"target\":[\"https:\/\/noti-america.com\/site\/ecuador\/2021\/07\/20\/2-3-millones-de-dolares-se-destinaran-a-la-implementacion-del-acuerdo-de-facilitacion-del-comercio\/\"]}]},{\"@type\":\"ImageObject\",\"inLanguage\":\"es\",\"@id\":\"https:\/\/noti-america.com\/site\/ecuador\/2021\/07\/20\/2-3-millones-de-dolares-se-destinaran-a-la-implementacion-del-acuerdo-de-facilitacion-del-comercio\/#primaryimage\",\"url\":\"https:\/\/noti-america.com\/site\/ecuador\/wp-content\/uploads\/sites\/18\/2021\/07\/20-JULIO-FIRMA-DE-CONVENIO.jpeg\",\"contentUrl\":\"https:\/\/noti-america.com\/site\/ecuador\/wp-content\/uploads\/sites\/18\/2021\/07\/20-JULIO-FIRMA-DE-CONVENIO.jpeg\",\"width\":1024,\"height\":678},{\"@type\":\"BreadcrumbList\",\"@id\":\"https:\/\/noti-america.com\/site\/ecuador\/2021\/07\/20\/2-3-millones-de-dolares-se-destinaran-a-la-implementacion-del-acuerdo-de-facilitacion-del-comercio\/#breadcrumb\",\"itemListElement\":[{\"@type\":\"ListItem\",\"position\":1,\"name\":\"Portada\",\"item\":\"https:\/\/noti-america.com\/site\/ecuador\/\"},{\"@type\":\"ListItem\",\"position\":2,\"name\":\"2.3 millones de d\u00f3lares se destinar\u00e1n a la implementaci\u00f3n del Acuerdo de Facilitaci\u00f3n del Comercio\"}]},{\"@type\":\"WebSite\",\"@id\":\"https:\/\/noti-america.com\/site\/ecuador\/#website\",\"url\":\"https:\/\/noti-america.com\/site\/ecuador\/\",\"name\":\"Ecuador | Noti-America.com\",\"description\":\"\",\"publisher\":{\"@id\":\"https:\/\/noti-america.com\/site\/ecuador\/#organization\"},\"potentialAction\":[{\"@type\":\"SearchAction\",\"target\":{\"@type\":\"EntryPoint\",\"urlTemplate\":\"https:\/\/noti-america.com\/site\/ecuador\/?s={search_term_string}\"},\"query-input\":{\"@type\":\"PropertyValueSpecification\",\"valueRequired\":true,\"valueName\":\"search_term_string\"}}],\"inLanguage\":\"es\"},{\"@type\":\"Organization\",\"@id\":\"https:\/\/noti-america.com\/site\/ecuador\/#organization\",\"name\":\"Noti-America LLC | Ecuador\",\"url\":\"https:\/\/noti-america.com\/site\/ecuador\/\",\"logo\":{\"@type\":\"ImageObject\",\"inLanguage\":\"es\",\"@id\":\"https:\/\/noti-america.com\/site\/ecuador\/#\/schema\/logo\/image\/\",\"url\":\"https:\/\/noti-america.com\/site\/ecuador\/wp-content\/uploads\/sites\/18\/2020\/07\/LogoNA-4x3-1.jpg\",\"contentUrl\":\"https:\/\/noti-america.com\/site\/ecuador\/wp-content\/uploads\/sites\/18\/2020\/07\/LogoNA-4x3-1.jpg\",\"width\":1236,\"height\":1080,\"caption\":\"Noti-America LLC | Ecuador\"},\"image\":{\"@id\":\"https:\/\/noti-america.com\/site\/ecuador\/#\/schema\/logo\/image\/\"},\"sameAs\":[\"https:\/\/x.com\/notiamerica\"]},{\"@type\":\"Person\",\"@id\":\"https:\/\/noti-america.com\/site\/ecuador\/#\/schema\/person\/b9d1630cc6598af759d45c790a347283\",\"name\":\"Henry Ortiz\",\"image\":{\"@type\":\"ImageObject\",\"inLanguage\":\"es\",\"@id\":\"https:\/\/secure.gravatar.com\/avatar\/0b5407b5b302fbb6a578e625dca512ac2983ee5fa9ea941d581b83c40212e4c8?s=96&d=mm&r=g\",\"url\":\"https:\/\/secure.gravatar.com\/avatar\/0b5407b5b302fbb6a578e625dca512ac2983ee5fa9ea941d581b83c40212e4c8?s=96&d=mm&r=g\",\"contentUrl\":\"https:\/\/secure.gravatar.com\/avatar\/0b5407b5b302fbb6a578e625dca512ac2983ee5fa9ea941d581b83c40212e4c8?s=96&d=mm&r=g\",\"caption\":\"Henry Ortiz\"},\"url\":\"https:\/\/noti-america.com\/site\/ecuador\/author\/hortiz\/\"}]}<\/script>\n<!-- \/ Yoast SEO Premium plugin. -->","yoast_head_json":{"title":"2.3 millones de d\u00f3lares se destinar\u00e1n a la implementaci\u00f3n del Acuerdo de Facilitaci\u00f3n del Comercio - Ecuador | Noti-America.com","robots":{"index":"index","follow":"follow","max-snippet":"max-snippet:-1","max-image-preview":"max-image-preview:large","max-video-preview":"max-video-preview:-1"},"canonical":"https:\/\/noti-america.com\/site\/ecuador\/2021\/07\/20\/2-3-millones-de-dolares-se-destinaran-a-la-implementacion-del-acuerdo-de-facilitacion-del-comercio\/","og_locale":"es_ES","og_type":"article","og_title":"2.3 millones de d\u00f3lares se destinar\u00e1n a la implementaci\u00f3n del Acuerdo de Facilitaci\u00f3n del Comercio","og_description":"REDACCI\u00d3N NOTI AM\u00c9RICA (ECUADOR) En marco de la S\u00e9ptima Sesi\u00f3n Ordinaria del Comit\u00e9 Nacional de Facilitaci\u00f3n del Comercio, el ministro de Producci\u00f3n, Julio Jos\u00e9 Prado, suscribi\u00f3 un Memorando de Entendimiento con la Alianza Global&#46;&#46;&#46;","og_url":"https:\/\/noti-america.com\/site\/ecuador\/2021\/07\/20\/2-3-millones-de-dolares-se-destinaran-a-la-implementacion-del-acuerdo-de-facilitacion-del-comercio\/","og_site_name":"Ecuador | Noti-America.com","article_published_time":"2021-07-20T15:04:59+00:00","og_image":[{"width":1024,"height":678,"url":"https:\/\/noti-america.com\/site\/ecuador\/wp-content\/uploads\/sites\/18\/2021\/07\/20-JULIO-FIRMA-DE-CONVENIO.jpeg","type":"image\/jpeg"}],"author":"Henry Ortiz","twitter_card":"summary_large_image","twitter_creator":"@notiamerica","twitter_site":"@notiamerica","twitter_misc":{"Escrito por":"Henry Ortiz","Tiempo estimado de lectura":"2 minutos"},"schema":{"@context":"https:\/\/schema.org","@graph":[{"@type":"Article","@id":"https:\/\/noti-america.com\/site\/ecuador\/2021\/07\/20\/2-3-millones-de-dolares-se-destinaran-a-la-implementacion-del-acuerdo-de-facilitacion-del-comercio\/#article","isPartOf":{"@id":"https:\/\/noti-america.com\/site\/ecuador\/2021\/07\/20\/2-3-millones-de-dolares-se-destinaran-a-la-implementacion-del-acuerdo-de-facilitacion-del-comercio\/"},"author":{"name":"Henry Ortiz","@id":"https:\/\/noti-america.com\/site\/ecuador\/#\/schema\/person\/b9d1630cc6598af759d45c790a347283"},"headline":"2.3 millones de d\u00f3lares se destinar\u00e1n a la implementaci\u00f3n del Acuerdo de Facilitaci\u00f3n del Comercio","datePublished":"2021-07-20T15:04:59+00:00","mainEntityOfPage":{"@id":"https:\/\/noti-america.com\/site\/ecuador\/2021\/07\/20\/2-3-millones-de-dolares-se-destinaran-a-la-implementacion-del-acuerdo-de-facilitacion-del-comercio\/"},"wordCount":360,"commentCount":0,"publisher":{"@id":"https:\/\/noti-america.com\/site\/ecuador\/#organization"},"image":{"@id":"https:\/\/noti-america.com\/site\/ecuador\/2021\/07\/20\/2-3-millones-de-dolares-se-destinaran-a-la-implementacion-del-acuerdo-de-facilitacion-del-comercio\/#primaryimage"},"thumbnailUrl":"https:\/\/noti-america.com\/site\/ecuador\/wp-content\/uploads\/sites\/18\/2021\/07\/20-JULIO-FIRMA-DE-CONVENIO.jpeg","articleSection":["Uncategorized"],"inLanguage":"es","potentialAction":[{"@type":"CommentAction","name":"Comment","target":["https:\/\/noti-america.com\/site\/ecuador\/2021\/07\/20\/2-3-millones-de-dolares-se-destinaran-a-la-implementacion-del-acuerdo-de-facilitacion-del-comercio\/#respond"]}]},{"@type":"WebPage","@id":"https:\/\/noti-america.com\/site\/ecuador\/2021\/07\/20\/2-3-millones-de-dolares-se-destinaran-a-la-implementacion-del-acuerdo-de-facilitacion-del-comercio\/","url":"https:\/\/noti-america.com\/site\/ecuador\/2021\/07\/20\/2-3-millones-de-dolares-se-destinaran-a-la-implementacion-del-acuerdo-de-facilitacion-del-comercio\/","name":"2.3 millones de d\u00f3lares se destinar\u00e1n a la implementaci\u00f3n del Acuerdo de Facilitaci\u00f3n del Comercio - Ecuador | Noti-America.com","isPartOf":{"@id":"https:\/\/noti-america.com\/site\/ecuador\/#website"},"primaryImageOfPage":{"@id":"https:\/\/noti-america.com\/site\/ecuador\/2021\/07\/20\/2-3-millones-de-dolares-se-destinaran-a-la-implementacion-del-acuerdo-de-facilitacion-del-comercio\/#primaryimage"},"image":{"@id":"https:\/\/noti-america.com\/site\/ecuador\/2021\/07\/20\/2-3-millones-de-dolares-se-destinaran-a-la-implementacion-del-acuerdo-de-facilitacion-del-comercio\/#primaryimage"},"thumbnailUrl":"https:\/\/noti-america.com\/site\/ecuador\/wp-content\/uploads\/sites\/18\/2021\/07\/20-JULIO-FIRMA-DE-CONVENIO.jpeg","datePublished":"2021-07-20T15:04:59+00:00","breadcrumb":{"@id":"https:\/\/noti-america.com\/site\/ecuador\/2021\/07\/20\/2-3-millones-de-dolares-se-destinaran-a-la-implementacion-del-acuerdo-de-facilitacion-del-comercio\/#breadcrumb"},"inLanguage":"es","potentialAction":[{"@type":"ReadAction","target":["https:\/\/noti-america.com\/site\/ecuador\/2021\/07\/20\/2-3-millones-de-dolares-se-destinaran-a-la-implementacion-del-acuerdo-de-facilitacion-del-comercio\/"]}]},{"@type":"ImageObject","inLanguage":"es","@id":"https:\/\/noti-america.com\/site\/ecuador\/2021\/07\/20\/2-3-millones-de-dolares-se-destinaran-a-la-implementacion-del-acuerdo-de-facilitacion-del-comercio\/#primaryimage","url":"https:\/\/noti-america.com\/site\/ecuador\/wp-content\/uploads\/sites\/18\/2021\/07\/20-JULIO-FIRMA-DE-CONVENIO.jpeg","contentUrl":"https:\/\/noti-america.com\/site\/ecuador\/wp-content\/uploads\/sites\/18\/2021\/07\/20-JULIO-FIRMA-DE-CONVENIO.jpeg","width":1024,"height":678},{"@type":"BreadcrumbList","@id":"https:\/\/noti-america.com\/site\/ecuador\/2021\/07\/20\/2-3-millones-de-dolares-se-destinaran-a-la-implementacion-del-acuerdo-de-facilitacion-del-comercio\/#breadcrumb","itemListElement":[{"@type":"ListItem","position":1,"name":"Portada","item":"https:\/\/noti-america.com\/site\/ecuador\/"},{"@type":"ListItem","position":2,"name":"2.3 millones de d\u00f3lares se destinar\u00e1n a la implementaci\u00f3n del Acuerdo de Facilitaci\u00f3n del Comercio"}]},{"@type":"WebSite","@id":"https:\/\/noti-america.com\/site\/ecuador\/#website","url":"https:\/\/noti-america.com\/site\/ecuador\/","name":"Ecuador | Noti-America.com","description":"","publisher":{"@id":"https:\/\/noti-america.com\/site\/ecuador\/#organization"},"potentialAction":[{"@type":"SearchAction","target":{"@type":"EntryPoint","urlTemplate":"https:\/\/noti-america.com\/site\/ecuador\/?s={search_term_string}"},"query-input":{"@type":"PropertyValueSpecification","valueRequired":true,"valueName":"search_term_string"}}],"inLanguage":"es"},{"@type":"Organization","@id":"https:\/\/noti-america.com\/site\/ecuador\/#organization","name":"Noti-America LLC | Ecuador","url":"https:\/\/noti-america.com\/site\/ecuador\/","logo":{"@type":"ImageObject","inLanguage":"es","@id":"https:\/\/noti-america.com\/site\/ecuador\/#\/schema\/logo\/image\/","url":"https:\/\/noti-america.com\/site\/ecuador\/wp-content\/uploads\/sites\/18\/2020\/07\/LogoNA-4x3-1.jpg","contentUrl":"https:\/\/noti-america.com\/site\/ecuador\/wp-content\/uploads\/sites\/18\/2020\/07\/LogoNA-4x3-1.jpg","width":1236,"height":1080,"caption":"Noti-America LLC | Ecuador"},"image":{"@id":"https:\/\/noti-america.com\/site\/ecuador\/#\/schema\/logo\/image\/"},"sameAs":["https:\/\/x.com\/notiamerica"]},{"@type":"Person","@id":"https:\/\/noti-america.com\/site\/ecuador\/#\/schema\/person\/b9d1630cc6598af759d45c790a347283","name":"Henry Ortiz","image":{"@type":"ImageObject","inLanguage":"es","@id":"https:\/\/secure.gravatar.com\/avatar\/0b5407b5b302fbb6a578e625dca512ac2983ee5fa9ea941d581b83c40212e4c8?s=96&d=mm&r=g","url":"https:\/\/secure.gravatar.com\/avatar\/0b5407b5b302fbb6a578e625dca512ac2983ee5fa9ea941d581b83c40212e4c8?s=96&d=mm&r=g","contentUrl":"https:\/\/secure.gravatar.com\/avatar\/0b5407b5b302fbb6a578e625dca512ac2983ee5fa9ea941d581b83c40212e4c8?s=96&d=mm&r=g","caption":"Henry Ortiz"},"url":"https:\/\/noti-america.com\/site\/ecuador\/author\/hortiz\/"}]}},"_links":{"self":[{"href":"https:\/\/noti-america.com\/site\/ecuador\/wp-json\/wp\/v2\/posts\/15383","targetHints":{"allow":["GET"]}}],"collection":[{"href":"https:\/\/noti-america.com\/site\/ecuador\/wp-json\/wp\/v2\/posts"}],"about":[{"href":"https:\/\/noti-america.com\/site\/ecuador\/wp-json\/wp\/v2\/types\/post"}],"author":[{"embeddable":true,"href":"https:\/\/noti-america.com\/site\/ecuador\/wp-json\/wp\/v2\/users\/113"}],"replies":[{"embeddable":true,"href":"https:\/\/noti-america.com\/site\/ecuador\/wp-json\/wp\/v2\/comments?post=15383"}],"version-history":[{"count":1,"href":"https:\/\/noti-america.com\/site\/ecuador\/wp-json\/wp\/v2\/posts\/15383\/revisions"}],"predecessor-version":[{"id":15385,"href":"https:\/\/noti-america.com\/site\/ecuador\/wp-json\/wp\/v2\/posts\/15383\/revisions\/15385"}],"wp:featuredmedia":[{"embeddable":true,"href":"https:\/\/noti-america.com\/site\/ecuador\/wp-json\/wp\/v2\/media\/15384"}],"wp:attachment":[{"href":"https:\/\/noti-america.com\/site\/ecuador\/wp-json\/wp\/v2\/media?parent=15383"}],"wp:term":[{"taxonomy":"category","embeddable":true,"href":"https:\/\/noti-america.com\/site\/ecuador\/wp-json\/wp\/v2\/categories?post=15383"},{"taxonomy":"post_tag","embeddable":true,"href":"https:\/\/noti-america.com\/site\/ecuador\/wp-json\/wp\/v2\/tags?post=15383"}],"curies":[{"name":"wp","href":"https:\/\/api.w.org\/{rel}","templated":true}]}}