{"id":15378,"date":"2021-07-20T14:34:34","date_gmt":"2021-07-20T14:34:34","guid":{"rendered":"https:\/\/noti-america.com\/site\/ecuador\/?p=15378"},"modified":"2021-07-20T14:40:22","modified_gmt":"2021-07-20T14:40:22","slug":"comision-de-regimen-economico-investigara-abusos-financieros-de-la-banca-privada","status":"publish","type":"post","link":"https:\/\/noti-america.com\/site\/ecuador\/2021\/07\/20\/comision-de-regimen-economico-investigara-abusos-financieros-de-la-banca-privada\/","title":{"rendered":"Comisi\u00f3n de R\u00e9gimen Econ\u00f3mico de la Asamblea investigar\u00e1 abusos financieros de la banca privada"},"content":{"rendered":"<p><strong>REDACCI\u00d3N NOTI AM\u00c9RICA (ECUADOR)<\/strong><\/p>\n<div id=\"attachment_15380\" style=\"width: 961px\" class=\"wp-caption aligncenter\"><img loading=\"lazy\" decoding=\"async\" aria-describedby=\"caption-attachment-15380\" class=\"wp-image-15380\" src=\"https:\/\/noti-america.com\/site\/ecuador\/wp-content\/uploads\/sites\/18\/2021\/07\/20-julio-descarga-300x111.jpg\" alt=\"\" width=\"951\" height=\"352\" srcset=\"https:\/\/noti-america.com\/site\/ecuador\/wp-content\/uploads\/sites\/18\/2021\/07\/20-julio-descarga-300x111.jpg 300w, https:\/\/noti-america.com\/site\/ecuador\/wp-content\/uploads\/sites\/18\/2021\/07\/20-julio-descarga.jpg 369w\" sizes=\"auto, (max-width: 951px) 100vw, 951px\" \/><p id=\"caption-attachment-15380\" class=\"wp-caption-text\">Existen hurtos a las cuentas, por ejemplo, en 2015 se cobr\u00f3 14.530 de d\u00f3lares desde una cuenta a trav\u00e9s de tres cheques que tienen firma falsificada y que se cobraron con suplantaci\u00f3n de identidad.<\/p><\/div>\n<p style=\"text-align: justify\">La Comisi\u00f3n de R\u00e9gimen Econ\u00f3mico, que preside Mireya Pazmi\u00f1o, recibi\u00f3 las demandas de los representantes de los Colectivos Ciudadanos perjudicados por supuestos fraudes en instituciones financieras, debido a transacciones sin autorizaci\u00f3n de los titulares de las cuentas.<\/p>\n<p style=\"text-align: justify\">Suplantaci\u00f3n de identidad; transferencias no autorizadas a otras cuentas a trav\u00e9s del uso MSN; obtenci\u00f3n de datos personales de los usuarios financieros; d\u00e9bitos de las cuentas por transacciones con tarjetas de cr\u00e9dito de compras no autorizadas, son entre otros los abusos denunciados.<\/p>\n<p style=\"text-align: justify\">Solanda Goyes Quelal, tras exponer su experiencia inform\u00f3 que son m\u00e1s de 120 perjudicados de un banco que han perdido desde 100 hasta 30 mil d\u00f3lares que superan un valor de 300 mil d\u00f3lares. Plante\u00f3 iniciar un proceso de fiscalizaci\u00f3n; que se conmine a la Superintendencia de Bancos a que act\u00fae en derecho; y, adem\u00e1s, que trabajar\u00e1n en un proyecto de reformas puntuales producto de las experiencia en estos procesos, a fin de que proteger a los usuarios del sistema financiero.<\/p>\n<p style=\"text-align: justify\">Explic\u00f3 que en 2015 sufri\u00f3 el hurto de 14.530 de d\u00f3lares desde su cuenta a trav\u00e9s de tres cheques que tienen firma falsificada y que se cobraron con suplantaci\u00f3n de identidad. Tambi\u00e9n Consider\u00f3 que hay responsabilidad de empresas de telefon\u00eda, en la obtenci\u00f3n de datos personales por parte de hackers y de delincuentes cibern\u00e9ticos que utilizan datos que deben ser sujetos a la reserva y la confidencialidad a la cual est\u00e1n obligadas las entidades financieras.<\/p>\n<p style=\"text-align: justify\">La portavoz de los Colectivos Ciudadanos se\u00f1al\u00f3 que ante el silencio de ciertos bancos, se encuentran haciendo plantones en los exteriores y que ejecutan acciones legales para recuperar los dineros de los perjudicados.<\/p>\n<p style=\"text-align: justify\">Israel Tr\u00e1vez explic\u00f3 que fue perjudicado en el a\u00f1o 2018 con la reposici\u00f3n de chip asociado a una empresa de telefon\u00eda m\u00f3vil. Su perjuicio fue de 14.360 d\u00f3lares a trav\u00e9s de transferencia bancaria, pese a que el monto m\u00ednimo autorizado era solo de USD 4.000. Pidi\u00f3 que se haga cumplir las leyes que les ampara como consumidores.<\/p>\n<p style=\"text-align: justify\">La presidenta de la Comisi\u00f3n, Mireya Pazmi\u00f1o, manifest\u00f3 que har\u00e1n el seguimiento a estos casos, con el fin de atender cada uno de los reclamos.<\/p>\n<p style=\"text-align: justify\">El asamble\u00edsta Marlon Cadena subray\u00f3 que la funci\u00f3n de los legisladores es corregir esas distorsiones, poner en evidencia los problemas y ayudar a solucionar estas falencias y atender las demandas de los clientes del sistema.<\/p>\n<p style=\"text-align: justify\">\n","protected":false},"excerpt":{"rendered":"<p>REDACCI\u00d3N NOTI AM\u00c9RICA (ECUADOR) La Comisi\u00f3n de R\u00e9gimen Econ\u00f3mico, que preside Mireya Pazmi\u00f1o, recibi\u00f3 las demandas de los representantes de los Colectivos Ciudadanos perjudicados por supuestos fraudes en instituciones financieras, debido a transacciones sin&#46;&#46;&#46;<\/p>\n","protected":false},"author":113,"featured_media":15380,"comment_status":"open","ping_status":"open","sticky":false,"template":"","format":"standard","meta":{"_acf_changed":false,"om_disable_all_campaigns":false,"rop_custom_images_group":[],"rop_custom_messages_group":[],"rop_publish_now":"initial","rop_publish_now_accounts":{"twitter_242054905_242054905":""},"rop_publish_now_history":[],"rop_publish_now_status":"pending","_uf_show_specific_survey":0,"_uf_disable_surveys":false,"footnotes":""},"categories":[5],"tags":[],"class_list":["post-15378","post","type-post","status-publish","format-standard","has-post-thumbnail","hentry","category-economia"],"acf":[],"aioseo_notices":[],"yoast_head":"<!-- This site is optimized with the Yoast SEO Premium plugin v24.9 (Yoast SEO v27.2) - https:\/\/yoast.com\/product\/yoast-seo-premium-wordpress\/ -->\n<title>Comisi\u00f3n de R\u00e9gimen Econ\u00f3mico de la Asamblea investigar\u00e1 abusos financieros de la banca privada - Ecuador | Noti-America.com<\/title>\n<meta name=\"robots\" content=\"index, follow, max-snippet:-1, max-image-preview:large, max-video-preview:-1\" \/>\n<link rel=\"canonical\" href=\"https:\/\/noti-america.com\/site\/ecuador\/2021\/07\/20\/comision-de-regimen-economico-investigara-abusos-financieros-de-la-banca-privada\/\" \/>\n<meta property=\"og:locale\" content=\"es_ES\" \/>\n<meta property=\"og:type\" content=\"article\" \/>\n<meta property=\"og:title\" content=\"Comisi\u00f3n de R\u00e9gimen Econ\u00f3mico de la Asamblea investigar\u00e1 abusos financieros de la banca privada\" \/>\n<meta property=\"og:description\" content=\"REDACCI\u00d3N NOTI AM\u00c9RICA (ECUADOR) La Comisi\u00f3n de R\u00e9gimen Econ\u00f3mico, que preside Mireya Pazmi\u00f1o, recibi\u00f3 las demandas de los representantes de los Colectivos Ciudadanos perjudicados por supuestos fraudes en instituciones financieras, debido a transacciones sin&#046;&#046;&#046;\" \/>\n<meta property=\"og:url\" content=\"https:\/\/noti-america.com\/site\/ecuador\/2021\/07\/20\/comision-de-regimen-economico-investigara-abusos-financieros-de-la-banca-privada\/\" \/>\n<meta property=\"og:site_name\" content=\"Ecuador | Noti-America.com\" \/>\n<meta property=\"article:published_time\" content=\"2021-07-20T14:34:34+00:00\" \/>\n<meta property=\"article:modified_time\" content=\"2021-07-20T14:40:22+00:00\" \/>\n<meta property=\"og:image\" content=\"https:\/\/noti-america.com\/site\/ecuador\/wp-content\/uploads\/sites\/18\/2021\/07\/20-julio-descarga.jpg\" \/>\n\t<meta property=\"og:image:width\" content=\"369\" \/>\n\t<meta property=\"og:image:height\" content=\"136\" \/>\n\t<meta property=\"og:image:type\" content=\"image\/jpeg\" \/>\n<meta name=\"author\" content=\"Henry Ortiz\" \/>\n<meta name=\"twitter:card\" content=\"summary_large_image\" \/>\n<meta name=\"twitter:creator\" content=\"@notiamerica\" \/>\n<meta name=\"twitter:site\" content=\"@notiamerica\" \/>\n<meta name=\"twitter:label1\" content=\"Escrito por\" \/>\n\t<meta name=\"twitter:data1\" content=\"Henry Ortiz\" \/>\n\t<meta name=\"twitter:label2\" content=\"Tiempo estimado de lectura\" \/>\n\t<meta name=\"twitter:data2\" content=\"2 minutos\" \/>\n<script type=\"application\/ld+json\" class=\"yoast-schema-graph\">{\"@context\":\"https:\/\/schema.org\",\"@graph\":[{\"@type\":\"Article\",\"@id\":\"https:\/\/noti-america.com\/site\/ecuador\/2021\/07\/20\/comision-de-regimen-economico-investigara-abusos-financieros-de-la-banca-privada\/#article\",\"isPartOf\":{\"@id\":\"https:\/\/noti-america.com\/site\/ecuador\/2021\/07\/20\/comision-de-regimen-economico-investigara-abusos-financieros-de-la-banca-privada\/\"},\"author\":{\"name\":\"Henry Ortiz\",\"@id\":\"https:\/\/noti-america.com\/site\/ecuador\/#\/schema\/person\/b9d1630cc6598af759d45c790a347283\"},\"headline\":\"Comisi\u00f3n de R\u00e9gimen Econ\u00f3mico de la Asamblea investigar\u00e1 abusos financieros de la banca privada\",\"datePublished\":\"2021-07-20T14:34:34+00:00\",\"dateModified\":\"2021-07-20T14:40:22+00:00\",\"mainEntityOfPage\":{\"@id\":\"https:\/\/noti-america.com\/site\/ecuador\/2021\/07\/20\/comision-de-regimen-economico-investigara-abusos-financieros-de-la-banca-privada\/\"},\"wordCount\":480,\"commentCount\":0,\"publisher\":{\"@id\":\"https:\/\/noti-america.com\/site\/ecuador\/#organization\"},\"image\":{\"@id\":\"https:\/\/noti-america.com\/site\/ecuador\/2021\/07\/20\/comision-de-regimen-economico-investigara-abusos-financieros-de-la-banca-privada\/#primaryimage\"},\"thumbnailUrl\":\"https:\/\/noti-america.com\/site\/ecuador\/wp-content\/uploads\/sites\/18\/2021\/07\/20-julio-descarga.jpg\",\"articleSection\":[\"Econom\u00eda\"],\"inLanguage\":\"es\",\"potentialAction\":[{\"@type\":\"CommentAction\",\"name\":\"Comment\",\"target\":[\"https:\/\/noti-america.com\/site\/ecuador\/2021\/07\/20\/comision-de-regimen-economico-investigara-abusos-financieros-de-la-banca-privada\/#respond\"]}]},{\"@type\":\"WebPage\",\"@id\":\"https:\/\/noti-america.com\/site\/ecuador\/2021\/07\/20\/comision-de-regimen-economico-investigara-abusos-financieros-de-la-banca-privada\/\",\"url\":\"https:\/\/noti-america.com\/site\/ecuador\/2021\/07\/20\/comision-de-regimen-economico-investigara-abusos-financieros-de-la-banca-privada\/\",\"name\":\"Comisi\u00f3n de R\u00e9gimen Econ\u00f3mico de la Asamblea investigar\u00e1 abusos financieros de la banca privada - Ecuador | Noti-America.com\",\"isPartOf\":{\"@id\":\"https:\/\/noti-america.com\/site\/ecuador\/#website\"},\"primaryImageOfPage\":{\"@id\":\"https:\/\/noti-america.com\/site\/ecuador\/2021\/07\/20\/comision-de-regimen-economico-investigara-abusos-financieros-de-la-banca-privada\/#primaryimage\"},\"image\":{\"@id\":\"https:\/\/noti-america.com\/site\/ecuador\/2021\/07\/20\/comision-de-regimen-economico-investigara-abusos-financieros-de-la-banca-privada\/#primaryimage\"},\"thumbnailUrl\":\"https:\/\/noti-america.com\/site\/ecuador\/wp-content\/uploads\/sites\/18\/2021\/07\/20-julio-descarga.jpg\",\"datePublished\":\"2021-07-20T14:34:34+00:00\",\"dateModified\":\"2021-07-20T14:40:22+00:00\",\"breadcrumb\":{\"@id\":\"https:\/\/noti-america.com\/site\/ecuador\/2021\/07\/20\/comision-de-regimen-economico-investigara-abusos-financieros-de-la-banca-privada\/#breadcrumb\"},\"inLanguage\":\"es\",\"potentialAction\":[{\"@type\":\"ReadAction\",\"target\":[\"https:\/\/noti-america.com\/site\/ecuador\/2021\/07\/20\/comision-de-regimen-economico-investigara-abusos-financieros-de-la-banca-privada\/\"]}]},{\"@type\":\"ImageObject\",\"inLanguage\":\"es\",\"@id\":\"https:\/\/noti-america.com\/site\/ecuador\/2021\/07\/20\/comision-de-regimen-economico-investigara-abusos-financieros-de-la-banca-privada\/#primaryimage\",\"url\":\"https:\/\/noti-america.com\/site\/ecuador\/wp-content\/uploads\/sites\/18\/2021\/07\/20-julio-descarga.jpg\",\"contentUrl\":\"https:\/\/noti-america.com\/site\/ecuador\/wp-content\/uploads\/sites\/18\/2021\/07\/20-julio-descarga.jpg\",\"width\":369,\"height\":136},{\"@type\":\"BreadcrumbList\",\"@id\":\"https:\/\/noti-america.com\/site\/ecuador\/2021\/07\/20\/comision-de-regimen-economico-investigara-abusos-financieros-de-la-banca-privada\/#breadcrumb\",\"itemListElement\":[{\"@type\":\"ListItem\",\"position\":1,\"name\":\"Portada\",\"item\":\"https:\/\/noti-america.com\/site\/ecuador\/\"},{\"@type\":\"ListItem\",\"position\":2,\"name\":\"Comisi\u00f3n de R\u00e9gimen Econ\u00f3mico de la Asamblea investigar\u00e1 abusos financieros de la banca privada\"}]},{\"@type\":\"WebSite\",\"@id\":\"https:\/\/noti-america.com\/site\/ecuador\/#website\",\"url\":\"https:\/\/noti-america.com\/site\/ecuador\/\",\"name\":\"Ecuador | Noti-America.com\",\"description\":\"\",\"publisher\":{\"@id\":\"https:\/\/noti-america.com\/site\/ecuador\/#organization\"},\"potentialAction\":[{\"@type\":\"SearchAction\",\"target\":{\"@type\":\"EntryPoint\",\"urlTemplate\":\"https:\/\/noti-america.com\/site\/ecuador\/?s={search_term_string}\"},\"query-input\":{\"@type\":\"PropertyValueSpecification\",\"valueRequired\":true,\"valueName\":\"search_term_string\"}}],\"inLanguage\":\"es\"},{\"@type\":\"Organization\",\"@id\":\"https:\/\/noti-america.com\/site\/ecuador\/#organization\",\"name\":\"Noti-America LLC | Ecuador\",\"url\":\"https:\/\/noti-america.com\/site\/ecuador\/\",\"logo\":{\"@type\":\"ImageObject\",\"inLanguage\":\"es\",\"@id\":\"https:\/\/noti-america.com\/site\/ecuador\/#\/schema\/logo\/image\/\",\"url\":\"https:\/\/noti-america.com\/site\/ecuador\/wp-content\/uploads\/sites\/18\/2020\/07\/LogoNA-4x3-1.jpg\",\"contentUrl\":\"https:\/\/noti-america.com\/site\/ecuador\/wp-content\/uploads\/sites\/18\/2020\/07\/LogoNA-4x3-1.jpg\",\"width\":1236,\"height\":1080,\"caption\":\"Noti-America LLC | Ecuador\"},\"image\":{\"@id\":\"https:\/\/noti-america.com\/site\/ecuador\/#\/schema\/logo\/image\/\"},\"sameAs\":[\"https:\/\/x.com\/notiamerica\"]},{\"@type\":\"Person\",\"@id\":\"https:\/\/noti-america.com\/site\/ecuador\/#\/schema\/person\/b9d1630cc6598af759d45c790a347283\",\"name\":\"Henry Ortiz\",\"image\":{\"@type\":\"ImageObject\",\"inLanguage\":\"es\",\"@id\":\"https:\/\/secure.gravatar.com\/avatar\/0b5407b5b302fbb6a578e625dca512ac2983ee5fa9ea941d581b83c40212e4c8?s=96&d=mm&r=g\",\"url\":\"https:\/\/secure.gravatar.com\/avatar\/0b5407b5b302fbb6a578e625dca512ac2983ee5fa9ea941d581b83c40212e4c8?s=96&d=mm&r=g\",\"contentUrl\":\"https:\/\/secure.gravatar.com\/avatar\/0b5407b5b302fbb6a578e625dca512ac2983ee5fa9ea941d581b83c40212e4c8?s=96&d=mm&r=g\",\"caption\":\"Henry Ortiz\"},\"url\":\"https:\/\/noti-america.com\/site\/ecuador\/author\/hortiz\/\"}]}<\/script>\n<!-- \/ Yoast SEO Premium plugin. -->","yoast_head_json":{"title":"Comisi\u00f3n de R\u00e9gimen Econ\u00f3mico de la Asamblea investigar\u00e1 abusos financieros de la banca privada - Ecuador | Noti-America.com","robots":{"index":"index","follow":"follow","max-snippet":"max-snippet:-1","max-image-preview":"max-image-preview:large","max-video-preview":"max-video-preview:-1"},"canonical":"https:\/\/noti-america.com\/site\/ecuador\/2021\/07\/20\/comision-de-regimen-economico-investigara-abusos-financieros-de-la-banca-privada\/","og_locale":"es_ES","og_type":"article","og_title":"Comisi\u00f3n de R\u00e9gimen Econ\u00f3mico de la Asamblea investigar\u00e1 abusos financieros de la banca privada","og_description":"REDACCI\u00d3N NOTI AM\u00c9RICA (ECUADOR) La Comisi\u00f3n de R\u00e9gimen Econ\u00f3mico, que preside Mireya Pazmi\u00f1o, recibi\u00f3 las demandas de los representantes de los Colectivos Ciudadanos perjudicados por supuestos fraudes en instituciones financieras, debido a transacciones sin&#46;&#46;&#46;","og_url":"https:\/\/noti-america.com\/site\/ecuador\/2021\/07\/20\/comision-de-regimen-economico-investigara-abusos-financieros-de-la-banca-privada\/","og_site_name":"Ecuador | Noti-America.com","article_published_time":"2021-07-20T14:34:34+00:00","article_modified_time":"2021-07-20T14:40:22+00:00","og_image":[{"width":369,"height":136,"url":"https:\/\/noti-america.com\/site\/ecuador\/wp-content\/uploads\/sites\/18\/2021\/07\/20-julio-descarga.jpg","type":"image\/jpeg"}],"author":"Henry Ortiz","twitter_card":"summary_large_image","twitter_creator":"@notiamerica","twitter_site":"@notiamerica","twitter_misc":{"Escrito por":"Henry Ortiz","Tiempo estimado de lectura":"2 minutos"},"schema":{"@context":"https:\/\/schema.org","@graph":[{"@type":"Article","@id":"https:\/\/noti-america.com\/site\/ecuador\/2021\/07\/20\/comision-de-regimen-economico-investigara-abusos-financieros-de-la-banca-privada\/#article","isPartOf":{"@id":"https:\/\/noti-america.com\/site\/ecuador\/2021\/07\/20\/comision-de-regimen-economico-investigara-abusos-financieros-de-la-banca-privada\/"},"author":{"name":"Henry Ortiz","@id":"https:\/\/noti-america.com\/site\/ecuador\/#\/schema\/person\/b9d1630cc6598af759d45c790a347283"},"headline":"Comisi\u00f3n de R\u00e9gimen Econ\u00f3mico de la Asamblea investigar\u00e1 abusos financieros de la banca privada","datePublished":"2021-07-20T14:34:34+00:00","dateModified":"2021-07-20T14:40:22+00:00","mainEntityOfPage":{"@id":"https:\/\/noti-america.com\/site\/ecuador\/2021\/07\/20\/comision-de-regimen-economico-investigara-abusos-financieros-de-la-banca-privada\/"},"wordCount":480,"commentCount":0,"publisher":{"@id":"https:\/\/noti-america.com\/site\/ecuador\/#organization"},"image":{"@id":"https:\/\/noti-america.com\/site\/ecuador\/2021\/07\/20\/comision-de-regimen-economico-investigara-abusos-financieros-de-la-banca-privada\/#primaryimage"},"thumbnailUrl":"https:\/\/noti-america.com\/site\/ecuador\/wp-content\/uploads\/sites\/18\/2021\/07\/20-julio-descarga.jpg","articleSection":["Econom\u00eda"],"inLanguage":"es","potentialAction":[{"@type":"CommentAction","name":"Comment","target":["https:\/\/noti-america.com\/site\/ecuador\/2021\/07\/20\/comision-de-regimen-economico-investigara-abusos-financieros-de-la-banca-privada\/#respond"]}]},{"@type":"WebPage","@id":"https:\/\/noti-america.com\/site\/ecuador\/2021\/07\/20\/comision-de-regimen-economico-investigara-abusos-financieros-de-la-banca-privada\/","url":"https:\/\/noti-america.com\/site\/ecuador\/2021\/07\/20\/comision-de-regimen-economico-investigara-abusos-financieros-de-la-banca-privada\/","name":"Comisi\u00f3n de R\u00e9gimen Econ\u00f3mico de la Asamblea investigar\u00e1 abusos financieros de la banca privada - Ecuador | Noti-America.com","isPartOf":{"@id":"https:\/\/noti-america.com\/site\/ecuador\/#website"},"primaryImageOfPage":{"@id":"https:\/\/noti-america.com\/site\/ecuador\/2021\/07\/20\/comision-de-regimen-economico-investigara-abusos-financieros-de-la-banca-privada\/#primaryimage"},"image":{"@id":"https:\/\/noti-america.com\/site\/ecuador\/2021\/07\/20\/comision-de-regimen-economico-investigara-abusos-financieros-de-la-banca-privada\/#primaryimage"},"thumbnailUrl":"https:\/\/noti-america.com\/site\/ecuador\/wp-content\/uploads\/sites\/18\/2021\/07\/20-julio-descarga.jpg","datePublished":"2021-07-20T14:34:34+00:00","dateModified":"2021-07-20T14:40:22+00:00","breadcrumb":{"@id":"https:\/\/noti-america.com\/site\/ecuador\/2021\/07\/20\/comision-de-regimen-economico-investigara-abusos-financieros-de-la-banca-privada\/#breadcrumb"},"inLanguage":"es","potentialAction":[{"@type":"ReadAction","target":["https:\/\/noti-america.com\/site\/ecuador\/2021\/07\/20\/comision-de-regimen-economico-investigara-abusos-financieros-de-la-banca-privada\/"]}]},{"@type":"ImageObject","inLanguage":"es","@id":"https:\/\/noti-america.com\/site\/ecuador\/2021\/07\/20\/comision-de-regimen-economico-investigara-abusos-financieros-de-la-banca-privada\/#primaryimage","url":"https:\/\/noti-america.com\/site\/ecuador\/wp-content\/uploads\/sites\/18\/2021\/07\/20-julio-descarga.jpg","contentUrl":"https:\/\/noti-america.com\/site\/ecuador\/wp-content\/uploads\/sites\/18\/2021\/07\/20-julio-descarga.jpg","width":369,"height":136},{"@type":"BreadcrumbList","@id":"https:\/\/noti-america.com\/site\/ecuador\/2021\/07\/20\/comision-de-regimen-economico-investigara-abusos-financieros-de-la-banca-privada\/#breadcrumb","itemListElement":[{"@type":"ListItem","position":1,"name":"Portada","item":"https:\/\/noti-america.com\/site\/ecuador\/"},{"@type":"ListItem","position":2,"name":"Comisi\u00f3n de R\u00e9gimen Econ\u00f3mico de la Asamblea investigar\u00e1 abusos financieros de la banca privada"}]},{"@type":"WebSite","@id":"https:\/\/noti-america.com\/site\/ecuador\/#website","url":"https:\/\/noti-america.com\/site\/ecuador\/","name":"Ecuador | Noti-America.com","description":"","publisher":{"@id":"https:\/\/noti-america.com\/site\/ecuador\/#organization"},"potentialAction":[{"@type":"SearchAction","target":{"@type":"EntryPoint","urlTemplate":"https:\/\/noti-america.com\/site\/ecuador\/?s={search_term_string}"},"query-input":{"@type":"PropertyValueSpecification","valueRequired":true,"valueName":"search_term_string"}}],"inLanguage":"es"},{"@type":"Organization","@id":"https:\/\/noti-america.com\/site\/ecuador\/#organization","name":"Noti-America LLC | Ecuador","url":"https:\/\/noti-america.com\/site\/ecuador\/","logo":{"@type":"ImageObject","inLanguage":"es","@id":"https:\/\/noti-america.com\/site\/ecuador\/#\/schema\/logo\/image\/","url":"https:\/\/noti-america.com\/site\/ecuador\/wp-content\/uploads\/sites\/18\/2020\/07\/LogoNA-4x3-1.jpg","contentUrl":"https:\/\/noti-america.com\/site\/ecuador\/wp-content\/uploads\/sites\/18\/2020\/07\/LogoNA-4x3-1.jpg","width":1236,"height":1080,"caption":"Noti-America LLC | Ecuador"},"image":{"@id":"https:\/\/noti-america.com\/site\/ecuador\/#\/schema\/logo\/image\/"},"sameAs":["https:\/\/x.com\/notiamerica"]},{"@type":"Person","@id":"https:\/\/noti-america.com\/site\/ecuador\/#\/schema\/person\/b9d1630cc6598af759d45c790a347283","name":"Henry Ortiz","image":{"@type":"ImageObject","inLanguage":"es","@id":"https:\/\/secure.gravatar.com\/avatar\/0b5407b5b302fbb6a578e625dca512ac2983ee5fa9ea941d581b83c40212e4c8?s=96&d=mm&r=g","url":"https:\/\/secure.gravatar.com\/avatar\/0b5407b5b302fbb6a578e625dca512ac2983ee5fa9ea941d581b83c40212e4c8?s=96&d=mm&r=g","contentUrl":"https:\/\/secure.gravatar.com\/avatar\/0b5407b5b302fbb6a578e625dca512ac2983ee5fa9ea941d581b83c40212e4c8?s=96&d=mm&r=g","caption":"Henry Ortiz"},"url":"https:\/\/noti-america.com\/site\/ecuador\/author\/hortiz\/"}]}},"_links":{"self":[{"href":"https:\/\/noti-america.com\/site\/ecuador\/wp-json\/wp\/v2\/posts\/15378","targetHints":{"allow":["GET"]}}],"collection":[{"href":"https:\/\/noti-america.com\/site\/ecuador\/wp-json\/wp\/v2\/posts"}],"about":[{"href":"https:\/\/noti-america.com\/site\/ecuador\/wp-json\/wp\/v2\/types\/post"}],"author":[{"embeddable":true,"href":"https:\/\/noti-america.com\/site\/ecuador\/wp-json\/wp\/v2\/users\/113"}],"replies":[{"embeddable":true,"href":"https:\/\/noti-america.com\/site\/ecuador\/wp-json\/wp\/v2\/comments?post=15378"}],"version-history":[{"count":2,"href":"https:\/\/noti-america.com\/site\/ecuador\/wp-json\/wp\/v2\/posts\/15378\/revisions"}],"predecessor-version":[{"id":15382,"href":"https:\/\/noti-america.com\/site\/ecuador\/wp-json\/wp\/v2\/posts\/15378\/revisions\/15382"}],"wp:featuredmedia":[{"embeddable":true,"href":"https:\/\/noti-america.com\/site\/ecuador\/wp-json\/wp\/v2\/media\/15380"}],"wp:attachment":[{"href":"https:\/\/noti-america.com\/site\/ecuador\/wp-json\/wp\/v2\/media?parent=15378"}],"wp:term":[{"taxonomy":"category","embeddable":true,"href":"https:\/\/noti-america.com\/site\/ecuador\/wp-json\/wp\/v2\/categories?post=15378"},{"taxonomy":"post_tag","embeddable":true,"href":"https:\/\/noti-america.com\/site\/ecuador\/wp-json\/wp\/v2\/tags?post=15378"}],"curies":[{"name":"wp","href":"https:\/\/api.w.org\/{rel}","templated":true}]}}