{"id":15321,"date":"2021-07-16T16:43:29","date_gmt":"2021-07-16T16:43:29","guid":{"rendered":"https:\/\/noti-america.com\/site\/ecuador\/?p=15321"},"modified":"2021-07-16T16:43:29","modified_gmt":"2021-07-16T16:43:29","slug":"legisladores-de-ecuador-y-colombia-conforman-grupo-interparlamentario-de-amistad","status":"publish","type":"post","link":"https:\/\/noti-america.com\/site\/ecuador\/2021\/07\/16\/legisladores-de-ecuador-y-colombia-conforman-grupo-interparlamentario-de-amistad\/","title":{"rendered":"Legisladores de Ecuador y Colombia conforman grupo \u00abInterparlamentario de Amistad\u00bb"},"content":{"rendered":"<p><strong>REDACCI\u00d3N NOTI AM\u00c9RICA (ECUADOR)<\/strong><\/p>\n<p><img loading=\"lazy\" decoding=\"async\" class=\" wp-image-15322 aligncenter\" src=\"https:\/\/noti-america.com\/site\/ecuador\/wp-content\/uploads\/sites\/18\/2021\/07\/16-julio-ecuador_colombia_2_0.jpg\" alt=\"\" width=\"627\" height=\"471\" \/><\/p>\n<p style=\"text-align: justify\">Con la elecci\u00f3n de Omar Cevallos Pe\u00f1a, como presidente; y, Mar\u00eda del Carmen Aquino, en calidad de secretaria, se conform\u00f3 el Grupo Interparlamentario de Amistad Ecuador-Colombia, instancia que busca fortalecer la cooperaci\u00f3n y el intercambio de experiencias entre los dos pa\u00edses, tanto a nivel legislativo, cuanto en el \u00e1mbito del control pol\u00edtico.<\/p>\n<p style=\"text-align: justify\">La iniciativa del legislador Guido Chiriboga reuni\u00f3 a los legisladores Mar\u00eda del Carmen Aquino, Luis Almeida, Omar Cevallos, Amparo Guanoluisa, Bella Jim\u00e9nez y Francisco Le\u00f3n , quienes, de manera democr\u00e1tica, eligieron al Presidente y Secretaria del Grupo.<\/p>\n<p style=\"text-align: justify\">Tras asumir la presidencia, Omar Cevallos Pe\u00f1a destac\u00f3 la importancia de mantener un equipo de trabajo unido, a fin de desarrollar todas las iniciativas encaminadas a mejorar las relaciones entre los parlamentos de Ecuador y Colombia, naciones que tienen muchos problemas en com\u00fan que deben ser atendidos desde la legislaci\u00f3n. De all\u00ed la importancia de contar este Grupo de coordinaci\u00f3n binacional.<\/p>\n<p style=\"text-align: justify\">Subray\u00f3 que el \u00e9xito de la gesti\u00f3n no depende de la persona que preside una instancia como este Grupo, sino del aporte de cada uno de los integrantes para desarrollar todas las propuestas que permitan fomentar las relaciones de amistad y cooperaci\u00f3n entre Ecuador y Colombia, en todos los \u00e1mbitos, incluidos aspectos culturales. Una de las l\u00edneas de trabajo ser\u00e1 recoger las experiencias, tanto en materia legislativa, cuanto en fiscalizaci\u00f3n, para atender las demandas de la ciudadan\u00eda, a\u00f1adi\u00f3.<\/p>\n<p style=\"text-align: justify\">En los pr\u00f3ximos d\u00edas, este organismo preparar\u00e1 una agenda de prioridades, sobre la base de las propuestas e inquietudes de cada uno de los miembros del Grupo Interparlamentario de Amistad Ecuador-Colombia.<\/p>\n","protected":false},"excerpt":{"rendered":"<p>REDACCI\u00d3N NOTI AM\u00c9RICA (ECUADOR) Con la elecci\u00f3n de Omar Cevallos Pe\u00f1a, como presidente; y, Mar\u00eda del Carmen Aquino, en calidad de secretaria, se conform\u00f3 el Grupo Interparlamentario de Amistad Ecuador-Colombia, instancia que busca fortalecer&#46;&#46;&#46;<\/p>\n","protected":false},"author":113,"featured_media":15322,"comment_status":"open","ping_status":"open","sticky":false,"template":"","format":"standard","meta":{"_acf_changed":false,"om_disable_all_campaigns":false,"rop_custom_images_group":[],"rop_custom_messages_group":[],"rop_publish_now":"initial","rop_publish_now_accounts":{"twitter_242054905_242054905":""},"rop_publish_now_history":[],"rop_publish_now_status":"pending","_uf_show_specific_survey":0,"_uf_disable_surveys":false,"footnotes":""},"categories":[34],"tags":[],"class_list":["post-15321","post","type-post","status-publish","format-standard","has-post-thumbnail","hentry","category-politica-opinion"],"acf":[],"aioseo_notices":[],"yoast_head":"<!-- This site is optimized with the Yoast SEO Premium plugin v24.9 (Yoast SEO v27.2) - https:\/\/yoast.com\/product\/yoast-seo-premium-wordpress\/ -->\n<title>Legisladores de Ecuador y Colombia conforman grupo &quot;Interparlamentario de Amistad&quot; - Ecuador | Noti-America.com<\/title>\n<meta name=\"robots\" content=\"index, follow, max-snippet:-1, max-image-preview:large, max-video-preview:-1\" \/>\n<link rel=\"canonical\" href=\"https:\/\/noti-america.com\/site\/ecuador\/2021\/07\/16\/legisladores-de-ecuador-y-colombia-conforman-grupo-interparlamentario-de-amistad\/\" \/>\n<meta property=\"og:locale\" content=\"es_ES\" \/>\n<meta property=\"og:type\" content=\"article\" \/>\n<meta property=\"og:title\" content=\"Legisladores de Ecuador y Colombia conforman grupo &quot;Interparlamentario de Amistad&quot;\" \/>\n<meta property=\"og:description\" content=\"REDACCI\u00d3N NOTI AM\u00c9RICA (ECUADOR) Con la elecci\u00f3n de Omar Cevallos Pe\u00f1a, como presidente; y, Mar\u00eda del Carmen Aquino, en calidad de secretaria, se conform\u00f3 el Grupo Interparlamentario de Amistad Ecuador-Colombia, instancia que busca fortalecer&#046;&#046;&#046;\" \/>\n<meta property=\"og:url\" content=\"https:\/\/noti-america.com\/site\/ecuador\/2021\/07\/16\/legisladores-de-ecuador-y-colombia-conforman-grupo-interparlamentario-de-amistad\/\" \/>\n<meta property=\"og:site_name\" content=\"Ecuador | Noti-America.com\" \/>\n<meta property=\"article:published_time\" content=\"2021-07-16T16:43:29+00:00\" \/>\n<meta property=\"og:image\" content=\"https:\/\/noti-america.com\/site\/ecuador\/wp-content\/uploads\/sites\/18\/2021\/07\/16-julio-ecuador_colombia_2_0.jpg\" \/>\n\t<meta property=\"og:image:width\" content=\"245\" \/>\n\t<meta property=\"og:image:height\" content=\"184\" \/>\n\t<meta property=\"og:image:type\" content=\"image\/jpeg\" \/>\n<meta name=\"author\" content=\"Henry Ortiz\" \/>\n<meta name=\"twitter:card\" content=\"summary_large_image\" \/>\n<meta name=\"twitter:creator\" content=\"@notiamerica\" \/>\n<meta name=\"twitter:site\" content=\"@notiamerica\" \/>\n<meta name=\"twitter:label1\" content=\"Escrito por\" \/>\n\t<meta name=\"twitter:data1\" content=\"Henry Ortiz\" \/>\n\t<meta name=\"twitter:label2\" content=\"Tiempo estimado de lectura\" \/>\n\t<meta name=\"twitter:data2\" content=\"1 minuto\" \/>\n<script type=\"application\/ld+json\" class=\"yoast-schema-graph\">{\"@context\":\"https:\/\/schema.org\",\"@graph\":[{\"@type\":\"Article\",\"@id\":\"https:\/\/noti-america.com\/site\/ecuador\/2021\/07\/16\/legisladores-de-ecuador-y-colombia-conforman-grupo-interparlamentario-de-amistad\/#article\",\"isPartOf\":{\"@id\":\"https:\/\/noti-america.com\/site\/ecuador\/2021\/07\/16\/legisladores-de-ecuador-y-colombia-conforman-grupo-interparlamentario-de-amistad\/\"},\"author\":{\"name\":\"Henry Ortiz\",\"@id\":\"https:\/\/noti-america.com\/site\/ecuador\/#\/schema\/person\/b9d1630cc6598af759d45c790a347283\"},\"headline\":\"Legisladores de Ecuador y Colombia conforman grupo \u00abInterparlamentario de Amistad\u00bb\",\"datePublished\":\"2021-07-16T16:43:29+00:00\",\"mainEntityOfPage\":{\"@id\":\"https:\/\/noti-america.com\/site\/ecuador\/2021\/07\/16\/legisladores-de-ecuador-y-colombia-conforman-grupo-interparlamentario-de-amistad\/\"},\"wordCount\":296,\"commentCount\":0,\"publisher\":{\"@id\":\"https:\/\/noti-america.com\/site\/ecuador\/#organization\"},\"image\":{\"@id\":\"https:\/\/noti-america.com\/site\/ecuador\/2021\/07\/16\/legisladores-de-ecuador-y-colombia-conforman-grupo-interparlamentario-de-amistad\/#primaryimage\"},\"thumbnailUrl\":\"https:\/\/noti-america.com\/site\/ecuador\/wp-content\/uploads\/sites\/18\/2021\/07\/16-julio-ecuador_colombia_2_0.jpg\",\"articleSection\":[\"Pol\u00edtica\"],\"inLanguage\":\"es\",\"potentialAction\":[{\"@type\":\"CommentAction\",\"name\":\"Comment\",\"target\":[\"https:\/\/noti-america.com\/site\/ecuador\/2021\/07\/16\/legisladores-de-ecuador-y-colombia-conforman-grupo-interparlamentario-de-amistad\/#respond\"]}]},{\"@type\":\"WebPage\",\"@id\":\"https:\/\/noti-america.com\/site\/ecuador\/2021\/07\/16\/legisladores-de-ecuador-y-colombia-conforman-grupo-interparlamentario-de-amistad\/\",\"url\":\"https:\/\/noti-america.com\/site\/ecuador\/2021\/07\/16\/legisladores-de-ecuador-y-colombia-conforman-grupo-interparlamentario-de-amistad\/\",\"name\":\"Legisladores de Ecuador y Colombia conforman grupo \\\"Interparlamentario de Amistad\\\" - Ecuador | Noti-America.com\",\"isPartOf\":{\"@id\":\"https:\/\/noti-america.com\/site\/ecuador\/#website\"},\"primaryImageOfPage\":{\"@id\":\"https:\/\/noti-america.com\/site\/ecuador\/2021\/07\/16\/legisladores-de-ecuador-y-colombia-conforman-grupo-interparlamentario-de-amistad\/#primaryimage\"},\"image\":{\"@id\":\"https:\/\/noti-america.com\/site\/ecuador\/2021\/07\/16\/legisladores-de-ecuador-y-colombia-conforman-grupo-interparlamentario-de-amistad\/#primaryimage\"},\"thumbnailUrl\":\"https:\/\/noti-america.com\/site\/ecuador\/wp-content\/uploads\/sites\/18\/2021\/07\/16-julio-ecuador_colombia_2_0.jpg\",\"datePublished\":\"2021-07-16T16:43:29+00:00\",\"breadcrumb\":{\"@id\":\"https:\/\/noti-america.com\/site\/ecuador\/2021\/07\/16\/legisladores-de-ecuador-y-colombia-conforman-grupo-interparlamentario-de-amistad\/#breadcrumb\"},\"inLanguage\":\"es\",\"potentialAction\":[{\"@type\":\"ReadAction\",\"target\":[\"https:\/\/noti-america.com\/site\/ecuador\/2021\/07\/16\/legisladores-de-ecuador-y-colombia-conforman-grupo-interparlamentario-de-amistad\/\"]}]},{\"@type\":\"ImageObject\",\"inLanguage\":\"es\",\"@id\":\"https:\/\/noti-america.com\/site\/ecuador\/2021\/07\/16\/legisladores-de-ecuador-y-colombia-conforman-grupo-interparlamentario-de-amistad\/#primaryimage\",\"url\":\"https:\/\/noti-america.com\/site\/ecuador\/wp-content\/uploads\/sites\/18\/2021\/07\/16-julio-ecuador_colombia_2_0.jpg\",\"contentUrl\":\"https:\/\/noti-america.com\/site\/ecuador\/wp-content\/uploads\/sites\/18\/2021\/07\/16-julio-ecuador_colombia_2_0.jpg\",\"width\":245,\"height\":184},{\"@type\":\"BreadcrumbList\",\"@id\":\"https:\/\/noti-america.com\/site\/ecuador\/2021\/07\/16\/legisladores-de-ecuador-y-colombia-conforman-grupo-interparlamentario-de-amistad\/#breadcrumb\",\"itemListElement\":[{\"@type\":\"ListItem\",\"position\":1,\"name\":\"Portada\",\"item\":\"https:\/\/noti-america.com\/site\/ecuador\/\"},{\"@type\":\"ListItem\",\"position\":2,\"name\":\"Legisladores de Ecuador y Colombia conforman grupo \u00abInterparlamentario de Amistad\u00bb\"}]},{\"@type\":\"WebSite\",\"@id\":\"https:\/\/noti-america.com\/site\/ecuador\/#website\",\"url\":\"https:\/\/noti-america.com\/site\/ecuador\/\",\"name\":\"Ecuador | Noti-America.com\",\"description\":\"\",\"publisher\":{\"@id\":\"https:\/\/noti-america.com\/site\/ecuador\/#organization\"},\"potentialAction\":[{\"@type\":\"SearchAction\",\"target\":{\"@type\":\"EntryPoint\",\"urlTemplate\":\"https:\/\/noti-america.com\/site\/ecuador\/?s={search_term_string}\"},\"query-input\":{\"@type\":\"PropertyValueSpecification\",\"valueRequired\":true,\"valueName\":\"search_term_string\"}}],\"inLanguage\":\"es\"},{\"@type\":\"Organization\",\"@id\":\"https:\/\/noti-america.com\/site\/ecuador\/#organization\",\"name\":\"Noti-America LLC | Ecuador\",\"url\":\"https:\/\/noti-america.com\/site\/ecuador\/\",\"logo\":{\"@type\":\"ImageObject\",\"inLanguage\":\"es\",\"@id\":\"https:\/\/noti-america.com\/site\/ecuador\/#\/schema\/logo\/image\/\",\"url\":\"https:\/\/noti-america.com\/site\/ecuador\/wp-content\/uploads\/sites\/18\/2020\/07\/LogoNA-4x3-1.jpg\",\"contentUrl\":\"https:\/\/noti-america.com\/site\/ecuador\/wp-content\/uploads\/sites\/18\/2020\/07\/LogoNA-4x3-1.jpg\",\"width\":1236,\"height\":1080,\"caption\":\"Noti-America LLC | Ecuador\"},\"image\":{\"@id\":\"https:\/\/noti-america.com\/site\/ecuador\/#\/schema\/logo\/image\/\"},\"sameAs\":[\"https:\/\/x.com\/notiamerica\"]},{\"@type\":\"Person\",\"@id\":\"https:\/\/noti-america.com\/site\/ecuador\/#\/schema\/person\/b9d1630cc6598af759d45c790a347283\",\"name\":\"Henry Ortiz\",\"image\":{\"@type\":\"ImageObject\",\"inLanguage\":\"es\",\"@id\":\"https:\/\/secure.gravatar.com\/avatar\/0b5407b5b302fbb6a578e625dca512ac2983ee5fa9ea941d581b83c40212e4c8?s=96&d=mm&r=g\",\"url\":\"https:\/\/secure.gravatar.com\/avatar\/0b5407b5b302fbb6a578e625dca512ac2983ee5fa9ea941d581b83c40212e4c8?s=96&d=mm&r=g\",\"contentUrl\":\"https:\/\/secure.gravatar.com\/avatar\/0b5407b5b302fbb6a578e625dca512ac2983ee5fa9ea941d581b83c40212e4c8?s=96&d=mm&r=g\",\"caption\":\"Henry Ortiz\"},\"url\":\"https:\/\/noti-america.com\/site\/ecuador\/author\/hortiz\/\"}]}<\/script>\n<!-- \/ Yoast SEO Premium plugin. -->","yoast_head_json":{"title":"Legisladores de Ecuador y Colombia conforman grupo \"Interparlamentario de Amistad\" - Ecuador | Noti-America.com","robots":{"index":"index","follow":"follow","max-snippet":"max-snippet:-1","max-image-preview":"max-image-preview:large","max-video-preview":"max-video-preview:-1"},"canonical":"https:\/\/noti-america.com\/site\/ecuador\/2021\/07\/16\/legisladores-de-ecuador-y-colombia-conforman-grupo-interparlamentario-de-amistad\/","og_locale":"es_ES","og_type":"article","og_title":"Legisladores de Ecuador y Colombia conforman grupo \"Interparlamentario de Amistad\"","og_description":"REDACCI\u00d3N NOTI AM\u00c9RICA (ECUADOR) Con la elecci\u00f3n de Omar Cevallos Pe\u00f1a, como presidente; y, Mar\u00eda del Carmen Aquino, en calidad de secretaria, se conform\u00f3 el Grupo Interparlamentario de Amistad Ecuador-Colombia, instancia que busca fortalecer&#46;&#46;&#46;","og_url":"https:\/\/noti-america.com\/site\/ecuador\/2021\/07\/16\/legisladores-de-ecuador-y-colombia-conforman-grupo-interparlamentario-de-amistad\/","og_site_name":"Ecuador | Noti-America.com","article_published_time":"2021-07-16T16:43:29+00:00","og_image":[{"width":245,"height":184,"url":"https:\/\/noti-america.com\/site\/ecuador\/wp-content\/uploads\/sites\/18\/2021\/07\/16-julio-ecuador_colombia_2_0.jpg","type":"image\/jpeg"}],"author":"Henry Ortiz","twitter_card":"summary_large_image","twitter_creator":"@notiamerica","twitter_site":"@notiamerica","twitter_misc":{"Escrito por":"Henry Ortiz","Tiempo estimado de lectura":"1 minuto"},"schema":{"@context":"https:\/\/schema.org","@graph":[{"@type":"Article","@id":"https:\/\/noti-america.com\/site\/ecuador\/2021\/07\/16\/legisladores-de-ecuador-y-colombia-conforman-grupo-interparlamentario-de-amistad\/#article","isPartOf":{"@id":"https:\/\/noti-america.com\/site\/ecuador\/2021\/07\/16\/legisladores-de-ecuador-y-colombia-conforman-grupo-interparlamentario-de-amistad\/"},"author":{"name":"Henry Ortiz","@id":"https:\/\/noti-america.com\/site\/ecuador\/#\/schema\/person\/b9d1630cc6598af759d45c790a347283"},"headline":"Legisladores de Ecuador y Colombia conforman grupo \u00abInterparlamentario de Amistad\u00bb","datePublished":"2021-07-16T16:43:29+00:00","mainEntityOfPage":{"@id":"https:\/\/noti-america.com\/site\/ecuador\/2021\/07\/16\/legisladores-de-ecuador-y-colombia-conforman-grupo-interparlamentario-de-amistad\/"},"wordCount":296,"commentCount":0,"publisher":{"@id":"https:\/\/noti-america.com\/site\/ecuador\/#organization"},"image":{"@id":"https:\/\/noti-america.com\/site\/ecuador\/2021\/07\/16\/legisladores-de-ecuador-y-colombia-conforman-grupo-interparlamentario-de-amistad\/#primaryimage"},"thumbnailUrl":"https:\/\/noti-america.com\/site\/ecuador\/wp-content\/uploads\/sites\/18\/2021\/07\/16-julio-ecuador_colombia_2_0.jpg","articleSection":["Pol\u00edtica"],"inLanguage":"es","potentialAction":[{"@type":"CommentAction","name":"Comment","target":["https:\/\/noti-america.com\/site\/ecuador\/2021\/07\/16\/legisladores-de-ecuador-y-colombia-conforman-grupo-interparlamentario-de-amistad\/#respond"]}]},{"@type":"WebPage","@id":"https:\/\/noti-america.com\/site\/ecuador\/2021\/07\/16\/legisladores-de-ecuador-y-colombia-conforman-grupo-interparlamentario-de-amistad\/","url":"https:\/\/noti-america.com\/site\/ecuador\/2021\/07\/16\/legisladores-de-ecuador-y-colombia-conforman-grupo-interparlamentario-de-amistad\/","name":"Legisladores de Ecuador y Colombia conforman grupo \"Interparlamentario de Amistad\" - Ecuador | Noti-America.com","isPartOf":{"@id":"https:\/\/noti-america.com\/site\/ecuador\/#website"},"primaryImageOfPage":{"@id":"https:\/\/noti-america.com\/site\/ecuador\/2021\/07\/16\/legisladores-de-ecuador-y-colombia-conforman-grupo-interparlamentario-de-amistad\/#primaryimage"},"image":{"@id":"https:\/\/noti-america.com\/site\/ecuador\/2021\/07\/16\/legisladores-de-ecuador-y-colombia-conforman-grupo-interparlamentario-de-amistad\/#primaryimage"},"thumbnailUrl":"https:\/\/noti-america.com\/site\/ecuador\/wp-content\/uploads\/sites\/18\/2021\/07\/16-julio-ecuador_colombia_2_0.jpg","datePublished":"2021-07-16T16:43:29+00:00","breadcrumb":{"@id":"https:\/\/noti-america.com\/site\/ecuador\/2021\/07\/16\/legisladores-de-ecuador-y-colombia-conforman-grupo-interparlamentario-de-amistad\/#breadcrumb"},"inLanguage":"es","potentialAction":[{"@type":"ReadAction","target":["https:\/\/noti-america.com\/site\/ecuador\/2021\/07\/16\/legisladores-de-ecuador-y-colombia-conforman-grupo-interparlamentario-de-amistad\/"]}]},{"@type":"ImageObject","inLanguage":"es","@id":"https:\/\/noti-america.com\/site\/ecuador\/2021\/07\/16\/legisladores-de-ecuador-y-colombia-conforman-grupo-interparlamentario-de-amistad\/#primaryimage","url":"https:\/\/noti-america.com\/site\/ecuador\/wp-content\/uploads\/sites\/18\/2021\/07\/16-julio-ecuador_colombia_2_0.jpg","contentUrl":"https:\/\/noti-america.com\/site\/ecuador\/wp-content\/uploads\/sites\/18\/2021\/07\/16-julio-ecuador_colombia_2_0.jpg","width":245,"height":184},{"@type":"BreadcrumbList","@id":"https:\/\/noti-america.com\/site\/ecuador\/2021\/07\/16\/legisladores-de-ecuador-y-colombia-conforman-grupo-interparlamentario-de-amistad\/#breadcrumb","itemListElement":[{"@type":"ListItem","position":1,"name":"Portada","item":"https:\/\/noti-america.com\/site\/ecuador\/"},{"@type":"ListItem","position":2,"name":"Legisladores de Ecuador y Colombia conforman grupo \u00abInterparlamentario de Amistad\u00bb"}]},{"@type":"WebSite","@id":"https:\/\/noti-america.com\/site\/ecuador\/#website","url":"https:\/\/noti-america.com\/site\/ecuador\/","name":"Ecuador | Noti-America.com","description":"","publisher":{"@id":"https:\/\/noti-america.com\/site\/ecuador\/#organization"},"potentialAction":[{"@type":"SearchAction","target":{"@type":"EntryPoint","urlTemplate":"https:\/\/noti-america.com\/site\/ecuador\/?s={search_term_string}"},"query-input":{"@type":"PropertyValueSpecification","valueRequired":true,"valueName":"search_term_string"}}],"inLanguage":"es"},{"@type":"Organization","@id":"https:\/\/noti-america.com\/site\/ecuador\/#organization","name":"Noti-America LLC | Ecuador","url":"https:\/\/noti-america.com\/site\/ecuador\/","logo":{"@type":"ImageObject","inLanguage":"es","@id":"https:\/\/noti-america.com\/site\/ecuador\/#\/schema\/logo\/image\/","url":"https:\/\/noti-america.com\/site\/ecuador\/wp-content\/uploads\/sites\/18\/2020\/07\/LogoNA-4x3-1.jpg","contentUrl":"https:\/\/noti-america.com\/site\/ecuador\/wp-content\/uploads\/sites\/18\/2020\/07\/LogoNA-4x3-1.jpg","width":1236,"height":1080,"caption":"Noti-America LLC | Ecuador"},"image":{"@id":"https:\/\/noti-america.com\/site\/ecuador\/#\/schema\/logo\/image\/"},"sameAs":["https:\/\/x.com\/notiamerica"]},{"@type":"Person","@id":"https:\/\/noti-america.com\/site\/ecuador\/#\/schema\/person\/b9d1630cc6598af759d45c790a347283","name":"Henry Ortiz","image":{"@type":"ImageObject","inLanguage":"es","@id":"https:\/\/secure.gravatar.com\/avatar\/0b5407b5b302fbb6a578e625dca512ac2983ee5fa9ea941d581b83c40212e4c8?s=96&d=mm&r=g","url":"https:\/\/secure.gravatar.com\/avatar\/0b5407b5b302fbb6a578e625dca512ac2983ee5fa9ea941d581b83c40212e4c8?s=96&d=mm&r=g","contentUrl":"https:\/\/secure.gravatar.com\/avatar\/0b5407b5b302fbb6a578e625dca512ac2983ee5fa9ea941d581b83c40212e4c8?s=96&d=mm&r=g","caption":"Henry Ortiz"},"url":"https:\/\/noti-america.com\/site\/ecuador\/author\/hortiz\/"}]}},"_links":{"self":[{"href":"https:\/\/noti-america.com\/site\/ecuador\/wp-json\/wp\/v2\/posts\/15321","targetHints":{"allow":["GET"]}}],"collection":[{"href":"https:\/\/noti-america.com\/site\/ecuador\/wp-json\/wp\/v2\/posts"}],"about":[{"href":"https:\/\/noti-america.com\/site\/ecuador\/wp-json\/wp\/v2\/types\/post"}],"author":[{"embeddable":true,"href":"https:\/\/noti-america.com\/site\/ecuador\/wp-json\/wp\/v2\/users\/113"}],"replies":[{"embeddable":true,"href":"https:\/\/noti-america.com\/site\/ecuador\/wp-json\/wp\/v2\/comments?post=15321"}],"version-history":[{"count":1,"href":"https:\/\/noti-america.com\/site\/ecuador\/wp-json\/wp\/v2\/posts\/15321\/revisions"}],"predecessor-version":[{"id":15323,"href":"https:\/\/noti-america.com\/site\/ecuador\/wp-json\/wp\/v2\/posts\/15321\/revisions\/15323"}],"wp:featuredmedia":[{"embeddable":true,"href":"https:\/\/noti-america.com\/site\/ecuador\/wp-json\/wp\/v2\/media\/15322"}],"wp:attachment":[{"href":"https:\/\/noti-america.com\/site\/ecuador\/wp-json\/wp\/v2\/media?parent=15321"}],"wp:term":[{"taxonomy":"category","embeddable":true,"href":"https:\/\/noti-america.com\/site\/ecuador\/wp-json\/wp\/v2\/categories?post=15321"},{"taxonomy":"post_tag","embeddable":true,"href":"https:\/\/noti-america.com\/site\/ecuador\/wp-json\/wp\/v2\/tags?post=15321"}],"curies":[{"name":"wp","href":"https:\/\/api.w.org\/{rel}","templated":true}]}}