{"id":14907,"date":"2021-06-18T01:19:55","date_gmt":"2021-06-18T01:19:55","guid":{"rendered":"https:\/\/noti-america.com\/site\/ecuador\/?p=14907"},"modified":"2021-06-18T01:19:55","modified_gmt":"2021-06-18T01:19:55","slug":"gobierno-pide-a-la-poblacion-vacunarse-segun-cronograma-semanal-y-por-grupo-de-edad","status":"publish","type":"post","link":"https:\/\/noti-america.com\/site\/ecuador\/2021\/06\/18\/gobierno-pide-a-la-poblacion-vacunarse-segun-cronograma-semanal-y-por-grupo-de-edad\/","title":{"rendered":"Gobierno pide a la poblaci\u00f3n vacunarse seg\u00fan cronograma semanal y por grupo de edad"},"content":{"rendered":"<p>REDACCI\u00d3N NOTI AM\u00c9RICA (ECUADOR)<\/p>\n<div style=\"width: 1290px\" class=\"wp-caption alignnone\"><img loading=\"lazy\" decoding=\"async\" src=\"https:\/\/www.salud.gob.ec\/wp-content\/uploads\/2021\/06\/vacuna.jpg\" alt=\"\" width=\"1280\" height=\"852\" \/><p class=\"wp-caption-text\">Doctora vacuna a beneficiario<\/p><\/div>\n<p style=\"text-align: justify\">El Ministerio de Salud P\u00fablica (MSP) monitorea de manera permanente a la poblaci\u00f3n para facilitar su acceso al Plan de Vacunaci\u00f3n 9\/100, que lleva a cabo el Gobierno. Entre el lunes y martes de esta semana, se registr\u00f3 un 30% de ausentismo de personas mayores de 80 a\u00f1os, 25% mayores de 65 a\u00f1os; 20% en el rango de 65 a\u00f1os y un 10%, de ciudadanos de 64 a\u00f1os.<\/p>\n<p style=\"text-align: justify\">En ese sentido, se invita para que sean parte de la Fase 2 \u201cNos Cuidamos\u201d, que inici\u00f3 el 14 de junio y se extender\u00e1 hasta el 18 de julio de 2021, que incluye a la poblaci\u00f3n de 64 a 50 a\u00f1os, de acuerdo al cronograma semanal, que est\u00e1 en el link: lugarvacunacion.cne.gob.ec.<\/p>\n<p style=\"text-align: justify\">Esta semana (14 al 20 de junio) deben acudir a vacunarse las personas entre 64 y 62 a\u00f1os como poblaci\u00f3n de riesgo. Quienes no alcanzaron a recibir la vacuna por diferentes motivos en dichas fechas, podr\u00e1n acercase el domingo 20 de junio al punto de vacunaci\u00f3n asignado.<\/p>\n<div id=\"attachment_59795\" style=\"width: 609px\" class=\"wp-caption alignleft\"><a href=\"https:\/\/www.salud.gob.ec\/wp-content\/uploads\/2021\/06\/Imagen1-4.png\"><img loading=\"lazy\" decoding=\"async\" aria-describedby=\"caption-attachment-59795\" class=\"img-responsive wp-image-59795\" src=\"https:\/\/www.salud.gob.ec\/wp-content\/uploads\/2021\/06\/Imagen1-4-1024x156.png\" alt=\"\" width=\"599\" height=\"91\" \/><\/a><p id=\"caption-attachment-59795\" class=\"wp-caption-text\">Cronograma<\/p><\/div>\n<p>&nbsp;<\/p>\n<p>&nbsp;<\/p>\n<p>&nbsp;<\/p>\n<p style=\"text-align: justify\">Asimismo, a personas de 49 a 16 a\u00f1os con condiciones graves, enfermedades cr\u00f3nicas o discapacidad mayor al 50%, con base en la siguiente programaci\u00f3n y edad, y presentando el respectivo certificado m\u00e9dico:<\/p>\n<div id=\"attachment_59796\" style=\"width: 276px\" class=\"wp-caption alignleft\"><a href=\"https:\/\/www.salud.gob.ec\/wp-content\/uploads\/2021\/06\/Imagen2.png\"><img loading=\"lazy\" decoding=\"async\" aria-describedby=\"caption-attachment-59796\" class=\"img-responsive wp-image-59796\" src=\"https:\/\/www.salud.gob.ec\/wp-content\/uploads\/2021\/06\/Imagen2.png\" alt=\"\" width=\"266\" height=\"112\" \/><\/a><p id=\"caption-attachment-59796\" class=\"wp-caption-text\">Cronograma<\/p><\/div>\n<p>&nbsp;<\/p>\n<p>&nbsp;<\/p>\n<p>&nbsp;<\/p>\n<p>&nbsp;<\/p>\n<p style=\"text-align: justify\">A esta fase, se suman los sectores estrat\u00e9gicos: agua potable y alcantarillado, electricidad, petr\u00f3leo y miner\u00eda, telecomunicaciones y transporte a\u00e9reo y terrestre, que ser\u00e1n vacunados a trav\u00e9s de brigadas m\u00f3viles o convocatoria, en funci\u00f3n del n\u00famero de c\u00e9dula. \u00a0Para su identificaci\u00f3n, el MSP hace el mapeo de las empresas p\u00fablicas y privadas, con el ministerio rector de cada sector estrat\u00e9gico.<\/p>\n","protected":false},"excerpt":{"rendered":"<p>REDACCI\u00d3N NOTI AM\u00c9RICA (ECUADOR) El Ministerio de Salud P\u00fablica (MSP) monitorea de manera permanente a la poblaci\u00f3n para facilitar su acceso al Plan de Vacunaci\u00f3n 9\/100, que lleva a cabo el Gobierno. Entre el&#46;&#46;&#46;<\/p>\n","protected":false},"author":17,"featured_media":14908,"comment_status":"open","ping_status":"open","sticky":false,"template":"","format":"standard","meta":{"_acf_changed":false,"om_disable_all_campaigns":false,"rop_custom_images_group":[],"rop_custom_messages_group":[],"rop_publish_now":"initial","rop_publish_now_accounts":{"twitter_242054905_242054905":""},"rop_publish_now_history":[],"rop_publish_now_status":"pending","_uf_show_specific_survey":0,"_uf_disable_surveys":false,"footnotes":""},"categories":[35],"tags":[],"class_list":["post-14907","post","type-post","status-publish","format-standard","has-post-thumbnail","hentry","category-salud"],"acf":[],"aioseo_notices":[],"yoast_head":"<!-- This site is optimized with the Yoast SEO Premium plugin v24.9 (Yoast SEO v27.2) - https:\/\/yoast.com\/product\/yoast-seo-premium-wordpress\/ -->\n<title>Gobierno pide a la poblaci\u00f3n vacunarse seg\u00fan cronograma semanal y por grupo de edad - Ecuador | Noti-America.com<\/title>\n<meta name=\"robots\" content=\"index, follow, max-snippet:-1, max-image-preview:large, max-video-preview:-1\" \/>\n<link rel=\"canonical\" href=\"https:\/\/noti-america.com\/site\/ecuador\/2021\/06\/18\/gobierno-pide-a-la-poblacion-vacunarse-segun-cronograma-semanal-y-por-grupo-de-edad\/\" \/>\n<meta property=\"og:locale\" content=\"es_ES\" \/>\n<meta property=\"og:type\" content=\"article\" \/>\n<meta property=\"og:title\" content=\"Gobierno pide a la poblaci\u00f3n vacunarse seg\u00fan cronograma semanal y por grupo de edad\" \/>\n<meta property=\"og:description\" content=\"REDACCI\u00d3N NOTI AM\u00c9RICA (ECUADOR) El Ministerio de Salud P\u00fablica (MSP) monitorea de manera permanente a la poblaci\u00f3n para facilitar su acceso al Plan de Vacunaci\u00f3n 9\/100, que lleva a cabo el Gobierno. Entre el&#046;&#046;&#046;\" \/>\n<meta property=\"og:url\" content=\"https:\/\/noti-america.com\/site\/ecuador\/2021\/06\/18\/gobierno-pide-a-la-poblacion-vacunarse-segun-cronograma-semanal-y-por-grupo-de-edad\/\" \/>\n<meta property=\"og:site_name\" content=\"Ecuador | Noti-America.com\" \/>\n<meta property=\"article:published_time\" content=\"2021-06-18T01:19:55+00:00\" \/>\n<meta property=\"og:image\" content=\"https:\/\/noti-america.com\/site\/ecuador\/wp-content\/uploads\/sites\/18\/2021\/06\/vacuna-MSP-Ecuador.jpg\" \/>\n\t<meta property=\"og:image:width\" content=\"1280\" \/>\n\t<meta property=\"og:image:height\" content=\"852\" \/>\n\t<meta property=\"og:image:type\" content=\"image\/jpeg\" \/>\n<meta name=\"author\" content=\"Gregory Quintana Montiel\" \/>\n<meta name=\"twitter:card\" content=\"summary_large_image\" \/>\n<meta name=\"twitter:creator\" content=\"@gdgregori1\" \/>\n<meta name=\"twitter:site\" content=\"@notiamerica\" \/>\n<meta name=\"twitter:label1\" content=\"Escrito por\" \/>\n\t<meta name=\"twitter:data1\" content=\"Gregory Quintana Montiel\" \/>\n\t<meta name=\"twitter:label2\" content=\"Tiempo estimado de lectura\" \/>\n\t<meta name=\"twitter:data2\" content=\"2 minutos\" \/>\n<script type=\"application\/ld+json\" class=\"yoast-schema-graph\">{\"@context\":\"https:\/\/schema.org\",\"@graph\":[{\"@type\":\"Article\",\"@id\":\"https:\/\/noti-america.com\/site\/ecuador\/2021\/06\/18\/gobierno-pide-a-la-poblacion-vacunarse-segun-cronograma-semanal-y-por-grupo-de-edad\/#article\",\"isPartOf\":{\"@id\":\"https:\/\/noti-america.com\/site\/ecuador\/2021\/06\/18\/gobierno-pide-a-la-poblacion-vacunarse-segun-cronograma-semanal-y-por-grupo-de-edad\/\"},\"author\":{\"name\":\"Gregory Quintana Montiel\",\"@id\":\"https:\/\/noti-america.com\/site\/ecuador\/#\/schema\/person\/3b975e42f15abfe64bfe3abdd916efda\"},\"headline\":\"Gobierno pide a la poblaci\u00f3n vacunarse seg\u00fan cronograma semanal y por grupo de edad\",\"datePublished\":\"2021-06-18T01:19:55+00:00\",\"mainEntityOfPage\":{\"@id\":\"https:\/\/noti-america.com\/site\/ecuador\/2021\/06\/18\/gobierno-pide-a-la-poblacion-vacunarse-segun-cronograma-semanal-y-por-grupo-de-edad\/\"},\"wordCount\":324,\"commentCount\":0,\"publisher\":{\"@id\":\"https:\/\/noti-america.com\/site\/ecuador\/#organization\"},\"image\":{\"@id\":\"https:\/\/noti-america.com\/site\/ecuador\/2021\/06\/18\/gobierno-pide-a-la-poblacion-vacunarse-segun-cronograma-semanal-y-por-grupo-de-edad\/#primaryimage\"},\"thumbnailUrl\":\"https:\/\/noti-america.com\/site\/ecuador\/wp-content\/uploads\/sites\/18\/2021\/06\/vacuna-MSP-Ecuador.jpg\",\"articleSection\":[\"Salud\"],\"inLanguage\":\"es\",\"potentialAction\":[{\"@type\":\"CommentAction\",\"name\":\"Comment\",\"target\":[\"https:\/\/noti-america.com\/site\/ecuador\/2021\/06\/18\/gobierno-pide-a-la-poblacion-vacunarse-segun-cronograma-semanal-y-por-grupo-de-edad\/#respond\"]}]},{\"@type\":\"WebPage\",\"@id\":\"https:\/\/noti-america.com\/site\/ecuador\/2021\/06\/18\/gobierno-pide-a-la-poblacion-vacunarse-segun-cronograma-semanal-y-por-grupo-de-edad\/\",\"url\":\"https:\/\/noti-america.com\/site\/ecuador\/2021\/06\/18\/gobierno-pide-a-la-poblacion-vacunarse-segun-cronograma-semanal-y-por-grupo-de-edad\/\",\"name\":\"Gobierno pide a la poblaci\u00f3n vacunarse seg\u00fan cronograma semanal y por grupo de edad - Ecuador | Noti-America.com\",\"isPartOf\":{\"@id\":\"https:\/\/noti-america.com\/site\/ecuador\/#website\"},\"primaryImageOfPage\":{\"@id\":\"https:\/\/noti-america.com\/site\/ecuador\/2021\/06\/18\/gobierno-pide-a-la-poblacion-vacunarse-segun-cronograma-semanal-y-por-grupo-de-edad\/#primaryimage\"},\"image\":{\"@id\":\"https:\/\/noti-america.com\/site\/ecuador\/2021\/06\/18\/gobierno-pide-a-la-poblacion-vacunarse-segun-cronograma-semanal-y-por-grupo-de-edad\/#primaryimage\"},\"thumbnailUrl\":\"https:\/\/noti-america.com\/site\/ecuador\/wp-content\/uploads\/sites\/18\/2021\/06\/vacuna-MSP-Ecuador.jpg\",\"datePublished\":\"2021-06-18T01:19:55+00:00\",\"breadcrumb\":{\"@id\":\"https:\/\/noti-america.com\/site\/ecuador\/2021\/06\/18\/gobierno-pide-a-la-poblacion-vacunarse-segun-cronograma-semanal-y-por-grupo-de-edad\/#breadcrumb\"},\"inLanguage\":\"es\",\"potentialAction\":[{\"@type\":\"ReadAction\",\"target\":[\"https:\/\/noti-america.com\/site\/ecuador\/2021\/06\/18\/gobierno-pide-a-la-poblacion-vacunarse-segun-cronograma-semanal-y-por-grupo-de-edad\/\"]}]},{\"@type\":\"ImageObject\",\"inLanguage\":\"es\",\"@id\":\"https:\/\/noti-america.com\/site\/ecuador\/2021\/06\/18\/gobierno-pide-a-la-poblacion-vacunarse-segun-cronograma-semanal-y-por-grupo-de-edad\/#primaryimage\",\"url\":\"https:\/\/noti-america.com\/site\/ecuador\/wp-content\/uploads\/sites\/18\/2021\/06\/vacuna-MSP-Ecuador.jpg\",\"contentUrl\":\"https:\/\/noti-america.com\/site\/ecuador\/wp-content\/uploads\/sites\/18\/2021\/06\/vacuna-MSP-Ecuador.jpg\",\"width\":1280,\"height\":852},{\"@type\":\"BreadcrumbList\",\"@id\":\"https:\/\/noti-america.com\/site\/ecuador\/2021\/06\/18\/gobierno-pide-a-la-poblacion-vacunarse-segun-cronograma-semanal-y-por-grupo-de-edad\/#breadcrumb\",\"itemListElement\":[{\"@type\":\"ListItem\",\"position\":1,\"name\":\"Portada\",\"item\":\"https:\/\/noti-america.com\/site\/ecuador\/\"},{\"@type\":\"ListItem\",\"position\":2,\"name\":\"Gobierno pide a la poblaci\u00f3n vacunarse seg\u00fan cronograma semanal y por grupo de edad\"}]},{\"@type\":\"WebSite\",\"@id\":\"https:\/\/noti-america.com\/site\/ecuador\/#website\",\"url\":\"https:\/\/noti-america.com\/site\/ecuador\/\",\"name\":\"Ecuador | Noti-America.com\",\"description\":\"\",\"publisher\":{\"@id\":\"https:\/\/noti-america.com\/site\/ecuador\/#organization\"},\"potentialAction\":[{\"@type\":\"SearchAction\",\"target\":{\"@type\":\"EntryPoint\",\"urlTemplate\":\"https:\/\/noti-america.com\/site\/ecuador\/?s={search_term_string}\"},\"query-input\":{\"@type\":\"PropertyValueSpecification\",\"valueRequired\":true,\"valueName\":\"search_term_string\"}}],\"inLanguage\":\"es\"},{\"@type\":\"Organization\",\"@id\":\"https:\/\/noti-america.com\/site\/ecuador\/#organization\",\"name\":\"Noti-America LLC | Ecuador\",\"url\":\"https:\/\/noti-america.com\/site\/ecuador\/\",\"logo\":{\"@type\":\"ImageObject\",\"inLanguage\":\"es\",\"@id\":\"https:\/\/noti-america.com\/site\/ecuador\/#\/schema\/logo\/image\/\",\"url\":\"https:\/\/noti-america.com\/site\/ecuador\/wp-content\/uploads\/sites\/18\/2020\/07\/LogoNA-4x3-1.jpg\",\"contentUrl\":\"https:\/\/noti-america.com\/site\/ecuador\/wp-content\/uploads\/sites\/18\/2020\/07\/LogoNA-4x3-1.jpg\",\"width\":1236,\"height\":1080,\"caption\":\"Noti-America LLC | Ecuador\"},\"image\":{\"@id\":\"https:\/\/noti-america.com\/site\/ecuador\/#\/schema\/logo\/image\/\"},\"sameAs\":[\"https:\/\/x.com\/notiamerica\"]},{\"@type\":\"Person\",\"@id\":\"https:\/\/noti-america.com\/site\/ecuador\/#\/schema\/person\/3b975e42f15abfe64bfe3abdd916efda\",\"name\":\"Gregory Quintana Montiel\",\"image\":{\"@type\":\"ImageObject\",\"inLanguage\":\"es\",\"@id\":\"https:\/\/secure.gravatar.com\/avatar\/2d6b802f7720c2ec7744dcbe608cc2f3417aeb964d58b443c6d612b77531de1d?s=96&d=mm&r=g\",\"url\":\"https:\/\/secure.gravatar.com\/avatar\/2d6b802f7720c2ec7744dcbe608cc2f3417aeb964d58b443c6d612b77531de1d?s=96&d=mm&r=g\",\"contentUrl\":\"https:\/\/secure.gravatar.com\/avatar\/2d6b802f7720c2ec7744dcbe608cc2f3417aeb964d58b443c6d612b77531de1d?s=96&d=mm&r=g\",\"caption\":\"Gregory Quintana Montiel\"},\"description\":\"Licenciatura en Ciencias de la Comunicaci\u00f3n Social, egresado en la Especializaci\u00f3n Derecho Ambiental Desarrollo Sostenible y Sustentable, Miembro de la Comunidad de profesionales y experto para Latinoam\u00e9rica y el Caribe en Gesti\u00f3n por Resultado en el Desarrollo (COPLAC - GpRD) del Banco Interamericano de Desarrollo, experiencia en medios radiales y escritos.\",\"sameAs\":[\"https:\/\/x.com\/gdgregori1\",\"gquintana\"],\"url\":\"https:\/\/noti-america.com\/site\/ecuador\/author\/gquintana\/\"}]}<\/script>\n<!-- \/ Yoast SEO Premium plugin. -->","yoast_head_json":{"title":"Gobierno pide a la poblaci\u00f3n vacunarse seg\u00fan cronograma semanal y por grupo de edad - Ecuador | Noti-America.com","robots":{"index":"index","follow":"follow","max-snippet":"max-snippet:-1","max-image-preview":"max-image-preview:large","max-video-preview":"max-video-preview:-1"},"canonical":"https:\/\/noti-america.com\/site\/ecuador\/2021\/06\/18\/gobierno-pide-a-la-poblacion-vacunarse-segun-cronograma-semanal-y-por-grupo-de-edad\/","og_locale":"es_ES","og_type":"article","og_title":"Gobierno pide a la poblaci\u00f3n vacunarse seg\u00fan cronograma semanal y por grupo de edad","og_description":"REDACCI\u00d3N NOTI AM\u00c9RICA (ECUADOR) El Ministerio de Salud P\u00fablica (MSP) monitorea de manera permanente a la poblaci\u00f3n para facilitar su acceso al Plan de Vacunaci\u00f3n 9\/100, que lleva a cabo el Gobierno. Entre el&#46;&#46;&#46;","og_url":"https:\/\/noti-america.com\/site\/ecuador\/2021\/06\/18\/gobierno-pide-a-la-poblacion-vacunarse-segun-cronograma-semanal-y-por-grupo-de-edad\/","og_site_name":"Ecuador | Noti-America.com","article_published_time":"2021-06-18T01:19:55+00:00","og_image":[{"width":1280,"height":852,"url":"https:\/\/noti-america.com\/site\/ecuador\/wp-content\/uploads\/sites\/18\/2021\/06\/vacuna-MSP-Ecuador.jpg","type":"image\/jpeg"}],"author":"Gregory Quintana Montiel","twitter_card":"summary_large_image","twitter_creator":"@gdgregori1","twitter_site":"@notiamerica","twitter_misc":{"Escrito por":"Gregory Quintana Montiel","Tiempo estimado de lectura":"2 minutos"},"schema":{"@context":"https:\/\/schema.org","@graph":[{"@type":"Article","@id":"https:\/\/noti-america.com\/site\/ecuador\/2021\/06\/18\/gobierno-pide-a-la-poblacion-vacunarse-segun-cronograma-semanal-y-por-grupo-de-edad\/#article","isPartOf":{"@id":"https:\/\/noti-america.com\/site\/ecuador\/2021\/06\/18\/gobierno-pide-a-la-poblacion-vacunarse-segun-cronograma-semanal-y-por-grupo-de-edad\/"},"author":{"name":"Gregory Quintana Montiel","@id":"https:\/\/noti-america.com\/site\/ecuador\/#\/schema\/person\/3b975e42f15abfe64bfe3abdd916efda"},"headline":"Gobierno pide a la poblaci\u00f3n vacunarse seg\u00fan cronograma semanal y por grupo de edad","datePublished":"2021-06-18T01:19:55+00:00","mainEntityOfPage":{"@id":"https:\/\/noti-america.com\/site\/ecuador\/2021\/06\/18\/gobierno-pide-a-la-poblacion-vacunarse-segun-cronograma-semanal-y-por-grupo-de-edad\/"},"wordCount":324,"commentCount":0,"publisher":{"@id":"https:\/\/noti-america.com\/site\/ecuador\/#organization"},"image":{"@id":"https:\/\/noti-america.com\/site\/ecuador\/2021\/06\/18\/gobierno-pide-a-la-poblacion-vacunarse-segun-cronograma-semanal-y-por-grupo-de-edad\/#primaryimage"},"thumbnailUrl":"https:\/\/noti-america.com\/site\/ecuador\/wp-content\/uploads\/sites\/18\/2021\/06\/vacuna-MSP-Ecuador.jpg","articleSection":["Salud"],"inLanguage":"es","potentialAction":[{"@type":"CommentAction","name":"Comment","target":["https:\/\/noti-america.com\/site\/ecuador\/2021\/06\/18\/gobierno-pide-a-la-poblacion-vacunarse-segun-cronograma-semanal-y-por-grupo-de-edad\/#respond"]}]},{"@type":"WebPage","@id":"https:\/\/noti-america.com\/site\/ecuador\/2021\/06\/18\/gobierno-pide-a-la-poblacion-vacunarse-segun-cronograma-semanal-y-por-grupo-de-edad\/","url":"https:\/\/noti-america.com\/site\/ecuador\/2021\/06\/18\/gobierno-pide-a-la-poblacion-vacunarse-segun-cronograma-semanal-y-por-grupo-de-edad\/","name":"Gobierno pide a la poblaci\u00f3n vacunarse seg\u00fan cronograma semanal y por grupo de edad - Ecuador | Noti-America.com","isPartOf":{"@id":"https:\/\/noti-america.com\/site\/ecuador\/#website"},"primaryImageOfPage":{"@id":"https:\/\/noti-america.com\/site\/ecuador\/2021\/06\/18\/gobierno-pide-a-la-poblacion-vacunarse-segun-cronograma-semanal-y-por-grupo-de-edad\/#primaryimage"},"image":{"@id":"https:\/\/noti-america.com\/site\/ecuador\/2021\/06\/18\/gobierno-pide-a-la-poblacion-vacunarse-segun-cronograma-semanal-y-por-grupo-de-edad\/#primaryimage"},"thumbnailUrl":"https:\/\/noti-america.com\/site\/ecuador\/wp-content\/uploads\/sites\/18\/2021\/06\/vacuna-MSP-Ecuador.jpg","datePublished":"2021-06-18T01:19:55+00:00","breadcrumb":{"@id":"https:\/\/noti-america.com\/site\/ecuador\/2021\/06\/18\/gobierno-pide-a-la-poblacion-vacunarse-segun-cronograma-semanal-y-por-grupo-de-edad\/#breadcrumb"},"inLanguage":"es","potentialAction":[{"@type":"ReadAction","target":["https:\/\/noti-america.com\/site\/ecuador\/2021\/06\/18\/gobierno-pide-a-la-poblacion-vacunarse-segun-cronograma-semanal-y-por-grupo-de-edad\/"]}]},{"@type":"ImageObject","inLanguage":"es","@id":"https:\/\/noti-america.com\/site\/ecuador\/2021\/06\/18\/gobierno-pide-a-la-poblacion-vacunarse-segun-cronograma-semanal-y-por-grupo-de-edad\/#primaryimage","url":"https:\/\/noti-america.com\/site\/ecuador\/wp-content\/uploads\/sites\/18\/2021\/06\/vacuna-MSP-Ecuador.jpg","contentUrl":"https:\/\/noti-america.com\/site\/ecuador\/wp-content\/uploads\/sites\/18\/2021\/06\/vacuna-MSP-Ecuador.jpg","width":1280,"height":852},{"@type":"BreadcrumbList","@id":"https:\/\/noti-america.com\/site\/ecuador\/2021\/06\/18\/gobierno-pide-a-la-poblacion-vacunarse-segun-cronograma-semanal-y-por-grupo-de-edad\/#breadcrumb","itemListElement":[{"@type":"ListItem","position":1,"name":"Portada","item":"https:\/\/noti-america.com\/site\/ecuador\/"},{"@type":"ListItem","position":2,"name":"Gobierno pide a la poblaci\u00f3n vacunarse seg\u00fan cronograma semanal y por grupo de edad"}]},{"@type":"WebSite","@id":"https:\/\/noti-america.com\/site\/ecuador\/#website","url":"https:\/\/noti-america.com\/site\/ecuador\/","name":"Ecuador | Noti-America.com","description":"","publisher":{"@id":"https:\/\/noti-america.com\/site\/ecuador\/#organization"},"potentialAction":[{"@type":"SearchAction","target":{"@type":"EntryPoint","urlTemplate":"https:\/\/noti-america.com\/site\/ecuador\/?s={search_term_string}"},"query-input":{"@type":"PropertyValueSpecification","valueRequired":true,"valueName":"search_term_string"}}],"inLanguage":"es"},{"@type":"Organization","@id":"https:\/\/noti-america.com\/site\/ecuador\/#organization","name":"Noti-America LLC | Ecuador","url":"https:\/\/noti-america.com\/site\/ecuador\/","logo":{"@type":"ImageObject","inLanguage":"es","@id":"https:\/\/noti-america.com\/site\/ecuador\/#\/schema\/logo\/image\/","url":"https:\/\/noti-america.com\/site\/ecuador\/wp-content\/uploads\/sites\/18\/2020\/07\/LogoNA-4x3-1.jpg","contentUrl":"https:\/\/noti-america.com\/site\/ecuador\/wp-content\/uploads\/sites\/18\/2020\/07\/LogoNA-4x3-1.jpg","width":1236,"height":1080,"caption":"Noti-America LLC | Ecuador"},"image":{"@id":"https:\/\/noti-america.com\/site\/ecuador\/#\/schema\/logo\/image\/"},"sameAs":["https:\/\/x.com\/notiamerica"]},{"@type":"Person","@id":"https:\/\/noti-america.com\/site\/ecuador\/#\/schema\/person\/3b975e42f15abfe64bfe3abdd916efda","name":"Gregory Quintana Montiel","image":{"@type":"ImageObject","inLanguage":"es","@id":"https:\/\/secure.gravatar.com\/avatar\/2d6b802f7720c2ec7744dcbe608cc2f3417aeb964d58b443c6d612b77531de1d?s=96&d=mm&r=g","url":"https:\/\/secure.gravatar.com\/avatar\/2d6b802f7720c2ec7744dcbe608cc2f3417aeb964d58b443c6d612b77531de1d?s=96&d=mm&r=g","contentUrl":"https:\/\/secure.gravatar.com\/avatar\/2d6b802f7720c2ec7744dcbe608cc2f3417aeb964d58b443c6d612b77531de1d?s=96&d=mm&r=g","caption":"Gregory Quintana Montiel"},"description":"Licenciatura en Ciencias de la Comunicaci\u00f3n Social, egresado en la Especializaci\u00f3n Derecho Ambiental Desarrollo Sostenible y Sustentable, Miembro de la Comunidad de profesionales y experto para Latinoam\u00e9rica y el Caribe en Gesti\u00f3n por Resultado en el Desarrollo (COPLAC - GpRD) del Banco Interamericano de Desarrollo, experiencia en medios radiales y escritos.","sameAs":["https:\/\/x.com\/gdgregori1","gquintana"],"url":"https:\/\/noti-america.com\/site\/ecuador\/author\/gquintana\/"}]}},"_links":{"self":[{"href":"https:\/\/noti-america.com\/site\/ecuador\/wp-json\/wp\/v2\/posts\/14907","targetHints":{"allow":["GET"]}}],"collection":[{"href":"https:\/\/noti-america.com\/site\/ecuador\/wp-json\/wp\/v2\/posts"}],"about":[{"href":"https:\/\/noti-america.com\/site\/ecuador\/wp-json\/wp\/v2\/types\/post"}],"author":[{"embeddable":true,"href":"https:\/\/noti-america.com\/site\/ecuador\/wp-json\/wp\/v2\/users\/17"}],"replies":[{"embeddable":true,"href":"https:\/\/noti-america.com\/site\/ecuador\/wp-json\/wp\/v2\/comments?post=14907"}],"version-history":[{"count":1,"href":"https:\/\/noti-america.com\/site\/ecuador\/wp-json\/wp\/v2\/posts\/14907\/revisions"}],"predecessor-version":[{"id":14909,"href":"https:\/\/noti-america.com\/site\/ecuador\/wp-json\/wp\/v2\/posts\/14907\/revisions\/14909"}],"wp:featuredmedia":[{"embeddable":true,"href":"https:\/\/noti-america.com\/site\/ecuador\/wp-json\/wp\/v2\/media\/14908"}],"wp:attachment":[{"href":"https:\/\/noti-america.com\/site\/ecuador\/wp-json\/wp\/v2\/media?parent=14907"}],"wp:term":[{"taxonomy":"category","embeddable":true,"href":"https:\/\/noti-america.com\/site\/ecuador\/wp-json\/wp\/v2\/categories?post=14907"},{"taxonomy":"post_tag","embeddable":true,"href":"https:\/\/noti-america.com\/site\/ecuador\/wp-json\/wp\/v2\/tags?post=14907"}],"curies":[{"name":"wp","href":"https:\/\/api.w.org\/{rel}","templated":true}]}}