{"id":14899,"date":"2021-06-18T00:28:08","date_gmt":"2021-06-18T00:28:08","guid":{"rendered":"https:\/\/noti-america.com\/site\/ecuador\/?p=14899"},"modified":"2021-06-18T00:28:08","modified_gmt":"2021-06-18T00:28:08","slug":"cancilleria-exportadores-e-inversionistas-en-dialogo-sobre-la-nueva-diplomacia-comercial-del-pais","status":"publish","type":"post","link":"https:\/\/noti-america.com\/site\/ecuador\/2021\/06\/18\/cancilleria-exportadores-e-inversionistas-en-dialogo-sobre-la-nueva-diplomacia-comercial-del-pais\/","title":{"rendered":"Canciller\u00eda, Exportadores e Inversionistas en dialog\u00f3 sobre la nueva Diplomacia Comercial del pa\u00eds"},"content":{"rendered":"<p>REDACCI\u00d3N NOTI AM\u00c9RICA (ECUADOR)<\/p>\n<ul>\n<li style=\"text-align: justify\"><strong>La Cent\u00e9sima Cuadrag\u00e9sima Primera Sesi\u00f3n Ordinaria del Directorio p\u00fablico privado de la Corporaci\u00f3n de Promoci\u00f3n de Exportaciones e Inversiones (CORPEI), cont\u00f3 con la participaci\u00f3n del Canciller de la Rep\u00fablica, en donde pudo dialogar con representantes gremiales de los principales sectores productivos del pa\u00eds.<\/strong><\/li>\n<li><strong>La Diplomacia Comercial representa la pol\u00edtica de internacionalizaci\u00f3n de la econom\u00eda y de las empresas, que se instrumenta a trav\u00e9s de las representaciones diplom\u00e1ticas en el exterior, as\u00ed tambi\u00e9n como con el apoyo de CORPEI.<\/strong><\/li>\n<\/ul>\n<div id=\"attachment_14901\" style=\"width: 310px\" class=\"wp-caption alignleft\"><img loading=\"lazy\" decoding=\"async\" aria-describedby=\"caption-attachment-14901\" class=\"wp-image-14901 size-medium\" src=\"https:\/\/noti-america.com\/site\/ecuador\/wp-content\/uploads\/sites\/18\/2021\/06\/Conversatorio-300x200.jpeg\" alt=\"\" width=\"300\" height=\"200\" srcset=\"https:\/\/noti-america.com\/site\/ecuador\/wp-content\/uploads\/sites\/18\/2021\/06\/Conversatorio-300x200.jpeg 300w, https:\/\/noti-america.com\/site\/ecuador\/wp-content\/uploads\/sites\/18\/2021\/06\/Conversatorio-1024x682.jpeg 1024w, https:\/\/noti-america.com\/site\/ecuador\/wp-content\/uploads\/sites\/18\/2021\/06\/Conversatorio-768x512.jpeg 768w, https:\/\/noti-america.com\/site\/ecuador\/wp-content\/uploads\/sites\/18\/2021\/06\/Conversatorio-272x182.jpeg 272w, https:\/\/noti-america.com\/site\/ecuador\/wp-content\/uploads\/sites\/18\/2021\/06\/Conversatorio.jpeg 1280w\" sizes=\"auto, (max-width: 300px) 100vw, 300px\" \/><p id=\"caption-attachment-14901\" class=\"wp-caption-text\">Coversatorio<\/p><\/div>\n<p style=\"text-align: justify\">El conversatorio que se realiz\u00f3 de forma presencial y virtual cont\u00f3 con la activa participaci\u00f3n de representantes sectoriales del pa\u00eds, tales como banano, camar\u00f3n, cacao, pesca, textil, madera, caf\u00e9, flores, servicios. Adem\u00e1s, cont\u00f3 con la asistencia del Ministerio de Producci\u00f3n, Comercio Exterior, Inversiones y Pesca; Ministerio de Agricultura y Ganader\u00eda; Ministerio de Relaciones Exteriores y Movilidad Humana, y la Corporaci\u00f3n Financiera Nacional.<\/p>\n<p style=\"text-align: justify\">El Canciller de la Rep\u00fablica, Mauricio Montalvo, rectific\u00f3 que la prioridad del Gobierno es la apertura comercial; \u201cEste Ecuador del encuentro, tambi\u00e9n es, una diplomacia del encuentro\u201d, \u00abEstamos trabajando para que los pa\u00edses hermanos se sientan confiados de ser socios del Ecuador\u00bb.<\/p>\n<p style=\"text-align: justify\">Adem\u00e1s, elogi\u00f3 el trabajo mancomunado que CORPEI realiza con diversas carteras del Estado y principalmente con la Canciller\u00eda, resalt\u00f3, que es una instituci\u00f3n clave para mostrar la \u201ccara\u201d m\u00e1s amable del pa\u00eds al mundo.<\/p>\n<p style=\"text-align: justify\">Por su parte, la viceministra de Promoci\u00f3n de Exportaciones, Lorena Konaz, expres\u00f3 que desde PRO Ecuador, est\u00e1n abiertos a trabajar con todos los gremios, conjuntamente con la Canciller\u00eda, \u201cTenemos el gran reto de llevar a Ecuador al mundo a trav\u00e9s de la oferta exportable\u201d, asegur\u00f3 que fortalecer\u00e1n a las Mipymes, con capacitaciones t\u00e9cnicas,\u00a0 adem\u00e1s, se centrar\u00e1n en la defensa comercial, apertura de nuevos mercados y reforzar\u00e1n la promoci\u00f3n y presencia de los productos y servicios ecuatorianos en el exterior.<\/p>\n<p style=\"text-align: justify\">Eduardo Egas, Presidente Ejecutivo de CORPEI, manifest\u00f3 el apoyo a la Estrategia de inserci\u00f3n inteligente que desarrolla la Canciller\u00eda, trabajando de la mano con el sector privado. \u201cDesde CORPEI, y nuestro directorio que representa una mesa de di\u00e1logo, discusi\u00f3n y generadora de ideas eficaces, del sector privado y p\u00fablico, buscamos el fortalecimiento de la competitividad y productividad del Ecuador, brindando todo el apoyo necesario a las pol\u00edticas p\u00fablicas\u201d.<\/p>\n<p style=\"text-align: justify\">A su vez, el Presidente del Directorio de CORPEI, Jos\u00e9 Antonio Camposano, quien tambi\u00e9n es el Presidente de la C\u00e1mara Nacional de Acuacultura, reconoci\u00f3 el trabajo que realiza la Canciller\u00eda. As\u00ed tambi\u00e9n, felicit\u00f3 el concepto que tiene la Canciller\u00eda de \u201cIntroducir el Ecuador al mundo, pero traer m\u00e1s mundo al Ecuador\u201d, el cual busca estrechar lazos no solo en temas econ\u00f3micos y comerciales, sino cultural, social y cooperar con todos los pa\u00edses posibles.<\/p>\n","protected":false},"excerpt":{"rendered":"<p>REDACCI\u00d3N NOTI AM\u00c9RICA (ECUADOR) La Cent\u00e9sima Cuadrag\u00e9sima Primera Sesi\u00f3n Ordinaria del Directorio p\u00fablico privado de la Corporaci\u00f3n de Promoci\u00f3n de Exportaciones e Inversiones (CORPEI), cont\u00f3 con la participaci\u00f3n del Canciller de la Rep\u00fablica, en&#46;&#46;&#46;<\/p>\n","protected":false},"author":17,"featured_media":14900,"comment_status":"open","ping_status":"open","sticky":false,"template":"","format":"standard","meta":{"_acf_changed":false,"om_disable_all_campaigns":false,"rop_custom_images_group":[],"rop_custom_messages_group":[],"rop_publish_now":"initial","rop_publish_now_accounts":{"twitter_242054905_242054905":""},"rop_publish_now_history":[],"rop_publish_now_status":"pending","_uf_show_specific_survey":0,"_uf_disable_surveys":false,"footnotes":""},"categories":[5],"tags":[],"class_list":["post-14899","post","type-post","status-publish","format-standard","has-post-thumbnail","hentry","category-economia"],"acf":[],"aioseo_notices":[],"yoast_head":"<!-- This site is optimized with the Yoast SEO Premium plugin v24.9 (Yoast SEO v27.2) - https:\/\/yoast.com\/product\/yoast-seo-premium-wordpress\/ -->\n<title>Canciller\u00eda, Exportadores e Inversionistas en dialog\u00f3 sobre la nueva Diplomacia Comercial del pa\u00eds - Ecuador | Noti-America.com<\/title>\n<meta name=\"robots\" content=\"index, follow, max-snippet:-1, max-image-preview:large, max-video-preview:-1\" \/>\n<link rel=\"canonical\" href=\"https:\/\/noti-america.com\/site\/ecuador\/2021\/06\/18\/cancilleria-exportadores-e-inversionistas-en-dialogo-sobre-la-nueva-diplomacia-comercial-del-pais\/\" \/>\n<meta property=\"og:locale\" content=\"es_ES\" \/>\n<meta property=\"og:type\" content=\"article\" \/>\n<meta property=\"og:title\" content=\"Canciller\u00eda, Exportadores e Inversionistas en dialog\u00f3 sobre la nueva Diplomacia Comercial del pa\u00eds\" \/>\n<meta property=\"og:description\" content=\"REDACCI\u00d3N NOTI AM\u00c9RICA (ECUADOR) La Cent\u00e9sima Cuadrag\u00e9sima Primera Sesi\u00f3n Ordinaria del Directorio p\u00fablico privado de la Corporaci\u00f3n de Promoci\u00f3n de Exportaciones e Inversiones (CORPEI), cont\u00f3 con la participaci\u00f3n del Canciller de la Rep\u00fablica, en&#046;&#046;&#046;\" \/>\n<meta property=\"og:url\" content=\"https:\/\/noti-america.com\/site\/ecuador\/2021\/06\/18\/cancilleria-exportadores-e-inversionistas-en-dialogo-sobre-la-nueva-diplomacia-comercial-del-pais\/\" \/>\n<meta property=\"og:site_name\" content=\"Ecuador | Noti-America.com\" \/>\n<meta property=\"article:published_time\" content=\"2021-06-18T00:28:08+00:00\" \/>\n<meta property=\"og:image\" content=\"https:\/\/noti-america.com\/site\/ecuador\/wp-content\/uploads\/sites\/18\/2021\/06\/Corpei-Cancilleria.jpg\" \/>\n\t<meta property=\"og:image:width\" content=\"1059\" \/>\n\t<meta property=\"og:image:height\" content=\"705\" \/>\n\t<meta property=\"og:image:type\" content=\"image\/jpeg\" \/>\n<meta name=\"author\" content=\"Gregory Quintana Montiel\" \/>\n<meta name=\"twitter:card\" content=\"summary_large_image\" \/>\n<meta name=\"twitter:creator\" content=\"@gdgregori1\" \/>\n<meta name=\"twitter:site\" content=\"@notiamerica\" \/>\n<meta name=\"twitter:label1\" content=\"Escrito por\" \/>\n\t<meta name=\"twitter:data1\" content=\"Gregory Quintana Montiel\" \/>\n\t<meta name=\"twitter:label2\" content=\"Tiempo estimado de lectura\" \/>\n\t<meta name=\"twitter:data2\" content=\"3 minutos\" \/>\n<script type=\"application\/ld+json\" class=\"yoast-schema-graph\">{\"@context\":\"https:\/\/schema.org\",\"@graph\":[{\"@type\":\"Article\",\"@id\":\"https:\/\/noti-america.com\/site\/ecuador\/2021\/06\/18\/cancilleria-exportadores-e-inversionistas-en-dialogo-sobre-la-nueva-diplomacia-comercial-del-pais\/#article\",\"isPartOf\":{\"@id\":\"https:\/\/noti-america.com\/site\/ecuador\/2021\/06\/18\/cancilleria-exportadores-e-inversionistas-en-dialogo-sobre-la-nueva-diplomacia-comercial-del-pais\/\"},\"author\":{\"name\":\"Gregory Quintana Montiel\",\"@id\":\"https:\/\/noti-america.com\/site\/ecuador\/#\/schema\/person\/3b975e42f15abfe64bfe3abdd916efda\"},\"headline\":\"Canciller\u00eda, Exportadores e Inversionistas en dialog\u00f3 sobre la nueva Diplomacia Comercial del pa\u00eds\",\"datePublished\":\"2021-06-18T00:28:08+00:00\",\"mainEntityOfPage\":{\"@id\":\"https:\/\/noti-america.com\/site\/ecuador\/2021\/06\/18\/cancilleria-exportadores-e-inversionistas-en-dialogo-sobre-la-nueva-diplomacia-comercial-del-pais\/\"},\"wordCount\":520,\"commentCount\":0,\"publisher\":{\"@id\":\"https:\/\/noti-america.com\/site\/ecuador\/#organization\"},\"image\":{\"@id\":\"https:\/\/noti-america.com\/site\/ecuador\/2021\/06\/18\/cancilleria-exportadores-e-inversionistas-en-dialogo-sobre-la-nueva-diplomacia-comercial-del-pais\/#primaryimage\"},\"thumbnailUrl\":\"https:\/\/noti-america.com\/site\/ecuador\/wp-content\/uploads\/sites\/18\/2021\/06\/Corpei-Cancilleria.jpg\",\"articleSection\":[\"Econom\u00eda\"],\"inLanguage\":\"es\",\"potentialAction\":[{\"@type\":\"CommentAction\",\"name\":\"Comment\",\"target\":[\"https:\/\/noti-america.com\/site\/ecuador\/2021\/06\/18\/cancilleria-exportadores-e-inversionistas-en-dialogo-sobre-la-nueva-diplomacia-comercial-del-pais\/#respond\"]}]},{\"@type\":\"WebPage\",\"@id\":\"https:\/\/noti-america.com\/site\/ecuador\/2021\/06\/18\/cancilleria-exportadores-e-inversionistas-en-dialogo-sobre-la-nueva-diplomacia-comercial-del-pais\/\",\"url\":\"https:\/\/noti-america.com\/site\/ecuador\/2021\/06\/18\/cancilleria-exportadores-e-inversionistas-en-dialogo-sobre-la-nueva-diplomacia-comercial-del-pais\/\",\"name\":\"Canciller\u00eda, Exportadores e Inversionistas en dialog\u00f3 sobre la nueva Diplomacia Comercial del pa\u00eds - Ecuador | Noti-America.com\",\"isPartOf\":{\"@id\":\"https:\/\/noti-america.com\/site\/ecuador\/#website\"},\"primaryImageOfPage\":{\"@id\":\"https:\/\/noti-america.com\/site\/ecuador\/2021\/06\/18\/cancilleria-exportadores-e-inversionistas-en-dialogo-sobre-la-nueva-diplomacia-comercial-del-pais\/#primaryimage\"},\"image\":{\"@id\":\"https:\/\/noti-america.com\/site\/ecuador\/2021\/06\/18\/cancilleria-exportadores-e-inversionistas-en-dialogo-sobre-la-nueva-diplomacia-comercial-del-pais\/#primaryimage\"},\"thumbnailUrl\":\"https:\/\/noti-america.com\/site\/ecuador\/wp-content\/uploads\/sites\/18\/2021\/06\/Corpei-Cancilleria.jpg\",\"datePublished\":\"2021-06-18T00:28:08+00:00\",\"breadcrumb\":{\"@id\":\"https:\/\/noti-america.com\/site\/ecuador\/2021\/06\/18\/cancilleria-exportadores-e-inversionistas-en-dialogo-sobre-la-nueva-diplomacia-comercial-del-pais\/#breadcrumb\"},\"inLanguage\":\"es\",\"potentialAction\":[{\"@type\":\"ReadAction\",\"target\":[\"https:\/\/noti-america.com\/site\/ecuador\/2021\/06\/18\/cancilleria-exportadores-e-inversionistas-en-dialogo-sobre-la-nueva-diplomacia-comercial-del-pais\/\"]}]},{\"@type\":\"ImageObject\",\"inLanguage\":\"es\",\"@id\":\"https:\/\/noti-america.com\/site\/ecuador\/2021\/06\/18\/cancilleria-exportadores-e-inversionistas-en-dialogo-sobre-la-nueva-diplomacia-comercial-del-pais\/#primaryimage\",\"url\":\"https:\/\/noti-america.com\/site\/ecuador\/wp-content\/uploads\/sites\/18\/2021\/06\/Corpei-Cancilleria.jpg\",\"contentUrl\":\"https:\/\/noti-america.com\/site\/ecuador\/wp-content\/uploads\/sites\/18\/2021\/06\/Corpei-Cancilleria.jpg\",\"width\":1059,\"height\":705},{\"@type\":\"BreadcrumbList\",\"@id\":\"https:\/\/noti-america.com\/site\/ecuador\/2021\/06\/18\/cancilleria-exportadores-e-inversionistas-en-dialogo-sobre-la-nueva-diplomacia-comercial-del-pais\/#breadcrumb\",\"itemListElement\":[{\"@type\":\"ListItem\",\"position\":1,\"name\":\"Portada\",\"item\":\"https:\/\/noti-america.com\/site\/ecuador\/\"},{\"@type\":\"ListItem\",\"position\":2,\"name\":\"Canciller\u00eda, Exportadores e Inversionistas en dialog\u00f3 sobre la nueva Diplomacia Comercial del pa\u00eds\"}]},{\"@type\":\"WebSite\",\"@id\":\"https:\/\/noti-america.com\/site\/ecuador\/#website\",\"url\":\"https:\/\/noti-america.com\/site\/ecuador\/\",\"name\":\"Ecuador | Noti-America.com\",\"description\":\"\",\"publisher\":{\"@id\":\"https:\/\/noti-america.com\/site\/ecuador\/#organization\"},\"potentialAction\":[{\"@type\":\"SearchAction\",\"target\":{\"@type\":\"EntryPoint\",\"urlTemplate\":\"https:\/\/noti-america.com\/site\/ecuador\/?s={search_term_string}\"},\"query-input\":{\"@type\":\"PropertyValueSpecification\",\"valueRequired\":true,\"valueName\":\"search_term_string\"}}],\"inLanguage\":\"es\"},{\"@type\":\"Organization\",\"@id\":\"https:\/\/noti-america.com\/site\/ecuador\/#organization\",\"name\":\"Noti-America LLC | Ecuador\",\"url\":\"https:\/\/noti-america.com\/site\/ecuador\/\",\"logo\":{\"@type\":\"ImageObject\",\"inLanguage\":\"es\",\"@id\":\"https:\/\/noti-america.com\/site\/ecuador\/#\/schema\/logo\/image\/\",\"url\":\"https:\/\/noti-america.com\/site\/ecuador\/wp-content\/uploads\/sites\/18\/2020\/07\/LogoNA-4x3-1.jpg\",\"contentUrl\":\"https:\/\/noti-america.com\/site\/ecuador\/wp-content\/uploads\/sites\/18\/2020\/07\/LogoNA-4x3-1.jpg\",\"width\":1236,\"height\":1080,\"caption\":\"Noti-America LLC | Ecuador\"},\"image\":{\"@id\":\"https:\/\/noti-america.com\/site\/ecuador\/#\/schema\/logo\/image\/\"},\"sameAs\":[\"https:\/\/x.com\/notiamerica\"]},{\"@type\":\"Person\",\"@id\":\"https:\/\/noti-america.com\/site\/ecuador\/#\/schema\/person\/3b975e42f15abfe64bfe3abdd916efda\",\"name\":\"Gregory Quintana Montiel\",\"image\":{\"@type\":\"ImageObject\",\"inLanguage\":\"es\",\"@id\":\"https:\/\/secure.gravatar.com\/avatar\/2d6b802f7720c2ec7744dcbe608cc2f3417aeb964d58b443c6d612b77531de1d?s=96&d=mm&r=g\",\"url\":\"https:\/\/secure.gravatar.com\/avatar\/2d6b802f7720c2ec7744dcbe608cc2f3417aeb964d58b443c6d612b77531de1d?s=96&d=mm&r=g\",\"contentUrl\":\"https:\/\/secure.gravatar.com\/avatar\/2d6b802f7720c2ec7744dcbe608cc2f3417aeb964d58b443c6d612b77531de1d?s=96&d=mm&r=g\",\"caption\":\"Gregory Quintana Montiel\"},\"description\":\"Licenciatura en Ciencias de la Comunicaci\u00f3n Social, egresado en la Especializaci\u00f3n Derecho Ambiental Desarrollo Sostenible y Sustentable, Miembro de la Comunidad de profesionales y experto para Latinoam\u00e9rica y el Caribe en Gesti\u00f3n por Resultado en el Desarrollo (COPLAC - GpRD) del Banco Interamericano de Desarrollo, experiencia en medios radiales y escritos.\",\"sameAs\":[\"https:\/\/x.com\/gdgregori1\",\"gquintana\"],\"url\":\"https:\/\/noti-america.com\/site\/ecuador\/author\/gquintana\/\"}]}<\/script>\n<!-- \/ Yoast SEO Premium plugin. -->","yoast_head_json":{"title":"Canciller\u00eda, Exportadores e Inversionistas en dialog\u00f3 sobre la nueva Diplomacia Comercial del pa\u00eds - Ecuador | Noti-America.com","robots":{"index":"index","follow":"follow","max-snippet":"max-snippet:-1","max-image-preview":"max-image-preview:large","max-video-preview":"max-video-preview:-1"},"canonical":"https:\/\/noti-america.com\/site\/ecuador\/2021\/06\/18\/cancilleria-exportadores-e-inversionistas-en-dialogo-sobre-la-nueva-diplomacia-comercial-del-pais\/","og_locale":"es_ES","og_type":"article","og_title":"Canciller\u00eda, Exportadores e Inversionistas en dialog\u00f3 sobre la nueva Diplomacia Comercial del pa\u00eds","og_description":"REDACCI\u00d3N NOTI AM\u00c9RICA (ECUADOR) La Cent\u00e9sima Cuadrag\u00e9sima Primera Sesi\u00f3n Ordinaria del Directorio p\u00fablico privado de la Corporaci\u00f3n de Promoci\u00f3n de Exportaciones e Inversiones (CORPEI), cont\u00f3 con la participaci\u00f3n del Canciller de la Rep\u00fablica, en&#46;&#46;&#46;","og_url":"https:\/\/noti-america.com\/site\/ecuador\/2021\/06\/18\/cancilleria-exportadores-e-inversionistas-en-dialogo-sobre-la-nueva-diplomacia-comercial-del-pais\/","og_site_name":"Ecuador | Noti-America.com","article_published_time":"2021-06-18T00:28:08+00:00","og_image":[{"width":1059,"height":705,"url":"https:\/\/noti-america.com\/site\/ecuador\/wp-content\/uploads\/sites\/18\/2021\/06\/Corpei-Cancilleria.jpg","type":"image\/jpeg"}],"author":"Gregory Quintana Montiel","twitter_card":"summary_large_image","twitter_creator":"@gdgregori1","twitter_site":"@notiamerica","twitter_misc":{"Escrito por":"Gregory Quintana Montiel","Tiempo estimado de lectura":"3 minutos"},"schema":{"@context":"https:\/\/schema.org","@graph":[{"@type":"Article","@id":"https:\/\/noti-america.com\/site\/ecuador\/2021\/06\/18\/cancilleria-exportadores-e-inversionistas-en-dialogo-sobre-la-nueva-diplomacia-comercial-del-pais\/#article","isPartOf":{"@id":"https:\/\/noti-america.com\/site\/ecuador\/2021\/06\/18\/cancilleria-exportadores-e-inversionistas-en-dialogo-sobre-la-nueva-diplomacia-comercial-del-pais\/"},"author":{"name":"Gregory Quintana Montiel","@id":"https:\/\/noti-america.com\/site\/ecuador\/#\/schema\/person\/3b975e42f15abfe64bfe3abdd916efda"},"headline":"Canciller\u00eda, Exportadores e Inversionistas en dialog\u00f3 sobre la nueva Diplomacia Comercial del pa\u00eds","datePublished":"2021-06-18T00:28:08+00:00","mainEntityOfPage":{"@id":"https:\/\/noti-america.com\/site\/ecuador\/2021\/06\/18\/cancilleria-exportadores-e-inversionistas-en-dialogo-sobre-la-nueva-diplomacia-comercial-del-pais\/"},"wordCount":520,"commentCount":0,"publisher":{"@id":"https:\/\/noti-america.com\/site\/ecuador\/#organization"},"image":{"@id":"https:\/\/noti-america.com\/site\/ecuador\/2021\/06\/18\/cancilleria-exportadores-e-inversionistas-en-dialogo-sobre-la-nueva-diplomacia-comercial-del-pais\/#primaryimage"},"thumbnailUrl":"https:\/\/noti-america.com\/site\/ecuador\/wp-content\/uploads\/sites\/18\/2021\/06\/Corpei-Cancilleria.jpg","articleSection":["Econom\u00eda"],"inLanguage":"es","potentialAction":[{"@type":"CommentAction","name":"Comment","target":["https:\/\/noti-america.com\/site\/ecuador\/2021\/06\/18\/cancilleria-exportadores-e-inversionistas-en-dialogo-sobre-la-nueva-diplomacia-comercial-del-pais\/#respond"]}]},{"@type":"WebPage","@id":"https:\/\/noti-america.com\/site\/ecuador\/2021\/06\/18\/cancilleria-exportadores-e-inversionistas-en-dialogo-sobre-la-nueva-diplomacia-comercial-del-pais\/","url":"https:\/\/noti-america.com\/site\/ecuador\/2021\/06\/18\/cancilleria-exportadores-e-inversionistas-en-dialogo-sobre-la-nueva-diplomacia-comercial-del-pais\/","name":"Canciller\u00eda, Exportadores e Inversionistas en dialog\u00f3 sobre la nueva Diplomacia Comercial del pa\u00eds - Ecuador | Noti-America.com","isPartOf":{"@id":"https:\/\/noti-america.com\/site\/ecuador\/#website"},"primaryImageOfPage":{"@id":"https:\/\/noti-america.com\/site\/ecuador\/2021\/06\/18\/cancilleria-exportadores-e-inversionistas-en-dialogo-sobre-la-nueva-diplomacia-comercial-del-pais\/#primaryimage"},"image":{"@id":"https:\/\/noti-america.com\/site\/ecuador\/2021\/06\/18\/cancilleria-exportadores-e-inversionistas-en-dialogo-sobre-la-nueva-diplomacia-comercial-del-pais\/#primaryimage"},"thumbnailUrl":"https:\/\/noti-america.com\/site\/ecuador\/wp-content\/uploads\/sites\/18\/2021\/06\/Corpei-Cancilleria.jpg","datePublished":"2021-06-18T00:28:08+00:00","breadcrumb":{"@id":"https:\/\/noti-america.com\/site\/ecuador\/2021\/06\/18\/cancilleria-exportadores-e-inversionistas-en-dialogo-sobre-la-nueva-diplomacia-comercial-del-pais\/#breadcrumb"},"inLanguage":"es","potentialAction":[{"@type":"ReadAction","target":["https:\/\/noti-america.com\/site\/ecuador\/2021\/06\/18\/cancilleria-exportadores-e-inversionistas-en-dialogo-sobre-la-nueva-diplomacia-comercial-del-pais\/"]}]},{"@type":"ImageObject","inLanguage":"es","@id":"https:\/\/noti-america.com\/site\/ecuador\/2021\/06\/18\/cancilleria-exportadores-e-inversionistas-en-dialogo-sobre-la-nueva-diplomacia-comercial-del-pais\/#primaryimage","url":"https:\/\/noti-america.com\/site\/ecuador\/wp-content\/uploads\/sites\/18\/2021\/06\/Corpei-Cancilleria.jpg","contentUrl":"https:\/\/noti-america.com\/site\/ecuador\/wp-content\/uploads\/sites\/18\/2021\/06\/Corpei-Cancilleria.jpg","width":1059,"height":705},{"@type":"BreadcrumbList","@id":"https:\/\/noti-america.com\/site\/ecuador\/2021\/06\/18\/cancilleria-exportadores-e-inversionistas-en-dialogo-sobre-la-nueva-diplomacia-comercial-del-pais\/#breadcrumb","itemListElement":[{"@type":"ListItem","position":1,"name":"Portada","item":"https:\/\/noti-america.com\/site\/ecuador\/"},{"@type":"ListItem","position":2,"name":"Canciller\u00eda, Exportadores e Inversionistas en dialog\u00f3 sobre la nueva Diplomacia Comercial del pa\u00eds"}]},{"@type":"WebSite","@id":"https:\/\/noti-america.com\/site\/ecuador\/#website","url":"https:\/\/noti-america.com\/site\/ecuador\/","name":"Ecuador | Noti-America.com","description":"","publisher":{"@id":"https:\/\/noti-america.com\/site\/ecuador\/#organization"},"potentialAction":[{"@type":"SearchAction","target":{"@type":"EntryPoint","urlTemplate":"https:\/\/noti-america.com\/site\/ecuador\/?s={search_term_string}"},"query-input":{"@type":"PropertyValueSpecification","valueRequired":true,"valueName":"search_term_string"}}],"inLanguage":"es"},{"@type":"Organization","@id":"https:\/\/noti-america.com\/site\/ecuador\/#organization","name":"Noti-America LLC | Ecuador","url":"https:\/\/noti-america.com\/site\/ecuador\/","logo":{"@type":"ImageObject","inLanguage":"es","@id":"https:\/\/noti-america.com\/site\/ecuador\/#\/schema\/logo\/image\/","url":"https:\/\/noti-america.com\/site\/ecuador\/wp-content\/uploads\/sites\/18\/2020\/07\/LogoNA-4x3-1.jpg","contentUrl":"https:\/\/noti-america.com\/site\/ecuador\/wp-content\/uploads\/sites\/18\/2020\/07\/LogoNA-4x3-1.jpg","width":1236,"height":1080,"caption":"Noti-America LLC | Ecuador"},"image":{"@id":"https:\/\/noti-america.com\/site\/ecuador\/#\/schema\/logo\/image\/"},"sameAs":["https:\/\/x.com\/notiamerica"]},{"@type":"Person","@id":"https:\/\/noti-america.com\/site\/ecuador\/#\/schema\/person\/3b975e42f15abfe64bfe3abdd916efda","name":"Gregory Quintana Montiel","image":{"@type":"ImageObject","inLanguage":"es","@id":"https:\/\/secure.gravatar.com\/avatar\/2d6b802f7720c2ec7744dcbe608cc2f3417aeb964d58b443c6d612b77531de1d?s=96&d=mm&r=g","url":"https:\/\/secure.gravatar.com\/avatar\/2d6b802f7720c2ec7744dcbe608cc2f3417aeb964d58b443c6d612b77531de1d?s=96&d=mm&r=g","contentUrl":"https:\/\/secure.gravatar.com\/avatar\/2d6b802f7720c2ec7744dcbe608cc2f3417aeb964d58b443c6d612b77531de1d?s=96&d=mm&r=g","caption":"Gregory Quintana Montiel"},"description":"Licenciatura en Ciencias de la Comunicaci\u00f3n Social, egresado en la Especializaci\u00f3n Derecho Ambiental Desarrollo Sostenible y Sustentable, Miembro de la Comunidad de profesionales y experto para Latinoam\u00e9rica y el Caribe en Gesti\u00f3n por Resultado en el Desarrollo (COPLAC - GpRD) del Banco Interamericano de Desarrollo, experiencia en medios radiales y escritos.","sameAs":["https:\/\/x.com\/gdgregori1","gquintana"],"url":"https:\/\/noti-america.com\/site\/ecuador\/author\/gquintana\/"}]}},"_links":{"self":[{"href":"https:\/\/noti-america.com\/site\/ecuador\/wp-json\/wp\/v2\/posts\/14899","targetHints":{"allow":["GET"]}}],"collection":[{"href":"https:\/\/noti-america.com\/site\/ecuador\/wp-json\/wp\/v2\/posts"}],"about":[{"href":"https:\/\/noti-america.com\/site\/ecuador\/wp-json\/wp\/v2\/types\/post"}],"author":[{"embeddable":true,"href":"https:\/\/noti-america.com\/site\/ecuador\/wp-json\/wp\/v2\/users\/17"}],"replies":[{"embeddable":true,"href":"https:\/\/noti-america.com\/site\/ecuador\/wp-json\/wp\/v2\/comments?post=14899"}],"version-history":[{"count":1,"href":"https:\/\/noti-america.com\/site\/ecuador\/wp-json\/wp\/v2\/posts\/14899\/revisions"}],"predecessor-version":[{"id":14902,"href":"https:\/\/noti-america.com\/site\/ecuador\/wp-json\/wp\/v2\/posts\/14899\/revisions\/14902"}],"wp:featuredmedia":[{"embeddable":true,"href":"https:\/\/noti-america.com\/site\/ecuador\/wp-json\/wp\/v2\/media\/14900"}],"wp:attachment":[{"href":"https:\/\/noti-america.com\/site\/ecuador\/wp-json\/wp\/v2\/media?parent=14899"}],"wp:term":[{"taxonomy":"category","embeddable":true,"href":"https:\/\/noti-america.com\/site\/ecuador\/wp-json\/wp\/v2\/categories?post=14899"},{"taxonomy":"post_tag","embeddable":true,"href":"https:\/\/noti-america.com\/site\/ecuador\/wp-json\/wp\/v2\/tags?post=14899"}],"curies":[{"name":"wp","href":"https:\/\/api.w.org\/{rel}","templated":true}]}}