{"id":14767,"date":"2021-06-07T13:18:15","date_gmt":"2021-06-07T13:18:15","guid":{"rendered":"https:\/\/noti-america.com\/site\/ecuador\/?p=14767"},"modified":"2021-06-07T13:18:15","modified_gmt":"2021-06-07T13:18:15","slug":"expertos-de-14-paises-lanzan-el-observatorio-de-estudios-latinoamericanos-latinia","status":"publish","type":"post","link":"https:\/\/noti-america.com\/site\/ecuador\/2021\/06\/07\/expertos-de-14-paises-lanzan-el-observatorio-de-estudios-latinoamericanos-latinia\/","title":{"rendered":"Expertos de 14 pa\u00edses lanzan el Observatorio de Estudios Latinoamericanos \u00abLATINIA\u00bb"},"content":{"rendered":"<p><strong>REDACCI\u00d3N NOTI AM\u00c9RICA (ECUADOR)<\/strong><\/p>\n<div id=\"attachment_14769\" style=\"width: 539px\" class=\"wp-caption aligncenter\"><img loading=\"lazy\" decoding=\"async\" aria-describedby=\"caption-attachment-14769\" class=\"wp-image-14769\" src=\"https:\/\/noti-america.com\/site\/ecuador\/wp-content\/uploads\/sites\/18\/2021\/06\/7-junio-Captura-1-300x236.jpg\" alt=\"\" width=\"529\" height=\"416\" srcset=\"https:\/\/noti-america.com\/site\/ecuador\/wp-content\/uploads\/sites\/18\/2021\/06\/7-junio-Captura-1-300x236.jpg 300w, https:\/\/noti-america.com\/site\/ecuador\/wp-content\/uploads\/sites\/18\/2021\/06\/7-junio-Captura-1-768x604.jpg 768w, https:\/\/noti-america.com\/site\/ecuador\/wp-content\/uploads\/sites\/18\/2021\/06\/7-junio-Captura-1.jpg 786w\" sizes=\"auto, (max-width: 529px) 100vw, 529px\" \/><p id=\"caption-attachment-14769\" class=\"wp-caption-text\">Latinia aspira a convertirse en un centro de pensamiento y acci\u00f3n iberoamericano.<\/p><\/div>\n<p style=\"text-align: justify\">En Guayaquil, se present\u00f3 p\u00fablicamente el Observatorio de Estudios Latinoamericanos \u00abLatinia\u00bb, un centro de pensamiento internacional formado por expertos con presencia en 14 pa\u00edses.<\/p>\n<p style=\"text-align: justify\">Se trata de un esfuerzo de co-construcci\u00f3n con el que pretenden dinamizar el espacio de conocimiento iberoamericano e impulsar el desarrollo sostenible y las pol\u00edticas p\u00fablicas en Iberoam\u00e9rica, mediante el an\u00e1lisis, la investigaci\u00f3n y el v\u00ednculo de actores que fomenten el \u00e9xito regional del cumplimiento de los Objetivos de Desarrollo Sostenible (ODS), planteados por las Naciones Unidas con horizonte en 2030.<\/p>\n<p style=\"text-align: justify\">De la mano de esta idea, Latinia aspira a convertirse en un centro de pensamiento y acci\u00f3n iberoamericano reconocido por su\u00a0impacto decisivo\u00a0en la consolidaci\u00f3n del progreso social, la protecci\u00f3n ambiental y la prosperidad econ\u00f3mica de la regi\u00f3n.<\/p>\n<p style=\"text-align: justify\">\u201cLo que diferencia a Latinia de otros es su perspectiva de futuro y su ambici\u00f3n de presente, pues somos un equipo humano de primer nivel y con una importante presencia femenina en puestos directivos\u201d, destac\u00f3 su presidenta, Sara N\u00fa\u00f1ez de Prado.<\/p>\n","protected":false},"excerpt":{"rendered":"<p>REDACCI\u00d3N NOTI AM\u00c9RICA (ECUADOR) En Guayaquil, se present\u00f3 p\u00fablicamente el Observatorio de Estudios Latinoamericanos \u00abLatinia\u00bb, un centro de pensamiento internacional formado por expertos con presencia en 14 pa\u00edses. Se trata de un esfuerzo de&#46;&#46;&#46;<\/p>\n","protected":false},"author":113,"featured_media":14769,"comment_status":"open","ping_status":"open","sticky":false,"template":"","format":"standard","meta":{"_acf_changed":false,"om_disable_all_campaigns":false,"rop_custom_images_group":[],"rop_custom_messages_group":[],"rop_publish_now":"initial","rop_publish_now_accounts":{"twitter_242054905_242054905":""},"rop_publish_now_history":[],"rop_publish_now_status":"pending","_uf_show_specific_survey":0,"_uf_disable_surveys":false,"footnotes":""},"categories":[42],"tags":[],"class_list":["post-14767","post","type-post","status-publish","format-standard","has-post-thumbnail","hentry","category-noticias"],"acf":[],"aioseo_notices":[],"yoast_head":"<!-- This site is optimized with the Yoast SEO Premium plugin v24.9 (Yoast SEO v27.2) - https:\/\/yoast.com\/product\/yoast-seo-premium-wordpress\/ -->\n<title>Expertos de 14 pa\u00edses lanzan el Observatorio de Estudios Latinoamericanos &quot;LATINIA&quot; - Ecuador | Noti-America.com<\/title>\n<meta name=\"robots\" content=\"index, follow, max-snippet:-1, max-image-preview:large, max-video-preview:-1\" \/>\n<link rel=\"canonical\" href=\"https:\/\/noti-america.com\/site\/ecuador\/2021\/06\/07\/expertos-de-14-paises-lanzan-el-observatorio-de-estudios-latinoamericanos-latinia\/\" \/>\n<meta property=\"og:locale\" content=\"es_ES\" \/>\n<meta property=\"og:type\" content=\"article\" \/>\n<meta property=\"og:title\" content=\"Expertos de 14 pa\u00edses lanzan el Observatorio de Estudios Latinoamericanos &quot;LATINIA&quot;\" \/>\n<meta property=\"og:description\" content=\"REDACCI\u00d3N NOTI AM\u00c9RICA (ECUADOR) En Guayaquil, se present\u00f3 p\u00fablicamente el Observatorio de Estudios Latinoamericanos \u00abLatinia\u00bb, un centro de pensamiento internacional formado por expertos con presencia en 14 pa\u00edses. Se trata de un esfuerzo de&#046;&#046;&#046;\" \/>\n<meta property=\"og:url\" content=\"https:\/\/noti-america.com\/site\/ecuador\/2021\/06\/07\/expertos-de-14-paises-lanzan-el-observatorio-de-estudios-latinoamericanos-latinia\/\" \/>\n<meta property=\"og:site_name\" content=\"Ecuador | Noti-America.com\" \/>\n<meta property=\"article:published_time\" content=\"2021-06-07T13:18:15+00:00\" \/>\n<meta property=\"og:image\" content=\"https:\/\/noti-america.com\/site\/ecuador\/wp-content\/uploads\/sites\/18\/2021\/06\/7-junio-Captura-1.jpg\" \/>\n\t<meta property=\"og:image:width\" content=\"786\" \/>\n\t<meta property=\"og:image:height\" content=\"618\" \/>\n\t<meta property=\"og:image:type\" content=\"image\/jpeg\" \/>\n<meta name=\"author\" content=\"Henry Ortiz\" \/>\n<meta name=\"twitter:card\" content=\"summary_large_image\" \/>\n<meta name=\"twitter:creator\" content=\"@notiamerica\" \/>\n<meta name=\"twitter:site\" content=\"@notiamerica\" \/>\n<meta name=\"twitter:label1\" content=\"Escrito por\" \/>\n\t<meta name=\"twitter:data1\" content=\"Henry Ortiz\" \/>\n\t<meta name=\"twitter:label2\" content=\"Tiempo estimado de lectura\" \/>\n\t<meta name=\"twitter:data2\" content=\"1 minuto\" \/>\n<script type=\"application\/ld+json\" class=\"yoast-schema-graph\">{\"@context\":\"https:\/\/schema.org\",\"@graph\":[{\"@type\":\"Article\",\"@id\":\"https:\/\/noti-america.com\/site\/ecuador\/2021\/06\/07\/expertos-de-14-paises-lanzan-el-observatorio-de-estudios-latinoamericanos-latinia\/#article\",\"isPartOf\":{\"@id\":\"https:\/\/noti-america.com\/site\/ecuador\/2021\/06\/07\/expertos-de-14-paises-lanzan-el-observatorio-de-estudios-latinoamericanos-latinia\/\"},\"author\":{\"name\":\"Henry Ortiz\",\"@id\":\"https:\/\/noti-america.com\/site\/ecuador\/#\/schema\/person\/b9d1630cc6598af759d45c790a347283\"},\"headline\":\"Expertos de 14 pa\u00edses lanzan el Observatorio de Estudios Latinoamericanos \u00abLATINIA\u00bb\",\"datePublished\":\"2021-06-07T13:18:15+00:00\",\"mainEntityOfPage\":{\"@id\":\"https:\/\/noti-america.com\/site\/ecuador\/2021\/06\/07\/expertos-de-14-paises-lanzan-el-observatorio-de-estudios-latinoamericanos-latinia\/\"},\"wordCount\":216,\"commentCount\":0,\"publisher\":{\"@id\":\"https:\/\/noti-america.com\/site\/ecuador\/#organization\"},\"image\":{\"@id\":\"https:\/\/noti-america.com\/site\/ecuador\/2021\/06\/07\/expertos-de-14-paises-lanzan-el-observatorio-de-estudios-latinoamericanos-latinia\/#primaryimage\"},\"thumbnailUrl\":\"https:\/\/noti-america.com\/site\/ecuador\/wp-content\/uploads\/sites\/18\/2021\/06\/7-junio-Captura-1.jpg\",\"articleSection\":[\"Noticias\"],\"inLanguage\":\"es\",\"potentialAction\":[{\"@type\":\"CommentAction\",\"name\":\"Comment\",\"target\":[\"https:\/\/noti-america.com\/site\/ecuador\/2021\/06\/07\/expertos-de-14-paises-lanzan-el-observatorio-de-estudios-latinoamericanos-latinia\/#respond\"]}]},{\"@type\":\"WebPage\",\"@id\":\"https:\/\/noti-america.com\/site\/ecuador\/2021\/06\/07\/expertos-de-14-paises-lanzan-el-observatorio-de-estudios-latinoamericanos-latinia\/\",\"url\":\"https:\/\/noti-america.com\/site\/ecuador\/2021\/06\/07\/expertos-de-14-paises-lanzan-el-observatorio-de-estudios-latinoamericanos-latinia\/\",\"name\":\"Expertos de 14 pa\u00edses lanzan el Observatorio de Estudios Latinoamericanos \\\"LATINIA\\\" - Ecuador | Noti-America.com\",\"isPartOf\":{\"@id\":\"https:\/\/noti-america.com\/site\/ecuador\/#website\"},\"primaryImageOfPage\":{\"@id\":\"https:\/\/noti-america.com\/site\/ecuador\/2021\/06\/07\/expertos-de-14-paises-lanzan-el-observatorio-de-estudios-latinoamericanos-latinia\/#primaryimage\"},\"image\":{\"@id\":\"https:\/\/noti-america.com\/site\/ecuador\/2021\/06\/07\/expertos-de-14-paises-lanzan-el-observatorio-de-estudios-latinoamericanos-latinia\/#primaryimage\"},\"thumbnailUrl\":\"https:\/\/noti-america.com\/site\/ecuador\/wp-content\/uploads\/sites\/18\/2021\/06\/7-junio-Captura-1.jpg\",\"datePublished\":\"2021-06-07T13:18:15+00:00\",\"breadcrumb\":{\"@id\":\"https:\/\/noti-america.com\/site\/ecuador\/2021\/06\/07\/expertos-de-14-paises-lanzan-el-observatorio-de-estudios-latinoamericanos-latinia\/#breadcrumb\"},\"inLanguage\":\"es\",\"potentialAction\":[{\"@type\":\"ReadAction\",\"target\":[\"https:\/\/noti-america.com\/site\/ecuador\/2021\/06\/07\/expertos-de-14-paises-lanzan-el-observatorio-de-estudios-latinoamericanos-latinia\/\"]}]},{\"@type\":\"ImageObject\",\"inLanguage\":\"es\",\"@id\":\"https:\/\/noti-america.com\/site\/ecuador\/2021\/06\/07\/expertos-de-14-paises-lanzan-el-observatorio-de-estudios-latinoamericanos-latinia\/#primaryimage\",\"url\":\"https:\/\/noti-america.com\/site\/ecuador\/wp-content\/uploads\/sites\/18\/2021\/06\/7-junio-Captura-1.jpg\",\"contentUrl\":\"https:\/\/noti-america.com\/site\/ecuador\/wp-content\/uploads\/sites\/18\/2021\/06\/7-junio-Captura-1.jpg\",\"width\":786,\"height\":618},{\"@type\":\"BreadcrumbList\",\"@id\":\"https:\/\/noti-america.com\/site\/ecuador\/2021\/06\/07\/expertos-de-14-paises-lanzan-el-observatorio-de-estudios-latinoamericanos-latinia\/#breadcrumb\",\"itemListElement\":[{\"@type\":\"ListItem\",\"position\":1,\"name\":\"Portada\",\"item\":\"https:\/\/noti-america.com\/site\/ecuador\/\"},{\"@type\":\"ListItem\",\"position\":2,\"name\":\"Expertos de 14 pa\u00edses lanzan el Observatorio de Estudios Latinoamericanos \u00abLATINIA\u00bb\"}]},{\"@type\":\"WebSite\",\"@id\":\"https:\/\/noti-america.com\/site\/ecuador\/#website\",\"url\":\"https:\/\/noti-america.com\/site\/ecuador\/\",\"name\":\"Ecuador | Noti-America.com\",\"description\":\"\",\"publisher\":{\"@id\":\"https:\/\/noti-america.com\/site\/ecuador\/#organization\"},\"potentialAction\":[{\"@type\":\"SearchAction\",\"target\":{\"@type\":\"EntryPoint\",\"urlTemplate\":\"https:\/\/noti-america.com\/site\/ecuador\/?s={search_term_string}\"},\"query-input\":{\"@type\":\"PropertyValueSpecification\",\"valueRequired\":true,\"valueName\":\"search_term_string\"}}],\"inLanguage\":\"es\"},{\"@type\":\"Organization\",\"@id\":\"https:\/\/noti-america.com\/site\/ecuador\/#organization\",\"name\":\"Noti-America LLC | Ecuador\",\"url\":\"https:\/\/noti-america.com\/site\/ecuador\/\",\"logo\":{\"@type\":\"ImageObject\",\"inLanguage\":\"es\",\"@id\":\"https:\/\/noti-america.com\/site\/ecuador\/#\/schema\/logo\/image\/\",\"url\":\"https:\/\/noti-america.com\/site\/ecuador\/wp-content\/uploads\/sites\/18\/2020\/07\/LogoNA-4x3-1.jpg\",\"contentUrl\":\"https:\/\/noti-america.com\/site\/ecuador\/wp-content\/uploads\/sites\/18\/2020\/07\/LogoNA-4x3-1.jpg\",\"width\":1236,\"height\":1080,\"caption\":\"Noti-America LLC | Ecuador\"},\"image\":{\"@id\":\"https:\/\/noti-america.com\/site\/ecuador\/#\/schema\/logo\/image\/\"},\"sameAs\":[\"https:\/\/x.com\/notiamerica\"]},{\"@type\":\"Person\",\"@id\":\"https:\/\/noti-america.com\/site\/ecuador\/#\/schema\/person\/b9d1630cc6598af759d45c790a347283\",\"name\":\"Henry Ortiz\",\"image\":{\"@type\":\"ImageObject\",\"inLanguage\":\"es\",\"@id\":\"https:\/\/secure.gravatar.com\/avatar\/0b5407b5b302fbb6a578e625dca512ac2983ee5fa9ea941d581b83c40212e4c8?s=96&d=mm&r=g\",\"url\":\"https:\/\/secure.gravatar.com\/avatar\/0b5407b5b302fbb6a578e625dca512ac2983ee5fa9ea941d581b83c40212e4c8?s=96&d=mm&r=g\",\"contentUrl\":\"https:\/\/secure.gravatar.com\/avatar\/0b5407b5b302fbb6a578e625dca512ac2983ee5fa9ea941d581b83c40212e4c8?s=96&d=mm&r=g\",\"caption\":\"Henry Ortiz\"},\"url\":\"https:\/\/noti-america.com\/site\/ecuador\/author\/hortiz\/\"}]}<\/script>\n<!-- \/ Yoast SEO Premium plugin. -->","yoast_head_json":{"title":"Expertos de 14 pa\u00edses lanzan el Observatorio de Estudios Latinoamericanos \"LATINIA\" - Ecuador | Noti-America.com","robots":{"index":"index","follow":"follow","max-snippet":"max-snippet:-1","max-image-preview":"max-image-preview:large","max-video-preview":"max-video-preview:-1"},"canonical":"https:\/\/noti-america.com\/site\/ecuador\/2021\/06\/07\/expertos-de-14-paises-lanzan-el-observatorio-de-estudios-latinoamericanos-latinia\/","og_locale":"es_ES","og_type":"article","og_title":"Expertos de 14 pa\u00edses lanzan el Observatorio de Estudios Latinoamericanos \"LATINIA\"","og_description":"REDACCI\u00d3N NOTI AM\u00c9RICA (ECUADOR) En Guayaquil, se present\u00f3 p\u00fablicamente el Observatorio de Estudios Latinoamericanos \u00abLatinia\u00bb, un centro de pensamiento internacional formado por expertos con presencia en 14 pa\u00edses. Se trata de un esfuerzo de&#46;&#46;&#46;","og_url":"https:\/\/noti-america.com\/site\/ecuador\/2021\/06\/07\/expertos-de-14-paises-lanzan-el-observatorio-de-estudios-latinoamericanos-latinia\/","og_site_name":"Ecuador | Noti-America.com","article_published_time":"2021-06-07T13:18:15+00:00","og_image":[{"width":786,"height":618,"url":"https:\/\/noti-america.com\/site\/ecuador\/wp-content\/uploads\/sites\/18\/2021\/06\/7-junio-Captura-1.jpg","type":"image\/jpeg"}],"author":"Henry Ortiz","twitter_card":"summary_large_image","twitter_creator":"@notiamerica","twitter_site":"@notiamerica","twitter_misc":{"Escrito por":"Henry Ortiz","Tiempo estimado de lectura":"1 minuto"},"schema":{"@context":"https:\/\/schema.org","@graph":[{"@type":"Article","@id":"https:\/\/noti-america.com\/site\/ecuador\/2021\/06\/07\/expertos-de-14-paises-lanzan-el-observatorio-de-estudios-latinoamericanos-latinia\/#article","isPartOf":{"@id":"https:\/\/noti-america.com\/site\/ecuador\/2021\/06\/07\/expertos-de-14-paises-lanzan-el-observatorio-de-estudios-latinoamericanos-latinia\/"},"author":{"name":"Henry Ortiz","@id":"https:\/\/noti-america.com\/site\/ecuador\/#\/schema\/person\/b9d1630cc6598af759d45c790a347283"},"headline":"Expertos de 14 pa\u00edses lanzan el Observatorio de Estudios Latinoamericanos \u00abLATINIA\u00bb","datePublished":"2021-06-07T13:18:15+00:00","mainEntityOfPage":{"@id":"https:\/\/noti-america.com\/site\/ecuador\/2021\/06\/07\/expertos-de-14-paises-lanzan-el-observatorio-de-estudios-latinoamericanos-latinia\/"},"wordCount":216,"commentCount":0,"publisher":{"@id":"https:\/\/noti-america.com\/site\/ecuador\/#organization"},"image":{"@id":"https:\/\/noti-america.com\/site\/ecuador\/2021\/06\/07\/expertos-de-14-paises-lanzan-el-observatorio-de-estudios-latinoamericanos-latinia\/#primaryimage"},"thumbnailUrl":"https:\/\/noti-america.com\/site\/ecuador\/wp-content\/uploads\/sites\/18\/2021\/06\/7-junio-Captura-1.jpg","articleSection":["Noticias"],"inLanguage":"es","potentialAction":[{"@type":"CommentAction","name":"Comment","target":["https:\/\/noti-america.com\/site\/ecuador\/2021\/06\/07\/expertos-de-14-paises-lanzan-el-observatorio-de-estudios-latinoamericanos-latinia\/#respond"]}]},{"@type":"WebPage","@id":"https:\/\/noti-america.com\/site\/ecuador\/2021\/06\/07\/expertos-de-14-paises-lanzan-el-observatorio-de-estudios-latinoamericanos-latinia\/","url":"https:\/\/noti-america.com\/site\/ecuador\/2021\/06\/07\/expertos-de-14-paises-lanzan-el-observatorio-de-estudios-latinoamericanos-latinia\/","name":"Expertos de 14 pa\u00edses lanzan el Observatorio de Estudios Latinoamericanos \"LATINIA\" - Ecuador | Noti-America.com","isPartOf":{"@id":"https:\/\/noti-america.com\/site\/ecuador\/#website"},"primaryImageOfPage":{"@id":"https:\/\/noti-america.com\/site\/ecuador\/2021\/06\/07\/expertos-de-14-paises-lanzan-el-observatorio-de-estudios-latinoamericanos-latinia\/#primaryimage"},"image":{"@id":"https:\/\/noti-america.com\/site\/ecuador\/2021\/06\/07\/expertos-de-14-paises-lanzan-el-observatorio-de-estudios-latinoamericanos-latinia\/#primaryimage"},"thumbnailUrl":"https:\/\/noti-america.com\/site\/ecuador\/wp-content\/uploads\/sites\/18\/2021\/06\/7-junio-Captura-1.jpg","datePublished":"2021-06-07T13:18:15+00:00","breadcrumb":{"@id":"https:\/\/noti-america.com\/site\/ecuador\/2021\/06\/07\/expertos-de-14-paises-lanzan-el-observatorio-de-estudios-latinoamericanos-latinia\/#breadcrumb"},"inLanguage":"es","potentialAction":[{"@type":"ReadAction","target":["https:\/\/noti-america.com\/site\/ecuador\/2021\/06\/07\/expertos-de-14-paises-lanzan-el-observatorio-de-estudios-latinoamericanos-latinia\/"]}]},{"@type":"ImageObject","inLanguage":"es","@id":"https:\/\/noti-america.com\/site\/ecuador\/2021\/06\/07\/expertos-de-14-paises-lanzan-el-observatorio-de-estudios-latinoamericanos-latinia\/#primaryimage","url":"https:\/\/noti-america.com\/site\/ecuador\/wp-content\/uploads\/sites\/18\/2021\/06\/7-junio-Captura-1.jpg","contentUrl":"https:\/\/noti-america.com\/site\/ecuador\/wp-content\/uploads\/sites\/18\/2021\/06\/7-junio-Captura-1.jpg","width":786,"height":618},{"@type":"BreadcrumbList","@id":"https:\/\/noti-america.com\/site\/ecuador\/2021\/06\/07\/expertos-de-14-paises-lanzan-el-observatorio-de-estudios-latinoamericanos-latinia\/#breadcrumb","itemListElement":[{"@type":"ListItem","position":1,"name":"Portada","item":"https:\/\/noti-america.com\/site\/ecuador\/"},{"@type":"ListItem","position":2,"name":"Expertos de 14 pa\u00edses lanzan el Observatorio de Estudios Latinoamericanos \u00abLATINIA\u00bb"}]},{"@type":"WebSite","@id":"https:\/\/noti-america.com\/site\/ecuador\/#website","url":"https:\/\/noti-america.com\/site\/ecuador\/","name":"Ecuador | Noti-America.com","description":"","publisher":{"@id":"https:\/\/noti-america.com\/site\/ecuador\/#organization"},"potentialAction":[{"@type":"SearchAction","target":{"@type":"EntryPoint","urlTemplate":"https:\/\/noti-america.com\/site\/ecuador\/?s={search_term_string}"},"query-input":{"@type":"PropertyValueSpecification","valueRequired":true,"valueName":"search_term_string"}}],"inLanguage":"es"},{"@type":"Organization","@id":"https:\/\/noti-america.com\/site\/ecuador\/#organization","name":"Noti-America LLC | Ecuador","url":"https:\/\/noti-america.com\/site\/ecuador\/","logo":{"@type":"ImageObject","inLanguage":"es","@id":"https:\/\/noti-america.com\/site\/ecuador\/#\/schema\/logo\/image\/","url":"https:\/\/noti-america.com\/site\/ecuador\/wp-content\/uploads\/sites\/18\/2020\/07\/LogoNA-4x3-1.jpg","contentUrl":"https:\/\/noti-america.com\/site\/ecuador\/wp-content\/uploads\/sites\/18\/2020\/07\/LogoNA-4x3-1.jpg","width":1236,"height":1080,"caption":"Noti-America LLC | Ecuador"},"image":{"@id":"https:\/\/noti-america.com\/site\/ecuador\/#\/schema\/logo\/image\/"},"sameAs":["https:\/\/x.com\/notiamerica"]},{"@type":"Person","@id":"https:\/\/noti-america.com\/site\/ecuador\/#\/schema\/person\/b9d1630cc6598af759d45c790a347283","name":"Henry Ortiz","image":{"@type":"ImageObject","inLanguage":"es","@id":"https:\/\/secure.gravatar.com\/avatar\/0b5407b5b302fbb6a578e625dca512ac2983ee5fa9ea941d581b83c40212e4c8?s=96&d=mm&r=g","url":"https:\/\/secure.gravatar.com\/avatar\/0b5407b5b302fbb6a578e625dca512ac2983ee5fa9ea941d581b83c40212e4c8?s=96&d=mm&r=g","contentUrl":"https:\/\/secure.gravatar.com\/avatar\/0b5407b5b302fbb6a578e625dca512ac2983ee5fa9ea941d581b83c40212e4c8?s=96&d=mm&r=g","caption":"Henry Ortiz"},"url":"https:\/\/noti-america.com\/site\/ecuador\/author\/hortiz\/"}]}},"_links":{"self":[{"href":"https:\/\/noti-america.com\/site\/ecuador\/wp-json\/wp\/v2\/posts\/14767","targetHints":{"allow":["GET"]}}],"collection":[{"href":"https:\/\/noti-america.com\/site\/ecuador\/wp-json\/wp\/v2\/posts"}],"about":[{"href":"https:\/\/noti-america.com\/site\/ecuador\/wp-json\/wp\/v2\/types\/post"}],"author":[{"embeddable":true,"href":"https:\/\/noti-america.com\/site\/ecuador\/wp-json\/wp\/v2\/users\/113"}],"replies":[{"embeddable":true,"href":"https:\/\/noti-america.com\/site\/ecuador\/wp-json\/wp\/v2\/comments?post=14767"}],"version-history":[{"count":1,"href":"https:\/\/noti-america.com\/site\/ecuador\/wp-json\/wp\/v2\/posts\/14767\/revisions"}],"predecessor-version":[{"id":14770,"href":"https:\/\/noti-america.com\/site\/ecuador\/wp-json\/wp\/v2\/posts\/14767\/revisions\/14770"}],"wp:featuredmedia":[{"embeddable":true,"href":"https:\/\/noti-america.com\/site\/ecuador\/wp-json\/wp\/v2\/media\/14769"}],"wp:attachment":[{"href":"https:\/\/noti-america.com\/site\/ecuador\/wp-json\/wp\/v2\/media?parent=14767"}],"wp:term":[{"taxonomy":"category","embeddable":true,"href":"https:\/\/noti-america.com\/site\/ecuador\/wp-json\/wp\/v2\/categories?post=14767"},{"taxonomy":"post_tag","embeddable":true,"href":"https:\/\/noti-america.com\/site\/ecuador\/wp-json\/wp\/v2\/tags?post=14767"}],"curies":[{"name":"wp","href":"https:\/\/api.w.org\/{rel}","templated":true}]}}