{"id":14670,"date":"2021-06-01T02:18:02","date_gmt":"2021-06-01T02:18:02","guid":{"rendered":"https:\/\/noti-america.com\/site\/ecuador\/?p=14670"},"modified":"2021-06-01T02:18:02","modified_gmt":"2021-06-01T02:18:02","slug":"didi-la-plataforma-tecnologica-de-movilidad-lider-en-el-mundo-llega-a-ecuador","status":"publish","type":"post","link":"https:\/\/noti-america.com\/site\/ecuador\/2021\/06\/01\/didi-la-plataforma-tecnologica-de-movilidad-lider-en-el-mundo-llega-a-ecuador\/","title":{"rendered":"DiDi, la plataforma tecnol\u00f3gica de movilidad l\u00edder en el mundo llega a Ecuador"},"content":{"rendered":"<p>REDACCI\u00d3N NOTI AM\u00c9RICA (ECUADOR)<\/p>\n<div style=\"width: 410px\" class=\"wp-caption alignleft\"><img loading=\"lazy\" decoding=\"async\" src=\"https:\/\/descubrecomohacerlo.com\/wp-content\/uploads\/2020\/07\/logo-didi-carro-400x267.jpg\" alt=\"DiDi no Acepta mi Tarjeta de Cr\u00e9dito' \u00bfPor qu\u00e9? - Soluci\u00f3n | Descubre C\u00f3mo  Hacerlo\" width=\"400\" height=\"267\" \/><p class=\"wp-caption-text\">DiDi<\/p><\/div>\n<p style=\"text-align: justify\">DiDi, la aplicaci\u00f3n de movilidad m\u00e1s grande del mundo, iniciar\u00e1 operaciones en Quito a partir de este martes, con la categor\u00eda Express para intermediar solicitudes de veh\u00edculos particulares. El objetivo principal de esta llegada ser\u00e1 apoyar la reactivaci\u00f3n econ\u00f3mica de la ciudad a trav\u00e9s de la integraci\u00f3n e implementaci\u00f3n de tecnolog\u00eda que ofrece una opci\u00f3n segura, eficiente y amigable con el bolsillo de los quite\u00f1os.<\/p>\n<p style=\"text-align: justify\">Pensando tambi\u00e9n en contribuir a la reactivaci\u00f3n de los comercios y negocios locales, DiDi ofrecer\u00e1 cupones de hasta 60% del valor de cada viaje durante los dos fines de semana siguientes a su llegada a la ciudad. Adicionalmente, los usuarios contar\u00e1n con m\u00faltiples cupones y beneficios para sus primeras solicitudes.<\/p>\n<p style=\"text-align: justify\"><em>\u201cEn Quito encontramos una oportunidad inmensa de implementar nuevas tecnolog\u00edas que tengan un impacto directo en la calidad de vida de las personas y en el desarrollo de la ciudad. Por eso, nuestras prioridades con este lanzamiento se centran en apoyar la creaci\u00f3n de nuevas opciones de ingreso para los quite\u00f1os, as\u00ed como facilitar alternativas de movilidad que se ajusten al bolsillo de todos\u201d<\/em>, indic\u00f3 Pablo Mondrag\u00f3n, Gerente general de DiDi en Ecuador.<\/p>\n<p style=\"text-align: justify\">Esta propuesta de valor, centrada en el acceso y la econom\u00eda, se complementa con la estructura internacional de seguridad de la plataforma, que se basa en la integraci\u00f3n de herramientas digitales con la gesti\u00f3n directa y personalizada de un equipo de emergencias.<\/p>\n<p style=\"text-align: justify\">Dentro de los desarrollos que estar\u00e1n disponibles para los socios conductores y usuarios ecuatorianos est\u00e1 el kit de seguridad en la app, que incluye un bot\u00f3n de emergencia, el Centro de emergencia DiDi disponible 24\/7, reconocimiento facial para verificar que la persona que se conecta sea la misma registrada en la app, la opci\u00f3n para seleccionar contactos de confianza y compartir la ubicaci\u00f3n en tiempo real, y la posibilidad de solicitar patrullas de emergencia para ofrecer asistencia inmediata y presencial, entre otras.<\/p>\n<p style=\"text-align: justify\"><em>\u201cSomos creyentes de que todas las personas deben tener acceso a los beneficios que brinda la tecnolog\u00eda, por eso estamos comprometidos con la creaci\u00f3n de ecosistemas m\u00e1s seguros y con mayor soporte para brindar una experiencia mejorada, sin que esto implique una carga para el bolsillo de los ecuatorianos\u201d<\/em>, explic\u00f3 Mondrag\u00f3n.<\/p>\n<p style=\"text-align: justify\">As\u00ed mismo, en los pr\u00f3ximos d\u00edas la plataforma desarrollar\u00e1 actividades para aportar al desarrollo de zonas de comercio de la ciudad, as\u00ed como facilitar los desplazamientos de grupos prioritarios en el contexto de la coyuntura sanitaria.<\/p>\n<p style=\"text-align: justify\">A nivel global la plataforma intermedia soluciones de movilidad con diferentes categor\u00edas como Taxi, Express, bicicletas compartidas, env\u00edos, alquiler y uso de veh\u00edculos, entre otros. En el caso de Quito la aplicaci\u00f3n iniciar\u00e1 con la categor\u00eda DiDi Express que hace referencia a la solicitud de veh\u00edculos particulares. Las personas interesadas podr\u00e1n descargar <em>DiDi Pasajero <\/em>o ingresar a la p\u00e1gina web <em>ecuador.didiglobal.com<\/em> y seguir los pasos<em>. <\/em><\/p>\n","protected":false},"excerpt":{"rendered":"<p>REDACCI\u00d3N NOTI AM\u00c9RICA (ECUADOR) DiDi, la aplicaci\u00f3n de movilidad m\u00e1s grande del mundo, iniciar\u00e1 operaciones en Quito a partir de este martes, con la categor\u00eda Express para intermediar solicitudes de veh\u00edculos particulares. El objetivo&#46;&#46;&#46;<\/p>\n","protected":false},"author":17,"featured_media":14671,"comment_status":"open","ping_status":"open","sticky":false,"template":"","format":"standard","meta":{"_acf_changed":false,"om_disable_all_campaigns":false,"rop_custom_images_group":[],"rop_custom_messages_group":[],"rop_publish_now":"initial","rop_publish_now_accounts":{"twitter_242054905_242054905":""},"rop_publish_now_history":[],"rop_publish_now_status":"pending","_uf_show_specific_survey":0,"_uf_disable_surveys":false,"footnotes":""},"categories":[42],"tags":[],"class_list":["post-14670","post","type-post","status-publish","format-standard","has-post-thumbnail","hentry","category-noticias"],"acf":[],"aioseo_notices":[],"yoast_head":"<!-- This site is optimized with the Yoast SEO Premium plugin v24.9 (Yoast SEO v27.2) - https:\/\/yoast.com\/product\/yoast-seo-premium-wordpress\/ -->\n<title>DiDi, la plataforma tecnol\u00f3gica de movilidad l\u00edder en el mundo llega a Ecuador - Ecuador | Noti-America.com<\/title>\n<meta name=\"robots\" content=\"index, follow, max-snippet:-1, max-image-preview:large, max-video-preview:-1\" \/>\n<link rel=\"canonical\" href=\"https:\/\/noti-america.com\/site\/ecuador\/2021\/06\/01\/didi-la-plataforma-tecnologica-de-movilidad-lider-en-el-mundo-llega-a-ecuador\/\" \/>\n<meta property=\"og:locale\" content=\"es_ES\" \/>\n<meta property=\"og:type\" content=\"article\" \/>\n<meta property=\"og:title\" content=\"DiDi, la plataforma tecnol\u00f3gica de movilidad l\u00edder en el mundo llega a Ecuador\" \/>\n<meta property=\"og:description\" content=\"REDACCI\u00d3N NOTI AM\u00c9RICA (ECUADOR) DiDi, la aplicaci\u00f3n de movilidad m\u00e1s grande del mundo, iniciar\u00e1 operaciones en Quito a partir de este martes, con la categor\u00eda Express para intermediar solicitudes de veh\u00edculos particulares. El objetivo&#046;&#046;&#046;\" \/>\n<meta property=\"og:url\" content=\"https:\/\/noti-america.com\/site\/ecuador\/2021\/06\/01\/didi-la-plataforma-tecnologica-de-movilidad-lider-en-el-mundo-llega-a-ecuador\/\" \/>\n<meta property=\"og:site_name\" content=\"Ecuador | Noti-America.com\" \/>\n<meta property=\"article:published_time\" content=\"2021-06-01T02:18:02+00:00\" \/>\n<meta property=\"og:image\" content=\"https:\/\/noti-america.com\/site\/ecuador\/wp-content\/uploads\/sites\/18\/2021\/06\/Logo-DiDi.png\" \/>\n\t<meta property=\"og:image:width\" content=\"885\" \/>\n\t<meta property=\"og:image:height\" content=\"547\" \/>\n\t<meta property=\"og:image:type\" content=\"image\/png\" \/>\n<meta name=\"author\" content=\"Gregory Quintana Montiel\" \/>\n<meta name=\"twitter:card\" content=\"summary_large_image\" \/>\n<meta name=\"twitter:creator\" content=\"@gdgregori1\" \/>\n<meta name=\"twitter:site\" content=\"@notiamerica\" \/>\n<meta name=\"twitter:label1\" content=\"Escrito por\" \/>\n\t<meta name=\"twitter:data1\" content=\"Gregory Quintana Montiel\" \/>\n\t<meta name=\"twitter:label2\" content=\"Tiempo estimado de lectura\" \/>\n\t<meta name=\"twitter:data2\" content=\"3 minutos\" \/>\n<script type=\"application\/ld+json\" class=\"yoast-schema-graph\">{\"@context\":\"https:\/\/schema.org\",\"@graph\":[{\"@type\":\"Article\",\"@id\":\"https:\/\/noti-america.com\/site\/ecuador\/2021\/06\/01\/didi-la-plataforma-tecnologica-de-movilidad-lider-en-el-mundo-llega-a-ecuador\/#article\",\"isPartOf\":{\"@id\":\"https:\/\/noti-america.com\/site\/ecuador\/2021\/06\/01\/didi-la-plataforma-tecnologica-de-movilidad-lider-en-el-mundo-llega-a-ecuador\/\"},\"author\":{\"name\":\"Gregory Quintana Montiel\",\"@id\":\"https:\/\/noti-america.com\/site\/ecuador\/#\/schema\/person\/3b975e42f15abfe64bfe3abdd916efda\"},\"headline\":\"DiDi, la plataforma tecnol\u00f3gica de movilidad l\u00edder en el mundo llega a Ecuador\",\"datePublished\":\"2021-06-01T02:18:02+00:00\",\"mainEntityOfPage\":{\"@id\":\"https:\/\/noti-america.com\/site\/ecuador\/2021\/06\/01\/didi-la-plataforma-tecnologica-de-movilidad-lider-en-el-mundo-llega-a-ecuador\/\"},\"wordCount\":533,\"commentCount\":0,\"publisher\":{\"@id\":\"https:\/\/noti-america.com\/site\/ecuador\/#organization\"},\"image\":{\"@id\":\"https:\/\/noti-america.com\/site\/ecuador\/2021\/06\/01\/didi-la-plataforma-tecnologica-de-movilidad-lider-en-el-mundo-llega-a-ecuador\/#primaryimage\"},\"thumbnailUrl\":\"https:\/\/noti-america.com\/site\/ecuador\/wp-content\/uploads\/sites\/18\/2021\/06\/Logo-DiDi.png\",\"articleSection\":[\"Noticias\"],\"inLanguage\":\"es\",\"potentialAction\":[{\"@type\":\"CommentAction\",\"name\":\"Comment\",\"target\":[\"https:\/\/noti-america.com\/site\/ecuador\/2021\/06\/01\/didi-la-plataforma-tecnologica-de-movilidad-lider-en-el-mundo-llega-a-ecuador\/#respond\"]}]},{\"@type\":\"WebPage\",\"@id\":\"https:\/\/noti-america.com\/site\/ecuador\/2021\/06\/01\/didi-la-plataforma-tecnologica-de-movilidad-lider-en-el-mundo-llega-a-ecuador\/\",\"url\":\"https:\/\/noti-america.com\/site\/ecuador\/2021\/06\/01\/didi-la-plataforma-tecnologica-de-movilidad-lider-en-el-mundo-llega-a-ecuador\/\",\"name\":\"DiDi, la plataforma tecnol\u00f3gica de movilidad l\u00edder en el mundo llega a Ecuador - Ecuador | Noti-America.com\",\"isPartOf\":{\"@id\":\"https:\/\/noti-america.com\/site\/ecuador\/#website\"},\"primaryImageOfPage\":{\"@id\":\"https:\/\/noti-america.com\/site\/ecuador\/2021\/06\/01\/didi-la-plataforma-tecnologica-de-movilidad-lider-en-el-mundo-llega-a-ecuador\/#primaryimage\"},\"image\":{\"@id\":\"https:\/\/noti-america.com\/site\/ecuador\/2021\/06\/01\/didi-la-plataforma-tecnologica-de-movilidad-lider-en-el-mundo-llega-a-ecuador\/#primaryimage\"},\"thumbnailUrl\":\"https:\/\/noti-america.com\/site\/ecuador\/wp-content\/uploads\/sites\/18\/2021\/06\/Logo-DiDi.png\",\"datePublished\":\"2021-06-01T02:18:02+00:00\",\"breadcrumb\":{\"@id\":\"https:\/\/noti-america.com\/site\/ecuador\/2021\/06\/01\/didi-la-plataforma-tecnologica-de-movilidad-lider-en-el-mundo-llega-a-ecuador\/#breadcrumb\"},\"inLanguage\":\"es\",\"potentialAction\":[{\"@type\":\"ReadAction\",\"target\":[\"https:\/\/noti-america.com\/site\/ecuador\/2021\/06\/01\/didi-la-plataforma-tecnologica-de-movilidad-lider-en-el-mundo-llega-a-ecuador\/\"]}]},{\"@type\":\"ImageObject\",\"inLanguage\":\"es\",\"@id\":\"https:\/\/noti-america.com\/site\/ecuador\/2021\/06\/01\/didi-la-plataforma-tecnologica-de-movilidad-lider-en-el-mundo-llega-a-ecuador\/#primaryimage\",\"url\":\"https:\/\/noti-america.com\/site\/ecuador\/wp-content\/uploads\/sites\/18\/2021\/06\/Logo-DiDi.png\",\"contentUrl\":\"https:\/\/noti-america.com\/site\/ecuador\/wp-content\/uploads\/sites\/18\/2021\/06\/Logo-DiDi.png\",\"width\":885,\"height\":547},{\"@type\":\"BreadcrumbList\",\"@id\":\"https:\/\/noti-america.com\/site\/ecuador\/2021\/06\/01\/didi-la-plataforma-tecnologica-de-movilidad-lider-en-el-mundo-llega-a-ecuador\/#breadcrumb\",\"itemListElement\":[{\"@type\":\"ListItem\",\"position\":1,\"name\":\"Portada\",\"item\":\"https:\/\/noti-america.com\/site\/ecuador\/\"},{\"@type\":\"ListItem\",\"position\":2,\"name\":\"DiDi, la plataforma tecnol\u00f3gica de movilidad l\u00edder en el mundo llega a Ecuador\"}]},{\"@type\":\"WebSite\",\"@id\":\"https:\/\/noti-america.com\/site\/ecuador\/#website\",\"url\":\"https:\/\/noti-america.com\/site\/ecuador\/\",\"name\":\"Ecuador | Noti-America.com\",\"description\":\"\",\"publisher\":{\"@id\":\"https:\/\/noti-america.com\/site\/ecuador\/#organization\"},\"potentialAction\":[{\"@type\":\"SearchAction\",\"target\":{\"@type\":\"EntryPoint\",\"urlTemplate\":\"https:\/\/noti-america.com\/site\/ecuador\/?s={search_term_string}\"},\"query-input\":{\"@type\":\"PropertyValueSpecification\",\"valueRequired\":true,\"valueName\":\"search_term_string\"}}],\"inLanguage\":\"es\"},{\"@type\":\"Organization\",\"@id\":\"https:\/\/noti-america.com\/site\/ecuador\/#organization\",\"name\":\"Noti-America LLC | Ecuador\",\"url\":\"https:\/\/noti-america.com\/site\/ecuador\/\",\"logo\":{\"@type\":\"ImageObject\",\"inLanguage\":\"es\",\"@id\":\"https:\/\/noti-america.com\/site\/ecuador\/#\/schema\/logo\/image\/\",\"url\":\"https:\/\/noti-america.com\/site\/ecuador\/wp-content\/uploads\/sites\/18\/2020\/07\/LogoNA-4x3-1.jpg\",\"contentUrl\":\"https:\/\/noti-america.com\/site\/ecuador\/wp-content\/uploads\/sites\/18\/2020\/07\/LogoNA-4x3-1.jpg\",\"width\":1236,\"height\":1080,\"caption\":\"Noti-America LLC | Ecuador\"},\"image\":{\"@id\":\"https:\/\/noti-america.com\/site\/ecuador\/#\/schema\/logo\/image\/\"},\"sameAs\":[\"https:\/\/x.com\/notiamerica\"]},{\"@type\":\"Person\",\"@id\":\"https:\/\/noti-america.com\/site\/ecuador\/#\/schema\/person\/3b975e42f15abfe64bfe3abdd916efda\",\"name\":\"Gregory Quintana Montiel\",\"image\":{\"@type\":\"ImageObject\",\"inLanguage\":\"es\",\"@id\":\"https:\/\/secure.gravatar.com\/avatar\/2d6b802f7720c2ec7744dcbe608cc2f3417aeb964d58b443c6d612b77531de1d?s=96&d=mm&r=g\",\"url\":\"https:\/\/secure.gravatar.com\/avatar\/2d6b802f7720c2ec7744dcbe608cc2f3417aeb964d58b443c6d612b77531de1d?s=96&d=mm&r=g\",\"contentUrl\":\"https:\/\/secure.gravatar.com\/avatar\/2d6b802f7720c2ec7744dcbe608cc2f3417aeb964d58b443c6d612b77531de1d?s=96&d=mm&r=g\",\"caption\":\"Gregory Quintana Montiel\"},\"description\":\"Licenciatura en Ciencias de la Comunicaci\u00f3n Social, egresado en la Especializaci\u00f3n Derecho Ambiental Desarrollo Sostenible y Sustentable, Miembro de la Comunidad de profesionales y experto para Latinoam\u00e9rica y el Caribe en Gesti\u00f3n por Resultado en el Desarrollo (COPLAC - GpRD) del Banco Interamericano de Desarrollo, experiencia en medios radiales y escritos.\",\"sameAs\":[\"https:\/\/x.com\/gdgregori1\",\"gquintana\"],\"url\":\"https:\/\/noti-america.com\/site\/ecuador\/author\/gquintana\/\"}]}<\/script>\n<!-- \/ Yoast SEO Premium plugin. -->","yoast_head_json":{"title":"DiDi, la plataforma tecnol\u00f3gica de movilidad l\u00edder en el mundo llega a Ecuador - Ecuador | Noti-America.com","robots":{"index":"index","follow":"follow","max-snippet":"max-snippet:-1","max-image-preview":"max-image-preview:large","max-video-preview":"max-video-preview:-1"},"canonical":"https:\/\/noti-america.com\/site\/ecuador\/2021\/06\/01\/didi-la-plataforma-tecnologica-de-movilidad-lider-en-el-mundo-llega-a-ecuador\/","og_locale":"es_ES","og_type":"article","og_title":"DiDi, la plataforma tecnol\u00f3gica de movilidad l\u00edder en el mundo llega a Ecuador","og_description":"REDACCI\u00d3N NOTI AM\u00c9RICA (ECUADOR) DiDi, la aplicaci\u00f3n de movilidad m\u00e1s grande del mundo, iniciar\u00e1 operaciones en Quito a partir de este martes, con la categor\u00eda Express para intermediar solicitudes de veh\u00edculos particulares. El objetivo&#46;&#46;&#46;","og_url":"https:\/\/noti-america.com\/site\/ecuador\/2021\/06\/01\/didi-la-plataforma-tecnologica-de-movilidad-lider-en-el-mundo-llega-a-ecuador\/","og_site_name":"Ecuador | Noti-America.com","article_published_time":"2021-06-01T02:18:02+00:00","og_image":[{"width":885,"height":547,"url":"https:\/\/noti-america.com\/site\/ecuador\/wp-content\/uploads\/sites\/18\/2021\/06\/Logo-DiDi.png","type":"image\/png"}],"author":"Gregory Quintana Montiel","twitter_card":"summary_large_image","twitter_creator":"@gdgregori1","twitter_site":"@notiamerica","twitter_misc":{"Escrito por":"Gregory Quintana Montiel","Tiempo estimado de lectura":"3 minutos"},"schema":{"@context":"https:\/\/schema.org","@graph":[{"@type":"Article","@id":"https:\/\/noti-america.com\/site\/ecuador\/2021\/06\/01\/didi-la-plataforma-tecnologica-de-movilidad-lider-en-el-mundo-llega-a-ecuador\/#article","isPartOf":{"@id":"https:\/\/noti-america.com\/site\/ecuador\/2021\/06\/01\/didi-la-plataforma-tecnologica-de-movilidad-lider-en-el-mundo-llega-a-ecuador\/"},"author":{"name":"Gregory Quintana Montiel","@id":"https:\/\/noti-america.com\/site\/ecuador\/#\/schema\/person\/3b975e42f15abfe64bfe3abdd916efda"},"headline":"DiDi, la plataforma tecnol\u00f3gica de movilidad l\u00edder en el mundo llega a Ecuador","datePublished":"2021-06-01T02:18:02+00:00","mainEntityOfPage":{"@id":"https:\/\/noti-america.com\/site\/ecuador\/2021\/06\/01\/didi-la-plataforma-tecnologica-de-movilidad-lider-en-el-mundo-llega-a-ecuador\/"},"wordCount":533,"commentCount":0,"publisher":{"@id":"https:\/\/noti-america.com\/site\/ecuador\/#organization"},"image":{"@id":"https:\/\/noti-america.com\/site\/ecuador\/2021\/06\/01\/didi-la-plataforma-tecnologica-de-movilidad-lider-en-el-mundo-llega-a-ecuador\/#primaryimage"},"thumbnailUrl":"https:\/\/noti-america.com\/site\/ecuador\/wp-content\/uploads\/sites\/18\/2021\/06\/Logo-DiDi.png","articleSection":["Noticias"],"inLanguage":"es","potentialAction":[{"@type":"CommentAction","name":"Comment","target":["https:\/\/noti-america.com\/site\/ecuador\/2021\/06\/01\/didi-la-plataforma-tecnologica-de-movilidad-lider-en-el-mundo-llega-a-ecuador\/#respond"]}]},{"@type":"WebPage","@id":"https:\/\/noti-america.com\/site\/ecuador\/2021\/06\/01\/didi-la-plataforma-tecnologica-de-movilidad-lider-en-el-mundo-llega-a-ecuador\/","url":"https:\/\/noti-america.com\/site\/ecuador\/2021\/06\/01\/didi-la-plataforma-tecnologica-de-movilidad-lider-en-el-mundo-llega-a-ecuador\/","name":"DiDi, la plataforma tecnol\u00f3gica de movilidad l\u00edder en el mundo llega a Ecuador - Ecuador | Noti-America.com","isPartOf":{"@id":"https:\/\/noti-america.com\/site\/ecuador\/#website"},"primaryImageOfPage":{"@id":"https:\/\/noti-america.com\/site\/ecuador\/2021\/06\/01\/didi-la-plataforma-tecnologica-de-movilidad-lider-en-el-mundo-llega-a-ecuador\/#primaryimage"},"image":{"@id":"https:\/\/noti-america.com\/site\/ecuador\/2021\/06\/01\/didi-la-plataforma-tecnologica-de-movilidad-lider-en-el-mundo-llega-a-ecuador\/#primaryimage"},"thumbnailUrl":"https:\/\/noti-america.com\/site\/ecuador\/wp-content\/uploads\/sites\/18\/2021\/06\/Logo-DiDi.png","datePublished":"2021-06-01T02:18:02+00:00","breadcrumb":{"@id":"https:\/\/noti-america.com\/site\/ecuador\/2021\/06\/01\/didi-la-plataforma-tecnologica-de-movilidad-lider-en-el-mundo-llega-a-ecuador\/#breadcrumb"},"inLanguage":"es","potentialAction":[{"@type":"ReadAction","target":["https:\/\/noti-america.com\/site\/ecuador\/2021\/06\/01\/didi-la-plataforma-tecnologica-de-movilidad-lider-en-el-mundo-llega-a-ecuador\/"]}]},{"@type":"ImageObject","inLanguage":"es","@id":"https:\/\/noti-america.com\/site\/ecuador\/2021\/06\/01\/didi-la-plataforma-tecnologica-de-movilidad-lider-en-el-mundo-llega-a-ecuador\/#primaryimage","url":"https:\/\/noti-america.com\/site\/ecuador\/wp-content\/uploads\/sites\/18\/2021\/06\/Logo-DiDi.png","contentUrl":"https:\/\/noti-america.com\/site\/ecuador\/wp-content\/uploads\/sites\/18\/2021\/06\/Logo-DiDi.png","width":885,"height":547},{"@type":"BreadcrumbList","@id":"https:\/\/noti-america.com\/site\/ecuador\/2021\/06\/01\/didi-la-plataforma-tecnologica-de-movilidad-lider-en-el-mundo-llega-a-ecuador\/#breadcrumb","itemListElement":[{"@type":"ListItem","position":1,"name":"Portada","item":"https:\/\/noti-america.com\/site\/ecuador\/"},{"@type":"ListItem","position":2,"name":"DiDi, la plataforma tecnol\u00f3gica de movilidad l\u00edder en el mundo llega a Ecuador"}]},{"@type":"WebSite","@id":"https:\/\/noti-america.com\/site\/ecuador\/#website","url":"https:\/\/noti-america.com\/site\/ecuador\/","name":"Ecuador | Noti-America.com","description":"","publisher":{"@id":"https:\/\/noti-america.com\/site\/ecuador\/#organization"},"potentialAction":[{"@type":"SearchAction","target":{"@type":"EntryPoint","urlTemplate":"https:\/\/noti-america.com\/site\/ecuador\/?s={search_term_string}"},"query-input":{"@type":"PropertyValueSpecification","valueRequired":true,"valueName":"search_term_string"}}],"inLanguage":"es"},{"@type":"Organization","@id":"https:\/\/noti-america.com\/site\/ecuador\/#organization","name":"Noti-America LLC | Ecuador","url":"https:\/\/noti-america.com\/site\/ecuador\/","logo":{"@type":"ImageObject","inLanguage":"es","@id":"https:\/\/noti-america.com\/site\/ecuador\/#\/schema\/logo\/image\/","url":"https:\/\/noti-america.com\/site\/ecuador\/wp-content\/uploads\/sites\/18\/2020\/07\/LogoNA-4x3-1.jpg","contentUrl":"https:\/\/noti-america.com\/site\/ecuador\/wp-content\/uploads\/sites\/18\/2020\/07\/LogoNA-4x3-1.jpg","width":1236,"height":1080,"caption":"Noti-America LLC | Ecuador"},"image":{"@id":"https:\/\/noti-america.com\/site\/ecuador\/#\/schema\/logo\/image\/"},"sameAs":["https:\/\/x.com\/notiamerica"]},{"@type":"Person","@id":"https:\/\/noti-america.com\/site\/ecuador\/#\/schema\/person\/3b975e42f15abfe64bfe3abdd916efda","name":"Gregory Quintana Montiel","image":{"@type":"ImageObject","inLanguage":"es","@id":"https:\/\/secure.gravatar.com\/avatar\/2d6b802f7720c2ec7744dcbe608cc2f3417aeb964d58b443c6d612b77531de1d?s=96&d=mm&r=g","url":"https:\/\/secure.gravatar.com\/avatar\/2d6b802f7720c2ec7744dcbe608cc2f3417aeb964d58b443c6d612b77531de1d?s=96&d=mm&r=g","contentUrl":"https:\/\/secure.gravatar.com\/avatar\/2d6b802f7720c2ec7744dcbe608cc2f3417aeb964d58b443c6d612b77531de1d?s=96&d=mm&r=g","caption":"Gregory Quintana Montiel"},"description":"Licenciatura en Ciencias de la Comunicaci\u00f3n Social, egresado en la Especializaci\u00f3n Derecho Ambiental Desarrollo Sostenible y Sustentable, Miembro de la Comunidad de profesionales y experto para Latinoam\u00e9rica y el Caribe en Gesti\u00f3n por Resultado en el Desarrollo (COPLAC - GpRD) del Banco Interamericano de Desarrollo, experiencia en medios radiales y escritos.","sameAs":["https:\/\/x.com\/gdgregori1","gquintana"],"url":"https:\/\/noti-america.com\/site\/ecuador\/author\/gquintana\/"}]}},"_links":{"self":[{"href":"https:\/\/noti-america.com\/site\/ecuador\/wp-json\/wp\/v2\/posts\/14670","targetHints":{"allow":["GET"]}}],"collection":[{"href":"https:\/\/noti-america.com\/site\/ecuador\/wp-json\/wp\/v2\/posts"}],"about":[{"href":"https:\/\/noti-america.com\/site\/ecuador\/wp-json\/wp\/v2\/types\/post"}],"author":[{"embeddable":true,"href":"https:\/\/noti-america.com\/site\/ecuador\/wp-json\/wp\/v2\/users\/17"}],"replies":[{"embeddable":true,"href":"https:\/\/noti-america.com\/site\/ecuador\/wp-json\/wp\/v2\/comments?post=14670"}],"version-history":[{"count":1,"href":"https:\/\/noti-america.com\/site\/ecuador\/wp-json\/wp\/v2\/posts\/14670\/revisions"}],"predecessor-version":[{"id":14672,"href":"https:\/\/noti-america.com\/site\/ecuador\/wp-json\/wp\/v2\/posts\/14670\/revisions\/14672"}],"wp:featuredmedia":[{"embeddable":true,"href":"https:\/\/noti-america.com\/site\/ecuador\/wp-json\/wp\/v2\/media\/14671"}],"wp:attachment":[{"href":"https:\/\/noti-america.com\/site\/ecuador\/wp-json\/wp\/v2\/media?parent=14670"}],"wp:term":[{"taxonomy":"category","embeddable":true,"href":"https:\/\/noti-america.com\/site\/ecuador\/wp-json\/wp\/v2\/categories?post=14670"},{"taxonomy":"post_tag","embeddable":true,"href":"https:\/\/noti-america.com\/site\/ecuador\/wp-json\/wp\/v2\/tags?post=14670"}],"curies":[{"name":"wp","href":"https:\/\/api.w.org\/{rel}","templated":true}]}}