{"id":14629,"date":"2021-05-28T11:57:10","date_gmt":"2021-05-28T11:57:10","guid":{"rendered":"https:\/\/noti-america.com\/site\/ecuador\/?p=14629"},"modified":"2021-05-28T11:57:10","modified_gmt":"2021-05-28T11:57:10","slug":"por-20-anos-ecuador-otorga-permisos-habilitantes-de-cable-submarino-a-conecel-y-columbos-networks","status":"publish","type":"post","link":"https:\/\/noti-america.com\/site\/ecuador\/2021\/05\/28\/por-20-anos-ecuador-otorga-permisos-habilitantes-de-cable-submarino-a-conecel-y-columbos-networks\/","title":{"rendered":"Por 20 a\u00f1os, Ecuador otorga  \u00abpermisos habilitantes\u00bb de cable submarino a Conecel  y Columbos Networks"},"content":{"rendered":"<p><strong>REDACCI\u00d3N NOTI AM\u00c9RICA (ECUADOR)<\/strong><\/p>\n<p><img loading=\"lazy\" decoding=\"async\" class=\"wp-image-14631 aligncenter\" src=\"https:\/\/noti-america.com\/site\/ecuador\/wp-content\/uploads\/sites\/18\/2021\/05\/28-may-Captura-300x143.jpg\" alt=\"\" width=\"871\" height=\"415\" srcset=\"https:\/\/noti-america.com\/site\/ecuador\/wp-content\/uploads\/sites\/18\/2021\/05\/28-may-Captura-300x143.jpg 300w, https:\/\/noti-america.com\/site\/ecuador\/wp-content\/uploads\/sites\/18\/2021\/05\/28-may-Captura.jpg 416w\" sizes=\"auto, (max-width: 871px) 100vw, 871px\" \/><\/p>\n<p style=\"text-align: justify\">La Agencia de Regulaci\u00f3n y Control de las Telecomunicaciones \u2013 ARCOTEL- mediante RESOLUCI\u00d3N ARCOTEL-2021-0570 y ARCOTEL-2021-0595,\u00a0 otorg\u00f3 los t\u00edtulos habilitantes de registro de cable submarino, por 20 a\u00f1os a las compa\u00f1\u00edas Columbus Networks y Consorcio Ecuatoriano de Telecomunicaciones S.A. (CONECEL).<\/p>\n<p style=\"text-align: justify\">Esto obedece a la nueva din\u00e1mica social que demanda servicios de telecomunicaciones de alta velocidad y mayor calidad.<\/p>\n<p style=\"text-align: justify\">Estos proyectos de despliegue de cable submarino se desarrollar\u00e1n con inversi\u00f3n privada, permitiendo a los ecuatorianos obtengan una mejor experiencia de conectividad con mayor capacidad internacional, menor latencia y alta disponibilidad para sus conexiones a Internet.<\/p>\n<p style=\"text-align: justify\">El otorgamiento de los t\u00edtulos habilitantes de cable submarino marca un hito importante en el desarrollo de las telecomunicaciones del pa\u00eds, permitiendo atender la creciente demanda de \u00a0dicho servicios, es decir, genera mercados atractivos y la posibilidad de nuevas inversiones; con el objetivo de fortalecer el Ecuador Digital.<\/p>\n","protected":false},"excerpt":{"rendered":"<p>REDACCI\u00d3N NOTI AM\u00c9RICA (ECUADOR) La Agencia de Regulaci\u00f3n y Control de las Telecomunicaciones \u2013 ARCOTEL- mediante RESOLUCI\u00d3N ARCOTEL-2021-0570 y ARCOTEL-2021-0595,\u00a0 otorg\u00f3 los t\u00edtulos habilitantes de registro de cable submarino, por 20 a\u00f1os a las&#46;&#46;&#46;<\/p>\n","protected":false},"author":113,"featured_media":14631,"comment_status":"open","ping_status":"open","sticky":false,"template":"","format":"standard","meta":{"_acf_changed":false,"om_disable_all_campaigns":false,"rop_custom_images_group":[],"rop_custom_messages_group":[],"rop_publish_now":"initial","rop_publish_now_accounts":{"twitter_242054905_242054905":""},"rop_publish_now_history":[],"rop_publish_now_status":"pending","_uf_show_specific_survey":0,"_uf_disable_surveys":false,"footnotes":""},"categories":[1],"tags":[],"class_list":["post-14629","post","type-post","status-publish","format-standard","has-post-thumbnail","hentry","category-uncategorized"],"acf":[],"aioseo_notices":[],"yoast_head":"<!-- This site is optimized with the Yoast SEO Premium plugin v24.9 (Yoast SEO v27.2) - https:\/\/yoast.com\/product\/yoast-seo-premium-wordpress\/ -->\n<title>Por 20 a\u00f1os, Ecuador otorga &quot;permisos habilitantes&quot; de cable submarino a Conecel y Columbos Networks - Ecuador | Noti-America.com<\/title>\n<meta name=\"robots\" content=\"index, follow, max-snippet:-1, max-image-preview:large, max-video-preview:-1\" \/>\n<link rel=\"canonical\" href=\"https:\/\/noti-america.com\/site\/ecuador\/2021\/05\/28\/por-20-anos-ecuador-otorga-permisos-habilitantes-de-cable-submarino-a-conecel-y-columbos-networks\/\" \/>\n<meta property=\"og:locale\" content=\"es_ES\" \/>\n<meta property=\"og:type\" content=\"article\" \/>\n<meta property=\"og:title\" content=\"Por 20 a\u00f1os, Ecuador otorga &quot;permisos habilitantes&quot; de cable submarino a Conecel y Columbos Networks\" \/>\n<meta property=\"og:description\" content=\"REDACCI\u00d3N NOTI AM\u00c9RICA (ECUADOR) La Agencia de Regulaci\u00f3n y Control de las Telecomunicaciones \u2013 ARCOTEL- mediante RESOLUCI\u00d3N ARCOTEL-2021-0570 y ARCOTEL-2021-0595,\u00a0 otorg\u00f3 los t\u00edtulos habilitantes de registro de cable submarino, por 20 a\u00f1os a las&#046;&#046;&#046;\" \/>\n<meta property=\"og:url\" content=\"https:\/\/noti-america.com\/site\/ecuador\/2021\/05\/28\/por-20-anos-ecuador-otorga-permisos-habilitantes-de-cable-submarino-a-conecel-y-columbos-networks\/\" \/>\n<meta property=\"og:site_name\" content=\"Ecuador | Noti-America.com\" \/>\n<meta property=\"article:published_time\" content=\"2021-05-28T11:57:10+00:00\" \/>\n<meta property=\"og:image\" content=\"https:\/\/noti-america.com\/site\/ecuador\/wp-content\/uploads\/sites\/18\/2021\/05\/28-may-Captura.jpg\" \/>\n\t<meta property=\"og:image:width\" content=\"416\" \/>\n\t<meta property=\"og:image:height\" content=\"198\" \/>\n\t<meta property=\"og:image:type\" content=\"image\/jpeg\" \/>\n<meta name=\"author\" content=\"Henry Ortiz\" \/>\n<meta name=\"twitter:card\" content=\"summary_large_image\" \/>\n<meta name=\"twitter:creator\" content=\"@notiamerica\" \/>\n<meta name=\"twitter:site\" content=\"@notiamerica\" \/>\n<meta name=\"twitter:label1\" content=\"Escrito por\" \/>\n\t<meta name=\"twitter:data1\" content=\"Henry Ortiz\" \/>\n\t<meta name=\"twitter:label2\" content=\"Tiempo estimado de lectura\" \/>\n\t<meta name=\"twitter:data2\" content=\"1 minuto\" \/>\n<script type=\"application\/ld+json\" class=\"yoast-schema-graph\">{\"@context\":\"https:\/\/schema.org\",\"@graph\":[{\"@type\":\"Article\",\"@id\":\"https:\/\/noti-america.com\/site\/ecuador\/2021\/05\/28\/por-20-anos-ecuador-otorga-permisos-habilitantes-de-cable-submarino-a-conecel-y-columbos-networks\/#article\",\"isPartOf\":{\"@id\":\"https:\/\/noti-america.com\/site\/ecuador\/2021\/05\/28\/por-20-anos-ecuador-otorga-permisos-habilitantes-de-cable-submarino-a-conecel-y-columbos-networks\/\"},\"author\":{\"name\":\"Henry Ortiz\",\"@id\":\"https:\/\/noti-america.com\/site\/ecuador\/#\/schema\/person\/b9d1630cc6598af759d45c790a347283\"},\"headline\":\"Por 20 a\u00f1os, Ecuador otorga \u00abpermisos habilitantes\u00bb de cable submarino a Conecel y Columbos Networks\",\"datePublished\":\"2021-05-28T11:57:10+00:00\",\"mainEntityOfPage\":{\"@id\":\"https:\/\/noti-america.com\/site\/ecuador\/2021\/05\/28\/por-20-anos-ecuador-otorga-permisos-habilitantes-de-cable-submarino-a-conecel-y-columbos-networks\/\"},\"wordCount\":174,\"commentCount\":0,\"publisher\":{\"@id\":\"https:\/\/noti-america.com\/site\/ecuador\/#organization\"},\"image\":{\"@id\":\"https:\/\/noti-america.com\/site\/ecuador\/2021\/05\/28\/por-20-anos-ecuador-otorga-permisos-habilitantes-de-cable-submarino-a-conecel-y-columbos-networks\/#primaryimage\"},\"thumbnailUrl\":\"https:\/\/noti-america.com\/site\/ecuador\/wp-content\/uploads\/sites\/18\/2021\/05\/28-may-Captura.jpg\",\"articleSection\":[\"Uncategorized\"],\"inLanguage\":\"es\",\"potentialAction\":[{\"@type\":\"CommentAction\",\"name\":\"Comment\",\"target\":[\"https:\/\/noti-america.com\/site\/ecuador\/2021\/05\/28\/por-20-anos-ecuador-otorga-permisos-habilitantes-de-cable-submarino-a-conecel-y-columbos-networks\/#respond\"]}]},{\"@type\":\"WebPage\",\"@id\":\"https:\/\/noti-america.com\/site\/ecuador\/2021\/05\/28\/por-20-anos-ecuador-otorga-permisos-habilitantes-de-cable-submarino-a-conecel-y-columbos-networks\/\",\"url\":\"https:\/\/noti-america.com\/site\/ecuador\/2021\/05\/28\/por-20-anos-ecuador-otorga-permisos-habilitantes-de-cable-submarino-a-conecel-y-columbos-networks\/\",\"name\":\"Por 20 a\u00f1os, Ecuador otorga \\\"permisos habilitantes\\\" de cable submarino a Conecel y Columbos Networks - Ecuador | Noti-America.com\",\"isPartOf\":{\"@id\":\"https:\/\/noti-america.com\/site\/ecuador\/#website\"},\"primaryImageOfPage\":{\"@id\":\"https:\/\/noti-america.com\/site\/ecuador\/2021\/05\/28\/por-20-anos-ecuador-otorga-permisos-habilitantes-de-cable-submarino-a-conecel-y-columbos-networks\/#primaryimage\"},\"image\":{\"@id\":\"https:\/\/noti-america.com\/site\/ecuador\/2021\/05\/28\/por-20-anos-ecuador-otorga-permisos-habilitantes-de-cable-submarino-a-conecel-y-columbos-networks\/#primaryimage\"},\"thumbnailUrl\":\"https:\/\/noti-america.com\/site\/ecuador\/wp-content\/uploads\/sites\/18\/2021\/05\/28-may-Captura.jpg\",\"datePublished\":\"2021-05-28T11:57:10+00:00\",\"breadcrumb\":{\"@id\":\"https:\/\/noti-america.com\/site\/ecuador\/2021\/05\/28\/por-20-anos-ecuador-otorga-permisos-habilitantes-de-cable-submarino-a-conecel-y-columbos-networks\/#breadcrumb\"},\"inLanguage\":\"es\",\"potentialAction\":[{\"@type\":\"ReadAction\",\"target\":[\"https:\/\/noti-america.com\/site\/ecuador\/2021\/05\/28\/por-20-anos-ecuador-otorga-permisos-habilitantes-de-cable-submarino-a-conecel-y-columbos-networks\/\"]}]},{\"@type\":\"ImageObject\",\"inLanguage\":\"es\",\"@id\":\"https:\/\/noti-america.com\/site\/ecuador\/2021\/05\/28\/por-20-anos-ecuador-otorga-permisos-habilitantes-de-cable-submarino-a-conecel-y-columbos-networks\/#primaryimage\",\"url\":\"https:\/\/noti-america.com\/site\/ecuador\/wp-content\/uploads\/sites\/18\/2021\/05\/28-may-Captura.jpg\",\"contentUrl\":\"https:\/\/noti-america.com\/site\/ecuador\/wp-content\/uploads\/sites\/18\/2021\/05\/28-may-Captura.jpg\",\"width\":416,\"height\":198},{\"@type\":\"BreadcrumbList\",\"@id\":\"https:\/\/noti-america.com\/site\/ecuador\/2021\/05\/28\/por-20-anos-ecuador-otorga-permisos-habilitantes-de-cable-submarino-a-conecel-y-columbos-networks\/#breadcrumb\",\"itemListElement\":[{\"@type\":\"ListItem\",\"position\":1,\"name\":\"Portada\",\"item\":\"https:\/\/noti-america.com\/site\/ecuador\/\"},{\"@type\":\"ListItem\",\"position\":2,\"name\":\"Por 20 a\u00f1os, Ecuador otorga \u00abpermisos habilitantes\u00bb de cable submarino a Conecel y Columbos Networks\"}]},{\"@type\":\"WebSite\",\"@id\":\"https:\/\/noti-america.com\/site\/ecuador\/#website\",\"url\":\"https:\/\/noti-america.com\/site\/ecuador\/\",\"name\":\"Ecuador | Noti-America.com\",\"description\":\"\",\"publisher\":{\"@id\":\"https:\/\/noti-america.com\/site\/ecuador\/#organization\"},\"potentialAction\":[{\"@type\":\"SearchAction\",\"target\":{\"@type\":\"EntryPoint\",\"urlTemplate\":\"https:\/\/noti-america.com\/site\/ecuador\/?s={search_term_string}\"},\"query-input\":{\"@type\":\"PropertyValueSpecification\",\"valueRequired\":true,\"valueName\":\"search_term_string\"}}],\"inLanguage\":\"es\"},{\"@type\":\"Organization\",\"@id\":\"https:\/\/noti-america.com\/site\/ecuador\/#organization\",\"name\":\"Noti-America LLC | Ecuador\",\"url\":\"https:\/\/noti-america.com\/site\/ecuador\/\",\"logo\":{\"@type\":\"ImageObject\",\"inLanguage\":\"es\",\"@id\":\"https:\/\/noti-america.com\/site\/ecuador\/#\/schema\/logo\/image\/\",\"url\":\"https:\/\/noti-america.com\/site\/ecuador\/wp-content\/uploads\/sites\/18\/2020\/07\/LogoNA-4x3-1.jpg\",\"contentUrl\":\"https:\/\/noti-america.com\/site\/ecuador\/wp-content\/uploads\/sites\/18\/2020\/07\/LogoNA-4x3-1.jpg\",\"width\":1236,\"height\":1080,\"caption\":\"Noti-America LLC | Ecuador\"},\"image\":{\"@id\":\"https:\/\/noti-america.com\/site\/ecuador\/#\/schema\/logo\/image\/\"},\"sameAs\":[\"https:\/\/x.com\/notiamerica\"]},{\"@type\":\"Person\",\"@id\":\"https:\/\/noti-america.com\/site\/ecuador\/#\/schema\/person\/b9d1630cc6598af759d45c790a347283\",\"name\":\"Henry Ortiz\",\"image\":{\"@type\":\"ImageObject\",\"inLanguage\":\"es\",\"@id\":\"https:\/\/secure.gravatar.com\/avatar\/0b5407b5b302fbb6a578e625dca512ac2983ee5fa9ea941d581b83c40212e4c8?s=96&d=mm&r=g\",\"url\":\"https:\/\/secure.gravatar.com\/avatar\/0b5407b5b302fbb6a578e625dca512ac2983ee5fa9ea941d581b83c40212e4c8?s=96&d=mm&r=g\",\"contentUrl\":\"https:\/\/secure.gravatar.com\/avatar\/0b5407b5b302fbb6a578e625dca512ac2983ee5fa9ea941d581b83c40212e4c8?s=96&d=mm&r=g\",\"caption\":\"Henry Ortiz\"},\"url\":\"https:\/\/noti-america.com\/site\/ecuador\/author\/hortiz\/\"}]}<\/script>\n<!-- \/ Yoast SEO Premium plugin. -->","yoast_head_json":{"title":"Por 20 a\u00f1os, Ecuador otorga \"permisos habilitantes\" de cable submarino a Conecel y Columbos Networks - Ecuador | Noti-America.com","robots":{"index":"index","follow":"follow","max-snippet":"max-snippet:-1","max-image-preview":"max-image-preview:large","max-video-preview":"max-video-preview:-1"},"canonical":"https:\/\/noti-america.com\/site\/ecuador\/2021\/05\/28\/por-20-anos-ecuador-otorga-permisos-habilitantes-de-cable-submarino-a-conecel-y-columbos-networks\/","og_locale":"es_ES","og_type":"article","og_title":"Por 20 a\u00f1os, Ecuador otorga \"permisos habilitantes\" de cable submarino a Conecel y Columbos Networks","og_description":"REDACCI\u00d3N NOTI AM\u00c9RICA (ECUADOR) La Agencia de Regulaci\u00f3n y Control de las Telecomunicaciones \u2013 ARCOTEL- mediante RESOLUCI\u00d3N ARCOTEL-2021-0570 y ARCOTEL-2021-0595,\u00a0 otorg\u00f3 los t\u00edtulos habilitantes de registro de cable submarino, por 20 a\u00f1os a las&#46;&#46;&#46;","og_url":"https:\/\/noti-america.com\/site\/ecuador\/2021\/05\/28\/por-20-anos-ecuador-otorga-permisos-habilitantes-de-cable-submarino-a-conecel-y-columbos-networks\/","og_site_name":"Ecuador | Noti-America.com","article_published_time":"2021-05-28T11:57:10+00:00","og_image":[{"width":416,"height":198,"url":"https:\/\/noti-america.com\/site\/ecuador\/wp-content\/uploads\/sites\/18\/2021\/05\/28-may-Captura.jpg","type":"image\/jpeg"}],"author":"Henry Ortiz","twitter_card":"summary_large_image","twitter_creator":"@notiamerica","twitter_site":"@notiamerica","twitter_misc":{"Escrito por":"Henry Ortiz","Tiempo estimado de lectura":"1 minuto"},"schema":{"@context":"https:\/\/schema.org","@graph":[{"@type":"Article","@id":"https:\/\/noti-america.com\/site\/ecuador\/2021\/05\/28\/por-20-anos-ecuador-otorga-permisos-habilitantes-de-cable-submarino-a-conecel-y-columbos-networks\/#article","isPartOf":{"@id":"https:\/\/noti-america.com\/site\/ecuador\/2021\/05\/28\/por-20-anos-ecuador-otorga-permisos-habilitantes-de-cable-submarino-a-conecel-y-columbos-networks\/"},"author":{"name":"Henry Ortiz","@id":"https:\/\/noti-america.com\/site\/ecuador\/#\/schema\/person\/b9d1630cc6598af759d45c790a347283"},"headline":"Por 20 a\u00f1os, Ecuador otorga \u00abpermisos habilitantes\u00bb de cable submarino a Conecel y Columbos Networks","datePublished":"2021-05-28T11:57:10+00:00","mainEntityOfPage":{"@id":"https:\/\/noti-america.com\/site\/ecuador\/2021\/05\/28\/por-20-anos-ecuador-otorga-permisos-habilitantes-de-cable-submarino-a-conecel-y-columbos-networks\/"},"wordCount":174,"commentCount":0,"publisher":{"@id":"https:\/\/noti-america.com\/site\/ecuador\/#organization"},"image":{"@id":"https:\/\/noti-america.com\/site\/ecuador\/2021\/05\/28\/por-20-anos-ecuador-otorga-permisos-habilitantes-de-cable-submarino-a-conecel-y-columbos-networks\/#primaryimage"},"thumbnailUrl":"https:\/\/noti-america.com\/site\/ecuador\/wp-content\/uploads\/sites\/18\/2021\/05\/28-may-Captura.jpg","articleSection":["Uncategorized"],"inLanguage":"es","potentialAction":[{"@type":"CommentAction","name":"Comment","target":["https:\/\/noti-america.com\/site\/ecuador\/2021\/05\/28\/por-20-anos-ecuador-otorga-permisos-habilitantes-de-cable-submarino-a-conecel-y-columbos-networks\/#respond"]}]},{"@type":"WebPage","@id":"https:\/\/noti-america.com\/site\/ecuador\/2021\/05\/28\/por-20-anos-ecuador-otorga-permisos-habilitantes-de-cable-submarino-a-conecel-y-columbos-networks\/","url":"https:\/\/noti-america.com\/site\/ecuador\/2021\/05\/28\/por-20-anos-ecuador-otorga-permisos-habilitantes-de-cable-submarino-a-conecel-y-columbos-networks\/","name":"Por 20 a\u00f1os, Ecuador otorga \"permisos habilitantes\" de cable submarino a Conecel y Columbos Networks - Ecuador | Noti-America.com","isPartOf":{"@id":"https:\/\/noti-america.com\/site\/ecuador\/#website"},"primaryImageOfPage":{"@id":"https:\/\/noti-america.com\/site\/ecuador\/2021\/05\/28\/por-20-anos-ecuador-otorga-permisos-habilitantes-de-cable-submarino-a-conecel-y-columbos-networks\/#primaryimage"},"image":{"@id":"https:\/\/noti-america.com\/site\/ecuador\/2021\/05\/28\/por-20-anos-ecuador-otorga-permisos-habilitantes-de-cable-submarino-a-conecel-y-columbos-networks\/#primaryimage"},"thumbnailUrl":"https:\/\/noti-america.com\/site\/ecuador\/wp-content\/uploads\/sites\/18\/2021\/05\/28-may-Captura.jpg","datePublished":"2021-05-28T11:57:10+00:00","breadcrumb":{"@id":"https:\/\/noti-america.com\/site\/ecuador\/2021\/05\/28\/por-20-anos-ecuador-otorga-permisos-habilitantes-de-cable-submarino-a-conecel-y-columbos-networks\/#breadcrumb"},"inLanguage":"es","potentialAction":[{"@type":"ReadAction","target":["https:\/\/noti-america.com\/site\/ecuador\/2021\/05\/28\/por-20-anos-ecuador-otorga-permisos-habilitantes-de-cable-submarino-a-conecel-y-columbos-networks\/"]}]},{"@type":"ImageObject","inLanguage":"es","@id":"https:\/\/noti-america.com\/site\/ecuador\/2021\/05\/28\/por-20-anos-ecuador-otorga-permisos-habilitantes-de-cable-submarino-a-conecel-y-columbos-networks\/#primaryimage","url":"https:\/\/noti-america.com\/site\/ecuador\/wp-content\/uploads\/sites\/18\/2021\/05\/28-may-Captura.jpg","contentUrl":"https:\/\/noti-america.com\/site\/ecuador\/wp-content\/uploads\/sites\/18\/2021\/05\/28-may-Captura.jpg","width":416,"height":198},{"@type":"BreadcrumbList","@id":"https:\/\/noti-america.com\/site\/ecuador\/2021\/05\/28\/por-20-anos-ecuador-otorga-permisos-habilitantes-de-cable-submarino-a-conecel-y-columbos-networks\/#breadcrumb","itemListElement":[{"@type":"ListItem","position":1,"name":"Portada","item":"https:\/\/noti-america.com\/site\/ecuador\/"},{"@type":"ListItem","position":2,"name":"Por 20 a\u00f1os, Ecuador otorga \u00abpermisos habilitantes\u00bb de cable submarino a Conecel y Columbos Networks"}]},{"@type":"WebSite","@id":"https:\/\/noti-america.com\/site\/ecuador\/#website","url":"https:\/\/noti-america.com\/site\/ecuador\/","name":"Ecuador | Noti-America.com","description":"","publisher":{"@id":"https:\/\/noti-america.com\/site\/ecuador\/#organization"},"potentialAction":[{"@type":"SearchAction","target":{"@type":"EntryPoint","urlTemplate":"https:\/\/noti-america.com\/site\/ecuador\/?s={search_term_string}"},"query-input":{"@type":"PropertyValueSpecification","valueRequired":true,"valueName":"search_term_string"}}],"inLanguage":"es"},{"@type":"Organization","@id":"https:\/\/noti-america.com\/site\/ecuador\/#organization","name":"Noti-America LLC | Ecuador","url":"https:\/\/noti-america.com\/site\/ecuador\/","logo":{"@type":"ImageObject","inLanguage":"es","@id":"https:\/\/noti-america.com\/site\/ecuador\/#\/schema\/logo\/image\/","url":"https:\/\/noti-america.com\/site\/ecuador\/wp-content\/uploads\/sites\/18\/2020\/07\/LogoNA-4x3-1.jpg","contentUrl":"https:\/\/noti-america.com\/site\/ecuador\/wp-content\/uploads\/sites\/18\/2020\/07\/LogoNA-4x3-1.jpg","width":1236,"height":1080,"caption":"Noti-America LLC | Ecuador"},"image":{"@id":"https:\/\/noti-america.com\/site\/ecuador\/#\/schema\/logo\/image\/"},"sameAs":["https:\/\/x.com\/notiamerica"]},{"@type":"Person","@id":"https:\/\/noti-america.com\/site\/ecuador\/#\/schema\/person\/b9d1630cc6598af759d45c790a347283","name":"Henry Ortiz","image":{"@type":"ImageObject","inLanguage":"es","@id":"https:\/\/secure.gravatar.com\/avatar\/0b5407b5b302fbb6a578e625dca512ac2983ee5fa9ea941d581b83c40212e4c8?s=96&d=mm&r=g","url":"https:\/\/secure.gravatar.com\/avatar\/0b5407b5b302fbb6a578e625dca512ac2983ee5fa9ea941d581b83c40212e4c8?s=96&d=mm&r=g","contentUrl":"https:\/\/secure.gravatar.com\/avatar\/0b5407b5b302fbb6a578e625dca512ac2983ee5fa9ea941d581b83c40212e4c8?s=96&d=mm&r=g","caption":"Henry Ortiz"},"url":"https:\/\/noti-america.com\/site\/ecuador\/author\/hortiz\/"}]}},"_links":{"self":[{"href":"https:\/\/noti-america.com\/site\/ecuador\/wp-json\/wp\/v2\/posts\/14629","targetHints":{"allow":["GET"]}}],"collection":[{"href":"https:\/\/noti-america.com\/site\/ecuador\/wp-json\/wp\/v2\/posts"}],"about":[{"href":"https:\/\/noti-america.com\/site\/ecuador\/wp-json\/wp\/v2\/types\/post"}],"author":[{"embeddable":true,"href":"https:\/\/noti-america.com\/site\/ecuador\/wp-json\/wp\/v2\/users\/113"}],"replies":[{"embeddable":true,"href":"https:\/\/noti-america.com\/site\/ecuador\/wp-json\/wp\/v2\/comments?post=14629"}],"version-history":[{"count":1,"href":"https:\/\/noti-america.com\/site\/ecuador\/wp-json\/wp\/v2\/posts\/14629\/revisions"}],"predecessor-version":[{"id":14632,"href":"https:\/\/noti-america.com\/site\/ecuador\/wp-json\/wp\/v2\/posts\/14629\/revisions\/14632"}],"wp:featuredmedia":[{"embeddable":true,"href":"https:\/\/noti-america.com\/site\/ecuador\/wp-json\/wp\/v2\/media\/14631"}],"wp:attachment":[{"href":"https:\/\/noti-america.com\/site\/ecuador\/wp-json\/wp\/v2\/media?parent=14629"}],"wp:term":[{"taxonomy":"category","embeddable":true,"href":"https:\/\/noti-america.com\/site\/ecuador\/wp-json\/wp\/v2\/categories?post=14629"},{"taxonomy":"post_tag","embeddable":true,"href":"https:\/\/noti-america.com\/site\/ecuador\/wp-json\/wp\/v2\/tags?post=14629"}],"curies":[{"name":"wp","href":"https:\/\/api.w.org\/{rel}","templated":true}]}}