{"id":14501,"date":"2021-05-20T11:43:56","date_gmt":"2021-05-20T11:43:56","guid":{"rendered":"https:\/\/noti-america.com\/site\/ecuador\/?p=14501"},"modified":"2021-05-20T11:43:56","modified_gmt":"2021-05-20T11:43:56","slug":"salinas-trabajaremos-hasta-el-ultimo-dia-para-combatir-el-covid-19","status":"publish","type":"post","link":"https:\/\/noti-america.com\/site\/ecuador\/2021\/05\/20\/salinas-trabajaremos-hasta-el-ultimo-dia-para-combatir-el-covid-19\/","title":{"rendered":"Salinas: trabajaremos hasta el \u00faltimo d\u00eda para combatir el Covid-19"},"content":{"rendered":"<p><strong>REDACCI\u00d3N NOTI AM\u00c9RICA (ECUADOR)<\/strong><\/p>\n<div id=\"attachment_14502\" style=\"width: 624px\" class=\"wp-caption aligncenter\"><img loading=\"lazy\" decoding=\"async\" aria-describedby=\"caption-attachment-14502\" class=\"wp-image-14502\" src=\"https:\/\/noti-america.com\/site\/ecuador\/wp-content\/uploads\/sites\/18\/2021\/05\/20-may-WhatsApp-Image-2021-05-18-at-17.22.51-e1621376677344-300x154.jpeg\" alt=\"\" width=\"614\" height=\"315\" srcset=\"https:\/\/noti-america.com\/site\/ecuador\/wp-content\/uploads\/sites\/18\/2021\/05\/20-may-WhatsApp-Image-2021-05-18-at-17.22.51-e1621376677344-300x154.jpeg 300w, https:\/\/noti-america.com\/site\/ecuador\/wp-content\/uploads\/sites\/18\/2021\/05\/20-may-WhatsApp-Image-2021-05-18-at-17.22.51-e1621376677344-768x393.jpeg 768w, https:\/\/noti-america.com\/site\/ecuador\/wp-content\/uploads\/sites\/18\/2021\/05\/20-may-WhatsApp-Image-2021-05-18-at-17.22.51-e1621376677344.jpeg 935w\" sizes=\"auto, (max-width: 614px) 100vw, 614px\" \/><p id=\"caption-attachment-14502\" class=\"wp-caption-text\">Ministro de Salud P\u00fablica, Camilo Salinas Ochoa.<\/p><\/div>\n<p style=\"text-align: justify\">El ministro de Salud P\u00fablica, Camilo Salinas Ochoa, reiter\u00f3 en la necesidad de continuar apoyando el Plan Vacunarse, que toma la posta el nuevo Gobierno, a partir del 24 de Mayo. \u201cLo hacemos por el pa\u00eds. Trabajaremos hasta el \u00faltimo d\u00eda, cuando ya entreguemos las funciones a la nueva ministra, para que contin\u00fae con este proceso que ha sido efectivo, m\u00e1s humano y con atenci\u00f3n permanente\u201d, dijo.<\/p>\n<p style=\"text-align: justify\">Revel\u00f3 que esta cartera de Estado, el a\u00f1o pasado destin\u00f3 US$ 208\u2019974.995 para hacer frente a la pandemia, tras el aparecimiento en Ecuador del COVID-19, con una ejecuci\u00f3n presupuestaria del 57,4%. Esto se tradujo en acciones como la realizaci\u00f3n de \u00a01\u2019307.198 pruebas RT-PCR y r\u00e1pidas de ant\u00edgeno, se detectaron 1\u2019376.143 de casos sospechosos, de los cuales 391.242 fueron confirmaron. Asimismo, se registraron 395.245 atenciones por diagn\u00f3stico COVID-19 y 5.714 personas fallecieron.<\/p>\n<p style=\"text-align: justify\">Frente a la necesidad de conocer sobre la evoluci\u00f3n de la enfermedad, dijo que se firm\u00f3 un Convenio con la Universidad San Francisco de Quito (USFQ), para el secuenciamiento gen\u00f3mico para la identificaci\u00f3n de variantes de SARS- COV2.<\/p>\n<p style=\"text-align: justify\">Otro de los mecanismos que tuvo un papel estrat\u00e9gico fue la l\u00ednea 171 -anot\u00f3-, que durante el confinamiento recibi\u00f3 5\u2019008.3660 llamadas, para agendamiento de citas por sintomatolog\u00eda respiratoria y presuntos casos COVID-19, asesor\u00eda en temas de salud mental, entre otros. Mientras, el MSP hizo una reorganizaci\u00f3n efectiva de los servicios sanitarios, a nivel nacional, a fin de contar con establecimientos de salud para estos pacientes.<\/p>\n<p style=\"text-align: justify\">El ministro Salinas Ochoa, durante la rendici\u00f3n de cuentas, tambi\u00e9n se refiri\u00f3 a las atenciones y provisi\u00f3n de otros servicios que continuaron a pesar de la emergencia.\u00a0 Es el caso del tamizaje metab\u00f3lico neonatal a 199.446 ni\u00f1os, 10.802 atenciones por consulta externa y 251.672 terapias de rehabilitaci\u00f3n en los Centros de Rehabilitaci\u00f3n Integral (CERI). Se sum\u00f3 el Plan de implementaci\u00f3n de la Estrategia Nacional para la Atenci\u00f3n Integral de C\u00e1ncer 2017, para los a\u00f1os 2020 al 2022.<\/p>\n<p style=\"text-align: justify\">\n","protected":false},"excerpt":{"rendered":"<p>REDACCI\u00d3N NOTI AM\u00c9RICA (ECUADOR) El ministro de Salud P\u00fablica, Camilo Salinas Ochoa, reiter\u00f3 en la necesidad de continuar apoyando el Plan Vacunarse, que toma la posta el nuevo Gobierno, a partir del 24 de&#46;&#46;&#46;<\/p>\n","protected":false},"author":113,"featured_media":14502,"comment_status":"open","ping_status":"open","sticky":false,"template":"","format":"standard","meta":{"_acf_changed":false,"om_disable_all_campaigns":false,"rop_custom_images_group":[],"rop_custom_messages_group":[],"rop_publish_now":"initial","rop_publish_now_accounts":{"twitter_242054905_242054905":""},"rop_publish_now_history":[],"rop_publish_now_status":"pending","_uf_show_specific_survey":0,"_uf_disable_surveys":false,"footnotes":""},"categories":[1],"tags":[],"class_list":["post-14501","post","type-post","status-publish","format-standard","has-post-thumbnail","hentry","category-uncategorized"],"acf":[],"aioseo_notices":[],"yoast_head":"<!-- This site is optimized with the Yoast SEO Premium plugin v24.9 (Yoast SEO v27.2) - https:\/\/yoast.com\/product\/yoast-seo-premium-wordpress\/ -->\n<title>Salinas: trabajaremos hasta el \u00faltimo d\u00eda para combatir el Covid-19 - Ecuador | Noti-America.com<\/title>\n<meta name=\"robots\" content=\"index, follow, max-snippet:-1, max-image-preview:large, max-video-preview:-1\" \/>\n<link rel=\"canonical\" href=\"https:\/\/noti-america.com\/site\/ecuador\/2021\/05\/20\/salinas-trabajaremos-hasta-el-ultimo-dia-para-combatir-el-covid-19\/\" \/>\n<meta property=\"og:locale\" content=\"es_ES\" \/>\n<meta property=\"og:type\" content=\"article\" \/>\n<meta property=\"og:title\" content=\"Salinas: trabajaremos hasta el \u00faltimo d\u00eda para combatir el Covid-19\" \/>\n<meta property=\"og:description\" content=\"REDACCI\u00d3N NOTI AM\u00c9RICA (ECUADOR) El ministro de Salud P\u00fablica, Camilo Salinas Ochoa, reiter\u00f3 en la necesidad de continuar apoyando el Plan Vacunarse, que toma la posta el nuevo Gobierno, a partir del 24 de&#046;&#046;&#046;\" \/>\n<meta property=\"og:url\" content=\"https:\/\/noti-america.com\/site\/ecuador\/2021\/05\/20\/salinas-trabajaremos-hasta-el-ultimo-dia-para-combatir-el-covid-19\/\" \/>\n<meta property=\"og:site_name\" content=\"Ecuador | Noti-America.com\" \/>\n<meta property=\"article:published_time\" content=\"2021-05-20T11:43:56+00:00\" \/>\n<meta property=\"og:image\" content=\"https:\/\/noti-america.com\/site\/ecuador\/wp-content\/uploads\/sites\/18\/2021\/05\/20-may-WhatsApp-Image-2021-05-18-at-17.22.51-e1621376677344.jpeg\" \/>\n\t<meta property=\"og:image:width\" content=\"935\" \/>\n\t<meta property=\"og:image:height\" content=\"479\" \/>\n\t<meta property=\"og:image:type\" content=\"image\/jpeg\" \/>\n<meta name=\"author\" content=\"Henry Ortiz\" \/>\n<meta name=\"twitter:card\" content=\"summary_large_image\" \/>\n<meta name=\"twitter:creator\" content=\"@notiamerica\" \/>\n<meta name=\"twitter:site\" content=\"@notiamerica\" \/>\n<meta name=\"twitter:label1\" content=\"Escrito por\" \/>\n\t<meta name=\"twitter:data1\" content=\"Henry Ortiz\" \/>\n\t<meta name=\"twitter:label2\" content=\"Tiempo estimado de lectura\" \/>\n\t<meta name=\"twitter:data2\" content=\"2 minutos\" \/>\n<script type=\"application\/ld+json\" class=\"yoast-schema-graph\">{\"@context\":\"https:\/\/schema.org\",\"@graph\":[{\"@type\":\"Article\",\"@id\":\"https:\/\/noti-america.com\/site\/ecuador\/2021\/05\/20\/salinas-trabajaremos-hasta-el-ultimo-dia-para-combatir-el-covid-19\/#article\",\"isPartOf\":{\"@id\":\"https:\/\/noti-america.com\/site\/ecuador\/2021\/05\/20\/salinas-trabajaremos-hasta-el-ultimo-dia-para-combatir-el-covid-19\/\"},\"author\":{\"name\":\"Henry Ortiz\",\"@id\":\"https:\/\/noti-america.com\/site\/ecuador\/#\/schema\/person\/b9d1630cc6598af759d45c790a347283\"},\"headline\":\"Salinas: trabajaremos hasta el \u00faltimo d\u00eda para combatir el Covid-19\",\"datePublished\":\"2021-05-20T11:43:56+00:00\",\"mainEntityOfPage\":{\"@id\":\"https:\/\/noti-america.com\/site\/ecuador\/2021\/05\/20\/salinas-trabajaremos-hasta-el-ultimo-dia-para-combatir-el-covid-19\/\"},\"wordCount\":366,\"commentCount\":0,\"publisher\":{\"@id\":\"https:\/\/noti-america.com\/site\/ecuador\/#organization\"},\"image\":{\"@id\":\"https:\/\/noti-america.com\/site\/ecuador\/2021\/05\/20\/salinas-trabajaremos-hasta-el-ultimo-dia-para-combatir-el-covid-19\/#primaryimage\"},\"thumbnailUrl\":\"https:\/\/noti-america.com\/site\/ecuador\/wp-content\/uploads\/sites\/18\/2021\/05\/20-may-WhatsApp-Image-2021-05-18-at-17.22.51-e1621376677344.jpeg\",\"articleSection\":[\"Uncategorized\"],\"inLanguage\":\"es\",\"potentialAction\":[{\"@type\":\"CommentAction\",\"name\":\"Comment\",\"target\":[\"https:\/\/noti-america.com\/site\/ecuador\/2021\/05\/20\/salinas-trabajaremos-hasta-el-ultimo-dia-para-combatir-el-covid-19\/#respond\"]}]},{\"@type\":\"WebPage\",\"@id\":\"https:\/\/noti-america.com\/site\/ecuador\/2021\/05\/20\/salinas-trabajaremos-hasta-el-ultimo-dia-para-combatir-el-covid-19\/\",\"url\":\"https:\/\/noti-america.com\/site\/ecuador\/2021\/05\/20\/salinas-trabajaremos-hasta-el-ultimo-dia-para-combatir-el-covid-19\/\",\"name\":\"Salinas: trabajaremos hasta el \u00faltimo d\u00eda para combatir el Covid-19 - Ecuador | Noti-America.com\",\"isPartOf\":{\"@id\":\"https:\/\/noti-america.com\/site\/ecuador\/#website\"},\"primaryImageOfPage\":{\"@id\":\"https:\/\/noti-america.com\/site\/ecuador\/2021\/05\/20\/salinas-trabajaremos-hasta-el-ultimo-dia-para-combatir-el-covid-19\/#primaryimage\"},\"image\":{\"@id\":\"https:\/\/noti-america.com\/site\/ecuador\/2021\/05\/20\/salinas-trabajaremos-hasta-el-ultimo-dia-para-combatir-el-covid-19\/#primaryimage\"},\"thumbnailUrl\":\"https:\/\/noti-america.com\/site\/ecuador\/wp-content\/uploads\/sites\/18\/2021\/05\/20-may-WhatsApp-Image-2021-05-18-at-17.22.51-e1621376677344.jpeg\",\"datePublished\":\"2021-05-20T11:43:56+00:00\",\"breadcrumb\":{\"@id\":\"https:\/\/noti-america.com\/site\/ecuador\/2021\/05\/20\/salinas-trabajaremos-hasta-el-ultimo-dia-para-combatir-el-covid-19\/#breadcrumb\"},\"inLanguage\":\"es\",\"potentialAction\":[{\"@type\":\"ReadAction\",\"target\":[\"https:\/\/noti-america.com\/site\/ecuador\/2021\/05\/20\/salinas-trabajaremos-hasta-el-ultimo-dia-para-combatir-el-covid-19\/\"]}]},{\"@type\":\"ImageObject\",\"inLanguage\":\"es\",\"@id\":\"https:\/\/noti-america.com\/site\/ecuador\/2021\/05\/20\/salinas-trabajaremos-hasta-el-ultimo-dia-para-combatir-el-covid-19\/#primaryimage\",\"url\":\"https:\/\/noti-america.com\/site\/ecuador\/wp-content\/uploads\/sites\/18\/2021\/05\/20-may-WhatsApp-Image-2021-05-18-at-17.22.51-e1621376677344.jpeg\",\"contentUrl\":\"https:\/\/noti-america.com\/site\/ecuador\/wp-content\/uploads\/sites\/18\/2021\/05\/20-may-WhatsApp-Image-2021-05-18-at-17.22.51-e1621376677344.jpeg\",\"width\":935,\"height\":479},{\"@type\":\"BreadcrumbList\",\"@id\":\"https:\/\/noti-america.com\/site\/ecuador\/2021\/05\/20\/salinas-trabajaremos-hasta-el-ultimo-dia-para-combatir-el-covid-19\/#breadcrumb\",\"itemListElement\":[{\"@type\":\"ListItem\",\"position\":1,\"name\":\"Portada\",\"item\":\"https:\/\/noti-america.com\/site\/ecuador\/\"},{\"@type\":\"ListItem\",\"position\":2,\"name\":\"Salinas: trabajaremos hasta el \u00faltimo d\u00eda para combatir el Covid-19\"}]},{\"@type\":\"WebSite\",\"@id\":\"https:\/\/noti-america.com\/site\/ecuador\/#website\",\"url\":\"https:\/\/noti-america.com\/site\/ecuador\/\",\"name\":\"Ecuador | Noti-America.com\",\"description\":\"\",\"publisher\":{\"@id\":\"https:\/\/noti-america.com\/site\/ecuador\/#organization\"},\"potentialAction\":[{\"@type\":\"SearchAction\",\"target\":{\"@type\":\"EntryPoint\",\"urlTemplate\":\"https:\/\/noti-america.com\/site\/ecuador\/?s={search_term_string}\"},\"query-input\":{\"@type\":\"PropertyValueSpecification\",\"valueRequired\":true,\"valueName\":\"search_term_string\"}}],\"inLanguage\":\"es\"},{\"@type\":\"Organization\",\"@id\":\"https:\/\/noti-america.com\/site\/ecuador\/#organization\",\"name\":\"Noti-America LLC | Ecuador\",\"url\":\"https:\/\/noti-america.com\/site\/ecuador\/\",\"logo\":{\"@type\":\"ImageObject\",\"inLanguage\":\"es\",\"@id\":\"https:\/\/noti-america.com\/site\/ecuador\/#\/schema\/logo\/image\/\",\"url\":\"https:\/\/noti-america.com\/site\/ecuador\/wp-content\/uploads\/sites\/18\/2020\/07\/LogoNA-4x3-1.jpg\",\"contentUrl\":\"https:\/\/noti-america.com\/site\/ecuador\/wp-content\/uploads\/sites\/18\/2020\/07\/LogoNA-4x3-1.jpg\",\"width\":1236,\"height\":1080,\"caption\":\"Noti-America LLC | Ecuador\"},\"image\":{\"@id\":\"https:\/\/noti-america.com\/site\/ecuador\/#\/schema\/logo\/image\/\"},\"sameAs\":[\"https:\/\/x.com\/notiamerica\"]},{\"@type\":\"Person\",\"@id\":\"https:\/\/noti-america.com\/site\/ecuador\/#\/schema\/person\/b9d1630cc6598af759d45c790a347283\",\"name\":\"Henry Ortiz\",\"image\":{\"@type\":\"ImageObject\",\"inLanguage\":\"es\",\"@id\":\"https:\/\/secure.gravatar.com\/avatar\/0b5407b5b302fbb6a578e625dca512ac2983ee5fa9ea941d581b83c40212e4c8?s=96&d=mm&r=g\",\"url\":\"https:\/\/secure.gravatar.com\/avatar\/0b5407b5b302fbb6a578e625dca512ac2983ee5fa9ea941d581b83c40212e4c8?s=96&d=mm&r=g\",\"contentUrl\":\"https:\/\/secure.gravatar.com\/avatar\/0b5407b5b302fbb6a578e625dca512ac2983ee5fa9ea941d581b83c40212e4c8?s=96&d=mm&r=g\",\"caption\":\"Henry Ortiz\"},\"url\":\"https:\/\/noti-america.com\/site\/ecuador\/author\/hortiz\/\"}]}<\/script>\n<!-- \/ Yoast SEO Premium plugin. -->","yoast_head_json":{"title":"Salinas: trabajaremos hasta el \u00faltimo d\u00eda para combatir el Covid-19 - Ecuador | Noti-America.com","robots":{"index":"index","follow":"follow","max-snippet":"max-snippet:-1","max-image-preview":"max-image-preview:large","max-video-preview":"max-video-preview:-1"},"canonical":"https:\/\/noti-america.com\/site\/ecuador\/2021\/05\/20\/salinas-trabajaremos-hasta-el-ultimo-dia-para-combatir-el-covid-19\/","og_locale":"es_ES","og_type":"article","og_title":"Salinas: trabajaremos hasta el \u00faltimo d\u00eda para combatir el Covid-19","og_description":"REDACCI\u00d3N NOTI AM\u00c9RICA (ECUADOR) El ministro de Salud P\u00fablica, Camilo Salinas Ochoa, reiter\u00f3 en la necesidad de continuar apoyando el Plan Vacunarse, que toma la posta el nuevo Gobierno, a partir del 24 de&#46;&#46;&#46;","og_url":"https:\/\/noti-america.com\/site\/ecuador\/2021\/05\/20\/salinas-trabajaremos-hasta-el-ultimo-dia-para-combatir-el-covid-19\/","og_site_name":"Ecuador | Noti-America.com","article_published_time":"2021-05-20T11:43:56+00:00","og_image":[{"width":935,"height":479,"url":"https:\/\/noti-america.com\/site\/ecuador\/wp-content\/uploads\/sites\/18\/2021\/05\/20-may-WhatsApp-Image-2021-05-18-at-17.22.51-e1621376677344.jpeg","type":"image\/jpeg"}],"author":"Henry Ortiz","twitter_card":"summary_large_image","twitter_creator":"@notiamerica","twitter_site":"@notiamerica","twitter_misc":{"Escrito por":"Henry Ortiz","Tiempo estimado de lectura":"2 minutos"},"schema":{"@context":"https:\/\/schema.org","@graph":[{"@type":"Article","@id":"https:\/\/noti-america.com\/site\/ecuador\/2021\/05\/20\/salinas-trabajaremos-hasta-el-ultimo-dia-para-combatir-el-covid-19\/#article","isPartOf":{"@id":"https:\/\/noti-america.com\/site\/ecuador\/2021\/05\/20\/salinas-trabajaremos-hasta-el-ultimo-dia-para-combatir-el-covid-19\/"},"author":{"name":"Henry Ortiz","@id":"https:\/\/noti-america.com\/site\/ecuador\/#\/schema\/person\/b9d1630cc6598af759d45c790a347283"},"headline":"Salinas: trabajaremos hasta el \u00faltimo d\u00eda para combatir el Covid-19","datePublished":"2021-05-20T11:43:56+00:00","mainEntityOfPage":{"@id":"https:\/\/noti-america.com\/site\/ecuador\/2021\/05\/20\/salinas-trabajaremos-hasta-el-ultimo-dia-para-combatir-el-covid-19\/"},"wordCount":366,"commentCount":0,"publisher":{"@id":"https:\/\/noti-america.com\/site\/ecuador\/#organization"},"image":{"@id":"https:\/\/noti-america.com\/site\/ecuador\/2021\/05\/20\/salinas-trabajaremos-hasta-el-ultimo-dia-para-combatir-el-covid-19\/#primaryimage"},"thumbnailUrl":"https:\/\/noti-america.com\/site\/ecuador\/wp-content\/uploads\/sites\/18\/2021\/05\/20-may-WhatsApp-Image-2021-05-18-at-17.22.51-e1621376677344.jpeg","articleSection":["Uncategorized"],"inLanguage":"es","potentialAction":[{"@type":"CommentAction","name":"Comment","target":["https:\/\/noti-america.com\/site\/ecuador\/2021\/05\/20\/salinas-trabajaremos-hasta-el-ultimo-dia-para-combatir-el-covid-19\/#respond"]}]},{"@type":"WebPage","@id":"https:\/\/noti-america.com\/site\/ecuador\/2021\/05\/20\/salinas-trabajaremos-hasta-el-ultimo-dia-para-combatir-el-covid-19\/","url":"https:\/\/noti-america.com\/site\/ecuador\/2021\/05\/20\/salinas-trabajaremos-hasta-el-ultimo-dia-para-combatir-el-covid-19\/","name":"Salinas: trabajaremos hasta el \u00faltimo d\u00eda para combatir el Covid-19 - Ecuador | Noti-America.com","isPartOf":{"@id":"https:\/\/noti-america.com\/site\/ecuador\/#website"},"primaryImageOfPage":{"@id":"https:\/\/noti-america.com\/site\/ecuador\/2021\/05\/20\/salinas-trabajaremos-hasta-el-ultimo-dia-para-combatir-el-covid-19\/#primaryimage"},"image":{"@id":"https:\/\/noti-america.com\/site\/ecuador\/2021\/05\/20\/salinas-trabajaremos-hasta-el-ultimo-dia-para-combatir-el-covid-19\/#primaryimage"},"thumbnailUrl":"https:\/\/noti-america.com\/site\/ecuador\/wp-content\/uploads\/sites\/18\/2021\/05\/20-may-WhatsApp-Image-2021-05-18-at-17.22.51-e1621376677344.jpeg","datePublished":"2021-05-20T11:43:56+00:00","breadcrumb":{"@id":"https:\/\/noti-america.com\/site\/ecuador\/2021\/05\/20\/salinas-trabajaremos-hasta-el-ultimo-dia-para-combatir-el-covid-19\/#breadcrumb"},"inLanguage":"es","potentialAction":[{"@type":"ReadAction","target":["https:\/\/noti-america.com\/site\/ecuador\/2021\/05\/20\/salinas-trabajaremos-hasta-el-ultimo-dia-para-combatir-el-covid-19\/"]}]},{"@type":"ImageObject","inLanguage":"es","@id":"https:\/\/noti-america.com\/site\/ecuador\/2021\/05\/20\/salinas-trabajaremos-hasta-el-ultimo-dia-para-combatir-el-covid-19\/#primaryimage","url":"https:\/\/noti-america.com\/site\/ecuador\/wp-content\/uploads\/sites\/18\/2021\/05\/20-may-WhatsApp-Image-2021-05-18-at-17.22.51-e1621376677344.jpeg","contentUrl":"https:\/\/noti-america.com\/site\/ecuador\/wp-content\/uploads\/sites\/18\/2021\/05\/20-may-WhatsApp-Image-2021-05-18-at-17.22.51-e1621376677344.jpeg","width":935,"height":479},{"@type":"BreadcrumbList","@id":"https:\/\/noti-america.com\/site\/ecuador\/2021\/05\/20\/salinas-trabajaremos-hasta-el-ultimo-dia-para-combatir-el-covid-19\/#breadcrumb","itemListElement":[{"@type":"ListItem","position":1,"name":"Portada","item":"https:\/\/noti-america.com\/site\/ecuador\/"},{"@type":"ListItem","position":2,"name":"Salinas: trabajaremos hasta el \u00faltimo d\u00eda para combatir el Covid-19"}]},{"@type":"WebSite","@id":"https:\/\/noti-america.com\/site\/ecuador\/#website","url":"https:\/\/noti-america.com\/site\/ecuador\/","name":"Ecuador | Noti-America.com","description":"","publisher":{"@id":"https:\/\/noti-america.com\/site\/ecuador\/#organization"},"potentialAction":[{"@type":"SearchAction","target":{"@type":"EntryPoint","urlTemplate":"https:\/\/noti-america.com\/site\/ecuador\/?s={search_term_string}"},"query-input":{"@type":"PropertyValueSpecification","valueRequired":true,"valueName":"search_term_string"}}],"inLanguage":"es"},{"@type":"Organization","@id":"https:\/\/noti-america.com\/site\/ecuador\/#organization","name":"Noti-America LLC | Ecuador","url":"https:\/\/noti-america.com\/site\/ecuador\/","logo":{"@type":"ImageObject","inLanguage":"es","@id":"https:\/\/noti-america.com\/site\/ecuador\/#\/schema\/logo\/image\/","url":"https:\/\/noti-america.com\/site\/ecuador\/wp-content\/uploads\/sites\/18\/2020\/07\/LogoNA-4x3-1.jpg","contentUrl":"https:\/\/noti-america.com\/site\/ecuador\/wp-content\/uploads\/sites\/18\/2020\/07\/LogoNA-4x3-1.jpg","width":1236,"height":1080,"caption":"Noti-America LLC | Ecuador"},"image":{"@id":"https:\/\/noti-america.com\/site\/ecuador\/#\/schema\/logo\/image\/"},"sameAs":["https:\/\/x.com\/notiamerica"]},{"@type":"Person","@id":"https:\/\/noti-america.com\/site\/ecuador\/#\/schema\/person\/b9d1630cc6598af759d45c790a347283","name":"Henry Ortiz","image":{"@type":"ImageObject","inLanguage":"es","@id":"https:\/\/secure.gravatar.com\/avatar\/0b5407b5b302fbb6a578e625dca512ac2983ee5fa9ea941d581b83c40212e4c8?s=96&d=mm&r=g","url":"https:\/\/secure.gravatar.com\/avatar\/0b5407b5b302fbb6a578e625dca512ac2983ee5fa9ea941d581b83c40212e4c8?s=96&d=mm&r=g","contentUrl":"https:\/\/secure.gravatar.com\/avatar\/0b5407b5b302fbb6a578e625dca512ac2983ee5fa9ea941d581b83c40212e4c8?s=96&d=mm&r=g","caption":"Henry Ortiz"},"url":"https:\/\/noti-america.com\/site\/ecuador\/author\/hortiz\/"}]}},"_links":{"self":[{"href":"https:\/\/noti-america.com\/site\/ecuador\/wp-json\/wp\/v2\/posts\/14501","targetHints":{"allow":["GET"]}}],"collection":[{"href":"https:\/\/noti-america.com\/site\/ecuador\/wp-json\/wp\/v2\/posts"}],"about":[{"href":"https:\/\/noti-america.com\/site\/ecuador\/wp-json\/wp\/v2\/types\/post"}],"author":[{"embeddable":true,"href":"https:\/\/noti-america.com\/site\/ecuador\/wp-json\/wp\/v2\/users\/113"}],"replies":[{"embeddable":true,"href":"https:\/\/noti-america.com\/site\/ecuador\/wp-json\/wp\/v2\/comments?post=14501"}],"version-history":[{"count":1,"href":"https:\/\/noti-america.com\/site\/ecuador\/wp-json\/wp\/v2\/posts\/14501\/revisions"}],"predecessor-version":[{"id":14503,"href":"https:\/\/noti-america.com\/site\/ecuador\/wp-json\/wp\/v2\/posts\/14501\/revisions\/14503"}],"wp:featuredmedia":[{"embeddable":true,"href":"https:\/\/noti-america.com\/site\/ecuador\/wp-json\/wp\/v2\/media\/14502"}],"wp:attachment":[{"href":"https:\/\/noti-america.com\/site\/ecuador\/wp-json\/wp\/v2\/media?parent=14501"}],"wp:term":[{"taxonomy":"category","embeddable":true,"href":"https:\/\/noti-america.com\/site\/ecuador\/wp-json\/wp\/v2\/categories?post=14501"},{"taxonomy":"post_tag","embeddable":true,"href":"https:\/\/noti-america.com\/site\/ecuador\/wp-json\/wp\/v2\/tags?post=14501"}],"curies":[{"name":"wp","href":"https:\/\/api.w.org\/{rel}","templated":true}]}}