{"id":14437,"date":"2021-05-18T02:54:43","date_gmt":"2021-05-18T02:54:43","guid":{"rendered":"https:\/\/noti-america.com\/site\/ecuador\/?p=14437"},"modified":"2021-05-18T02:54:43","modified_gmt":"2021-05-18T02:54:43","slug":"chordeleg-tierra-de-oro-y-plata","status":"publish","type":"post","link":"https:\/\/noti-america.com\/site\/ecuador\/2021\/05\/18\/chordeleg-tierra-de-oro-y-plata\/","title":{"rendered":"Chordeleg: tierra de oro y plata"},"content":{"rendered":"<p>REDACCI\u00d3N NOTI AM\u00c9RICA (ECUADOR)<\/p>\n<div style=\"width: 570px\" class=\"wp-caption alignleft\"><img loading=\"lazy\" decoding=\"async\" src=\"https:\/\/img.goraymi.com\/2015\/08\/13\/a1a3b8fd870b242e043e3a89f311117f_lg.jpg\" alt=\"Chordeleg Azuay\" width=\"560\" height=\"420\" \/><p class=\"wp-caption-text\">Chordeleg Azuay<\/p><\/div>\n<p style=\"text-align: justify\">Chordeleg se encuentra ubicado en la cuenca del r\u00edo Santa B\u00e1rbara, en la provincia del Azuay, a 42 kil\u00f3metros de la ciudad de Cuenca. Es uno de los cantones con mayor potencial tur\u00edstico en esta provincia, pues cuenta con varios atractivos que generan el inter\u00e9s de visitantes nacionales y extranjeros, como: artesan\u00eda, vestigios arqueol\u00f3gicos, sitios naturales de gran belleza y una importante actividad joyera.<\/p>\n<p style=\"text-align: justify\">Hist\u00f3ricamente, la zona de Chordeleg ha sido considerada una tierra de gran importancia para los diferentes grupos humanos que la poblaron, ya sea por su abundancia de recursos naturales o bien por los metales preciosos, en especial el oro de sus r\u00edos. Los Ca\u00f1aris, por ejemplo, consideraron a estos territorios como sagrados y prueba de ello son las numerosas \u201chuacas\u201d o tumbas de caciques y sacerdotes que fueron encontradas, algunas con valiosas ofrendas funerarias de oro y plata.<\/p>\n<div class=\"pull-right col-md-5 \" style=\"text-align: justify\">\n<blockquote><p><strong><em>Chordeleg o \u201cChorro de Oro\u201d, como algunos lo llaman, es un pr\u00f3spero cant\u00f3n que espera la visita de todos quienes busquen conocer la inmensa riqueza artesanal del Austro ecuatoriano. #MeQuedoEnEcuador\u00a0 \u00a0\u00a0<\/em><\/strong><\/p><\/blockquote>\n<\/div>\n<p style=\"text-align: justify\">La abundante actividad artesanal de las culturas precolombinas que habitaron estas tierras contin\u00faa siendo hoy en d\u00eda un importante motor de la econom\u00eda en Chordeleg. Numerosas familias se dedican a la alfarer\u00eda, el tejido de paja toquilla, el bordado y la joyer\u00eda, siendo esta \u00faltima la actividad m\u00e1s importante de este pueblo, otorgando prestigio nacional e internacional.<\/p>\n<p style=\"text-align: justify\">En el centro cantonal de Chordeleg, los numerosos almacenes de joyer\u00eda llaman la atenci\u00f3n de todos quienes la visitan. En varios locales se expenden joyas de todo tipo y para todos los presupuestos, siendo las m\u00e1s representativas aquellas que est\u00e1n elaboradas con la tradicional t\u00e9cnica de la \u201cfiligrana\u201d. Pero adem\u00e1s en el centro, alrededor de la pintoresca plaza Jos\u00e9 Mar\u00eda Vargas, los turistas pueden encontrar numerosos almacenes en los que se comercializan artesan\u00edas locales.<\/p>\n<p style=\"text-align: justify\">Tambi\u00e9n en el centro se encuentra el Museo Municipal de Chordeleg, donde se exhiben valiosas piezas artesanales como tejidos de lana gruesa, sombreros de paja toquilla, zapater\u00eda y alfarer\u00eda. Cabe mencionar que Chordeleg, fue declarado como \u201cCiudad Creativa\u201d por la Unesco el 31 de octubre de 2017 y Pueblo M\u00e1gico del Ecuador en el a\u00f1o 2020.<\/p>\n<p style=\"text-align: justify\">Alrededor de Chordeleg existen varios puntos de inter\u00e9s tur\u00edstico. Uno de ellos es el complejo arqueol\u00f3gico de Llaver, ubicado a medio kil\u00f3metro del centro cantonal, en la colina del mismo nombre. Entre los vestigios destacan los andenes y los 14 muros de piedra plana que conforman una especie de caracol o serpiente. Estas construcciones de acuerdo a los arque\u00f3logos, datan del a\u00f1o 1.000 D.C.<\/p>\n<p style=\"text-align: justify\">Tambi\u00e9n, muy cerca del centro cantonal se encuentra \u201cPungo Huayco\u201d, un conjunto de seis peculiares formaciones rocosas en medio de un bello paisaje campestre. Es un sitio ideal para paseos familiares y picnics, pues existen varios chozones en donde es posible cocinar. De acuerdo a la tradici\u00f3n local, es un lugar de \u201cbuena suerte\u201d, atribuida por la gran cruz que fue instalada mucho tiempo atr\u00e1s entre las rocas.<\/p>\n<p style=\"text-align: justify\">Desde la Parroquia Principal, ubicada a pocos kil\u00f3metros de Chordeleg, los amantes de la aventura pueden organizar caminatas que conducen a las lagunas de agua cristalina del sector y al cerro Fasay\u00f1\u00e1n, el cual alguna vez fue un lugar sagrado para los ca\u00f1aris. En estos recorridos se observa flora y fauna end\u00e9mica y algunos vestigios arqueol\u00f3gicos.<\/p>\n<p style=\"text-align: justify\">En definitiva, Chordeleg o \u201cChorro de Oro\u201d como algunos lo llaman, es un pr\u00f3spero cant\u00f3n que espera la visita de todos quienes busquen conocer la inmensa riqueza artesanal del Austro ecuatoriano y descubrir, adem\u00e1s, la maravillosa naturaleza de esta regi\u00f3n. #MeQuedoEnEcuador.<\/p>\n","protected":false},"excerpt":{"rendered":"<p>REDACCI\u00d3N NOTI AM\u00c9RICA (ECUADOR) Chordeleg se encuentra ubicado en la cuenca del r\u00edo Santa B\u00e1rbara, en la provincia del Azuay, a 42 kil\u00f3metros de la ciudad de Cuenca. Es uno de los cantones con&#46;&#46;&#46;<\/p>\n","protected":false},"author":17,"featured_media":14438,"comment_status":"open","ping_status":"open","sticky":false,"template":"","format":"standard","meta":{"_acf_changed":false,"om_disable_all_campaigns":false,"rop_custom_images_group":[],"rop_custom_messages_group":[],"rop_publish_now":"initial","rop_publish_now_accounts":{"twitter_242054905_242054905":""},"rop_publish_now_history":[],"rop_publish_now_status":"pending","_uf_show_specific_survey":0,"_uf_disable_surveys":false,"footnotes":""},"categories":[36],"tags":[],"class_list":["post-14437","post","type-post","status-publish","format-standard","has-post-thumbnail","hentry","category-turismo"],"acf":[],"aioseo_notices":[],"yoast_head":"<!-- This site is optimized with the Yoast SEO Premium plugin v24.9 (Yoast SEO v27.2) - https:\/\/yoast.com\/product\/yoast-seo-premium-wordpress\/ -->\n<title>Chordeleg: tierra de oro y plata - Ecuador | Noti-America.com<\/title>\n<meta name=\"robots\" content=\"index, follow, max-snippet:-1, max-image-preview:large, max-video-preview:-1\" \/>\n<link rel=\"canonical\" href=\"https:\/\/noti-america.com\/site\/ecuador\/2021\/05\/18\/chordeleg-tierra-de-oro-y-plata\/\" \/>\n<meta property=\"og:locale\" content=\"es_ES\" \/>\n<meta property=\"og:type\" content=\"article\" \/>\n<meta property=\"og:title\" content=\"Chordeleg: tierra de oro y plata\" \/>\n<meta property=\"og:description\" content=\"REDACCI\u00d3N NOTI AM\u00c9RICA (ECUADOR) Chordeleg se encuentra ubicado en la cuenca del r\u00edo Santa B\u00e1rbara, en la provincia del Azuay, a 42 kil\u00f3metros de la ciudad de Cuenca. Es uno de los cantones con&#046;&#046;&#046;\" \/>\n<meta property=\"og:url\" content=\"https:\/\/noti-america.com\/site\/ecuador\/2021\/05\/18\/chordeleg-tierra-de-oro-y-plata\/\" \/>\n<meta property=\"og:site_name\" content=\"Ecuador | Noti-America.com\" \/>\n<meta property=\"article:published_time\" content=\"2021-05-18T02:54:43+00:00\" \/>\n<meta property=\"og:image\" content=\"https:\/\/noti-america.com\/site\/ecuador\/wp-content\/uploads\/sites\/18\/2021\/05\/Chordeleg.jpg\" \/>\n\t<meta property=\"og:image:width\" content=\"800\" \/>\n\t<meta property=\"og:image:height\" content=\"593\" \/>\n\t<meta property=\"og:image:type\" content=\"image\/jpeg\" \/>\n<meta name=\"author\" content=\"Gregory Quintana Montiel\" \/>\n<meta name=\"twitter:card\" content=\"summary_large_image\" \/>\n<meta name=\"twitter:creator\" content=\"@gdgregori1\" \/>\n<meta name=\"twitter:site\" content=\"@notiamerica\" \/>\n<meta name=\"twitter:label1\" content=\"Escrito por\" \/>\n\t<meta name=\"twitter:data1\" content=\"Gregory Quintana Montiel\" \/>\n\t<meta name=\"twitter:label2\" content=\"Tiempo estimado de lectura\" \/>\n\t<meta name=\"twitter:data2\" content=\"3 minutos\" \/>\n<script type=\"application\/ld+json\" class=\"yoast-schema-graph\">{\"@context\":\"https:\/\/schema.org\",\"@graph\":[{\"@type\":\"Article\",\"@id\":\"https:\/\/noti-america.com\/site\/ecuador\/2021\/05\/18\/chordeleg-tierra-de-oro-y-plata\/#article\",\"isPartOf\":{\"@id\":\"https:\/\/noti-america.com\/site\/ecuador\/2021\/05\/18\/chordeleg-tierra-de-oro-y-plata\/\"},\"author\":{\"name\":\"Gregory Quintana Montiel\",\"@id\":\"https:\/\/noti-america.com\/site\/ecuador\/#\/schema\/person\/3b975e42f15abfe64bfe3abdd916efda\"},\"headline\":\"Chordeleg: tierra de oro y plata\",\"datePublished\":\"2021-05-18T02:54:43+00:00\",\"mainEntityOfPage\":{\"@id\":\"https:\/\/noti-america.com\/site\/ecuador\/2021\/05\/18\/chordeleg-tierra-de-oro-y-plata\/\"},\"wordCount\":652,\"commentCount\":0,\"publisher\":{\"@id\":\"https:\/\/noti-america.com\/site\/ecuador\/#organization\"},\"image\":{\"@id\":\"https:\/\/noti-america.com\/site\/ecuador\/2021\/05\/18\/chordeleg-tierra-de-oro-y-plata\/#primaryimage\"},\"thumbnailUrl\":\"https:\/\/noti-america.com\/site\/ecuador\/wp-content\/uploads\/sites\/18\/2021\/05\/Chordeleg.jpg\",\"articleSection\":[\"Turismo\"],\"inLanguage\":\"es\",\"potentialAction\":[{\"@type\":\"CommentAction\",\"name\":\"Comment\",\"target\":[\"https:\/\/noti-america.com\/site\/ecuador\/2021\/05\/18\/chordeleg-tierra-de-oro-y-plata\/#respond\"]}]},{\"@type\":\"WebPage\",\"@id\":\"https:\/\/noti-america.com\/site\/ecuador\/2021\/05\/18\/chordeleg-tierra-de-oro-y-plata\/\",\"url\":\"https:\/\/noti-america.com\/site\/ecuador\/2021\/05\/18\/chordeleg-tierra-de-oro-y-plata\/\",\"name\":\"Chordeleg: tierra de oro y plata - Ecuador | Noti-America.com\",\"isPartOf\":{\"@id\":\"https:\/\/noti-america.com\/site\/ecuador\/#website\"},\"primaryImageOfPage\":{\"@id\":\"https:\/\/noti-america.com\/site\/ecuador\/2021\/05\/18\/chordeleg-tierra-de-oro-y-plata\/#primaryimage\"},\"image\":{\"@id\":\"https:\/\/noti-america.com\/site\/ecuador\/2021\/05\/18\/chordeleg-tierra-de-oro-y-plata\/#primaryimage\"},\"thumbnailUrl\":\"https:\/\/noti-america.com\/site\/ecuador\/wp-content\/uploads\/sites\/18\/2021\/05\/Chordeleg.jpg\",\"datePublished\":\"2021-05-18T02:54:43+00:00\",\"breadcrumb\":{\"@id\":\"https:\/\/noti-america.com\/site\/ecuador\/2021\/05\/18\/chordeleg-tierra-de-oro-y-plata\/#breadcrumb\"},\"inLanguage\":\"es\",\"potentialAction\":[{\"@type\":\"ReadAction\",\"target\":[\"https:\/\/noti-america.com\/site\/ecuador\/2021\/05\/18\/chordeleg-tierra-de-oro-y-plata\/\"]}]},{\"@type\":\"ImageObject\",\"inLanguage\":\"es\",\"@id\":\"https:\/\/noti-america.com\/site\/ecuador\/2021\/05\/18\/chordeleg-tierra-de-oro-y-plata\/#primaryimage\",\"url\":\"https:\/\/noti-america.com\/site\/ecuador\/wp-content\/uploads\/sites\/18\/2021\/05\/Chordeleg.jpg\",\"contentUrl\":\"https:\/\/noti-america.com\/site\/ecuador\/wp-content\/uploads\/sites\/18\/2021\/05\/Chordeleg.jpg\",\"width\":800,\"height\":593},{\"@type\":\"BreadcrumbList\",\"@id\":\"https:\/\/noti-america.com\/site\/ecuador\/2021\/05\/18\/chordeleg-tierra-de-oro-y-plata\/#breadcrumb\",\"itemListElement\":[{\"@type\":\"ListItem\",\"position\":1,\"name\":\"Portada\",\"item\":\"https:\/\/noti-america.com\/site\/ecuador\/\"},{\"@type\":\"ListItem\",\"position\":2,\"name\":\"Chordeleg: tierra de oro y plata\"}]},{\"@type\":\"WebSite\",\"@id\":\"https:\/\/noti-america.com\/site\/ecuador\/#website\",\"url\":\"https:\/\/noti-america.com\/site\/ecuador\/\",\"name\":\"Ecuador | Noti-America.com\",\"description\":\"\",\"publisher\":{\"@id\":\"https:\/\/noti-america.com\/site\/ecuador\/#organization\"},\"potentialAction\":[{\"@type\":\"SearchAction\",\"target\":{\"@type\":\"EntryPoint\",\"urlTemplate\":\"https:\/\/noti-america.com\/site\/ecuador\/?s={search_term_string}\"},\"query-input\":{\"@type\":\"PropertyValueSpecification\",\"valueRequired\":true,\"valueName\":\"search_term_string\"}}],\"inLanguage\":\"es\"},{\"@type\":\"Organization\",\"@id\":\"https:\/\/noti-america.com\/site\/ecuador\/#organization\",\"name\":\"Noti-America LLC | Ecuador\",\"url\":\"https:\/\/noti-america.com\/site\/ecuador\/\",\"logo\":{\"@type\":\"ImageObject\",\"inLanguage\":\"es\",\"@id\":\"https:\/\/noti-america.com\/site\/ecuador\/#\/schema\/logo\/image\/\",\"url\":\"https:\/\/noti-america.com\/site\/ecuador\/wp-content\/uploads\/sites\/18\/2020\/07\/LogoNA-4x3-1.jpg\",\"contentUrl\":\"https:\/\/noti-america.com\/site\/ecuador\/wp-content\/uploads\/sites\/18\/2020\/07\/LogoNA-4x3-1.jpg\",\"width\":1236,\"height\":1080,\"caption\":\"Noti-America LLC | Ecuador\"},\"image\":{\"@id\":\"https:\/\/noti-america.com\/site\/ecuador\/#\/schema\/logo\/image\/\"},\"sameAs\":[\"https:\/\/x.com\/notiamerica\"]},{\"@type\":\"Person\",\"@id\":\"https:\/\/noti-america.com\/site\/ecuador\/#\/schema\/person\/3b975e42f15abfe64bfe3abdd916efda\",\"name\":\"Gregory Quintana Montiel\",\"image\":{\"@type\":\"ImageObject\",\"inLanguage\":\"es\",\"@id\":\"https:\/\/secure.gravatar.com\/avatar\/2d6b802f7720c2ec7744dcbe608cc2f3417aeb964d58b443c6d612b77531de1d?s=96&d=mm&r=g\",\"url\":\"https:\/\/secure.gravatar.com\/avatar\/2d6b802f7720c2ec7744dcbe608cc2f3417aeb964d58b443c6d612b77531de1d?s=96&d=mm&r=g\",\"contentUrl\":\"https:\/\/secure.gravatar.com\/avatar\/2d6b802f7720c2ec7744dcbe608cc2f3417aeb964d58b443c6d612b77531de1d?s=96&d=mm&r=g\",\"caption\":\"Gregory Quintana Montiel\"},\"description\":\"Licenciatura en Ciencias de la Comunicaci\u00f3n Social, egresado en la Especializaci\u00f3n Derecho Ambiental Desarrollo Sostenible y Sustentable, Miembro de la Comunidad de profesionales y experto para Latinoam\u00e9rica y el Caribe en Gesti\u00f3n por Resultado en el Desarrollo (COPLAC - GpRD) del Banco Interamericano de Desarrollo, experiencia en medios radiales y escritos.\",\"sameAs\":[\"https:\/\/x.com\/gdgregori1\",\"gquintana\"],\"url\":\"https:\/\/noti-america.com\/site\/ecuador\/author\/gquintana\/\"}]}<\/script>\n<!-- \/ Yoast SEO Premium plugin. -->","yoast_head_json":{"title":"Chordeleg: tierra de oro y plata - Ecuador | Noti-America.com","robots":{"index":"index","follow":"follow","max-snippet":"max-snippet:-1","max-image-preview":"max-image-preview:large","max-video-preview":"max-video-preview:-1"},"canonical":"https:\/\/noti-america.com\/site\/ecuador\/2021\/05\/18\/chordeleg-tierra-de-oro-y-plata\/","og_locale":"es_ES","og_type":"article","og_title":"Chordeleg: tierra de oro y plata","og_description":"REDACCI\u00d3N NOTI AM\u00c9RICA (ECUADOR) Chordeleg se encuentra ubicado en la cuenca del r\u00edo Santa B\u00e1rbara, en la provincia del Azuay, a 42 kil\u00f3metros de la ciudad de Cuenca. Es uno de los cantones con&#46;&#46;&#46;","og_url":"https:\/\/noti-america.com\/site\/ecuador\/2021\/05\/18\/chordeleg-tierra-de-oro-y-plata\/","og_site_name":"Ecuador | Noti-America.com","article_published_time":"2021-05-18T02:54:43+00:00","og_image":[{"width":800,"height":593,"url":"https:\/\/noti-america.com\/site\/ecuador\/wp-content\/uploads\/sites\/18\/2021\/05\/Chordeleg.jpg","type":"image\/jpeg"}],"author":"Gregory Quintana Montiel","twitter_card":"summary_large_image","twitter_creator":"@gdgregori1","twitter_site":"@notiamerica","twitter_misc":{"Escrito por":"Gregory Quintana Montiel","Tiempo estimado de lectura":"3 minutos"},"schema":{"@context":"https:\/\/schema.org","@graph":[{"@type":"Article","@id":"https:\/\/noti-america.com\/site\/ecuador\/2021\/05\/18\/chordeleg-tierra-de-oro-y-plata\/#article","isPartOf":{"@id":"https:\/\/noti-america.com\/site\/ecuador\/2021\/05\/18\/chordeleg-tierra-de-oro-y-plata\/"},"author":{"name":"Gregory Quintana Montiel","@id":"https:\/\/noti-america.com\/site\/ecuador\/#\/schema\/person\/3b975e42f15abfe64bfe3abdd916efda"},"headline":"Chordeleg: tierra de oro y plata","datePublished":"2021-05-18T02:54:43+00:00","mainEntityOfPage":{"@id":"https:\/\/noti-america.com\/site\/ecuador\/2021\/05\/18\/chordeleg-tierra-de-oro-y-plata\/"},"wordCount":652,"commentCount":0,"publisher":{"@id":"https:\/\/noti-america.com\/site\/ecuador\/#organization"},"image":{"@id":"https:\/\/noti-america.com\/site\/ecuador\/2021\/05\/18\/chordeleg-tierra-de-oro-y-plata\/#primaryimage"},"thumbnailUrl":"https:\/\/noti-america.com\/site\/ecuador\/wp-content\/uploads\/sites\/18\/2021\/05\/Chordeleg.jpg","articleSection":["Turismo"],"inLanguage":"es","potentialAction":[{"@type":"CommentAction","name":"Comment","target":["https:\/\/noti-america.com\/site\/ecuador\/2021\/05\/18\/chordeleg-tierra-de-oro-y-plata\/#respond"]}]},{"@type":"WebPage","@id":"https:\/\/noti-america.com\/site\/ecuador\/2021\/05\/18\/chordeleg-tierra-de-oro-y-plata\/","url":"https:\/\/noti-america.com\/site\/ecuador\/2021\/05\/18\/chordeleg-tierra-de-oro-y-plata\/","name":"Chordeleg: tierra de oro y plata - Ecuador | Noti-America.com","isPartOf":{"@id":"https:\/\/noti-america.com\/site\/ecuador\/#website"},"primaryImageOfPage":{"@id":"https:\/\/noti-america.com\/site\/ecuador\/2021\/05\/18\/chordeleg-tierra-de-oro-y-plata\/#primaryimage"},"image":{"@id":"https:\/\/noti-america.com\/site\/ecuador\/2021\/05\/18\/chordeleg-tierra-de-oro-y-plata\/#primaryimage"},"thumbnailUrl":"https:\/\/noti-america.com\/site\/ecuador\/wp-content\/uploads\/sites\/18\/2021\/05\/Chordeleg.jpg","datePublished":"2021-05-18T02:54:43+00:00","breadcrumb":{"@id":"https:\/\/noti-america.com\/site\/ecuador\/2021\/05\/18\/chordeleg-tierra-de-oro-y-plata\/#breadcrumb"},"inLanguage":"es","potentialAction":[{"@type":"ReadAction","target":["https:\/\/noti-america.com\/site\/ecuador\/2021\/05\/18\/chordeleg-tierra-de-oro-y-plata\/"]}]},{"@type":"ImageObject","inLanguage":"es","@id":"https:\/\/noti-america.com\/site\/ecuador\/2021\/05\/18\/chordeleg-tierra-de-oro-y-plata\/#primaryimage","url":"https:\/\/noti-america.com\/site\/ecuador\/wp-content\/uploads\/sites\/18\/2021\/05\/Chordeleg.jpg","contentUrl":"https:\/\/noti-america.com\/site\/ecuador\/wp-content\/uploads\/sites\/18\/2021\/05\/Chordeleg.jpg","width":800,"height":593},{"@type":"BreadcrumbList","@id":"https:\/\/noti-america.com\/site\/ecuador\/2021\/05\/18\/chordeleg-tierra-de-oro-y-plata\/#breadcrumb","itemListElement":[{"@type":"ListItem","position":1,"name":"Portada","item":"https:\/\/noti-america.com\/site\/ecuador\/"},{"@type":"ListItem","position":2,"name":"Chordeleg: tierra de oro y plata"}]},{"@type":"WebSite","@id":"https:\/\/noti-america.com\/site\/ecuador\/#website","url":"https:\/\/noti-america.com\/site\/ecuador\/","name":"Ecuador | Noti-America.com","description":"","publisher":{"@id":"https:\/\/noti-america.com\/site\/ecuador\/#organization"},"potentialAction":[{"@type":"SearchAction","target":{"@type":"EntryPoint","urlTemplate":"https:\/\/noti-america.com\/site\/ecuador\/?s={search_term_string}"},"query-input":{"@type":"PropertyValueSpecification","valueRequired":true,"valueName":"search_term_string"}}],"inLanguage":"es"},{"@type":"Organization","@id":"https:\/\/noti-america.com\/site\/ecuador\/#organization","name":"Noti-America LLC | Ecuador","url":"https:\/\/noti-america.com\/site\/ecuador\/","logo":{"@type":"ImageObject","inLanguage":"es","@id":"https:\/\/noti-america.com\/site\/ecuador\/#\/schema\/logo\/image\/","url":"https:\/\/noti-america.com\/site\/ecuador\/wp-content\/uploads\/sites\/18\/2020\/07\/LogoNA-4x3-1.jpg","contentUrl":"https:\/\/noti-america.com\/site\/ecuador\/wp-content\/uploads\/sites\/18\/2020\/07\/LogoNA-4x3-1.jpg","width":1236,"height":1080,"caption":"Noti-America LLC | Ecuador"},"image":{"@id":"https:\/\/noti-america.com\/site\/ecuador\/#\/schema\/logo\/image\/"},"sameAs":["https:\/\/x.com\/notiamerica"]},{"@type":"Person","@id":"https:\/\/noti-america.com\/site\/ecuador\/#\/schema\/person\/3b975e42f15abfe64bfe3abdd916efda","name":"Gregory Quintana Montiel","image":{"@type":"ImageObject","inLanguage":"es","@id":"https:\/\/secure.gravatar.com\/avatar\/2d6b802f7720c2ec7744dcbe608cc2f3417aeb964d58b443c6d612b77531de1d?s=96&d=mm&r=g","url":"https:\/\/secure.gravatar.com\/avatar\/2d6b802f7720c2ec7744dcbe608cc2f3417aeb964d58b443c6d612b77531de1d?s=96&d=mm&r=g","contentUrl":"https:\/\/secure.gravatar.com\/avatar\/2d6b802f7720c2ec7744dcbe608cc2f3417aeb964d58b443c6d612b77531de1d?s=96&d=mm&r=g","caption":"Gregory Quintana Montiel"},"description":"Licenciatura en Ciencias de la Comunicaci\u00f3n Social, egresado en la Especializaci\u00f3n Derecho Ambiental Desarrollo Sostenible y Sustentable, Miembro de la Comunidad de profesionales y experto para Latinoam\u00e9rica y el Caribe en Gesti\u00f3n por Resultado en el Desarrollo (COPLAC - GpRD) del Banco Interamericano de Desarrollo, experiencia en medios radiales y escritos.","sameAs":["https:\/\/x.com\/gdgregori1","gquintana"],"url":"https:\/\/noti-america.com\/site\/ecuador\/author\/gquintana\/"}]}},"_links":{"self":[{"href":"https:\/\/noti-america.com\/site\/ecuador\/wp-json\/wp\/v2\/posts\/14437","targetHints":{"allow":["GET"]}}],"collection":[{"href":"https:\/\/noti-america.com\/site\/ecuador\/wp-json\/wp\/v2\/posts"}],"about":[{"href":"https:\/\/noti-america.com\/site\/ecuador\/wp-json\/wp\/v2\/types\/post"}],"author":[{"embeddable":true,"href":"https:\/\/noti-america.com\/site\/ecuador\/wp-json\/wp\/v2\/users\/17"}],"replies":[{"embeddable":true,"href":"https:\/\/noti-america.com\/site\/ecuador\/wp-json\/wp\/v2\/comments?post=14437"}],"version-history":[{"count":1,"href":"https:\/\/noti-america.com\/site\/ecuador\/wp-json\/wp\/v2\/posts\/14437\/revisions"}],"predecessor-version":[{"id":14439,"href":"https:\/\/noti-america.com\/site\/ecuador\/wp-json\/wp\/v2\/posts\/14437\/revisions\/14439"}],"wp:featuredmedia":[{"embeddable":true,"href":"https:\/\/noti-america.com\/site\/ecuador\/wp-json\/wp\/v2\/media\/14438"}],"wp:attachment":[{"href":"https:\/\/noti-america.com\/site\/ecuador\/wp-json\/wp\/v2\/media?parent=14437"}],"wp:term":[{"taxonomy":"category","embeddable":true,"href":"https:\/\/noti-america.com\/site\/ecuador\/wp-json\/wp\/v2\/categories?post=14437"},{"taxonomy":"post_tag","embeddable":true,"href":"https:\/\/noti-america.com\/site\/ecuador\/wp-json\/wp\/v2\/tags?post=14437"}],"curies":[{"name":"wp","href":"https:\/\/api.w.org\/{rel}","templated":true}]}}