{"id":14349,"date":"2021-05-13T02:13:20","date_gmt":"2021-05-13T02:13:20","guid":{"rendered":"https:\/\/noti-america.com\/site\/ecuador\/?p=14349"},"modified":"2021-05-13T02:15:58","modified_gmt":"2021-05-13T02:15:58","slug":"14-de-mayo-se-instala-la-cuarta-asamblea-nacional","status":"publish","type":"post","link":"https:\/\/noti-america.com\/site\/ecuador\/2021\/05\/13\/14-de-mayo-se-instala-la-cuarta-asamblea-nacional\/","title":{"rendered":"14 de mayo se instalar\u00e1 la Cuarta Asamblea Nacional"},"content":{"rendered":"<p>REDACCI\u00d3N NOTI AM\u00c9RICA (ECUADOR)<\/p>\n<div style=\"width: 430px\" class=\"wp-caption alignleft\"><img loading=\"lazy\" decoding=\"async\" src=\"https:\/\/www.asambleanacional.gob.ec\/sites\/default\/files\/styles\/noticias\/public\/field\/imagen\/periodo-2021-2025.jpg?itok=OLp6lpiX\" alt=\"\" width=\"420\" height=\"280\" \/><p class=\"wp-caption-text\">Asamblea 2021-2025<\/p><\/div>\n<p style=\"text-align: justify\">Una vez proclamados los resultados de las elecciones generales del pasado 7 febrero de 2021, as\u00ed como con la entrega de las respectivas credenciales a los 137 asamble\u00edstas electos, este viernes, 14 de mayo, se instalar\u00e1 la cuarta Asamblea Nacional, desde que entr\u00f3 en vigencia la Constituci\u00f3n de 2008. Para el efecto, los parlamentarios se reunir\u00e1n, a las 10h00, sin que exista una convocatoria previa, en virtud de lo dispuesto en el Art. 123 de la Carta Suprema, en concordancia con el art. 10 de la Ley Org\u00e1nica de la Funci\u00f3n Legislativa (LOFL).<\/p>\n<p style=\"text-align: justify\">En la sesi\u00f3n de instlaci\u00f3n, la Asamblea Nacional designar\u00e1 a sus autoridades. Dicha sesi\u00f3n estar\u00e1 dirigida por los asamble\u00edstas nacionales que encabezaron las tres listas con mayor votaci\u00f3n a nivel nacional que se encuentren presentes en la reuni\u00f3n, quienes, respectivamente y, en atenci\u00f3n al n\u00famero de votos obtenidos por la lista, ejercer\u00e1n en su orden, la direcci\u00f3n, la subdirecci\u00f3n y la secretar\u00eda de la sesi\u00f3n. Sus funciones culminar\u00e1n con la posesi\u00f3n de las autoridades. En este caso, los legisladores de las tres listas m\u00e1s votadas son: Pierina Correa (UNES); Salvador Quishpe (PK); y Wilma Andrade (ID).<\/p>\n<p style=\"text-align: justify\">En caso de inasistencia a la sesi\u00f3n de instalaci\u00f3n, de las y los asamble\u00edstas nacionales que encabezaron las listas, asumir\u00e1 en su lugar, la o el asamble\u00edsta siguiente de la respectiva lista. Las y los funcionarios de la Secretar\u00eda General de la Asamblea Nacional brindar\u00e1n todo el apoyo necesario para la realizaci\u00f3n de la sesi\u00f3n de instalaci\u00f3n.<\/p>\n<p style=\"text-align: justify\">Para la elecci\u00f3n de las autoridades, las y los asamble\u00edstas presentar\u00e1n candidaturas para cada una de las siguientes dignidades: 1. Presidenta o Presidente; 2. Primera Vicepresidenta o Vicepresidente; 3. Segunda Vicepresidenta o Vicepresidente; 4. Primer Vocal; 5. Segundo Vocal; 6. Tercer Vocal; y, 7. Cuarto Vocal. Las y los cuatro vocales ser\u00e1n elegidos de entre asamble\u00edstas pertenecientes a diferentes bancadas legislativas. As\u00ed, quedar\u00e1 conformado tambi\u00e9n el Consejo de Administraci\u00f3n Legislativa con las dignidades electas.<\/p>\n<p style=\"text-align: justify\">En caso de existir m\u00e1s de cuatro bancadas legislativas, todas ellas podr\u00e1n proponer candidatos de entre sus miembros; los cuatro vocales ser\u00e1n elegidos por la mayor\u00eda absoluta de la Asamblea Nacional, debiendo ser de diferentes bancadas. En caso de no existir las bancadas legislativas suficientes para la designaci\u00f3n de los cuatro Vocales antes referidos, \u00e9stas podr\u00e1n nominar a cualquier integrante de la Asamblea Nacional, que no forme parte de una bancada legislativa ya representada en el Consejo de Administraci\u00f3n Legislativa, para completar dicho Consejo. Las y los asamble\u00edstas que resulten electos por la mayor\u00eda absoluta de los integrantes de la Asamblea Nacional ser\u00e1n posesionados inmediatamente, una vez proclamados los resultados.<\/p>\n<p style=\"text-align: justify\">La Secretaria o Secretario General y la Prosecretaria o Prosecretario General ser\u00e1n elegidos por la mayor\u00eda absoluta de las y los miembros de la Asamblea Nacional, y ser\u00e1n posesionados de manera inmediata a su elecci\u00f3n. Las autoridades de la Asamblea Nacional durar\u00e1n dos a\u00f1os en sus funciones y podr\u00e1n ser reelegidas.<\/p>\n<p style=\"text-align: justify\">En cumplimiento de lo previsto en el Art. 11 de la LOFL, la direcci\u00f3n provisional de la Asamblea Nacional designar\u00e1, atendiendo a criterios de pluralidad, previa comprobaci\u00f3n de sus credenciales e identidad, a una comisi\u00f3n especial formada por cinco asamble\u00edstas, cuya funci\u00f3n ser\u00e1 verificar las credenciales y constatar la identidad de las y los asamble\u00edstas electos presentes.<\/p>\n<p style=\"text-align: justify\">El inciso primero del Art. 19 de la LOFL establece que la Secretaria o Secretario General y la Prosecretaria o Prosecretario General de la Asamblea Nacional, ser\u00e1n elegidos en binomio, el mismo d\u00eda de la instalaci\u00f3n de la Legislatura y conforme con la Constituci\u00f3n de la Rep\u00fablica y esta Ley. Durar\u00e1n dos a\u00f1os en sus funciones y podr\u00e1n ser reelegidos. Estar\u00e1n impedidos de desempe\u00f1ar otro cargo p\u00fablico a excepci\u00f3n de la docencia universitaria, siempre que su horario lo permita.<\/p>\n<p style=\"text-align: justify\">La norma contenida en el Art. 23 de la LOFL determina que en la sesi\u00f3n siguiente a la de instalaci\u00f3n de la Asamblea Nacional, el Pleno aprobar\u00e1 la integraci\u00f3n de las comisiones especializadas permanentes. Las y los asamble\u00edstas integrar\u00e1n tales comisiones por un per\u00edodo de dos a\u00f1os y podr\u00e1n ser designados para integrar la misma comisi\u00f3n en el subsiguiente per\u00edodo de dos a\u00f1os hasta completar el total del per\u00edodo legislativo, excepto en el caso de la Comisi\u00f3n de Fiscalizaci\u00f3n y Control Pol\u00edtico.<\/p>\n<p style=\"text-align: justify\">Todas las comisiones especializadas permanentes estar\u00e1n integradas por un mismo n\u00famero de asamble\u00edstas. El n\u00famero de asamble\u00edstas que integrar\u00e1n cada comisi\u00f3n especializada permanente se obtendr\u00e1 del resultado de la divisi\u00f3n del n\u00famero total de asamble\u00edstas para el n\u00famero total de comisiones especializadas permanentes. Cuando del resultado de la operaci\u00f3n no se obtenga un n\u00famero entero, el n\u00famero de asamble\u00edstas restantes integrar\u00e1n las comisiones especializadas permanentes de conformidad con el orden establecido en el art\u00edculo 21.<\/p>\n<p style=\"text-align: justify\">A partir del nuevo per\u00edodo legislativo, la Asamblea Nacional contar\u00e1 con 15 comisiones epecializadas permanentes, a saber: De Justicia y Estructura del Estado; del Derecho al Trabajo y a la Seguridad Social; de R\u00e9gimen Econ\u00f3mico y Tributario y su Regulaci\u00f3n y Control; del Desarrollo Econ\u00f3mico, Productivo y la Microempresa; de Relaciones Internacionales y Movilidad Humana; de Biodiversidad y Recursos Naturales; de Soberan\u00eda Alimentaria y Desarrollo del Sector Agropecuario y Pesquero; de Gobiernos Aut\u00f3nomos, Descentralizaci\u00f3n, Competencias y Organizaci\u00f3n del Territorio.<\/p>\n<p style=\"text-align: justify\">Tambi\u00e9n, de Educaci\u00f3n, Cultura, Ciencia, Tecnolog\u00eda, Innovaci\u00f3n y Saberes Ancestrales; del Derecho a la Salud y Deporte; de Transparencia, Participaci\u00f3n Ciudadana y Control Social; de Garant\u00edas Constitucionales, Derechos Humanos, Derechos Colectivos y la Interculturalidad; de Soberan\u00eda, Integraci\u00f3n y Seguridad Integral; de Protecci\u00f3n Integral a Ni\u00f1as, Ni\u00f1os y Adolescentes; y de Fiscalizaci\u00f3n y Control Pol\u00edtico.<\/p>\n<p style=\"text-align: justify\">Seg\u00fan la reforma al Art. 22 de la LOFL, las y los asamble\u00edstas de la Comisi\u00f3n de Fiscalizaci\u00f3n y Control Pol\u00edtico no podr\u00e1n integrar otras comisiones especializadas permanentes u ocasionales, el Consejo de Administraci\u00f3n Legislativa o el Comit\u00e9 de \u00c9tica. Asumir\u00e1n sus funciones durante dos a\u00f1os y no podr\u00e1n ser parte de esta Comisi\u00f3n, en un nuevo per\u00edodo consecutivo. As\u00ed mismo, no podr\u00e1n ser interpelantes dentro de los procesos de juicio pol\u00edtico.<\/p>\n<p style=\"text-align: justify\">En la primera Asamblea Nacional, que por el proceso de transici\u00f3n a la Constituci\u00f3n 2008 se instal\u00f3 el 30 de julio de 2009, formaron la mesa directiva Fernado Cordero Cueva, como presidente; Irina Cabezas, primera Vicepresidenta; y Rolando Panchana, segundo Vicepresidente, los primeros dos a\u00f1os; Fernado Cordero Cueva, presidente; Juan Carlos Cassinelli, primer Vicepresidente; y Roc\u00edo Valarezo, segunda Vicepresidenta, en el segundo per\u00edodo.<\/p>\n<p style=\"text-align: justify\">La segunda Asamblea, 2013-2017, fue integrada por Gabriela Rivadeneira Burbano, como presidenta; Rosana Alvarado, primera Vicepresidenta; y Marcela Agui\u00f1aga, segunda Vicepresidenta, en el primer per\u00edodo. Las tres fueron reelegidas y se mantuvieron en sus cargos en la segunda mitad del per\u00edodo legislativo.<\/p>\n<p style=\"text-align: justify\">En cuanto a la tercera Asamblea, 2017-2021, el primer per\u00edodo adiministrativo estuvo presidido por Jos\u00e9 Serrano Salgado, desde el 14 de mayo de 2017, hasta el 9 de marzo de 2018. Luego, el Pleno de la Legislatura, el 14 de marzo nombr\u00f3, en su reemplazo, a Elizabeth Cabezas Guerrero. En la primera Vicepresidencia se desempe\u00f1\u00f3 Viviana Bonilla Salcedo y, en la segunda Vicepresidencia, Carlos Bergamann Reyna, hasta mayo de 2019.<\/p>\n<p style=\"text-align: justify\">Para el segudo per\u00edodo, el 14 de mayo de 2019, la Legislatura nombr\u00f3 como presidente a C\u00e9sar Litardo Caicedo, acompa\u00f1ado por C\u00e9sar Sol\u00f3rzano Sarria, en la primera Vicepresidencia; y, por Patricio Donoso Chiriboga, en la segunda Vicepresidencia.<\/p>\n","protected":false},"excerpt":{"rendered":"<p>REDACCI\u00d3N NOTI AM\u00c9RICA (ECUADOR) Una vez proclamados los resultados de las elecciones generales del pasado 7 febrero de 2021, as\u00ed como con la entrega de las respectivas credenciales a los 137 asamble\u00edstas electos, este&#46;&#46;&#46;<\/p>\n","protected":false},"author":17,"featured_media":14350,"comment_status":"open","ping_status":"open","sticky":false,"template":"","format":"standard","meta":{"_acf_changed":false,"om_disable_all_campaigns":false,"rop_custom_images_group":[],"rop_custom_messages_group":[],"rop_publish_now":"initial","rop_publish_now_accounts":{"twitter_242054905_242054905":""},"rop_publish_now_history":[],"rop_publish_now_status":"pending","_uf_show_specific_survey":0,"_uf_disable_surveys":false,"footnotes":""},"categories":[34],"tags":[],"class_list":["post-14349","post","type-post","status-publish","format-standard","has-post-thumbnail","hentry","category-politica-opinion"],"acf":[],"aioseo_notices":[],"yoast_head":"<!-- This site is optimized with the Yoast SEO Premium plugin v24.9 (Yoast SEO v27.2) - https:\/\/yoast.com\/product\/yoast-seo-premium-wordpress\/ -->\n<title>14 de mayo se instalar\u00e1 la Cuarta Asamblea Nacional - Ecuador | Noti-America.com<\/title>\n<meta name=\"robots\" content=\"index, follow, max-snippet:-1, max-image-preview:large, max-video-preview:-1\" \/>\n<link rel=\"canonical\" href=\"https:\/\/noti-america.com\/site\/ecuador\/2021\/05\/13\/14-de-mayo-se-instala-la-cuarta-asamblea-nacional\/\" \/>\n<meta property=\"og:locale\" content=\"es_ES\" \/>\n<meta property=\"og:type\" content=\"article\" \/>\n<meta property=\"og:title\" content=\"14 de mayo se instalar\u00e1 la Cuarta Asamblea Nacional\" \/>\n<meta property=\"og:description\" content=\"REDACCI\u00d3N NOTI AM\u00c9RICA (ECUADOR) Una vez proclamados los resultados de las elecciones generales del pasado 7 febrero de 2021, as\u00ed como con la entrega de las respectivas credenciales a los 137 asamble\u00edstas electos, este&#046;&#046;&#046;\" \/>\n<meta property=\"og:url\" content=\"https:\/\/noti-america.com\/site\/ecuador\/2021\/05\/13\/14-de-mayo-se-instala-la-cuarta-asamblea-nacional\/\" \/>\n<meta property=\"og:site_name\" content=\"Ecuador | Noti-America.com\" \/>\n<meta property=\"article:published_time\" content=\"2021-05-13T02:13:20+00:00\" \/>\n<meta property=\"article:modified_time\" content=\"2021-05-13T02:15:58+00:00\" \/>\n<meta property=\"og:image\" content=\"https:\/\/noti-america.com\/site\/ecuador\/wp-content\/uploads\/sites\/18\/2021\/05\/Asamblea-periodo-2021-2025.jpg\" \/>\n\t<meta property=\"og:image:width\" content=\"420\" \/>\n\t<meta property=\"og:image:height\" content=\"280\" \/>\n\t<meta property=\"og:image:type\" content=\"image\/jpeg\" \/>\n<meta name=\"author\" content=\"Gregory Quintana Montiel\" \/>\n<meta name=\"twitter:card\" content=\"summary_large_image\" \/>\n<meta name=\"twitter:creator\" content=\"@gdgregori1\" \/>\n<meta name=\"twitter:site\" content=\"@notiamerica\" \/>\n<meta name=\"twitter:label1\" content=\"Escrito por\" \/>\n\t<meta name=\"twitter:data1\" content=\"Gregory Quintana Montiel\" \/>\n\t<meta name=\"twitter:label2\" content=\"Tiempo estimado de lectura\" \/>\n\t<meta name=\"twitter:data2\" content=\"7 minutos\" \/>\n<script type=\"application\/ld+json\" class=\"yoast-schema-graph\">{\"@context\":\"https:\/\/schema.org\",\"@graph\":[{\"@type\":\"Article\",\"@id\":\"https:\/\/noti-america.com\/site\/ecuador\/2021\/05\/13\/14-de-mayo-se-instala-la-cuarta-asamblea-nacional\/#article\",\"isPartOf\":{\"@id\":\"https:\/\/noti-america.com\/site\/ecuador\/2021\/05\/13\/14-de-mayo-se-instala-la-cuarta-asamblea-nacional\/\"},\"author\":{\"name\":\"Gregory Quintana Montiel\",\"@id\":\"https:\/\/noti-america.com\/site\/ecuador\/#\/schema\/person\/3b975e42f15abfe64bfe3abdd916efda\"},\"headline\":\"14 de mayo se instalar\u00e1 la Cuarta Asamblea Nacional\",\"datePublished\":\"2021-05-13T02:13:20+00:00\",\"dateModified\":\"2021-05-13T02:15:58+00:00\",\"mainEntityOfPage\":{\"@id\":\"https:\/\/noti-america.com\/site\/ecuador\/2021\/05\/13\/14-de-mayo-se-instala-la-cuarta-asamblea-nacional\/\"},\"wordCount\":1336,\"commentCount\":0,\"publisher\":{\"@id\":\"https:\/\/noti-america.com\/site\/ecuador\/#organization\"},\"image\":{\"@id\":\"https:\/\/noti-america.com\/site\/ecuador\/2021\/05\/13\/14-de-mayo-se-instala-la-cuarta-asamblea-nacional\/#primaryimage\"},\"thumbnailUrl\":\"https:\/\/noti-america.com\/site\/ecuador\/wp-content\/uploads\/sites\/18\/2021\/05\/Asamblea-periodo-2021-2025.jpg\",\"articleSection\":[\"Pol\u00edtica\"],\"inLanguage\":\"es\",\"potentialAction\":[{\"@type\":\"CommentAction\",\"name\":\"Comment\",\"target\":[\"https:\/\/noti-america.com\/site\/ecuador\/2021\/05\/13\/14-de-mayo-se-instala-la-cuarta-asamblea-nacional\/#respond\"]}]},{\"@type\":\"WebPage\",\"@id\":\"https:\/\/noti-america.com\/site\/ecuador\/2021\/05\/13\/14-de-mayo-se-instala-la-cuarta-asamblea-nacional\/\",\"url\":\"https:\/\/noti-america.com\/site\/ecuador\/2021\/05\/13\/14-de-mayo-se-instala-la-cuarta-asamblea-nacional\/\",\"name\":\"14 de mayo se instalar\u00e1 la Cuarta Asamblea Nacional - Ecuador | Noti-America.com\",\"isPartOf\":{\"@id\":\"https:\/\/noti-america.com\/site\/ecuador\/#website\"},\"primaryImageOfPage\":{\"@id\":\"https:\/\/noti-america.com\/site\/ecuador\/2021\/05\/13\/14-de-mayo-se-instala-la-cuarta-asamblea-nacional\/#primaryimage\"},\"image\":{\"@id\":\"https:\/\/noti-america.com\/site\/ecuador\/2021\/05\/13\/14-de-mayo-se-instala-la-cuarta-asamblea-nacional\/#primaryimage\"},\"thumbnailUrl\":\"https:\/\/noti-america.com\/site\/ecuador\/wp-content\/uploads\/sites\/18\/2021\/05\/Asamblea-periodo-2021-2025.jpg\",\"datePublished\":\"2021-05-13T02:13:20+00:00\",\"dateModified\":\"2021-05-13T02:15:58+00:00\",\"breadcrumb\":{\"@id\":\"https:\/\/noti-america.com\/site\/ecuador\/2021\/05\/13\/14-de-mayo-se-instala-la-cuarta-asamblea-nacional\/#breadcrumb\"},\"inLanguage\":\"es\",\"potentialAction\":[{\"@type\":\"ReadAction\",\"target\":[\"https:\/\/noti-america.com\/site\/ecuador\/2021\/05\/13\/14-de-mayo-se-instala-la-cuarta-asamblea-nacional\/\"]}]},{\"@type\":\"ImageObject\",\"inLanguage\":\"es\",\"@id\":\"https:\/\/noti-america.com\/site\/ecuador\/2021\/05\/13\/14-de-mayo-se-instala-la-cuarta-asamblea-nacional\/#primaryimage\",\"url\":\"https:\/\/noti-america.com\/site\/ecuador\/wp-content\/uploads\/sites\/18\/2021\/05\/Asamblea-periodo-2021-2025.jpg\",\"contentUrl\":\"https:\/\/noti-america.com\/site\/ecuador\/wp-content\/uploads\/sites\/18\/2021\/05\/Asamblea-periodo-2021-2025.jpg\",\"width\":420,\"height\":280},{\"@type\":\"BreadcrumbList\",\"@id\":\"https:\/\/noti-america.com\/site\/ecuador\/2021\/05\/13\/14-de-mayo-se-instala-la-cuarta-asamblea-nacional\/#breadcrumb\",\"itemListElement\":[{\"@type\":\"ListItem\",\"position\":1,\"name\":\"Portada\",\"item\":\"https:\/\/noti-america.com\/site\/ecuador\/\"},{\"@type\":\"ListItem\",\"position\":2,\"name\":\"14 de mayo se instalar\u00e1 la Cuarta Asamblea Nacional\"}]},{\"@type\":\"WebSite\",\"@id\":\"https:\/\/noti-america.com\/site\/ecuador\/#website\",\"url\":\"https:\/\/noti-america.com\/site\/ecuador\/\",\"name\":\"Ecuador | Noti-America.com\",\"description\":\"\",\"publisher\":{\"@id\":\"https:\/\/noti-america.com\/site\/ecuador\/#organization\"},\"potentialAction\":[{\"@type\":\"SearchAction\",\"target\":{\"@type\":\"EntryPoint\",\"urlTemplate\":\"https:\/\/noti-america.com\/site\/ecuador\/?s={search_term_string}\"},\"query-input\":{\"@type\":\"PropertyValueSpecification\",\"valueRequired\":true,\"valueName\":\"search_term_string\"}}],\"inLanguage\":\"es\"},{\"@type\":\"Organization\",\"@id\":\"https:\/\/noti-america.com\/site\/ecuador\/#organization\",\"name\":\"Noti-America LLC | Ecuador\",\"url\":\"https:\/\/noti-america.com\/site\/ecuador\/\",\"logo\":{\"@type\":\"ImageObject\",\"inLanguage\":\"es\",\"@id\":\"https:\/\/noti-america.com\/site\/ecuador\/#\/schema\/logo\/image\/\",\"url\":\"https:\/\/noti-america.com\/site\/ecuador\/wp-content\/uploads\/sites\/18\/2020\/07\/LogoNA-4x3-1.jpg\",\"contentUrl\":\"https:\/\/noti-america.com\/site\/ecuador\/wp-content\/uploads\/sites\/18\/2020\/07\/LogoNA-4x3-1.jpg\",\"width\":1236,\"height\":1080,\"caption\":\"Noti-America LLC | Ecuador\"},\"image\":{\"@id\":\"https:\/\/noti-america.com\/site\/ecuador\/#\/schema\/logo\/image\/\"},\"sameAs\":[\"https:\/\/x.com\/notiamerica\"]},{\"@type\":\"Person\",\"@id\":\"https:\/\/noti-america.com\/site\/ecuador\/#\/schema\/person\/3b975e42f15abfe64bfe3abdd916efda\",\"name\":\"Gregory Quintana Montiel\",\"image\":{\"@type\":\"ImageObject\",\"inLanguage\":\"es\",\"@id\":\"https:\/\/secure.gravatar.com\/avatar\/2d6b802f7720c2ec7744dcbe608cc2f3417aeb964d58b443c6d612b77531de1d?s=96&d=mm&r=g\",\"url\":\"https:\/\/secure.gravatar.com\/avatar\/2d6b802f7720c2ec7744dcbe608cc2f3417aeb964d58b443c6d612b77531de1d?s=96&d=mm&r=g\",\"contentUrl\":\"https:\/\/secure.gravatar.com\/avatar\/2d6b802f7720c2ec7744dcbe608cc2f3417aeb964d58b443c6d612b77531de1d?s=96&d=mm&r=g\",\"caption\":\"Gregory Quintana Montiel\"},\"description\":\"Licenciatura en Ciencias de la Comunicaci\u00f3n Social, egresado en la Especializaci\u00f3n Derecho Ambiental Desarrollo Sostenible y Sustentable, Miembro de la Comunidad de profesionales y experto para Latinoam\u00e9rica y el Caribe en Gesti\u00f3n por Resultado en el Desarrollo (COPLAC - GpRD) del Banco Interamericano de Desarrollo, experiencia en medios radiales y escritos.\",\"sameAs\":[\"https:\/\/x.com\/gdgregori1\",\"gquintana\"],\"url\":\"https:\/\/noti-america.com\/site\/ecuador\/author\/gquintana\/\"}]}<\/script>\n<!-- \/ Yoast SEO Premium plugin. -->","yoast_head_json":{"title":"14 de mayo se instalar\u00e1 la Cuarta Asamblea Nacional - Ecuador | Noti-America.com","robots":{"index":"index","follow":"follow","max-snippet":"max-snippet:-1","max-image-preview":"max-image-preview:large","max-video-preview":"max-video-preview:-1"},"canonical":"https:\/\/noti-america.com\/site\/ecuador\/2021\/05\/13\/14-de-mayo-se-instala-la-cuarta-asamblea-nacional\/","og_locale":"es_ES","og_type":"article","og_title":"14 de mayo se instalar\u00e1 la Cuarta Asamblea Nacional","og_description":"REDACCI\u00d3N NOTI AM\u00c9RICA (ECUADOR) Una vez proclamados los resultados de las elecciones generales del pasado 7 febrero de 2021, as\u00ed como con la entrega de las respectivas credenciales a los 137 asamble\u00edstas electos, este&#46;&#46;&#46;","og_url":"https:\/\/noti-america.com\/site\/ecuador\/2021\/05\/13\/14-de-mayo-se-instala-la-cuarta-asamblea-nacional\/","og_site_name":"Ecuador | Noti-America.com","article_published_time":"2021-05-13T02:13:20+00:00","article_modified_time":"2021-05-13T02:15:58+00:00","og_image":[{"width":420,"height":280,"url":"https:\/\/noti-america.com\/site\/ecuador\/wp-content\/uploads\/sites\/18\/2021\/05\/Asamblea-periodo-2021-2025.jpg","type":"image\/jpeg"}],"author":"Gregory Quintana Montiel","twitter_card":"summary_large_image","twitter_creator":"@gdgregori1","twitter_site":"@notiamerica","twitter_misc":{"Escrito por":"Gregory Quintana Montiel","Tiempo estimado de lectura":"7 minutos"},"schema":{"@context":"https:\/\/schema.org","@graph":[{"@type":"Article","@id":"https:\/\/noti-america.com\/site\/ecuador\/2021\/05\/13\/14-de-mayo-se-instala-la-cuarta-asamblea-nacional\/#article","isPartOf":{"@id":"https:\/\/noti-america.com\/site\/ecuador\/2021\/05\/13\/14-de-mayo-se-instala-la-cuarta-asamblea-nacional\/"},"author":{"name":"Gregory Quintana Montiel","@id":"https:\/\/noti-america.com\/site\/ecuador\/#\/schema\/person\/3b975e42f15abfe64bfe3abdd916efda"},"headline":"14 de mayo se instalar\u00e1 la Cuarta Asamblea Nacional","datePublished":"2021-05-13T02:13:20+00:00","dateModified":"2021-05-13T02:15:58+00:00","mainEntityOfPage":{"@id":"https:\/\/noti-america.com\/site\/ecuador\/2021\/05\/13\/14-de-mayo-se-instala-la-cuarta-asamblea-nacional\/"},"wordCount":1336,"commentCount":0,"publisher":{"@id":"https:\/\/noti-america.com\/site\/ecuador\/#organization"},"image":{"@id":"https:\/\/noti-america.com\/site\/ecuador\/2021\/05\/13\/14-de-mayo-se-instala-la-cuarta-asamblea-nacional\/#primaryimage"},"thumbnailUrl":"https:\/\/noti-america.com\/site\/ecuador\/wp-content\/uploads\/sites\/18\/2021\/05\/Asamblea-periodo-2021-2025.jpg","articleSection":["Pol\u00edtica"],"inLanguage":"es","potentialAction":[{"@type":"CommentAction","name":"Comment","target":["https:\/\/noti-america.com\/site\/ecuador\/2021\/05\/13\/14-de-mayo-se-instala-la-cuarta-asamblea-nacional\/#respond"]}]},{"@type":"WebPage","@id":"https:\/\/noti-america.com\/site\/ecuador\/2021\/05\/13\/14-de-mayo-se-instala-la-cuarta-asamblea-nacional\/","url":"https:\/\/noti-america.com\/site\/ecuador\/2021\/05\/13\/14-de-mayo-se-instala-la-cuarta-asamblea-nacional\/","name":"14 de mayo se instalar\u00e1 la Cuarta Asamblea Nacional - Ecuador | Noti-America.com","isPartOf":{"@id":"https:\/\/noti-america.com\/site\/ecuador\/#website"},"primaryImageOfPage":{"@id":"https:\/\/noti-america.com\/site\/ecuador\/2021\/05\/13\/14-de-mayo-se-instala-la-cuarta-asamblea-nacional\/#primaryimage"},"image":{"@id":"https:\/\/noti-america.com\/site\/ecuador\/2021\/05\/13\/14-de-mayo-se-instala-la-cuarta-asamblea-nacional\/#primaryimage"},"thumbnailUrl":"https:\/\/noti-america.com\/site\/ecuador\/wp-content\/uploads\/sites\/18\/2021\/05\/Asamblea-periodo-2021-2025.jpg","datePublished":"2021-05-13T02:13:20+00:00","dateModified":"2021-05-13T02:15:58+00:00","breadcrumb":{"@id":"https:\/\/noti-america.com\/site\/ecuador\/2021\/05\/13\/14-de-mayo-se-instala-la-cuarta-asamblea-nacional\/#breadcrumb"},"inLanguage":"es","potentialAction":[{"@type":"ReadAction","target":["https:\/\/noti-america.com\/site\/ecuador\/2021\/05\/13\/14-de-mayo-se-instala-la-cuarta-asamblea-nacional\/"]}]},{"@type":"ImageObject","inLanguage":"es","@id":"https:\/\/noti-america.com\/site\/ecuador\/2021\/05\/13\/14-de-mayo-se-instala-la-cuarta-asamblea-nacional\/#primaryimage","url":"https:\/\/noti-america.com\/site\/ecuador\/wp-content\/uploads\/sites\/18\/2021\/05\/Asamblea-periodo-2021-2025.jpg","contentUrl":"https:\/\/noti-america.com\/site\/ecuador\/wp-content\/uploads\/sites\/18\/2021\/05\/Asamblea-periodo-2021-2025.jpg","width":420,"height":280},{"@type":"BreadcrumbList","@id":"https:\/\/noti-america.com\/site\/ecuador\/2021\/05\/13\/14-de-mayo-se-instala-la-cuarta-asamblea-nacional\/#breadcrumb","itemListElement":[{"@type":"ListItem","position":1,"name":"Portada","item":"https:\/\/noti-america.com\/site\/ecuador\/"},{"@type":"ListItem","position":2,"name":"14 de mayo se instalar\u00e1 la Cuarta Asamblea Nacional"}]},{"@type":"WebSite","@id":"https:\/\/noti-america.com\/site\/ecuador\/#website","url":"https:\/\/noti-america.com\/site\/ecuador\/","name":"Ecuador | Noti-America.com","description":"","publisher":{"@id":"https:\/\/noti-america.com\/site\/ecuador\/#organization"},"potentialAction":[{"@type":"SearchAction","target":{"@type":"EntryPoint","urlTemplate":"https:\/\/noti-america.com\/site\/ecuador\/?s={search_term_string}"},"query-input":{"@type":"PropertyValueSpecification","valueRequired":true,"valueName":"search_term_string"}}],"inLanguage":"es"},{"@type":"Organization","@id":"https:\/\/noti-america.com\/site\/ecuador\/#organization","name":"Noti-America LLC | Ecuador","url":"https:\/\/noti-america.com\/site\/ecuador\/","logo":{"@type":"ImageObject","inLanguage":"es","@id":"https:\/\/noti-america.com\/site\/ecuador\/#\/schema\/logo\/image\/","url":"https:\/\/noti-america.com\/site\/ecuador\/wp-content\/uploads\/sites\/18\/2020\/07\/LogoNA-4x3-1.jpg","contentUrl":"https:\/\/noti-america.com\/site\/ecuador\/wp-content\/uploads\/sites\/18\/2020\/07\/LogoNA-4x3-1.jpg","width":1236,"height":1080,"caption":"Noti-America LLC | Ecuador"},"image":{"@id":"https:\/\/noti-america.com\/site\/ecuador\/#\/schema\/logo\/image\/"},"sameAs":["https:\/\/x.com\/notiamerica"]},{"@type":"Person","@id":"https:\/\/noti-america.com\/site\/ecuador\/#\/schema\/person\/3b975e42f15abfe64bfe3abdd916efda","name":"Gregory Quintana Montiel","image":{"@type":"ImageObject","inLanguage":"es","@id":"https:\/\/secure.gravatar.com\/avatar\/2d6b802f7720c2ec7744dcbe608cc2f3417aeb964d58b443c6d612b77531de1d?s=96&d=mm&r=g","url":"https:\/\/secure.gravatar.com\/avatar\/2d6b802f7720c2ec7744dcbe608cc2f3417aeb964d58b443c6d612b77531de1d?s=96&d=mm&r=g","contentUrl":"https:\/\/secure.gravatar.com\/avatar\/2d6b802f7720c2ec7744dcbe608cc2f3417aeb964d58b443c6d612b77531de1d?s=96&d=mm&r=g","caption":"Gregory Quintana Montiel"},"description":"Licenciatura en Ciencias de la Comunicaci\u00f3n Social, egresado en la Especializaci\u00f3n Derecho Ambiental Desarrollo Sostenible y Sustentable, Miembro de la Comunidad de profesionales y experto para Latinoam\u00e9rica y el Caribe en Gesti\u00f3n por Resultado en el Desarrollo (COPLAC - GpRD) del Banco Interamericano de Desarrollo, experiencia en medios radiales y escritos.","sameAs":["https:\/\/x.com\/gdgregori1","gquintana"],"url":"https:\/\/noti-america.com\/site\/ecuador\/author\/gquintana\/"}]}},"_links":{"self":[{"href":"https:\/\/noti-america.com\/site\/ecuador\/wp-json\/wp\/v2\/posts\/14349","targetHints":{"allow":["GET"]}}],"collection":[{"href":"https:\/\/noti-america.com\/site\/ecuador\/wp-json\/wp\/v2\/posts"}],"about":[{"href":"https:\/\/noti-america.com\/site\/ecuador\/wp-json\/wp\/v2\/types\/post"}],"author":[{"embeddable":true,"href":"https:\/\/noti-america.com\/site\/ecuador\/wp-json\/wp\/v2\/users\/17"}],"replies":[{"embeddable":true,"href":"https:\/\/noti-america.com\/site\/ecuador\/wp-json\/wp\/v2\/comments?post=14349"}],"version-history":[{"count":3,"href":"https:\/\/noti-america.com\/site\/ecuador\/wp-json\/wp\/v2\/posts\/14349\/revisions"}],"predecessor-version":[{"id":14353,"href":"https:\/\/noti-america.com\/site\/ecuador\/wp-json\/wp\/v2\/posts\/14349\/revisions\/14353"}],"wp:featuredmedia":[{"embeddable":true,"href":"https:\/\/noti-america.com\/site\/ecuador\/wp-json\/wp\/v2\/media\/14350"}],"wp:attachment":[{"href":"https:\/\/noti-america.com\/site\/ecuador\/wp-json\/wp\/v2\/media?parent=14349"}],"wp:term":[{"taxonomy":"category","embeddable":true,"href":"https:\/\/noti-america.com\/site\/ecuador\/wp-json\/wp\/v2\/categories?post=14349"},{"taxonomy":"post_tag","embeddable":true,"href":"https:\/\/noti-america.com\/site\/ecuador\/wp-json\/wp\/v2\/tags?post=14349"}],"curies":[{"name":"wp","href":"https:\/\/api.w.org\/{rel}","templated":true}]}}