{"id":14266,"date":"2021-05-08T18:35:36","date_gmt":"2021-05-08T18:35:36","guid":{"rendered":"https:\/\/noti-america.com\/site\/ecuador\/?p=14266"},"modified":"2021-05-08T18:36:25","modified_gmt":"2021-05-08T18:36:25","slug":"la-oms-nombro-a-expertos-mundiales-del-nuevo-consejo-de-la-oms-sobre-economia-de-la-salud-para-todos","status":"publish","type":"post","link":"https:\/\/noti-america.com\/site\/ecuador\/2021\/05\/08\/la-oms-nombro-a-expertos-mundiales-del-nuevo-consejo-de-la-oms-sobre-economia-de-la-salud-para-todos\/","title":{"rendered":"La OMS nombr\u00f3 a expertos mundiales del nuevo Consejo sobre Econom\u00eda de la Salud para Todos"},"content":{"rendered":"<p>REDACCI\u00d3N NOTI AM\u00c9RICA (ECUADOR)<\/p>\n<ul>\n<li style=\"text-align: justify\"><strong>Los 11 miembros iniciales son expertos distinguidos en econom\u00eda, salud, gobierno, finanzas y desarrollo de todo el mundo.<\/strong><\/li>\n<li style=\"text-align: justify\"><strong>El Consejo se centra en nuevas estrategias para dar forma a las econom\u00edas y los sistemas financieros con el objetivo de construir sociedades saludables que sean justas, inclusivas, equitativas y sostenibles.\u00a0Incorporar\u00e1 las lecciones aprendidas durante la pandemia de COVID-19.<\/strong><\/li>\n<li style=\"text-align: justify\"><strong>El Consejo celebr\u00f3 su primera reuni\u00f3n el 6 de mayo de 2021 bajo la direcci\u00f3n de la presidenta Mariana Mazzucato, profesora de Econom\u00eda de la Innovaci\u00f3n y el Valor P\u00fablico y directora fundadora del Instituto de Innovaci\u00f3n y Fines P\u00fablicos de la University College London.<\/strong><\/li>\n<\/ul>\n<p style=\"text-align: justify\">La OMS ha convocado a 11 figuras destacadas de la econom\u00eda, la salud y el desarrollo de todo el mundo como los primeros miembros del Consejo de la OMS sobre la Econom\u00eda de la Salud para Todos. La funci\u00f3n del Consejo es brindar asesoramiento independiente al Director General sobre c\u00f3mo abordar los desaf\u00edos econ\u00f3micos y de salud interrelacionados y trazar un camino a seguir que ayude a las comunidades y pa\u00edses a construir sociedades saludables.\u00a0Para hacerlo, proporcionar\u00e1 recomendaciones para un nuevo enfoque para dar forma a la econom\u00eda que apoye la salud para todos como un objetivo general, incluidos sistemas de salud m\u00e1s equitativos y efectivos.<\/p>\n<p style=\"text-align: justify\">\u201cMe complace que la OMS convoque a este talentoso e impulsado grupo de expertos mundiales como el Consejo de la OMS sobre la Econom\u00eda de la Salud para Todos, que est\u00e1 presidido por la distinguida economista Profesora Mariana Mazzucato\u201d, dijo el Dr. Tedros. \u201cEstablec\u00ed este Consejo precisamente para reunir a los principales expertos en econom\u00eda, desarrollo de pol\u00edticas y salud, y para beneficiarme de sus conocimientos y habilidades.\u00a0Los insto a asesorar sobre una nueva forma de avanzar que garantice que la salud est\u00e9 en el centro de todas las acciones gubernamentales y decisiones de inversi\u00f3n.\u00a0Debemos valorar e invertir en la salud como nuestro producto m\u00e1s importante.\u00a0\u00ab<\/p>\n<p style=\"text-align: justify\">El Consejo celebr\u00f3 su reuni\u00f3n inaugural el 6 de mayo, y puso en marcha un proceso s\u00f3lido y amplio para recopilar informaci\u00f3n y desarrollar planes viables y pr\u00e1cticas prospectivas basadas en ejemplos del mundo real y lecciones aprendidas de la pandemia de COVID-19.<\/p>\n<p style=\"text-align: justify\">La patrocinadora del Consejo, es Sanna Marin, Primera Ministra de Finlandia, dijo que el nuevo organismo brindar\u00e1 un fuerte apoyo a la OMS y los pa\u00edses para abordar los problemas interconectados de la salud p\u00fablica y la econom\u00eda.<\/p>\n<p style=\"text-align: justify\">La Ministra Marin dijo: \u201cLa pandemia ha tenido un impacto trascendental en la salud, las econom\u00edas y las sociedades de todo el mundo. Al mismo tiempo, ha demostrado que, con el enfoque correcto, es posible proteger a los vulnerables, salvaguardar tanto la salud como la econom\u00eda.\u00a0Ha subrayado el significado de la solidaridad global y la importancia de poner a las personas en el centro de la toma de decisiones.\u00a0La participaci\u00f3n de las mujeres en el dise\u00f1o de pol\u00edticas y en el centro de la respuesta y la recuperaci\u00f3n es fundamental \u00ab.<\/p>\n<p style=\"text-align: justify\">A\u00f1adi\u00f3: \u201cCreemos firmemente que este Consejo brindar\u00e1 un asesoramiento invaluable tanto a la Secretar\u00eda como a los Estados Miembros\u201d.<\/p>\n<p style=\"text-align: justify\">Adem\u00e1s de la profesora Mariana Mazzucato, como presidenta, los miembros inaugurales del consejo son la profesora Senait Fisseha, la profesora Jayati Ghosh, Vanessa Huang, la profesora Stephanie Kelton, la profesora Ilona Kickbusch, Linah Kelebogile Mohohlo, la Dra. Z\u00e9lia Maria Profeta da Luz, Kate Raworth y Dame Marilyn Waring.\u00a0Se pueden nombrar miembros adicionales.\u00a0La Dra. Vera Songwe se unir\u00e1 como invitada especial.<\/p>\n<p style=\"text-align: justify\">\u201cLa pandemia de COVID-19 ha arrojado la luz m\u00e1s brillante sobre la gran falta de capacidad y alineaci\u00f3n entre los sectores esenciales de la sociedad en la forma en que responden a los desaf\u00edos econ\u00f3micos y de salud interrelacionados que enfrentan las personas en su vida diaria\u201d, dijo el profesor Mazzucato, presidente del consejo. , Catedr\u00e1tico de Econom\u00eda de la Innovaci\u00f3n y el Valor P\u00fablico y Director Fundador del Instituto de Innovaci\u00f3n y Prop\u00f3sito P\u00fablico del University College London.\u00a0\u201cLas capacidades gubernamentales para proteger la salud p\u00fablica y, a su vez, salvaguardar e impulsar las econom\u00edas requieren estrategias, inversi\u00f3n y compromiso pol\u00edtico interrelacionados.\u00a0La salud para todos debe estar en el centro de las decisiones de inversi\u00f3n e innovaci\u00f3n del gobierno, y debe gobernarse teniendo en cuenta el bien com\u00fan.\u00a0El Consejo trabajar\u00e1 para abordar estos numerosos desaf\u00edos y ofrecer al mundo un camino a seguir \u201d.<\/p>\n<p style=\"text-align: justify\">El Consejo de la OMS tiene como objetivo reformular la salud para todos, como un objetivo mundial, y garantizar que las econom\u00edas y las finanzas nacionales y mundiales est\u00e9n estructuradas de tal manera que cumplan este ambicioso objetivo.\u00a0Esto incluye asesoramiento sobre lo que se puede hacer y herramientas pr\u00e1cticas en cuatro \u00e1reas importantes: nuevas formas de medir y valorar la salud para todos, desarrollar la capacidad del sector p\u00fablico para impulsar cambios transformadores e innovar para lograr los objetivos de salud de la poblaci\u00f3n y garantizar que los sistemas financieros inviertan en la creaci\u00f3n de salud.\u00a0Esto requiere una transformaci\u00f3n en el financiamiento de la salud, no como un costo sino como una inversi\u00f3n a largo plazo para una \u201csociedad saludable\u201d, basada en la verdad fundamental de que la salud y la econom\u00eda son interdependientes.<\/p>\n","protected":false},"excerpt":{"rendered":"<p>REDACCI\u00d3N NOTI AM\u00c9RICA (ECUADOR) Los 11 miembros iniciales son expertos distinguidos en econom\u00eda, salud, gobierno, finanzas y desarrollo de todo el mundo. El Consejo se centra en nuevas estrategias para dar forma a las&#46;&#46;&#46;<\/p>\n","protected":false},"author":17,"featured_media":3979,"comment_status":"open","ping_status":"open","sticky":false,"template":"","format":"standard","meta":{"_acf_changed":false,"om_disable_all_campaigns":false,"rop_custom_images_group":[],"rop_custom_messages_group":[],"rop_publish_now":"initial","rop_publish_now_accounts":{"twitter_242054905_242054905":""},"rop_publish_now_history":[],"rop_publish_now_status":"pending","_uf_show_specific_survey":0,"_uf_disable_surveys":false,"footnotes":""},"categories":[1],"tags":[],"class_list":["post-14266","post","type-post","status-publish","format-standard","has-post-thumbnail","hentry","category-uncategorized"],"acf":[],"aioseo_notices":[],"yoast_head":"<!-- This site is optimized with the Yoast SEO Premium plugin v24.9 (Yoast SEO v27.2) - https:\/\/yoast.com\/product\/yoast-seo-premium-wordpress\/ -->\n<title>La OMS nombr\u00f3 a expertos mundiales del nuevo Consejo sobre Econom\u00eda de la Salud para Todos - Ecuador | Noti-America.com<\/title>\n<meta name=\"robots\" content=\"index, follow, max-snippet:-1, max-image-preview:large, max-video-preview:-1\" \/>\n<link rel=\"canonical\" href=\"https:\/\/noti-america.com\/site\/ecuador\/2021\/05\/08\/la-oms-nombro-a-expertos-mundiales-del-nuevo-consejo-de-la-oms-sobre-economia-de-la-salud-para-todos\/\" \/>\n<meta property=\"og:locale\" content=\"es_ES\" \/>\n<meta property=\"og:type\" content=\"article\" \/>\n<meta property=\"og:title\" content=\"La OMS nombr\u00f3 a expertos mundiales del nuevo Consejo sobre Econom\u00eda de la Salud para Todos\" \/>\n<meta property=\"og:description\" content=\"REDACCI\u00d3N NOTI AM\u00c9RICA (ECUADOR) Los 11 miembros iniciales son expertos distinguidos en econom\u00eda, salud, gobierno, finanzas y desarrollo de todo el mundo. El Consejo se centra en nuevas estrategias para dar forma a las&#046;&#046;&#046;\" \/>\n<meta property=\"og:url\" content=\"https:\/\/noti-america.com\/site\/ecuador\/2021\/05\/08\/la-oms-nombro-a-expertos-mundiales-del-nuevo-consejo-de-la-oms-sobre-economia-de-la-salud-para-todos\/\" \/>\n<meta property=\"og:site_name\" content=\"Ecuador | Noti-America.com\" \/>\n<meta property=\"article:published_time\" content=\"2021-05-08T18:35:36+00:00\" \/>\n<meta property=\"article:modified_time\" content=\"2021-05-08T18:36:25+00:00\" \/>\n<meta property=\"og:image\" content=\"https:\/\/noti-america.com\/site\/ecuador\/wp-content\/uploads\/sites\/18\/2019\/05\/Imagen-de-La-OMS.jpg\" \/>\n\t<meta property=\"og:image:width\" content=\"900\" \/>\n\t<meta property=\"og:image:height\" content=\"600\" \/>\n\t<meta property=\"og:image:type\" content=\"image\/jpeg\" \/>\n<meta name=\"author\" content=\"Gregory Quintana Montiel\" \/>\n<meta name=\"twitter:card\" content=\"summary_large_image\" \/>\n<meta name=\"twitter:creator\" content=\"@gdgregori1\" \/>\n<meta name=\"twitter:site\" content=\"@notiamerica\" \/>\n<meta name=\"twitter:label1\" content=\"Escrito por\" \/>\n\t<meta name=\"twitter:data1\" content=\"Gregory Quintana Montiel\" \/>\n\t<meta name=\"twitter:label2\" content=\"Tiempo estimado de lectura\" \/>\n\t<meta name=\"twitter:data2\" content=\"5 minutos\" \/>\n<script type=\"application\/ld+json\" class=\"yoast-schema-graph\">{\"@context\":\"https:\/\/schema.org\",\"@graph\":[{\"@type\":\"Article\",\"@id\":\"https:\/\/noti-america.com\/site\/ecuador\/2021\/05\/08\/la-oms-nombro-a-expertos-mundiales-del-nuevo-consejo-de-la-oms-sobre-economia-de-la-salud-para-todos\/#article\",\"isPartOf\":{\"@id\":\"https:\/\/noti-america.com\/site\/ecuador\/2021\/05\/08\/la-oms-nombro-a-expertos-mundiales-del-nuevo-consejo-de-la-oms-sobre-economia-de-la-salud-para-todos\/\"},\"author\":{\"name\":\"Gregory Quintana Montiel\",\"@id\":\"https:\/\/noti-america.com\/site\/ecuador\/#\/schema\/person\/3b975e42f15abfe64bfe3abdd916efda\"},\"headline\":\"La OMS nombr\u00f3 a expertos mundiales del nuevo Consejo sobre Econom\u00eda de la Salud para Todos\",\"datePublished\":\"2021-05-08T18:35:36+00:00\",\"dateModified\":\"2021-05-08T18:36:25+00:00\",\"mainEntityOfPage\":{\"@id\":\"https:\/\/noti-america.com\/site\/ecuador\/2021\/05\/08\/la-oms-nombro-a-expertos-mundiales-del-nuevo-consejo-de-la-oms-sobre-economia-de-la-salud-para-todos\/\"},\"wordCount\":939,\"commentCount\":0,\"publisher\":{\"@id\":\"https:\/\/noti-america.com\/site\/ecuador\/#organization\"},\"image\":{\"@id\":\"https:\/\/noti-america.com\/site\/ecuador\/2021\/05\/08\/la-oms-nombro-a-expertos-mundiales-del-nuevo-consejo-de-la-oms-sobre-economia-de-la-salud-para-todos\/#primaryimage\"},\"thumbnailUrl\":\"https:\/\/noti-america.com\/site\/ecuador\/wp-content\/uploads\/sites\/18\/2019\/05\/Imagen-de-La-OMS.jpg\",\"articleSection\":[\"Uncategorized\"],\"inLanguage\":\"es\",\"potentialAction\":[{\"@type\":\"CommentAction\",\"name\":\"Comment\",\"target\":[\"https:\/\/noti-america.com\/site\/ecuador\/2021\/05\/08\/la-oms-nombro-a-expertos-mundiales-del-nuevo-consejo-de-la-oms-sobre-economia-de-la-salud-para-todos\/#respond\"]}]},{\"@type\":\"WebPage\",\"@id\":\"https:\/\/noti-america.com\/site\/ecuador\/2021\/05\/08\/la-oms-nombro-a-expertos-mundiales-del-nuevo-consejo-de-la-oms-sobre-economia-de-la-salud-para-todos\/\",\"url\":\"https:\/\/noti-america.com\/site\/ecuador\/2021\/05\/08\/la-oms-nombro-a-expertos-mundiales-del-nuevo-consejo-de-la-oms-sobre-economia-de-la-salud-para-todos\/\",\"name\":\"La OMS nombr\u00f3 a expertos mundiales del nuevo Consejo sobre Econom\u00eda de la Salud para Todos - Ecuador | Noti-America.com\",\"isPartOf\":{\"@id\":\"https:\/\/noti-america.com\/site\/ecuador\/#website\"},\"primaryImageOfPage\":{\"@id\":\"https:\/\/noti-america.com\/site\/ecuador\/2021\/05\/08\/la-oms-nombro-a-expertos-mundiales-del-nuevo-consejo-de-la-oms-sobre-economia-de-la-salud-para-todos\/#primaryimage\"},\"image\":{\"@id\":\"https:\/\/noti-america.com\/site\/ecuador\/2021\/05\/08\/la-oms-nombro-a-expertos-mundiales-del-nuevo-consejo-de-la-oms-sobre-economia-de-la-salud-para-todos\/#primaryimage\"},\"thumbnailUrl\":\"https:\/\/noti-america.com\/site\/ecuador\/wp-content\/uploads\/sites\/18\/2019\/05\/Imagen-de-La-OMS.jpg\",\"datePublished\":\"2021-05-08T18:35:36+00:00\",\"dateModified\":\"2021-05-08T18:36:25+00:00\",\"breadcrumb\":{\"@id\":\"https:\/\/noti-america.com\/site\/ecuador\/2021\/05\/08\/la-oms-nombro-a-expertos-mundiales-del-nuevo-consejo-de-la-oms-sobre-economia-de-la-salud-para-todos\/#breadcrumb\"},\"inLanguage\":\"es\",\"potentialAction\":[{\"@type\":\"ReadAction\",\"target\":[\"https:\/\/noti-america.com\/site\/ecuador\/2021\/05\/08\/la-oms-nombro-a-expertos-mundiales-del-nuevo-consejo-de-la-oms-sobre-economia-de-la-salud-para-todos\/\"]}]},{\"@type\":\"ImageObject\",\"inLanguage\":\"es\",\"@id\":\"https:\/\/noti-america.com\/site\/ecuador\/2021\/05\/08\/la-oms-nombro-a-expertos-mundiales-del-nuevo-consejo-de-la-oms-sobre-economia-de-la-salud-para-todos\/#primaryimage\",\"url\":\"https:\/\/noti-america.com\/site\/ecuador\/wp-content\/uploads\/sites\/18\/2019\/05\/Imagen-de-La-OMS.jpg\",\"contentUrl\":\"https:\/\/noti-america.com\/site\/ecuador\/wp-content\/uploads\/sites\/18\/2019\/05\/Imagen-de-La-OMS.jpg\",\"width\":900,\"height\":600,\"caption\":\"Fueron m\u00e1s de 192 millones de d\u00f3lares los que los empleados de la Organizaci\u00f3n Mundial de la Salud gastaron en viajes el a\u00f1o pasado\"},{\"@type\":\"BreadcrumbList\",\"@id\":\"https:\/\/noti-america.com\/site\/ecuador\/2021\/05\/08\/la-oms-nombro-a-expertos-mundiales-del-nuevo-consejo-de-la-oms-sobre-economia-de-la-salud-para-todos\/#breadcrumb\",\"itemListElement\":[{\"@type\":\"ListItem\",\"position\":1,\"name\":\"Portada\",\"item\":\"https:\/\/noti-america.com\/site\/ecuador\/\"},{\"@type\":\"ListItem\",\"position\":2,\"name\":\"La OMS nombr\u00f3 a expertos mundiales del nuevo Consejo sobre Econom\u00eda de la Salud para Todos\"}]},{\"@type\":\"WebSite\",\"@id\":\"https:\/\/noti-america.com\/site\/ecuador\/#website\",\"url\":\"https:\/\/noti-america.com\/site\/ecuador\/\",\"name\":\"Ecuador | Noti-America.com\",\"description\":\"\",\"publisher\":{\"@id\":\"https:\/\/noti-america.com\/site\/ecuador\/#organization\"},\"potentialAction\":[{\"@type\":\"SearchAction\",\"target\":{\"@type\":\"EntryPoint\",\"urlTemplate\":\"https:\/\/noti-america.com\/site\/ecuador\/?s={search_term_string}\"},\"query-input\":{\"@type\":\"PropertyValueSpecification\",\"valueRequired\":true,\"valueName\":\"search_term_string\"}}],\"inLanguage\":\"es\"},{\"@type\":\"Organization\",\"@id\":\"https:\/\/noti-america.com\/site\/ecuador\/#organization\",\"name\":\"Noti-America LLC | Ecuador\",\"url\":\"https:\/\/noti-america.com\/site\/ecuador\/\",\"logo\":{\"@type\":\"ImageObject\",\"inLanguage\":\"es\",\"@id\":\"https:\/\/noti-america.com\/site\/ecuador\/#\/schema\/logo\/image\/\",\"url\":\"https:\/\/noti-america.com\/site\/ecuador\/wp-content\/uploads\/sites\/18\/2020\/07\/LogoNA-4x3-1.jpg\",\"contentUrl\":\"https:\/\/noti-america.com\/site\/ecuador\/wp-content\/uploads\/sites\/18\/2020\/07\/LogoNA-4x3-1.jpg\",\"width\":1236,\"height\":1080,\"caption\":\"Noti-America LLC | Ecuador\"},\"image\":{\"@id\":\"https:\/\/noti-america.com\/site\/ecuador\/#\/schema\/logo\/image\/\"},\"sameAs\":[\"https:\/\/x.com\/notiamerica\"]},{\"@type\":\"Person\",\"@id\":\"https:\/\/noti-america.com\/site\/ecuador\/#\/schema\/person\/3b975e42f15abfe64bfe3abdd916efda\",\"name\":\"Gregory Quintana Montiel\",\"image\":{\"@type\":\"ImageObject\",\"inLanguage\":\"es\",\"@id\":\"https:\/\/secure.gravatar.com\/avatar\/2d6b802f7720c2ec7744dcbe608cc2f3417aeb964d58b443c6d612b77531de1d?s=96&d=mm&r=g\",\"url\":\"https:\/\/secure.gravatar.com\/avatar\/2d6b802f7720c2ec7744dcbe608cc2f3417aeb964d58b443c6d612b77531de1d?s=96&d=mm&r=g\",\"contentUrl\":\"https:\/\/secure.gravatar.com\/avatar\/2d6b802f7720c2ec7744dcbe608cc2f3417aeb964d58b443c6d612b77531de1d?s=96&d=mm&r=g\",\"caption\":\"Gregory Quintana Montiel\"},\"description\":\"Licenciatura en Ciencias de la Comunicaci\u00f3n Social, egresado en la Especializaci\u00f3n Derecho Ambiental Desarrollo Sostenible y Sustentable, Miembro de la Comunidad de profesionales y experto para Latinoam\u00e9rica y el Caribe en Gesti\u00f3n por Resultado en el Desarrollo (COPLAC - GpRD) del Banco Interamericano de Desarrollo, experiencia en medios radiales y escritos.\",\"sameAs\":[\"https:\/\/x.com\/gdgregori1\",\"gquintana\"],\"url\":\"https:\/\/noti-america.com\/site\/ecuador\/author\/gquintana\/\"}]}<\/script>\n<!-- \/ Yoast SEO Premium plugin. -->","yoast_head_json":{"title":"La OMS nombr\u00f3 a expertos mundiales del nuevo Consejo sobre Econom\u00eda de la Salud para Todos - Ecuador | Noti-America.com","robots":{"index":"index","follow":"follow","max-snippet":"max-snippet:-1","max-image-preview":"max-image-preview:large","max-video-preview":"max-video-preview:-1"},"canonical":"https:\/\/noti-america.com\/site\/ecuador\/2021\/05\/08\/la-oms-nombro-a-expertos-mundiales-del-nuevo-consejo-de-la-oms-sobre-economia-de-la-salud-para-todos\/","og_locale":"es_ES","og_type":"article","og_title":"La OMS nombr\u00f3 a expertos mundiales del nuevo Consejo sobre Econom\u00eda de la Salud para Todos","og_description":"REDACCI\u00d3N NOTI AM\u00c9RICA (ECUADOR) Los 11 miembros iniciales son expertos distinguidos en econom\u00eda, salud, gobierno, finanzas y desarrollo de todo el mundo. El Consejo se centra en nuevas estrategias para dar forma a las&#46;&#46;&#46;","og_url":"https:\/\/noti-america.com\/site\/ecuador\/2021\/05\/08\/la-oms-nombro-a-expertos-mundiales-del-nuevo-consejo-de-la-oms-sobre-economia-de-la-salud-para-todos\/","og_site_name":"Ecuador | Noti-America.com","article_published_time":"2021-05-08T18:35:36+00:00","article_modified_time":"2021-05-08T18:36:25+00:00","og_image":[{"width":900,"height":600,"url":"https:\/\/noti-america.com\/site\/ecuador\/wp-content\/uploads\/sites\/18\/2019\/05\/Imagen-de-La-OMS.jpg","type":"image\/jpeg"}],"author":"Gregory Quintana Montiel","twitter_card":"summary_large_image","twitter_creator":"@gdgregori1","twitter_site":"@notiamerica","twitter_misc":{"Escrito por":"Gregory Quintana Montiel","Tiempo estimado de lectura":"5 minutos"},"schema":{"@context":"https:\/\/schema.org","@graph":[{"@type":"Article","@id":"https:\/\/noti-america.com\/site\/ecuador\/2021\/05\/08\/la-oms-nombro-a-expertos-mundiales-del-nuevo-consejo-de-la-oms-sobre-economia-de-la-salud-para-todos\/#article","isPartOf":{"@id":"https:\/\/noti-america.com\/site\/ecuador\/2021\/05\/08\/la-oms-nombro-a-expertos-mundiales-del-nuevo-consejo-de-la-oms-sobre-economia-de-la-salud-para-todos\/"},"author":{"name":"Gregory Quintana Montiel","@id":"https:\/\/noti-america.com\/site\/ecuador\/#\/schema\/person\/3b975e42f15abfe64bfe3abdd916efda"},"headline":"La OMS nombr\u00f3 a expertos mundiales del nuevo Consejo sobre Econom\u00eda de la Salud para Todos","datePublished":"2021-05-08T18:35:36+00:00","dateModified":"2021-05-08T18:36:25+00:00","mainEntityOfPage":{"@id":"https:\/\/noti-america.com\/site\/ecuador\/2021\/05\/08\/la-oms-nombro-a-expertos-mundiales-del-nuevo-consejo-de-la-oms-sobre-economia-de-la-salud-para-todos\/"},"wordCount":939,"commentCount":0,"publisher":{"@id":"https:\/\/noti-america.com\/site\/ecuador\/#organization"},"image":{"@id":"https:\/\/noti-america.com\/site\/ecuador\/2021\/05\/08\/la-oms-nombro-a-expertos-mundiales-del-nuevo-consejo-de-la-oms-sobre-economia-de-la-salud-para-todos\/#primaryimage"},"thumbnailUrl":"https:\/\/noti-america.com\/site\/ecuador\/wp-content\/uploads\/sites\/18\/2019\/05\/Imagen-de-La-OMS.jpg","articleSection":["Uncategorized"],"inLanguage":"es","potentialAction":[{"@type":"CommentAction","name":"Comment","target":["https:\/\/noti-america.com\/site\/ecuador\/2021\/05\/08\/la-oms-nombro-a-expertos-mundiales-del-nuevo-consejo-de-la-oms-sobre-economia-de-la-salud-para-todos\/#respond"]}]},{"@type":"WebPage","@id":"https:\/\/noti-america.com\/site\/ecuador\/2021\/05\/08\/la-oms-nombro-a-expertos-mundiales-del-nuevo-consejo-de-la-oms-sobre-economia-de-la-salud-para-todos\/","url":"https:\/\/noti-america.com\/site\/ecuador\/2021\/05\/08\/la-oms-nombro-a-expertos-mundiales-del-nuevo-consejo-de-la-oms-sobre-economia-de-la-salud-para-todos\/","name":"La OMS nombr\u00f3 a expertos mundiales del nuevo Consejo sobre Econom\u00eda de la Salud para Todos - Ecuador | Noti-America.com","isPartOf":{"@id":"https:\/\/noti-america.com\/site\/ecuador\/#website"},"primaryImageOfPage":{"@id":"https:\/\/noti-america.com\/site\/ecuador\/2021\/05\/08\/la-oms-nombro-a-expertos-mundiales-del-nuevo-consejo-de-la-oms-sobre-economia-de-la-salud-para-todos\/#primaryimage"},"image":{"@id":"https:\/\/noti-america.com\/site\/ecuador\/2021\/05\/08\/la-oms-nombro-a-expertos-mundiales-del-nuevo-consejo-de-la-oms-sobre-economia-de-la-salud-para-todos\/#primaryimage"},"thumbnailUrl":"https:\/\/noti-america.com\/site\/ecuador\/wp-content\/uploads\/sites\/18\/2019\/05\/Imagen-de-La-OMS.jpg","datePublished":"2021-05-08T18:35:36+00:00","dateModified":"2021-05-08T18:36:25+00:00","breadcrumb":{"@id":"https:\/\/noti-america.com\/site\/ecuador\/2021\/05\/08\/la-oms-nombro-a-expertos-mundiales-del-nuevo-consejo-de-la-oms-sobre-economia-de-la-salud-para-todos\/#breadcrumb"},"inLanguage":"es","potentialAction":[{"@type":"ReadAction","target":["https:\/\/noti-america.com\/site\/ecuador\/2021\/05\/08\/la-oms-nombro-a-expertos-mundiales-del-nuevo-consejo-de-la-oms-sobre-economia-de-la-salud-para-todos\/"]}]},{"@type":"ImageObject","inLanguage":"es","@id":"https:\/\/noti-america.com\/site\/ecuador\/2021\/05\/08\/la-oms-nombro-a-expertos-mundiales-del-nuevo-consejo-de-la-oms-sobre-economia-de-la-salud-para-todos\/#primaryimage","url":"https:\/\/noti-america.com\/site\/ecuador\/wp-content\/uploads\/sites\/18\/2019\/05\/Imagen-de-La-OMS.jpg","contentUrl":"https:\/\/noti-america.com\/site\/ecuador\/wp-content\/uploads\/sites\/18\/2019\/05\/Imagen-de-La-OMS.jpg","width":900,"height":600,"caption":"Fueron m\u00e1s de 192 millones de d\u00f3lares los que los empleados de la Organizaci\u00f3n Mundial de la Salud gastaron en viajes el a\u00f1o pasado"},{"@type":"BreadcrumbList","@id":"https:\/\/noti-america.com\/site\/ecuador\/2021\/05\/08\/la-oms-nombro-a-expertos-mundiales-del-nuevo-consejo-de-la-oms-sobre-economia-de-la-salud-para-todos\/#breadcrumb","itemListElement":[{"@type":"ListItem","position":1,"name":"Portada","item":"https:\/\/noti-america.com\/site\/ecuador\/"},{"@type":"ListItem","position":2,"name":"La OMS nombr\u00f3 a expertos mundiales del nuevo Consejo sobre Econom\u00eda de la Salud para Todos"}]},{"@type":"WebSite","@id":"https:\/\/noti-america.com\/site\/ecuador\/#website","url":"https:\/\/noti-america.com\/site\/ecuador\/","name":"Ecuador | Noti-America.com","description":"","publisher":{"@id":"https:\/\/noti-america.com\/site\/ecuador\/#organization"},"potentialAction":[{"@type":"SearchAction","target":{"@type":"EntryPoint","urlTemplate":"https:\/\/noti-america.com\/site\/ecuador\/?s={search_term_string}"},"query-input":{"@type":"PropertyValueSpecification","valueRequired":true,"valueName":"search_term_string"}}],"inLanguage":"es"},{"@type":"Organization","@id":"https:\/\/noti-america.com\/site\/ecuador\/#organization","name":"Noti-America LLC | Ecuador","url":"https:\/\/noti-america.com\/site\/ecuador\/","logo":{"@type":"ImageObject","inLanguage":"es","@id":"https:\/\/noti-america.com\/site\/ecuador\/#\/schema\/logo\/image\/","url":"https:\/\/noti-america.com\/site\/ecuador\/wp-content\/uploads\/sites\/18\/2020\/07\/LogoNA-4x3-1.jpg","contentUrl":"https:\/\/noti-america.com\/site\/ecuador\/wp-content\/uploads\/sites\/18\/2020\/07\/LogoNA-4x3-1.jpg","width":1236,"height":1080,"caption":"Noti-America LLC | Ecuador"},"image":{"@id":"https:\/\/noti-america.com\/site\/ecuador\/#\/schema\/logo\/image\/"},"sameAs":["https:\/\/x.com\/notiamerica"]},{"@type":"Person","@id":"https:\/\/noti-america.com\/site\/ecuador\/#\/schema\/person\/3b975e42f15abfe64bfe3abdd916efda","name":"Gregory Quintana Montiel","image":{"@type":"ImageObject","inLanguage":"es","@id":"https:\/\/secure.gravatar.com\/avatar\/2d6b802f7720c2ec7744dcbe608cc2f3417aeb964d58b443c6d612b77531de1d?s=96&d=mm&r=g","url":"https:\/\/secure.gravatar.com\/avatar\/2d6b802f7720c2ec7744dcbe608cc2f3417aeb964d58b443c6d612b77531de1d?s=96&d=mm&r=g","contentUrl":"https:\/\/secure.gravatar.com\/avatar\/2d6b802f7720c2ec7744dcbe608cc2f3417aeb964d58b443c6d612b77531de1d?s=96&d=mm&r=g","caption":"Gregory Quintana Montiel"},"description":"Licenciatura en Ciencias de la Comunicaci\u00f3n Social, egresado en la Especializaci\u00f3n Derecho Ambiental Desarrollo Sostenible y Sustentable, Miembro de la Comunidad de profesionales y experto para Latinoam\u00e9rica y el Caribe en Gesti\u00f3n por Resultado en el Desarrollo (COPLAC - GpRD) del Banco Interamericano de Desarrollo, experiencia en medios radiales y escritos.","sameAs":["https:\/\/x.com\/gdgregori1","gquintana"],"url":"https:\/\/noti-america.com\/site\/ecuador\/author\/gquintana\/"}]}},"_links":{"self":[{"href":"https:\/\/noti-america.com\/site\/ecuador\/wp-json\/wp\/v2\/posts\/14266","targetHints":{"allow":["GET"]}}],"collection":[{"href":"https:\/\/noti-america.com\/site\/ecuador\/wp-json\/wp\/v2\/posts"}],"about":[{"href":"https:\/\/noti-america.com\/site\/ecuador\/wp-json\/wp\/v2\/types\/post"}],"author":[{"embeddable":true,"href":"https:\/\/noti-america.com\/site\/ecuador\/wp-json\/wp\/v2\/users\/17"}],"replies":[{"embeddable":true,"href":"https:\/\/noti-america.com\/site\/ecuador\/wp-json\/wp\/v2\/comments?post=14266"}],"version-history":[{"count":2,"href":"https:\/\/noti-america.com\/site\/ecuador\/wp-json\/wp\/v2\/posts\/14266\/revisions"}],"predecessor-version":[{"id":14268,"href":"https:\/\/noti-america.com\/site\/ecuador\/wp-json\/wp\/v2\/posts\/14266\/revisions\/14268"}],"wp:featuredmedia":[{"embeddable":true,"href":"https:\/\/noti-america.com\/site\/ecuador\/wp-json\/wp\/v2\/media\/3979"}],"wp:attachment":[{"href":"https:\/\/noti-america.com\/site\/ecuador\/wp-json\/wp\/v2\/media?parent=14266"}],"wp:term":[{"taxonomy":"category","embeddable":true,"href":"https:\/\/noti-america.com\/site\/ecuador\/wp-json\/wp\/v2\/categories?post=14266"},{"taxonomy":"post_tag","embeddable":true,"href":"https:\/\/noti-america.com\/site\/ecuador\/wp-json\/wp\/v2\/tags?post=14266"}],"curies":[{"name":"wp","href":"https:\/\/api.w.org\/{rel}","templated":true}]}}