{"id":14133,"date":"2021-04-30T01:59:58","date_gmt":"2021-04-30T01:59:58","guid":{"rendered":"https:\/\/noti-america.com\/site\/ecuador\/?p=14133"},"modified":"2021-04-30T02:19:01","modified_gmt":"2021-04-30T02:19:01","slug":"sombras-sobre-el-sector-agropecuario","status":"publish","type":"post","link":"https:\/\/noti-america.com\/site\/ecuador\/2021\/04\/30\/sombras-sobre-el-sector-agropecuario\/","title":{"rendered":"Sombras sobre el sector Agropecuario"},"content":{"rendered":"<p>REDACCI\u00d3N NOTI AM\u00c9RICA (ECUADOR)<\/p>\n<p style=\"text-align: justify\"><em>Cinco millones y medio de ecuatorianos dependen directa e indirectamente del sector agropecuario; es una enorme cantidad de personas que se desenvuelven y fijan sus aspiraciones laborales, sociales y familiares en la diversidad de la agricultura y la ganader\u00eda, adem\u00e1s de un incontable n\u00famero de actividades relacionadas que conforman este enorme universo agrario. Y son tantas y tan variadas las pr\u00e1cticas de producci\u00f3n que se desarrollan en el sector, que indiscutiblemente lo califican como uno de los m\u00e1s importantes engranajes del aparato productivo nacional. Sin embargo, la desatenci\u00f3n de los \u00faltimos gobiernos y la desidia de algunos funcionarios incompetentes, ha provocado el descalabro de este generoso y noble fragmento productivo, especialmente del subsector de la producci\u00f3n para consumo interno que se constituye como el responsable y custodio de la soberan\u00eda alimentaria, pero tambi\u00e9n como el mayor generador de empleo y oportunidades laborales para los sectores rurales de toda la rep\u00fablica del Ecuador.\u00a0 <\/em><\/p>\n<p style=\"text-align: justify\"><em>El nuevo gobierno debe entender que es urgente la recuperaci\u00f3n del sector, pero debe comprender tambi\u00e9n que es indispensable una rehabilitaci\u00f3n integral y no solo la reparaci\u00f3n aislada de problemas puntuales que muchas veces son circunstanciales.\u00a0 Significa esto que antes que hablar de productos espec\u00edficos como el arroz, papa, ma\u00edz, leche, yuca, cebolla, etc., es necesario identificar la problem\u00e1tica general que afecta la producci\u00f3n agropecuaria, analizando ejes tan importantes como: tecnificaci\u00f3n, productividad, costos de producci\u00f3n, financiamiento y comercializaci\u00f3n; temas que deber\u00e1n corregirse en conjunto y al un\u00edsono, porque cada uno est\u00e1 concatenado con el otro y por tanto, ninguno puede desarrollarse sin el concurso de los dem\u00e1s. <\/em><\/p>\n<p style=\"text-align: justify\"><em>Por eso quien reciba la responsabilidad de rehabilitar este sector, deber\u00e1 ser un profesional en agropecuaria que re\u00fana la experticia y experiencia suficiente para vislumbrar toda la problem\u00e1tica existente, identificando las causas que la provocan y se\u00f1alando las propuestas y acciones necesarias para corregirlas.\u00a0 Tendr\u00e1 que ser capaz de darse cuenta que para recuperar la rentabilidad no sirve incrementar el precio referencial de los productos, sino disminuir dr\u00e1sticamente el costo de producci\u00f3n, propulsando mayor productividad. Tambi\u00e9n deber\u00eda conocer que el problema del financiamiento Bancario no se corrige con nuevos capitales, sino reestructurando la pol\u00edtica financiera para modificar los t\u00e9rminos y condiciones que impiden que el peque\u00f1o productor pueda calificar como sujeto de cr\u00e9dito.\u00a0 De igual manera tendr\u00e1 que advertir que la capacidad de pago no se mejora con tasas de inter\u00e9s irrealmente bajas, ni con plazos exageradamente largos, sino con un flujo de pago compatible con la capacidad de generaci\u00f3n de ingresos del proyecto financiado.<\/em><\/p>\n<p style=\"text-align: justify\"><em>El flamante presidente electo\u2026\u2026.. S\u00ed, tiene buenas intenciones pero ya vemos que no ser\u00e1 suficiente.\u00a0 La rehabilitaci\u00f3n del sector agropecuario es primordial para el rescate del pa\u00eds, pero tambi\u00e9n el resarcimiento del campesinado, por necesidad nacional y por justicia; pero mucho me temo que lo hasta ahora propuesto por el futuro presidente, no alcanza, y por eso este sector guarda pocas esperanzas de evadir las sombras.<\/em><\/p>\n","protected":false},"excerpt":{"rendered":"<p>REDACCI\u00d3N NOTI AM\u00c9RICA (ECUADOR) Cinco millones y medio de ecuatorianos dependen directa e indirectamente del sector agropecuario; es una enorme cantidad de personas que se desenvuelven y fijan sus aspiraciones laborales, sociales y familiares&#46;&#46;&#46;<\/p>\n","protected":false},"author":83,"featured_media":0,"comment_status":"open","ping_status":"open","sticky":false,"template":"","format":"standard","meta":{"_acf_changed":false,"om_disable_all_campaigns":false,"rop_custom_images_group":[],"rop_custom_messages_group":[],"rop_publish_now":"initial","rop_publish_now_accounts":{"twitter_242054905_242054905":""},"rop_publish_now_history":[],"rop_publish_now_status":"pending","_uf_show_specific_survey":0,"_uf_disable_surveys":false,"footnotes":""},"categories":[107],"tags":[],"class_list":["post-14133","post","type-post","status-publish","format-standard","hentry","category-articulo"],"acf":[],"aioseo_notices":[],"yoast_head":"<!-- This site is optimized with the Yoast SEO Premium plugin v24.9 (Yoast SEO v27.2) - https:\/\/yoast.com\/product\/yoast-seo-premium-wordpress\/ -->\n<title>Sombras sobre el sector Agropecuario - Ecuador | Noti-America.com<\/title>\n<meta name=\"robots\" content=\"index, follow, max-snippet:-1, max-image-preview:large, max-video-preview:-1\" \/>\n<link rel=\"canonical\" href=\"https:\/\/noti-america.com\/site\/ecuador\/2021\/04\/30\/sombras-sobre-el-sector-agropecuario\/\" \/>\n<meta property=\"og:locale\" content=\"es_ES\" \/>\n<meta property=\"og:type\" content=\"article\" \/>\n<meta property=\"og:title\" content=\"Sombras sobre el sector Agropecuario\" \/>\n<meta property=\"og:description\" content=\"REDACCI\u00d3N NOTI AM\u00c9RICA (ECUADOR) Cinco millones y medio de ecuatorianos dependen directa e indirectamente del sector agropecuario; es una enorme cantidad de personas que se desenvuelven y fijan sus aspiraciones laborales, sociales y familiares&#046;&#046;&#046;\" \/>\n<meta property=\"og:url\" content=\"https:\/\/noti-america.com\/site\/ecuador\/2021\/04\/30\/sombras-sobre-el-sector-agropecuario\/\" \/>\n<meta property=\"og:site_name\" content=\"Ecuador | Noti-America.com\" \/>\n<meta property=\"article:published_time\" content=\"2021-04-30T01:59:58+00:00\" \/>\n<meta property=\"article:modified_time\" content=\"2021-04-30T02:19:01+00:00\" \/>\n<meta name=\"author\" content=\"Gonzalo G\u00f3mez\" \/>\n<meta name=\"twitter:card\" content=\"summary_large_image\" \/>\n<meta name=\"twitter:creator\" content=\"@notiamerica\" \/>\n<meta name=\"twitter:site\" content=\"@notiamerica\" \/>\n<meta name=\"twitter:label1\" content=\"Escrito por\" \/>\n\t<meta name=\"twitter:data1\" content=\"Gonzalo G\u00f3mez\" \/>\n\t<meta name=\"twitter:label2\" content=\"Tiempo estimado de lectura\" \/>\n\t<meta name=\"twitter:data2\" content=\"3 minutos\" \/>\n<script type=\"application\/ld+json\" class=\"yoast-schema-graph\">{\"@context\":\"https:\/\/schema.org\",\"@graph\":[{\"@type\":\"Article\",\"@id\":\"https:\/\/noti-america.com\/site\/ecuador\/2021\/04\/30\/sombras-sobre-el-sector-agropecuario\/#article\",\"isPartOf\":{\"@id\":\"https:\/\/noti-america.com\/site\/ecuador\/2021\/04\/30\/sombras-sobre-el-sector-agropecuario\/\"},\"author\":{\"name\":\"Gonzalo G\u00f3mez\",\"@id\":\"https:\/\/noti-america.com\/site\/ecuador\/#\/schema\/person\/abd0f6166c000d1188a1c05fb087e8cc\"},\"headline\":\"Sombras sobre el sector Agropecuario\",\"datePublished\":\"2021-04-30T01:59:58+00:00\",\"dateModified\":\"2021-04-30T02:19:01+00:00\",\"mainEntityOfPage\":{\"@id\":\"https:\/\/noti-america.com\/site\/ecuador\/2021\/04\/30\/sombras-sobre-el-sector-agropecuario\/\"},\"wordCount\":532,\"commentCount\":1,\"publisher\":{\"@id\":\"https:\/\/noti-america.com\/site\/ecuador\/#organization\"},\"articleSection\":[\"Articulo\"],\"inLanguage\":\"es\",\"potentialAction\":[{\"@type\":\"CommentAction\",\"name\":\"Comment\",\"target\":[\"https:\/\/noti-america.com\/site\/ecuador\/2021\/04\/30\/sombras-sobre-el-sector-agropecuario\/#respond\"]}]},{\"@type\":\"WebPage\",\"@id\":\"https:\/\/noti-america.com\/site\/ecuador\/2021\/04\/30\/sombras-sobre-el-sector-agropecuario\/\",\"url\":\"https:\/\/noti-america.com\/site\/ecuador\/2021\/04\/30\/sombras-sobre-el-sector-agropecuario\/\",\"name\":\"Sombras sobre el sector Agropecuario - Ecuador | Noti-America.com\",\"isPartOf\":{\"@id\":\"https:\/\/noti-america.com\/site\/ecuador\/#website\"},\"datePublished\":\"2021-04-30T01:59:58+00:00\",\"dateModified\":\"2021-04-30T02:19:01+00:00\",\"breadcrumb\":{\"@id\":\"https:\/\/noti-america.com\/site\/ecuador\/2021\/04\/30\/sombras-sobre-el-sector-agropecuario\/#breadcrumb\"},\"inLanguage\":\"es\",\"potentialAction\":[{\"@type\":\"ReadAction\",\"target\":[\"https:\/\/noti-america.com\/site\/ecuador\/2021\/04\/30\/sombras-sobre-el-sector-agropecuario\/\"]}]},{\"@type\":\"BreadcrumbList\",\"@id\":\"https:\/\/noti-america.com\/site\/ecuador\/2021\/04\/30\/sombras-sobre-el-sector-agropecuario\/#breadcrumb\",\"itemListElement\":[{\"@type\":\"ListItem\",\"position\":1,\"name\":\"Portada\",\"item\":\"https:\/\/noti-america.com\/site\/ecuador\/\"},{\"@type\":\"ListItem\",\"position\":2,\"name\":\"Sombras sobre el sector Agropecuario\"}]},{\"@type\":\"WebSite\",\"@id\":\"https:\/\/noti-america.com\/site\/ecuador\/#website\",\"url\":\"https:\/\/noti-america.com\/site\/ecuador\/\",\"name\":\"Ecuador | Noti-America.com\",\"description\":\"\",\"publisher\":{\"@id\":\"https:\/\/noti-america.com\/site\/ecuador\/#organization\"},\"potentialAction\":[{\"@type\":\"SearchAction\",\"target\":{\"@type\":\"EntryPoint\",\"urlTemplate\":\"https:\/\/noti-america.com\/site\/ecuador\/?s={search_term_string}\"},\"query-input\":{\"@type\":\"PropertyValueSpecification\",\"valueRequired\":true,\"valueName\":\"search_term_string\"}}],\"inLanguage\":\"es\"},{\"@type\":\"Organization\",\"@id\":\"https:\/\/noti-america.com\/site\/ecuador\/#organization\",\"name\":\"Noti-America LLC | Ecuador\",\"url\":\"https:\/\/noti-america.com\/site\/ecuador\/\",\"logo\":{\"@type\":\"ImageObject\",\"inLanguage\":\"es\",\"@id\":\"https:\/\/noti-america.com\/site\/ecuador\/#\/schema\/logo\/image\/\",\"url\":\"https:\/\/noti-america.com\/site\/ecuador\/wp-content\/uploads\/sites\/18\/2020\/07\/LogoNA-4x3-1.jpg\",\"contentUrl\":\"https:\/\/noti-america.com\/site\/ecuador\/wp-content\/uploads\/sites\/18\/2020\/07\/LogoNA-4x3-1.jpg\",\"width\":1236,\"height\":1080,\"caption\":\"Noti-America LLC | Ecuador\"},\"image\":{\"@id\":\"https:\/\/noti-america.com\/site\/ecuador\/#\/schema\/logo\/image\/\"},\"sameAs\":[\"https:\/\/x.com\/notiamerica\"]},{\"@type\":\"Person\",\"@id\":\"https:\/\/noti-america.com\/site\/ecuador\/#\/schema\/person\/abd0f6166c000d1188a1c05fb087e8cc\",\"name\":\"Gonzalo G\u00f3mez\",\"image\":{\"@type\":\"ImageObject\",\"inLanguage\":\"es\",\"@id\":\"https:\/\/secure.gravatar.com\/avatar\/56c94a19ba74729471e932f7cd7ad762af0a1ab4d40c6a98887b9d16db11804a?s=96&d=mm&r=g\",\"url\":\"https:\/\/secure.gravatar.com\/avatar\/56c94a19ba74729471e932f7cd7ad762af0a1ab4d40c6a98887b9d16db11804a?s=96&d=mm&r=g\",\"contentUrl\":\"https:\/\/secure.gravatar.com\/avatar\/56c94a19ba74729471e932f7cd7ad762af0a1ab4d40c6a98887b9d16db11804a?s=96&d=mm&r=g\",\"caption\":\"Gonzalo G\u00f3mez\"},\"url\":\"https:\/\/noti-america.com\/site\/ecuador\/author\/ggomez\/\"}]}<\/script>\n<!-- \/ Yoast SEO Premium plugin. -->","yoast_head_json":{"title":"Sombras sobre el sector Agropecuario - Ecuador | Noti-America.com","robots":{"index":"index","follow":"follow","max-snippet":"max-snippet:-1","max-image-preview":"max-image-preview:large","max-video-preview":"max-video-preview:-1"},"canonical":"https:\/\/noti-america.com\/site\/ecuador\/2021\/04\/30\/sombras-sobre-el-sector-agropecuario\/","og_locale":"es_ES","og_type":"article","og_title":"Sombras sobre el sector Agropecuario","og_description":"REDACCI\u00d3N NOTI AM\u00c9RICA (ECUADOR) Cinco millones y medio de ecuatorianos dependen directa e indirectamente del sector agropecuario; es una enorme cantidad de personas que se desenvuelven y fijan sus aspiraciones laborales, sociales y familiares&#46;&#46;&#46;","og_url":"https:\/\/noti-america.com\/site\/ecuador\/2021\/04\/30\/sombras-sobre-el-sector-agropecuario\/","og_site_name":"Ecuador | Noti-America.com","article_published_time":"2021-04-30T01:59:58+00:00","article_modified_time":"2021-04-30T02:19:01+00:00","author":"Gonzalo G\u00f3mez","twitter_card":"summary_large_image","twitter_creator":"@notiamerica","twitter_site":"@notiamerica","twitter_misc":{"Escrito por":"Gonzalo G\u00f3mez","Tiempo estimado de lectura":"3 minutos"},"schema":{"@context":"https:\/\/schema.org","@graph":[{"@type":"Article","@id":"https:\/\/noti-america.com\/site\/ecuador\/2021\/04\/30\/sombras-sobre-el-sector-agropecuario\/#article","isPartOf":{"@id":"https:\/\/noti-america.com\/site\/ecuador\/2021\/04\/30\/sombras-sobre-el-sector-agropecuario\/"},"author":{"name":"Gonzalo G\u00f3mez","@id":"https:\/\/noti-america.com\/site\/ecuador\/#\/schema\/person\/abd0f6166c000d1188a1c05fb087e8cc"},"headline":"Sombras sobre el sector Agropecuario","datePublished":"2021-04-30T01:59:58+00:00","dateModified":"2021-04-30T02:19:01+00:00","mainEntityOfPage":{"@id":"https:\/\/noti-america.com\/site\/ecuador\/2021\/04\/30\/sombras-sobre-el-sector-agropecuario\/"},"wordCount":532,"commentCount":1,"publisher":{"@id":"https:\/\/noti-america.com\/site\/ecuador\/#organization"},"articleSection":["Articulo"],"inLanguage":"es","potentialAction":[{"@type":"CommentAction","name":"Comment","target":["https:\/\/noti-america.com\/site\/ecuador\/2021\/04\/30\/sombras-sobre-el-sector-agropecuario\/#respond"]}]},{"@type":"WebPage","@id":"https:\/\/noti-america.com\/site\/ecuador\/2021\/04\/30\/sombras-sobre-el-sector-agropecuario\/","url":"https:\/\/noti-america.com\/site\/ecuador\/2021\/04\/30\/sombras-sobre-el-sector-agropecuario\/","name":"Sombras sobre el sector Agropecuario - Ecuador | Noti-America.com","isPartOf":{"@id":"https:\/\/noti-america.com\/site\/ecuador\/#website"},"datePublished":"2021-04-30T01:59:58+00:00","dateModified":"2021-04-30T02:19:01+00:00","breadcrumb":{"@id":"https:\/\/noti-america.com\/site\/ecuador\/2021\/04\/30\/sombras-sobre-el-sector-agropecuario\/#breadcrumb"},"inLanguage":"es","potentialAction":[{"@type":"ReadAction","target":["https:\/\/noti-america.com\/site\/ecuador\/2021\/04\/30\/sombras-sobre-el-sector-agropecuario\/"]}]},{"@type":"BreadcrumbList","@id":"https:\/\/noti-america.com\/site\/ecuador\/2021\/04\/30\/sombras-sobre-el-sector-agropecuario\/#breadcrumb","itemListElement":[{"@type":"ListItem","position":1,"name":"Portada","item":"https:\/\/noti-america.com\/site\/ecuador\/"},{"@type":"ListItem","position":2,"name":"Sombras sobre el sector Agropecuario"}]},{"@type":"WebSite","@id":"https:\/\/noti-america.com\/site\/ecuador\/#website","url":"https:\/\/noti-america.com\/site\/ecuador\/","name":"Ecuador | Noti-America.com","description":"","publisher":{"@id":"https:\/\/noti-america.com\/site\/ecuador\/#organization"},"potentialAction":[{"@type":"SearchAction","target":{"@type":"EntryPoint","urlTemplate":"https:\/\/noti-america.com\/site\/ecuador\/?s={search_term_string}"},"query-input":{"@type":"PropertyValueSpecification","valueRequired":true,"valueName":"search_term_string"}}],"inLanguage":"es"},{"@type":"Organization","@id":"https:\/\/noti-america.com\/site\/ecuador\/#organization","name":"Noti-America LLC | Ecuador","url":"https:\/\/noti-america.com\/site\/ecuador\/","logo":{"@type":"ImageObject","inLanguage":"es","@id":"https:\/\/noti-america.com\/site\/ecuador\/#\/schema\/logo\/image\/","url":"https:\/\/noti-america.com\/site\/ecuador\/wp-content\/uploads\/sites\/18\/2020\/07\/LogoNA-4x3-1.jpg","contentUrl":"https:\/\/noti-america.com\/site\/ecuador\/wp-content\/uploads\/sites\/18\/2020\/07\/LogoNA-4x3-1.jpg","width":1236,"height":1080,"caption":"Noti-America LLC | Ecuador"},"image":{"@id":"https:\/\/noti-america.com\/site\/ecuador\/#\/schema\/logo\/image\/"},"sameAs":["https:\/\/x.com\/notiamerica"]},{"@type":"Person","@id":"https:\/\/noti-america.com\/site\/ecuador\/#\/schema\/person\/abd0f6166c000d1188a1c05fb087e8cc","name":"Gonzalo G\u00f3mez","image":{"@type":"ImageObject","inLanguage":"es","@id":"https:\/\/secure.gravatar.com\/avatar\/56c94a19ba74729471e932f7cd7ad762af0a1ab4d40c6a98887b9d16db11804a?s=96&d=mm&r=g","url":"https:\/\/secure.gravatar.com\/avatar\/56c94a19ba74729471e932f7cd7ad762af0a1ab4d40c6a98887b9d16db11804a?s=96&d=mm&r=g","contentUrl":"https:\/\/secure.gravatar.com\/avatar\/56c94a19ba74729471e932f7cd7ad762af0a1ab4d40c6a98887b9d16db11804a?s=96&d=mm&r=g","caption":"Gonzalo G\u00f3mez"},"url":"https:\/\/noti-america.com\/site\/ecuador\/author\/ggomez\/"}]}},"_links":{"self":[{"href":"https:\/\/noti-america.com\/site\/ecuador\/wp-json\/wp\/v2\/posts\/14133","targetHints":{"allow":["GET"]}}],"collection":[{"href":"https:\/\/noti-america.com\/site\/ecuador\/wp-json\/wp\/v2\/posts"}],"about":[{"href":"https:\/\/noti-america.com\/site\/ecuador\/wp-json\/wp\/v2\/types\/post"}],"author":[{"embeddable":true,"href":"https:\/\/noti-america.com\/site\/ecuador\/wp-json\/wp\/v2\/users\/83"}],"replies":[{"embeddable":true,"href":"https:\/\/noti-america.com\/site\/ecuador\/wp-json\/wp\/v2\/comments?post=14133"}],"version-history":[{"count":4,"href":"https:\/\/noti-america.com\/site\/ecuador\/wp-json\/wp\/v2\/posts\/14133\/revisions"}],"predecessor-version":[{"id":14138,"href":"https:\/\/noti-america.com\/site\/ecuador\/wp-json\/wp\/v2\/posts\/14133\/revisions\/14138"}],"wp:attachment":[{"href":"https:\/\/noti-america.com\/site\/ecuador\/wp-json\/wp\/v2\/media?parent=14133"}],"wp:term":[{"taxonomy":"category","embeddable":true,"href":"https:\/\/noti-america.com\/site\/ecuador\/wp-json\/wp\/v2\/categories?post=14133"},{"taxonomy":"post_tag","embeddable":true,"href":"https:\/\/noti-america.com\/site\/ecuador\/wp-json\/wp\/v2\/tags?post=14133"}],"curies":[{"name":"wp","href":"https:\/\/api.w.org\/{rel}","templated":true}]}}