{"id":1368,"date":"2018-07-25T00:46:21","date_gmt":"2018-07-25T00:46:21","guid":{"rendered":"http:\/\/noti-america.com\/site\/ecuador\/?p=1368"},"modified":"2018-07-25T00:46:21","modified_gmt":"2018-07-25T00:46:21","slug":"cientos-de-asesinatos-por-defender-el-medio-ambiente","status":"publish","type":"post","link":"https:\/\/noti-america.com\/site\/ecuador\/2018\/07\/25\/cientos-de-asesinatos-por-defender-el-medio-ambiente\/","title":{"rendered":"Cientos de asesinatos por defender el Medio Ambiente"},"content":{"rendered":"<p>REDACCI\u00d3N NOTI-AM\u00c9RICA (ECUADOR)<\/p>\n<p>La organizaci\u00f3n internacional Global Witness ha documentado\u00a0<em>el asesinato de, al menos, 207 personas defensoras de la Tierra<\/em>\u00a0y el medio ambiente en 2017 en 22 pa\u00edses diferentes, lo que supone casi cuatro personas por semana, convirti\u00e9ndolo \u00aben el peor a\u00f1o del que se tiene registro\u00bb.<\/p>\n<p>As\u00ed se recoge en el informe &#8216;\u00bfA qu\u00e9 precio?&#8217; publicado este martes 24 de julio, que destaca que entre los asesinados se hallan l\u00edderes ind\u00edgenas, activistas comunitarios y ecologistas, que han perdido la vida \u00abal intentar proteger sus hogares y comunidades de la miner\u00eda, la agroindustria y otros negocios destructivos\u00bb.<\/p>\n<p><img decoding=\"async\" class=\"imagenin img-fluid pull-left mr-40 mb-15\" src=\"https:\/\/www.ecoticias.com\/userfiles\/2018\/Jul_24\/221__7_original.jpg\" alt=\"Cientos de asesinatos por defender el Medio Ambiente\" \/><\/p>\n<p>El estudio de la ONG apunta que, \u00abprobablemente, el total global\u00bb de personas asesinadas \u00absea mucho mayor, considerando las graves limitaciones en cuanto a datos disponibles\u00bb, y destaca que el asesinato es el ejemplo \u00abm\u00e1s atroz de una serie de t\u00e1cticas utilizadas para\u00a0<strong>silenciar a las personas defensoras<\/strong>\u00ab, incluyendo amenazas de muerte, arrestos, intimidaci\u00f3n, ciberataques, agresi\u00f3n sexual y demandas judiciales.<\/p>\n<p>Entre estas agresiones se incluye\u00a0<em>el asesinato de Hern\u00e1n Bedoya en Colombia<\/em>, quien recibi\u00f3 14 disparos de un grupo paramilitar por manifestarse contra plantaciones de palma aceitera y de banano en tierras robadas a su comunidad; y la masacre del ej\u00e9rcito en Filipinas a ocho aldeanos, quienes se opusieron a una plantaci\u00f3n de caf\u00e9 en su tierra.<\/p>\n<p>Tambi\u00e9n en 2017, seg\u00fan el estudio, se han documentado ataques violentos por parte de propietarios de terrenos en Brasil que, utilizando \u00abmachetes y rifles, dejaron gravemente heridos a 22 integrantes del pueblo ind\u00edgena de Gamela, algunos con las manos cortadas\u00bb.<\/p>\n<blockquote class=\"bg-accent mt-50 mb-50\" cite=\"https:\/\/www.ecoticias.com\/medio-ambiente\/186492\/Cientos-asesinatos-defender-Medio-Ambiente#\"><p>As\u00ed se recoge en el informe &#8216;\u00bfA qu\u00e9 precio?&#8217; publicado este martes 24 de julio, que destaca que entre los asesinados se hallan l\u00edderes ind\u00edgenas, activistas comunitarios y ecologistas.<\/p><\/blockquote>\n<p>Seg\u00fan el informe, \u00abpor primera vez, la agroindustria fue el sector m\u00e1s sangriento\u00bb, con al menos 46 asesinatos vinculados con esta industria; mientras que\u00a0<strong>los asesinatos relacionados con la miner\u00eda<\/strong>\u00a0aumentaron de 33 a 40, la tala forestal (23), la caza ilegal (23), y agua (4).<\/p>\n<p><img loading=\"lazy\" decoding=\"async\" src=\"https:\/\/www.ecoticias.com\/userfiles\/2018\/Jul_24\/222__4_original.jpg\" alt=\"\" width=\"730\" height=\"485\" \/><\/p>\n<p>Asimismo, la investigaci\u00f3n indica que \u00abalgunos gobiernos y empresas son c\u00f3mplices de los homicidios\u00bb, por lo que Global Witness ha hecho un llamamiento a la \u00abacci\u00f3n urgente, si se quiere revertir la tendencia\u00bb.<\/p>\n<h2>El mayor numero de asesinados, en Brasil<\/h2>\n<p>Entre los hallazgos del estudio, destaca que Brasil registr\u00f3 la \u00abmayor cantidad de asesinatos que cualquier otro pa\u00eds en la historia\u00bb, con 57 homicidios en 2017; y que otras\u00a0<em>48 personas fueron asesinadas en Filipinas<\/em>, \u00abel n\u00famero m\u00e1s alto jam\u00e1s documentado\u00bb en un pa\u00eds asi\u00e1tico; y un 71% m\u00e1s respecto al 2016.<\/p>\n<p><strong>El 60% de los asesinatos registrados tuvo lugar en Am\u00e9rica Latina<\/strong>. En Colombia fueron asesinadas 24 personas, y en M\u00e9xico y Per\u00fa los homicidios aumentaron dr\u00e1sticamente, pasando de tres a 15 y de dos a ocho, respectivamente.<\/p>\n<p>Por su parte, Nicaragua registr\u00f3\u00a0<em>la mayor cantidad de homicidios per c\u00e1pita, con cuatro asesinatos<\/em>; mientras que en Honduras (5) hubo una \u00abgran disminuci\u00f3n\u00bb en los asesinatos de personas defensoras de la tierra y del medio ambiente.<\/p>\n<p>La investigaci\u00f3n asevera que \u00abenfrentar a los cazadores ilegales se volvi\u00f3 a\u00fan m\u00e1s peligroso, con un r\u00e9cord de 23 personas asesinadas por plantarse en contra del comercio ilegal de vida silvestre, en su mayor\u00eda guardabosques en \u00c1frica\u00bb.<\/p>\n<p>En Espa\u00f1a, la organizaci\u00f3n documenta el caso de Xavier Ribes y David Iglesias D\u00edez,\u00a0<strong>dos agentes forestales asesinados<\/strong>\u00a0en enero de 2017 en Lleida por los disparos de un cazador, sin la licencia de armas y con una de la que no era titular.<\/p>\n<h2>53 Casos relacionados con las fuerzas de seguridad<\/h2>\n<p>En relaci\u00f3n con qui\u00e9n est\u00e1 detr\u00e1s de los asesinatos, Global Witness vincul\u00f3 a las fuerzas de seguridad del gobierno con 53 de los homicidios del a\u00f1o pasado, y a actores no estatales como bandas criminales, con 90 asesinatos.<\/p>\n<p>\u00ab<strong>Activistas locales est\u00e1n siendo asesinados<\/strong>, mientras los gobiernos y las empresas priorizan la obtenci\u00f3n de ganancias r\u00e1pidas sobre la vida humana. Muchos de los productos que surgen de este derramamiento de sangre pueden encontrarse en los estantes de los supermercados. Las valientes comunidades que se enfrentan a los funcionarios corruptos, a las industrias destructivas y a la devastaci\u00f3n ambiental, son brutalmente silenciadas. Basta ya\u00bb, ha reclamado Ben Leather, encargado de Campa\u00f1as de Global Witness.<\/p>\n<p><img loading=\"lazy\" decoding=\"async\" src=\"https:\/\/www.ecoticias.com\/userfiles\/2018\/Jul_24\/223__39_original.jpg\" alt=\"\" width=\"730\" height=\"411\" \/><\/p>\n<p>En este sentido, ha afirmado que \u00ablos gobiernos, las empresas y los inversionistas\u00bb tienen el deber y el poder\u00bb de apoyar y proteger a los defensores en situaci\u00f3n de riesgo, y de \u00abgarantizar la rendici\u00f3n de cuentas\u00bb cuando se produzcan los ataques.<\/p>\n<p>\u00abPero, lo que es m\u00e1s importante, pueden evitar que estas amenazas surjan en primer lugar, escuchando a las comunidades locales, respetando sus derechos y asegurando que las empresas operen de manera responsable\u00bb, ha subrayado Leather, que a\u00f1ade que \u00aba pesar de las adversidades que enfrenta, la comunidad global de personas defensoras del medio ambiente y de la Tierra no va a desaparecer; s\u00f3lo se est\u00e1 fortaleciendo\u00bb.<\/p>\n<p>Fuente:\u00a0ECOticias.com \/ Red \/ Agencias. Comparte esta noticia!<\/p>\n","protected":false},"excerpt":{"rendered":"<p>REDACCI\u00d3N NOTI-AM\u00c9RICA (ECUADOR) La organizaci\u00f3n internacional Global Witness ha documentado\u00a0el asesinato de, al menos, 207 personas defensoras de la Tierra\u00a0y el medio ambiente en 2017 en 22 pa\u00edses diferentes, lo que supone casi cuatro&#46;&#46;&#46;<\/p>\n","protected":false},"author":17,"featured_media":1369,"comment_status":"open","ping_status":"open","sticky":false,"template":"","format":"standard","meta":{"_acf_changed":false,"om_disable_all_campaigns":false,"rop_custom_images_group":[],"rop_custom_messages_group":[],"rop_publish_now":"initial","rop_publish_now_accounts":{"twitter_242054905_242054905":""},"rop_publish_now_history":[],"rop_publish_now_status":"pending","_uf_show_specific_survey":0,"_uf_disable_surveys":false,"footnotes":""},"categories":[79],"tags":[],"class_list":["post-1368","post","type-post","status-publish","format-standard","has-post-thumbnail","hentry","category-ambiental"],"acf":[],"aioseo_notices":[],"yoast_head":"<!-- This site is optimized with the Yoast SEO Premium plugin v24.9 (Yoast SEO v27.2) - https:\/\/yoast.com\/product\/yoast-seo-premium-wordpress\/ -->\n<title>Cientos de asesinatos por defender el Medio Ambiente - Ecuador | Noti-America.com<\/title>\n<meta name=\"robots\" content=\"index, follow, max-snippet:-1, max-image-preview:large, max-video-preview:-1\" \/>\n<link rel=\"canonical\" href=\"https:\/\/noti-america.com\/site\/ecuador\/2018\/07\/25\/cientos-de-asesinatos-por-defender-el-medio-ambiente\/\" \/>\n<meta property=\"og:locale\" content=\"es_ES\" \/>\n<meta property=\"og:type\" content=\"article\" \/>\n<meta property=\"og:title\" content=\"Cientos de asesinatos por defender el Medio Ambiente\" \/>\n<meta property=\"og:description\" content=\"REDACCI\u00d3N NOTI-AM\u00c9RICA (ECUADOR) La organizaci\u00f3n internacional Global Witness ha documentado\u00a0el asesinato de, al menos, 207 personas defensoras de la Tierra\u00a0y el medio ambiente en 2017 en 22 pa\u00edses diferentes, lo que supone casi cuatro&#046;&#046;&#046;\" \/>\n<meta property=\"og:url\" content=\"https:\/\/noti-america.com\/site\/ecuador\/2018\/07\/25\/cientos-de-asesinatos-por-defender-el-medio-ambiente\/\" \/>\n<meta property=\"og:site_name\" content=\"Ecuador | Noti-America.com\" \/>\n<meta property=\"article:published_time\" content=\"2018-07-25T00:46:21+00:00\" \/>\n<meta property=\"og:image\" content=\"https:\/\/noti-america.com\/site\/ecuador\/wp-content\/uploads\/sites\/18\/2018\/07\/FOTO-CIENTOS-DE-ASESINATOS-POR-DEFENDER-EL-MEDIO-AMBIENTE.jpg\" \/>\n\t<meta property=\"og:image:width\" content=\"730\" \/>\n\t<meta property=\"og:image:height\" content=\"426\" \/>\n\t<meta property=\"og:image:type\" content=\"image\/jpeg\" \/>\n<meta name=\"author\" content=\"Gregory Quintana Montiel\" \/>\n<meta name=\"twitter:card\" content=\"summary_large_image\" \/>\n<meta name=\"twitter:creator\" content=\"@gdgregori1\" \/>\n<meta name=\"twitter:site\" content=\"@notiamerica\" \/>\n<meta name=\"twitter:label1\" content=\"Escrito por\" \/>\n\t<meta name=\"twitter:data1\" content=\"Gregory Quintana Montiel\" \/>\n\t<meta name=\"twitter:label2\" content=\"Tiempo estimado de lectura\" \/>\n\t<meta name=\"twitter:data2\" content=\"4 minutos\" \/>\n<script type=\"application\/ld+json\" class=\"yoast-schema-graph\">{\"@context\":\"https:\/\/schema.org\",\"@graph\":[{\"@type\":\"Article\",\"@id\":\"https:\/\/noti-america.com\/site\/ecuador\/2018\/07\/25\/cientos-de-asesinatos-por-defender-el-medio-ambiente\/#article\",\"isPartOf\":{\"@id\":\"https:\/\/noti-america.com\/site\/ecuador\/2018\/07\/25\/cientos-de-asesinatos-por-defender-el-medio-ambiente\/\"},\"author\":{\"name\":\"Gregory Quintana Montiel\",\"@id\":\"https:\/\/noti-america.com\/site\/ecuador\/#\/schema\/person\/3b975e42f15abfe64bfe3abdd916efda\"},\"headline\":\"Cientos de asesinatos por defender el Medio Ambiente\",\"datePublished\":\"2018-07-25T00:46:21+00:00\",\"mainEntityOfPage\":{\"@id\":\"https:\/\/noti-america.com\/site\/ecuador\/2018\/07\/25\/cientos-de-asesinatos-por-defender-el-medio-ambiente\/\"},\"wordCount\":855,\"commentCount\":0,\"publisher\":{\"@id\":\"https:\/\/noti-america.com\/site\/ecuador\/#organization\"},\"image\":{\"@id\":\"https:\/\/noti-america.com\/site\/ecuador\/2018\/07\/25\/cientos-de-asesinatos-por-defender-el-medio-ambiente\/#primaryimage\"},\"thumbnailUrl\":\"https:\/\/noti-america.com\/site\/ecuador\/wp-content\/uploads\/sites\/18\/2018\/07\/FOTO-CIENTOS-DE-ASESINATOS-POR-DEFENDER-EL-MEDIO-AMBIENTE.jpg\",\"articleSection\":[\"Ambiental\"],\"inLanguage\":\"es\",\"potentialAction\":[{\"@type\":\"CommentAction\",\"name\":\"Comment\",\"target\":[\"https:\/\/noti-america.com\/site\/ecuador\/2018\/07\/25\/cientos-de-asesinatos-por-defender-el-medio-ambiente\/#respond\"]}]},{\"@type\":\"WebPage\",\"@id\":\"https:\/\/noti-america.com\/site\/ecuador\/2018\/07\/25\/cientos-de-asesinatos-por-defender-el-medio-ambiente\/\",\"url\":\"https:\/\/noti-america.com\/site\/ecuador\/2018\/07\/25\/cientos-de-asesinatos-por-defender-el-medio-ambiente\/\",\"name\":\"Cientos de asesinatos por defender el Medio Ambiente - Ecuador | Noti-America.com\",\"isPartOf\":{\"@id\":\"https:\/\/noti-america.com\/site\/ecuador\/#website\"},\"primaryImageOfPage\":{\"@id\":\"https:\/\/noti-america.com\/site\/ecuador\/2018\/07\/25\/cientos-de-asesinatos-por-defender-el-medio-ambiente\/#primaryimage\"},\"image\":{\"@id\":\"https:\/\/noti-america.com\/site\/ecuador\/2018\/07\/25\/cientos-de-asesinatos-por-defender-el-medio-ambiente\/#primaryimage\"},\"thumbnailUrl\":\"https:\/\/noti-america.com\/site\/ecuador\/wp-content\/uploads\/sites\/18\/2018\/07\/FOTO-CIENTOS-DE-ASESINATOS-POR-DEFENDER-EL-MEDIO-AMBIENTE.jpg\",\"datePublished\":\"2018-07-25T00:46:21+00:00\",\"breadcrumb\":{\"@id\":\"https:\/\/noti-america.com\/site\/ecuador\/2018\/07\/25\/cientos-de-asesinatos-por-defender-el-medio-ambiente\/#breadcrumb\"},\"inLanguage\":\"es\",\"potentialAction\":[{\"@type\":\"ReadAction\",\"target\":[\"https:\/\/noti-america.com\/site\/ecuador\/2018\/07\/25\/cientos-de-asesinatos-por-defender-el-medio-ambiente\/\"]}]},{\"@type\":\"ImageObject\",\"inLanguage\":\"es\",\"@id\":\"https:\/\/noti-america.com\/site\/ecuador\/2018\/07\/25\/cientos-de-asesinatos-por-defender-el-medio-ambiente\/#primaryimage\",\"url\":\"https:\/\/noti-america.com\/site\/ecuador\/wp-content\/uploads\/sites\/18\/2018\/07\/FOTO-CIENTOS-DE-ASESINATOS-POR-DEFENDER-EL-MEDIO-AMBIENTE.jpg\",\"contentUrl\":\"https:\/\/noti-america.com\/site\/ecuador\/wp-content\/uploads\/sites\/18\/2018\/07\/FOTO-CIENTOS-DE-ASESINATOS-POR-DEFENDER-EL-MEDIO-AMBIENTE.jpg\",\"width\":730,\"height\":426},{\"@type\":\"BreadcrumbList\",\"@id\":\"https:\/\/noti-america.com\/site\/ecuador\/2018\/07\/25\/cientos-de-asesinatos-por-defender-el-medio-ambiente\/#breadcrumb\",\"itemListElement\":[{\"@type\":\"ListItem\",\"position\":1,\"name\":\"Portada\",\"item\":\"https:\/\/noti-america.com\/site\/ecuador\/\"},{\"@type\":\"ListItem\",\"position\":2,\"name\":\"Cientos de asesinatos por defender el Medio Ambiente\"}]},{\"@type\":\"WebSite\",\"@id\":\"https:\/\/noti-america.com\/site\/ecuador\/#website\",\"url\":\"https:\/\/noti-america.com\/site\/ecuador\/\",\"name\":\"Ecuador | Noti-America.com\",\"description\":\"\",\"publisher\":{\"@id\":\"https:\/\/noti-america.com\/site\/ecuador\/#organization\"},\"potentialAction\":[{\"@type\":\"SearchAction\",\"target\":{\"@type\":\"EntryPoint\",\"urlTemplate\":\"https:\/\/noti-america.com\/site\/ecuador\/?s={search_term_string}\"},\"query-input\":{\"@type\":\"PropertyValueSpecification\",\"valueRequired\":true,\"valueName\":\"search_term_string\"}}],\"inLanguage\":\"es\"},{\"@type\":\"Organization\",\"@id\":\"https:\/\/noti-america.com\/site\/ecuador\/#organization\",\"name\":\"Noti-America LLC | Ecuador\",\"url\":\"https:\/\/noti-america.com\/site\/ecuador\/\",\"logo\":{\"@type\":\"ImageObject\",\"inLanguage\":\"es\",\"@id\":\"https:\/\/noti-america.com\/site\/ecuador\/#\/schema\/logo\/image\/\",\"url\":\"https:\/\/noti-america.com\/site\/ecuador\/wp-content\/uploads\/sites\/18\/2020\/07\/LogoNA-4x3-1.jpg\",\"contentUrl\":\"https:\/\/noti-america.com\/site\/ecuador\/wp-content\/uploads\/sites\/18\/2020\/07\/LogoNA-4x3-1.jpg\",\"width\":1236,\"height\":1080,\"caption\":\"Noti-America LLC | Ecuador\"},\"image\":{\"@id\":\"https:\/\/noti-america.com\/site\/ecuador\/#\/schema\/logo\/image\/\"},\"sameAs\":[\"https:\/\/x.com\/notiamerica\"]},{\"@type\":\"Person\",\"@id\":\"https:\/\/noti-america.com\/site\/ecuador\/#\/schema\/person\/3b975e42f15abfe64bfe3abdd916efda\",\"name\":\"Gregory Quintana Montiel\",\"image\":{\"@type\":\"ImageObject\",\"inLanguage\":\"es\",\"@id\":\"https:\/\/secure.gravatar.com\/avatar\/2d6b802f7720c2ec7744dcbe608cc2f3417aeb964d58b443c6d612b77531de1d?s=96&d=mm&r=g\",\"url\":\"https:\/\/secure.gravatar.com\/avatar\/2d6b802f7720c2ec7744dcbe608cc2f3417aeb964d58b443c6d612b77531de1d?s=96&d=mm&r=g\",\"contentUrl\":\"https:\/\/secure.gravatar.com\/avatar\/2d6b802f7720c2ec7744dcbe608cc2f3417aeb964d58b443c6d612b77531de1d?s=96&d=mm&r=g\",\"caption\":\"Gregory Quintana Montiel\"},\"description\":\"Licenciatura en Ciencias de la Comunicaci\u00f3n Social, egresado en la Especializaci\u00f3n Derecho Ambiental Desarrollo Sostenible y Sustentable, Miembro de la Comunidad de profesionales y experto para Latinoam\u00e9rica y el Caribe en Gesti\u00f3n por Resultado en el Desarrollo (COPLAC - GpRD) del Banco Interamericano de Desarrollo, experiencia en medios radiales y escritos.\",\"sameAs\":[\"https:\/\/x.com\/gdgregori1\",\"gquintana\"],\"url\":\"https:\/\/noti-america.com\/site\/ecuador\/author\/gquintana\/\"}]}<\/script>\n<!-- \/ Yoast SEO Premium plugin. -->","yoast_head_json":{"title":"Cientos de asesinatos por defender el Medio Ambiente - Ecuador | Noti-America.com","robots":{"index":"index","follow":"follow","max-snippet":"max-snippet:-1","max-image-preview":"max-image-preview:large","max-video-preview":"max-video-preview:-1"},"canonical":"https:\/\/noti-america.com\/site\/ecuador\/2018\/07\/25\/cientos-de-asesinatos-por-defender-el-medio-ambiente\/","og_locale":"es_ES","og_type":"article","og_title":"Cientos de asesinatos por defender el Medio Ambiente","og_description":"REDACCI\u00d3N NOTI-AM\u00c9RICA (ECUADOR) La organizaci\u00f3n internacional Global Witness ha documentado\u00a0el asesinato de, al menos, 207 personas defensoras de la Tierra\u00a0y el medio ambiente en 2017 en 22 pa\u00edses diferentes, lo que supone casi cuatro&#46;&#46;&#46;","og_url":"https:\/\/noti-america.com\/site\/ecuador\/2018\/07\/25\/cientos-de-asesinatos-por-defender-el-medio-ambiente\/","og_site_name":"Ecuador | Noti-America.com","article_published_time":"2018-07-25T00:46:21+00:00","og_image":[{"width":730,"height":426,"url":"https:\/\/noti-america.com\/site\/ecuador\/wp-content\/uploads\/sites\/18\/2018\/07\/FOTO-CIENTOS-DE-ASESINATOS-POR-DEFENDER-EL-MEDIO-AMBIENTE.jpg","type":"image\/jpeg"}],"author":"Gregory Quintana Montiel","twitter_card":"summary_large_image","twitter_creator":"@gdgregori1","twitter_site":"@notiamerica","twitter_misc":{"Escrito por":"Gregory Quintana Montiel","Tiempo estimado de lectura":"4 minutos"},"schema":{"@context":"https:\/\/schema.org","@graph":[{"@type":"Article","@id":"https:\/\/noti-america.com\/site\/ecuador\/2018\/07\/25\/cientos-de-asesinatos-por-defender-el-medio-ambiente\/#article","isPartOf":{"@id":"https:\/\/noti-america.com\/site\/ecuador\/2018\/07\/25\/cientos-de-asesinatos-por-defender-el-medio-ambiente\/"},"author":{"name":"Gregory Quintana Montiel","@id":"https:\/\/noti-america.com\/site\/ecuador\/#\/schema\/person\/3b975e42f15abfe64bfe3abdd916efda"},"headline":"Cientos de asesinatos por defender el Medio Ambiente","datePublished":"2018-07-25T00:46:21+00:00","mainEntityOfPage":{"@id":"https:\/\/noti-america.com\/site\/ecuador\/2018\/07\/25\/cientos-de-asesinatos-por-defender-el-medio-ambiente\/"},"wordCount":855,"commentCount":0,"publisher":{"@id":"https:\/\/noti-america.com\/site\/ecuador\/#organization"},"image":{"@id":"https:\/\/noti-america.com\/site\/ecuador\/2018\/07\/25\/cientos-de-asesinatos-por-defender-el-medio-ambiente\/#primaryimage"},"thumbnailUrl":"https:\/\/noti-america.com\/site\/ecuador\/wp-content\/uploads\/sites\/18\/2018\/07\/FOTO-CIENTOS-DE-ASESINATOS-POR-DEFENDER-EL-MEDIO-AMBIENTE.jpg","articleSection":["Ambiental"],"inLanguage":"es","potentialAction":[{"@type":"CommentAction","name":"Comment","target":["https:\/\/noti-america.com\/site\/ecuador\/2018\/07\/25\/cientos-de-asesinatos-por-defender-el-medio-ambiente\/#respond"]}]},{"@type":"WebPage","@id":"https:\/\/noti-america.com\/site\/ecuador\/2018\/07\/25\/cientos-de-asesinatos-por-defender-el-medio-ambiente\/","url":"https:\/\/noti-america.com\/site\/ecuador\/2018\/07\/25\/cientos-de-asesinatos-por-defender-el-medio-ambiente\/","name":"Cientos de asesinatos por defender el Medio Ambiente - Ecuador | Noti-America.com","isPartOf":{"@id":"https:\/\/noti-america.com\/site\/ecuador\/#website"},"primaryImageOfPage":{"@id":"https:\/\/noti-america.com\/site\/ecuador\/2018\/07\/25\/cientos-de-asesinatos-por-defender-el-medio-ambiente\/#primaryimage"},"image":{"@id":"https:\/\/noti-america.com\/site\/ecuador\/2018\/07\/25\/cientos-de-asesinatos-por-defender-el-medio-ambiente\/#primaryimage"},"thumbnailUrl":"https:\/\/noti-america.com\/site\/ecuador\/wp-content\/uploads\/sites\/18\/2018\/07\/FOTO-CIENTOS-DE-ASESINATOS-POR-DEFENDER-EL-MEDIO-AMBIENTE.jpg","datePublished":"2018-07-25T00:46:21+00:00","breadcrumb":{"@id":"https:\/\/noti-america.com\/site\/ecuador\/2018\/07\/25\/cientos-de-asesinatos-por-defender-el-medio-ambiente\/#breadcrumb"},"inLanguage":"es","potentialAction":[{"@type":"ReadAction","target":["https:\/\/noti-america.com\/site\/ecuador\/2018\/07\/25\/cientos-de-asesinatos-por-defender-el-medio-ambiente\/"]}]},{"@type":"ImageObject","inLanguage":"es","@id":"https:\/\/noti-america.com\/site\/ecuador\/2018\/07\/25\/cientos-de-asesinatos-por-defender-el-medio-ambiente\/#primaryimage","url":"https:\/\/noti-america.com\/site\/ecuador\/wp-content\/uploads\/sites\/18\/2018\/07\/FOTO-CIENTOS-DE-ASESINATOS-POR-DEFENDER-EL-MEDIO-AMBIENTE.jpg","contentUrl":"https:\/\/noti-america.com\/site\/ecuador\/wp-content\/uploads\/sites\/18\/2018\/07\/FOTO-CIENTOS-DE-ASESINATOS-POR-DEFENDER-EL-MEDIO-AMBIENTE.jpg","width":730,"height":426},{"@type":"BreadcrumbList","@id":"https:\/\/noti-america.com\/site\/ecuador\/2018\/07\/25\/cientos-de-asesinatos-por-defender-el-medio-ambiente\/#breadcrumb","itemListElement":[{"@type":"ListItem","position":1,"name":"Portada","item":"https:\/\/noti-america.com\/site\/ecuador\/"},{"@type":"ListItem","position":2,"name":"Cientos de asesinatos por defender el Medio Ambiente"}]},{"@type":"WebSite","@id":"https:\/\/noti-america.com\/site\/ecuador\/#website","url":"https:\/\/noti-america.com\/site\/ecuador\/","name":"Ecuador | Noti-America.com","description":"","publisher":{"@id":"https:\/\/noti-america.com\/site\/ecuador\/#organization"},"potentialAction":[{"@type":"SearchAction","target":{"@type":"EntryPoint","urlTemplate":"https:\/\/noti-america.com\/site\/ecuador\/?s={search_term_string}"},"query-input":{"@type":"PropertyValueSpecification","valueRequired":true,"valueName":"search_term_string"}}],"inLanguage":"es"},{"@type":"Organization","@id":"https:\/\/noti-america.com\/site\/ecuador\/#organization","name":"Noti-America LLC | Ecuador","url":"https:\/\/noti-america.com\/site\/ecuador\/","logo":{"@type":"ImageObject","inLanguage":"es","@id":"https:\/\/noti-america.com\/site\/ecuador\/#\/schema\/logo\/image\/","url":"https:\/\/noti-america.com\/site\/ecuador\/wp-content\/uploads\/sites\/18\/2020\/07\/LogoNA-4x3-1.jpg","contentUrl":"https:\/\/noti-america.com\/site\/ecuador\/wp-content\/uploads\/sites\/18\/2020\/07\/LogoNA-4x3-1.jpg","width":1236,"height":1080,"caption":"Noti-America LLC | Ecuador"},"image":{"@id":"https:\/\/noti-america.com\/site\/ecuador\/#\/schema\/logo\/image\/"},"sameAs":["https:\/\/x.com\/notiamerica"]},{"@type":"Person","@id":"https:\/\/noti-america.com\/site\/ecuador\/#\/schema\/person\/3b975e42f15abfe64bfe3abdd916efda","name":"Gregory Quintana Montiel","image":{"@type":"ImageObject","inLanguage":"es","@id":"https:\/\/secure.gravatar.com\/avatar\/2d6b802f7720c2ec7744dcbe608cc2f3417aeb964d58b443c6d612b77531de1d?s=96&d=mm&r=g","url":"https:\/\/secure.gravatar.com\/avatar\/2d6b802f7720c2ec7744dcbe608cc2f3417aeb964d58b443c6d612b77531de1d?s=96&d=mm&r=g","contentUrl":"https:\/\/secure.gravatar.com\/avatar\/2d6b802f7720c2ec7744dcbe608cc2f3417aeb964d58b443c6d612b77531de1d?s=96&d=mm&r=g","caption":"Gregory Quintana Montiel"},"description":"Licenciatura en Ciencias de la Comunicaci\u00f3n Social, egresado en la Especializaci\u00f3n Derecho Ambiental Desarrollo Sostenible y Sustentable, Miembro de la Comunidad de profesionales y experto para Latinoam\u00e9rica y el Caribe en Gesti\u00f3n por Resultado en el Desarrollo (COPLAC - GpRD) del Banco Interamericano de Desarrollo, experiencia en medios radiales y escritos.","sameAs":["https:\/\/x.com\/gdgregori1","gquintana"],"url":"https:\/\/noti-america.com\/site\/ecuador\/author\/gquintana\/"}]}},"_links":{"self":[{"href":"https:\/\/noti-america.com\/site\/ecuador\/wp-json\/wp\/v2\/posts\/1368","targetHints":{"allow":["GET"]}}],"collection":[{"href":"https:\/\/noti-america.com\/site\/ecuador\/wp-json\/wp\/v2\/posts"}],"about":[{"href":"https:\/\/noti-america.com\/site\/ecuador\/wp-json\/wp\/v2\/types\/post"}],"author":[{"embeddable":true,"href":"https:\/\/noti-america.com\/site\/ecuador\/wp-json\/wp\/v2\/users\/17"}],"replies":[{"embeddable":true,"href":"https:\/\/noti-america.com\/site\/ecuador\/wp-json\/wp\/v2\/comments?post=1368"}],"version-history":[{"count":1,"href":"https:\/\/noti-america.com\/site\/ecuador\/wp-json\/wp\/v2\/posts\/1368\/revisions"}],"predecessor-version":[{"id":1371,"href":"https:\/\/noti-america.com\/site\/ecuador\/wp-json\/wp\/v2\/posts\/1368\/revisions\/1371"}],"wp:featuredmedia":[{"embeddable":true,"href":"https:\/\/noti-america.com\/site\/ecuador\/wp-json\/wp\/v2\/media\/1369"}],"wp:attachment":[{"href":"https:\/\/noti-america.com\/site\/ecuador\/wp-json\/wp\/v2\/media?parent=1368"}],"wp:term":[{"taxonomy":"category","embeddable":true,"href":"https:\/\/noti-america.com\/site\/ecuador\/wp-json\/wp\/v2\/categories?post=1368"},{"taxonomy":"post_tag","embeddable":true,"href":"https:\/\/noti-america.com\/site\/ecuador\/wp-json\/wp\/v2\/tags?post=1368"}],"curies":[{"name":"wp","href":"https:\/\/api.w.org\/{rel}","templated":true}]}}