{"id":13604,"date":"2021-03-26T22:22:41","date_gmt":"2021-03-26T22:22:41","guid":{"rendered":"https:\/\/noti-america.com\/site\/ecuador\/?p=13604"},"modified":"2021-03-26T22:22:41","modified_gmt":"2021-03-26T22:22:41","slug":"corporacion-la-favorita-realiza-ayuda-humanitaria-a-damnificados-registrados-en-el-mies","status":"publish","type":"post","link":"https:\/\/noti-america.com\/site\/ecuador\/2021\/03\/26\/corporacion-la-favorita-realiza-ayuda-humanitaria-a-damnificados-registrados-en-el-mies\/","title":{"rendered":"Corporaci\u00f3n \u00abLa Favorita\u00bb realiza ayuda humanitaria a damnificados registrados en el MIES"},"content":{"rendered":"<p><strong>REDACCI\u00d3N NOTI AM\u00c9RICA (ECUADOR)<\/strong><\/p>\n<div id=\"attachment_13605\" style=\"width: 681px\" class=\"wp-caption aligncenter\"><img loading=\"lazy\" decoding=\"async\" aria-describedby=\"caption-attachment-13605\" class=\"wp-image-13605\" src=\"https:\/\/noti-america.com\/site\/ecuador\/wp-content\/uploads\/sites\/18\/2021\/03\/26-ma\u00a1r-WhatsApp-Image-2021-03-24-at-16.51.49-300x300.jpeg\" alt=\"\" width=\"671\" height=\"671\" srcset=\"https:\/\/noti-america.com\/site\/ecuador\/wp-content\/uploads\/sites\/18\/2021\/03\/26-ma\u00a1r-WhatsApp-Image-2021-03-24-at-16.51.49-300x300.jpeg 300w, https:\/\/noti-america.com\/site\/ecuador\/wp-content\/uploads\/sites\/18\/2021\/03\/26-ma\u00a1r-WhatsApp-Image-2021-03-24-at-16.51.49-150x150.jpeg 150w, https:\/\/noti-america.com\/site\/ecuador\/wp-content\/uploads\/sites\/18\/2021\/03\/26-ma\u00a1r-WhatsApp-Image-2021-03-24-at-16.51.49-80x80.jpeg 80w, https:\/\/noti-america.com\/site\/ecuador\/wp-content\/uploads\/sites\/18\/2021\/03\/26-ma\u00a1r-WhatsApp-Image-2021-03-24-at-16.51.49-320x320.jpeg 320w, https:\/\/noti-america.com\/site\/ecuador\/wp-content\/uploads\/sites\/18\/2021\/03\/26-ma\u00a1r-WhatsApp-Image-2021-03-24-at-16.51.49.jpeg 521w\" sizes=\"auto, (max-width: 671px) 100vw, 671px\" \/><p id=\"caption-attachment-13605\" class=\"wp-caption-text\">La ayuda social permite aliviar en parte las necesidades emergentes de decenas de familias.<\/p><\/div>\n<p style=\"text-align: justify\">Una ayuda humanitaria realiz\u00f3\u00a0 la Corporaci\u00f3n \u00abLa Favorita\u00bb destinada a atender a familias en condiciones de riesgo y vulnerabilidad, que se han visto afectadas por la emergencia sanitaria y que tambi\u00e9n han resultado damnificadas debido a la fuerte temporada invernal.<\/p>\n<p style=\"text-align: justify\">Bayardo Constante,<\/p>\n<p style=\"text-align: justify\">El coordinador de la zona 3 del Ministerio de Inclusi\u00f3n Econ\u00f3mica y Soial (MIES), Bayardo Constante, presidi\u00f3 la entrega y enfatiz\u00f3 que \u00abla acci\u00f3n demuestra el trabajo articulado entre la empresa privada y el sector p\u00fablico, como gesti\u00f3n fundamental para llegar con ayuda emergente a hogares que han sufrido los embates de la naturaleza u otro tipo de dificultades\u00bb.<\/p>\n<p style=\"text-align: justify\">La ayuda consisti\u00f3 en alimentos no perecibles: latas de at\u00fan, aceite vegetal, fundas de sal, harina de pl\u00e1tano y de castilla, entre otros. Adicionalmente, se contribuy\u00f3 con material de bioseguridad como mascarillas y alcohol, para complementar la ayuda humanitaria.<\/p>\n<p style=\"text-align: justify\">Jaime Cordero, gerente de Operaciones de Megamaxi, expres\u00f3 que esta entrega obedece al compromiso de corresponsabilidad social de la compa\u00f1\u00eda.<\/p>\n<p style=\"text-align: justify\">\u00abEn forma permanente realizamos estas acciones a fin de contribuir a mejorar las condiciones de vida de las familias que atraviesan situaciones dif\u00edciles\u00bb, dijo.<\/p>\n","protected":false},"excerpt":{"rendered":"<p>REDACCI\u00d3N NOTI AM\u00c9RICA (ECUADOR) Una ayuda humanitaria realiz\u00f3\u00a0 la Corporaci\u00f3n \u00abLa Favorita\u00bb destinada a atender a familias en condiciones de riesgo y vulnerabilidad, que se han visto afectadas por la emergencia sanitaria y que&#46;&#46;&#46;<\/p>\n","protected":false},"author":113,"featured_media":13605,"comment_status":"open","ping_status":"open","sticky":false,"template":"","format":"standard","meta":{"_acf_changed":false,"om_disable_all_campaigns":false,"rop_custom_images_group":[],"rop_custom_messages_group":[],"rop_publish_now":"initial","rop_publish_now_accounts":{"twitter_242054905_242054905":""},"rop_publish_now_history":[],"rop_publish_now_status":"pending","_uf_show_specific_survey":0,"_uf_disable_surveys":false,"footnotes":""},"categories":[1],"tags":[],"class_list":["post-13604","post","type-post","status-publish","format-standard","has-post-thumbnail","hentry","category-uncategorized"],"acf":[],"aioseo_notices":[],"yoast_head":"<!-- This site is optimized with the Yoast SEO Premium plugin v24.9 (Yoast SEO v27.2) - https:\/\/yoast.com\/product\/yoast-seo-premium-wordpress\/ -->\n<title>Corporaci\u00f3n &quot;La Favorita&quot; realiza ayuda humanitaria a damnificados registrados en el MIES - Ecuador | Noti-America.com<\/title>\n<meta name=\"robots\" content=\"index, follow, max-snippet:-1, max-image-preview:large, max-video-preview:-1\" \/>\n<link rel=\"canonical\" href=\"https:\/\/noti-america.com\/site\/ecuador\/2021\/03\/26\/corporacion-la-favorita-realiza-ayuda-humanitaria-a-damnificados-registrados-en-el-mies\/\" \/>\n<meta property=\"og:locale\" content=\"es_ES\" \/>\n<meta property=\"og:type\" content=\"article\" \/>\n<meta property=\"og:title\" content=\"Corporaci\u00f3n &quot;La Favorita&quot; realiza ayuda humanitaria a damnificados registrados en el MIES\" \/>\n<meta property=\"og:description\" content=\"REDACCI\u00d3N NOTI AM\u00c9RICA (ECUADOR) Una ayuda humanitaria realiz\u00f3\u00a0 la Corporaci\u00f3n \u00abLa Favorita\u00bb destinada a atender a familias en condiciones de riesgo y vulnerabilidad, que se han visto afectadas por la emergencia sanitaria y que&#046;&#046;&#046;\" \/>\n<meta property=\"og:url\" content=\"https:\/\/noti-america.com\/site\/ecuador\/2021\/03\/26\/corporacion-la-favorita-realiza-ayuda-humanitaria-a-damnificados-registrados-en-el-mies\/\" \/>\n<meta property=\"og:site_name\" content=\"Ecuador | Noti-America.com\" \/>\n<meta property=\"article:published_time\" content=\"2021-03-26T22:22:41+00:00\" \/>\n<meta property=\"og:image\" content=\"https:\/\/noti-america.com\/site\/ecuador\/wp-content\/uploads\/sites\/18\/2021\/03\/26-ma\u00a1r-WhatsApp-Image-2021-03-24-at-16.51.49.jpeg\" \/>\n\t<meta property=\"og:image:width\" content=\"521\" \/>\n\t<meta property=\"og:image:height\" content=\"521\" \/>\n\t<meta property=\"og:image:type\" content=\"image\/jpeg\" \/>\n<meta name=\"author\" content=\"Henry Ortiz\" \/>\n<meta name=\"twitter:card\" content=\"summary_large_image\" \/>\n<meta name=\"twitter:creator\" content=\"@notiamerica\" \/>\n<meta name=\"twitter:site\" content=\"@notiamerica\" \/>\n<meta name=\"twitter:label1\" content=\"Escrito por\" \/>\n\t<meta name=\"twitter:data1\" content=\"Henry Ortiz\" \/>\n\t<meta name=\"twitter:label2\" content=\"Tiempo estimado de lectura\" \/>\n\t<meta name=\"twitter:data2\" content=\"1 minuto\" \/>\n<script type=\"application\/ld+json\" class=\"yoast-schema-graph\">{\"@context\":\"https:\/\/schema.org\",\"@graph\":[{\"@type\":\"Article\",\"@id\":\"https:\/\/noti-america.com\/site\/ecuador\/2021\/03\/26\/corporacion-la-favorita-realiza-ayuda-humanitaria-a-damnificados-registrados-en-el-mies\/#article\",\"isPartOf\":{\"@id\":\"https:\/\/noti-america.com\/site\/ecuador\/2021\/03\/26\/corporacion-la-favorita-realiza-ayuda-humanitaria-a-damnificados-registrados-en-el-mies\/\"},\"author\":{\"name\":\"Henry Ortiz\",\"@id\":\"https:\/\/noti-america.com\/site\/ecuador\/#\/schema\/person\/b9d1630cc6598af759d45c790a347283\"},\"headline\":\"Corporaci\u00f3n \u00abLa Favorita\u00bb realiza ayuda humanitaria a damnificados registrados en el MIES\",\"datePublished\":\"2021-03-26T22:22:41+00:00\",\"mainEntityOfPage\":{\"@id\":\"https:\/\/noti-america.com\/site\/ecuador\/2021\/03\/26\/corporacion-la-favorita-realiza-ayuda-humanitaria-a-damnificados-registrados-en-el-mies\/\"},\"wordCount\":234,\"commentCount\":0,\"publisher\":{\"@id\":\"https:\/\/noti-america.com\/site\/ecuador\/#organization\"},\"image\":{\"@id\":\"https:\/\/noti-america.com\/site\/ecuador\/2021\/03\/26\/corporacion-la-favorita-realiza-ayuda-humanitaria-a-damnificados-registrados-en-el-mies\/#primaryimage\"},\"thumbnailUrl\":\"https:\/\/noti-america.com\/site\/ecuador\/wp-content\/uploads\/sites\/18\/2021\/03\/26-ma\u00a1r-WhatsApp-Image-2021-03-24-at-16.51.49.jpeg\",\"articleSection\":[\"Uncategorized\"],\"inLanguage\":\"es\",\"potentialAction\":[{\"@type\":\"CommentAction\",\"name\":\"Comment\",\"target\":[\"https:\/\/noti-america.com\/site\/ecuador\/2021\/03\/26\/corporacion-la-favorita-realiza-ayuda-humanitaria-a-damnificados-registrados-en-el-mies\/#respond\"]}]},{\"@type\":\"WebPage\",\"@id\":\"https:\/\/noti-america.com\/site\/ecuador\/2021\/03\/26\/corporacion-la-favorita-realiza-ayuda-humanitaria-a-damnificados-registrados-en-el-mies\/\",\"url\":\"https:\/\/noti-america.com\/site\/ecuador\/2021\/03\/26\/corporacion-la-favorita-realiza-ayuda-humanitaria-a-damnificados-registrados-en-el-mies\/\",\"name\":\"Corporaci\u00f3n \\\"La Favorita\\\" realiza ayuda humanitaria a damnificados registrados en el MIES - Ecuador | Noti-America.com\",\"isPartOf\":{\"@id\":\"https:\/\/noti-america.com\/site\/ecuador\/#website\"},\"primaryImageOfPage\":{\"@id\":\"https:\/\/noti-america.com\/site\/ecuador\/2021\/03\/26\/corporacion-la-favorita-realiza-ayuda-humanitaria-a-damnificados-registrados-en-el-mies\/#primaryimage\"},\"image\":{\"@id\":\"https:\/\/noti-america.com\/site\/ecuador\/2021\/03\/26\/corporacion-la-favorita-realiza-ayuda-humanitaria-a-damnificados-registrados-en-el-mies\/#primaryimage\"},\"thumbnailUrl\":\"https:\/\/noti-america.com\/site\/ecuador\/wp-content\/uploads\/sites\/18\/2021\/03\/26-ma\u00a1r-WhatsApp-Image-2021-03-24-at-16.51.49.jpeg\",\"datePublished\":\"2021-03-26T22:22:41+00:00\",\"breadcrumb\":{\"@id\":\"https:\/\/noti-america.com\/site\/ecuador\/2021\/03\/26\/corporacion-la-favorita-realiza-ayuda-humanitaria-a-damnificados-registrados-en-el-mies\/#breadcrumb\"},\"inLanguage\":\"es\",\"potentialAction\":[{\"@type\":\"ReadAction\",\"target\":[\"https:\/\/noti-america.com\/site\/ecuador\/2021\/03\/26\/corporacion-la-favorita-realiza-ayuda-humanitaria-a-damnificados-registrados-en-el-mies\/\"]}]},{\"@type\":\"ImageObject\",\"inLanguage\":\"es\",\"@id\":\"https:\/\/noti-america.com\/site\/ecuador\/2021\/03\/26\/corporacion-la-favorita-realiza-ayuda-humanitaria-a-damnificados-registrados-en-el-mies\/#primaryimage\",\"url\":\"https:\/\/noti-america.com\/site\/ecuador\/wp-content\/uploads\/sites\/18\/2021\/03\/26-ma\u00a1r-WhatsApp-Image-2021-03-24-at-16.51.49.jpeg\",\"contentUrl\":\"https:\/\/noti-america.com\/site\/ecuador\/wp-content\/uploads\/sites\/18\/2021\/03\/26-ma\u00a1r-WhatsApp-Image-2021-03-24-at-16.51.49.jpeg\",\"width\":521,\"height\":521},{\"@type\":\"BreadcrumbList\",\"@id\":\"https:\/\/noti-america.com\/site\/ecuador\/2021\/03\/26\/corporacion-la-favorita-realiza-ayuda-humanitaria-a-damnificados-registrados-en-el-mies\/#breadcrumb\",\"itemListElement\":[{\"@type\":\"ListItem\",\"position\":1,\"name\":\"Portada\",\"item\":\"https:\/\/noti-america.com\/site\/ecuador\/\"},{\"@type\":\"ListItem\",\"position\":2,\"name\":\"Corporaci\u00f3n \u00abLa Favorita\u00bb realiza ayuda humanitaria a damnificados registrados en el MIES\"}]},{\"@type\":\"WebSite\",\"@id\":\"https:\/\/noti-america.com\/site\/ecuador\/#website\",\"url\":\"https:\/\/noti-america.com\/site\/ecuador\/\",\"name\":\"Ecuador | Noti-America.com\",\"description\":\"\",\"publisher\":{\"@id\":\"https:\/\/noti-america.com\/site\/ecuador\/#organization\"},\"potentialAction\":[{\"@type\":\"SearchAction\",\"target\":{\"@type\":\"EntryPoint\",\"urlTemplate\":\"https:\/\/noti-america.com\/site\/ecuador\/?s={search_term_string}\"},\"query-input\":{\"@type\":\"PropertyValueSpecification\",\"valueRequired\":true,\"valueName\":\"search_term_string\"}}],\"inLanguage\":\"es\"},{\"@type\":\"Organization\",\"@id\":\"https:\/\/noti-america.com\/site\/ecuador\/#organization\",\"name\":\"Noti-America LLC | Ecuador\",\"url\":\"https:\/\/noti-america.com\/site\/ecuador\/\",\"logo\":{\"@type\":\"ImageObject\",\"inLanguage\":\"es\",\"@id\":\"https:\/\/noti-america.com\/site\/ecuador\/#\/schema\/logo\/image\/\",\"url\":\"https:\/\/noti-america.com\/site\/ecuador\/wp-content\/uploads\/sites\/18\/2020\/07\/LogoNA-4x3-1.jpg\",\"contentUrl\":\"https:\/\/noti-america.com\/site\/ecuador\/wp-content\/uploads\/sites\/18\/2020\/07\/LogoNA-4x3-1.jpg\",\"width\":1236,\"height\":1080,\"caption\":\"Noti-America LLC | Ecuador\"},\"image\":{\"@id\":\"https:\/\/noti-america.com\/site\/ecuador\/#\/schema\/logo\/image\/\"},\"sameAs\":[\"https:\/\/x.com\/notiamerica\"]},{\"@type\":\"Person\",\"@id\":\"https:\/\/noti-america.com\/site\/ecuador\/#\/schema\/person\/b9d1630cc6598af759d45c790a347283\",\"name\":\"Henry Ortiz\",\"image\":{\"@type\":\"ImageObject\",\"inLanguage\":\"es\",\"@id\":\"https:\/\/secure.gravatar.com\/avatar\/0b5407b5b302fbb6a578e625dca512ac2983ee5fa9ea941d581b83c40212e4c8?s=96&d=mm&r=g\",\"url\":\"https:\/\/secure.gravatar.com\/avatar\/0b5407b5b302fbb6a578e625dca512ac2983ee5fa9ea941d581b83c40212e4c8?s=96&d=mm&r=g\",\"contentUrl\":\"https:\/\/secure.gravatar.com\/avatar\/0b5407b5b302fbb6a578e625dca512ac2983ee5fa9ea941d581b83c40212e4c8?s=96&d=mm&r=g\",\"caption\":\"Henry Ortiz\"},\"url\":\"https:\/\/noti-america.com\/site\/ecuador\/author\/hortiz\/\"}]}<\/script>\n<!-- \/ Yoast SEO Premium plugin. -->","yoast_head_json":{"title":"Corporaci\u00f3n \"La Favorita\" realiza ayuda humanitaria a damnificados registrados en el MIES - Ecuador | Noti-America.com","robots":{"index":"index","follow":"follow","max-snippet":"max-snippet:-1","max-image-preview":"max-image-preview:large","max-video-preview":"max-video-preview:-1"},"canonical":"https:\/\/noti-america.com\/site\/ecuador\/2021\/03\/26\/corporacion-la-favorita-realiza-ayuda-humanitaria-a-damnificados-registrados-en-el-mies\/","og_locale":"es_ES","og_type":"article","og_title":"Corporaci\u00f3n \"La Favorita\" realiza ayuda humanitaria a damnificados registrados en el MIES","og_description":"REDACCI\u00d3N NOTI AM\u00c9RICA (ECUADOR) Una ayuda humanitaria realiz\u00f3\u00a0 la Corporaci\u00f3n \u00abLa Favorita\u00bb destinada a atender a familias en condiciones de riesgo y vulnerabilidad, que se han visto afectadas por la emergencia sanitaria y que&#46;&#46;&#46;","og_url":"https:\/\/noti-america.com\/site\/ecuador\/2021\/03\/26\/corporacion-la-favorita-realiza-ayuda-humanitaria-a-damnificados-registrados-en-el-mies\/","og_site_name":"Ecuador | Noti-America.com","article_published_time":"2021-03-26T22:22:41+00:00","og_image":[{"width":521,"height":521,"url":"https:\/\/noti-america.com\/site\/ecuador\/wp-content\/uploads\/sites\/18\/2021\/03\/26-ma\u00a1r-WhatsApp-Image-2021-03-24-at-16.51.49.jpeg","type":"image\/jpeg"}],"author":"Henry Ortiz","twitter_card":"summary_large_image","twitter_creator":"@notiamerica","twitter_site":"@notiamerica","twitter_misc":{"Escrito por":"Henry Ortiz","Tiempo estimado de lectura":"1 minuto"},"schema":{"@context":"https:\/\/schema.org","@graph":[{"@type":"Article","@id":"https:\/\/noti-america.com\/site\/ecuador\/2021\/03\/26\/corporacion-la-favorita-realiza-ayuda-humanitaria-a-damnificados-registrados-en-el-mies\/#article","isPartOf":{"@id":"https:\/\/noti-america.com\/site\/ecuador\/2021\/03\/26\/corporacion-la-favorita-realiza-ayuda-humanitaria-a-damnificados-registrados-en-el-mies\/"},"author":{"name":"Henry Ortiz","@id":"https:\/\/noti-america.com\/site\/ecuador\/#\/schema\/person\/b9d1630cc6598af759d45c790a347283"},"headline":"Corporaci\u00f3n \u00abLa Favorita\u00bb realiza ayuda humanitaria a damnificados registrados en el MIES","datePublished":"2021-03-26T22:22:41+00:00","mainEntityOfPage":{"@id":"https:\/\/noti-america.com\/site\/ecuador\/2021\/03\/26\/corporacion-la-favorita-realiza-ayuda-humanitaria-a-damnificados-registrados-en-el-mies\/"},"wordCount":234,"commentCount":0,"publisher":{"@id":"https:\/\/noti-america.com\/site\/ecuador\/#organization"},"image":{"@id":"https:\/\/noti-america.com\/site\/ecuador\/2021\/03\/26\/corporacion-la-favorita-realiza-ayuda-humanitaria-a-damnificados-registrados-en-el-mies\/#primaryimage"},"thumbnailUrl":"https:\/\/noti-america.com\/site\/ecuador\/wp-content\/uploads\/sites\/18\/2021\/03\/26-ma\u00a1r-WhatsApp-Image-2021-03-24-at-16.51.49.jpeg","articleSection":["Uncategorized"],"inLanguage":"es","potentialAction":[{"@type":"CommentAction","name":"Comment","target":["https:\/\/noti-america.com\/site\/ecuador\/2021\/03\/26\/corporacion-la-favorita-realiza-ayuda-humanitaria-a-damnificados-registrados-en-el-mies\/#respond"]}]},{"@type":"WebPage","@id":"https:\/\/noti-america.com\/site\/ecuador\/2021\/03\/26\/corporacion-la-favorita-realiza-ayuda-humanitaria-a-damnificados-registrados-en-el-mies\/","url":"https:\/\/noti-america.com\/site\/ecuador\/2021\/03\/26\/corporacion-la-favorita-realiza-ayuda-humanitaria-a-damnificados-registrados-en-el-mies\/","name":"Corporaci\u00f3n \"La Favorita\" realiza ayuda humanitaria a damnificados registrados en el MIES - Ecuador | Noti-America.com","isPartOf":{"@id":"https:\/\/noti-america.com\/site\/ecuador\/#website"},"primaryImageOfPage":{"@id":"https:\/\/noti-america.com\/site\/ecuador\/2021\/03\/26\/corporacion-la-favorita-realiza-ayuda-humanitaria-a-damnificados-registrados-en-el-mies\/#primaryimage"},"image":{"@id":"https:\/\/noti-america.com\/site\/ecuador\/2021\/03\/26\/corporacion-la-favorita-realiza-ayuda-humanitaria-a-damnificados-registrados-en-el-mies\/#primaryimage"},"thumbnailUrl":"https:\/\/noti-america.com\/site\/ecuador\/wp-content\/uploads\/sites\/18\/2021\/03\/26-ma\u00a1r-WhatsApp-Image-2021-03-24-at-16.51.49.jpeg","datePublished":"2021-03-26T22:22:41+00:00","breadcrumb":{"@id":"https:\/\/noti-america.com\/site\/ecuador\/2021\/03\/26\/corporacion-la-favorita-realiza-ayuda-humanitaria-a-damnificados-registrados-en-el-mies\/#breadcrumb"},"inLanguage":"es","potentialAction":[{"@type":"ReadAction","target":["https:\/\/noti-america.com\/site\/ecuador\/2021\/03\/26\/corporacion-la-favorita-realiza-ayuda-humanitaria-a-damnificados-registrados-en-el-mies\/"]}]},{"@type":"ImageObject","inLanguage":"es","@id":"https:\/\/noti-america.com\/site\/ecuador\/2021\/03\/26\/corporacion-la-favorita-realiza-ayuda-humanitaria-a-damnificados-registrados-en-el-mies\/#primaryimage","url":"https:\/\/noti-america.com\/site\/ecuador\/wp-content\/uploads\/sites\/18\/2021\/03\/26-ma\u00a1r-WhatsApp-Image-2021-03-24-at-16.51.49.jpeg","contentUrl":"https:\/\/noti-america.com\/site\/ecuador\/wp-content\/uploads\/sites\/18\/2021\/03\/26-ma\u00a1r-WhatsApp-Image-2021-03-24-at-16.51.49.jpeg","width":521,"height":521},{"@type":"BreadcrumbList","@id":"https:\/\/noti-america.com\/site\/ecuador\/2021\/03\/26\/corporacion-la-favorita-realiza-ayuda-humanitaria-a-damnificados-registrados-en-el-mies\/#breadcrumb","itemListElement":[{"@type":"ListItem","position":1,"name":"Portada","item":"https:\/\/noti-america.com\/site\/ecuador\/"},{"@type":"ListItem","position":2,"name":"Corporaci\u00f3n \u00abLa Favorita\u00bb realiza ayuda humanitaria a damnificados registrados en el MIES"}]},{"@type":"WebSite","@id":"https:\/\/noti-america.com\/site\/ecuador\/#website","url":"https:\/\/noti-america.com\/site\/ecuador\/","name":"Ecuador | Noti-America.com","description":"","publisher":{"@id":"https:\/\/noti-america.com\/site\/ecuador\/#organization"},"potentialAction":[{"@type":"SearchAction","target":{"@type":"EntryPoint","urlTemplate":"https:\/\/noti-america.com\/site\/ecuador\/?s={search_term_string}"},"query-input":{"@type":"PropertyValueSpecification","valueRequired":true,"valueName":"search_term_string"}}],"inLanguage":"es"},{"@type":"Organization","@id":"https:\/\/noti-america.com\/site\/ecuador\/#organization","name":"Noti-America LLC | Ecuador","url":"https:\/\/noti-america.com\/site\/ecuador\/","logo":{"@type":"ImageObject","inLanguage":"es","@id":"https:\/\/noti-america.com\/site\/ecuador\/#\/schema\/logo\/image\/","url":"https:\/\/noti-america.com\/site\/ecuador\/wp-content\/uploads\/sites\/18\/2020\/07\/LogoNA-4x3-1.jpg","contentUrl":"https:\/\/noti-america.com\/site\/ecuador\/wp-content\/uploads\/sites\/18\/2020\/07\/LogoNA-4x3-1.jpg","width":1236,"height":1080,"caption":"Noti-America LLC | Ecuador"},"image":{"@id":"https:\/\/noti-america.com\/site\/ecuador\/#\/schema\/logo\/image\/"},"sameAs":["https:\/\/x.com\/notiamerica"]},{"@type":"Person","@id":"https:\/\/noti-america.com\/site\/ecuador\/#\/schema\/person\/b9d1630cc6598af759d45c790a347283","name":"Henry Ortiz","image":{"@type":"ImageObject","inLanguage":"es","@id":"https:\/\/secure.gravatar.com\/avatar\/0b5407b5b302fbb6a578e625dca512ac2983ee5fa9ea941d581b83c40212e4c8?s=96&d=mm&r=g","url":"https:\/\/secure.gravatar.com\/avatar\/0b5407b5b302fbb6a578e625dca512ac2983ee5fa9ea941d581b83c40212e4c8?s=96&d=mm&r=g","contentUrl":"https:\/\/secure.gravatar.com\/avatar\/0b5407b5b302fbb6a578e625dca512ac2983ee5fa9ea941d581b83c40212e4c8?s=96&d=mm&r=g","caption":"Henry Ortiz"},"url":"https:\/\/noti-america.com\/site\/ecuador\/author\/hortiz\/"}]}},"_links":{"self":[{"href":"https:\/\/noti-america.com\/site\/ecuador\/wp-json\/wp\/v2\/posts\/13604","targetHints":{"allow":["GET"]}}],"collection":[{"href":"https:\/\/noti-america.com\/site\/ecuador\/wp-json\/wp\/v2\/posts"}],"about":[{"href":"https:\/\/noti-america.com\/site\/ecuador\/wp-json\/wp\/v2\/types\/post"}],"author":[{"embeddable":true,"href":"https:\/\/noti-america.com\/site\/ecuador\/wp-json\/wp\/v2\/users\/113"}],"replies":[{"embeddable":true,"href":"https:\/\/noti-america.com\/site\/ecuador\/wp-json\/wp\/v2\/comments?post=13604"}],"version-history":[{"count":1,"href":"https:\/\/noti-america.com\/site\/ecuador\/wp-json\/wp\/v2\/posts\/13604\/revisions"}],"predecessor-version":[{"id":13606,"href":"https:\/\/noti-america.com\/site\/ecuador\/wp-json\/wp\/v2\/posts\/13604\/revisions\/13606"}],"wp:featuredmedia":[{"embeddable":true,"href":"https:\/\/noti-america.com\/site\/ecuador\/wp-json\/wp\/v2\/media\/13605"}],"wp:attachment":[{"href":"https:\/\/noti-america.com\/site\/ecuador\/wp-json\/wp\/v2\/media?parent=13604"}],"wp:term":[{"taxonomy":"category","embeddable":true,"href":"https:\/\/noti-america.com\/site\/ecuador\/wp-json\/wp\/v2\/categories?post=13604"},{"taxonomy":"post_tag","embeddable":true,"href":"https:\/\/noti-america.com\/site\/ecuador\/wp-json\/wp\/v2\/tags?post=13604"}],"curies":[{"name":"wp","href":"https:\/\/api.w.org\/{rel}","templated":true}]}}