{"id":13575,"date":"2021-03-24T22:24:22","date_gmt":"2021-03-24T22:24:22","guid":{"rendered":"https:\/\/noti-america.com\/site\/ecuador\/?p=13575"},"modified":"2021-03-24T22:24:22","modified_gmt":"2021-03-24T22:24:22","slug":"municipio-capacitara-a-100-emprendedores-para-impulsar-sus-negocios","status":"publish","type":"post","link":"https:\/\/noti-america.com\/site\/ecuador\/2021\/03\/24\/municipio-capacitara-a-100-emprendedores-para-impulsar-sus-negocios\/","title":{"rendered":"Municipio capacitar\u00e1 a 100 emprendedores para impulsar sus negocios"},"content":{"rendered":"<p><strong>REDACCI\u00d3N NOTI AM\u00c9RICA (ECUADOR)<\/strong><\/p>\n<p><img loading=\"lazy\" decoding=\"async\" class=\" wp-image-13576 aligncenter\" src=\"https:\/\/noti-america.com\/site\/ecuador\/wp-content\/uploads\/sites\/18\/2021\/03\/Firma-convenio-Blossom-Foto-2-300x200.jpeg\" alt=\"\" width=\"614\" height=\"409\" srcset=\"https:\/\/noti-america.com\/site\/ecuador\/wp-content\/uploads\/sites\/18\/2021\/03\/Firma-convenio-Blossom-Foto-2-300x200.jpeg 300w, https:\/\/noti-america.com\/site\/ecuador\/wp-content\/uploads\/sites\/18\/2021\/03\/Firma-convenio-Blossom-Foto-2-768x512.jpeg 768w, https:\/\/noti-america.com\/site\/ecuador\/wp-content\/uploads\/sites\/18\/2021\/03\/Firma-convenio-Blossom-Foto-2-272x182.jpeg 272w, https:\/\/noti-america.com\/site\/ecuador\/wp-content\/uploads\/sites\/18\/2021\/03\/Firma-convenio-Blossom-Foto-2.jpeg 1024w\" sizes=\"auto, (max-width: 614px) 100vw, 614px\" \/><\/p>\n<p style=\"text-align: justify\"><span lang=\"ES-MX\">La Empresa P\u00fablica Municipal Desarrollo, Acci\u00f3n Social y Educaci\u00f3n (DASE) y la fundaci\u00f3n Blossom Guayaquil firmaron un convenio con el que se beneficiar\u00e1n 100 personas para recibir capacitaciones gratuitas sobre innovaci\u00f3n, emprendimiento, inteligencia financiera, ventas, educaci\u00f3n tributaria, entre otros temas.<\/span><\/p>\n<p style=\"text-align: justify\"><span lang=\"ES-MX\">Durante la firma de convenio, la subgerenta de EP DASE, Amalia Gallardo, habl\u00f3 sobre la importancia de alianzas para mejorar la educaci\u00f3n. \u201cCon esta firma nos seguimos comprometiendo al mejoramiento de la educaci\u00f3n, creando oportunidades laborales para la juventud guayaquile\u00f1a que apuesta por adaptarse a las nuevas tecnolog\u00edas en la educaci\u00f3n virtual\u201d, se\u00f1al\u00f3.<\/span><\/p>\n<p style=\"text-align: justify\"><span lang=\"ES-MX\">El curso ser\u00e1 dictado por especialistas y de manera\u00a0<i>online<\/i>. Los estudiantes contar\u00e1n con un profesor que asignar\u00e1 a cada beneficiario actividades de aprendizaje, evaluaci\u00f3n y estudios de casos reales para que formen un an\u00e1lisis cr\u00edtico. Al finalizar las capacitaciones recibir\u00e1n un certificado.<\/span><\/p>\n<p style=\"text-align: justify\"><span lang=\"ES-MX\">Blossom Ecuador es una fundaci\u00f3n que impulsa la educaci\u00f3n a trav\u00e9s de la metodolog\u00eda \u201cBlended Learning\u201d en las materias de ciencia, innovaci\u00f3n, finanzas, arte y cultura\u00a0de manera din\u00e1mica con videos, lecturas y actividades que permitan a los estudiantes aprender y desarrollarse de forma adecuada.<\/span><\/p>\n","protected":false},"excerpt":{"rendered":"<p>REDACCI\u00d3N NOTI AM\u00c9RICA (ECUADOR) La Empresa P\u00fablica Municipal Desarrollo, Acci\u00f3n Social y Educaci\u00f3n (DASE) y la fundaci\u00f3n Blossom Guayaquil firmaron un convenio con el que se beneficiar\u00e1n 100 personas para recibir capacitaciones gratuitas sobre&#46;&#46;&#46;<\/p>\n","protected":false},"author":113,"featured_media":13576,"comment_status":"open","ping_status":"open","sticky":false,"template":"","format":"standard","meta":{"_acf_changed":false,"om_disable_all_campaigns":false,"rop_custom_images_group":[],"rop_custom_messages_group":[],"rop_publish_now":"initial","rop_publish_now_accounts":{"twitter_242054905_242054905":""},"rop_publish_now_history":[],"rop_publish_now_status":"pending","_uf_show_specific_survey":0,"_uf_disable_surveys":false,"footnotes":""},"categories":[1],"tags":[],"class_list":["post-13575","post","type-post","status-publish","format-standard","has-post-thumbnail","hentry","category-uncategorized"],"acf":[],"aioseo_notices":[],"yoast_head":"<!-- This site is optimized with the Yoast SEO Premium plugin v24.9 (Yoast SEO v27.2) - https:\/\/yoast.com\/product\/yoast-seo-premium-wordpress\/ -->\n<title>Municipio capacitar\u00e1 a 100 emprendedores para impulsar sus negocios - Ecuador | Noti-America.com<\/title>\n<meta name=\"robots\" content=\"index, follow, max-snippet:-1, max-image-preview:large, max-video-preview:-1\" \/>\n<link rel=\"canonical\" href=\"https:\/\/noti-america.com\/site\/ecuador\/2021\/03\/24\/municipio-capacitara-a-100-emprendedores-para-impulsar-sus-negocios\/\" \/>\n<meta property=\"og:locale\" content=\"es_ES\" \/>\n<meta property=\"og:type\" content=\"article\" \/>\n<meta property=\"og:title\" content=\"Municipio capacitar\u00e1 a 100 emprendedores para impulsar sus negocios\" \/>\n<meta property=\"og:description\" content=\"REDACCI\u00d3N NOTI AM\u00c9RICA (ECUADOR) La Empresa P\u00fablica Municipal Desarrollo, Acci\u00f3n Social y Educaci\u00f3n (DASE) y la fundaci\u00f3n Blossom Guayaquil firmaron un convenio con el que se beneficiar\u00e1n 100 personas para recibir capacitaciones gratuitas sobre&#046;&#046;&#046;\" \/>\n<meta property=\"og:url\" content=\"https:\/\/noti-america.com\/site\/ecuador\/2021\/03\/24\/municipio-capacitara-a-100-emprendedores-para-impulsar-sus-negocios\/\" \/>\n<meta property=\"og:site_name\" content=\"Ecuador | Noti-America.com\" \/>\n<meta property=\"article:published_time\" content=\"2021-03-24T22:24:22+00:00\" \/>\n<meta property=\"og:image\" content=\"https:\/\/noti-america.com\/site\/ecuador\/wp-content\/uploads\/sites\/18\/2021\/03\/Firma-convenio-Blossom-Foto-2.jpeg\" \/>\n\t<meta property=\"og:image:width\" content=\"1024\" \/>\n\t<meta property=\"og:image:height\" content=\"683\" \/>\n\t<meta property=\"og:image:type\" content=\"image\/jpeg\" \/>\n<meta name=\"author\" content=\"Henry Ortiz\" \/>\n<meta name=\"twitter:card\" content=\"summary_large_image\" \/>\n<meta name=\"twitter:creator\" content=\"@notiamerica\" \/>\n<meta name=\"twitter:site\" content=\"@notiamerica\" \/>\n<meta name=\"twitter:label1\" content=\"Escrito por\" \/>\n\t<meta name=\"twitter:data1\" content=\"Henry Ortiz\" \/>\n\t<meta name=\"twitter:label2\" content=\"Tiempo estimado de lectura\" \/>\n\t<meta name=\"twitter:data2\" content=\"1 minuto\" \/>\n<script type=\"application\/ld+json\" class=\"yoast-schema-graph\">{\"@context\":\"https:\/\/schema.org\",\"@graph\":[{\"@type\":\"Article\",\"@id\":\"https:\/\/noti-america.com\/site\/ecuador\/2021\/03\/24\/municipio-capacitara-a-100-emprendedores-para-impulsar-sus-negocios\/#article\",\"isPartOf\":{\"@id\":\"https:\/\/noti-america.com\/site\/ecuador\/2021\/03\/24\/municipio-capacitara-a-100-emprendedores-para-impulsar-sus-negocios\/\"},\"author\":{\"name\":\"Henry Ortiz\",\"@id\":\"https:\/\/noti-america.com\/site\/ecuador\/#\/schema\/person\/b9d1630cc6598af759d45c790a347283\"},\"headline\":\"Municipio capacitar\u00e1 a 100 emprendedores para impulsar sus negocios\",\"datePublished\":\"2021-03-24T22:24:22+00:00\",\"mainEntityOfPage\":{\"@id\":\"https:\/\/noti-america.com\/site\/ecuador\/2021\/03\/24\/municipio-capacitara-a-100-emprendedores-para-impulsar-sus-negocios\/\"},\"wordCount\":218,\"commentCount\":0,\"publisher\":{\"@id\":\"https:\/\/noti-america.com\/site\/ecuador\/#organization\"},\"image\":{\"@id\":\"https:\/\/noti-america.com\/site\/ecuador\/2021\/03\/24\/municipio-capacitara-a-100-emprendedores-para-impulsar-sus-negocios\/#primaryimage\"},\"thumbnailUrl\":\"https:\/\/noti-america.com\/site\/ecuador\/wp-content\/uploads\/sites\/18\/2021\/03\/Firma-convenio-Blossom-Foto-2.jpeg\",\"articleSection\":[\"Uncategorized\"],\"inLanguage\":\"es\",\"potentialAction\":[{\"@type\":\"CommentAction\",\"name\":\"Comment\",\"target\":[\"https:\/\/noti-america.com\/site\/ecuador\/2021\/03\/24\/municipio-capacitara-a-100-emprendedores-para-impulsar-sus-negocios\/#respond\"]}]},{\"@type\":\"WebPage\",\"@id\":\"https:\/\/noti-america.com\/site\/ecuador\/2021\/03\/24\/municipio-capacitara-a-100-emprendedores-para-impulsar-sus-negocios\/\",\"url\":\"https:\/\/noti-america.com\/site\/ecuador\/2021\/03\/24\/municipio-capacitara-a-100-emprendedores-para-impulsar-sus-negocios\/\",\"name\":\"Municipio capacitar\u00e1 a 100 emprendedores para impulsar sus negocios - Ecuador | Noti-America.com\",\"isPartOf\":{\"@id\":\"https:\/\/noti-america.com\/site\/ecuador\/#website\"},\"primaryImageOfPage\":{\"@id\":\"https:\/\/noti-america.com\/site\/ecuador\/2021\/03\/24\/municipio-capacitara-a-100-emprendedores-para-impulsar-sus-negocios\/#primaryimage\"},\"image\":{\"@id\":\"https:\/\/noti-america.com\/site\/ecuador\/2021\/03\/24\/municipio-capacitara-a-100-emprendedores-para-impulsar-sus-negocios\/#primaryimage\"},\"thumbnailUrl\":\"https:\/\/noti-america.com\/site\/ecuador\/wp-content\/uploads\/sites\/18\/2021\/03\/Firma-convenio-Blossom-Foto-2.jpeg\",\"datePublished\":\"2021-03-24T22:24:22+00:00\",\"breadcrumb\":{\"@id\":\"https:\/\/noti-america.com\/site\/ecuador\/2021\/03\/24\/municipio-capacitara-a-100-emprendedores-para-impulsar-sus-negocios\/#breadcrumb\"},\"inLanguage\":\"es\",\"potentialAction\":[{\"@type\":\"ReadAction\",\"target\":[\"https:\/\/noti-america.com\/site\/ecuador\/2021\/03\/24\/municipio-capacitara-a-100-emprendedores-para-impulsar-sus-negocios\/\"]}]},{\"@type\":\"ImageObject\",\"inLanguage\":\"es\",\"@id\":\"https:\/\/noti-america.com\/site\/ecuador\/2021\/03\/24\/municipio-capacitara-a-100-emprendedores-para-impulsar-sus-negocios\/#primaryimage\",\"url\":\"https:\/\/noti-america.com\/site\/ecuador\/wp-content\/uploads\/sites\/18\/2021\/03\/Firma-convenio-Blossom-Foto-2.jpeg\",\"contentUrl\":\"https:\/\/noti-america.com\/site\/ecuador\/wp-content\/uploads\/sites\/18\/2021\/03\/Firma-convenio-Blossom-Foto-2.jpeg\",\"width\":1024,\"height\":683},{\"@type\":\"BreadcrumbList\",\"@id\":\"https:\/\/noti-america.com\/site\/ecuador\/2021\/03\/24\/municipio-capacitara-a-100-emprendedores-para-impulsar-sus-negocios\/#breadcrumb\",\"itemListElement\":[{\"@type\":\"ListItem\",\"position\":1,\"name\":\"Portada\",\"item\":\"https:\/\/noti-america.com\/site\/ecuador\/\"},{\"@type\":\"ListItem\",\"position\":2,\"name\":\"Municipio capacitar\u00e1 a 100 emprendedores para impulsar sus negocios\"}]},{\"@type\":\"WebSite\",\"@id\":\"https:\/\/noti-america.com\/site\/ecuador\/#website\",\"url\":\"https:\/\/noti-america.com\/site\/ecuador\/\",\"name\":\"Ecuador | Noti-America.com\",\"description\":\"\",\"publisher\":{\"@id\":\"https:\/\/noti-america.com\/site\/ecuador\/#organization\"},\"potentialAction\":[{\"@type\":\"SearchAction\",\"target\":{\"@type\":\"EntryPoint\",\"urlTemplate\":\"https:\/\/noti-america.com\/site\/ecuador\/?s={search_term_string}\"},\"query-input\":{\"@type\":\"PropertyValueSpecification\",\"valueRequired\":true,\"valueName\":\"search_term_string\"}}],\"inLanguage\":\"es\"},{\"@type\":\"Organization\",\"@id\":\"https:\/\/noti-america.com\/site\/ecuador\/#organization\",\"name\":\"Noti-America LLC | Ecuador\",\"url\":\"https:\/\/noti-america.com\/site\/ecuador\/\",\"logo\":{\"@type\":\"ImageObject\",\"inLanguage\":\"es\",\"@id\":\"https:\/\/noti-america.com\/site\/ecuador\/#\/schema\/logo\/image\/\",\"url\":\"https:\/\/noti-america.com\/site\/ecuador\/wp-content\/uploads\/sites\/18\/2020\/07\/LogoNA-4x3-1.jpg\",\"contentUrl\":\"https:\/\/noti-america.com\/site\/ecuador\/wp-content\/uploads\/sites\/18\/2020\/07\/LogoNA-4x3-1.jpg\",\"width\":1236,\"height\":1080,\"caption\":\"Noti-America LLC | Ecuador\"},\"image\":{\"@id\":\"https:\/\/noti-america.com\/site\/ecuador\/#\/schema\/logo\/image\/\"},\"sameAs\":[\"https:\/\/x.com\/notiamerica\"]},{\"@type\":\"Person\",\"@id\":\"https:\/\/noti-america.com\/site\/ecuador\/#\/schema\/person\/b9d1630cc6598af759d45c790a347283\",\"name\":\"Henry Ortiz\",\"image\":{\"@type\":\"ImageObject\",\"inLanguage\":\"es\",\"@id\":\"https:\/\/secure.gravatar.com\/avatar\/0b5407b5b302fbb6a578e625dca512ac2983ee5fa9ea941d581b83c40212e4c8?s=96&d=mm&r=g\",\"url\":\"https:\/\/secure.gravatar.com\/avatar\/0b5407b5b302fbb6a578e625dca512ac2983ee5fa9ea941d581b83c40212e4c8?s=96&d=mm&r=g\",\"contentUrl\":\"https:\/\/secure.gravatar.com\/avatar\/0b5407b5b302fbb6a578e625dca512ac2983ee5fa9ea941d581b83c40212e4c8?s=96&d=mm&r=g\",\"caption\":\"Henry Ortiz\"},\"url\":\"https:\/\/noti-america.com\/site\/ecuador\/author\/hortiz\/\"}]}<\/script>\n<!-- \/ Yoast SEO Premium plugin. -->","yoast_head_json":{"title":"Municipio capacitar\u00e1 a 100 emprendedores para impulsar sus negocios - Ecuador | Noti-America.com","robots":{"index":"index","follow":"follow","max-snippet":"max-snippet:-1","max-image-preview":"max-image-preview:large","max-video-preview":"max-video-preview:-1"},"canonical":"https:\/\/noti-america.com\/site\/ecuador\/2021\/03\/24\/municipio-capacitara-a-100-emprendedores-para-impulsar-sus-negocios\/","og_locale":"es_ES","og_type":"article","og_title":"Municipio capacitar\u00e1 a 100 emprendedores para impulsar sus negocios","og_description":"REDACCI\u00d3N NOTI AM\u00c9RICA (ECUADOR) La Empresa P\u00fablica Municipal Desarrollo, Acci\u00f3n Social y Educaci\u00f3n (DASE) y la fundaci\u00f3n Blossom Guayaquil firmaron un convenio con el que se beneficiar\u00e1n 100 personas para recibir capacitaciones gratuitas sobre&#46;&#46;&#46;","og_url":"https:\/\/noti-america.com\/site\/ecuador\/2021\/03\/24\/municipio-capacitara-a-100-emprendedores-para-impulsar-sus-negocios\/","og_site_name":"Ecuador | Noti-America.com","article_published_time":"2021-03-24T22:24:22+00:00","og_image":[{"width":1024,"height":683,"url":"https:\/\/noti-america.com\/site\/ecuador\/wp-content\/uploads\/sites\/18\/2021\/03\/Firma-convenio-Blossom-Foto-2.jpeg","type":"image\/jpeg"}],"author":"Henry Ortiz","twitter_card":"summary_large_image","twitter_creator":"@notiamerica","twitter_site":"@notiamerica","twitter_misc":{"Escrito por":"Henry Ortiz","Tiempo estimado de lectura":"1 minuto"},"schema":{"@context":"https:\/\/schema.org","@graph":[{"@type":"Article","@id":"https:\/\/noti-america.com\/site\/ecuador\/2021\/03\/24\/municipio-capacitara-a-100-emprendedores-para-impulsar-sus-negocios\/#article","isPartOf":{"@id":"https:\/\/noti-america.com\/site\/ecuador\/2021\/03\/24\/municipio-capacitara-a-100-emprendedores-para-impulsar-sus-negocios\/"},"author":{"name":"Henry Ortiz","@id":"https:\/\/noti-america.com\/site\/ecuador\/#\/schema\/person\/b9d1630cc6598af759d45c790a347283"},"headline":"Municipio capacitar\u00e1 a 100 emprendedores para impulsar sus negocios","datePublished":"2021-03-24T22:24:22+00:00","mainEntityOfPage":{"@id":"https:\/\/noti-america.com\/site\/ecuador\/2021\/03\/24\/municipio-capacitara-a-100-emprendedores-para-impulsar-sus-negocios\/"},"wordCount":218,"commentCount":0,"publisher":{"@id":"https:\/\/noti-america.com\/site\/ecuador\/#organization"},"image":{"@id":"https:\/\/noti-america.com\/site\/ecuador\/2021\/03\/24\/municipio-capacitara-a-100-emprendedores-para-impulsar-sus-negocios\/#primaryimage"},"thumbnailUrl":"https:\/\/noti-america.com\/site\/ecuador\/wp-content\/uploads\/sites\/18\/2021\/03\/Firma-convenio-Blossom-Foto-2.jpeg","articleSection":["Uncategorized"],"inLanguage":"es","potentialAction":[{"@type":"CommentAction","name":"Comment","target":["https:\/\/noti-america.com\/site\/ecuador\/2021\/03\/24\/municipio-capacitara-a-100-emprendedores-para-impulsar-sus-negocios\/#respond"]}]},{"@type":"WebPage","@id":"https:\/\/noti-america.com\/site\/ecuador\/2021\/03\/24\/municipio-capacitara-a-100-emprendedores-para-impulsar-sus-negocios\/","url":"https:\/\/noti-america.com\/site\/ecuador\/2021\/03\/24\/municipio-capacitara-a-100-emprendedores-para-impulsar-sus-negocios\/","name":"Municipio capacitar\u00e1 a 100 emprendedores para impulsar sus negocios - Ecuador | Noti-America.com","isPartOf":{"@id":"https:\/\/noti-america.com\/site\/ecuador\/#website"},"primaryImageOfPage":{"@id":"https:\/\/noti-america.com\/site\/ecuador\/2021\/03\/24\/municipio-capacitara-a-100-emprendedores-para-impulsar-sus-negocios\/#primaryimage"},"image":{"@id":"https:\/\/noti-america.com\/site\/ecuador\/2021\/03\/24\/municipio-capacitara-a-100-emprendedores-para-impulsar-sus-negocios\/#primaryimage"},"thumbnailUrl":"https:\/\/noti-america.com\/site\/ecuador\/wp-content\/uploads\/sites\/18\/2021\/03\/Firma-convenio-Blossom-Foto-2.jpeg","datePublished":"2021-03-24T22:24:22+00:00","breadcrumb":{"@id":"https:\/\/noti-america.com\/site\/ecuador\/2021\/03\/24\/municipio-capacitara-a-100-emprendedores-para-impulsar-sus-negocios\/#breadcrumb"},"inLanguage":"es","potentialAction":[{"@type":"ReadAction","target":["https:\/\/noti-america.com\/site\/ecuador\/2021\/03\/24\/municipio-capacitara-a-100-emprendedores-para-impulsar-sus-negocios\/"]}]},{"@type":"ImageObject","inLanguage":"es","@id":"https:\/\/noti-america.com\/site\/ecuador\/2021\/03\/24\/municipio-capacitara-a-100-emprendedores-para-impulsar-sus-negocios\/#primaryimage","url":"https:\/\/noti-america.com\/site\/ecuador\/wp-content\/uploads\/sites\/18\/2021\/03\/Firma-convenio-Blossom-Foto-2.jpeg","contentUrl":"https:\/\/noti-america.com\/site\/ecuador\/wp-content\/uploads\/sites\/18\/2021\/03\/Firma-convenio-Blossom-Foto-2.jpeg","width":1024,"height":683},{"@type":"BreadcrumbList","@id":"https:\/\/noti-america.com\/site\/ecuador\/2021\/03\/24\/municipio-capacitara-a-100-emprendedores-para-impulsar-sus-negocios\/#breadcrumb","itemListElement":[{"@type":"ListItem","position":1,"name":"Portada","item":"https:\/\/noti-america.com\/site\/ecuador\/"},{"@type":"ListItem","position":2,"name":"Municipio capacitar\u00e1 a 100 emprendedores para impulsar sus negocios"}]},{"@type":"WebSite","@id":"https:\/\/noti-america.com\/site\/ecuador\/#website","url":"https:\/\/noti-america.com\/site\/ecuador\/","name":"Ecuador | Noti-America.com","description":"","publisher":{"@id":"https:\/\/noti-america.com\/site\/ecuador\/#organization"},"potentialAction":[{"@type":"SearchAction","target":{"@type":"EntryPoint","urlTemplate":"https:\/\/noti-america.com\/site\/ecuador\/?s={search_term_string}"},"query-input":{"@type":"PropertyValueSpecification","valueRequired":true,"valueName":"search_term_string"}}],"inLanguage":"es"},{"@type":"Organization","@id":"https:\/\/noti-america.com\/site\/ecuador\/#organization","name":"Noti-America LLC | Ecuador","url":"https:\/\/noti-america.com\/site\/ecuador\/","logo":{"@type":"ImageObject","inLanguage":"es","@id":"https:\/\/noti-america.com\/site\/ecuador\/#\/schema\/logo\/image\/","url":"https:\/\/noti-america.com\/site\/ecuador\/wp-content\/uploads\/sites\/18\/2020\/07\/LogoNA-4x3-1.jpg","contentUrl":"https:\/\/noti-america.com\/site\/ecuador\/wp-content\/uploads\/sites\/18\/2020\/07\/LogoNA-4x3-1.jpg","width":1236,"height":1080,"caption":"Noti-America LLC | Ecuador"},"image":{"@id":"https:\/\/noti-america.com\/site\/ecuador\/#\/schema\/logo\/image\/"},"sameAs":["https:\/\/x.com\/notiamerica"]},{"@type":"Person","@id":"https:\/\/noti-america.com\/site\/ecuador\/#\/schema\/person\/b9d1630cc6598af759d45c790a347283","name":"Henry Ortiz","image":{"@type":"ImageObject","inLanguage":"es","@id":"https:\/\/secure.gravatar.com\/avatar\/0b5407b5b302fbb6a578e625dca512ac2983ee5fa9ea941d581b83c40212e4c8?s=96&d=mm&r=g","url":"https:\/\/secure.gravatar.com\/avatar\/0b5407b5b302fbb6a578e625dca512ac2983ee5fa9ea941d581b83c40212e4c8?s=96&d=mm&r=g","contentUrl":"https:\/\/secure.gravatar.com\/avatar\/0b5407b5b302fbb6a578e625dca512ac2983ee5fa9ea941d581b83c40212e4c8?s=96&d=mm&r=g","caption":"Henry Ortiz"},"url":"https:\/\/noti-america.com\/site\/ecuador\/author\/hortiz\/"}]}},"_links":{"self":[{"href":"https:\/\/noti-america.com\/site\/ecuador\/wp-json\/wp\/v2\/posts\/13575","targetHints":{"allow":["GET"]}}],"collection":[{"href":"https:\/\/noti-america.com\/site\/ecuador\/wp-json\/wp\/v2\/posts"}],"about":[{"href":"https:\/\/noti-america.com\/site\/ecuador\/wp-json\/wp\/v2\/types\/post"}],"author":[{"embeddable":true,"href":"https:\/\/noti-america.com\/site\/ecuador\/wp-json\/wp\/v2\/users\/113"}],"replies":[{"embeddable":true,"href":"https:\/\/noti-america.com\/site\/ecuador\/wp-json\/wp\/v2\/comments?post=13575"}],"version-history":[{"count":1,"href":"https:\/\/noti-america.com\/site\/ecuador\/wp-json\/wp\/v2\/posts\/13575\/revisions"}],"predecessor-version":[{"id":13577,"href":"https:\/\/noti-america.com\/site\/ecuador\/wp-json\/wp\/v2\/posts\/13575\/revisions\/13577"}],"wp:featuredmedia":[{"embeddable":true,"href":"https:\/\/noti-america.com\/site\/ecuador\/wp-json\/wp\/v2\/media\/13576"}],"wp:attachment":[{"href":"https:\/\/noti-america.com\/site\/ecuador\/wp-json\/wp\/v2\/media?parent=13575"}],"wp:term":[{"taxonomy":"category","embeddable":true,"href":"https:\/\/noti-america.com\/site\/ecuador\/wp-json\/wp\/v2\/categories?post=13575"},{"taxonomy":"post_tag","embeddable":true,"href":"https:\/\/noti-america.com\/site\/ecuador\/wp-json\/wp\/v2\/tags?post=13575"}],"curies":[{"name":"wp","href":"https:\/\/api.w.org\/{rel}","templated":true}]}}