{"id":13569,"date":"2021-03-24T20:50:40","date_gmt":"2021-03-24T20:50:40","guid":{"rendered":"https:\/\/noti-america.com\/site\/ecuador\/?p=13569"},"modified":"2021-03-24T20:50:40","modified_gmt":"2021-03-24T20:50:40","slug":"junta-de-beneficencia-de-guayaquil-dona-ayudas-tecnicas-para-personas-con-vulnerabilidad","status":"publish","type":"post","link":"https:\/\/noti-america.com\/site\/ecuador\/2021\/03\/24\/junta-de-beneficencia-de-guayaquil-dona-ayudas-tecnicas-para-personas-con-vulnerabilidad\/","title":{"rendered":"Junta de Beneficencia de Guayaquil dona ayudas t\u00e9cnicas para personas con vulnerabilidad"},"content":{"rendered":"<div class=\"img_caption undefined\">\n<p><strong>REDACCI\u00d3N NOTI AM\u00c9RICA (ECUADOR)<\/strong><\/p>\n<div id=\"attachment_13570\" style=\"width: 657px\" class=\"wp-caption aligncenter\"><img loading=\"lazy\" decoding=\"async\" aria-describedby=\"caption-attachment-13570\" class=\"wp-image-13570\" src=\"https:\/\/noti-america.com\/site\/ecuador\/wp-content\/uploads\/sites\/18\/2021\/03\/24-marz-WEB_IMG_4794-300x200.jpg\" alt=\"\" width=\"647\" height=\"431\" srcset=\"https:\/\/noti-america.com\/site\/ecuador\/wp-content\/uploads\/sites\/18\/2021\/03\/24-marz-WEB_IMG_4794-300x200.jpg 300w, https:\/\/noti-america.com\/site\/ecuador\/wp-content\/uploads\/sites\/18\/2021\/03\/24-marz-WEB_IMG_4794-1024x683.jpg 1024w, https:\/\/noti-america.com\/site\/ecuador\/wp-content\/uploads\/sites\/18\/2021\/03\/24-marz-WEB_IMG_4794-768x512.jpg 768w, https:\/\/noti-america.com\/site\/ecuador\/wp-content\/uploads\/sites\/18\/2021\/03\/24-marz-WEB_IMG_4794-272x182.jpg 272w, https:\/\/noti-america.com\/site\/ecuador\/wp-content\/uploads\/sites\/18\/2021\/03\/24-marz-WEB_IMG_4794.jpg 1500w\" sizes=\"auto, (max-width: 647px) 100vw, 647px\" \/><p id=\"caption-attachment-13570\" class=\"wp-caption-text\">En la gr\u00e1fica constan, la presidente de la Fundaci\u00f3n inclusiva de Salud \u201cUn nuevo comienzo\u201d, Lcda. Damaris Arias; y el Ing. Eduardo Romero, representante de la JBG.<\/p><\/div>\n<\/div>\n<p style=\"text-align: justify\">Como parte de su programa continuo para mejorar las condiciones de vida de personas en situaci\u00f3n de vulnerabilidad por discapacidad, la Junta de Beneficencia entreg\u00f3 ayudas t\u00e9cnicas a tres instituciones de ayuda social que tienen su campo de acci\u00f3n en Guayaquil, Santo Domingo y Pichincha.<\/p>\n<p>Una de las instituciones beneficiadas fue la Benem\u00e9rita Sociedad Protectora de la Infancia (BSPI), su presidente Ricardo Koening, se\u00f1al\u00f3 que la ayuda recibida beneficiar\u00e1 directamente a los pacientes que son atendidos en el Hospital Le\u00f3n Becerra de Guayaquil. \u201cLa Junta, desde sus inicios, se ha destacado por colaborar con otras instituciones que tambi\u00e9n somos sin fines de lucro\u201d, se\u00f1al\u00f3 Koening, quien recibi\u00f3 diez camas hospitalarias, cinco sillas de ruedas, tres caminadores, medicinas e insumos.<\/p>\n<p style=\"text-align: justify\">Damaris Arias, presidente de la Fundaci\u00f3n inclusiva de Salud \u201cUn nuevo comienzo\u201d recibi\u00f3 14 sillas de ruedas todoterreno que ser\u00e1n distribuidas a personas que habitan en diferentes comunidades del Oriente y de la Provincia de Pichincha. Arias se\u00f1al\u00f3 que este acercamiento con la Instituci\u00f3n guayaquile\u00f1a beneficiar\u00e1 a personas que realmente lo necesitan y que habitan en los sectores m\u00e1s apartados de las diferentes comunidades ind\u00edgenas.<\/p>\n<p style=\"text-align: justify\">El Patronato municipal de inclusi\u00f3n social de Santo Domingo de los Ts\u00e1chilas tambi\u00e9n recibi\u00f3 a trav\u00e9s de su Directora, Ing. Patricia Zambrano, insumos m\u00e9dicos y medicamentos que ser\u00e1n entregadas a personas vulnerables del cant\u00f3n y de las periferias del mismo.<\/p>\n","protected":false},"excerpt":{"rendered":"<p>REDACCI\u00d3N NOTI AM\u00c9RICA (ECUADOR) Como parte de su programa continuo para mejorar las condiciones de vida de personas en situaci\u00f3n de vulnerabilidad por discapacidad, la Junta de Beneficencia entreg\u00f3 ayudas t\u00e9cnicas a tres instituciones&#46;&#46;&#46;<\/p>\n","protected":false},"author":113,"featured_media":13570,"comment_status":"open","ping_status":"open","sticky":false,"template":"","format":"standard","meta":{"_acf_changed":false,"om_disable_all_campaigns":false,"rop_custom_images_group":[],"rop_custom_messages_group":[],"rop_publish_now":"initial","rop_publish_now_accounts":{"twitter_242054905_242054905":""},"rop_publish_now_history":[],"rop_publish_now_status":"pending","_uf_show_specific_survey":0,"_uf_disable_surveys":false,"footnotes":""},"categories":[1],"tags":[],"class_list":["post-13569","post","type-post","status-publish","format-standard","has-post-thumbnail","hentry","category-uncategorized"],"acf":[],"aioseo_notices":[],"yoast_head":"<!-- This site is optimized with the Yoast SEO Premium plugin v24.9 (Yoast SEO v27.2) - https:\/\/yoast.com\/product\/yoast-seo-premium-wordpress\/ -->\n<title>Junta de Beneficencia de Guayaquil dona ayudas t\u00e9cnicas para personas con vulnerabilidad - Ecuador | Noti-America.com<\/title>\n<meta name=\"robots\" content=\"index, follow, max-snippet:-1, max-image-preview:large, max-video-preview:-1\" \/>\n<link rel=\"canonical\" href=\"https:\/\/noti-america.com\/site\/ecuador\/2021\/03\/24\/junta-de-beneficencia-de-guayaquil-dona-ayudas-tecnicas-para-personas-con-vulnerabilidad\/\" \/>\n<meta property=\"og:locale\" content=\"es_ES\" \/>\n<meta property=\"og:type\" content=\"article\" \/>\n<meta property=\"og:title\" content=\"Junta de Beneficencia de Guayaquil dona ayudas t\u00e9cnicas para personas con vulnerabilidad\" \/>\n<meta property=\"og:description\" content=\"REDACCI\u00d3N NOTI AM\u00c9RICA (ECUADOR) Como parte de su programa continuo para mejorar las condiciones de vida de personas en situaci\u00f3n de vulnerabilidad por discapacidad, la Junta de Beneficencia entreg\u00f3 ayudas t\u00e9cnicas a tres instituciones&#046;&#046;&#046;\" \/>\n<meta property=\"og:url\" content=\"https:\/\/noti-america.com\/site\/ecuador\/2021\/03\/24\/junta-de-beneficencia-de-guayaquil-dona-ayudas-tecnicas-para-personas-con-vulnerabilidad\/\" \/>\n<meta property=\"og:site_name\" content=\"Ecuador | Noti-America.com\" \/>\n<meta property=\"article:published_time\" content=\"2021-03-24T20:50:40+00:00\" \/>\n<meta property=\"og:image\" content=\"https:\/\/noti-america.com\/site\/ecuador\/wp-content\/uploads\/sites\/18\/2021\/03\/24-marz-WEB_IMG_4794.jpg\" \/>\n\t<meta property=\"og:image:width\" content=\"1500\" \/>\n\t<meta property=\"og:image:height\" content=\"1000\" \/>\n\t<meta property=\"og:image:type\" content=\"image\/jpeg\" \/>\n<meta name=\"author\" content=\"Henry Ortiz\" \/>\n<meta name=\"twitter:card\" content=\"summary_large_image\" \/>\n<meta name=\"twitter:creator\" content=\"@notiamerica\" \/>\n<meta name=\"twitter:site\" content=\"@notiamerica\" \/>\n<meta name=\"twitter:label1\" content=\"Escrito por\" \/>\n\t<meta name=\"twitter:data1\" content=\"Henry Ortiz\" \/>\n\t<meta name=\"twitter:label2\" content=\"Tiempo estimado de lectura\" \/>\n\t<meta name=\"twitter:data2\" content=\"1 minuto\" \/>\n<script type=\"application\/ld+json\" class=\"yoast-schema-graph\">{\"@context\":\"https:\/\/schema.org\",\"@graph\":[{\"@type\":\"Article\",\"@id\":\"https:\/\/noti-america.com\/site\/ecuador\/2021\/03\/24\/junta-de-beneficencia-de-guayaquil-dona-ayudas-tecnicas-para-personas-con-vulnerabilidad\/#article\",\"isPartOf\":{\"@id\":\"https:\/\/noti-america.com\/site\/ecuador\/2021\/03\/24\/junta-de-beneficencia-de-guayaquil-dona-ayudas-tecnicas-para-personas-con-vulnerabilidad\/\"},\"author\":{\"name\":\"Henry Ortiz\",\"@id\":\"https:\/\/noti-america.com\/site\/ecuador\/#\/schema\/person\/b9d1630cc6598af759d45c790a347283\"},\"headline\":\"Junta de Beneficencia de Guayaquil dona ayudas t\u00e9cnicas para personas con vulnerabilidad\",\"datePublished\":\"2021-03-24T20:50:40+00:00\",\"mainEntityOfPage\":{\"@id\":\"https:\/\/noti-america.com\/site\/ecuador\/2021\/03\/24\/junta-de-beneficencia-de-guayaquil-dona-ayudas-tecnicas-para-personas-con-vulnerabilidad\/\"},\"wordCount\":300,\"commentCount\":0,\"publisher\":{\"@id\":\"https:\/\/noti-america.com\/site\/ecuador\/#organization\"},\"image\":{\"@id\":\"https:\/\/noti-america.com\/site\/ecuador\/2021\/03\/24\/junta-de-beneficencia-de-guayaquil-dona-ayudas-tecnicas-para-personas-con-vulnerabilidad\/#primaryimage\"},\"thumbnailUrl\":\"https:\/\/noti-america.com\/site\/ecuador\/wp-content\/uploads\/sites\/18\/2021\/03\/24-marz-WEB_IMG_4794.jpg\",\"articleSection\":[\"Uncategorized\"],\"inLanguage\":\"es\",\"potentialAction\":[{\"@type\":\"CommentAction\",\"name\":\"Comment\",\"target\":[\"https:\/\/noti-america.com\/site\/ecuador\/2021\/03\/24\/junta-de-beneficencia-de-guayaquil-dona-ayudas-tecnicas-para-personas-con-vulnerabilidad\/#respond\"]}]},{\"@type\":\"WebPage\",\"@id\":\"https:\/\/noti-america.com\/site\/ecuador\/2021\/03\/24\/junta-de-beneficencia-de-guayaquil-dona-ayudas-tecnicas-para-personas-con-vulnerabilidad\/\",\"url\":\"https:\/\/noti-america.com\/site\/ecuador\/2021\/03\/24\/junta-de-beneficencia-de-guayaquil-dona-ayudas-tecnicas-para-personas-con-vulnerabilidad\/\",\"name\":\"Junta de Beneficencia de Guayaquil dona ayudas t\u00e9cnicas para personas con vulnerabilidad - Ecuador | Noti-America.com\",\"isPartOf\":{\"@id\":\"https:\/\/noti-america.com\/site\/ecuador\/#website\"},\"primaryImageOfPage\":{\"@id\":\"https:\/\/noti-america.com\/site\/ecuador\/2021\/03\/24\/junta-de-beneficencia-de-guayaquil-dona-ayudas-tecnicas-para-personas-con-vulnerabilidad\/#primaryimage\"},\"image\":{\"@id\":\"https:\/\/noti-america.com\/site\/ecuador\/2021\/03\/24\/junta-de-beneficencia-de-guayaquil-dona-ayudas-tecnicas-para-personas-con-vulnerabilidad\/#primaryimage\"},\"thumbnailUrl\":\"https:\/\/noti-america.com\/site\/ecuador\/wp-content\/uploads\/sites\/18\/2021\/03\/24-marz-WEB_IMG_4794.jpg\",\"datePublished\":\"2021-03-24T20:50:40+00:00\",\"breadcrumb\":{\"@id\":\"https:\/\/noti-america.com\/site\/ecuador\/2021\/03\/24\/junta-de-beneficencia-de-guayaquil-dona-ayudas-tecnicas-para-personas-con-vulnerabilidad\/#breadcrumb\"},\"inLanguage\":\"es\",\"potentialAction\":[{\"@type\":\"ReadAction\",\"target\":[\"https:\/\/noti-america.com\/site\/ecuador\/2021\/03\/24\/junta-de-beneficencia-de-guayaquil-dona-ayudas-tecnicas-para-personas-con-vulnerabilidad\/\"]}]},{\"@type\":\"ImageObject\",\"inLanguage\":\"es\",\"@id\":\"https:\/\/noti-america.com\/site\/ecuador\/2021\/03\/24\/junta-de-beneficencia-de-guayaquil-dona-ayudas-tecnicas-para-personas-con-vulnerabilidad\/#primaryimage\",\"url\":\"https:\/\/noti-america.com\/site\/ecuador\/wp-content\/uploads\/sites\/18\/2021\/03\/24-marz-WEB_IMG_4794.jpg\",\"contentUrl\":\"https:\/\/noti-america.com\/site\/ecuador\/wp-content\/uploads\/sites\/18\/2021\/03\/24-marz-WEB_IMG_4794.jpg\",\"width\":1500,\"height\":1000},{\"@type\":\"BreadcrumbList\",\"@id\":\"https:\/\/noti-america.com\/site\/ecuador\/2021\/03\/24\/junta-de-beneficencia-de-guayaquil-dona-ayudas-tecnicas-para-personas-con-vulnerabilidad\/#breadcrumb\",\"itemListElement\":[{\"@type\":\"ListItem\",\"position\":1,\"name\":\"Portada\",\"item\":\"https:\/\/noti-america.com\/site\/ecuador\/\"},{\"@type\":\"ListItem\",\"position\":2,\"name\":\"Junta de Beneficencia de Guayaquil dona ayudas t\u00e9cnicas para personas con vulnerabilidad\"}]},{\"@type\":\"WebSite\",\"@id\":\"https:\/\/noti-america.com\/site\/ecuador\/#website\",\"url\":\"https:\/\/noti-america.com\/site\/ecuador\/\",\"name\":\"Ecuador | Noti-America.com\",\"description\":\"\",\"publisher\":{\"@id\":\"https:\/\/noti-america.com\/site\/ecuador\/#organization\"},\"potentialAction\":[{\"@type\":\"SearchAction\",\"target\":{\"@type\":\"EntryPoint\",\"urlTemplate\":\"https:\/\/noti-america.com\/site\/ecuador\/?s={search_term_string}\"},\"query-input\":{\"@type\":\"PropertyValueSpecification\",\"valueRequired\":true,\"valueName\":\"search_term_string\"}}],\"inLanguage\":\"es\"},{\"@type\":\"Organization\",\"@id\":\"https:\/\/noti-america.com\/site\/ecuador\/#organization\",\"name\":\"Noti-America LLC | Ecuador\",\"url\":\"https:\/\/noti-america.com\/site\/ecuador\/\",\"logo\":{\"@type\":\"ImageObject\",\"inLanguage\":\"es\",\"@id\":\"https:\/\/noti-america.com\/site\/ecuador\/#\/schema\/logo\/image\/\",\"url\":\"https:\/\/noti-america.com\/site\/ecuador\/wp-content\/uploads\/sites\/18\/2020\/07\/LogoNA-4x3-1.jpg\",\"contentUrl\":\"https:\/\/noti-america.com\/site\/ecuador\/wp-content\/uploads\/sites\/18\/2020\/07\/LogoNA-4x3-1.jpg\",\"width\":1236,\"height\":1080,\"caption\":\"Noti-America LLC | Ecuador\"},\"image\":{\"@id\":\"https:\/\/noti-america.com\/site\/ecuador\/#\/schema\/logo\/image\/\"},\"sameAs\":[\"https:\/\/x.com\/notiamerica\"]},{\"@type\":\"Person\",\"@id\":\"https:\/\/noti-america.com\/site\/ecuador\/#\/schema\/person\/b9d1630cc6598af759d45c790a347283\",\"name\":\"Henry Ortiz\",\"image\":{\"@type\":\"ImageObject\",\"inLanguage\":\"es\",\"@id\":\"https:\/\/secure.gravatar.com\/avatar\/0b5407b5b302fbb6a578e625dca512ac2983ee5fa9ea941d581b83c40212e4c8?s=96&d=mm&r=g\",\"url\":\"https:\/\/secure.gravatar.com\/avatar\/0b5407b5b302fbb6a578e625dca512ac2983ee5fa9ea941d581b83c40212e4c8?s=96&d=mm&r=g\",\"contentUrl\":\"https:\/\/secure.gravatar.com\/avatar\/0b5407b5b302fbb6a578e625dca512ac2983ee5fa9ea941d581b83c40212e4c8?s=96&d=mm&r=g\",\"caption\":\"Henry Ortiz\"},\"url\":\"https:\/\/noti-america.com\/site\/ecuador\/author\/hortiz\/\"}]}<\/script>\n<!-- \/ Yoast SEO Premium plugin. -->","yoast_head_json":{"title":"Junta de Beneficencia de Guayaquil dona ayudas t\u00e9cnicas para personas con vulnerabilidad - Ecuador | Noti-America.com","robots":{"index":"index","follow":"follow","max-snippet":"max-snippet:-1","max-image-preview":"max-image-preview:large","max-video-preview":"max-video-preview:-1"},"canonical":"https:\/\/noti-america.com\/site\/ecuador\/2021\/03\/24\/junta-de-beneficencia-de-guayaquil-dona-ayudas-tecnicas-para-personas-con-vulnerabilidad\/","og_locale":"es_ES","og_type":"article","og_title":"Junta de Beneficencia de Guayaquil dona ayudas t\u00e9cnicas para personas con vulnerabilidad","og_description":"REDACCI\u00d3N NOTI AM\u00c9RICA (ECUADOR) Como parte de su programa continuo para mejorar las condiciones de vida de personas en situaci\u00f3n de vulnerabilidad por discapacidad, la Junta de Beneficencia entreg\u00f3 ayudas t\u00e9cnicas a tres instituciones&#46;&#46;&#46;","og_url":"https:\/\/noti-america.com\/site\/ecuador\/2021\/03\/24\/junta-de-beneficencia-de-guayaquil-dona-ayudas-tecnicas-para-personas-con-vulnerabilidad\/","og_site_name":"Ecuador | Noti-America.com","article_published_time":"2021-03-24T20:50:40+00:00","og_image":[{"width":1500,"height":1000,"url":"https:\/\/noti-america.com\/site\/ecuador\/wp-content\/uploads\/sites\/18\/2021\/03\/24-marz-WEB_IMG_4794.jpg","type":"image\/jpeg"}],"author":"Henry Ortiz","twitter_card":"summary_large_image","twitter_creator":"@notiamerica","twitter_site":"@notiamerica","twitter_misc":{"Escrito por":"Henry Ortiz","Tiempo estimado de lectura":"1 minuto"},"schema":{"@context":"https:\/\/schema.org","@graph":[{"@type":"Article","@id":"https:\/\/noti-america.com\/site\/ecuador\/2021\/03\/24\/junta-de-beneficencia-de-guayaquil-dona-ayudas-tecnicas-para-personas-con-vulnerabilidad\/#article","isPartOf":{"@id":"https:\/\/noti-america.com\/site\/ecuador\/2021\/03\/24\/junta-de-beneficencia-de-guayaquil-dona-ayudas-tecnicas-para-personas-con-vulnerabilidad\/"},"author":{"name":"Henry Ortiz","@id":"https:\/\/noti-america.com\/site\/ecuador\/#\/schema\/person\/b9d1630cc6598af759d45c790a347283"},"headline":"Junta de Beneficencia de Guayaquil dona ayudas t\u00e9cnicas para personas con vulnerabilidad","datePublished":"2021-03-24T20:50:40+00:00","mainEntityOfPage":{"@id":"https:\/\/noti-america.com\/site\/ecuador\/2021\/03\/24\/junta-de-beneficencia-de-guayaquil-dona-ayudas-tecnicas-para-personas-con-vulnerabilidad\/"},"wordCount":300,"commentCount":0,"publisher":{"@id":"https:\/\/noti-america.com\/site\/ecuador\/#organization"},"image":{"@id":"https:\/\/noti-america.com\/site\/ecuador\/2021\/03\/24\/junta-de-beneficencia-de-guayaquil-dona-ayudas-tecnicas-para-personas-con-vulnerabilidad\/#primaryimage"},"thumbnailUrl":"https:\/\/noti-america.com\/site\/ecuador\/wp-content\/uploads\/sites\/18\/2021\/03\/24-marz-WEB_IMG_4794.jpg","articleSection":["Uncategorized"],"inLanguage":"es","potentialAction":[{"@type":"CommentAction","name":"Comment","target":["https:\/\/noti-america.com\/site\/ecuador\/2021\/03\/24\/junta-de-beneficencia-de-guayaquil-dona-ayudas-tecnicas-para-personas-con-vulnerabilidad\/#respond"]}]},{"@type":"WebPage","@id":"https:\/\/noti-america.com\/site\/ecuador\/2021\/03\/24\/junta-de-beneficencia-de-guayaquil-dona-ayudas-tecnicas-para-personas-con-vulnerabilidad\/","url":"https:\/\/noti-america.com\/site\/ecuador\/2021\/03\/24\/junta-de-beneficencia-de-guayaquil-dona-ayudas-tecnicas-para-personas-con-vulnerabilidad\/","name":"Junta de Beneficencia de Guayaquil dona ayudas t\u00e9cnicas para personas con vulnerabilidad - Ecuador | Noti-America.com","isPartOf":{"@id":"https:\/\/noti-america.com\/site\/ecuador\/#website"},"primaryImageOfPage":{"@id":"https:\/\/noti-america.com\/site\/ecuador\/2021\/03\/24\/junta-de-beneficencia-de-guayaquil-dona-ayudas-tecnicas-para-personas-con-vulnerabilidad\/#primaryimage"},"image":{"@id":"https:\/\/noti-america.com\/site\/ecuador\/2021\/03\/24\/junta-de-beneficencia-de-guayaquil-dona-ayudas-tecnicas-para-personas-con-vulnerabilidad\/#primaryimage"},"thumbnailUrl":"https:\/\/noti-america.com\/site\/ecuador\/wp-content\/uploads\/sites\/18\/2021\/03\/24-marz-WEB_IMG_4794.jpg","datePublished":"2021-03-24T20:50:40+00:00","breadcrumb":{"@id":"https:\/\/noti-america.com\/site\/ecuador\/2021\/03\/24\/junta-de-beneficencia-de-guayaquil-dona-ayudas-tecnicas-para-personas-con-vulnerabilidad\/#breadcrumb"},"inLanguage":"es","potentialAction":[{"@type":"ReadAction","target":["https:\/\/noti-america.com\/site\/ecuador\/2021\/03\/24\/junta-de-beneficencia-de-guayaquil-dona-ayudas-tecnicas-para-personas-con-vulnerabilidad\/"]}]},{"@type":"ImageObject","inLanguage":"es","@id":"https:\/\/noti-america.com\/site\/ecuador\/2021\/03\/24\/junta-de-beneficencia-de-guayaquil-dona-ayudas-tecnicas-para-personas-con-vulnerabilidad\/#primaryimage","url":"https:\/\/noti-america.com\/site\/ecuador\/wp-content\/uploads\/sites\/18\/2021\/03\/24-marz-WEB_IMG_4794.jpg","contentUrl":"https:\/\/noti-america.com\/site\/ecuador\/wp-content\/uploads\/sites\/18\/2021\/03\/24-marz-WEB_IMG_4794.jpg","width":1500,"height":1000},{"@type":"BreadcrumbList","@id":"https:\/\/noti-america.com\/site\/ecuador\/2021\/03\/24\/junta-de-beneficencia-de-guayaquil-dona-ayudas-tecnicas-para-personas-con-vulnerabilidad\/#breadcrumb","itemListElement":[{"@type":"ListItem","position":1,"name":"Portada","item":"https:\/\/noti-america.com\/site\/ecuador\/"},{"@type":"ListItem","position":2,"name":"Junta de Beneficencia de Guayaquil dona ayudas t\u00e9cnicas para personas con vulnerabilidad"}]},{"@type":"WebSite","@id":"https:\/\/noti-america.com\/site\/ecuador\/#website","url":"https:\/\/noti-america.com\/site\/ecuador\/","name":"Ecuador | Noti-America.com","description":"","publisher":{"@id":"https:\/\/noti-america.com\/site\/ecuador\/#organization"},"potentialAction":[{"@type":"SearchAction","target":{"@type":"EntryPoint","urlTemplate":"https:\/\/noti-america.com\/site\/ecuador\/?s={search_term_string}"},"query-input":{"@type":"PropertyValueSpecification","valueRequired":true,"valueName":"search_term_string"}}],"inLanguage":"es"},{"@type":"Organization","@id":"https:\/\/noti-america.com\/site\/ecuador\/#organization","name":"Noti-America LLC | Ecuador","url":"https:\/\/noti-america.com\/site\/ecuador\/","logo":{"@type":"ImageObject","inLanguage":"es","@id":"https:\/\/noti-america.com\/site\/ecuador\/#\/schema\/logo\/image\/","url":"https:\/\/noti-america.com\/site\/ecuador\/wp-content\/uploads\/sites\/18\/2020\/07\/LogoNA-4x3-1.jpg","contentUrl":"https:\/\/noti-america.com\/site\/ecuador\/wp-content\/uploads\/sites\/18\/2020\/07\/LogoNA-4x3-1.jpg","width":1236,"height":1080,"caption":"Noti-America LLC | Ecuador"},"image":{"@id":"https:\/\/noti-america.com\/site\/ecuador\/#\/schema\/logo\/image\/"},"sameAs":["https:\/\/x.com\/notiamerica"]},{"@type":"Person","@id":"https:\/\/noti-america.com\/site\/ecuador\/#\/schema\/person\/b9d1630cc6598af759d45c790a347283","name":"Henry Ortiz","image":{"@type":"ImageObject","inLanguage":"es","@id":"https:\/\/secure.gravatar.com\/avatar\/0b5407b5b302fbb6a578e625dca512ac2983ee5fa9ea941d581b83c40212e4c8?s=96&d=mm&r=g","url":"https:\/\/secure.gravatar.com\/avatar\/0b5407b5b302fbb6a578e625dca512ac2983ee5fa9ea941d581b83c40212e4c8?s=96&d=mm&r=g","contentUrl":"https:\/\/secure.gravatar.com\/avatar\/0b5407b5b302fbb6a578e625dca512ac2983ee5fa9ea941d581b83c40212e4c8?s=96&d=mm&r=g","caption":"Henry Ortiz"},"url":"https:\/\/noti-america.com\/site\/ecuador\/author\/hortiz\/"}]}},"_links":{"self":[{"href":"https:\/\/noti-america.com\/site\/ecuador\/wp-json\/wp\/v2\/posts\/13569","targetHints":{"allow":["GET"]}}],"collection":[{"href":"https:\/\/noti-america.com\/site\/ecuador\/wp-json\/wp\/v2\/posts"}],"about":[{"href":"https:\/\/noti-america.com\/site\/ecuador\/wp-json\/wp\/v2\/types\/post"}],"author":[{"embeddable":true,"href":"https:\/\/noti-america.com\/site\/ecuador\/wp-json\/wp\/v2\/users\/113"}],"replies":[{"embeddable":true,"href":"https:\/\/noti-america.com\/site\/ecuador\/wp-json\/wp\/v2\/comments?post=13569"}],"version-history":[{"count":1,"href":"https:\/\/noti-america.com\/site\/ecuador\/wp-json\/wp\/v2\/posts\/13569\/revisions"}],"predecessor-version":[{"id":13571,"href":"https:\/\/noti-america.com\/site\/ecuador\/wp-json\/wp\/v2\/posts\/13569\/revisions\/13571"}],"wp:featuredmedia":[{"embeddable":true,"href":"https:\/\/noti-america.com\/site\/ecuador\/wp-json\/wp\/v2\/media\/13570"}],"wp:attachment":[{"href":"https:\/\/noti-america.com\/site\/ecuador\/wp-json\/wp\/v2\/media?parent=13569"}],"wp:term":[{"taxonomy":"category","embeddable":true,"href":"https:\/\/noti-america.com\/site\/ecuador\/wp-json\/wp\/v2\/categories?post=13569"},{"taxonomy":"post_tag","embeddable":true,"href":"https:\/\/noti-america.com\/site\/ecuador\/wp-json\/wp\/v2\/tags?post=13569"}],"curies":[{"name":"wp","href":"https:\/\/api.w.org\/{rel}","templated":true}]}}