{"id":13519,"date":"2021-03-22T00:42:17","date_gmt":"2021-03-22T00:42:17","guid":{"rendered":"https:\/\/noti-america.com\/site\/ecuador\/?p=13519"},"modified":"2021-03-22T00:42:17","modified_gmt":"2021-03-22T00:42:17","slug":"21-de-marzo-dia-internacional-de-los-bosques","status":"publish","type":"post","link":"https:\/\/noti-america.com\/site\/ecuador\/2021\/03\/22\/21-de-marzo-dia-internacional-de-los-bosques\/","title":{"rendered":"21 de marzo D\u00eda Internacional de los Bosques"},"content":{"rendered":"<p>REDACCI\u00d3N NOTI AM\u00c9RICA (ECUADOR)<\/p>\n<div style=\"width: 810px\" class=\"wp-caption alignnone\"><img loading=\"lazy\" decoding=\"async\" src=\"https:\/\/www.ambiente.gob.ec\/wp-content\/uploads\/2021\/03\/WhatsApp-Image-2021-03-21-at-17.22.01.jpeg\" alt=\"\" width=\"800\" height=\"450\" \/><p class=\"wp-caption-text\">Los bosques: ecosistemas que pintan de verde nuestras vidas<\/p><\/div>\n<p style=\"text-align: justify\">En el a\u00f1o 2012, la Asamblea General de las Naciones Unidas, proclam\u00f3 el 21 de marzo como D\u00eda Internacional de los Bosques. En esta fecha se busca generar conciencia de conservaci\u00f3n y protecci\u00f3n de este importante ecosistema. A trav\u00e9s de la campa\u00f1a \u201cRestauraci\u00f3n forestal: un camino a la recuperaci\u00f3n y el bienestar\u201d, el Ministerio del Ambiente y Agua, la Organizaci\u00f3n de las Naciones Unidas para la Alimentaci\u00f3n y la Agricultura (FAO) y PROAmazon\u00eda adoptan iniciativas para contrarrestar la p\u00e9rdida y la degradaci\u00f3n de estos espacios naturales.<\/p>\n<p style=\"text-align: justify\">Esta cartera de Estado, a trav\u00e9s de sus diferentes programas y proyectos como: el Programa Nacional de Restauraci\u00f3n Forestal, PROAmazon\u00eda, Programa Socio Bosque, REDD+, Estrategia Nacional de Biodiversidad, Sistema Nacional de Monitoreo del Bosques, Control Forestal, entre otros, ha hecho que Ecuador alcance grandes hitos en conservaci\u00f3n y gesti\u00f3n de bosques.<\/p>\n<p style=\"text-align: justify\">Una adecuada gesti\u00f3n que asegura la supervivencia de los ecosistemas forestales, mejora las funciones ambientales, socioculturales y econ\u00f3micas; contribuye a la mitigaci\u00f3n y adaptaci\u00f3n del cambio clim\u00e1tico, regula las fuentes h\u00eddricas, genera retenci\u00f3n de los suelos y, la reducci\u00f3n de la pobreza.<\/p>\n<p style=\"text-align: justify\">Por otra parte, el programa emblem\u00e1tico Socio Bosque, es una de las principales estrategias de conservaci\u00f3n del patrimonio natural del Ecuador. Su implementaci\u00f3n ha permitido proteger los ecosistemas fr\u00e1giles, conservar los refugios de especies amenazadas y aumentar el territorio continental bajo conservaci\u00f3n. Sin embargo, su gesti\u00f3n no ser\u00eda posible sin la fundamental ayuda de la cooperaci\u00f3n internacional.<\/p>\n<p style=\"text-align: justify\">Tal es as\u00ed, que los \u00faltimos d\u00edas la Cooperaci\u00f3n Alemana (KFW), re orient\u00f3 recursos de los contratos de aportes financieros suscritos en la Rep\u00fablica del Ecuador hacia el pago de los incentivos de conservaci\u00f3n de Socio Bosque correspondiente al a\u00f1o 2020. Actualmente, existen 191 mil beneficiarios y 1.666.593,16 hect\u00e1reas bajo conservaci\u00f3n.<\/p>\n<p style=\"text-align: justify\">Asimismo, bajo las categor\u00edas de manejo de Bosques y Vegetaci\u00f3n Protectores se mantiene una superficie de 2.417.340,88 hect\u00e1reas del territorio continental, mismos que preservan cuencas hidrogr\u00e1ficas, ecosistemas que albergan gran biodiversidad y prestan servicios ambientales, reduciendo la presi\u00f3n de actividades antr\u00f3picas y permitiendo la interacci\u00f3n hombre \u2013 naturaleza.<\/p>\n<p style=\"text-align: justify\">Los bosques son fundamentales para combatir el cambio clim\u00e1tico, por lo que contribuyen significativamente al beneficio de las generaciones presentes y futuras. Los bosques tambi\u00e9n ejercen un papel fundamental en la erradicaci\u00f3n de la pobreza y el logro de metas de desarrollo incluido los Objetivos de Desarrollo Sostenible (ODS).<\/p>\n","protected":false},"excerpt":{"rendered":"<p>REDACCI\u00d3N NOTI AM\u00c9RICA (ECUADOR) En el a\u00f1o 2012, la Asamblea General de las Naciones Unidas, proclam\u00f3 el 21 de marzo como D\u00eda Internacional de los Bosques. En esta fecha se busca generar conciencia de&#46;&#46;&#46;<\/p>\n","protected":false},"author":17,"featured_media":13520,"comment_status":"open","ping_status":"open","sticky":false,"template":"","format":"standard","meta":{"_acf_changed":false,"om_disable_all_campaigns":false,"rop_custom_images_group":[],"rop_custom_messages_group":[],"rop_publish_now":"initial","rop_publish_now_accounts":{"twitter_242054905_242054905":""},"rop_publish_now_history":[],"rop_publish_now_status":"pending","_uf_show_specific_survey":0,"_uf_disable_surveys":false,"footnotes":""},"categories":[79],"tags":[],"class_list":["post-13519","post","type-post","status-publish","format-standard","has-post-thumbnail","hentry","category-ambiental"],"acf":[],"aioseo_notices":[],"yoast_head":"<!-- This site is optimized with the Yoast SEO Premium plugin v24.9 (Yoast SEO v27.2) - https:\/\/yoast.com\/product\/yoast-seo-premium-wordpress\/ -->\n<title>21 de marzo D\u00eda Internacional de los Bosques - Ecuador | Noti-America.com<\/title>\n<meta name=\"robots\" content=\"index, follow, max-snippet:-1, max-image-preview:large, max-video-preview:-1\" \/>\n<link rel=\"canonical\" href=\"https:\/\/noti-america.com\/site\/ecuador\/2021\/03\/22\/21-de-marzo-dia-internacional-de-los-bosques\/\" \/>\n<meta property=\"og:locale\" content=\"es_ES\" \/>\n<meta property=\"og:type\" content=\"article\" \/>\n<meta property=\"og:title\" content=\"21 de marzo D\u00eda Internacional de los Bosques\" \/>\n<meta property=\"og:description\" content=\"REDACCI\u00d3N NOTI AM\u00c9RICA (ECUADOR) En el a\u00f1o 2012, la Asamblea General de las Naciones Unidas, proclam\u00f3 el 21 de marzo como D\u00eda Internacional de los Bosques. En esta fecha se busca generar conciencia de&#046;&#046;&#046;\" \/>\n<meta property=\"og:url\" content=\"https:\/\/noti-america.com\/site\/ecuador\/2021\/03\/22\/21-de-marzo-dia-internacional-de-los-bosques\/\" \/>\n<meta property=\"og:site_name\" content=\"Ecuador | Noti-America.com\" \/>\n<meta property=\"article:published_time\" content=\"2021-03-22T00:42:17+00:00\" \/>\n<meta property=\"og:image\" content=\"https:\/\/noti-america.com\/site\/ecuador\/wp-content\/uploads\/sites\/18\/2021\/03\/Los-bosques-ecosistemas-que-pintan-de-verde-nuestras-vidas.jpeg\" \/>\n\t<meta property=\"og:image:width\" content=\"800\" \/>\n\t<meta property=\"og:image:height\" content=\"450\" \/>\n\t<meta property=\"og:image:type\" content=\"image\/jpeg\" \/>\n<meta name=\"author\" content=\"Gregory Quintana Montiel\" \/>\n<meta name=\"twitter:card\" content=\"summary_large_image\" \/>\n<meta name=\"twitter:creator\" content=\"@gdgregori1\" \/>\n<meta name=\"twitter:site\" content=\"@notiamerica\" \/>\n<meta name=\"twitter:label1\" content=\"Escrito por\" \/>\n\t<meta name=\"twitter:data1\" content=\"Gregory Quintana Montiel\" \/>\n\t<meta name=\"twitter:label2\" content=\"Tiempo estimado de lectura\" \/>\n\t<meta name=\"twitter:data2\" content=\"2 minutos\" \/>\n<script type=\"application\/ld+json\" class=\"yoast-schema-graph\">{\"@context\":\"https:\/\/schema.org\",\"@graph\":[{\"@type\":\"Article\",\"@id\":\"https:\/\/noti-america.com\/site\/ecuador\/2021\/03\/22\/21-de-marzo-dia-internacional-de-los-bosques\/#article\",\"isPartOf\":{\"@id\":\"https:\/\/noti-america.com\/site\/ecuador\/2021\/03\/22\/21-de-marzo-dia-internacional-de-los-bosques\/\"},\"author\":{\"name\":\"Gregory Quintana Montiel\",\"@id\":\"https:\/\/noti-america.com\/site\/ecuador\/#\/schema\/person\/3b975e42f15abfe64bfe3abdd916efda\"},\"headline\":\"21 de marzo D\u00eda Internacional de los Bosques\",\"datePublished\":\"2021-03-22T00:42:17+00:00\",\"mainEntityOfPage\":{\"@id\":\"https:\/\/noti-america.com\/site\/ecuador\/2021\/03\/22\/21-de-marzo-dia-internacional-de-los-bosques\/\"},\"wordCount\":457,\"commentCount\":0,\"publisher\":{\"@id\":\"https:\/\/noti-america.com\/site\/ecuador\/#organization\"},\"image\":{\"@id\":\"https:\/\/noti-america.com\/site\/ecuador\/2021\/03\/22\/21-de-marzo-dia-internacional-de-los-bosques\/#primaryimage\"},\"thumbnailUrl\":\"https:\/\/noti-america.com\/site\/ecuador\/wp-content\/uploads\/sites\/18\/2021\/03\/Los-bosques-ecosistemas-que-pintan-de-verde-nuestras-vidas.jpeg\",\"articleSection\":[\"Ambiental\"],\"inLanguage\":\"es\",\"potentialAction\":[{\"@type\":\"CommentAction\",\"name\":\"Comment\",\"target\":[\"https:\/\/noti-america.com\/site\/ecuador\/2021\/03\/22\/21-de-marzo-dia-internacional-de-los-bosques\/#respond\"]}]},{\"@type\":\"WebPage\",\"@id\":\"https:\/\/noti-america.com\/site\/ecuador\/2021\/03\/22\/21-de-marzo-dia-internacional-de-los-bosques\/\",\"url\":\"https:\/\/noti-america.com\/site\/ecuador\/2021\/03\/22\/21-de-marzo-dia-internacional-de-los-bosques\/\",\"name\":\"21 de marzo D\u00eda Internacional de los Bosques - Ecuador | Noti-America.com\",\"isPartOf\":{\"@id\":\"https:\/\/noti-america.com\/site\/ecuador\/#website\"},\"primaryImageOfPage\":{\"@id\":\"https:\/\/noti-america.com\/site\/ecuador\/2021\/03\/22\/21-de-marzo-dia-internacional-de-los-bosques\/#primaryimage\"},\"image\":{\"@id\":\"https:\/\/noti-america.com\/site\/ecuador\/2021\/03\/22\/21-de-marzo-dia-internacional-de-los-bosques\/#primaryimage\"},\"thumbnailUrl\":\"https:\/\/noti-america.com\/site\/ecuador\/wp-content\/uploads\/sites\/18\/2021\/03\/Los-bosques-ecosistemas-que-pintan-de-verde-nuestras-vidas.jpeg\",\"datePublished\":\"2021-03-22T00:42:17+00:00\",\"breadcrumb\":{\"@id\":\"https:\/\/noti-america.com\/site\/ecuador\/2021\/03\/22\/21-de-marzo-dia-internacional-de-los-bosques\/#breadcrumb\"},\"inLanguage\":\"es\",\"potentialAction\":[{\"@type\":\"ReadAction\",\"target\":[\"https:\/\/noti-america.com\/site\/ecuador\/2021\/03\/22\/21-de-marzo-dia-internacional-de-los-bosques\/\"]}]},{\"@type\":\"ImageObject\",\"inLanguage\":\"es\",\"@id\":\"https:\/\/noti-america.com\/site\/ecuador\/2021\/03\/22\/21-de-marzo-dia-internacional-de-los-bosques\/#primaryimage\",\"url\":\"https:\/\/noti-america.com\/site\/ecuador\/wp-content\/uploads\/sites\/18\/2021\/03\/Los-bosques-ecosistemas-que-pintan-de-verde-nuestras-vidas.jpeg\",\"contentUrl\":\"https:\/\/noti-america.com\/site\/ecuador\/wp-content\/uploads\/sites\/18\/2021\/03\/Los-bosques-ecosistemas-que-pintan-de-verde-nuestras-vidas.jpeg\",\"width\":800,\"height\":450},{\"@type\":\"BreadcrumbList\",\"@id\":\"https:\/\/noti-america.com\/site\/ecuador\/2021\/03\/22\/21-de-marzo-dia-internacional-de-los-bosques\/#breadcrumb\",\"itemListElement\":[{\"@type\":\"ListItem\",\"position\":1,\"name\":\"Portada\",\"item\":\"https:\/\/noti-america.com\/site\/ecuador\/\"},{\"@type\":\"ListItem\",\"position\":2,\"name\":\"21 de marzo D\u00eda Internacional de los Bosques\"}]},{\"@type\":\"WebSite\",\"@id\":\"https:\/\/noti-america.com\/site\/ecuador\/#website\",\"url\":\"https:\/\/noti-america.com\/site\/ecuador\/\",\"name\":\"Ecuador | Noti-America.com\",\"description\":\"\",\"publisher\":{\"@id\":\"https:\/\/noti-america.com\/site\/ecuador\/#organization\"},\"potentialAction\":[{\"@type\":\"SearchAction\",\"target\":{\"@type\":\"EntryPoint\",\"urlTemplate\":\"https:\/\/noti-america.com\/site\/ecuador\/?s={search_term_string}\"},\"query-input\":{\"@type\":\"PropertyValueSpecification\",\"valueRequired\":true,\"valueName\":\"search_term_string\"}}],\"inLanguage\":\"es\"},{\"@type\":\"Organization\",\"@id\":\"https:\/\/noti-america.com\/site\/ecuador\/#organization\",\"name\":\"Noti-America LLC | Ecuador\",\"url\":\"https:\/\/noti-america.com\/site\/ecuador\/\",\"logo\":{\"@type\":\"ImageObject\",\"inLanguage\":\"es\",\"@id\":\"https:\/\/noti-america.com\/site\/ecuador\/#\/schema\/logo\/image\/\",\"url\":\"https:\/\/noti-america.com\/site\/ecuador\/wp-content\/uploads\/sites\/18\/2020\/07\/LogoNA-4x3-1.jpg\",\"contentUrl\":\"https:\/\/noti-america.com\/site\/ecuador\/wp-content\/uploads\/sites\/18\/2020\/07\/LogoNA-4x3-1.jpg\",\"width\":1236,\"height\":1080,\"caption\":\"Noti-America LLC | Ecuador\"},\"image\":{\"@id\":\"https:\/\/noti-america.com\/site\/ecuador\/#\/schema\/logo\/image\/\"},\"sameAs\":[\"https:\/\/x.com\/notiamerica\"]},{\"@type\":\"Person\",\"@id\":\"https:\/\/noti-america.com\/site\/ecuador\/#\/schema\/person\/3b975e42f15abfe64bfe3abdd916efda\",\"name\":\"Gregory Quintana Montiel\",\"image\":{\"@type\":\"ImageObject\",\"inLanguage\":\"es\",\"@id\":\"https:\/\/secure.gravatar.com\/avatar\/2d6b802f7720c2ec7744dcbe608cc2f3417aeb964d58b443c6d612b77531de1d?s=96&d=mm&r=g\",\"url\":\"https:\/\/secure.gravatar.com\/avatar\/2d6b802f7720c2ec7744dcbe608cc2f3417aeb964d58b443c6d612b77531de1d?s=96&d=mm&r=g\",\"contentUrl\":\"https:\/\/secure.gravatar.com\/avatar\/2d6b802f7720c2ec7744dcbe608cc2f3417aeb964d58b443c6d612b77531de1d?s=96&d=mm&r=g\",\"caption\":\"Gregory Quintana Montiel\"},\"description\":\"Licenciatura en Ciencias de la Comunicaci\u00f3n Social, egresado en la Especializaci\u00f3n Derecho Ambiental Desarrollo Sostenible y Sustentable, Miembro de la Comunidad de profesionales y experto para Latinoam\u00e9rica y el Caribe en Gesti\u00f3n por Resultado en el Desarrollo (COPLAC - GpRD) del Banco Interamericano de Desarrollo, experiencia en medios radiales y escritos.\",\"sameAs\":[\"https:\/\/x.com\/gdgregori1\",\"gquintana\"],\"url\":\"https:\/\/noti-america.com\/site\/ecuador\/author\/gquintana\/\"}]}<\/script>\n<!-- \/ Yoast SEO Premium plugin. -->","yoast_head_json":{"title":"21 de marzo D\u00eda Internacional de los Bosques - Ecuador | Noti-America.com","robots":{"index":"index","follow":"follow","max-snippet":"max-snippet:-1","max-image-preview":"max-image-preview:large","max-video-preview":"max-video-preview:-1"},"canonical":"https:\/\/noti-america.com\/site\/ecuador\/2021\/03\/22\/21-de-marzo-dia-internacional-de-los-bosques\/","og_locale":"es_ES","og_type":"article","og_title":"21 de marzo D\u00eda Internacional de los Bosques","og_description":"REDACCI\u00d3N NOTI AM\u00c9RICA (ECUADOR) En el a\u00f1o 2012, la Asamblea General de las Naciones Unidas, proclam\u00f3 el 21 de marzo como D\u00eda Internacional de los Bosques. En esta fecha se busca generar conciencia de&#46;&#46;&#46;","og_url":"https:\/\/noti-america.com\/site\/ecuador\/2021\/03\/22\/21-de-marzo-dia-internacional-de-los-bosques\/","og_site_name":"Ecuador | Noti-America.com","article_published_time":"2021-03-22T00:42:17+00:00","og_image":[{"width":800,"height":450,"url":"https:\/\/noti-america.com\/site\/ecuador\/wp-content\/uploads\/sites\/18\/2021\/03\/Los-bosques-ecosistemas-que-pintan-de-verde-nuestras-vidas.jpeg","type":"image\/jpeg"}],"author":"Gregory Quintana Montiel","twitter_card":"summary_large_image","twitter_creator":"@gdgregori1","twitter_site":"@notiamerica","twitter_misc":{"Escrito por":"Gregory Quintana Montiel","Tiempo estimado de lectura":"2 minutos"},"schema":{"@context":"https:\/\/schema.org","@graph":[{"@type":"Article","@id":"https:\/\/noti-america.com\/site\/ecuador\/2021\/03\/22\/21-de-marzo-dia-internacional-de-los-bosques\/#article","isPartOf":{"@id":"https:\/\/noti-america.com\/site\/ecuador\/2021\/03\/22\/21-de-marzo-dia-internacional-de-los-bosques\/"},"author":{"name":"Gregory Quintana Montiel","@id":"https:\/\/noti-america.com\/site\/ecuador\/#\/schema\/person\/3b975e42f15abfe64bfe3abdd916efda"},"headline":"21 de marzo D\u00eda Internacional de los Bosques","datePublished":"2021-03-22T00:42:17+00:00","mainEntityOfPage":{"@id":"https:\/\/noti-america.com\/site\/ecuador\/2021\/03\/22\/21-de-marzo-dia-internacional-de-los-bosques\/"},"wordCount":457,"commentCount":0,"publisher":{"@id":"https:\/\/noti-america.com\/site\/ecuador\/#organization"},"image":{"@id":"https:\/\/noti-america.com\/site\/ecuador\/2021\/03\/22\/21-de-marzo-dia-internacional-de-los-bosques\/#primaryimage"},"thumbnailUrl":"https:\/\/noti-america.com\/site\/ecuador\/wp-content\/uploads\/sites\/18\/2021\/03\/Los-bosques-ecosistemas-que-pintan-de-verde-nuestras-vidas.jpeg","articleSection":["Ambiental"],"inLanguage":"es","potentialAction":[{"@type":"CommentAction","name":"Comment","target":["https:\/\/noti-america.com\/site\/ecuador\/2021\/03\/22\/21-de-marzo-dia-internacional-de-los-bosques\/#respond"]}]},{"@type":"WebPage","@id":"https:\/\/noti-america.com\/site\/ecuador\/2021\/03\/22\/21-de-marzo-dia-internacional-de-los-bosques\/","url":"https:\/\/noti-america.com\/site\/ecuador\/2021\/03\/22\/21-de-marzo-dia-internacional-de-los-bosques\/","name":"21 de marzo D\u00eda Internacional de los Bosques - Ecuador | Noti-America.com","isPartOf":{"@id":"https:\/\/noti-america.com\/site\/ecuador\/#website"},"primaryImageOfPage":{"@id":"https:\/\/noti-america.com\/site\/ecuador\/2021\/03\/22\/21-de-marzo-dia-internacional-de-los-bosques\/#primaryimage"},"image":{"@id":"https:\/\/noti-america.com\/site\/ecuador\/2021\/03\/22\/21-de-marzo-dia-internacional-de-los-bosques\/#primaryimage"},"thumbnailUrl":"https:\/\/noti-america.com\/site\/ecuador\/wp-content\/uploads\/sites\/18\/2021\/03\/Los-bosques-ecosistemas-que-pintan-de-verde-nuestras-vidas.jpeg","datePublished":"2021-03-22T00:42:17+00:00","breadcrumb":{"@id":"https:\/\/noti-america.com\/site\/ecuador\/2021\/03\/22\/21-de-marzo-dia-internacional-de-los-bosques\/#breadcrumb"},"inLanguage":"es","potentialAction":[{"@type":"ReadAction","target":["https:\/\/noti-america.com\/site\/ecuador\/2021\/03\/22\/21-de-marzo-dia-internacional-de-los-bosques\/"]}]},{"@type":"ImageObject","inLanguage":"es","@id":"https:\/\/noti-america.com\/site\/ecuador\/2021\/03\/22\/21-de-marzo-dia-internacional-de-los-bosques\/#primaryimage","url":"https:\/\/noti-america.com\/site\/ecuador\/wp-content\/uploads\/sites\/18\/2021\/03\/Los-bosques-ecosistemas-que-pintan-de-verde-nuestras-vidas.jpeg","contentUrl":"https:\/\/noti-america.com\/site\/ecuador\/wp-content\/uploads\/sites\/18\/2021\/03\/Los-bosques-ecosistemas-que-pintan-de-verde-nuestras-vidas.jpeg","width":800,"height":450},{"@type":"BreadcrumbList","@id":"https:\/\/noti-america.com\/site\/ecuador\/2021\/03\/22\/21-de-marzo-dia-internacional-de-los-bosques\/#breadcrumb","itemListElement":[{"@type":"ListItem","position":1,"name":"Portada","item":"https:\/\/noti-america.com\/site\/ecuador\/"},{"@type":"ListItem","position":2,"name":"21 de marzo D\u00eda Internacional de los Bosques"}]},{"@type":"WebSite","@id":"https:\/\/noti-america.com\/site\/ecuador\/#website","url":"https:\/\/noti-america.com\/site\/ecuador\/","name":"Ecuador | Noti-America.com","description":"","publisher":{"@id":"https:\/\/noti-america.com\/site\/ecuador\/#organization"},"potentialAction":[{"@type":"SearchAction","target":{"@type":"EntryPoint","urlTemplate":"https:\/\/noti-america.com\/site\/ecuador\/?s={search_term_string}"},"query-input":{"@type":"PropertyValueSpecification","valueRequired":true,"valueName":"search_term_string"}}],"inLanguage":"es"},{"@type":"Organization","@id":"https:\/\/noti-america.com\/site\/ecuador\/#organization","name":"Noti-America LLC | Ecuador","url":"https:\/\/noti-america.com\/site\/ecuador\/","logo":{"@type":"ImageObject","inLanguage":"es","@id":"https:\/\/noti-america.com\/site\/ecuador\/#\/schema\/logo\/image\/","url":"https:\/\/noti-america.com\/site\/ecuador\/wp-content\/uploads\/sites\/18\/2020\/07\/LogoNA-4x3-1.jpg","contentUrl":"https:\/\/noti-america.com\/site\/ecuador\/wp-content\/uploads\/sites\/18\/2020\/07\/LogoNA-4x3-1.jpg","width":1236,"height":1080,"caption":"Noti-America LLC | Ecuador"},"image":{"@id":"https:\/\/noti-america.com\/site\/ecuador\/#\/schema\/logo\/image\/"},"sameAs":["https:\/\/x.com\/notiamerica"]},{"@type":"Person","@id":"https:\/\/noti-america.com\/site\/ecuador\/#\/schema\/person\/3b975e42f15abfe64bfe3abdd916efda","name":"Gregory Quintana Montiel","image":{"@type":"ImageObject","inLanguage":"es","@id":"https:\/\/secure.gravatar.com\/avatar\/2d6b802f7720c2ec7744dcbe608cc2f3417aeb964d58b443c6d612b77531de1d?s=96&d=mm&r=g","url":"https:\/\/secure.gravatar.com\/avatar\/2d6b802f7720c2ec7744dcbe608cc2f3417aeb964d58b443c6d612b77531de1d?s=96&d=mm&r=g","contentUrl":"https:\/\/secure.gravatar.com\/avatar\/2d6b802f7720c2ec7744dcbe608cc2f3417aeb964d58b443c6d612b77531de1d?s=96&d=mm&r=g","caption":"Gregory Quintana Montiel"},"description":"Licenciatura en Ciencias de la Comunicaci\u00f3n Social, egresado en la Especializaci\u00f3n Derecho Ambiental Desarrollo Sostenible y Sustentable, Miembro de la Comunidad de profesionales y experto para Latinoam\u00e9rica y el Caribe en Gesti\u00f3n por Resultado en el Desarrollo (COPLAC - GpRD) del Banco Interamericano de Desarrollo, experiencia en medios radiales y escritos.","sameAs":["https:\/\/x.com\/gdgregori1","gquintana"],"url":"https:\/\/noti-america.com\/site\/ecuador\/author\/gquintana\/"}]}},"_links":{"self":[{"href":"https:\/\/noti-america.com\/site\/ecuador\/wp-json\/wp\/v2\/posts\/13519","targetHints":{"allow":["GET"]}}],"collection":[{"href":"https:\/\/noti-america.com\/site\/ecuador\/wp-json\/wp\/v2\/posts"}],"about":[{"href":"https:\/\/noti-america.com\/site\/ecuador\/wp-json\/wp\/v2\/types\/post"}],"author":[{"embeddable":true,"href":"https:\/\/noti-america.com\/site\/ecuador\/wp-json\/wp\/v2\/users\/17"}],"replies":[{"embeddable":true,"href":"https:\/\/noti-america.com\/site\/ecuador\/wp-json\/wp\/v2\/comments?post=13519"}],"version-history":[{"count":1,"href":"https:\/\/noti-america.com\/site\/ecuador\/wp-json\/wp\/v2\/posts\/13519\/revisions"}],"predecessor-version":[{"id":13521,"href":"https:\/\/noti-america.com\/site\/ecuador\/wp-json\/wp\/v2\/posts\/13519\/revisions\/13521"}],"wp:featuredmedia":[{"embeddable":true,"href":"https:\/\/noti-america.com\/site\/ecuador\/wp-json\/wp\/v2\/media\/13520"}],"wp:attachment":[{"href":"https:\/\/noti-america.com\/site\/ecuador\/wp-json\/wp\/v2\/media?parent=13519"}],"wp:term":[{"taxonomy":"category","embeddable":true,"href":"https:\/\/noti-america.com\/site\/ecuador\/wp-json\/wp\/v2\/categories?post=13519"},{"taxonomy":"post_tag","embeddable":true,"href":"https:\/\/noti-america.com\/site\/ecuador\/wp-json\/wp\/v2\/tags?post=13519"}],"curies":[{"name":"wp","href":"https:\/\/api.w.org\/{rel}","templated":true}]}}