{"id":13444,"date":"2021-03-17T12:17:44","date_gmt":"2021-03-17T12:17:44","guid":{"rendered":"https:\/\/noti-america.com\/site\/ecuador\/?p=13444"},"modified":"2021-03-17T12:17:44","modified_gmt":"2021-03-17T12:17:44","slug":"concurso-literario-caminos-del-mercosur-llego-a-su-etapa-de-premiacion","status":"publish","type":"post","link":"https:\/\/noti-america.com\/site\/ecuador\/2021\/03\/17\/concurso-literario-caminos-del-mercosur-llego-a-su-etapa-de-premiacion\/","title":{"rendered":"Concurso literario \u201cCaminos del Mercosur\u201d lleg\u00f3 a su etapa de premiaci\u00f3n"},"content":{"rendered":"<p><strong>REDACCI\u00d3N NOTI AM\u00c9RICA (ECUADOR)<\/strong><\/p>\n<div id=\"attachment_13445\" style=\"width: 681px\" class=\"wp-caption aligncenter\"><img loading=\"lazy\" decoding=\"async\" aria-describedby=\"caption-attachment-13445\" class=\"wp-image-13445\" src=\"https:\/\/noti-america.com\/site\/ecuador\/wp-content\/uploads\/sites\/18\/2021\/03\/17-marz-o-premiacion-viceministra-alumnos-300x169.png\" alt=\"\" width=\"671\" height=\"378\" srcset=\"https:\/\/noti-america.com\/site\/ecuador\/wp-content\/uploads\/sites\/18\/2021\/03\/17-marz-o-premiacion-viceministra-alumnos-300x169.png 300w, https:\/\/noti-america.com\/site\/ecuador\/wp-content\/uploads\/sites\/18\/2021\/03\/17-marz-o-premiacion-viceministra-alumnos-768x432.png 768w, https:\/\/noti-america.com\/site\/ecuador\/wp-content\/uploads\/sites\/18\/2021\/03\/17-marz-o-premiacion-viceministra-alumnos.png 800w\" sizes=\"auto, (max-width: 671px) 100vw, 671px\" \/><p id=\"caption-attachment-13445\" class=\"wp-caption-text\">Con estas iniciativas el Ministerio de Educaci\u00f3n busca garantizar la calidad de la educaci\u00f3n de todos los ecuatorianos e involucra a la poblaci\u00f3n en programas y concursos de desarrollo para mejorar la calidad de vida.<\/p><\/div>\n<p style=\"text-align: justify\">La ma\u00f1ana de este martes 16 de marzo se realiz\u00f3 la premiaci\u00f3n a los estudiantes ganadores del concurso hist\u00f3rico literario \u201cCaminos del Mercosur\u201d, el evento fue en el Ministerio de Educaci\u00f3n y estuvo presidido por la viceministra de Educaci\u00f3n, Isabel Maldonado y la subsecretaria para la Innovaci\u00f3n Educativa y el Buen Vivir, Soledad Vela.<\/p>\n<p style=\"text-align: justify\">Este concurso tuvo como objetivo fortalecer y contribuir la formaci\u00f3n integral de los estudiantes de Educaci\u00f3n General B\u00e1sica (EGB) y Bachillerato, a trav\u00e9s del intercambio de experiencias investigativas sobre el fomento de la participaci\u00f3n ciudadana.<\/p>\n<p style=\"text-align: justify\">Participaron alrededor de 161 estudiantes del pa\u00eds, siendo los ganadores, Josselyn Herrera, de la Unidad Educativa Particular Santa Ana, quien obtuvo el primer lugar; Thomas Arroba, estudiante de la Instituci\u00f3n Educativa Gonzalo R\u00faales Benalc\u00e1zar, en el segundo lugar; y, Samanta Alba, estudiante de la Unidad Educativa Fiscal 24 de Mayo, tercer lugar.<\/p>\n<p style=\"text-align: justify\">Maldonado en su intervenci\u00f3n felicit\u00f3 a los ganadores \u201ccontin\u00faen esforz\u00e1ndose por ustedes, esta es la demostraci\u00f3n de su dedicaci\u00f3n, tienen un gran m\u00e9rito de haber sido estudiantes en medio de una pandemia que no es nada f\u00e1cil, la vida se trata de esfuerzos y ahora tienen su recompensa\u201d.<\/p>\n<p style=\"text-align: justify\">\u201cSomos un pa\u00eds que nos gusta salir adelante, debemos saber hacia d\u00f3nde queremos ir, ustedes representan una nueva generaci\u00f3n y son un ejemplo para sus familias, amigos, compa\u00f1eros y para nosotros como instituci\u00f3n\u201d, resalt\u00f3 Maldonado.<\/p>\n<p style=\"text-align: justify\">Joselyn Herrera, que obtuvo el primer lugar, manifest\u00f3 \u201cpara m\u00ed participar fue un gran logro, realic\u00e9 mi tema mujeres revolucionarias, durante muchas semanas me dediqu\u00e9 a leer e investigar, desde el inicio supe c\u00f3mo deb\u00eda ser mi video, fue entretenido armar el escenario y hacer entrevistas\u201d.<\/p>\n<p style=\"text-align: justify\">\n","protected":false},"excerpt":{"rendered":"<p>REDACCI\u00d3N NOTI AM\u00c9RICA (ECUADOR) La ma\u00f1ana de este martes 16 de marzo se realiz\u00f3 la premiaci\u00f3n a los estudiantes ganadores del concurso hist\u00f3rico literario \u201cCaminos del Mercosur\u201d, el evento fue en el Ministerio de&#46;&#46;&#46;<\/p>\n","protected":false},"author":113,"featured_media":13445,"comment_status":"open","ping_status":"open","sticky":false,"template":"","format":"standard","meta":{"_acf_changed":false,"om_disable_all_campaigns":false,"rop_custom_images_group":[],"rop_custom_messages_group":[],"rop_publish_now":"initial","rop_publish_now_accounts":{"twitter_242054905_242054905":""},"rop_publish_now_history":[],"rop_publish_now_status":"pending","_uf_show_specific_survey":0,"_uf_disable_surveys":false,"footnotes":""},"categories":[103],"tags":[],"class_list":["post-13444","post","type-post","status-publish","format-standard","has-post-thumbnail","hentry","category-educacion"],"acf":[],"aioseo_notices":[],"yoast_head":"<!-- This site is optimized with the Yoast SEO Premium plugin v24.9 (Yoast SEO v27.2) - https:\/\/yoast.com\/product\/yoast-seo-premium-wordpress\/ -->\n<title>Concurso literario \u201cCaminos del Mercosur\u201d lleg\u00f3 a su etapa de premiaci\u00f3n - Ecuador | Noti-America.com<\/title>\n<meta name=\"robots\" content=\"index, follow, max-snippet:-1, max-image-preview:large, max-video-preview:-1\" \/>\n<link rel=\"canonical\" href=\"https:\/\/noti-america.com\/site\/ecuador\/2021\/03\/17\/concurso-literario-caminos-del-mercosur-llego-a-su-etapa-de-premiacion\/\" \/>\n<meta property=\"og:locale\" content=\"es_ES\" \/>\n<meta property=\"og:type\" content=\"article\" \/>\n<meta property=\"og:title\" content=\"Concurso literario \u201cCaminos del Mercosur\u201d lleg\u00f3 a su etapa de premiaci\u00f3n\" \/>\n<meta property=\"og:description\" content=\"REDACCI\u00d3N NOTI AM\u00c9RICA (ECUADOR) La ma\u00f1ana de este martes 16 de marzo se realiz\u00f3 la premiaci\u00f3n a los estudiantes ganadores del concurso hist\u00f3rico literario \u201cCaminos del Mercosur\u201d, el evento fue en el Ministerio de&#046;&#046;&#046;\" \/>\n<meta property=\"og:url\" content=\"https:\/\/noti-america.com\/site\/ecuador\/2021\/03\/17\/concurso-literario-caminos-del-mercosur-llego-a-su-etapa-de-premiacion\/\" \/>\n<meta property=\"og:site_name\" content=\"Ecuador | Noti-America.com\" \/>\n<meta property=\"article:published_time\" content=\"2021-03-17T12:17:44+00:00\" \/>\n<meta property=\"og:image\" content=\"https:\/\/noti-america.com\/site\/ecuador\/wp-content\/uploads\/sites\/18\/2021\/03\/17-marz-o-premiacion-viceministra-alumnos.png\" \/>\n\t<meta property=\"og:image:width\" content=\"800\" \/>\n\t<meta property=\"og:image:height\" content=\"450\" \/>\n\t<meta property=\"og:image:type\" content=\"image\/png\" \/>\n<meta name=\"author\" content=\"Henry Ortiz\" \/>\n<meta name=\"twitter:card\" content=\"summary_large_image\" \/>\n<meta name=\"twitter:creator\" content=\"@notiamerica\" \/>\n<meta name=\"twitter:site\" content=\"@notiamerica\" \/>\n<meta name=\"twitter:label1\" content=\"Escrito por\" \/>\n\t<meta name=\"twitter:data1\" content=\"Henry Ortiz\" \/>\n\t<meta name=\"twitter:label2\" content=\"Tiempo estimado de lectura\" \/>\n\t<meta name=\"twitter:data2\" content=\"2 minutos\" \/>\n<script type=\"application\/ld+json\" class=\"yoast-schema-graph\">{\"@context\":\"https:\/\/schema.org\",\"@graph\":[{\"@type\":\"Article\",\"@id\":\"https:\/\/noti-america.com\/site\/ecuador\/2021\/03\/17\/concurso-literario-caminos-del-mercosur-llego-a-su-etapa-de-premiacion\/#article\",\"isPartOf\":{\"@id\":\"https:\/\/noti-america.com\/site\/ecuador\/2021\/03\/17\/concurso-literario-caminos-del-mercosur-llego-a-su-etapa-de-premiacion\/\"},\"author\":{\"name\":\"Henry Ortiz\",\"@id\":\"https:\/\/noti-america.com\/site\/ecuador\/#\/schema\/person\/b9d1630cc6598af759d45c790a347283\"},\"headline\":\"Concurso literario \u201cCaminos del Mercosur\u201d lleg\u00f3 a su etapa de premiaci\u00f3n\",\"datePublished\":\"2021-03-17T12:17:44+00:00\",\"mainEntityOfPage\":{\"@id\":\"https:\/\/noti-america.com\/site\/ecuador\/2021\/03\/17\/concurso-literario-caminos-del-mercosur-llego-a-su-etapa-de-premiacion\/\"},\"wordCount\":359,\"commentCount\":0,\"publisher\":{\"@id\":\"https:\/\/noti-america.com\/site\/ecuador\/#organization\"},\"image\":{\"@id\":\"https:\/\/noti-america.com\/site\/ecuador\/2021\/03\/17\/concurso-literario-caminos-del-mercosur-llego-a-su-etapa-de-premiacion\/#primaryimage\"},\"thumbnailUrl\":\"https:\/\/noti-america.com\/site\/ecuador\/wp-content\/uploads\/sites\/18\/2021\/03\/17-marz-o-premiacion-viceministra-alumnos.png\",\"articleSection\":[\"Educaci\u00f3n\"],\"inLanguage\":\"es\",\"potentialAction\":[{\"@type\":\"CommentAction\",\"name\":\"Comment\",\"target\":[\"https:\/\/noti-america.com\/site\/ecuador\/2021\/03\/17\/concurso-literario-caminos-del-mercosur-llego-a-su-etapa-de-premiacion\/#respond\"]}]},{\"@type\":\"WebPage\",\"@id\":\"https:\/\/noti-america.com\/site\/ecuador\/2021\/03\/17\/concurso-literario-caminos-del-mercosur-llego-a-su-etapa-de-premiacion\/\",\"url\":\"https:\/\/noti-america.com\/site\/ecuador\/2021\/03\/17\/concurso-literario-caminos-del-mercosur-llego-a-su-etapa-de-premiacion\/\",\"name\":\"Concurso literario \u201cCaminos del Mercosur\u201d lleg\u00f3 a su etapa de premiaci\u00f3n - Ecuador | Noti-America.com\",\"isPartOf\":{\"@id\":\"https:\/\/noti-america.com\/site\/ecuador\/#website\"},\"primaryImageOfPage\":{\"@id\":\"https:\/\/noti-america.com\/site\/ecuador\/2021\/03\/17\/concurso-literario-caminos-del-mercosur-llego-a-su-etapa-de-premiacion\/#primaryimage\"},\"image\":{\"@id\":\"https:\/\/noti-america.com\/site\/ecuador\/2021\/03\/17\/concurso-literario-caminos-del-mercosur-llego-a-su-etapa-de-premiacion\/#primaryimage\"},\"thumbnailUrl\":\"https:\/\/noti-america.com\/site\/ecuador\/wp-content\/uploads\/sites\/18\/2021\/03\/17-marz-o-premiacion-viceministra-alumnos.png\",\"datePublished\":\"2021-03-17T12:17:44+00:00\",\"breadcrumb\":{\"@id\":\"https:\/\/noti-america.com\/site\/ecuador\/2021\/03\/17\/concurso-literario-caminos-del-mercosur-llego-a-su-etapa-de-premiacion\/#breadcrumb\"},\"inLanguage\":\"es\",\"potentialAction\":[{\"@type\":\"ReadAction\",\"target\":[\"https:\/\/noti-america.com\/site\/ecuador\/2021\/03\/17\/concurso-literario-caminos-del-mercosur-llego-a-su-etapa-de-premiacion\/\"]}]},{\"@type\":\"ImageObject\",\"inLanguage\":\"es\",\"@id\":\"https:\/\/noti-america.com\/site\/ecuador\/2021\/03\/17\/concurso-literario-caminos-del-mercosur-llego-a-su-etapa-de-premiacion\/#primaryimage\",\"url\":\"https:\/\/noti-america.com\/site\/ecuador\/wp-content\/uploads\/sites\/18\/2021\/03\/17-marz-o-premiacion-viceministra-alumnos.png\",\"contentUrl\":\"https:\/\/noti-america.com\/site\/ecuador\/wp-content\/uploads\/sites\/18\/2021\/03\/17-marz-o-premiacion-viceministra-alumnos.png\",\"width\":800,\"height\":450},{\"@type\":\"BreadcrumbList\",\"@id\":\"https:\/\/noti-america.com\/site\/ecuador\/2021\/03\/17\/concurso-literario-caminos-del-mercosur-llego-a-su-etapa-de-premiacion\/#breadcrumb\",\"itemListElement\":[{\"@type\":\"ListItem\",\"position\":1,\"name\":\"Portada\",\"item\":\"https:\/\/noti-america.com\/site\/ecuador\/\"},{\"@type\":\"ListItem\",\"position\":2,\"name\":\"Concurso literario \u201cCaminos del Mercosur\u201d lleg\u00f3 a su etapa de premiaci\u00f3n\"}]},{\"@type\":\"WebSite\",\"@id\":\"https:\/\/noti-america.com\/site\/ecuador\/#website\",\"url\":\"https:\/\/noti-america.com\/site\/ecuador\/\",\"name\":\"Ecuador | Noti-America.com\",\"description\":\"\",\"publisher\":{\"@id\":\"https:\/\/noti-america.com\/site\/ecuador\/#organization\"},\"potentialAction\":[{\"@type\":\"SearchAction\",\"target\":{\"@type\":\"EntryPoint\",\"urlTemplate\":\"https:\/\/noti-america.com\/site\/ecuador\/?s={search_term_string}\"},\"query-input\":{\"@type\":\"PropertyValueSpecification\",\"valueRequired\":true,\"valueName\":\"search_term_string\"}}],\"inLanguage\":\"es\"},{\"@type\":\"Organization\",\"@id\":\"https:\/\/noti-america.com\/site\/ecuador\/#organization\",\"name\":\"Noti-America LLC | Ecuador\",\"url\":\"https:\/\/noti-america.com\/site\/ecuador\/\",\"logo\":{\"@type\":\"ImageObject\",\"inLanguage\":\"es\",\"@id\":\"https:\/\/noti-america.com\/site\/ecuador\/#\/schema\/logo\/image\/\",\"url\":\"https:\/\/noti-america.com\/site\/ecuador\/wp-content\/uploads\/sites\/18\/2020\/07\/LogoNA-4x3-1.jpg\",\"contentUrl\":\"https:\/\/noti-america.com\/site\/ecuador\/wp-content\/uploads\/sites\/18\/2020\/07\/LogoNA-4x3-1.jpg\",\"width\":1236,\"height\":1080,\"caption\":\"Noti-America LLC | Ecuador\"},\"image\":{\"@id\":\"https:\/\/noti-america.com\/site\/ecuador\/#\/schema\/logo\/image\/\"},\"sameAs\":[\"https:\/\/x.com\/notiamerica\"]},{\"@type\":\"Person\",\"@id\":\"https:\/\/noti-america.com\/site\/ecuador\/#\/schema\/person\/b9d1630cc6598af759d45c790a347283\",\"name\":\"Henry Ortiz\",\"image\":{\"@type\":\"ImageObject\",\"inLanguage\":\"es\",\"@id\":\"https:\/\/secure.gravatar.com\/avatar\/0b5407b5b302fbb6a578e625dca512ac2983ee5fa9ea941d581b83c40212e4c8?s=96&d=mm&r=g\",\"url\":\"https:\/\/secure.gravatar.com\/avatar\/0b5407b5b302fbb6a578e625dca512ac2983ee5fa9ea941d581b83c40212e4c8?s=96&d=mm&r=g\",\"contentUrl\":\"https:\/\/secure.gravatar.com\/avatar\/0b5407b5b302fbb6a578e625dca512ac2983ee5fa9ea941d581b83c40212e4c8?s=96&d=mm&r=g\",\"caption\":\"Henry Ortiz\"},\"url\":\"https:\/\/noti-america.com\/site\/ecuador\/author\/hortiz\/\"}]}<\/script>\n<!-- \/ Yoast SEO Premium plugin. -->","yoast_head_json":{"title":"Concurso literario \u201cCaminos del Mercosur\u201d lleg\u00f3 a su etapa de premiaci\u00f3n - Ecuador | Noti-America.com","robots":{"index":"index","follow":"follow","max-snippet":"max-snippet:-1","max-image-preview":"max-image-preview:large","max-video-preview":"max-video-preview:-1"},"canonical":"https:\/\/noti-america.com\/site\/ecuador\/2021\/03\/17\/concurso-literario-caminos-del-mercosur-llego-a-su-etapa-de-premiacion\/","og_locale":"es_ES","og_type":"article","og_title":"Concurso literario \u201cCaminos del Mercosur\u201d lleg\u00f3 a su etapa de premiaci\u00f3n","og_description":"REDACCI\u00d3N NOTI AM\u00c9RICA (ECUADOR) La ma\u00f1ana de este martes 16 de marzo se realiz\u00f3 la premiaci\u00f3n a los estudiantes ganadores del concurso hist\u00f3rico literario \u201cCaminos del Mercosur\u201d, el evento fue en el Ministerio de&#46;&#46;&#46;","og_url":"https:\/\/noti-america.com\/site\/ecuador\/2021\/03\/17\/concurso-literario-caminos-del-mercosur-llego-a-su-etapa-de-premiacion\/","og_site_name":"Ecuador | Noti-America.com","article_published_time":"2021-03-17T12:17:44+00:00","og_image":[{"width":800,"height":450,"url":"https:\/\/noti-america.com\/site\/ecuador\/wp-content\/uploads\/sites\/18\/2021\/03\/17-marz-o-premiacion-viceministra-alumnos.png","type":"image\/png"}],"author":"Henry Ortiz","twitter_card":"summary_large_image","twitter_creator":"@notiamerica","twitter_site":"@notiamerica","twitter_misc":{"Escrito por":"Henry Ortiz","Tiempo estimado de lectura":"2 minutos"},"schema":{"@context":"https:\/\/schema.org","@graph":[{"@type":"Article","@id":"https:\/\/noti-america.com\/site\/ecuador\/2021\/03\/17\/concurso-literario-caminos-del-mercosur-llego-a-su-etapa-de-premiacion\/#article","isPartOf":{"@id":"https:\/\/noti-america.com\/site\/ecuador\/2021\/03\/17\/concurso-literario-caminos-del-mercosur-llego-a-su-etapa-de-premiacion\/"},"author":{"name":"Henry Ortiz","@id":"https:\/\/noti-america.com\/site\/ecuador\/#\/schema\/person\/b9d1630cc6598af759d45c790a347283"},"headline":"Concurso literario \u201cCaminos del Mercosur\u201d lleg\u00f3 a su etapa de premiaci\u00f3n","datePublished":"2021-03-17T12:17:44+00:00","mainEntityOfPage":{"@id":"https:\/\/noti-america.com\/site\/ecuador\/2021\/03\/17\/concurso-literario-caminos-del-mercosur-llego-a-su-etapa-de-premiacion\/"},"wordCount":359,"commentCount":0,"publisher":{"@id":"https:\/\/noti-america.com\/site\/ecuador\/#organization"},"image":{"@id":"https:\/\/noti-america.com\/site\/ecuador\/2021\/03\/17\/concurso-literario-caminos-del-mercosur-llego-a-su-etapa-de-premiacion\/#primaryimage"},"thumbnailUrl":"https:\/\/noti-america.com\/site\/ecuador\/wp-content\/uploads\/sites\/18\/2021\/03\/17-marz-o-premiacion-viceministra-alumnos.png","articleSection":["Educaci\u00f3n"],"inLanguage":"es","potentialAction":[{"@type":"CommentAction","name":"Comment","target":["https:\/\/noti-america.com\/site\/ecuador\/2021\/03\/17\/concurso-literario-caminos-del-mercosur-llego-a-su-etapa-de-premiacion\/#respond"]}]},{"@type":"WebPage","@id":"https:\/\/noti-america.com\/site\/ecuador\/2021\/03\/17\/concurso-literario-caminos-del-mercosur-llego-a-su-etapa-de-premiacion\/","url":"https:\/\/noti-america.com\/site\/ecuador\/2021\/03\/17\/concurso-literario-caminos-del-mercosur-llego-a-su-etapa-de-premiacion\/","name":"Concurso literario \u201cCaminos del Mercosur\u201d lleg\u00f3 a su etapa de premiaci\u00f3n - Ecuador | Noti-America.com","isPartOf":{"@id":"https:\/\/noti-america.com\/site\/ecuador\/#website"},"primaryImageOfPage":{"@id":"https:\/\/noti-america.com\/site\/ecuador\/2021\/03\/17\/concurso-literario-caminos-del-mercosur-llego-a-su-etapa-de-premiacion\/#primaryimage"},"image":{"@id":"https:\/\/noti-america.com\/site\/ecuador\/2021\/03\/17\/concurso-literario-caminos-del-mercosur-llego-a-su-etapa-de-premiacion\/#primaryimage"},"thumbnailUrl":"https:\/\/noti-america.com\/site\/ecuador\/wp-content\/uploads\/sites\/18\/2021\/03\/17-marz-o-premiacion-viceministra-alumnos.png","datePublished":"2021-03-17T12:17:44+00:00","breadcrumb":{"@id":"https:\/\/noti-america.com\/site\/ecuador\/2021\/03\/17\/concurso-literario-caminos-del-mercosur-llego-a-su-etapa-de-premiacion\/#breadcrumb"},"inLanguage":"es","potentialAction":[{"@type":"ReadAction","target":["https:\/\/noti-america.com\/site\/ecuador\/2021\/03\/17\/concurso-literario-caminos-del-mercosur-llego-a-su-etapa-de-premiacion\/"]}]},{"@type":"ImageObject","inLanguage":"es","@id":"https:\/\/noti-america.com\/site\/ecuador\/2021\/03\/17\/concurso-literario-caminos-del-mercosur-llego-a-su-etapa-de-premiacion\/#primaryimage","url":"https:\/\/noti-america.com\/site\/ecuador\/wp-content\/uploads\/sites\/18\/2021\/03\/17-marz-o-premiacion-viceministra-alumnos.png","contentUrl":"https:\/\/noti-america.com\/site\/ecuador\/wp-content\/uploads\/sites\/18\/2021\/03\/17-marz-o-premiacion-viceministra-alumnos.png","width":800,"height":450},{"@type":"BreadcrumbList","@id":"https:\/\/noti-america.com\/site\/ecuador\/2021\/03\/17\/concurso-literario-caminos-del-mercosur-llego-a-su-etapa-de-premiacion\/#breadcrumb","itemListElement":[{"@type":"ListItem","position":1,"name":"Portada","item":"https:\/\/noti-america.com\/site\/ecuador\/"},{"@type":"ListItem","position":2,"name":"Concurso literario \u201cCaminos del Mercosur\u201d lleg\u00f3 a su etapa de premiaci\u00f3n"}]},{"@type":"WebSite","@id":"https:\/\/noti-america.com\/site\/ecuador\/#website","url":"https:\/\/noti-america.com\/site\/ecuador\/","name":"Ecuador | Noti-America.com","description":"","publisher":{"@id":"https:\/\/noti-america.com\/site\/ecuador\/#organization"},"potentialAction":[{"@type":"SearchAction","target":{"@type":"EntryPoint","urlTemplate":"https:\/\/noti-america.com\/site\/ecuador\/?s={search_term_string}"},"query-input":{"@type":"PropertyValueSpecification","valueRequired":true,"valueName":"search_term_string"}}],"inLanguage":"es"},{"@type":"Organization","@id":"https:\/\/noti-america.com\/site\/ecuador\/#organization","name":"Noti-America LLC | Ecuador","url":"https:\/\/noti-america.com\/site\/ecuador\/","logo":{"@type":"ImageObject","inLanguage":"es","@id":"https:\/\/noti-america.com\/site\/ecuador\/#\/schema\/logo\/image\/","url":"https:\/\/noti-america.com\/site\/ecuador\/wp-content\/uploads\/sites\/18\/2020\/07\/LogoNA-4x3-1.jpg","contentUrl":"https:\/\/noti-america.com\/site\/ecuador\/wp-content\/uploads\/sites\/18\/2020\/07\/LogoNA-4x3-1.jpg","width":1236,"height":1080,"caption":"Noti-America LLC | Ecuador"},"image":{"@id":"https:\/\/noti-america.com\/site\/ecuador\/#\/schema\/logo\/image\/"},"sameAs":["https:\/\/x.com\/notiamerica"]},{"@type":"Person","@id":"https:\/\/noti-america.com\/site\/ecuador\/#\/schema\/person\/b9d1630cc6598af759d45c790a347283","name":"Henry Ortiz","image":{"@type":"ImageObject","inLanguage":"es","@id":"https:\/\/secure.gravatar.com\/avatar\/0b5407b5b302fbb6a578e625dca512ac2983ee5fa9ea941d581b83c40212e4c8?s=96&d=mm&r=g","url":"https:\/\/secure.gravatar.com\/avatar\/0b5407b5b302fbb6a578e625dca512ac2983ee5fa9ea941d581b83c40212e4c8?s=96&d=mm&r=g","contentUrl":"https:\/\/secure.gravatar.com\/avatar\/0b5407b5b302fbb6a578e625dca512ac2983ee5fa9ea941d581b83c40212e4c8?s=96&d=mm&r=g","caption":"Henry Ortiz"},"url":"https:\/\/noti-america.com\/site\/ecuador\/author\/hortiz\/"}]}},"_links":{"self":[{"href":"https:\/\/noti-america.com\/site\/ecuador\/wp-json\/wp\/v2\/posts\/13444","targetHints":{"allow":["GET"]}}],"collection":[{"href":"https:\/\/noti-america.com\/site\/ecuador\/wp-json\/wp\/v2\/posts"}],"about":[{"href":"https:\/\/noti-america.com\/site\/ecuador\/wp-json\/wp\/v2\/types\/post"}],"author":[{"embeddable":true,"href":"https:\/\/noti-america.com\/site\/ecuador\/wp-json\/wp\/v2\/users\/113"}],"replies":[{"embeddable":true,"href":"https:\/\/noti-america.com\/site\/ecuador\/wp-json\/wp\/v2\/comments?post=13444"}],"version-history":[{"count":1,"href":"https:\/\/noti-america.com\/site\/ecuador\/wp-json\/wp\/v2\/posts\/13444\/revisions"}],"predecessor-version":[{"id":13446,"href":"https:\/\/noti-america.com\/site\/ecuador\/wp-json\/wp\/v2\/posts\/13444\/revisions\/13446"}],"wp:featuredmedia":[{"embeddable":true,"href":"https:\/\/noti-america.com\/site\/ecuador\/wp-json\/wp\/v2\/media\/13445"}],"wp:attachment":[{"href":"https:\/\/noti-america.com\/site\/ecuador\/wp-json\/wp\/v2\/media?parent=13444"}],"wp:term":[{"taxonomy":"category","embeddable":true,"href":"https:\/\/noti-america.com\/site\/ecuador\/wp-json\/wp\/v2\/categories?post=13444"},{"taxonomy":"post_tag","embeddable":true,"href":"https:\/\/noti-america.com\/site\/ecuador\/wp-json\/wp\/v2\/tags?post=13444"}],"curies":[{"name":"wp","href":"https:\/\/api.w.org\/{rel}","templated":true}]}}