{"id":13435,"date":"2021-03-16T22:02:48","date_gmt":"2021-03-16T22:02:48","guid":{"rendered":"https:\/\/noti-america.com\/site\/ecuador\/?p=13435"},"modified":"2021-03-16T22:02:48","modified_gmt":"2021-03-16T22:02:48","slug":"iess-adquirio-nuevo-equipo-de-tratamiento-para-pacientes-oncologicos","status":"publish","type":"post","link":"https:\/\/noti-america.com\/site\/ecuador\/2021\/03\/16\/iess-adquirio-nuevo-equipo-de-tratamiento-para-pacientes-oncologicos\/","title":{"rendered":"IESS adquiri\u00f3 nuevo equipo de tratamiento para pacientes oncol\u00f3gicos"},"content":{"rendered":"<p><strong>REDACCI\u00d3N NOTI AM\u00c9RICA (ECUADOR)<\/strong><\/p>\n<div id=\"attachment_13436\" style=\"width: 663px\" class=\"wp-caption aligncenter\"><img loading=\"lazy\" decoding=\"async\" aria-describedby=\"caption-attachment-13436\" class=\"wp-image-13436\" src=\"https:\/\/noti-america.com\/site\/ecuador\/wp-content\/uploads\/sites\/18\/2021\/03\/16-mar-969a8930-b533-4950-9b97-528e819288f9-300x146.jpg\" alt=\"\" width=\"653\" height=\"318\" srcset=\"https:\/\/noti-america.com\/site\/ecuador\/wp-content\/uploads\/sites\/18\/2021\/03\/16-mar-969a8930-b533-4950-9b97-528e819288f9-300x146.jpg 300w, https:\/\/noti-america.com\/site\/ecuador\/wp-content\/uploads\/sites\/18\/2021\/03\/16-mar-969a8930-b533-4950-9b97-528e819288f9-1024x497.jpg 1024w, https:\/\/noti-america.com\/site\/ecuador\/wp-content\/uploads\/sites\/18\/2021\/03\/16-mar-969a8930-b533-4950-9b97-528e819288f9-768x373.jpg 768w, https:\/\/noti-america.com\/site\/ecuador\/wp-content\/uploads\/sites\/18\/2021\/03\/16-mar-969a8930-b533-4950-9b97-528e819288f9.jpg 1280w\" sizes=\"auto, (max-width: 653px) 100vw, 653px\" \/><p id=\"caption-attachment-13436\" class=\"wp-caption-text\">Los \u00fanicos pa\u00edses que ofrecen este tratamiento en Latinoam\u00e9rica son: Colombia, Brasil, Chile, Argentina y, ahora, Ecuador.<\/p><\/div>\n<p style=\"text-align: justify\">El Instituto Ecuatoriano de Seguridad Social anunci\u00f3 que a trav\u00e9s de la Coordinaci\u00f3n Provincial de Prestaciones de Seguro Salud Guayas realiz\u00f3 la primera compra de cartera de servicios, a nivel nacional para enfrentar el c\u00e1ncer.<\/p>\n<p style=\"text-align: justify\">El tratamiento que se adquiri\u00f3 fue la Cito Reducci\u00f3n M\u00e1xima o Radical, m\u00e1s Quimioterapia Intraperitoneal Hipert\u00e9rmica (HIPEC). Este procedimiento est\u00e1\u00a0 dirigido a pacientes con diseminaci\u00f3n abdominal, m\u00e1s conocido como carcinomatosis. La primera \u00a0afiliada beneficiada fue tratada en el Hospital Teodoro Maldonado Carbo, desde 2017, con un diagn\u00f3stico de c\u00e1ncer de ap\u00e9ndice con carcinomatosis.<\/p>\n<p style=\"text-align: justify\">Esta es una enfermedad generalizada del c\u00e1ncer abdominal, tratada de forma paliativa y se asocia con mal pron\u00f3stico,\u00a0constituye la causa m\u00e1s frecuente de incurabilidad y de muerte en pacientes con c\u00e1ncer.<\/p>\n<p style=\"text-align: justify\">Roc\u00edo L., beneficiaria del seguro social, asegura que, \u201cal principio tom\u00e9 con calma mi diagn\u00f3stico, tengo familiares m\u00e9dicos y ellos me explicaban paso a paso qu\u00e9 deb\u00eda hacer. En diciembre de 2020, mis especialistas detectaron que deb\u00edan realizarme una segunda operaci\u00f3n, anteriormente pas\u00e9 por este proceso en Chile. En mi caso, tuve la oportunidad\u00a0 que se hiciera en poco tiempo el tr\u00e1mite para acceder a mi operaci\u00f3n, es una gran oportunidad de vida la que me ha dado el IESS y estoy muy agradecida por eso\u201d.<\/p>\n<p style=\"text-align: justify\">En Ecuador, la \u00fanica unidad hospitalaria que cuenta con esta tecnolog\u00eda es la Cl\u00ednica Alc\u00edvar, prestador externo del IESS, pero que dentro de la cartera de servicios, no se encontraba este procedimiento. La Coordinaci\u00f3n de Salud Guayas convoc\u00f3 a un comit\u00e9, llenaron formularios y requisitos para que la cl\u00ednica pueda aceptar a la paciente con un c\u00f3digo de derivaci\u00f3n. Esta es la primera adquisici\u00f3n de cartera de servicio en el pa\u00eds.<\/p>\n<p style=\"text-align: justify\">\u201cHicimos una compra de cartera de servicio para atender a nuestra afiliada y que pueda seguir su tratamiento. Esto es parte de lo que hacemos, todos los d\u00edas velamos por la salud de nuestros afiliados. Incluso, hemos incrementado el n\u00famero de prestadores externos para poder actuar y resolver inmediatamente las necesidades de los pacientes del IESS\u201d, asegur\u00f3 Anita Jouvin Henr\u00edquez, coordinadora provincial de Prestaciones de Seguro Salud Guayas.<\/p>\n<p style=\"text-align: justify\">La Cl\u00ednica Alc\u00edvar realiz\u00f3 el primer procedimiento HIPEC en octubre de 2020. Con la paciente del IESS, fue la cuarta operaci\u00f3n con \u00e9xito, a nivel nacional. Los \u00fanicos pa\u00edses que ofrecen este tratamiento en Latinoam\u00e9rica son: Colombia, Brasil, Chile, Argentina y ahora Ecuador.<\/p>\n","protected":false},"excerpt":{"rendered":"<p>REDACCI\u00d3N NOTI AM\u00c9RICA (ECUADOR) El Instituto Ecuatoriano de Seguridad Social anunci\u00f3 que a trav\u00e9s de la Coordinaci\u00f3n Provincial de Prestaciones de Seguro Salud Guayas realiz\u00f3 la primera compra de cartera de servicios, a nivel&#46;&#46;&#46;<\/p>\n","protected":false},"author":113,"featured_media":13436,"comment_status":"open","ping_status":"open","sticky":false,"template":"","format":"standard","meta":{"_acf_changed":false,"om_disable_all_campaigns":false,"rop_custom_images_group":[],"rop_custom_messages_group":[],"rop_publish_now":"initial","rop_publish_now_accounts":{"twitter_242054905_242054905":""},"rop_publish_now_history":[],"rop_publish_now_status":"pending","_uf_show_specific_survey":0,"_uf_disable_surveys":false,"footnotes":""},"categories":[1],"tags":[],"class_list":["post-13435","post","type-post","status-publish","format-standard","has-post-thumbnail","hentry","category-uncategorized"],"acf":[],"aioseo_notices":[],"yoast_head":"<!-- This site is optimized with the Yoast SEO Premium plugin v24.9 (Yoast SEO v27.2) - https:\/\/yoast.com\/product\/yoast-seo-premium-wordpress\/ -->\n<title>IESS adquiri\u00f3 nuevo equipo de tratamiento para pacientes oncol\u00f3gicos - Ecuador | Noti-America.com<\/title>\n<meta name=\"robots\" content=\"index, follow, max-snippet:-1, max-image-preview:large, max-video-preview:-1\" \/>\n<link rel=\"canonical\" href=\"https:\/\/noti-america.com\/site\/ecuador\/2021\/03\/16\/iess-adquirio-nuevo-equipo-de-tratamiento-para-pacientes-oncologicos\/\" \/>\n<meta property=\"og:locale\" content=\"es_ES\" \/>\n<meta property=\"og:type\" content=\"article\" \/>\n<meta property=\"og:title\" content=\"IESS adquiri\u00f3 nuevo equipo de tratamiento para pacientes oncol\u00f3gicos\" \/>\n<meta property=\"og:description\" content=\"REDACCI\u00d3N NOTI AM\u00c9RICA (ECUADOR) El Instituto Ecuatoriano de Seguridad Social anunci\u00f3 que a trav\u00e9s de la Coordinaci\u00f3n Provincial de Prestaciones de Seguro Salud Guayas realiz\u00f3 la primera compra de cartera de servicios, a nivel&#046;&#046;&#046;\" \/>\n<meta property=\"og:url\" content=\"https:\/\/noti-america.com\/site\/ecuador\/2021\/03\/16\/iess-adquirio-nuevo-equipo-de-tratamiento-para-pacientes-oncologicos\/\" \/>\n<meta property=\"og:site_name\" content=\"Ecuador | Noti-America.com\" \/>\n<meta property=\"article:published_time\" content=\"2021-03-16T22:02:48+00:00\" \/>\n<meta property=\"og:image\" content=\"https:\/\/noti-america.com\/site\/ecuador\/wp-content\/uploads\/sites\/18\/2021\/03\/16-mar-969a8930-b533-4950-9b97-528e819288f9.jpg\" \/>\n\t<meta property=\"og:image:width\" content=\"1280\" \/>\n\t<meta property=\"og:image:height\" content=\"621\" \/>\n\t<meta property=\"og:image:type\" content=\"image\/jpeg\" \/>\n<meta name=\"author\" content=\"Henry Ortiz\" \/>\n<meta name=\"twitter:card\" content=\"summary_large_image\" \/>\n<meta name=\"twitter:creator\" content=\"@notiamerica\" \/>\n<meta name=\"twitter:site\" content=\"@notiamerica\" \/>\n<meta name=\"twitter:label1\" content=\"Escrito por\" \/>\n\t<meta name=\"twitter:data1\" content=\"Henry Ortiz\" \/>\n\t<meta name=\"twitter:label2\" content=\"Tiempo estimado de lectura\" \/>\n\t<meta name=\"twitter:data2\" content=\"2 minutos\" \/>\n<script type=\"application\/ld+json\" class=\"yoast-schema-graph\">{\"@context\":\"https:\/\/schema.org\",\"@graph\":[{\"@type\":\"Article\",\"@id\":\"https:\/\/noti-america.com\/site\/ecuador\/2021\/03\/16\/iess-adquirio-nuevo-equipo-de-tratamiento-para-pacientes-oncologicos\/#article\",\"isPartOf\":{\"@id\":\"https:\/\/noti-america.com\/site\/ecuador\/2021\/03\/16\/iess-adquirio-nuevo-equipo-de-tratamiento-para-pacientes-oncologicos\/\"},\"author\":{\"name\":\"Henry Ortiz\",\"@id\":\"https:\/\/noti-america.com\/site\/ecuador\/#\/schema\/person\/b9d1630cc6598af759d45c790a347283\"},\"headline\":\"IESS adquiri\u00f3 nuevo equipo de tratamiento para pacientes oncol\u00f3gicos\",\"datePublished\":\"2021-03-16T22:02:48+00:00\",\"mainEntityOfPage\":{\"@id\":\"https:\/\/noti-america.com\/site\/ecuador\/2021\/03\/16\/iess-adquirio-nuevo-equipo-de-tratamiento-para-pacientes-oncologicos\/\"},\"wordCount\":468,\"commentCount\":0,\"publisher\":{\"@id\":\"https:\/\/noti-america.com\/site\/ecuador\/#organization\"},\"image\":{\"@id\":\"https:\/\/noti-america.com\/site\/ecuador\/2021\/03\/16\/iess-adquirio-nuevo-equipo-de-tratamiento-para-pacientes-oncologicos\/#primaryimage\"},\"thumbnailUrl\":\"https:\/\/noti-america.com\/site\/ecuador\/wp-content\/uploads\/sites\/18\/2021\/03\/16-mar-969a8930-b533-4950-9b97-528e819288f9.jpg\",\"articleSection\":[\"Uncategorized\"],\"inLanguage\":\"es\",\"potentialAction\":[{\"@type\":\"CommentAction\",\"name\":\"Comment\",\"target\":[\"https:\/\/noti-america.com\/site\/ecuador\/2021\/03\/16\/iess-adquirio-nuevo-equipo-de-tratamiento-para-pacientes-oncologicos\/#respond\"]}]},{\"@type\":\"WebPage\",\"@id\":\"https:\/\/noti-america.com\/site\/ecuador\/2021\/03\/16\/iess-adquirio-nuevo-equipo-de-tratamiento-para-pacientes-oncologicos\/\",\"url\":\"https:\/\/noti-america.com\/site\/ecuador\/2021\/03\/16\/iess-adquirio-nuevo-equipo-de-tratamiento-para-pacientes-oncologicos\/\",\"name\":\"IESS adquiri\u00f3 nuevo equipo de tratamiento para pacientes oncol\u00f3gicos - Ecuador | Noti-America.com\",\"isPartOf\":{\"@id\":\"https:\/\/noti-america.com\/site\/ecuador\/#website\"},\"primaryImageOfPage\":{\"@id\":\"https:\/\/noti-america.com\/site\/ecuador\/2021\/03\/16\/iess-adquirio-nuevo-equipo-de-tratamiento-para-pacientes-oncologicos\/#primaryimage\"},\"image\":{\"@id\":\"https:\/\/noti-america.com\/site\/ecuador\/2021\/03\/16\/iess-adquirio-nuevo-equipo-de-tratamiento-para-pacientes-oncologicos\/#primaryimage\"},\"thumbnailUrl\":\"https:\/\/noti-america.com\/site\/ecuador\/wp-content\/uploads\/sites\/18\/2021\/03\/16-mar-969a8930-b533-4950-9b97-528e819288f9.jpg\",\"datePublished\":\"2021-03-16T22:02:48+00:00\",\"breadcrumb\":{\"@id\":\"https:\/\/noti-america.com\/site\/ecuador\/2021\/03\/16\/iess-adquirio-nuevo-equipo-de-tratamiento-para-pacientes-oncologicos\/#breadcrumb\"},\"inLanguage\":\"es\",\"potentialAction\":[{\"@type\":\"ReadAction\",\"target\":[\"https:\/\/noti-america.com\/site\/ecuador\/2021\/03\/16\/iess-adquirio-nuevo-equipo-de-tratamiento-para-pacientes-oncologicos\/\"]}]},{\"@type\":\"ImageObject\",\"inLanguage\":\"es\",\"@id\":\"https:\/\/noti-america.com\/site\/ecuador\/2021\/03\/16\/iess-adquirio-nuevo-equipo-de-tratamiento-para-pacientes-oncologicos\/#primaryimage\",\"url\":\"https:\/\/noti-america.com\/site\/ecuador\/wp-content\/uploads\/sites\/18\/2021\/03\/16-mar-969a8930-b533-4950-9b97-528e819288f9.jpg\",\"contentUrl\":\"https:\/\/noti-america.com\/site\/ecuador\/wp-content\/uploads\/sites\/18\/2021\/03\/16-mar-969a8930-b533-4950-9b97-528e819288f9.jpg\",\"width\":1280,\"height\":621},{\"@type\":\"BreadcrumbList\",\"@id\":\"https:\/\/noti-america.com\/site\/ecuador\/2021\/03\/16\/iess-adquirio-nuevo-equipo-de-tratamiento-para-pacientes-oncologicos\/#breadcrumb\",\"itemListElement\":[{\"@type\":\"ListItem\",\"position\":1,\"name\":\"Portada\",\"item\":\"https:\/\/noti-america.com\/site\/ecuador\/\"},{\"@type\":\"ListItem\",\"position\":2,\"name\":\"IESS adquiri\u00f3 nuevo equipo de tratamiento para pacientes oncol\u00f3gicos\"}]},{\"@type\":\"WebSite\",\"@id\":\"https:\/\/noti-america.com\/site\/ecuador\/#website\",\"url\":\"https:\/\/noti-america.com\/site\/ecuador\/\",\"name\":\"Ecuador | Noti-America.com\",\"description\":\"\",\"publisher\":{\"@id\":\"https:\/\/noti-america.com\/site\/ecuador\/#organization\"},\"potentialAction\":[{\"@type\":\"SearchAction\",\"target\":{\"@type\":\"EntryPoint\",\"urlTemplate\":\"https:\/\/noti-america.com\/site\/ecuador\/?s={search_term_string}\"},\"query-input\":{\"@type\":\"PropertyValueSpecification\",\"valueRequired\":true,\"valueName\":\"search_term_string\"}}],\"inLanguage\":\"es\"},{\"@type\":\"Organization\",\"@id\":\"https:\/\/noti-america.com\/site\/ecuador\/#organization\",\"name\":\"Noti-America LLC | Ecuador\",\"url\":\"https:\/\/noti-america.com\/site\/ecuador\/\",\"logo\":{\"@type\":\"ImageObject\",\"inLanguage\":\"es\",\"@id\":\"https:\/\/noti-america.com\/site\/ecuador\/#\/schema\/logo\/image\/\",\"url\":\"https:\/\/noti-america.com\/site\/ecuador\/wp-content\/uploads\/sites\/18\/2020\/07\/LogoNA-4x3-1.jpg\",\"contentUrl\":\"https:\/\/noti-america.com\/site\/ecuador\/wp-content\/uploads\/sites\/18\/2020\/07\/LogoNA-4x3-1.jpg\",\"width\":1236,\"height\":1080,\"caption\":\"Noti-America LLC | Ecuador\"},\"image\":{\"@id\":\"https:\/\/noti-america.com\/site\/ecuador\/#\/schema\/logo\/image\/\"},\"sameAs\":[\"https:\/\/x.com\/notiamerica\"]},{\"@type\":\"Person\",\"@id\":\"https:\/\/noti-america.com\/site\/ecuador\/#\/schema\/person\/b9d1630cc6598af759d45c790a347283\",\"name\":\"Henry Ortiz\",\"image\":{\"@type\":\"ImageObject\",\"inLanguage\":\"es\",\"@id\":\"https:\/\/secure.gravatar.com\/avatar\/0b5407b5b302fbb6a578e625dca512ac2983ee5fa9ea941d581b83c40212e4c8?s=96&d=mm&r=g\",\"url\":\"https:\/\/secure.gravatar.com\/avatar\/0b5407b5b302fbb6a578e625dca512ac2983ee5fa9ea941d581b83c40212e4c8?s=96&d=mm&r=g\",\"contentUrl\":\"https:\/\/secure.gravatar.com\/avatar\/0b5407b5b302fbb6a578e625dca512ac2983ee5fa9ea941d581b83c40212e4c8?s=96&d=mm&r=g\",\"caption\":\"Henry Ortiz\"},\"url\":\"https:\/\/noti-america.com\/site\/ecuador\/author\/hortiz\/\"}]}<\/script>\n<!-- \/ Yoast SEO Premium plugin. -->","yoast_head_json":{"title":"IESS adquiri\u00f3 nuevo equipo de tratamiento para pacientes oncol\u00f3gicos - Ecuador | Noti-America.com","robots":{"index":"index","follow":"follow","max-snippet":"max-snippet:-1","max-image-preview":"max-image-preview:large","max-video-preview":"max-video-preview:-1"},"canonical":"https:\/\/noti-america.com\/site\/ecuador\/2021\/03\/16\/iess-adquirio-nuevo-equipo-de-tratamiento-para-pacientes-oncologicos\/","og_locale":"es_ES","og_type":"article","og_title":"IESS adquiri\u00f3 nuevo equipo de tratamiento para pacientes oncol\u00f3gicos","og_description":"REDACCI\u00d3N NOTI AM\u00c9RICA (ECUADOR) El Instituto Ecuatoriano de Seguridad Social anunci\u00f3 que a trav\u00e9s de la Coordinaci\u00f3n Provincial de Prestaciones de Seguro Salud Guayas realiz\u00f3 la primera compra de cartera de servicios, a nivel&#46;&#46;&#46;","og_url":"https:\/\/noti-america.com\/site\/ecuador\/2021\/03\/16\/iess-adquirio-nuevo-equipo-de-tratamiento-para-pacientes-oncologicos\/","og_site_name":"Ecuador | Noti-America.com","article_published_time":"2021-03-16T22:02:48+00:00","og_image":[{"width":1280,"height":621,"url":"https:\/\/noti-america.com\/site\/ecuador\/wp-content\/uploads\/sites\/18\/2021\/03\/16-mar-969a8930-b533-4950-9b97-528e819288f9.jpg","type":"image\/jpeg"}],"author":"Henry Ortiz","twitter_card":"summary_large_image","twitter_creator":"@notiamerica","twitter_site":"@notiamerica","twitter_misc":{"Escrito por":"Henry Ortiz","Tiempo estimado de lectura":"2 minutos"},"schema":{"@context":"https:\/\/schema.org","@graph":[{"@type":"Article","@id":"https:\/\/noti-america.com\/site\/ecuador\/2021\/03\/16\/iess-adquirio-nuevo-equipo-de-tratamiento-para-pacientes-oncologicos\/#article","isPartOf":{"@id":"https:\/\/noti-america.com\/site\/ecuador\/2021\/03\/16\/iess-adquirio-nuevo-equipo-de-tratamiento-para-pacientes-oncologicos\/"},"author":{"name":"Henry Ortiz","@id":"https:\/\/noti-america.com\/site\/ecuador\/#\/schema\/person\/b9d1630cc6598af759d45c790a347283"},"headline":"IESS adquiri\u00f3 nuevo equipo de tratamiento para pacientes oncol\u00f3gicos","datePublished":"2021-03-16T22:02:48+00:00","mainEntityOfPage":{"@id":"https:\/\/noti-america.com\/site\/ecuador\/2021\/03\/16\/iess-adquirio-nuevo-equipo-de-tratamiento-para-pacientes-oncologicos\/"},"wordCount":468,"commentCount":0,"publisher":{"@id":"https:\/\/noti-america.com\/site\/ecuador\/#organization"},"image":{"@id":"https:\/\/noti-america.com\/site\/ecuador\/2021\/03\/16\/iess-adquirio-nuevo-equipo-de-tratamiento-para-pacientes-oncologicos\/#primaryimage"},"thumbnailUrl":"https:\/\/noti-america.com\/site\/ecuador\/wp-content\/uploads\/sites\/18\/2021\/03\/16-mar-969a8930-b533-4950-9b97-528e819288f9.jpg","articleSection":["Uncategorized"],"inLanguage":"es","potentialAction":[{"@type":"CommentAction","name":"Comment","target":["https:\/\/noti-america.com\/site\/ecuador\/2021\/03\/16\/iess-adquirio-nuevo-equipo-de-tratamiento-para-pacientes-oncologicos\/#respond"]}]},{"@type":"WebPage","@id":"https:\/\/noti-america.com\/site\/ecuador\/2021\/03\/16\/iess-adquirio-nuevo-equipo-de-tratamiento-para-pacientes-oncologicos\/","url":"https:\/\/noti-america.com\/site\/ecuador\/2021\/03\/16\/iess-adquirio-nuevo-equipo-de-tratamiento-para-pacientes-oncologicos\/","name":"IESS adquiri\u00f3 nuevo equipo de tratamiento para pacientes oncol\u00f3gicos - Ecuador | Noti-America.com","isPartOf":{"@id":"https:\/\/noti-america.com\/site\/ecuador\/#website"},"primaryImageOfPage":{"@id":"https:\/\/noti-america.com\/site\/ecuador\/2021\/03\/16\/iess-adquirio-nuevo-equipo-de-tratamiento-para-pacientes-oncologicos\/#primaryimage"},"image":{"@id":"https:\/\/noti-america.com\/site\/ecuador\/2021\/03\/16\/iess-adquirio-nuevo-equipo-de-tratamiento-para-pacientes-oncologicos\/#primaryimage"},"thumbnailUrl":"https:\/\/noti-america.com\/site\/ecuador\/wp-content\/uploads\/sites\/18\/2021\/03\/16-mar-969a8930-b533-4950-9b97-528e819288f9.jpg","datePublished":"2021-03-16T22:02:48+00:00","breadcrumb":{"@id":"https:\/\/noti-america.com\/site\/ecuador\/2021\/03\/16\/iess-adquirio-nuevo-equipo-de-tratamiento-para-pacientes-oncologicos\/#breadcrumb"},"inLanguage":"es","potentialAction":[{"@type":"ReadAction","target":["https:\/\/noti-america.com\/site\/ecuador\/2021\/03\/16\/iess-adquirio-nuevo-equipo-de-tratamiento-para-pacientes-oncologicos\/"]}]},{"@type":"ImageObject","inLanguage":"es","@id":"https:\/\/noti-america.com\/site\/ecuador\/2021\/03\/16\/iess-adquirio-nuevo-equipo-de-tratamiento-para-pacientes-oncologicos\/#primaryimage","url":"https:\/\/noti-america.com\/site\/ecuador\/wp-content\/uploads\/sites\/18\/2021\/03\/16-mar-969a8930-b533-4950-9b97-528e819288f9.jpg","contentUrl":"https:\/\/noti-america.com\/site\/ecuador\/wp-content\/uploads\/sites\/18\/2021\/03\/16-mar-969a8930-b533-4950-9b97-528e819288f9.jpg","width":1280,"height":621},{"@type":"BreadcrumbList","@id":"https:\/\/noti-america.com\/site\/ecuador\/2021\/03\/16\/iess-adquirio-nuevo-equipo-de-tratamiento-para-pacientes-oncologicos\/#breadcrumb","itemListElement":[{"@type":"ListItem","position":1,"name":"Portada","item":"https:\/\/noti-america.com\/site\/ecuador\/"},{"@type":"ListItem","position":2,"name":"IESS adquiri\u00f3 nuevo equipo de tratamiento para pacientes oncol\u00f3gicos"}]},{"@type":"WebSite","@id":"https:\/\/noti-america.com\/site\/ecuador\/#website","url":"https:\/\/noti-america.com\/site\/ecuador\/","name":"Ecuador | Noti-America.com","description":"","publisher":{"@id":"https:\/\/noti-america.com\/site\/ecuador\/#organization"},"potentialAction":[{"@type":"SearchAction","target":{"@type":"EntryPoint","urlTemplate":"https:\/\/noti-america.com\/site\/ecuador\/?s={search_term_string}"},"query-input":{"@type":"PropertyValueSpecification","valueRequired":true,"valueName":"search_term_string"}}],"inLanguage":"es"},{"@type":"Organization","@id":"https:\/\/noti-america.com\/site\/ecuador\/#organization","name":"Noti-America LLC | Ecuador","url":"https:\/\/noti-america.com\/site\/ecuador\/","logo":{"@type":"ImageObject","inLanguage":"es","@id":"https:\/\/noti-america.com\/site\/ecuador\/#\/schema\/logo\/image\/","url":"https:\/\/noti-america.com\/site\/ecuador\/wp-content\/uploads\/sites\/18\/2020\/07\/LogoNA-4x3-1.jpg","contentUrl":"https:\/\/noti-america.com\/site\/ecuador\/wp-content\/uploads\/sites\/18\/2020\/07\/LogoNA-4x3-1.jpg","width":1236,"height":1080,"caption":"Noti-America LLC | Ecuador"},"image":{"@id":"https:\/\/noti-america.com\/site\/ecuador\/#\/schema\/logo\/image\/"},"sameAs":["https:\/\/x.com\/notiamerica"]},{"@type":"Person","@id":"https:\/\/noti-america.com\/site\/ecuador\/#\/schema\/person\/b9d1630cc6598af759d45c790a347283","name":"Henry Ortiz","image":{"@type":"ImageObject","inLanguage":"es","@id":"https:\/\/secure.gravatar.com\/avatar\/0b5407b5b302fbb6a578e625dca512ac2983ee5fa9ea941d581b83c40212e4c8?s=96&d=mm&r=g","url":"https:\/\/secure.gravatar.com\/avatar\/0b5407b5b302fbb6a578e625dca512ac2983ee5fa9ea941d581b83c40212e4c8?s=96&d=mm&r=g","contentUrl":"https:\/\/secure.gravatar.com\/avatar\/0b5407b5b302fbb6a578e625dca512ac2983ee5fa9ea941d581b83c40212e4c8?s=96&d=mm&r=g","caption":"Henry Ortiz"},"url":"https:\/\/noti-america.com\/site\/ecuador\/author\/hortiz\/"}]}},"_links":{"self":[{"href":"https:\/\/noti-america.com\/site\/ecuador\/wp-json\/wp\/v2\/posts\/13435","targetHints":{"allow":["GET"]}}],"collection":[{"href":"https:\/\/noti-america.com\/site\/ecuador\/wp-json\/wp\/v2\/posts"}],"about":[{"href":"https:\/\/noti-america.com\/site\/ecuador\/wp-json\/wp\/v2\/types\/post"}],"author":[{"embeddable":true,"href":"https:\/\/noti-america.com\/site\/ecuador\/wp-json\/wp\/v2\/users\/113"}],"replies":[{"embeddable":true,"href":"https:\/\/noti-america.com\/site\/ecuador\/wp-json\/wp\/v2\/comments?post=13435"}],"version-history":[{"count":1,"href":"https:\/\/noti-america.com\/site\/ecuador\/wp-json\/wp\/v2\/posts\/13435\/revisions"}],"predecessor-version":[{"id":13437,"href":"https:\/\/noti-america.com\/site\/ecuador\/wp-json\/wp\/v2\/posts\/13435\/revisions\/13437"}],"wp:featuredmedia":[{"embeddable":true,"href":"https:\/\/noti-america.com\/site\/ecuador\/wp-json\/wp\/v2\/media\/13436"}],"wp:attachment":[{"href":"https:\/\/noti-america.com\/site\/ecuador\/wp-json\/wp\/v2\/media?parent=13435"}],"wp:term":[{"taxonomy":"category","embeddable":true,"href":"https:\/\/noti-america.com\/site\/ecuador\/wp-json\/wp\/v2\/categories?post=13435"},{"taxonomy":"post_tag","embeddable":true,"href":"https:\/\/noti-america.com\/site\/ecuador\/wp-json\/wp\/v2\/tags?post=13435"}],"curies":[{"name":"wp","href":"https:\/\/api.w.org\/{rel}","templated":true}]}}