{"id":13381,"date":"2021-03-13T00:19:42","date_gmt":"2021-03-13T00:19:42","guid":{"rendered":"https:\/\/noti-america.com\/site\/ecuador\/?p=13381"},"modified":"2021-03-13T00:19:42","modified_gmt":"2021-03-13T00:19:42","slug":"la-crisis-carcelaria-del-ecuador-una-mirada-de-los-organismos-internacionales","status":"publish","type":"post","link":"https:\/\/noti-america.com\/site\/ecuador\/2021\/03\/13\/la-crisis-carcelaria-del-ecuador-una-mirada-de-los-organismos-internacionales\/","title":{"rendered":"La crisis carcelaria del Ecuador: una mirada de los organismos internacionales"},"content":{"rendered":"<p>REDACCI\u00d3N NOTI AM\u00c9RICA (ECUADOR)<\/p>\n<div style=\"width: 430px\" class=\"wp-caption alignleft\"><img loading=\"lazy\" decoding=\"async\" src=\"https:\/\/www.asambleanacional.gob.ec\/sites\/default\/files\/styles\/noticias\/public\/field\/imagen\/51028731708_4af6f1fc0f_c.jpg?itok=etb1PwzU\" alt=\"\" width=\"420\" height=\"237\" \/><p class=\"wp-caption-text\">An\u00e1lisis de la crisis carcelaria<\/p><\/div>\n<p style=\"text-align: justify\">El Grupo Parlamentario de los Derechos Humanos se reuni\u00f3 con el fin de abordar el problema al interior de los centros penitenciarios del pa\u00eds. La titular del ente legislativo, Doris Soliz, hizo un breve recuento sobre los hechos suscitados el pasado 23 de febrero, en donde murieron 79 privados de libertad.<\/p>\n<p style=\"text-align: justify\">As\u00ed mismo, hizo alusi\u00f3n al abuso de la prisi\u00f3n preventiva y remarc\u00f3 que cerca del 40% de personas en las c\u00e1rceles est\u00e1n en esta condici\u00f3n.<\/p>\n<p style=\"text-align: justify\">En el panel denominado \u201cLa crisis carcelaria del Ecuador: una mirada de los organismos internacionales\u201d particip\u00f3 Stuardo Ral\u00f3n, representante de la CIDH, encargado de atender a las personas privadas de la libertad, quien remarc\u00f3 que los centros carcelarios de la regi\u00f3n tienen en com\u00fan la falta de salubridad y los altos niveles de hacinamiento. En tal sentido, indic\u00f3 que es necesario proporcionar un trato humano y digno a este grupo prioritario.<\/p>\n<p style=\"text-align: justify\">En su intervenci\u00f3n, tambi\u00e9n resalt\u00f3 que es primordial revisar los recursos de la prisi\u00f3n preventiva, pues las condiciones de hacinamiento muchas veces se dan por el abuso de esta figura. As\u00ed mismo, puntualiz\u00f3 que postergar una reforma estructural de pol\u00edticas p\u00fablicas en materia carcelaria generar\u00e1 que brotes de violencia se sigan generando.<\/p>\n<p style=\"text-align: justify\">De su parte, Marco Feoli, integrante del Subcomit\u00e9 para Prevenir la Tortura de la Organizaci\u00f3n de las Naciones Unidas (ONU) asegur\u00f3 que las crisis carcelarias se suscitan por tres causas: calidad de la gesti\u00f3n penitenciaria, falta de acceso a condiciones b\u00e1sicas y variable de importaci\u00f3n.<\/p>\n<p style=\"text-align: justify\">Aderm\u00e1s, sostuvo que la violencia en los centros de privaci\u00f3n de libertad son el resultado de hacinamiento, deterioro de infraestructura, malos tratos, entre otros aspectos. En tal sentido, indic\u00f3 que los Estados deben asegurar garant\u00edas b\u00e1sicas para las personas privadas de la libertad que, en su mayor\u00eda, est\u00e1n encerrados por temas que responden a la pobreza.<\/p>\n<p style=\"text-align: justify\">Se\u00f1al\u00f3 que el poder judicial debe entender que la prisi\u00f3n preventiva ahonda el problema en las c\u00e1rceles, manifest\u00f3 que las personas deber\u00edan enfrentar los procesos en libertad. Dijo, tambi\u00e9n, que si los centros de privaci\u00f3n de libertad se llenan, el Estado pierde el control y es m\u00e1s complicado manejar las crisis.<\/p>\n<p style=\"text-align: justify\">Asamble\u00edstas y miembros de la sociedad civil presentaron varias inquietudes al expositor Feoli, entre ellas, cu\u00e1l es el modelo de gesti\u00f3n penitenciaria adecuado para manejar problemas en los centros de rehabilitaci\u00f3n, cu\u00e1les son las v\u00edas adecuadas para que los Estados cumplan con los acuerdos internacionales con los que se comprometen, qu\u00e9 mecanismos se pueden adoptar para la reinserci\u00f3n social.<\/p>\n<p style=\"text-align: justify\">En otro \u00e1mbito, se propuso establecer una hoja de ruta para llevar adelante acciones concretas de fiscalizaci\u00f3n y evaluaci\u00f3n de la aplicaci\u00f3n de las leyes en materia de protecci\u00f3n de derechos humanos. As\u00ed como establecer responsabilidades de autoridades que presuntamente violaron los derechos humanos de las personas privadas de libertad.<\/p>\n<p style=\"text-align: justify\">Feoli se\u00f1al\u00f3 que los Estados deben honrar los acuerdos firmados, pues ning\u00fan organismo reemplaza a las autoridades de un pa\u00eds, recalc\u00f3 que el rol del Subcomit\u00e9 es \u00fanicamente el acompa\u00f1amiento y la emisi\u00f3n de sugerencias.<\/p>\n<p style=\"text-align: justify\">Plante\u00f3 que generar di\u00e1logos institucionales es la clave para solventar las crisis. Indic\u00f3 que es necesario disminuir las tasas de las personas que est\u00e1n privadas de libertad en Ecuador. Sugiri\u00f3 hacer un mejor uso de la prisi\u00f3n preventiva, el 40 % es una tasa demasiado elevada.<\/p>\n<p style=\"text-align: justify\">Al finalizar el panel, el asamble\u00edsta Tito Puanchir, secretario del Grupo Parlamentario, sostuvo que debe existir voluntad pol\u00edtica de las autoridades para la protecci\u00f3n de los derechos humanos de las personas privadas de libertad. Indic\u00f3 que es necesario ampliar estas reuniones con entidades competentes en justicia como Fiscal\u00eda y Consejo de la Judicatura.<\/p>\n","protected":false},"excerpt":{"rendered":"<p>REDACCI\u00d3N NOTI AM\u00c9RICA (ECUADOR) El Grupo Parlamentario de los Derechos Humanos se reuni\u00f3 con el fin de abordar el problema al interior de los centros penitenciarios del pa\u00eds. La titular del ente legislativo, Doris&#46;&#46;&#46;<\/p>\n","protected":false},"author":17,"featured_media":13382,"comment_status":"open","ping_status":"open","sticky":false,"template":"","format":"standard","meta":{"_acf_changed":false,"om_disable_all_campaigns":false,"rop_custom_images_group":[],"rop_custom_messages_group":[],"rop_publish_now":"initial","rop_publish_now_accounts":{"twitter_242054905_242054905":""},"rop_publish_now_history":[],"rop_publish_now_status":"pending","_uf_show_specific_survey":0,"_uf_disable_surveys":false,"footnotes":""},"categories":[109],"tags":[],"class_list":["post-13381","post","type-post","status-publish","format-standard","has-post-thumbnail","hentry","category-seguridad"],"acf":[],"aioseo_notices":[],"yoast_head":"<!-- This site is optimized with the Yoast SEO Premium plugin v24.9 (Yoast SEO v27.2) - https:\/\/yoast.com\/product\/yoast-seo-premium-wordpress\/ -->\n<title>La crisis carcelaria del Ecuador: una mirada de los organismos internacionales - Ecuador | Noti-America.com<\/title>\n<meta name=\"robots\" content=\"index, follow, max-snippet:-1, max-image-preview:large, max-video-preview:-1\" \/>\n<link rel=\"canonical\" href=\"https:\/\/noti-america.com\/site\/ecuador\/2021\/03\/13\/la-crisis-carcelaria-del-ecuador-una-mirada-de-los-organismos-internacionales\/\" \/>\n<meta property=\"og:locale\" content=\"es_ES\" \/>\n<meta property=\"og:type\" content=\"article\" \/>\n<meta property=\"og:title\" content=\"La crisis carcelaria del Ecuador: una mirada de los organismos internacionales\" \/>\n<meta property=\"og:description\" content=\"REDACCI\u00d3N NOTI AM\u00c9RICA (ECUADOR) El Grupo Parlamentario de los Derechos Humanos se reuni\u00f3 con el fin de abordar el problema al interior de los centros penitenciarios del pa\u00eds. La titular del ente legislativo, Doris&#046;&#046;&#046;\" \/>\n<meta property=\"og:url\" content=\"https:\/\/noti-america.com\/site\/ecuador\/2021\/03\/13\/la-crisis-carcelaria-del-ecuador-una-mirada-de-los-organismos-internacionales\/\" \/>\n<meta property=\"og:site_name\" content=\"Ecuador | Noti-America.com\" \/>\n<meta property=\"article:published_time\" content=\"2021-03-13T00:19:42+00:00\" \/>\n<meta property=\"og:image\" content=\"https:\/\/noti-america.com\/site\/ecuador\/wp-content\/uploads\/sites\/18\/2021\/03\/analisis-de-la-crisis-carcelaria.jpg\" \/>\n\t<meta property=\"og:image:width\" content=\"420\" \/>\n\t<meta property=\"og:image:height\" content=\"237\" \/>\n\t<meta property=\"og:image:type\" content=\"image\/jpeg\" \/>\n<meta name=\"author\" content=\"Gregory Quintana Montiel\" \/>\n<meta name=\"twitter:card\" content=\"summary_large_image\" \/>\n<meta name=\"twitter:creator\" content=\"@gdgregori1\" \/>\n<meta name=\"twitter:site\" content=\"@notiamerica\" \/>\n<meta name=\"twitter:label1\" content=\"Escrito por\" \/>\n\t<meta name=\"twitter:data1\" content=\"Gregory Quintana Montiel\" \/>\n\t<meta name=\"twitter:label2\" content=\"Tiempo estimado de lectura\" \/>\n\t<meta name=\"twitter:data2\" content=\"3 minutos\" \/>\n<script type=\"application\/ld+json\" class=\"yoast-schema-graph\">{\"@context\":\"https:\/\/schema.org\",\"@graph\":[{\"@type\":\"Article\",\"@id\":\"https:\/\/noti-america.com\/site\/ecuador\/2021\/03\/13\/la-crisis-carcelaria-del-ecuador-una-mirada-de-los-organismos-internacionales\/#article\",\"isPartOf\":{\"@id\":\"https:\/\/noti-america.com\/site\/ecuador\/2021\/03\/13\/la-crisis-carcelaria-del-ecuador-una-mirada-de-los-organismos-internacionales\/\"},\"author\":{\"name\":\"Gregory Quintana Montiel\",\"@id\":\"https:\/\/noti-america.com\/site\/ecuador\/#\/schema\/person\/3b975e42f15abfe64bfe3abdd916efda\"},\"headline\":\"La crisis carcelaria del Ecuador: una mirada de los organismos internacionales\",\"datePublished\":\"2021-03-13T00:19:42+00:00\",\"mainEntityOfPage\":{\"@id\":\"https:\/\/noti-america.com\/site\/ecuador\/2021\/03\/13\/la-crisis-carcelaria-del-ecuador-una-mirada-de-los-organismos-internacionales\/\"},\"wordCount\":672,\"commentCount\":0,\"publisher\":{\"@id\":\"https:\/\/noti-america.com\/site\/ecuador\/#organization\"},\"image\":{\"@id\":\"https:\/\/noti-america.com\/site\/ecuador\/2021\/03\/13\/la-crisis-carcelaria-del-ecuador-una-mirada-de-los-organismos-internacionales\/#primaryimage\"},\"thumbnailUrl\":\"https:\/\/noti-america.com\/site\/ecuador\/wp-content\/uploads\/sites\/18\/2021\/03\/analisis-de-la-crisis-carcelaria.jpg\",\"articleSection\":[\"Seguridad\"],\"inLanguage\":\"es\",\"potentialAction\":[{\"@type\":\"CommentAction\",\"name\":\"Comment\",\"target\":[\"https:\/\/noti-america.com\/site\/ecuador\/2021\/03\/13\/la-crisis-carcelaria-del-ecuador-una-mirada-de-los-organismos-internacionales\/#respond\"]}]},{\"@type\":\"WebPage\",\"@id\":\"https:\/\/noti-america.com\/site\/ecuador\/2021\/03\/13\/la-crisis-carcelaria-del-ecuador-una-mirada-de-los-organismos-internacionales\/\",\"url\":\"https:\/\/noti-america.com\/site\/ecuador\/2021\/03\/13\/la-crisis-carcelaria-del-ecuador-una-mirada-de-los-organismos-internacionales\/\",\"name\":\"La crisis carcelaria del Ecuador: una mirada de los organismos internacionales - Ecuador | Noti-America.com\",\"isPartOf\":{\"@id\":\"https:\/\/noti-america.com\/site\/ecuador\/#website\"},\"primaryImageOfPage\":{\"@id\":\"https:\/\/noti-america.com\/site\/ecuador\/2021\/03\/13\/la-crisis-carcelaria-del-ecuador-una-mirada-de-los-organismos-internacionales\/#primaryimage\"},\"image\":{\"@id\":\"https:\/\/noti-america.com\/site\/ecuador\/2021\/03\/13\/la-crisis-carcelaria-del-ecuador-una-mirada-de-los-organismos-internacionales\/#primaryimage\"},\"thumbnailUrl\":\"https:\/\/noti-america.com\/site\/ecuador\/wp-content\/uploads\/sites\/18\/2021\/03\/analisis-de-la-crisis-carcelaria.jpg\",\"datePublished\":\"2021-03-13T00:19:42+00:00\",\"breadcrumb\":{\"@id\":\"https:\/\/noti-america.com\/site\/ecuador\/2021\/03\/13\/la-crisis-carcelaria-del-ecuador-una-mirada-de-los-organismos-internacionales\/#breadcrumb\"},\"inLanguage\":\"es\",\"potentialAction\":[{\"@type\":\"ReadAction\",\"target\":[\"https:\/\/noti-america.com\/site\/ecuador\/2021\/03\/13\/la-crisis-carcelaria-del-ecuador-una-mirada-de-los-organismos-internacionales\/\"]}]},{\"@type\":\"ImageObject\",\"inLanguage\":\"es\",\"@id\":\"https:\/\/noti-america.com\/site\/ecuador\/2021\/03\/13\/la-crisis-carcelaria-del-ecuador-una-mirada-de-los-organismos-internacionales\/#primaryimage\",\"url\":\"https:\/\/noti-america.com\/site\/ecuador\/wp-content\/uploads\/sites\/18\/2021\/03\/analisis-de-la-crisis-carcelaria.jpg\",\"contentUrl\":\"https:\/\/noti-america.com\/site\/ecuador\/wp-content\/uploads\/sites\/18\/2021\/03\/analisis-de-la-crisis-carcelaria.jpg\",\"width\":420,\"height\":237},{\"@type\":\"BreadcrumbList\",\"@id\":\"https:\/\/noti-america.com\/site\/ecuador\/2021\/03\/13\/la-crisis-carcelaria-del-ecuador-una-mirada-de-los-organismos-internacionales\/#breadcrumb\",\"itemListElement\":[{\"@type\":\"ListItem\",\"position\":1,\"name\":\"Portada\",\"item\":\"https:\/\/noti-america.com\/site\/ecuador\/\"},{\"@type\":\"ListItem\",\"position\":2,\"name\":\"La crisis carcelaria del Ecuador: una mirada de los organismos internacionales\"}]},{\"@type\":\"WebSite\",\"@id\":\"https:\/\/noti-america.com\/site\/ecuador\/#website\",\"url\":\"https:\/\/noti-america.com\/site\/ecuador\/\",\"name\":\"Ecuador | Noti-America.com\",\"description\":\"\",\"publisher\":{\"@id\":\"https:\/\/noti-america.com\/site\/ecuador\/#organization\"},\"potentialAction\":[{\"@type\":\"SearchAction\",\"target\":{\"@type\":\"EntryPoint\",\"urlTemplate\":\"https:\/\/noti-america.com\/site\/ecuador\/?s={search_term_string}\"},\"query-input\":{\"@type\":\"PropertyValueSpecification\",\"valueRequired\":true,\"valueName\":\"search_term_string\"}}],\"inLanguage\":\"es\"},{\"@type\":\"Organization\",\"@id\":\"https:\/\/noti-america.com\/site\/ecuador\/#organization\",\"name\":\"Noti-America LLC | Ecuador\",\"url\":\"https:\/\/noti-america.com\/site\/ecuador\/\",\"logo\":{\"@type\":\"ImageObject\",\"inLanguage\":\"es\",\"@id\":\"https:\/\/noti-america.com\/site\/ecuador\/#\/schema\/logo\/image\/\",\"url\":\"https:\/\/noti-america.com\/site\/ecuador\/wp-content\/uploads\/sites\/18\/2020\/07\/LogoNA-4x3-1.jpg\",\"contentUrl\":\"https:\/\/noti-america.com\/site\/ecuador\/wp-content\/uploads\/sites\/18\/2020\/07\/LogoNA-4x3-1.jpg\",\"width\":1236,\"height\":1080,\"caption\":\"Noti-America LLC | Ecuador\"},\"image\":{\"@id\":\"https:\/\/noti-america.com\/site\/ecuador\/#\/schema\/logo\/image\/\"},\"sameAs\":[\"https:\/\/x.com\/notiamerica\"]},{\"@type\":\"Person\",\"@id\":\"https:\/\/noti-america.com\/site\/ecuador\/#\/schema\/person\/3b975e42f15abfe64bfe3abdd916efda\",\"name\":\"Gregory Quintana Montiel\",\"image\":{\"@type\":\"ImageObject\",\"inLanguage\":\"es\",\"@id\":\"https:\/\/secure.gravatar.com\/avatar\/2d6b802f7720c2ec7744dcbe608cc2f3417aeb964d58b443c6d612b77531de1d?s=96&d=mm&r=g\",\"url\":\"https:\/\/secure.gravatar.com\/avatar\/2d6b802f7720c2ec7744dcbe608cc2f3417aeb964d58b443c6d612b77531de1d?s=96&d=mm&r=g\",\"contentUrl\":\"https:\/\/secure.gravatar.com\/avatar\/2d6b802f7720c2ec7744dcbe608cc2f3417aeb964d58b443c6d612b77531de1d?s=96&d=mm&r=g\",\"caption\":\"Gregory Quintana Montiel\"},\"description\":\"Licenciatura en Ciencias de la Comunicaci\u00f3n Social, egresado en la Especializaci\u00f3n Derecho Ambiental Desarrollo Sostenible y Sustentable, Miembro de la Comunidad de profesionales y experto para Latinoam\u00e9rica y el Caribe en Gesti\u00f3n por Resultado en el Desarrollo (COPLAC - GpRD) del Banco Interamericano de Desarrollo, experiencia en medios radiales y escritos.\",\"sameAs\":[\"https:\/\/x.com\/gdgregori1\",\"gquintana\"],\"url\":\"https:\/\/noti-america.com\/site\/ecuador\/author\/gquintana\/\"}]}<\/script>\n<!-- \/ Yoast SEO Premium plugin. -->","yoast_head_json":{"title":"La crisis carcelaria del Ecuador: una mirada de los organismos internacionales - Ecuador | Noti-America.com","robots":{"index":"index","follow":"follow","max-snippet":"max-snippet:-1","max-image-preview":"max-image-preview:large","max-video-preview":"max-video-preview:-1"},"canonical":"https:\/\/noti-america.com\/site\/ecuador\/2021\/03\/13\/la-crisis-carcelaria-del-ecuador-una-mirada-de-los-organismos-internacionales\/","og_locale":"es_ES","og_type":"article","og_title":"La crisis carcelaria del Ecuador: una mirada de los organismos internacionales","og_description":"REDACCI\u00d3N NOTI AM\u00c9RICA (ECUADOR) El Grupo Parlamentario de los Derechos Humanos se reuni\u00f3 con el fin de abordar el problema al interior de los centros penitenciarios del pa\u00eds. La titular del ente legislativo, Doris&#46;&#46;&#46;","og_url":"https:\/\/noti-america.com\/site\/ecuador\/2021\/03\/13\/la-crisis-carcelaria-del-ecuador-una-mirada-de-los-organismos-internacionales\/","og_site_name":"Ecuador | Noti-America.com","article_published_time":"2021-03-13T00:19:42+00:00","og_image":[{"width":420,"height":237,"url":"https:\/\/noti-america.com\/site\/ecuador\/wp-content\/uploads\/sites\/18\/2021\/03\/analisis-de-la-crisis-carcelaria.jpg","type":"image\/jpeg"}],"author":"Gregory Quintana Montiel","twitter_card":"summary_large_image","twitter_creator":"@gdgregori1","twitter_site":"@notiamerica","twitter_misc":{"Escrito por":"Gregory Quintana Montiel","Tiempo estimado de lectura":"3 minutos"},"schema":{"@context":"https:\/\/schema.org","@graph":[{"@type":"Article","@id":"https:\/\/noti-america.com\/site\/ecuador\/2021\/03\/13\/la-crisis-carcelaria-del-ecuador-una-mirada-de-los-organismos-internacionales\/#article","isPartOf":{"@id":"https:\/\/noti-america.com\/site\/ecuador\/2021\/03\/13\/la-crisis-carcelaria-del-ecuador-una-mirada-de-los-organismos-internacionales\/"},"author":{"name":"Gregory Quintana Montiel","@id":"https:\/\/noti-america.com\/site\/ecuador\/#\/schema\/person\/3b975e42f15abfe64bfe3abdd916efda"},"headline":"La crisis carcelaria del Ecuador: una mirada de los organismos internacionales","datePublished":"2021-03-13T00:19:42+00:00","mainEntityOfPage":{"@id":"https:\/\/noti-america.com\/site\/ecuador\/2021\/03\/13\/la-crisis-carcelaria-del-ecuador-una-mirada-de-los-organismos-internacionales\/"},"wordCount":672,"commentCount":0,"publisher":{"@id":"https:\/\/noti-america.com\/site\/ecuador\/#organization"},"image":{"@id":"https:\/\/noti-america.com\/site\/ecuador\/2021\/03\/13\/la-crisis-carcelaria-del-ecuador-una-mirada-de-los-organismos-internacionales\/#primaryimage"},"thumbnailUrl":"https:\/\/noti-america.com\/site\/ecuador\/wp-content\/uploads\/sites\/18\/2021\/03\/analisis-de-la-crisis-carcelaria.jpg","articleSection":["Seguridad"],"inLanguage":"es","potentialAction":[{"@type":"CommentAction","name":"Comment","target":["https:\/\/noti-america.com\/site\/ecuador\/2021\/03\/13\/la-crisis-carcelaria-del-ecuador-una-mirada-de-los-organismos-internacionales\/#respond"]}]},{"@type":"WebPage","@id":"https:\/\/noti-america.com\/site\/ecuador\/2021\/03\/13\/la-crisis-carcelaria-del-ecuador-una-mirada-de-los-organismos-internacionales\/","url":"https:\/\/noti-america.com\/site\/ecuador\/2021\/03\/13\/la-crisis-carcelaria-del-ecuador-una-mirada-de-los-organismos-internacionales\/","name":"La crisis carcelaria del Ecuador: una mirada de los organismos internacionales - Ecuador | Noti-America.com","isPartOf":{"@id":"https:\/\/noti-america.com\/site\/ecuador\/#website"},"primaryImageOfPage":{"@id":"https:\/\/noti-america.com\/site\/ecuador\/2021\/03\/13\/la-crisis-carcelaria-del-ecuador-una-mirada-de-los-organismos-internacionales\/#primaryimage"},"image":{"@id":"https:\/\/noti-america.com\/site\/ecuador\/2021\/03\/13\/la-crisis-carcelaria-del-ecuador-una-mirada-de-los-organismos-internacionales\/#primaryimage"},"thumbnailUrl":"https:\/\/noti-america.com\/site\/ecuador\/wp-content\/uploads\/sites\/18\/2021\/03\/analisis-de-la-crisis-carcelaria.jpg","datePublished":"2021-03-13T00:19:42+00:00","breadcrumb":{"@id":"https:\/\/noti-america.com\/site\/ecuador\/2021\/03\/13\/la-crisis-carcelaria-del-ecuador-una-mirada-de-los-organismos-internacionales\/#breadcrumb"},"inLanguage":"es","potentialAction":[{"@type":"ReadAction","target":["https:\/\/noti-america.com\/site\/ecuador\/2021\/03\/13\/la-crisis-carcelaria-del-ecuador-una-mirada-de-los-organismos-internacionales\/"]}]},{"@type":"ImageObject","inLanguage":"es","@id":"https:\/\/noti-america.com\/site\/ecuador\/2021\/03\/13\/la-crisis-carcelaria-del-ecuador-una-mirada-de-los-organismos-internacionales\/#primaryimage","url":"https:\/\/noti-america.com\/site\/ecuador\/wp-content\/uploads\/sites\/18\/2021\/03\/analisis-de-la-crisis-carcelaria.jpg","contentUrl":"https:\/\/noti-america.com\/site\/ecuador\/wp-content\/uploads\/sites\/18\/2021\/03\/analisis-de-la-crisis-carcelaria.jpg","width":420,"height":237},{"@type":"BreadcrumbList","@id":"https:\/\/noti-america.com\/site\/ecuador\/2021\/03\/13\/la-crisis-carcelaria-del-ecuador-una-mirada-de-los-organismos-internacionales\/#breadcrumb","itemListElement":[{"@type":"ListItem","position":1,"name":"Portada","item":"https:\/\/noti-america.com\/site\/ecuador\/"},{"@type":"ListItem","position":2,"name":"La crisis carcelaria del Ecuador: una mirada de los organismos internacionales"}]},{"@type":"WebSite","@id":"https:\/\/noti-america.com\/site\/ecuador\/#website","url":"https:\/\/noti-america.com\/site\/ecuador\/","name":"Ecuador | Noti-America.com","description":"","publisher":{"@id":"https:\/\/noti-america.com\/site\/ecuador\/#organization"},"potentialAction":[{"@type":"SearchAction","target":{"@type":"EntryPoint","urlTemplate":"https:\/\/noti-america.com\/site\/ecuador\/?s={search_term_string}"},"query-input":{"@type":"PropertyValueSpecification","valueRequired":true,"valueName":"search_term_string"}}],"inLanguage":"es"},{"@type":"Organization","@id":"https:\/\/noti-america.com\/site\/ecuador\/#organization","name":"Noti-America LLC | Ecuador","url":"https:\/\/noti-america.com\/site\/ecuador\/","logo":{"@type":"ImageObject","inLanguage":"es","@id":"https:\/\/noti-america.com\/site\/ecuador\/#\/schema\/logo\/image\/","url":"https:\/\/noti-america.com\/site\/ecuador\/wp-content\/uploads\/sites\/18\/2020\/07\/LogoNA-4x3-1.jpg","contentUrl":"https:\/\/noti-america.com\/site\/ecuador\/wp-content\/uploads\/sites\/18\/2020\/07\/LogoNA-4x3-1.jpg","width":1236,"height":1080,"caption":"Noti-America LLC | Ecuador"},"image":{"@id":"https:\/\/noti-america.com\/site\/ecuador\/#\/schema\/logo\/image\/"},"sameAs":["https:\/\/x.com\/notiamerica"]},{"@type":"Person","@id":"https:\/\/noti-america.com\/site\/ecuador\/#\/schema\/person\/3b975e42f15abfe64bfe3abdd916efda","name":"Gregory Quintana Montiel","image":{"@type":"ImageObject","inLanguage":"es","@id":"https:\/\/secure.gravatar.com\/avatar\/2d6b802f7720c2ec7744dcbe608cc2f3417aeb964d58b443c6d612b77531de1d?s=96&d=mm&r=g","url":"https:\/\/secure.gravatar.com\/avatar\/2d6b802f7720c2ec7744dcbe608cc2f3417aeb964d58b443c6d612b77531de1d?s=96&d=mm&r=g","contentUrl":"https:\/\/secure.gravatar.com\/avatar\/2d6b802f7720c2ec7744dcbe608cc2f3417aeb964d58b443c6d612b77531de1d?s=96&d=mm&r=g","caption":"Gregory Quintana Montiel"},"description":"Licenciatura en Ciencias de la Comunicaci\u00f3n Social, egresado en la Especializaci\u00f3n Derecho Ambiental Desarrollo Sostenible y Sustentable, Miembro de la Comunidad de profesionales y experto para Latinoam\u00e9rica y el Caribe en Gesti\u00f3n por Resultado en el Desarrollo (COPLAC - GpRD) del Banco Interamericano de Desarrollo, experiencia en medios radiales y escritos.","sameAs":["https:\/\/x.com\/gdgregori1","gquintana"],"url":"https:\/\/noti-america.com\/site\/ecuador\/author\/gquintana\/"}]}},"_links":{"self":[{"href":"https:\/\/noti-america.com\/site\/ecuador\/wp-json\/wp\/v2\/posts\/13381","targetHints":{"allow":["GET"]}}],"collection":[{"href":"https:\/\/noti-america.com\/site\/ecuador\/wp-json\/wp\/v2\/posts"}],"about":[{"href":"https:\/\/noti-america.com\/site\/ecuador\/wp-json\/wp\/v2\/types\/post"}],"author":[{"embeddable":true,"href":"https:\/\/noti-america.com\/site\/ecuador\/wp-json\/wp\/v2\/users\/17"}],"replies":[{"embeddable":true,"href":"https:\/\/noti-america.com\/site\/ecuador\/wp-json\/wp\/v2\/comments?post=13381"}],"version-history":[{"count":1,"href":"https:\/\/noti-america.com\/site\/ecuador\/wp-json\/wp\/v2\/posts\/13381\/revisions"}],"predecessor-version":[{"id":13383,"href":"https:\/\/noti-america.com\/site\/ecuador\/wp-json\/wp\/v2\/posts\/13381\/revisions\/13383"}],"wp:featuredmedia":[{"embeddable":true,"href":"https:\/\/noti-america.com\/site\/ecuador\/wp-json\/wp\/v2\/media\/13382"}],"wp:attachment":[{"href":"https:\/\/noti-america.com\/site\/ecuador\/wp-json\/wp\/v2\/media?parent=13381"}],"wp:term":[{"taxonomy":"category","embeddable":true,"href":"https:\/\/noti-america.com\/site\/ecuador\/wp-json\/wp\/v2\/categories?post=13381"},{"taxonomy":"post_tag","embeddable":true,"href":"https:\/\/noti-america.com\/site\/ecuador\/wp-json\/wp\/v2\/tags?post=13381"}],"curies":[{"name":"wp","href":"https:\/\/api.w.org\/{rel}","templated":true}]}}