{"id":13362,"date":"2021-03-10T02:33:31","date_gmt":"2021-03-10T02:33:31","guid":{"rendered":"https:\/\/noti-america.com\/site\/ecuador\/?p=13362"},"modified":"2021-03-10T02:33:31","modified_gmt":"2021-03-10T02:33:31","slug":"el-proyecto-de-reformas-a-la-loei-modifica-alrededor-del-80-de-la-normativa-vigente","status":"publish","type":"post","link":"https:\/\/noti-america.com\/site\/ecuador\/2021\/03\/10\/el-proyecto-de-reformas-a-la-loei-modifica-alrededor-del-80-de-la-normativa-vigente\/","title":{"rendered":"El proyecto de reformas a la LOEI modifica alrededor del 80 % de la normativa vigente"},"content":{"rendered":"<p>REDACCI\u00d3N NOTI AM\u00c9RICA (ECUADOR)<\/p>\n<div style=\"width: 430px\" class=\"wp-caption alignleft\"><img loading=\"lazy\" decoding=\"async\" src=\"https:\/\/www.asambleanacional.gob.ec\/sites\/default\/files\/styles\/noticias\/public\/field\/imagen\/whatsapp_image_2021-03-09_at_16.07.06.jpeg?itok=hlkqjVeU\" alt=\"Pleno 692, reforma LOEI, aprobada\" width=\"420\" height=\"280\" \/><p class=\"wp-caption-text\">Pleno 692, reforma LOEI, aprobada<\/p><\/div>\n<p style=\"text-align: justify\">Con 126 votos afirmativos, el Parlamento ecuatoriano, aprob\u00f3 el proyecto de reformas a la Ley Org\u00e1nica de Educaci\u00f3n Intercultural (LOEI), sobre la base del texto final que prepar\u00f3 la Comisi\u00f3n de Educaci\u00f3n, para cuyo efecto recogi\u00f3 las m\u00faltiples observaciones que formularon los parlamentarios en las tres jornadas de debate de la propuesta.<\/p>\n<p style=\"text-align: justify\">El legislador Jimmy Candell, titular de la mesa de Educaci\u00f3n, destac\u00f3 que el proyecto le apuesta a una educaci\u00f3n de calidad, calidez e incluyente, apegado a la realidad nacional en favor de ni\u00f1os, ni\u00f1as y adolescentes, bajo el concepto de que es el \u00fanico camino para que se mantengan alejados de vicios y de la violencia de las calles.<\/p>\n<p style=\"text-align: justify\">Insisti\u00f3 que el documento fue definido y consensuado con padres de familia, alumnos, organizaciones sociales, profesores, entidades internacionales, eliminando cualquier aspecto que represente un retroceso. En todo momento, se ha tenido presente la interculturalidad y los saberes de pueblos, comunidades y nacionalidades, al igual que la Etnoeducaci\u00f3n, dijo, al puntualizar que se afianzan los derechos laborales de los maestros.<\/p>\n<p style=\"text-align: justify\">El presidente de la Asamblea, C\u00e9sar Litardo Caicedo, mencion\u00f3 que el proyecto de reformas a la LOEI es el resultado de una amplia capacidad de debate y socializaci\u00f3n, que redundar\u00e1 en beneficio de un importante grupo poblacional y del pa\u00eds en su conjunto. Hoy ha sido un d\u00eda hist\u00f3rico, subray\u00f3.<\/p>\n<p style=\"text-align: justify\">Esta reforma integral modifica alrededor del 80 % de la normativa vigente, que rige desde marzo de 2011; contiene 141 art\u00edculos, 18 disposiciones generales, 45 disposiciones transitorias, seis disposiciones reformatorias (a la Ley de Seguridad Social, C\u00f3digo de Planificaci\u00f3n y Finanzas P\u00fablicas, Cootad y Ley Humanitaria) \u00a0y una disposici\u00f3n final.<\/p>\n<p style=\"text-align: justify\">Tiene por objeto normar el Sistema Nacional de Educacio\u0301n con una visio\u0301n intercultural y plurinacional acorde con la diversidad geogra\u0301fica, cultural y lingu\u0308i\u0301stica del pai\u0301s y con total respeto a los derechos de las comunidades, pueblos y nacionalidades.<\/p>\n<p style=\"text-align: justify\">El Sistema Nacional de Educacio\u0301n se articula a las instancias de proteccio\u0301n integral de derechos, salud, gestio\u0301n de riesgos, cultura fi\u0301sica y deporte, arte, cultura e informacio\u0301n, ciencia, tecnologi\u0301a, innovacio\u0301n y saberes ancestrales, asi\u0301 como de la produccio\u0301n.<\/p>\n<p style=\"text-align: justify\">El proyecto se enfoca, fundamentalmente, en establecer una cultura de paz y mecanismos eficaces de proteccio\u0301n de derechos ante la violencia en los contextos educativos; garantizar la inclusio\u0301n de todas las personas en el Sistema; articulacio\u0301n interinstitucional para el proceso educativo.<\/p>\n<p style=\"text-align: justify\">Adem\u00e1s, busca desarrollar capacidades y competencias; concientizar sobre la corresponsabilidad; garantizar la sostenibilidad financiera del Sistema y la revalorizacio\u0301n de los docentes.<\/p>\n<p style=\"text-align: justify\">Se determina que el Estado tiene la obligacio\u0301n ineludible e inexcusable de garantizar el derecho a la educacio\u0301n de todos los habitantes del territorio ecuatoriano y de los ecuatorianos en el exterior; as\u00ed como, el acceso universal a lo largo de su vida, para lo cual generara\u0301 las condiciones que garanticen la igualdad de oportunidades para acceder, permanecer, movilizarse y culminar los servicios educativos.<\/p>\n<p style=\"text-align: justify\">El Sistema de Protecci\u00f3n en las Instituciones Educativas, que tendr\u00e1 un enfoque preventivo, priorizar\u00e1 el inter\u00e9s superior de nin\u0303as, nin\u0303os y adolescentes; la reparacio\u0301n integral de vi\u0301ctimas; la eliminacio\u0301n de la violencia escolar, acoso escolar, hostigamiento acade\u0301mico y conflicto escolar.<\/p>\n<p style=\"text-align: justify\">Para reforzar esta protecci\u00f3n, se dispone la creacio\u0301n del Departamento de Consejer\u00eda Estudiantil en las instituciones educativas; implementaci\u00f3n del Plan Nacional de Erradicacio\u0301n de Violencia en el Contexto Educativo. La Autoridad Educativa Nacional desarrollar\u00e1 mecanismos administrativos de prevencio\u0301n de la violencia en el \u00e1mbito educativo; y como parte del Sistema de Proteccio\u0301n, se implementara\u0301n las Juntas Distritales de Solucio\u0301n de Conflictos.<\/p>\n<p style=\"text-align: justify\">Se garantiza los derechos de los docentes del sector p\u00fablico, a trav\u00e9s del mejoramiento en los procesos de promoci\u00f3n, de la jornada laboral, concursos de m\u00e9ritos y oposici\u00f3n, y las escalas remunerativas. El sueldo de un maestro arrancar\u00e1 inicialmente de 2.5 salarios b\u00e1sicos unificados, lo que equivale a un valor de 1000 d\u00f3lares.<\/p>\n<p style=\"text-align: justify\">La orientaci\u00f3n vocacional y profesional ser\u00e1 una gu\u00eda para el camino de la Educaci\u00f3n Superior, labor que sera\u0301 apoyada por los Departamentos de Consejeri\u0301a Estudiantil.<\/p>\n<p style=\"text-align: justify\">La Educaci\u00f3n Intercultural Biling\u00fce forma parte del Sistema Nacional de Educaci\u00f3n, misma que fomentar\u00e1 la interculturalidad y la plurinacionalidad. La Etnoeducaci\u00f3n est\u00e1 enfocada en el fortalecimiento de la cultura afroecuatoriano, ind\u00edgena y montuvia.<\/p>\n<p style=\"text-align: justify\">Se establece el bachillerato complementario en artes; se hace justicia con los educadores populares o comunitarios en su lucha por acceder a los beneficios de la seguridad social; y fortalece la gesti\u00f3n de las bibliotecas escolares como pol\u00edtica estatal.<\/p>\n","protected":false},"excerpt":{"rendered":"<p>REDACCI\u00d3N NOTI AM\u00c9RICA (ECUADOR) Con 126 votos afirmativos, el Parlamento ecuatoriano, aprob\u00f3 el proyecto de reformas a la Ley Org\u00e1nica de Educaci\u00f3n Intercultural (LOEI), sobre la base del texto final que prepar\u00f3 la Comisi\u00f3n&#46;&#46;&#46;<\/p>\n","protected":false},"author":17,"featured_media":13363,"comment_status":"open","ping_status":"open","sticky":false,"template":"","format":"standard","meta":{"_acf_changed":false,"om_disable_all_campaigns":false,"rop_custom_images_group":[],"rop_custom_messages_group":[],"rop_publish_now":"initial","rop_publish_now_accounts":{"twitter_242054905_242054905":""},"rop_publish_now_history":[],"rop_publish_now_status":"pending","_uf_show_specific_survey":0,"_uf_disable_surveys":false,"footnotes":""},"categories":[103],"tags":[],"class_list":["post-13362","post","type-post","status-publish","format-standard","has-post-thumbnail","hentry","category-educacion"],"acf":[],"aioseo_notices":[],"yoast_head":"<!-- This site is optimized with the Yoast SEO Premium plugin v24.9 (Yoast SEO v27.2) - https:\/\/yoast.com\/product\/yoast-seo-premium-wordpress\/ -->\n<title>El proyecto de reformas a la LOEI modifica alrededor del 80 % de la normativa vigente - Ecuador | Noti-America.com<\/title>\n<meta name=\"robots\" content=\"index, follow, max-snippet:-1, max-image-preview:large, max-video-preview:-1\" \/>\n<link rel=\"canonical\" href=\"https:\/\/noti-america.com\/site\/ecuador\/2021\/03\/10\/el-proyecto-de-reformas-a-la-loei-modifica-alrededor-del-80-de-la-normativa-vigente\/\" \/>\n<meta property=\"og:locale\" content=\"es_ES\" \/>\n<meta property=\"og:type\" content=\"article\" \/>\n<meta property=\"og:title\" content=\"El proyecto de reformas a la LOEI modifica alrededor del 80 % de la normativa vigente\" \/>\n<meta property=\"og:description\" content=\"REDACCI\u00d3N NOTI AM\u00c9RICA (ECUADOR) Con 126 votos afirmativos, el Parlamento ecuatoriano, aprob\u00f3 el proyecto de reformas a la Ley Org\u00e1nica de Educaci\u00f3n Intercultural (LOEI), sobre la base del texto final que prepar\u00f3 la Comisi\u00f3n&#046;&#046;&#046;\" \/>\n<meta property=\"og:url\" content=\"https:\/\/noti-america.com\/site\/ecuador\/2021\/03\/10\/el-proyecto-de-reformas-a-la-loei-modifica-alrededor-del-80-de-la-normativa-vigente\/\" \/>\n<meta property=\"og:site_name\" content=\"Ecuador | Noti-America.com\" \/>\n<meta property=\"article:published_time\" content=\"2021-03-10T02:33:31+00:00\" \/>\n<meta property=\"og:image\" content=\"https:\/\/noti-america.com\/site\/ecuador\/wp-content\/uploads\/sites\/18\/2021\/03\/Reforma-a-la-LOEI.jpeg\" \/>\n\t<meta property=\"og:image:width\" content=\"420\" \/>\n\t<meta property=\"og:image:height\" content=\"280\" \/>\n\t<meta property=\"og:image:type\" content=\"image\/jpeg\" \/>\n<meta name=\"author\" content=\"Gregory Quintana Montiel\" \/>\n<meta name=\"twitter:card\" content=\"summary_large_image\" \/>\n<meta name=\"twitter:creator\" content=\"@gdgregori1\" \/>\n<meta name=\"twitter:site\" content=\"@notiamerica\" \/>\n<meta name=\"twitter:label1\" content=\"Escrito por\" \/>\n\t<meta name=\"twitter:data1\" content=\"Gregory Quintana Montiel\" \/>\n\t<meta name=\"twitter:label2\" content=\"Tiempo estimado de lectura\" \/>\n\t<meta name=\"twitter:data2\" content=\"4 minutos\" \/>\n<script type=\"application\/ld+json\" class=\"yoast-schema-graph\">{\"@context\":\"https:\/\/schema.org\",\"@graph\":[{\"@type\":\"Article\",\"@id\":\"https:\/\/noti-america.com\/site\/ecuador\/2021\/03\/10\/el-proyecto-de-reformas-a-la-loei-modifica-alrededor-del-80-de-la-normativa-vigente\/#article\",\"isPartOf\":{\"@id\":\"https:\/\/noti-america.com\/site\/ecuador\/2021\/03\/10\/el-proyecto-de-reformas-a-la-loei-modifica-alrededor-del-80-de-la-normativa-vigente\/\"},\"author\":{\"name\":\"Gregory Quintana Montiel\",\"@id\":\"https:\/\/noti-america.com\/site\/ecuador\/#\/schema\/person\/3b975e42f15abfe64bfe3abdd916efda\"},\"headline\":\"El proyecto de reformas a la LOEI modifica alrededor del 80 % de la normativa vigente\",\"datePublished\":\"2021-03-10T02:33:31+00:00\",\"mainEntityOfPage\":{\"@id\":\"https:\/\/noti-america.com\/site\/ecuador\/2021\/03\/10\/el-proyecto-de-reformas-a-la-loei-modifica-alrededor-del-80-de-la-normativa-vigente\/\"},\"wordCount\":821,\"commentCount\":0,\"publisher\":{\"@id\":\"https:\/\/noti-america.com\/site\/ecuador\/#organization\"},\"image\":{\"@id\":\"https:\/\/noti-america.com\/site\/ecuador\/2021\/03\/10\/el-proyecto-de-reformas-a-la-loei-modifica-alrededor-del-80-de-la-normativa-vigente\/#primaryimage\"},\"thumbnailUrl\":\"https:\/\/noti-america.com\/site\/ecuador\/wp-content\/uploads\/sites\/18\/2021\/03\/Reforma-a-la-LOEI.jpeg\",\"articleSection\":[\"Educaci\u00f3n\"],\"inLanguage\":\"es\",\"potentialAction\":[{\"@type\":\"CommentAction\",\"name\":\"Comment\",\"target\":[\"https:\/\/noti-america.com\/site\/ecuador\/2021\/03\/10\/el-proyecto-de-reformas-a-la-loei-modifica-alrededor-del-80-de-la-normativa-vigente\/#respond\"]}]},{\"@type\":\"WebPage\",\"@id\":\"https:\/\/noti-america.com\/site\/ecuador\/2021\/03\/10\/el-proyecto-de-reformas-a-la-loei-modifica-alrededor-del-80-de-la-normativa-vigente\/\",\"url\":\"https:\/\/noti-america.com\/site\/ecuador\/2021\/03\/10\/el-proyecto-de-reformas-a-la-loei-modifica-alrededor-del-80-de-la-normativa-vigente\/\",\"name\":\"El proyecto de reformas a la LOEI modifica alrededor del 80 % de la normativa vigente - Ecuador | Noti-America.com\",\"isPartOf\":{\"@id\":\"https:\/\/noti-america.com\/site\/ecuador\/#website\"},\"primaryImageOfPage\":{\"@id\":\"https:\/\/noti-america.com\/site\/ecuador\/2021\/03\/10\/el-proyecto-de-reformas-a-la-loei-modifica-alrededor-del-80-de-la-normativa-vigente\/#primaryimage\"},\"image\":{\"@id\":\"https:\/\/noti-america.com\/site\/ecuador\/2021\/03\/10\/el-proyecto-de-reformas-a-la-loei-modifica-alrededor-del-80-de-la-normativa-vigente\/#primaryimage\"},\"thumbnailUrl\":\"https:\/\/noti-america.com\/site\/ecuador\/wp-content\/uploads\/sites\/18\/2021\/03\/Reforma-a-la-LOEI.jpeg\",\"datePublished\":\"2021-03-10T02:33:31+00:00\",\"breadcrumb\":{\"@id\":\"https:\/\/noti-america.com\/site\/ecuador\/2021\/03\/10\/el-proyecto-de-reformas-a-la-loei-modifica-alrededor-del-80-de-la-normativa-vigente\/#breadcrumb\"},\"inLanguage\":\"es\",\"potentialAction\":[{\"@type\":\"ReadAction\",\"target\":[\"https:\/\/noti-america.com\/site\/ecuador\/2021\/03\/10\/el-proyecto-de-reformas-a-la-loei-modifica-alrededor-del-80-de-la-normativa-vigente\/\"]}]},{\"@type\":\"ImageObject\",\"inLanguage\":\"es\",\"@id\":\"https:\/\/noti-america.com\/site\/ecuador\/2021\/03\/10\/el-proyecto-de-reformas-a-la-loei-modifica-alrededor-del-80-de-la-normativa-vigente\/#primaryimage\",\"url\":\"https:\/\/noti-america.com\/site\/ecuador\/wp-content\/uploads\/sites\/18\/2021\/03\/Reforma-a-la-LOEI.jpeg\",\"contentUrl\":\"https:\/\/noti-america.com\/site\/ecuador\/wp-content\/uploads\/sites\/18\/2021\/03\/Reforma-a-la-LOEI.jpeg\",\"width\":420,\"height\":280},{\"@type\":\"BreadcrumbList\",\"@id\":\"https:\/\/noti-america.com\/site\/ecuador\/2021\/03\/10\/el-proyecto-de-reformas-a-la-loei-modifica-alrededor-del-80-de-la-normativa-vigente\/#breadcrumb\",\"itemListElement\":[{\"@type\":\"ListItem\",\"position\":1,\"name\":\"Portada\",\"item\":\"https:\/\/noti-america.com\/site\/ecuador\/\"},{\"@type\":\"ListItem\",\"position\":2,\"name\":\"El proyecto de reformas a la LOEI modifica alrededor del 80 % de la normativa vigente\"}]},{\"@type\":\"WebSite\",\"@id\":\"https:\/\/noti-america.com\/site\/ecuador\/#website\",\"url\":\"https:\/\/noti-america.com\/site\/ecuador\/\",\"name\":\"Ecuador | Noti-America.com\",\"description\":\"\",\"publisher\":{\"@id\":\"https:\/\/noti-america.com\/site\/ecuador\/#organization\"},\"potentialAction\":[{\"@type\":\"SearchAction\",\"target\":{\"@type\":\"EntryPoint\",\"urlTemplate\":\"https:\/\/noti-america.com\/site\/ecuador\/?s={search_term_string}\"},\"query-input\":{\"@type\":\"PropertyValueSpecification\",\"valueRequired\":true,\"valueName\":\"search_term_string\"}}],\"inLanguage\":\"es\"},{\"@type\":\"Organization\",\"@id\":\"https:\/\/noti-america.com\/site\/ecuador\/#organization\",\"name\":\"Noti-America LLC | Ecuador\",\"url\":\"https:\/\/noti-america.com\/site\/ecuador\/\",\"logo\":{\"@type\":\"ImageObject\",\"inLanguage\":\"es\",\"@id\":\"https:\/\/noti-america.com\/site\/ecuador\/#\/schema\/logo\/image\/\",\"url\":\"https:\/\/noti-america.com\/site\/ecuador\/wp-content\/uploads\/sites\/18\/2020\/07\/LogoNA-4x3-1.jpg\",\"contentUrl\":\"https:\/\/noti-america.com\/site\/ecuador\/wp-content\/uploads\/sites\/18\/2020\/07\/LogoNA-4x3-1.jpg\",\"width\":1236,\"height\":1080,\"caption\":\"Noti-America LLC | Ecuador\"},\"image\":{\"@id\":\"https:\/\/noti-america.com\/site\/ecuador\/#\/schema\/logo\/image\/\"},\"sameAs\":[\"https:\/\/x.com\/notiamerica\"]},{\"@type\":\"Person\",\"@id\":\"https:\/\/noti-america.com\/site\/ecuador\/#\/schema\/person\/3b975e42f15abfe64bfe3abdd916efda\",\"name\":\"Gregory Quintana Montiel\",\"image\":{\"@type\":\"ImageObject\",\"inLanguage\":\"es\",\"@id\":\"https:\/\/secure.gravatar.com\/avatar\/2d6b802f7720c2ec7744dcbe608cc2f3417aeb964d58b443c6d612b77531de1d?s=96&d=mm&r=g\",\"url\":\"https:\/\/secure.gravatar.com\/avatar\/2d6b802f7720c2ec7744dcbe608cc2f3417aeb964d58b443c6d612b77531de1d?s=96&d=mm&r=g\",\"contentUrl\":\"https:\/\/secure.gravatar.com\/avatar\/2d6b802f7720c2ec7744dcbe608cc2f3417aeb964d58b443c6d612b77531de1d?s=96&d=mm&r=g\",\"caption\":\"Gregory Quintana Montiel\"},\"description\":\"Licenciatura en Ciencias de la Comunicaci\u00f3n Social, egresado en la Especializaci\u00f3n Derecho Ambiental Desarrollo Sostenible y Sustentable, Miembro de la Comunidad de profesionales y experto para Latinoam\u00e9rica y el Caribe en Gesti\u00f3n por Resultado en el Desarrollo (COPLAC - GpRD) del Banco Interamericano de Desarrollo, experiencia en medios radiales y escritos.\",\"sameAs\":[\"https:\/\/x.com\/gdgregori1\",\"gquintana\"],\"url\":\"https:\/\/noti-america.com\/site\/ecuador\/author\/gquintana\/\"}]}<\/script>\n<!-- \/ Yoast SEO Premium plugin. -->","yoast_head_json":{"title":"El proyecto de reformas a la LOEI modifica alrededor del 80 % de la normativa vigente - Ecuador | Noti-America.com","robots":{"index":"index","follow":"follow","max-snippet":"max-snippet:-1","max-image-preview":"max-image-preview:large","max-video-preview":"max-video-preview:-1"},"canonical":"https:\/\/noti-america.com\/site\/ecuador\/2021\/03\/10\/el-proyecto-de-reformas-a-la-loei-modifica-alrededor-del-80-de-la-normativa-vigente\/","og_locale":"es_ES","og_type":"article","og_title":"El proyecto de reformas a la LOEI modifica alrededor del 80 % de la normativa vigente","og_description":"REDACCI\u00d3N NOTI AM\u00c9RICA (ECUADOR) Con 126 votos afirmativos, el Parlamento ecuatoriano, aprob\u00f3 el proyecto de reformas a la Ley Org\u00e1nica de Educaci\u00f3n Intercultural (LOEI), sobre la base del texto final que prepar\u00f3 la Comisi\u00f3n&#46;&#46;&#46;","og_url":"https:\/\/noti-america.com\/site\/ecuador\/2021\/03\/10\/el-proyecto-de-reformas-a-la-loei-modifica-alrededor-del-80-de-la-normativa-vigente\/","og_site_name":"Ecuador | Noti-America.com","article_published_time":"2021-03-10T02:33:31+00:00","og_image":[{"width":420,"height":280,"url":"https:\/\/noti-america.com\/site\/ecuador\/wp-content\/uploads\/sites\/18\/2021\/03\/Reforma-a-la-LOEI.jpeg","type":"image\/jpeg"}],"author":"Gregory Quintana Montiel","twitter_card":"summary_large_image","twitter_creator":"@gdgregori1","twitter_site":"@notiamerica","twitter_misc":{"Escrito por":"Gregory Quintana Montiel","Tiempo estimado de lectura":"4 minutos"},"schema":{"@context":"https:\/\/schema.org","@graph":[{"@type":"Article","@id":"https:\/\/noti-america.com\/site\/ecuador\/2021\/03\/10\/el-proyecto-de-reformas-a-la-loei-modifica-alrededor-del-80-de-la-normativa-vigente\/#article","isPartOf":{"@id":"https:\/\/noti-america.com\/site\/ecuador\/2021\/03\/10\/el-proyecto-de-reformas-a-la-loei-modifica-alrededor-del-80-de-la-normativa-vigente\/"},"author":{"name":"Gregory Quintana Montiel","@id":"https:\/\/noti-america.com\/site\/ecuador\/#\/schema\/person\/3b975e42f15abfe64bfe3abdd916efda"},"headline":"El proyecto de reformas a la LOEI modifica alrededor del 80 % de la normativa vigente","datePublished":"2021-03-10T02:33:31+00:00","mainEntityOfPage":{"@id":"https:\/\/noti-america.com\/site\/ecuador\/2021\/03\/10\/el-proyecto-de-reformas-a-la-loei-modifica-alrededor-del-80-de-la-normativa-vigente\/"},"wordCount":821,"commentCount":0,"publisher":{"@id":"https:\/\/noti-america.com\/site\/ecuador\/#organization"},"image":{"@id":"https:\/\/noti-america.com\/site\/ecuador\/2021\/03\/10\/el-proyecto-de-reformas-a-la-loei-modifica-alrededor-del-80-de-la-normativa-vigente\/#primaryimage"},"thumbnailUrl":"https:\/\/noti-america.com\/site\/ecuador\/wp-content\/uploads\/sites\/18\/2021\/03\/Reforma-a-la-LOEI.jpeg","articleSection":["Educaci\u00f3n"],"inLanguage":"es","potentialAction":[{"@type":"CommentAction","name":"Comment","target":["https:\/\/noti-america.com\/site\/ecuador\/2021\/03\/10\/el-proyecto-de-reformas-a-la-loei-modifica-alrededor-del-80-de-la-normativa-vigente\/#respond"]}]},{"@type":"WebPage","@id":"https:\/\/noti-america.com\/site\/ecuador\/2021\/03\/10\/el-proyecto-de-reformas-a-la-loei-modifica-alrededor-del-80-de-la-normativa-vigente\/","url":"https:\/\/noti-america.com\/site\/ecuador\/2021\/03\/10\/el-proyecto-de-reformas-a-la-loei-modifica-alrededor-del-80-de-la-normativa-vigente\/","name":"El proyecto de reformas a la LOEI modifica alrededor del 80 % de la normativa vigente - Ecuador | Noti-America.com","isPartOf":{"@id":"https:\/\/noti-america.com\/site\/ecuador\/#website"},"primaryImageOfPage":{"@id":"https:\/\/noti-america.com\/site\/ecuador\/2021\/03\/10\/el-proyecto-de-reformas-a-la-loei-modifica-alrededor-del-80-de-la-normativa-vigente\/#primaryimage"},"image":{"@id":"https:\/\/noti-america.com\/site\/ecuador\/2021\/03\/10\/el-proyecto-de-reformas-a-la-loei-modifica-alrededor-del-80-de-la-normativa-vigente\/#primaryimage"},"thumbnailUrl":"https:\/\/noti-america.com\/site\/ecuador\/wp-content\/uploads\/sites\/18\/2021\/03\/Reforma-a-la-LOEI.jpeg","datePublished":"2021-03-10T02:33:31+00:00","breadcrumb":{"@id":"https:\/\/noti-america.com\/site\/ecuador\/2021\/03\/10\/el-proyecto-de-reformas-a-la-loei-modifica-alrededor-del-80-de-la-normativa-vigente\/#breadcrumb"},"inLanguage":"es","potentialAction":[{"@type":"ReadAction","target":["https:\/\/noti-america.com\/site\/ecuador\/2021\/03\/10\/el-proyecto-de-reformas-a-la-loei-modifica-alrededor-del-80-de-la-normativa-vigente\/"]}]},{"@type":"ImageObject","inLanguage":"es","@id":"https:\/\/noti-america.com\/site\/ecuador\/2021\/03\/10\/el-proyecto-de-reformas-a-la-loei-modifica-alrededor-del-80-de-la-normativa-vigente\/#primaryimage","url":"https:\/\/noti-america.com\/site\/ecuador\/wp-content\/uploads\/sites\/18\/2021\/03\/Reforma-a-la-LOEI.jpeg","contentUrl":"https:\/\/noti-america.com\/site\/ecuador\/wp-content\/uploads\/sites\/18\/2021\/03\/Reforma-a-la-LOEI.jpeg","width":420,"height":280},{"@type":"BreadcrumbList","@id":"https:\/\/noti-america.com\/site\/ecuador\/2021\/03\/10\/el-proyecto-de-reformas-a-la-loei-modifica-alrededor-del-80-de-la-normativa-vigente\/#breadcrumb","itemListElement":[{"@type":"ListItem","position":1,"name":"Portada","item":"https:\/\/noti-america.com\/site\/ecuador\/"},{"@type":"ListItem","position":2,"name":"El proyecto de reformas a la LOEI modifica alrededor del 80 % de la normativa vigente"}]},{"@type":"WebSite","@id":"https:\/\/noti-america.com\/site\/ecuador\/#website","url":"https:\/\/noti-america.com\/site\/ecuador\/","name":"Ecuador | Noti-America.com","description":"","publisher":{"@id":"https:\/\/noti-america.com\/site\/ecuador\/#organization"},"potentialAction":[{"@type":"SearchAction","target":{"@type":"EntryPoint","urlTemplate":"https:\/\/noti-america.com\/site\/ecuador\/?s={search_term_string}"},"query-input":{"@type":"PropertyValueSpecification","valueRequired":true,"valueName":"search_term_string"}}],"inLanguage":"es"},{"@type":"Organization","@id":"https:\/\/noti-america.com\/site\/ecuador\/#organization","name":"Noti-America LLC | Ecuador","url":"https:\/\/noti-america.com\/site\/ecuador\/","logo":{"@type":"ImageObject","inLanguage":"es","@id":"https:\/\/noti-america.com\/site\/ecuador\/#\/schema\/logo\/image\/","url":"https:\/\/noti-america.com\/site\/ecuador\/wp-content\/uploads\/sites\/18\/2020\/07\/LogoNA-4x3-1.jpg","contentUrl":"https:\/\/noti-america.com\/site\/ecuador\/wp-content\/uploads\/sites\/18\/2020\/07\/LogoNA-4x3-1.jpg","width":1236,"height":1080,"caption":"Noti-America LLC | Ecuador"},"image":{"@id":"https:\/\/noti-america.com\/site\/ecuador\/#\/schema\/logo\/image\/"},"sameAs":["https:\/\/x.com\/notiamerica"]},{"@type":"Person","@id":"https:\/\/noti-america.com\/site\/ecuador\/#\/schema\/person\/3b975e42f15abfe64bfe3abdd916efda","name":"Gregory Quintana Montiel","image":{"@type":"ImageObject","inLanguage":"es","@id":"https:\/\/secure.gravatar.com\/avatar\/2d6b802f7720c2ec7744dcbe608cc2f3417aeb964d58b443c6d612b77531de1d?s=96&d=mm&r=g","url":"https:\/\/secure.gravatar.com\/avatar\/2d6b802f7720c2ec7744dcbe608cc2f3417aeb964d58b443c6d612b77531de1d?s=96&d=mm&r=g","contentUrl":"https:\/\/secure.gravatar.com\/avatar\/2d6b802f7720c2ec7744dcbe608cc2f3417aeb964d58b443c6d612b77531de1d?s=96&d=mm&r=g","caption":"Gregory Quintana Montiel"},"description":"Licenciatura en Ciencias de la Comunicaci\u00f3n Social, egresado en la Especializaci\u00f3n Derecho Ambiental Desarrollo Sostenible y Sustentable, Miembro de la Comunidad de profesionales y experto para Latinoam\u00e9rica y el Caribe en Gesti\u00f3n por Resultado en el Desarrollo (COPLAC - GpRD) del Banco Interamericano de Desarrollo, experiencia en medios radiales y escritos.","sameAs":["https:\/\/x.com\/gdgregori1","gquintana"],"url":"https:\/\/noti-america.com\/site\/ecuador\/author\/gquintana\/"}]}},"_links":{"self":[{"href":"https:\/\/noti-america.com\/site\/ecuador\/wp-json\/wp\/v2\/posts\/13362","targetHints":{"allow":["GET"]}}],"collection":[{"href":"https:\/\/noti-america.com\/site\/ecuador\/wp-json\/wp\/v2\/posts"}],"about":[{"href":"https:\/\/noti-america.com\/site\/ecuador\/wp-json\/wp\/v2\/types\/post"}],"author":[{"embeddable":true,"href":"https:\/\/noti-america.com\/site\/ecuador\/wp-json\/wp\/v2\/users\/17"}],"replies":[{"embeddable":true,"href":"https:\/\/noti-america.com\/site\/ecuador\/wp-json\/wp\/v2\/comments?post=13362"}],"version-history":[{"count":1,"href":"https:\/\/noti-america.com\/site\/ecuador\/wp-json\/wp\/v2\/posts\/13362\/revisions"}],"predecessor-version":[{"id":13364,"href":"https:\/\/noti-america.com\/site\/ecuador\/wp-json\/wp\/v2\/posts\/13362\/revisions\/13364"}],"wp:featuredmedia":[{"embeddable":true,"href":"https:\/\/noti-america.com\/site\/ecuador\/wp-json\/wp\/v2\/media\/13363"}],"wp:attachment":[{"href":"https:\/\/noti-america.com\/site\/ecuador\/wp-json\/wp\/v2\/media?parent=13362"}],"wp:term":[{"taxonomy":"category","embeddable":true,"href":"https:\/\/noti-america.com\/site\/ecuador\/wp-json\/wp\/v2\/categories?post=13362"},{"taxonomy":"post_tag","embeddable":true,"href":"https:\/\/noti-america.com\/site\/ecuador\/wp-json\/wp\/v2\/tags?post=13362"}],"curies":[{"name":"wp","href":"https:\/\/api.w.org\/{rel}","templated":true}]}}