{"id":13028,"date":"2021-02-13T15:59:27","date_gmt":"2021-02-13T15:59:27","guid":{"rendered":"https:\/\/noti-america.com\/site\/ecuador\/?p=13028"},"modified":"2021-02-13T15:59:27","modified_gmt":"2021-02-13T15:59:27","slug":"ayuntamiento-de-guayaquil-capacito-a-26-emprendedores-de-la-isla-trinitaria","status":"publish","type":"post","link":"https:\/\/noti-america.com\/site\/ecuador\/2021\/02\/13\/ayuntamiento-de-guayaquil-capacito-a-26-emprendedores-de-la-isla-trinitaria\/","title":{"rendered":"Ayuntamiento de Guayaquil capacit\u00f3 a 26 emprendedores de la Isla Trinitaria"},"content":{"rendered":"<p><strong>REDACCI\u00d3N NOTI AM\u00c9RICA (ECUADOR)<\/strong><\/p>\n<div id=\"attachment_13029\" style=\"width: 680px\" class=\"wp-caption aligncenter\"><img loading=\"lazy\" decoding=\"async\" aria-describedby=\"caption-attachment-13029\" class=\"wp-image-13029\" src=\"https:\/\/noti-america.com\/site\/ecuador\/wp-content\/uploads\/sites\/18\/2021\/02\/13-feb-emprendedores-mi-sueno-mi-negocio-300x194.jpg\" alt=\"\" width=\"670\" height=\"433\" srcset=\"https:\/\/noti-america.com\/site\/ecuador\/wp-content\/uploads\/sites\/18\/2021\/02\/13-feb-emprendedores-mi-sueno-mi-negocio-300x194.jpg 300w, https:\/\/noti-america.com\/site\/ecuador\/wp-content\/uploads\/sites\/18\/2021\/02\/13-feb-emprendedores-mi-sueno-mi-negocio-768x497.jpg 768w, https:\/\/noti-america.com\/site\/ecuador\/wp-content\/uploads\/sites\/18\/2021\/02\/13-feb-emprendedores-mi-sueno-mi-negocio.jpg 850w\" sizes=\"auto, (max-width: 670px) 100vw, 670px\" \/><p id=\"caption-attachment-13029\" class=\"wp-caption-text\">La capacitaci\u00f3n y asesor\u00eda es fundamental para el crecimientos y sostenibilidad de los emprendimientos.<\/p><\/div>\n<p style=\"font-weight: 300;text-align: justify\"><span style=\"font-weight: 300\">Como parte del programa \u201cMi sue\u00f1o, Mi Negocio\u201d el\u00a0Municipio de Guayaquil, a trav\u00e9s de la\u00a0Empresa P\u00fablica Municipal para la Gesti\u00f3n de la Innovaci\u00f3n y la Competitividad de Guayaquil (EP Epico) capacit\u00f3 a 26 emprendedores de la isla Trinitaria.<\/span><\/p>\n<p style=\"font-weight: 300;text-align: justify\"><span style=\"font-weight: 300\">\u201cMi Sue\u00f1o, Mi Negocio\u201d tiene como objetivo desarrollar\u00a0planes de reactivaci\u00f3n que permita a los ciudadanos conectarse con empresas o nuevos consumidores. De esta manera se evita la desaparici\u00f3n de micronegocios.<\/span><\/p>\n<p>La preparaci\u00f3n que recibieron los emprendedores permitir\u00e1 conocer y afrontar retos que permita dinamizar sus negocios, as\u00ed como\u00a0 sostener relaci\u00f3n con\u00a0 el mercado al ser m\u00e1s competitivos. Esto permite que\u00a0 tengan menores costos y mayores ingresos; adem\u00e1s, de incrementar su oferta.<\/p>\n<p>Los emprendedores se vieron motivados por los conocimientos recibidos, los que esperan ponerlos en pr\u00e1ctica imeditamente.<\/p>\n","protected":false},"excerpt":{"rendered":"<p>REDACCI\u00d3N NOTI AM\u00c9RICA (ECUADOR) Como parte del programa \u201cMi sue\u00f1o, Mi Negocio\u201d el\u00a0Municipio de Guayaquil, a trav\u00e9s de la\u00a0Empresa P\u00fablica Municipal para la Gesti\u00f3n de la Innovaci\u00f3n y la Competitividad de Guayaquil (EP Epico)&#46;&#46;&#46;<\/p>\n","protected":false},"author":113,"featured_media":13029,"comment_status":"open","ping_status":"open","sticky":false,"template":"","format":"standard","meta":{"_acf_changed":false,"om_disable_all_campaigns":false,"rop_custom_images_group":[],"rop_custom_messages_group":[],"rop_publish_now":"initial","rop_publish_now_accounts":{"twitter_242054905_242054905":""},"rop_publish_now_history":[],"rop_publish_now_status":"pending","_uf_show_specific_survey":0,"_uf_disable_surveys":false,"footnotes":""},"categories":[1],"tags":[],"class_list":["post-13028","post","type-post","status-publish","format-standard","has-post-thumbnail","hentry","category-uncategorized"],"acf":[],"aioseo_notices":[],"yoast_head":"<!-- This site is optimized with the Yoast SEO Premium plugin v24.9 (Yoast SEO v27.2) - https:\/\/yoast.com\/product\/yoast-seo-premium-wordpress\/ -->\n<title>Ayuntamiento de Guayaquil capacit\u00f3 a 26 emprendedores de la Isla Trinitaria - Ecuador | Noti-America.com<\/title>\n<meta name=\"robots\" content=\"index, follow, max-snippet:-1, max-image-preview:large, max-video-preview:-1\" \/>\n<link rel=\"canonical\" href=\"https:\/\/noti-america.com\/site\/ecuador\/2021\/02\/13\/ayuntamiento-de-guayaquil-capacito-a-26-emprendedores-de-la-isla-trinitaria\/\" \/>\n<meta property=\"og:locale\" content=\"es_ES\" \/>\n<meta property=\"og:type\" content=\"article\" \/>\n<meta property=\"og:title\" content=\"Ayuntamiento de Guayaquil capacit\u00f3 a 26 emprendedores de la Isla Trinitaria\" \/>\n<meta property=\"og:description\" content=\"REDACCI\u00d3N NOTI AM\u00c9RICA (ECUADOR) Como parte del programa \u201cMi sue\u00f1o, Mi Negocio\u201d el\u00a0Municipio de Guayaquil, a trav\u00e9s de la\u00a0Empresa P\u00fablica Municipal para la Gesti\u00f3n de la Innovaci\u00f3n y la Competitividad de Guayaquil (EP Epico)&#046;&#046;&#046;\" \/>\n<meta property=\"og:url\" content=\"https:\/\/noti-america.com\/site\/ecuador\/2021\/02\/13\/ayuntamiento-de-guayaquil-capacito-a-26-emprendedores-de-la-isla-trinitaria\/\" \/>\n<meta property=\"og:site_name\" content=\"Ecuador | Noti-America.com\" \/>\n<meta property=\"article:published_time\" content=\"2021-02-13T15:59:27+00:00\" \/>\n<meta property=\"og:image\" content=\"https:\/\/noti-america.com\/site\/ecuador\/wp-content\/uploads\/sites\/18\/2021\/02\/13-feb-emprendedores-mi-sueno-mi-negocio.jpg\" \/>\n\t<meta property=\"og:image:width\" content=\"850\" \/>\n\t<meta property=\"og:image:height\" content=\"550\" \/>\n\t<meta property=\"og:image:type\" content=\"image\/jpeg\" \/>\n<meta name=\"author\" content=\"Henry Ortiz\" \/>\n<meta name=\"twitter:card\" content=\"summary_large_image\" \/>\n<meta name=\"twitter:creator\" content=\"@notiamerica\" \/>\n<meta name=\"twitter:site\" content=\"@notiamerica\" \/>\n<meta name=\"twitter:label1\" content=\"Escrito por\" \/>\n\t<meta name=\"twitter:data1\" content=\"Henry Ortiz\" \/>\n\t<meta name=\"twitter:label2\" content=\"Tiempo estimado de lectura\" \/>\n\t<meta name=\"twitter:data2\" content=\"1 minuto\" \/>\n<script type=\"application\/ld+json\" class=\"yoast-schema-graph\">{\"@context\":\"https:\/\/schema.org\",\"@graph\":[{\"@type\":\"Article\",\"@id\":\"https:\/\/noti-america.com\/site\/ecuador\/2021\/02\/13\/ayuntamiento-de-guayaquil-capacito-a-26-emprendedores-de-la-isla-trinitaria\/#article\",\"isPartOf\":{\"@id\":\"https:\/\/noti-america.com\/site\/ecuador\/2021\/02\/13\/ayuntamiento-de-guayaquil-capacito-a-26-emprendedores-de-la-isla-trinitaria\/\"},\"author\":{\"name\":\"Henry Ortiz\",\"@id\":\"https:\/\/noti-america.com\/site\/ecuador\/#\/schema\/person\/b9d1630cc6598af759d45c790a347283\"},\"headline\":\"Ayuntamiento de Guayaquil capacit\u00f3 a 26 emprendedores de la Isla Trinitaria\",\"datePublished\":\"2021-02-13T15:59:27+00:00\",\"mainEntityOfPage\":{\"@id\":\"https:\/\/noti-america.com\/site\/ecuador\/2021\/02\/13\/ayuntamiento-de-guayaquil-capacito-a-26-emprendedores-de-la-isla-trinitaria\/\"},\"wordCount\":179,\"commentCount\":0,\"publisher\":{\"@id\":\"https:\/\/noti-america.com\/site\/ecuador\/#organization\"},\"image\":{\"@id\":\"https:\/\/noti-america.com\/site\/ecuador\/2021\/02\/13\/ayuntamiento-de-guayaquil-capacito-a-26-emprendedores-de-la-isla-trinitaria\/#primaryimage\"},\"thumbnailUrl\":\"https:\/\/noti-america.com\/site\/ecuador\/wp-content\/uploads\/sites\/18\/2021\/02\/13-feb-emprendedores-mi-sueno-mi-negocio.jpg\",\"articleSection\":[\"Uncategorized\"],\"inLanguage\":\"es\",\"potentialAction\":[{\"@type\":\"CommentAction\",\"name\":\"Comment\",\"target\":[\"https:\/\/noti-america.com\/site\/ecuador\/2021\/02\/13\/ayuntamiento-de-guayaquil-capacito-a-26-emprendedores-de-la-isla-trinitaria\/#respond\"]}]},{\"@type\":\"WebPage\",\"@id\":\"https:\/\/noti-america.com\/site\/ecuador\/2021\/02\/13\/ayuntamiento-de-guayaquil-capacito-a-26-emprendedores-de-la-isla-trinitaria\/\",\"url\":\"https:\/\/noti-america.com\/site\/ecuador\/2021\/02\/13\/ayuntamiento-de-guayaquil-capacito-a-26-emprendedores-de-la-isla-trinitaria\/\",\"name\":\"Ayuntamiento de Guayaquil capacit\u00f3 a 26 emprendedores de la Isla Trinitaria - Ecuador | Noti-America.com\",\"isPartOf\":{\"@id\":\"https:\/\/noti-america.com\/site\/ecuador\/#website\"},\"primaryImageOfPage\":{\"@id\":\"https:\/\/noti-america.com\/site\/ecuador\/2021\/02\/13\/ayuntamiento-de-guayaquil-capacito-a-26-emprendedores-de-la-isla-trinitaria\/#primaryimage\"},\"image\":{\"@id\":\"https:\/\/noti-america.com\/site\/ecuador\/2021\/02\/13\/ayuntamiento-de-guayaquil-capacito-a-26-emprendedores-de-la-isla-trinitaria\/#primaryimage\"},\"thumbnailUrl\":\"https:\/\/noti-america.com\/site\/ecuador\/wp-content\/uploads\/sites\/18\/2021\/02\/13-feb-emprendedores-mi-sueno-mi-negocio.jpg\",\"datePublished\":\"2021-02-13T15:59:27+00:00\",\"breadcrumb\":{\"@id\":\"https:\/\/noti-america.com\/site\/ecuador\/2021\/02\/13\/ayuntamiento-de-guayaquil-capacito-a-26-emprendedores-de-la-isla-trinitaria\/#breadcrumb\"},\"inLanguage\":\"es\",\"potentialAction\":[{\"@type\":\"ReadAction\",\"target\":[\"https:\/\/noti-america.com\/site\/ecuador\/2021\/02\/13\/ayuntamiento-de-guayaquil-capacito-a-26-emprendedores-de-la-isla-trinitaria\/\"]}]},{\"@type\":\"ImageObject\",\"inLanguage\":\"es\",\"@id\":\"https:\/\/noti-america.com\/site\/ecuador\/2021\/02\/13\/ayuntamiento-de-guayaquil-capacito-a-26-emprendedores-de-la-isla-trinitaria\/#primaryimage\",\"url\":\"https:\/\/noti-america.com\/site\/ecuador\/wp-content\/uploads\/sites\/18\/2021\/02\/13-feb-emprendedores-mi-sueno-mi-negocio.jpg\",\"contentUrl\":\"https:\/\/noti-america.com\/site\/ecuador\/wp-content\/uploads\/sites\/18\/2021\/02\/13-feb-emprendedores-mi-sueno-mi-negocio.jpg\",\"width\":850,\"height\":550},{\"@type\":\"BreadcrumbList\",\"@id\":\"https:\/\/noti-america.com\/site\/ecuador\/2021\/02\/13\/ayuntamiento-de-guayaquil-capacito-a-26-emprendedores-de-la-isla-trinitaria\/#breadcrumb\",\"itemListElement\":[{\"@type\":\"ListItem\",\"position\":1,\"name\":\"Portada\",\"item\":\"https:\/\/noti-america.com\/site\/ecuador\/\"},{\"@type\":\"ListItem\",\"position\":2,\"name\":\"Ayuntamiento de Guayaquil capacit\u00f3 a 26 emprendedores de la Isla Trinitaria\"}]},{\"@type\":\"WebSite\",\"@id\":\"https:\/\/noti-america.com\/site\/ecuador\/#website\",\"url\":\"https:\/\/noti-america.com\/site\/ecuador\/\",\"name\":\"Ecuador | Noti-America.com\",\"description\":\"\",\"publisher\":{\"@id\":\"https:\/\/noti-america.com\/site\/ecuador\/#organization\"},\"potentialAction\":[{\"@type\":\"SearchAction\",\"target\":{\"@type\":\"EntryPoint\",\"urlTemplate\":\"https:\/\/noti-america.com\/site\/ecuador\/?s={search_term_string}\"},\"query-input\":{\"@type\":\"PropertyValueSpecification\",\"valueRequired\":true,\"valueName\":\"search_term_string\"}}],\"inLanguage\":\"es\"},{\"@type\":\"Organization\",\"@id\":\"https:\/\/noti-america.com\/site\/ecuador\/#organization\",\"name\":\"Noti-America LLC | Ecuador\",\"url\":\"https:\/\/noti-america.com\/site\/ecuador\/\",\"logo\":{\"@type\":\"ImageObject\",\"inLanguage\":\"es\",\"@id\":\"https:\/\/noti-america.com\/site\/ecuador\/#\/schema\/logo\/image\/\",\"url\":\"https:\/\/noti-america.com\/site\/ecuador\/wp-content\/uploads\/sites\/18\/2020\/07\/LogoNA-4x3-1.jpg\",\"contentUrl\":\"https:\/\/noti-america.com\/site\/ecuador\/wp-content\/uploads\/sites\/18\/2020\/07\/LogoNA-4x3-1.jpg\",\"width\":1236,\"height\":1080,\"caption\":\"Noti-America LLC | Ecuador\"},\"image\":{\"@id\":\"https:\/\/noti-america.com\/site\/ecuador\/#\/schema\/logo\/image\/\"},\"sameAs\":[\"https:\/\/x.com\/notiamerica\"]},{\"@type\":\"Person\",\"@id\":\"https:\/\/noti-america.com\/site\/ecuador\/#\/schema\/person\/b9d1630cc6598af759d45c790a347283\",\"name\":\"Henry Ortiz\",\"image\":{\"@type\":\"ImageObject\",\"inLanguage\":\"es\",\"@id\":\"https:\/\/secure.gravatar.com\/avatar\/0b5407b5b302fbb6a578e625dca512ac2983ee5fa9ea941d581b83c40212e4c8?s=96&d=mm&r=g\",\"url\":\"https:\/\/secure.gravatar.com\/avatar\/0b5407b5b302fbb6a578e625dca512ac2983ee5fa9ea941d581b83c40212e4c8?s=96&d=mm&r=g\",\"contentUrl\":\"https:\/\/secure.gravatar.com\/avatar\/0b5407b5b302fbb6a578e625dca512ac2983ee5fa9ea941d581b83c40212e4c8?s=96&d=mm&r=g\",\"caption\":\"Henry Ortiz\"},\"url\":\"https:\/\/noti-america.com\/site\/ecuador\/author\/hortiz\/\"}]}<\/script>\n<!-- \/ Yoast SEO Premium plugin. -->","yoast_head_json":{"title":"Ayuntamiento de Guayaquil capacit\u00f3 a 26 emprendedores de la Isla Trinitaria - Ecuador | Noti-America.com","robots":{"index":"index","follow":"follow","max-snippet":"max-snippet:-1","max-image-preview":"max-image-preview:large","max-video-preview":"max-video-preview:-1"},"canonical":"https:\/\/noti-america.com\/site\/ecuador\/2021\/02\/13\/ayuntamiento-de-guayaquil-capacito-a-26-emprendedores-de-la-isla-trinitaria\/","og_locale":"es_ES","og_type":"article","og_title":"Ayuntamiento de Guayaquil capacit\u00f3 a 26 emprendedores de la Isla Trinitaria","og_description":"REDACCI\u00d3N NOTI AM\u00c9RICA (ECUADOR) Como parte del programa \u201cMi sue\u00f1o, Mi Negocio\u201d el\u00a0Municipio de Guayaquil, a trav\u00e9s de la\u00a0Empresa P\u00fablica Municipal para la Gesti\u00f3n de la Innovaci\u00f3n y la Competitividad de Guayaquil (EP Epico)&#46;&#46;&#46;","og_url":"https:\/\/noti-america.com\/site\/ecuador\/2021\/02\/13\/ayuntamiento-de-guayaquil-capacito-a-26-emprendedores-de-la-isla-trinitaria\/","og_site_name":"Ecuador | Noti-America.com","article_published_time":"2021-02-13T15:59:27+00:00","og_image":[{"width":850,"height":550,"url":"https:\/\/noti-america.com\/site\/ecuador\/wp-content\/uploads\/sites\/18\/2021\/02\/13-feb-emprendedores-mi-sueno-mi-negocio.jpg","type":"image\/jpeg"}],"author":"Henry Ortiz","twitter_card":"summary_large_image","twitter_creator":"@notiamerica","twitter_site":"@notiamerica","twitter_misc":{"Escrito por":"Henry Ortiz","Tiempo estimado de lectura":"1 minuto"},"schema":{"@context":"https:\/\/schema.org","@graph":[{"@type":"Article","@id":"https:\/\/noti-america.com\/site\/ecuador\/2021\/02\/13\/ayuntamiento-de-guayaquil-capacito-a-26-emprendedores-de-la-isla-trinitaria\/#article","isPartOf":{"@id":"https:\/\/noti-america.com\/site\/ecuador\/2021\/02\/13\/ayuntamiento-de-guayaquil-capacito-a-26-emprendedores-de-la-isla-trinitaria\/"},"author":{"name":"Henry Ortiz","@id":"https:\/\/noti-america.com\/site\/ecuador\/#\/schema\/person\/b9d1630cc6598af759d45c790a347283"},"headline":"Ayuntamiento de Guayaquil capacit\u00f3 a 26 emprendedores de la Isla Trinitaria","datePublished":"2021-02-13T15:59:27+00:00","mainEntityOfPage":{"@id":"https:\/\/noti-america.com\/site\/ecuador\/2021\/02\/13\/ayuntamiento-de-guayaquil-capacito-a-26-emprendedores-de-la-isla-trinitaria\/"},"wordCount":179,"commentCount":0,"publisher":{"@id":"https:\/\/noti-america.com\/site\/ecuador\/#organization"},"image":{"@id":"https:\/\/noti-america.com\/site\/ecuador\/2021\/02\/13\/ayuntamiento-de-guayaquil-capacito-a-26-emprendedores-de-la-isla-trinitaria\/#primaryimage"},"thumbnailUrl":"https:\/\/noti-america.com\/site\/ecuador\/wp-content\/uploads\/sites\/18\/2021\/02\/13-feb-emprendedores-mi-sueno-mi-negocio.jpg","articleSection":["Uncategorized"],"inLanguage":"es","potentialAction":[{"@type":"CommentAction","name":"Comment","target":["https:\/\/noti-america.com\/site\/ecuador\/2021\/02\/13\/ayuntamiento-de-guayaquil-capacito-a-26-emprendedores-de-la-isla-trinitaria\/#respond"]}]},{"@type":"WebPage","@id":"https:\/\/noti-america.com\/site\/ecuador\/2021\/02\/13\/ayuntamiento-de-guayaquil-capacito-a-26-emprendedores-de-la-isla-trinitaria\/","url":"https:\/\/noti-america.com\/site\/ecuador\/2021\/02\/13\/ayuntamiento-de-guayaquil-capacito-a-26-emprendedores-de-la-isla-trinitaria\/","name":"Ayuntamiento de Guayaquil capacit\u00f3 a 26 emprendedores de la Isla Trinitaria - Ecuador | Noti-America.com","isPartOf":{"@id":"https:\/\/noti-america.com\/site\/ecuador\/#website"},"primaryImageOfPage":{"@id":"https:\/\/noti-america.com\/site\/ecuador\/2021\/02\/13\/ayuntamiento-de-guayaquil-capacito-a-26-emprendedores-de-la-isla-trinitaria\/#primaryimage"},"image":{"@id":"https:\/\/noti-america.com\/site\/ecuador\/2021\/02\/13\/ayuntamiento-de-guayaquil-capacito-a-26-emprendedores-de-la-isla-trinitaria\/#primaryimage"},"thumbnailUrl":"https:\/\/noti-america.com\/site\/ecuador\/wp-content\/uploads\/sites\/18\/2021\/02\/13-feb-emprendedores-mi-sueno-mi-negocio.jpg","datePublished":"2021-02-13T15:59:27+00:00","breadcrumb":{"@id":"https:\/\/noti-america.com\/site\/ecuador\/2021\/02\/13\/ayuntamiento-de-guayaquil-capacito-a-26-emprendedores-de-la-isla-trinitaria\/#breadcrumb"},"inLanguage":"es","potentialAction":[{"@type":"ReadAction","target":["https:\/\/noti-america.com\/site\/ecuador\/2021\/02\/13\/ayuntamiento-de-guayaquil-capacito-a-26-emprendedores-de-la-isla-trinitaria\/"]}]},{"@type":"ImageObject","inLanguage":"es","@id":"https:\/\/noti-america.com\/site\/ecuador\/2021\/02\/13\/ayuntamiento-de-guayaquil-capacito-a-26-emprendedores-de-la-isla-trinitaria\/#primaryimage","url":"https:\/\/noti-america.com\/site\/ecuador\/wp-content\/uploads\/sites\/18\/2021\/02\/13-feb-emprendedores-mi-sueno-mi-negocio.jpg","contentUrl":"https:\/\/noti-america.com\/site\/ecuador\/wp-content\/uploads\/sites\/18\/2021\/02\/13-feb-emprendedores-mi-sueno-mi-negocio.jpg","width":850,"height":550},{"@type":"BreadcrumbList","@id":"https:\/\/noti-america.com\/site\/ecuador\/2021\/02\/13\/ayuntamiento-de-guayaquil-capacito-a-26-emprendedores-de-la-isla-trinitaria\/#breadcrumb","itemListElement":[{"@type":"ListItem","position":1,"name":"Portada","item":"https:\/\/noti-america.com\/site\/ecuador\/"},{"@type":"ListItem","position":2,"name":"Ayuntamiento de Guayaquil capacit\u00f3 a 26 emprendedores de la Isla Trinitaria"}]},{"@type":"WebSite","@id":"https:\/\/noti-america.com\/site\/ecuador\/#website","url":"https:\/\/noti-america.com\/site\/ecuador\/","name":"Ecuador | Noti-America.com","description":"","publisher":{"@id":"https:\/\/noti-america.com\/site\/ecuador\/#organization"},"potentialAction":[{"@type":"SearchAction","target":{"@type":"EntryPoint","urlTemplate":"https:\/\/noti-america.com\/site\/ecuador\/?s={search_term_string}"},"query-input":{"@type":"PropertyValueSpecification","valueRequired":true,"valueName":"search_term_string"}}],"inLanguage":"es"},{"@type":"Organization","@id":"https:\/\/noti-america.com\/site\/ecuador\/#organization","name":"Noti-America LLC | Ecuador","url":"https:\/\/noti-america.com\/site\/ecuador\/","logo":{"@type":"ImageObject","inLanguage":"es","@id":"https:\/\/noti-america.com\/site\/ecuador\/#\/schema\/logo\/image\/","url":"https:\/\/noti-america.com\/site\/ecuador\/wp-content\/uploads\/sites\/18\/2020\/07\/LogoNA-4x3-1.jpg","contentUrl":"https:\/\/noti-america.com\/site\/ecuador\/wp-content\/uploads\/sites\/18\/2020\/07\/LogoNA-4x3-1.jpg","width":1236,"height":1080,"caption":"Noti-America LLC | Ecuador"},"image":{"@id":"https:\/\/noti-america.com\/site\/ecuador\/#\/schema\/logo\/image\/"},"sameAs":["https:\/\/x.com\/notiamerica"]},{"@type":"Person","@id":"https:\/\/noti-america.com\/site\/ecuador\/#\/schema\/person\/b9d1630cc6598af759d45c790a347283","name":"Henry Ortiz","image":{"@type":"ImageObject","inLanguage":"es","@id":"https:\/\/secure.gravatar.com\/avatar\/0b5407b5b302fbb6a578e625dca512ac2983ee5fa9ea941d581b83c40212e4c8?s=96&d=mm&r=g","url":"https:\/\/secure.gravatar.com\/avatar\/0b5407b5b302fbb6a578e625dca512ac2983ee5fa9ea941d581b83c40212e4c8?s=96&d=mm&r=g","contentUrl":"https:\/\/secure.gravatar.com\/avatar\/0b5407b5b302fbb6a578e625dca512ac2983ee5fa9ea941d581b83c40212e4c8?s=96&d=mm&r=g","caption":"Henry Ortiz"},"url":"https:\/\/noti-america.com\/site\/ecuador\/author\/hortiz\/"}]}},"_links":{"self":[{"href":"https:\/\/noti-america.com\/site\/ecuador\/wp-json\/wp\/v2\/posts\/13028","targetHints":{"allow":["GET"]}}],"collection":[{"href":"https:\/\/noti-america.com\/site\/ecuador\/wp-json\/wp\/v2\/posts"}],"about":[{"href":"https:\/\/noti-america.com\/site\/ecuador\/wp-json\/wp\/v2\/types\/post"}],"author":[{"embeddable":true,"href":"https:\/\/noti-america.com\/site\/ecuador\/wp-json\/wp\/v2\/users\/113"}],"replies":[{"embeddable":true,"href":"https:\/\/noti-america.com\/site\/ecuador\/wp-json\/wp\/v2\/comments?post=13028"}],"version-history":[{"count":1,"href":"https:\/\/noti-america.com\/site\/ecuador\/wp-json\/wp\/v2\/posts\/13028\/revisions"}],"predecessor-version":[{"id":13030,"href":"https:\/\/noti-america.com\/site\/ecuador\/wp-json\/wp\/v2\/posts\/13028\/revisions\/13030"}],"wp:featuredmedia":[{"embeddable":true,"href":"https:\/\/noti-america.com\/site\/ecuador\/wp-json\/wp\/v2\/media\/13029"}],"wp:attachment":[{"href":"https:\/\/noti-america.com\/site\/ecuador\/wp-json\/wp\/v2\/media?parent=13028"}],"wp:term":[{"taxonomy":"category","embeddable":true,"href":"https:\/\/noti-america.com\/site\/ecuador\/wp-json\/wp\/v2\/categories?post=13028"},{"taxonomy":"post_tag","embeddable":true,"href":"https:\/\/noti-america.com\/site\/ecuador\/wp-json\/wp\/v2\/tags?post=13028"}],"curies":[{"name":"wp","href":"https:\/\/api.w.org\/{rel}","templated":true}]}}