{"id":13013,"date":"2021-02-13T03:49:00","date_gmt":"2021-02-13T03:49:00","guid":{"rendered":"https:\/\/noti-america.com\/site\/ecuador\/?p=13013"},"modified":"2021-02-13T03:49:00","modified_gmt":"2021-02-13T03:49:00","slug":"el-peor-enemigo-tras-casi-un-ano-de-confinamiento","status":"publish","type":"post","link":"https:\/\/noti-america.com\/site\/ecuador\/2021\/02\/13\/el-peor-enemigo-tras-casi-un-ano-de-confinamiento\/","title":{"rendered":"El peor enemigo tras casi un a\u00f1o de confinamiento"},"content":{"rendered":"<p>REDACCI\u00d3N NOTI AM\u00c9RICA (ECUADOR)<\/p>\n<p style=\"text-align: justify\"><strong>El aislamiento absoluto consecuencia de COVID-19 est\u00e1 cobrando factura en uno de los sectores m\u00e1s vulnerables de la sociedad.<\/strong><\/p>\n<div style=\"width: 650px\" class=\"wp-caption aligncenter\"><img loading=\"lazy\" decoding=\"async\" src=\"https:\/\/www.expoknews.com\/wp-content\/uploads\/2021\/02\/woman-5636525_640.jpg\" alt=\"\" width=\"640\" height=\"427\" \/><p class=\"wp-caption-text\">j\u00f3ven aburrida<\/p><\/div>\n<p style=\"text-align: justify\">Representando apenas un 2% de nuestro peso corporal y siendo el resultado de\u00a0<strong>2,5 millones de a\u00f1os de evoluci\u00f3n humana<\/strong>, la mente contin\u00faa siendo un enigma para los estudiosos. No obstante, nuestro poco dominio en el tema no nos exime de sus graves padecimientos.<\/p>\n<p style=\"text-align: justify\">Si bien los\u00a0<strong>trastornos mentales<\/strong>\u00a0han estado con nosotros desde tiempos remotos, hoy se manifiestan de manera latente y poco esperada en uno de los sectores m\u00e1s vulnerables de la poblaci\u00f3n:\u00a0<strong>los j\u00f3venes<\/strong>. Y es que el encierro abrupto que nos hizo presos de nuestros hogares consecuencia de COVID-19\u00a0<strong>ha cumplido casi un a\u00f1o,\u00a0<\/strong>pero no ha afectado a todos por igual.<\/p>\n<p style=\"text-align: justify\">La renuncia a actividades anheladas, interrupci\u00f3n de la continuidad del aprendizaje y cambios de rutina, son solo algunas de las caracter\u00edsticas de la actual vida diaria de los j\u00f3venes mexicanos. \u00bfEl precio? El sufrimiento de trastornos mentales.<\/p>\n<h3 style=\"text-align: justify\">Confinamiento abrupto<\/h3>\n<p style=\"text-align: justify\">Como otros pa\u00edses de Latinoam\u00e9rica, M\u00e9xico fue de los \u00faltimos en entrar a confinamiento. As\u00ed que de manera temerosa y casi obligatoria, lo respetamos pensando que ser\u00eda algo temporal, empero, hoy, sin saber con exactitud cuando terminar\u00e1 (o si quiera terminar\u00e1),\u00a0<strong>la mente de los j\u00f3venes es el peor enemigo tras casi un a\u00f1o de confinamiento.<\/strong><\/p>\n<figure class=\"wp-block-image size-large\" style=\"text-align: justify\"><img loading=\"lazy\" decoding=\"async\" class=\"wp-image-308170 lazyloaded\" src=\"https:\/\/www.expoknews.com\/wp-content\/uploads\/2021\/02\/youth-3712705_640.jpg\" alt=\"\" width=\"640\" height=\"479\" data-srcset=\"https:\/\/www.expoknews.com\/wp-content\/uploads\/2021\/02\/youth-3712705_640.jpg 640w, https:\/\/www.expoknews.com\/wp-content\/uploads\/2021\/02\/youth-3712705_640-300x225.jpg 300w\" data-src=\"https:\/\/www.expoknews.com\/wp-content\/uploads\/2021\/02\/youth-3712705_640.jpg\" data-sizes=\"(max-width: 640px) 100vw, 640px\" \/><\/figure>\n<p style=\"text-align: justify\">De acuerdo con algunos expertos,\u00a0<strong>ser joven significa encontrarse en una \u00e9poca compleja, existen cambios f\u00edsicos, emocionales, hormonas, sexuales y hasta sociales.\u00a0<\/strong>Las problem\u00e1ticas y la presi\u00f3n son abrumadoras y pueden llegar tan lejos hasta generar trastornos de salud mental y poner en riesgo sus vidas. Y si a ello se le suma una pandemia global, el impacto puede resultar catastr\u00f3fico.<\/p>\n<h3 style=\"text-align: justify\">Fuerte impacto en la salud mental de los j\u00f3venes<\/h3>\n<p style=\"text-align: justify\">De acuerdo con un estudio realizado por la\u00a0<a href=\"https:\/\/www.unicef.org\/lac\/el-impacto-del-covid-19-en-la-salud-mental-de-adolescentes-y-j%C3%B3venes\">UNICEF<\/a>\u00a0con\u00a0<strong>8 mil 444 adolescentes y j\u00f3venes de 13 a 29\u00a0<\/strong>de Latinoam\u00e9rica y el Caribe:<\/p>\n<blockquote class=\"wp-block-quote\"><p><strong>El\u00a027% report\u00f3 sentir ansiedad y 15% depresi\u00f3n en los \u00faltimos siete d\u00edas.<\/strong><\/p><\/blockquote>\n<blockquote class=\"wp-block-quote\"><p><strong>Para el 30%, la principal raz\u00f3n que influye en sus emociones actuales es la situaci\u00f3n econ\u00f3mica.<\/strong><\/p><\/blockquote>\n<blockquote class=\"wp-block-quote\"><p><strong>46% reporta tener menos motivaci\u00f3n para realizar actividades que normalmente disfrutaba.<\/strong><\/p><\/blockquote>\n<blockquote class=\"wp-block-quote\"><p><strong>36% se siente menos motivado para realizar actividades habituales.<\/strong><\/p><\/blockquote>\n<blockquote class=\"wp-block-quote\"><p><strong>43% de las mujeres se siente pesimista frente al futuro frente a 31% de los hombres participantes.<\/strong><\/p><\/blockquote>\n<p style=\"text-align: justify\">Si bien estas cifras son preocupantes, lo es m\u00e1s el hecho de que:<\/p>\n<blockquote class=\"wp-block-quote\"><p><strong>El 73% ha sentido la necesidad de pedir ayuda en relaci\u00f3n con su bienestar f\u00edsico y mental, sin embargo, el 40% no lo hizo.<\/strong><\/p><\/blockquote>\n<figure class=\"wp-block-image size-large\" style=\"text-align: justify\"><img loading=\"lazy\" decoding=\"async\" class=\"wp-image-308172 lazyloaded\" src=\"https:\/\/www.expoknews.com\/wp-content\/uploads\/2021\/02\/waiting-4656362_640.jpg\" alt=\"\" width=\"640\" height=\"426\" data-srcset=\"https:\/\/www.expoknews.com\/wp-content\/uploads\/2021\/02\/waiting-4656362_640.jpg 640w, https:\/\/www.expoknews.com\/wp-content\/uploads\/2021\/02\/waiting-4656362_640-300x200.jpg 300w\" data-src=\"https:\/\/www.expoknews.com\/wp-content\/uploads\/2021\/02\/waiting-4656362_640.jpg\" data-sizes=\"(max-width: 640px) 100vw, 640px\" \/><\/figure>\n<p style=\"text-align: justify\">Pero esto no es todo, la salud mental lleg\u00f3 tan lejos que a la fecha<strong>\u00a0ocupa la posici\u00f3n 3 en el\u00a0Informe de LLYC de Tendencias 2021.<\/strong><\/p>\n<p style=\"text-align: justify\">Seg\u00fan el Informe de LLYC de Tendencias 2021 y una investigaci\u00f3n de Harvard y el MIT, han crecido notablemente\u00a0<strong>los comentarios y referencias a la ansiedad y el suicidio por parte de los usuarios de las redes sociales.<\/strong><\/p>\n<blockquote class=\"wp-block-quote\"><p><strong>Cada d\u00eda vemos c\u00f3mo la gente comparte experiencias sobre su salud mental en Instagram y conecta con comunidades de apoyo.<\/strong><\/p>\n<p><strong><cite>Kevin Systrom, CEO y cofundador de Instagram.<\/cite><\/strong><\/p><\/blockquote>\n<h3 style=\"text-align: justify\">Consecuencias visibles<\/h3>\n<p style=\"text-align: justify\">De acuerdo con un art\u00edculo de\u00a0<a href=\"https:\/\/www.forbes.com.mx\/noticias-pandemia-agrava-problemas-de-salud-mental-en-mexicanos\/\"><em>Forbes<\/em><\/a>\u00a0y el testimonio de Mar\u00eda Ju\u00e1rez\u00a0de 29 a\u00f1os:<\/p>\n<blockquote class=\"wp-block-quote\"><p><strong>Uno de los d\u00edas m\u00e1s dif\u00edciles fue cuando tuve que ir al supermercado y alguien me toc\u00f3 el hombro. Tuve miedo de infectarme. Sal\u00ed a llorar y a tratar de respirar.<\/strong><\/p>\n<p><strong><cite>Mar\u00eda Ju\u00e1rez\u00a0de 29 a\u00f1os<\/cite><\/strong><\/p><\/blockquote>\n<p style=\"text-align: justify\">Seg\u00fan la especialista Mar\u00eda Elena Medina Mora, jefa del Departamento de Psiquiatr\u00eda y Salud Mental de la Universidad Nacional Aut\u00f3noma de M\u00e9xico (UNAM), afirma que si bien a\u00fan no existen cifras espec\u00edficas del impacto del COVID-19 en la salud mental, s\u00ed\u00a0<strong>se sabe que esta pandemia generar\u00e1 un aumento de la demanda de estos servicios.<\/strong><\/p>\n<figure class=\"wp-block-image size-large\" style=\"text-align: justify\">\n<p><div id=\"attachment_308173\" style=\"width: 650px\" class=\"wp-caption alignnone\"><img loading=\"lazy\" decoding=\"async\" aria-describedby=\"caption-attachment-308173\" class=\"lazyloaded wp-image-308173\" src=\"https:\/\/www.expoknews.com\/wp-content\/uploads\/2021\/02\/mental-health-2019924_640.jpg\" alt=\"\" width=\"640\" height=\"426\" data-srcset=\"https:\/\/www.expoknews.com\/wp-content\/uploads\/2021\/02\/mental-health-2019924_640.jpg 640w, https:\/\/www.expoknews.com\/wp-content\/uploads\/2021\/02\/mental-health-2019924_640-300x200.jpg 300w\" data-src=\"https:\/\/www.expoknews.com\/wp-content\/uploads\/2021\/02\/mental-health-2019924_640.jpg\" data-sizes=\"(max-width: 640px) 100vw, 640px\" \/><p id=\"caption-attachment-308173\" class=\"wp-caption-text\">mental<\/p><\/div><\/figure>\n<blockquote class=\"wp-block-quote\"><p><strong>La especialista detalla que entre las principales enfermedades mentales est\u00e1n la depresi\u00f3n, la ansiedad, la epilepsia, las demencias y la esquizofrenia, y la mitad de ellas surgen antes de los 14 a\u00f1os.<\/strong><\/p><\/blockquote>\n<p style=\"text-align: justify\">Una de las consecuencias m\u00e1s graves y visibles es el<strong>\u00a0suicidio<\/strong>, con\u00a0<strong>una tasa de mortalidad de 7.3 por 100 mil habitantes en Latinoam\u00e9rica.<\/strong><\/p>\n<blockquote class=\"wp-block-quote\"><p><strong>Se estima que la pandemia podr\u00eda incrementar hasta en 20% los suicidios en Latinoam\u00e9rica, donde la poblaci\u00f3n m\u00e1s vulnerable es la m\u00e1s joven.<\/strong><\/p><\/blockquote>\n<h3 style=\"text-align: justify\">\u00bfLos motivos?<\/h3>\n<h4 style=\"text-align: justify\">Cambios en las rutinas<\/h4>\n<p style=\"text-align: justify\">Tener que distanciarse f\u00edsicamente de amigos, pareja y familiares en un momento tan complejo de su vida resulta lo m\u00e1s dif\u00edcil, as\u00ed como las dificultades para adaptarse a las nuevas rutinas sociales o el uso de mascarillas.<\/p>\n<h4 style=\"text-align: justify\">Interrupci\u00f3n de la continuidad del aprendizaje<\/h4>\n<p style=\"text-align: justify\">Los cierres de escuela han dejado como recurso el aprendizaje en l\u00ednea, dejando de lado el contacto con maestros y compa\u00f1eros, as\u00ed como la p\u00e9rdida de habilidades atl\u00e9ticas a las que generalmente acceden en los colegios.<\/p>\n<p style=\"text-align: justify\">Aunado a ello, algunos j\u00f3venes pueden sufrir fatiga a causa de las videoconferencias, conocida com\u00fanmente como \u201c<a href=\"https:\/\/hbr.org\/2020\/04\/how-to-combat-zoom-fatigue\" target=\"_blank\" rel=\"noreferrer noopener\">fatiga de Zoom\u00edcono de sitio externo<\/a>\u201d o experimentar ansiedad ante la idea de retomar las clases presenciales o virtuales.<\/p>\n<figure class=\"wp-block-image size-large\" style=\"text-align: justify\">\n<p><div id=\"attachment_308174\" style=\"width: 650px\" class=\"wp-caption alignnone\"><img loading=\"lazy\" decoding=\"async\" aria-describedby=\"caption-attachment-308174\" class=\"lazyloaded wp-image-308174\" src=\"https:\/\/www.expoknews.com\/wp-content\/uploads\/2021\/02\/child-5976952_640.jpg\" alt=\"\" width=\"640\" height=\"480\" data-srcset=\"https:\/\/www.expoknews.com\/wp-content\/uploads\/2021\/02\/child-5976952_640.jpg 640w, https:\/\/www.expoknews.com\/wp-content\/uploads\/2021\/02\/child-5976952_640-300x225.jpg 300w\" data-src=\"https:\/\/www.expoknews.com\/wp-content\/uploads\/2021\/02\/child-5976952_640.jpg\" data-sizes=\"(max-width: 640px) 100vw, 640px\" \/><p id=\"caption-attachment-308174\" class=\"wp-caption-text\">j\u00f3ven en la computadora<\/p><\/div><\/figure>\n<h4 style=\"text-align: justify\">Omisi\u00f3n de eventos importantes<\/h4>\n<p style=\"text-align: justify\">Todos esos momentos dignos de celebrar como cumplea\u00f1os, graduaciones, vacaciones o planes ocasionales se han cancelado, lo que hace sentir a los j\u00f3venes como si la vida estuviese en suspenso.<\/p>\n<h4 style=\"text-align: justify\">P\u00e9rdida de seguridad<\/h4>\n<p style=\"text-align: justify\">El impacto econ\u00f3mico puede causar que el joven y su familia tenga inseguridad econ\u00f3mica, lo que se vincula a resultados adversos en la salud, el desarrollo y los logros acad\u00e9micos o hasta el acceso a comida saludable, transporte y vivienda. Aunado a ello, la exposici\u00f3n al abuso y violencia de diferentes tipos va en incremento.<\/p>\n<h4 style=\"text-align: justify\">Aumento de vida online<\/h4>\n<p style=\"text-align: justify\">El aumento de tiempo que los j\u00f3venes pasan frente al computador o en tel\u00e9fonos celulares los puede poner en riesgo de explotaci\u00f3n sexual en l\u00ednea, ciberacoso, conductas riesgosas y exposici\u00f3n a contenido potencialmente perjudicial.<\/p>\n<h4 style=\"text-align: justify\">Preocupaci\u00f3n por el futuro<\/h4>\n<p style=\"text-align: justify\">Seg\u00fan el informe\u00a0<em><a href=\"https:\/\/www.ilo.org\/global\/topics\/youth-employment\/publications\/WCMS_753054\/lang--es\/index.htm\">Los j\u00f3venes y la pandemia de la COVID-19: efectos en los empleos, la educaci\u00f3n, los derechos y el bienestar mental\u00a0<\/a><\/em>, el 38% de los j\u00f3venes manifiesta inquietud por su futuro profesional, y se prev\u00e9 que la crisis dificulte el desarrollo del mercado laboral y prolongue el per\u00edodo de transici\u00f3n de los j\u00f3venes desde que terminan sus estudios hasta que logran su primer empleo.<\/p>\n<figure class=\"wp-block-image size-large\" style=\"text-align: justify\"><img loading=\"lazy\" decoding=\"async\" class=\"lazyloaded alignnone wp-image-308175\" src=\"https:\/\/www.expoknews.com\/wp-content\/uploads\/2021\/02\/young-woman-2239269_640.jpg\" alt=\"\" width=\"640\" height=\"473\" data-srcset=\"https:\/\/www.expoknews.com\/wp-content\/uploads\/2021\/02\/young-woman-2239269_640.jpg 640w, https:\/\/www.expoknews.com\/wp-content\/uploads\/2021\/02\/young-woman-2239269_640-300x222.jpg 300w\" data-src=\"https:\/\/www.expoknews.com\/wp-content\/uploads\/2021\/02\/young-woman-2239269_640.jpg\" data-sizes=\"(max-width: 640px) 100vw, 640px\" \/><\/figure>\n<h3 style=\"text-align: justify\">\u00bfC\u00f3mo saber un joven est\u00e1 en riesgo?<\/h3>\n<p style=\"text-align: justify\"><a href=\"https:\/\/www.healthychildren.org\/Spanish\/ages-stages\/teen\/Paginas\/mental-health-and-teens-watch-for-danger-signs.aspx\">Healthy Children<\/a>\u00a0recomienda a los padres y familiares estar atentos a los siguientes s\u00edntomas:<\/p>\n<ul style=\"text-align: justify\">\n<li>Dormir en exceso, mucho m\u00e1s que por el cansancio usual, que puede indicar depresi\u00f3n o abuso de sustancias; dificultad para dormir, insomnio y otros\u00a0trastornos del sue\u00f1o.<\/li>\n<li>P\u00e9rdida de autoestima.<\/li>\n<li>Abandono o p\u00e9rdida de inter\u00e9s en los pasatiempos favoritos<\/li>\n<li>Bajo\u00a0e inesperado cambio en el rendimiento acad\u00e9mico.<\/li>\n<li>P\u00e9rdida de peso y apetito, que puede indicar un trastorno alimenticio.<\/li>\n<li>Cambios bruscos de personalidad, como agresividad y exceso de enojo que no sean parte del car\u00e1cter y podr\u00edan indicar problemas psicol\u00f3gicos, de f\u00e1rmacos o sexuales.<\/li>\n<\/ul>\n<p style=\"text-align: justify\">La realidad es que la situaci\u00f3n no es sencilla y las medidas a tomar requieren apoyo no solo de familia, sino por parte del Gobierno.<\/p>\n<h3 style=\"text-align: justify\">La respuesta del Gobierno de M\u00e9xico<\/h3>\n<p style=\"text-align: justify\">Seg\u00fan el\u00a0<a href=\"https:\/\/ciep.mx\/presupuesto-para-salud-mental-relevancia-ante-la-covid19\/\">CIEP<\/a>, de 2013 a 2021, nuestro pa\u00eds asign\u00f3 \u00fanicamente en promedio 2.1% del presupuesto de la\u00a0<a href=\"https:\/\/www.gob.mx\/salud\">Secretar\u00eda de Salubridad y Asistencia (SSA)<\/a>\u00a0\u2014dependencia del Poder Ejecutivo\u2014, y ante dicha situaci\u00f3n, en 2021 se ha propuesto destinar 3 mil 031 mdp, 2.1% del total de la\u00a0SSA, esto representa\u00a0<strong>9.6% menos respecto a 2013<\/strong>\u00a0y 0.1% menos del aprobado en 2020.<\/p>\n<figure class=\"wp-block-image size-large\" style=\"text-align: justify\"><img loading=\"lazy\" decoding=\"async\" class=\"wp-image-308159 lazyloaded\" src=\"https:\/\/www.expoknews.com\/wp-content\/uploads\/2021\/02\/Captura-de-pantalla-2021-02-08-a-las-17.14.25.png\" alt=\"\" width=\"655\" height=\"585\" data-srcset=\"https:\/\/www.expoknews.com\/wp-content\/uploads\/2021\/02\/Captura-de-pantalla-2021-02-08-a-las-17.14.25.png 655w, https:\/\/www.expoknews.com\/wp-content\/uploads\/2021\/02\/Captura-de-pantalla-2021-02-08-a-las-17.14.25-300x268.png 300w\" data-src=\"https:\/\/www.expoknews.com\/wp-content\/uploads\/2021\/02\/Captura-de-pantalla-2021-02-08-a-las-17.14.25.png\" data-sizes=\"(max-width: 655px) 100vw, 655px\" \/><\/figure>\n<blockquote class=\"wp-block-quote\">\n<p style=\"text-align: justify\"><strong>Ante el contexto actual de la COVID-19, el presupuesto de salud mental es relevante y podr\u00eda contribuir a reducir los efectos de la pandemia en las enfermedades mentales. Sin embargo, el presupuesto propuesto en 2021 es 9.6% menor que el ejercido en 2013 y 0.08% menor que el aprobado en 2020.<\/strong><\/p>\n<\/blockquote>\n<p style=\"text-align: justify\">En este sentido, el panorama tampoco es alentador, por lo que muchos j\u00f3venes comentaron a UNICEF algunas de sus \u201cf\u00f3mulas\u201d para mantenerse mejor durante el confinamiento.<\/p>\n<h3 style=\"text-align: justify\">La voz de los j\u00f3venes<\/h3>\n<blockquote class=\"wp-block-quote\">\n<p style=\"text-align: justify\"><strong>Mi f\u00f3rmula ha sido leer y escribir lo que me hace sentir mal. En muchas ocasiones, llorar. He tratado de distraerme dibujando o viendo series. La COVID-19 me ha cambiado mucho, ni siquiera me reconozco a m\u00ed misma.<\/strong><\/p>\n<p><strong><cite>Rosa, 14 a\u00f1os, Guatemala.<\/cite><\/strong><\/p><\/blockquote>\n<blockquote class=\"wp-block-quote\"><p><strong>Mi f\u00f3rmula ha sido: me he mantenido ocupado, me he ejercitado m\u00e1s y he tenido una gran actitud.<\/strong><\/p>\n<p><strong><cite>Kristien, 17 a\u00f1os, Jamaica.<\/cite><\/strong><\/p><\/blockquote>\n<blockquote class=\"wp-block-quote\">\n<p style=\"text-align: justify\"><strong>Mi f\u00f3rmula fue cambiar los h\u00e1bitos, despertarme temprano para ser m\u00e1s productivo, el autoconocimiento tambi\u00e9n me ayud\u00f3 mucho.<\/strong><\/p>\n<p><strong><cite>Jo\u00e3o, 17 a\u00f1os, Brasil.<\/cite><\/strong><\/p><\/blockquote>\n<figure class=\"wp-block-image size-large\" style=\"text-align: justify\">\n<p><div id=\"attachment_308176\" style=\"width: 650px\" class=\"wp-caption alignnone\"><img loading=\"lazy\" decoding=\"async\" aria-describedby=\"caption-attachment-308176\" class=\"lazyloaded wp-image-308176\" src=\"https:\/\/www.expoknews.com\/wp-content\/uploads\/2021\/02\/girl-3709550_640.jpg\" alt=\"\" width=\"640\" height=\"425\" data-srcset=\"https:\/\/www.expoknews.com\/wp-content\/uploads\/2021\/02\/girl-3709550_640.jpg 640w, https:\/\/www.expoknews.com\/wp-content\/uploads\/2021\/02\/girl-3709550_640-300x199.jpg 300w\" data-src=\"https:\/\/www.expoknews.com\/wp-content\/uploads\/2021\/02\/girl-3709550_640.jpg\" data-sizes=\"(max-width: 640px) 100vw, 640px\" \/><p id=\"caption-attachment-308176\" class=\"wp-caption-text\">se\u00f1orita<\/p><\/div><\/figure>\n<p style=\"text-align: justify\">Es un hecho que aunque no se pueda tapar el sol con un dedo y la situaci\u00f3n cada vez se torne m\u00e1s cr\u00edtica, es necesario hacer todo lo posible para que la mente de los j\u00f3venes no sufra repercusiones tan graves.<\/p>\n<h3 style=\"text-align: justify\">Algunas formas de ayuda<\/h3>\n<p style=\"text-align: justify\">Ante este tipo de situaciones, el especialista E<a href=\"https:\/\/politica.expansion.mx\/mexico\/2020\/08\/10\/el-aislamiento-por-covid-19-afecta-la-salud-mental-de-los-adolescentes\">mmanuel Sarmiento Hern\u00e1ndez<\/a>, director del Hospital Psiqui\u00e1trico Infantil \u2018Dr. Juan N. Navarro\u2019 sugiere:<\/p>\n<ul style=\"text-align: justify\">\n<li><strong>Reconocimiento y validaci\u00f3n de las emociones:<\/strong>\u00a0El validar y reconocer una emoci\u00f3n es hacerle ver que yo tambi\u00e9n me puedo sentir como \u00e9l, que yo lo comprendo, que yo tambi\u00e9n me siento triste, que yo tambi\u00e9n he estado preocupado y que tengo momentos de malhumor.<\/li>\n<\/ul>\n<ul style=\"text-align: justify\">\n<li><strong>Transmitir seguridad y tranquilidad:<\/strong>\u00a0Debemos de predicar con el ejemplo, o sea, si yo quiero transmitir algo tengo que demostrarlo, tiene que ser coherente lo que yo le pido que se calme, que est\u00e9 tranquilo, eso yo tambi\u00e9n lo tengo que reflejar.<\/li>\n<\/ul>\n<ul style=\"text-align: justify\">\n<li><strong>Empleo de estrategias como \u201cel tiempo fuera\u201d y \u201cla t\u00e9cnica de extinci\u00f3n\u201d:<\/strong>\u00a0El tiempo fuera significa darle un espacio en el cual se recomienda que la persona que est\u00e1 ocupando ese espacio, ese espacio de tranquilidad, de soledad, se puede respetar; mientras que la conducta de la extinci\u00f3n -traducida en t\u00e9rminos coloquiales- es ignorar esa conducta, no prestarle atenci\u00f3n, ni positiva ni negativa.<\/li>\n<\/ul>\n<ul style=\"text-align: justify\">\n<li>Evitar utilizar el castigo como medida de control.<\/li>\n<li>Evitar el exceso de informaci\u00f3n en noticias o redes sociales.<\/li>\n<li>Ense\u00f1arles c\u00f3mo cuidarse y evitar riesgos.<\/li>\n<\/ul>\n<p style=\"text-align: justify\">Es urgente detener las afectaciones que la pandemia de COVID-19 est\u00e1 dejando m\u00e1s all\u00e1 que la sola enfermedad respiratoria, y apoyar a uno de los sectores m\u00e1s vulnerables socialmente d\u00e1ndole la importancia que merece.<\/p>\n<p style=\"text-align: justify\">Fuente: EXPOK<\/p>\n","protected":false},"excerpt":{"rendered":"<p>REDACCI\u00d3N NOTI AM\u00c9RICA (ECUADOR) El aislamiento absoluto consecuencia de COVID-19 est\u00e1 cobrando factura en uno de los sectores m\u00e1s vulnerables de la sociedad. Representando apenas un 2% de nuestro peso corporal y siendo el&#46;&#46;&#46;<\/p>\n","protected":false},"author":17,"featured_media":13014,"comment_status":"open","ping_status":"open","sticky":false,"template":"","format":"standard","meta":{"_acf_changed":false,"om_disable_all_campaigns":false,"rop_custom_images_group":[],"rop_custom_messages_group":[],"rop_publish_now":"initial","rop_publish_now_accounts":{"twitter_242054905_242054905":""},"rop_publish_now_history":[],"rop_publish_now_status":"pending","_uf_show_specific_survey":0,"_uf_disable_surveys":false,"footnotes":""},"categories":[1],"tags":[],"class_list":["post-13013","post","type-post","status-publish","format-standard","has-post-thumbnail","hentry","category-uncategorized"],"acf":[],"aioseo_notices":[],"yoast_head":"<!-- This site is optimized with the Yoast SEO Premium plugin v24.9 (Yoast SEO v27.2) - https:\/\/yoast.com\/product\/yoast-seo-premium-wordpress\/ -->\n<title>El peor enemigo tras casi un a\u00f1o de confinamiento - Ecuador | Noti-America.com<\/title>\n<meta name=\"robots\" content=\"index, follow, max-snippet:-1, max-image-preview:large, max-video-preview:-1\" \/>\n<link rel=\"canonical\" href=\"https:\/\/noti-america.com\/site\/ecuador\/2021\/02\/13\/el-peor-enemigo-tras-casi-un-ano-de-confinamiento\/\" \/>\n<meta property=\"og:locale\" content=\"es_ES\" \/>\n<meta property=\"og:type\" content=\"article\" \/>\n<meta property=\"og:title\" content=\"El peor enemigo tras casi un a\u00f1o de confinamiento\" \/>\n<meta property=\"og:description\" content=\"REDACCI\u00d3N NOTI AM\u00c9RICA (ECUADOR) El aislamiento absoluto consecuencia de COVID-19 est\u00e1 cobrando factura en uno de los sectores m\u00e1s vulnerables de la sociedad. Representando apenas un 2% de nuestro peso corporal y siendo el&#046;&#046;&#046;\" \/>\n<meta property=\"og:url\" content=\"https:\/\/noti-america.com\/site\/ecuador\/2021\/02\/13\/el-peor-enemigo-tras-casi-un-ano-de-confinamiento\/\" \/>\n<meta property=\"og:site_name\" content=\"Ecuador | Noti-America.com\" \/>\n<meta property=\"article:published_time\" content=\"2021-02-13T03:49:00+00:00\" \/>\n<meta property=\"og:image\" content=\"https:\/\/noti-america.com\/site\/ecuador\/wp-content\/uploads\/sites\/18\/2021\/02\/aburrimiento-en-confinamiento.jpg\" \/>\n\t<meta property=\"og:image:width\" content=\"850\" \/>\n\t<meta property=\"og:image:height\" content=\"525\" \/>\n\t<meta property=\"og:image:type\" content=\"image\/jpeg\" \/>\n<meta name=\"author\" content=\"Gregory Quintana Montiel\" \/>\n<meta name=\"twitter:card\" content=\"summary_large_image\" \/>\n<meta name=\"twitter:creator\" content=\"@gdgregori1\" \/>\n<meta name=\"twitter:site\" content=\"@notiamerica\" \/>\n<meta name=\"twitter:label1\" content=\"Escrito por\" \/>\n\t<meta name=\"twitter:data1\" content=\"Gregory Quintana Montiel\" \/>\n\t<meta name=\"twitter:label2\" content=\"Tiempo estimado de lectura\" \/>\n\t<meta name=\"twitter:data2\" content=\"9 minutos\" \/>\n<script type=\"application\/ld+json\" class=\"yoast-schema-graph\">{\"@context\":\"https:\/\/schema.org\",\"@graph\":[{\"@type\":\"Article\",\"@id\":\"https:\/\/noti-america.com\/site\/ecuador\/2021\/02\/13\/el-peor-enemigo-tras-casi-un-ano-de-confinamiento\/#article\",\"isPartOf\":{\"@id\":\"https:\/\/noti-america.com\/site\/ecuador\/2021\/02\/13\/el-peor-enemigo-tras-casi-un-ano-de-confinamiento\/\"},\"author\":{\"name\":\"Gregory Quintana Montiel\",\"@id\":\"https:\/\/noti-america.com\/site\/ecuador\/#\/schema\/person\/3b975e42f15abfe64bfe3abdd916efda\"},\"headline\":\"El peor enemigo tras casi un a\u00f1o de confinamiento\",\"datePublished\":\"2021-02-13T03:49:00+00:00\",\"mainEntityOfPage\":{\"@id\":\"https:\/\/noti-america.com\/site\/ecuador\/2021\/02\/13\/el-peor-enemigo-tras-casi-un-ano-de-confinamiento\/\"},\"wordCount\":1823,\"commentCount\":0,\"publisher\":{\"@id\":\"https:\/\/noti-america.com\/site\/ecuador\/#organization\"},\"image\":{\"@id\":\"https:\/\/noti-america.com\/site\/ecuador\/2021\/02\/13\/el-peor-enemigo-tras-casi-un-ano-de-confinamiento\/#primaryimage\"},\"thumbnailUrl\":\"https:\/\/noti-america.com\/site\/ecuador\/wp-content\/uploads\/sites\/18\/2021\/02\/aburrimiento-en-confinamiento.jpg\",\"articleSection\":[\"Uncategorized\"],\"inLanguage\":\"es\",\"potentialAction\":[{\"@type\":\"CommentAction\",\"name\":\"Comment\",\"target\":[\"https:\/\/noti-america.com\/site\/ecuador\/2021\/02\/13\/el-peor-enemigo-tras-casi-un-ano-de-confinamiento\/#respond\"]}]},{\"@type\":\"WebPage\",\"@id\":\"https:\/\/noti-america.com\/site\/ecuador\/2021\/02\/13\/el-peor-enemigo-tras-casi-un-ano-de-confinamiento\/\",\"url\":\"https:\/\/noti-america.com\/site\/ecuador\/2021\/02\/13\/el-peor-enemigo-tras-casi-un-ano-de-confinamiento\/\",\"name\":\"El peor enemigo tras casi un a\u00f1o de confinamiento - Ecuador | Noti-America.com\",\"isPartOf\":{\"@id\":\"https:\/\/noti-america.com\/site\/ecuador\/#website\"},\"primaryImageOfPage\":{\"@id\":\"https:\/\/noti-america.com\/site\/ecuador\/2021\/02\/13\/el-peor-enemigo-tras-casi-un-ano-de-confinamiento\/#primaryimage\"},\"image\":{\"@id\":\"https:\/\/noti-america.com\/site\/ecuador\/2021\/02\/13\/el-peor-enemigo-tras-casi-un-ano-de-confinamiento\/#primaryimage\"},\"thumbnailUrl\":\"https:\/\/noti-america.com\/site\/ecuador\/wp-content\/uploads\/sites\/18\/2021\/02\/aburrimiento-en-confinamiento.jpg\",\"datePublished\":\"2021-02-13T03:49:00+00:00\",\"breadcrumb\":{\"@id\":\"https:\/\/noti-america.com\/site\/ecuador\/2021\/02\/13\/el-peor-enemigo-tras-casi-un-ano-de-confinamiento\/#breadcrumb\"},\"inLanguage\":\"es\",\"potentialAction\":[{\"@type\":\"ReadAction\",\"target\":[\"https:\/\/noti-america.com\/site\/ecuador\/2021\/02\/13\/el-peor-enemigo-tras-casi-un-ano-de-confinamiento\/\"]}]},{\"@type\":\"ImageObject\",\"inLanguage\":\"es\",\"@id\":\"https:\/\/noti-america.com\/site\/ecuador\/2021\/02\/13\/el-peor-enemigo-tras-casi-un-ano-de-confinamiento\/#primaryimage\",\"url\":\"https:\/\/noti-america.com\/site\/ecuador\/wp-content\/uploads\/sites\/18\/2021\/02\/aburrimiento-en-confinamiento.jpg\",\"contentUrl\":\"https:\/\/noti-america.com\/site\/ecuador\/wp-content\/uploads\/sites\/18\/2021\/02\/aburrimiento-en-confinamiento.jpg\",\"width\":850,\"height\":525,\"caption\":\"imagen tomada de internet\"},{\"@type\":\"BreadcrumbList\",\"@id\":\"https:\/\/noti-america.com\/site\/ecuador\/2021\/02\/13\/el-peor-enemigo-tras-casi-un-ano-de-confinamiento\/#breadcrumb\",\"itemListElement\":[{\"@type\":\"ListItem\",\"position\":1,\"name\":\"Portada\",\"item\":\"https:\/\/noti-america.com\/site\/ecuador\/\"},{\"@type\":\"ListItem\",\"position\":2,\"name\":\"El peor enemigo tras casi un a\u00f1o de confinamiento\"}]},{\"@type\":\"WebSite\",\"@id\":\"https:\/\/noti-america.com\/site\/ecuador\/#website\",\"url\":\"https:\/\/noti-america.com\/site\/ecuador\/\",\"name\":\"Ecuador | Noti-America.com\",\"description\":\"\",\"publisher\":{\"@id\":\"https:\/\/noti-america.com\/site\/ecuador\/#organization\"},\"potentialAction\":[{\"@type\":\"SearchAction\",\"target\":{\"@type\":\"EntryPoint\",\"urlTemplate\":\"https:\/\/noti-america.com\/site\/ecuador\/?s={search_term_string}\"},\"query-input\":{\"@type\":\"PropertyValueSpecification\",\"valueRequired\":true,\"valueName\":\"search_term_string\"}}],\"inLanguage\":\"es\"},{\"@type\":\"Organization\",\"@id\":\"https:\/\/noti-america.com\/site\/ecuador\/#organization\",\"name\":\"Noti-America LLC | Ecuador\",\"url\":\"https:\/\/noti-america.com\/site\/ecuador\/\",\"logo\":{\"@type\":\"ImageObject\",\"inLanguage\":\"es\",\"@id\":\"https:\/\/noti-america.com\/site\/ecuador\/#\/schema\/logo\/image\/\",\"url\":\"https:\/\/noti-america.com\/site\/ecuador\/wp-content\/uploads\/sites\/18\/2020\/07\/LogoNA-4x3-1.jpg\",\"contentUrl\":\"https:\/\/noti-america.com\/site\/ecuador\/wp-content\/uploads\/sites\/18\/2020\/07\/LogoNA-4x3-1.jpg\",\"width\":1236,\"height\":1080,\"caption\":\"Noti-America LLC | Ecuador\"},\"image\":{\"@id\":\"https:\/\/noti-america.com\/site\/ecuador\/#\/schema\/logo\/image\/\"},\"sameAs\":[\"https:\/\/x.com\/notiamerica\"]},{\"@type\":\"Person\",\"@id\":\"https:\/\/noti-america.com\/site\/ecuador\/#\/schema\/person\/3b975e42f15abfe64bfe3abdd916efda\",\"name\":\"Gregory Quintana Montiel\",\"image\":{\"@type\":\"ImageObject\",\"inLanguage\":\"es\",\"@id\":\"https:\/\/secure.gravatar.com\/avatar\/2d6b802f7720c2ec7744dcbe608cc2f3417aeb964d58b443c6d612b77531de1d?s=96&d=mm&r=g\",\"url\":\"https:\/\/secure.gravatar.com\/avatar\/2d6b802f7720c2ec7744dcbe608cc2f3417aeb964d58b443c6d612b77531de1d?s=96&d=mm&r=g\",\"contentUrl\":\"https:\/\/secure.gravatar.com\/avatar\/2d6b802f7720c2ec7744dcbe608cc2f3417aeb964d58b443c6d612b77531de1d?s=96&d=mm&r=g\",\"caption\":\"Gregory Quintana Montiel\"},\"description\":\"Licenciatura en Ciencias de la Comunicaci\u00f3n Social, egresado en la Especializaci\u00f3n Derecho Ambiental Desarrollo Sostenible y Sustentable, Miembro de la Comunidad de profesionales y experto para Latinoam\u00e9rica y el Caribe en Gesti\u00f3n por Resultado en el Desarrollo (COPLAC - GpRD) del Banco Interamericano de Desarrollo, experiencia en medios radiales y escritos.\",\"sameAs\":[\"https:\/\/x.com\/gdgregori1\",\"gquintana\"],\"url\":\"https:\/\/noti-america.com\/site\/ecuador\/author\/gquintana\/\"}]}<\/script>\n<!-- \/ Yoast SEO Premium plugin. -->","yoast_head_json":{"title":"El peor enemigo tras casi un a\u00f1o de confinamiento - Ecuador | Noti-America.com","robots":{"index":"index","follow":"follow","max-snippet":"max-snippet:-1","max-image-preview":"max-image-preview:large","max-video-preview":"max-video-preview:-1"},"canonical":"https:\/\/noti-america.com\/site\/ecuador\/2021\/02\/13\/el-peor-enemigo-tras-casi-un-ano-de-confinamiento\/","og_locale":"es_ES","og_type":"article","og_title":"El peor enemigo tras casi un a\u00f1o de confinamiento","og_description":"REDACCI\u00d3N NOTI AM\u00c9RICA (ECUADOR) El aislamiento absoluto consecuencia de COVID-19 est\u00e1 cobrando factura en uno de los sectores m\u00e1s vulnerables de la sociedad. Representando apenas un 2% de nuestro peso corporal y siendo el&#46;&#46;&#46;","og_url":"https:\/\/noti-america.com\/site\/ecuador\/2021\/02\/13\/el-peor-enemigo-tras-casi-un-ano-de-confinamiento\/","og_site_name":"Ecuador | Noti-America.com","article_published_time":"2021-02-13T03:49:00+00:00","og_image":[{"width":850,"height":525,"url":"https:\/\/noti-america.com\/site\/ecuador\/wp-content\/uploads\/sites\/18\/2021\/02\/aburrimiento-en-confinamiento.jpg","type":"image\/jpeg"}],"author":"Gregory Quintana Montiel","twitter_card":"summary_large_image","twitter_creator":"@gdgregori1","twitter_site":"@notiamerica","twitter_misc":{"Escrito por":"Gregory Quintana Montiel","Tiempo estimado de lectura":"9 minutos"},"schema":{"@context":"https:\/\/schema.org","@graph":[{"@type":"Article","@id":"https:\/\/noti-america.com\/site\/ecuador\/2021\/02\/13\/el-peor-enemigo-tras-casi-un-ano-de-confinamiento\/#article","isPartOf":{"@id":"https:\/\/noti-america.com\/site\/ecuador\/2021\/02\/13\/el-peor-enemigo-tras-casi-un-ano-de-confinamiento\/"},"author":{"name":"Gregory Quintana Montiel","@id":"https:\/\/noti-america.com\/site\/ecuador\/#\/schema\/person\/3b975e42f15abfe64bfe3abdd916efda"},"headline":"El peor enemigo tras casi un a\u00f1o de confinamiento","datePublished":"2021-02-13T03:49:00+00:00","mainEntityOfPage":{"@id":"https:\/\/noti-america.com\/site\/ecuador\/2021\/02\/13\/el-peor-enemigo-tras-casi-un-ano-de-confinamiento\/"},"wordCount":1823,"commentCount":0,"publisher":{"@id":"https:\/\/noti-america.com\/site\/ecuador\/#organization"},"image":{"@id":"https:\/\/noti-america.com\/site\/ecuador\/2021\/02\/13\/el-peor-enemigo-tras-casi-un-ano-de-confinamiento\/#primaryimage"},"thumbnailUrl":"https:\/\/noti-america.com\/site\/ecuador\/wp-content\/uploads\/sites\/18\/2021\/02\/aburrimiento-en-confinamiento.jpg","articleSection":["Uncategorized"],"inLanguage":"es","potentialAction":[{"@type":"CommentAction","name":"Comment","target":["https:\/\/noti-america.com\/site\/ecuador\/2021\/02\/13\/el-peor-enemigo-tras-casi-un-ano-de-confinamiento\/#respond"]}]},{"@type":"WebPage","@id":"https:\/\/noti-america.com\/site\/ecuador\/2021\/02\/13\/el-peor-enemigo-tras-casi-un-ano-de-confinamiento\/","url":"https:\/\/noti-america.com\/site\/ecuador\/2021\/02\/13\/el-peor-enemigo-tras-casi-un-ano-de-confinamiento\/","name":"El peor enemigo tras casi un a\u00f1o de confinamiento - Ecuador | Noti-America.com","isPartOf":{"@id":"https:\/\/noti-america.com\/site\/ecuador\/#website"},"primaryImageOfPage":{"@id":"https:\/\/noti-america.com\/site\/ecuador\/2021\/02\/13\/el-peor-enemigo-tras-casi-un-ano-de-confinamiento\/#primaryimage"},"image":{"@id":"https:\/\/noti-america.com\/site\/ecuador\/2021\/02\/13\/el-peor-enemigo-tras-casi-un-ano-de-confinamiento\/#primaryimage"},"thumbnailUrl":"https:\/\/noti-america.com\/site\/ecuador\/wp-content\/uploads\/sites\/18\/2021\/02\/aburrimiento-en-confinamiento.jpg","datePublished":"2021-02-13T03:49:00+00:00","breadcrumb":{"@id":"https:\/\/noti-america.com\/site\/ecuador\/2021\/02\/13\/el-peor-enemigo-tras-casi-un-ano-de-confinamiento\/#breadcrumb"},"inLanguage":"es","potentialAction":[{"@type":"ReadAction","target":["https:\/\/noti-america.com\/site\/ecuador\/2021\/02\/13\/el-peor-enemigo-tras-casi-un-ano-de-confinamiento\/"]}]},{"@type":"ImageObject","inLanguage":"es","@id":"https:\/\/noti-america.com\/site\/ecuador\/2021\/02\/13\/el-peor-enemigo-tras-casi-un-ano-de-confinamiento\/#primaryimage","url":"https:\/\/noti-america.com\/site\/ecuador\/wp-content\/uploads\/sites\/18\/2021\/02\/aburrimiento-en-confinamiento.jpg","contentUrl":"https:\/\/noti-america.com\/site\/ecuador\/wp-content\/uploads\/sites\/18\/2021\/02\/aburrimiento-en-confinamiento.jpg","width":850,"height":525,"caption":"imagen tomada de internet"},{"@type":"BreadcrumbList","@id":"https:\/\/noti-america.com\/site\/ecuador\/2021\/02\/13\/el-peor-enemigo-tras-casi-un-ano-de-confinamiento\/#breadcrumb","itemListElement":[{"@type":"ListItem","position":1,"name":"Portada","item":"https:\/\/noti-america.com\/site\/ecuador\/"},{"@type":"ListItem","position":2,"name":"El peor enemigo tras casi un a\u00f1o de confinamiento"}]},{"@type":"WebSite","@id":"https:\/\/noti-america.com\/site\/ecuador\/#website","url":"https:\/\/noti-america.com\/site\/ecuador\/","name":"Ecuador | Noti-America.com","description":"","publisher":{"@id":"https:\/\/noti-america.com\/site\/ecuador\/#organization"},"potentialAction":[{"@type":"SearchAction","target":{"@type":"EntryPoint","urlTemplate":"https:\/\/noti-america.com\/site\/ecuador\/?s={search_term_string}"},"query-input":{"@type":"PropertyValueSpecification","valueRequired":true,"valueName":"search_term_string"}}],"inLanguage":"es"},{"@type":"Organization","@id":"https:\/\/noti-america.com\/site\/ecuador\/#organization","name":"Noti-America LLC | Ecuador","url":"https:\/\/noti-america.com\/site\/ecuador\/","logo":{"@type":"ImageObject","inLanguage":"es","@id":"https:\/\/noti-america.com\/site\/ecuador\/#\/schema\/logo\/image\/","url":"https:\/\/noti-america.com\/site\/ecuador\/wp-content\/uploads\/sites\/18\/2020\/07\/LogoNA-4x3-1.jpg","contentUrl":"https:\/\/noti-america.com\/site\/ecuador\/wp-content\/uploads\/sites\/18\/2020\/07\/LogoNA-4x3-1.jpg","width":1236,"height":1080,"caption":"Noti-America LLC | Ecuador"},"image":{"@id":"https:\/\/noti-america.com\/site\/ecuador\/#\/schema\/logo\/image\/"},"sameAs":["https:\/\/x.com\/notiamerica"]},{"@type":"Person","@id":"https:\/\/noti-america.com\/site\/ecuador\/#\/schema\/person\/3b975e42f15abfe64bfe3abdd916efda","name":"Gregory Quintana Montiel","image":{"@type":"ImageObject","inLanguage":"es","@id":"https:\/\/secure.gravatar.com\/avatar\/2d6b802f7720c2ec7744dcbe608cc2f3417aeb964d58b443c6d612b77531de1d?s=96&d=mm&r=g","url":"https:\/\/secure.gravatar.com\/avatar\/2d6b802f7720c2ec7744dcbe608cc2f3417aeb964d58b443c6d612b77531de1d?s=96&d=mm&r=g","contentUrl":"https:\/\/secure.gravatar.com\/avatar\/2d6b802f7720c2ec7744dcbe608cc2f3417aeb964d58b443c6d612b77531de1d?s=96&d=mm&r=g","caption":"Gregory Quintana Montiel"},"description":"Licenciatura en Ciencias de la Comunicaci\u00f3n Social, egresado en la Especializaci\u00f3n Derecho Ambiental Desarrollo Sostenible y Sustentable, Miembro de la Comunidad de profesionales y experto para Latinoam\u00e9rica y el Caribe en Gesti\u00f3n por Resultado en el Desarrollo (COPLAC - GpRD) del Banco Interamericano de Desarrollo, experiencia en medios radiales y escritos.","sameAs":["https:\/\/x.com\/gdgregori1","gquintana"],"url":"https:\/\/noti-america.com\/site\/ecuador\/author\/gquintana\/"}]}},"_links":{"self":[{"href":"https:\/\/noti-america.com\/site\/ecuador\/wp-json\/wp\/v2\/posts\/13013","targetHints":{"allow":["GET"]}}],"collection":[{"href":"https:\/\/noti-america.com\/site\/ecuador\/wp-json\/wp\/v2\/posts"}],"about":[{"href":"https:\/\/noti-america.com\/site\/ecuador\/wp-json\/wp\/v2\/types\/post"}],"author":[{"embeddable":true,"href":"https:\/\/noti-america.com\/site\/ecuador\/wp-json\/wp\/v2\/users\/17"}],"replies":[{"embeddable":true,"href":"https:\/\/noti-america.com\/site\/ecuador\/wp-json\/wp\/v2\/comments?post=13013"}],"version-history":[{"count":1,"href":"https:\/\/noti-america.com\/site\/ecuador\/wp-json\/wp\/v2\/posts\/13013\/revisions"}],"predecessor-version":[{"id":13015,"href":"https:\/\/noti-america.com\/site\/ecuador\/wp-json\/wp\/v2\/posts\/13013\/revisions\/13015"}],"wp:featuredmedia":[{"embeddable":true,"href":"https:\/\/noti-america.com\/site\/ecuador\/wp-json\/wp\/v2\/media\/13014"}],"wp:attachment":[{"href":"https:\/\/noti-america.com\/site\/ecuador\/wp-json\/wp\/v2\/media?parent=13013"}],"wp:term":[{"taxonomy":"category","embeddable":true,"href":"https:\/\/noti-america.com\/site\/ecuador\/wp-json\/wp\/v2\/categories?post=13013"},{"taxonomy":"post_tag","embeddable":true,"href":"https:\/\/noti-america.com\/site\/ecuador\/wp-json\/wp\/v2\/tags?post=13013"}],"curies":[{"name":"wp","href":"https:\/\/api.w.org\/{rel}","templated":true}]}}