{"id":12977,"date":"2021-02-10T15:40:15","date_gmt":"2021-02-10T15:40:15","guid":{"rendered":"https:\/\/noti-america.com\/site\/ecuador\/?p=12977"},"modified":"2021-02-10T15:40:15","modified_gmt":"2021-02-10T15:40:15","slug":"deleite-y-aceptacion-se-vivio-en-las-ferias-nosotros-emprendemos-de-guayaquil-y-duran","status":"publish","type":"post","link":"https:\/\/noti-america.com\/site\/ecuador\/2021\/02\/10\/deleite-y-aceptacion-se-vivio-en-las-ferias-nosotros-emprendemos-de-guayaquil-y-duran\/","title":{"rendered":"Deleite y aceptaci\u00f3n se vivi\u00f3 en las ferias \u00abNosotros Emprendemos\u00bb de Guayaquil y Dur\u00e1n"},"content":{"rendered":"<p><strong>REDACCI\u00d3N NOTI AM\u00c9RICA (ECUADOR)<\/strong><\/p>\n<div id=\"attachment_12978\" style=\"width: 699px\" class=\"wp-caption aligncenter\"><img loading=\"lazy\" decoding=\"async\" aria-describedby=\"caption-attachment-12978\" class=\"wp-image-12978\" src=\"https:\/\/noti-america.com\/site\/ecuador\/wp-content\/uploads\/sites\/18\/2021\/02\/10-feb-WhatsApp-Image-2021-01-29-at-3.17.50-PM-2-300x225.jpeg\" alt=\"\" width=\"689\" height=\"517\" srcset=\"https:\/\/noti-america.com\/site\/ecuador\/wp-content\/uploads\/sites\/18\/2021\/02\/10-feb-WhatsApp-Image-2021-01-29-at-3.17.50-PM-2-300x225.jpeg 300w, https:\/\/noti-america.com\/site\/ecuador\/wp-content\/uploads\/sites\/18\/2021\/02\/10-feb-WhatsApp-Image-2021-01-29-at-3.17.50-PM-2-768x576.jpeg 768w, https:\/\/noti-america.com\/site\/ecuador\/wp-content\/uploads\/sites\/18\/2021\/02\/10-feb-WhatsApp-Image-2021-01-29-at-3.17.50-PM-2.jpeg 1024w\" sizes=\"auto, (max-width: 689px) 100vw, 689px\" \/><p id=\"caption-attachment-12978\" class=\"wp-caption-text\">En cada feria se concentraron 10 participantes por espacio, manteniendo las debidas normas de bioseguridad, tal como sucedi\u00f3 en el edificio Joaqu\u00edn Gallegos Lara, en las oficinas del MIES del centro de Guayaquil y en el sector El Recreo del cant\u00f3n Dur\u00e1n.<\/p><\/div>\n<p style=\"text-align: justify\">Un total de 30 emprendedoras apoyadas con recursos, capacitaci\u00f3n y acompa\u00f1amiento por parte del Ministerio de Inclusi\u00f3n Econ\u00f3mica y Social (MIES), tuvieron la posibilidad de exponer y comercializar sus productos durante la feria\u00a0<strong><em>\u201cNosotras Emprendemos\u201d<\/em><\/strong>, que se desarroll\u00f3 de manera simult\u00e1nea en espacios p\u00fablicos del norte y sur de Guayaquil, as\u00ed como del cant\u00f3n Dur\u00e1n.<\/p>\n<p style=\"text-align: justify\">Como resultado de esta gesti\u00f3n del MIES, Katalina Licoa, lleg\u00f3 hasta el edificio Joaqu\u00edn Gallegos Lara, en el norte de Guayaquil, para ofrecer pasteles (combinaci\u00f3n de harina con carne, pollo, chorizo) que prepara en su propio domicilio del sector Balerio Estacio, donde ha ubicado un horno que pudo adquirir con el Cr\u00e9dito de Desarrollo Humano (CDH) de US$. 1.200. \u201cMe ha ido muy bien porque ya termin\u00e9 lo que traje\u201d, se\u00f1al\u00f3.<\/p>\n<p style=\"text-align: justify\">Desde otro sector, la cooperativa Sergio Toral, se hizo presente en el mismo lugar Jenniffer Josing, con diferentes modelos de sandalias femeninas que elabora con apoyo de su esposo, como parte de un negocio familiar, que busca fortalecer con otro CDH. \u201cEs la primera vez que estoy participando en una feria\u201d, se\u00f1al\u00f3 esta emprendedora quien adem\u00e1s ha recibido capacitaci\u00f3n en administraci\u00f3n de recursos.<\/p>\n<p style=\"text-align: justify\">Jhon Chele, miembro del equipo t\u00e9cnico de la unidad de Emprendimiento y Gesti\u00f3n del Conocimiento del MIES para los cantones Guayaquil, Dur\u00e1n y Samborond\u00f3n, se\u00f1al\u00f3 que en esta ocasi\u00f3n la feria \u201cNosotras Emprendemos\u201d expuso productos de gastronom\u00eda, artesan\u00eda y textil.<\/p>\n<p style=\"text-align: justify\">\u201cAqu\u00ed est\u00e1n participando los usuarios del Bono de Desarrollo Humano (CDH) que accedieron a montos de US$ 600 y US$ 1.200 que representa un adelanto del bono por el periodo de uno y dos a\u00f1os respectivamente\u201d, dijo.<\/p>\n<p style=\"text-align: justify\">\n","protected":false},"excerpt":{"rendered":"<p>REDACCI\u00d3N NOTI AM\u00c9RICA (ECUADOR) Un total de 30 emprendedoras apoyadas con recursos, capacitaci\u00f3n y acompa\u00f1amiento por parte del Ministerio de Inclusi\u00f3n Econ\u00f3mica y Social (MIES), tuvieron la posibilidad de exponer y comercializar sus productos&#46;&#46;&#46;<\/p>\n","protected":false},"author":113,"featured_media":12978,"comment_status":"open","ping_status":"open","sticky":false,"template":"","format":"standard","meta":{"_acf_changed":false,"om_disable_all_campaigns":false,"rop_custom_images_group":[],"rop_custom_messages_group":[],"rop_publish_now":"initial","rop_publish_now_accounts":{"twitter_242054905_242054905":""},"rop_publish_now_history":[],"rop_publish_now_status":"pending","_uf_show_specific_survey":0,"_uf_disable_surveys":false,"footnotes":""},"categories":[1],"tags":[],"class_list":["post-12977","post","type-post","status-publish","format-standard","has-post-thumbnail","hentry","category-uncategorized"],"acf":[],"aioseo_notices":[],"yoast_head":"<!-- This site is optimized with the Yoast SEO Premium plugin v24.9 (Yoast SEO v27.2) - https:\/\/yoast.com\/product\/yoast-seo-premium-wordpress\/ -->\n<title>Deleite y aceptaci\u00f3n se vivi\u00f3 en las ferias &quot;Nosotros Emprendemos&quot; de Guayaquil y Dur\u00e1n - Ecuador | Noti-America.com<\/title>\n<meta name=\"robots\" content=\"index, follow, max-snippet:-1, max-image-preview:large, max-video-preview:-1\" \/>\n<link rel=\"canonical\" href=\"https:\/\/noti-america.com\/site\/ecuador\/2021\/02\/10\/deleite-y-aceptacion-se-vivio-en-las-ferias-nosotros-emprendemos-de-guayaquil-y-duran\/\" \/>\n<meta property=\"og:locale\" content=\"es_ES\" \/>\n<meta property=\"og:type\" content=\"article\" \/>\n<meta property=\"og:title\" content=\"Deleite y aceptaci\u00f3n se vivi\u00f3 en las ferias &quot;Nosotros Emprendemos&quot; de Guayaquil y Dur\u00e1n\" \/>\n<meta property=\"og:description\" content=\"REDACCI\u00d3N NOTI AM\u00c9RICA (ECUADOR) Un total de 30 emprendedoras apoyadas con recursos, capacitaci\u00f3n y acompa\u00f1amiento por parte del Ministerio de Inclusi\u00f3n Econ\u00f3mica y Social (MIES), tuvieron la posibilidad de exponer y comercializar sus productos&#046;&#046;&#046;\" \/>\n<meta property=\"og:url\" content=\"https:\/\/noti-america.com\/site\/ecuador\/2021\/02\/10\/deleite-y-aceptacion-se-vivio-en-las-ferias-nosotros-emprendemos-de-guayaquil-y-duran\/\" \/>\n<meta property=\"og:site_name\" content=\"Ecuador | Noti-America.com\" \/>\n<meta property=\"article:published_time\" content=\"2021-02-10T15:40:15+00:00\" \/>\n<meta property=\"og:image\" content=\"https:\/\/noti-america.com\/site\/ecuador\/wp-content\/uploads\/sites\/18\/2021\/02\/10-feb-WhatsApp-Image-2021-01-29-at-3.17.50-PM-2.jpeg\" \/>\n\t<meta property=\"og:image:width\" content=\"1024\" \/>\n\t<meta property=\"og:image:height\" content=\"768\" \/>\n\t<meta property=\"og:image:type\" content=\"image\/jpeg\" \/>\n<meta name=\"author\" content=\"Henry Ortiz\" \/>\n<meta name=\"twitter:card\" content=\"summary_large_image\" \/>\n<meta name=\"twitter:creator\" content=\"@notiamerica\" \/>\n<meta name=\"twitter:site\" content=\"@notiamerica\" \/>\n<meta name=\"twitter:label1\" content=\"Escrito por\" \/>\n\t<meta name=\"twitter:data1\" content=\"Henry Ortiz\" \/>\n\t<meta name=\"twitter:label2\" content=\"Tiempo estimado de lectura\" \/>\n\t<meta name=\"twitter:data2\" content=\"2 minutos\" \/>\n<script type=\"application\/ld+json\" class=\"yoast-schema-graph\">{\"@context\":\"https:\/\/schema.org\",\"@graph\":[{\"@type\":\"Article\",\"@id\":\"https:\/\/noti-america.com\/site\/ecuador\/2021\/02\/10\/deleite-y-aceptacion-se-vivio-en-las-ferias-nosotros-emprendemos-de-guayaquil-y-duran\/#article\",\"isPartOf\":{\"@id\":\"https:\/\/noti-america.com\/site\/ecuador\/2021\/02\/10\/deleite-y-aceptacion-se-vivio-en-las-ferias-nosotros-emprendemos-de-guayaquil-y-duran\/\"},\"author\":{\"name\":\"Henry Ortiz\",\"@id\":\"https:\/\/noti-america.com\/site\/ecuador\/#\/schema\/person\/b9d1630cc6598af759d45c790a347283\"},\"headline\":\"Deleite y aceptaci\u00f3n se vivi\u00f3 en las ferias \u00abNosotros Emprendemos\u00bb de Guayaquil y Dur\u00e1n\",\"datePublished\":\"2021-02-10T15:40:15+00:00\",\"mainEntityOfPage\":{\"@id\":\"https:\/\/noti-america.com\/site\/ecuador\/2021\/02\/10\/deleite-y-aceptacion-se-vivio-en-las-ferias-nosotros-emprendemos-de-guayaquil-y-duran\/\"},\"wordCount\":362,\"commentCount\":0,\"publisher\":{\"@id\":\"https:\/\/noti-america.com\/site\/ecuador\/#organization\"},\"image\":{\"@id\":\"https:\/\/noti-america.com\/site\/ecuador\/2021\/02\/10\/deleite-y-aceptacion-se-vivio-en-las-ferias-nosotros-emprendemos-de-guayaquil-y-duran\/#primaryimage\"},\"thumbnailUrl\":\"https:\/\/noti-america.com\/site\/ecuador\/wp-content\/uploads\/sites\/18\/2021\/02\/10-feb-WhatsApp-Image-2021-01-29-at-3.17.50-PM-2.jpeg\",\"articleSection\":[\"Uncategorized\"],\"inLanguage\":\"es\",\"potentialAction\":[{\"@type\":\"CommentAction\",\"name\":\"Comment\",\"target\":[\"https:\/\/noti-america.com\/site\/ecuador\/2021\/02\/10\/deleite-y-aceptacion-se-vivio-en-las-ferias-nosotros-emprendemos-de-guayaquil-y-duran\/#respond\"]}]},{\"@type\":\"WebPage\",\"@id\":\"https:\/\/noti-america.com\/site\/ecuador\/2021\/02\/10\/deleite-y-aceptacion-se-vivio-en-las-ferias-nosotros-emprendemos-de-guayaquil-y-duran\/\",\"url\":\"https:\/\/noti-america.com\/site\/ecuador\/2021\/02\/10\/deleite-y-aceptacion-se-vivio-en-las-ferias-nosotros-emprendemos-de-guayaquil-y-duran\/\",\"name\":\"Deleite y aceptaci\u00f3n se vivi\u00f3 en las ferias \\\"Nosotros Emprendemos\\\" de Guayaquil y Dur\u00e1n - Ecuador | Noti-America.com\",\"isPartOf\":{\"@id\":\"https:\/\/noti-america.com\/site\/ecuador\/#website\"},\"primaryImageOfPage\":{\"@id\":\"https:\/\/noti-america.com\/site\/ecuador\/2021\/02\/10\/deleite-y-aceptacion-se-vivio-en-las-ferias-nosotros-emprendemos-de-guayaquil-y-duran\/#primaryimage\"},\"image\":{\"@id\":\"https:\/\/noti-america.com\/site\/ecuador\/2021\/02\/10\/deleite-y-aceptacion-se-vivio-en-las-ferias-nosotros-emprendemos-de-guayaquil-y-duran\/#primaryimage\"},\"thumbnailUrl\":\"https:\/\/noti-america.com\/site\/ecuador\/wp-content\/uploads\/sites\/18\/2021\/02\/10-feb-WhatsApp-Image-2021-01-29-at-3.17.50-PM-2.jpeg\",\"datePublished\":\"2021-02-10T15:40:15+00:00\",\"breadcrumb\":{\"@id\":\"https:\/\/noti-america.com\/site\/ecuador\/2021\/02\/10\/deleite-y-aceptacion-se-vivio-en-las-ferias-nosotros-emprendemos-de-guayaquil-y-duran\/#breadcrumb\"},\"inLanguage\":\"es\",\"potentialAction\":[{\"@type\":\"ReadAction\",\"target\":[\"https:\/\/noti-america.com\/site\/ecuador\/2021\/02\/10\/deleite-y-aceptacion-se-vivio-en-las-ferias-nosotros-emprendemos-de-guayaquil-y-duran\/\"]}]},{\"@type\":\"ImageObject\",\"inLanguage\":\"es\",\"@id\":\"https:\/\/noti-america.com\/site\/ecuador\/2021\/02\/10\/deleite-y-aceptacion-se-vivio-en-las-ferias-nosotros-emprendemos-de-guayaquil-y-duran\/#primaryimage\",\"url\":\"https:\/\/noti-america.com\/site\/ecuador\/wp-content\/uploads\/sites\/18\/2021\/02\/10-feb-WhatsApp-Image-2021-01-29-at-3.17.50-PM-2.jpeg\",\"contentUrl\":\"https:\/\/noti-america.com\/site\/ecuador\/wp-content\/uploads\/sites\/18\/2021\/02\/10-feb-WhatsApp-Image-2021-01-29-at-3.17.50-PM-2.jpeg\",\"width\":1024,\"height\":768},{\"@type\":\"BreadcrumbList\",\"@id\":\"https:\/\/noti-america.com\/site\/ecuador\/2021\/02\/10\/deleite-y-aceptacion-se-vivio-en-las-ferias-nosotros-emprendemos-de-guayaquil-y-duran\/#breadcrumb\",\"itemListElement\":[{\"@type\":\"ListItem\",\"position\":1,\"name\":\"Portada\",\"item\":\"https:\/\/noti-america.com\/site\/ecuador\/\"},{\"@type\":\"ListItem\",\"position\":2,\"name\":\"Deleite y aceptaci\u00f3n se vivi\u00f3 en las ferias \u00abNosotros Emprendemos\u00bb de Guayaquil y Dur\u00e1n\"}]},{\"@type\":\"WebSite\",\"@id\":\"https:\/\/noti-america.com\/site\/ecuador\/#website\",\"url\":\"https:\/\/noti-america.com\/site\/ecuador\/\",\"name\":\"Ecuador | Noti-America.com\",\"description\":\"\",\"publisher\":{\"@id\":\"https:\/\/noti-america.com\/site\/ecuador\/#organization\"},\"potentialAction\":[{\"@type\":\"SearchAction\",\"target\":{\"@type\":\"EntryPoint\",\"urlTemplate\":\"https:\/\/noti-america.com\/site\/ecuador\/?s={search_term_string}\"},\"query-input\":{\"@type\":\"PropertyValueSpecification\",\"valueRequired\":true,\"valueName\":\"search_term_string\"}}],\"inLanguage\":\"es\"},{\"@type\":\"Organization\",\"@id\":\"https:\/\/noti-america.com\/site\/ecuador\/#organization\",\"name\":\"Noti-America LLC | Ecuador\",\"url\":\"https:\/\/noti-america.com\/site\/ecuador\/\",\"logo\":{\"@type\":\"ImageObject\",\"inLanguage\":\"es\",\"@id\":\"https:\/\/noti-america.com\/site\/ecuador\/#\/schema\/logo\/image\/\",\"url\":\"https:\/\/noti-america.com\/site\/ecuador\/wp-content\/uploads\/sites\/18\/2020\/07\/LogoNA-4x3-1.jpg\",\"contentUrl\":\"https:\/\/noti-america.com\/site\/ecuador\/wp-content\/uploads\/sites\/18\/2020\/07\/LogoNA-4x3-1.jpg\",\"width\":1236,\"height\":1080,\"caption\":\"Noti-America LLC | Ecuador\"},\"image\":{\"@id\":\"https:\/\/noti-america.com\/site\/ecuador\/#\/schema\/logo\/image\/\"},\"sameAs\":[\"https:\/\/x.com\/notiamerica\"]},{\"@type\":\"Person\",\"@id\":\"https:\/\/noti-america.com\/site\/ecuador\/#\/schema\/person\/b9d1630cc6598af759d45c790a347283\",\"name\":\"Henry Ortiz\",\"image\":{\"@type\":\"ImageObject\",\"inLanguage\":\"es\",\"@id\":\"https:\/\/secure.gravatar.com\/avatar\/0b5407b5b302fbb6a578e625dca512ac2983ee5fa9ea941d581b83c40212e4c8?s=96&d=mm&r=g\",\"url\":\"https:\/\/secure.gravatar.com\/avatar\/0b5407b5b302fbb6a578e625dca512ac2983ee5fa9ea941d581b83c40212e4c8?s=96&d=mm&r=g\",\"contentUrl\":\"https:\/\/secure.gravatar.com\/avatar\/0b5407b5b302fbb6a578e625dca512ac2983ee5fa9ea941d581b83c40212e4c8?s=96&d=mm&r=g\",\"caption\":\"Henry Ortiz\"},\"url\":\"https:\/\/noti-america.com\/site\/ecuador\/author\/hortiz\/\"}]}<\/script>\n<!-- \/ Yoast SEO Premium plugin. -->","yoast_head_json":{"title":"Deleite y aceptaci\u00f3n se vivi\u00f3 en las ferias \"Nosotros Emprendemos\" de Guayaquil y Dur\u00e1n - Ecuador | Noti-America.com","robots":{"index":"index","follow":"follow","max-snippet":"max-snippet:-1","max-image-preview":"max-image-preview:large","max-video-preview":"max-video-preview:-1"},"canonical":"https:\/\/noti-america.com\/site\/ecuador\/2021\/02\/10\/deleite-y-aceptacion-se-vivio-en-las-ferias-nosotros-emprendemos-de-guayaquil-y-duran\/","og_locale":"es_ES","og_type":"article","og_title":"Deleite y aceptaci\u00f3n se vivi\u00f3 en las ferias \"Nosotros Emprendemos\" de Guayaquil y Dur\u00e1n","og_description":"REDACCI\u00d3N NOTI AM\u00c9RICA (ECUADOR) Un total de 30 emprendedoras apoyadas con recursos, capacitaci\u00f3n y acompa\u00f1amiento por parte del Ministerio de Inclusi\u00f3n Econ\u00f3mica y Social (MIES), tuvieron la posibilidad de exponer y comercializar sus productos&#46;&#46;&#46;","og_url":"https:\/\/noti-america.com\/site\/ecuador\/2021\/02\/10\/deleite-y-aceptacion-se-vivio-en-las-ferias-nosotros-emprendemos-de-guayaquil-y-duran\/","og_site_name":"Ecuador | Noti-America.com","article_published_time":"2021-02-10T15:40:15+00:00","og_image":[{"width":1024,"height":768,"url":"https:\/\/noti-america.com\/site\/ecuador\/wp-content\/uploads\/sites\/18\/2021\/02\/10-feb-WhatsApp-Image-2021-01-29-at-3.17.50-PM-2.jpeg","type":"image\/jpeg"}],"author":"Henry Ortiz","twitter_card":"summary_large_image","twitter_creator":"@notiamerica","twitter_site":"@notiamerica","twitter_misc":{"Escrito por":"Henry Ortiz","Tiempo estimado de lectura":"2 minutos"},"schema":{"@context":"https:\/\/schema.org","@graph":[{"@type":"Article","@id":"https:\/\/noti-america.com\/site\/ecuador\/2021\/02\/10\/deleite-y-aceptacion-se-vivio-en-las-ferias-nosotros-emprendemos-de-guayaquil-y-duran\/#article","isPartOf":{"@id":"https:\/\/noti-america.com\/site\/ecuador\/2021\/02\/10\/deleite-y-aceptacion-se-vivio-en-las-ferias-nosotros-emprendemos-de-guayaquil-y-duran\/"},"author":{"name":"Henry Ortiz","@id":"https:\/\/noti-america.com\/site\/ecuador\/#\/schema\/person\/b9d1630cc6598af759d45c790a347283"},"headline":"Deleite y aceptaci\u00f3n se vivi\u00f3 en las ferias \u00abNosotros Emprendemos\u00bb de Guayaquil y Dur\u00e1n","datePublished":"2021-02-10T15:40:15+00:00","mainEntityOfPage":{"@id":"https:\/\/noti-america.com\/site\/ecuador\/2021\/02\/10\/deleite-y-aceptacion-se-vivio-en-las-ferias-nosotros-emprendemos-de-guayaquil-y-duran\/"},"wordCount":362,"commentCount":0,"publisher":{"@id":"https:\/\/noti-america.com\/site\/ecuador\/#organization"},"image":{"@id":"https:\/\/noti-america.com\/site\/ecuador\/2021\/02\/10\/deleite-y-aceptacion-se-vivio-en-las-ferias-nosotros-emprendemos-de-guayaquil-y-duran\/#primaryimage"},"thumbnailUrl":"https:\/\/noti-america.com\/site\/ecuador\/wp-content\/uploads\/sites\/18\/2021\/02\/10-feb-WhatsApp-Image-2021-01-29-at-3.17.50-PM-2.jpeg","articleSection":["Uncategorized"],"inLanguage":"es","potentialAction":[{"@type":"CommentAction","name":"Comment","target":["https:\/\/noti-america.com\/site\/ecuador\/2021\/02\/10\/deleite-y-aceptacion-se-vivio-en-las-ferias-nosotros-emprendemos-de-guayaquil-y-duran\/#respond"]}]},{"@type":"WebPage","@id":"https:\/\/noti-america.com\/site\/ecuador\/2021\/02\/10\/deleite-y-aceptacion-se-vivio-en-las-ferias-nosotros-emprendemos-de-guayaquil-y-duran\/","url":"https:\/\/noti-america.com\/site\/ecuador\/2021\/02\/10\/deleite-y-aceptacion-se-vivio-en-las-ferias-nosotros-emprendemos-de-guayaquil-y-duran\/","name":"Deleite y aceptaci\u00f3n se vivi\u00f3 en las ferias \"Nosotros Emprendemos\" de Guayaquil y Dur\u00e1n - Ecuador | Noti-America.com","isPartOf":{"@id":"https:\/\/noti-america.com\/site\/ecuador\/#website"},"primaryImageOfPage":{"@id":"https:\/\/noti-america.com\/site\/ecuador\/2021\/02\/10\/deleite-y-aceptacion-se-vivio-en-las-ferias-nosotros-emprendemos-de-guayaquil-y-duran\/#primaryimage"},"image":{"@id":"https:\/\/noti-america.com\/site\/ecuador\/2021\/02\/10\/deleite-y-aceptacion-se-vivio-en-las-ferias-nosotros-emprendemos-de-guayaquil-y-duran\/#primaryimage"},"thumbnailUrl":"https:\/\/noti-america.com\/site\/ecuador\/wp-content\/uploads\/sites\/18\/2021\/02\/10-feb-WhatsApp-Image-2021-01-29-at-3.17.50-PM-2.jpeg","datePublished":"2021-02-10T15:40:15+00:00","breadcrumb":{"@id":"https:\/\/noti-america.com\/site\/ecuador\/2021\/02\/10\/deleite-y-aceptacion-se-vivio-en-las-ferias-nosotros-emprendemos-de-guayaquil-y-duran\/#breadcrumb"},"inLanguage":"es","potentialAction":[{"@type":"ReadAction","target":["https:\/\/noti-america.com\/site\/ecuador\/2021\/02\/10\/deleite-y-aceptacion-se-vivio-en-las-ferias-nosotros-emprendemos-de-guayaquil-y-duran\/"]}]},{"@type":"ImageObject","inLanguage":"es","@id":"https:\/\/noti-america.com\/site\/ecuador\/2021\/02\/10\/deleite-y-aceptacion-se-vivio-en-las-ferias-nosotros-emprendemos-de-guayaquil-y-duran\/#primaryimage","url":"https:\/\/noti-america.com\/site\/ecuador\/wp-content\/uploads\/sites\/18\/2021\/02\/10-feb-WhatsApp-Image-2021-01-29-at-3.17.50-PM-2.jpeg","contentUrl":"https:\/\/noti-america.com\/site\/ecuador\/wp-content\/uploads\/sites\/18\/2021\/02\/10-feb-WhatsApp-Image-2021-01-29-at-3.17.50-PM-2.jpeg","width":1024,"height":768},{"@type":"BreadcrumbList","@id":"https:\/\/noti-america.com\/site\/ecuador\/2021\/02\/10\/deleite-y-aceptacion-se-vivio-en-las-ferias-nosotros-emprendemos-de-guayaquil-y-duran\/#breadcrumb","itemListElement":[{"@type":"ListItem","position":1,"name":"Portada","item":"https:\/\/noti-america.com\/site\/ecuador\/"},{"@type":"ListItem","position":2,"name":"Deleite y aceptaci\u00f3n se vivi\u00f3 en las ferias \u00abNosotros Emprendemos\u00bb de Guayaquil y Dur\u00e1n"}]},{"@type":"WebSite","@id":"https:\/\/noti-america.com\/site\/ecuador\/#website","url":"https:\/\/noti-america.com\/site\/ecuador\/","name":"Ecuador | Noti-America.com","description":"","publisher":{"@id":"https:\/\/noti-america.com\/site\/ecuador\/#organization"},"potentialAction":[{"@type":"SearchAction","target":{"@type":"EntryPoint","urlTemplate":"https:\/\/noti-america.com\/site\/ecuador\/?s={search_term_string}"},"query-input":{"@type":"PropertyValueSpecification","valueRequired":true,"valueName":"search_term_string"}}],"inLanguage":"es"},{"@type":"Organization","@id":"https:\/\/noti-america.com\/site\/ecuador\/#organization","name":"Noti-America LLC | Ecuador","url":"https:\/\/noti-america.com\/site\/ecuador\/","logo":{"@type":"ImageObject","inLanguage":"es","@id":"https:\/\/noti-america.com\/site\/ecuador\/#\/schema\/logo\/image\/","url":"https:\/\/noti-america.com\/site\/ecuador\/wp-content\/uploads\/sites\/18\/2020\/07\/LogoNA-4x3-1.jpg","contentUrl":"https:\/\/noti-america.com\/site\/ecuador\/wp-content\/uploads\/sites\/18\/2020\/07\/LogoNA-4x3-1.jpg","width":1236,"height":1080,"caption":"Noti-America LLC | Ecuador"},"image":{"@id":"https:\/\/noti-america.com\/site\/ecuador\/#\/schema\/logo\/image\/"},"sameAs":["https:\/\/x.com\/notiamerica"]},{"@type":"Person","@id":"https:\/\/noti-america.com\/site\/ecuador\/#\/schema\/person\/b9d1630cc6598af759d45c790a347283","name":"Henry Ortiz","image":{"@type":"ImageObject","inLanguage":"es","@id":"https:\/\/secure.gravatar.com\/avatar\/0b5407b5b302fbb6a578e625dca512ac2983ee5fa9ea941d581b83c40212e4c8?s=96&d=mm&r=g","url":"https:\/\/secure.gravatar.com\/avatar\/0b5407b5b302fbb6a578e625dca512ac2983ee5fa9ea941d581b83c40212e4c8?s=96&d=mm&r=g","contentUrl":"https:\/\/secure.gravatar.com\/avatar\/0b5407b5b302fbb6a578e625dca512ac2983ee5fa9ea941d581b83c40212e4c8?s=96&d=mm&r=g","caption":"Henry Ortiz"},"url":"https:\/\/noti-america.com\/site\/ecuador\/author\/hortiz\/"}]}},"_links":{"self":[{"href":"https:\/\/noti-america.com\/site\/ecuador\/wp-json\/wp\/v2\/posts\/12977","targetHints":{"allow":["GET"]}}],"collection":[{"href":"https:\/\/noti-america.com\/site\/ecuador\/wp-json\/wp\/v2\/posts"}],"about":[{"href":"https:\/\/noti-america.com\/site\/ecuador\/wp-json\/wp\/v2\/types\/post"}],"author":[{"embeddable":true,"href":"https:\/\/noti-america.com\/site\/ecuador\/wp-json\/wp\/v2\/users\/113"}],"replies":[{"embeddable":true,"href":"https:\/\/noti-america.com\/site\/ecuador\/wp-json\/wp\/v2\/comments?post=12977"}],"version-history":[{"count":1,"href":"https:\/\/noti-america.com\/site\/ecuador\/wp-json\/wp\/v2\/posts\/12977\/revisions"}],"predecessor-version":[{"id":12979,"href":"https:\/\/noti-america.com\/site\/ecuador\/wp-json\/wp\/v2\/posts\/12977\/revisions\/12979"}],"wp:featuredmedia":[{"embeddable":true,"href":"https:\/\/noti-america.com\/site\/ecuador\/wp-json\/wp\/v2\/media\/12978"}],"wp:attachment":[{"href":"https:\/\/noti-america.com\/site\/ecuador\/wp-json\/wp\/v2\/media?parent=12977"}],"wp:term":[{"taxonomy":"category","embeddable":true,"href":"https:\/\/noti-america.com\/site\/ecuador\/wp-json\/wp\/v2\/categories?post=12977"},{"taxonomy":"post_tag","embeddable":true,"href":"https:\/\/noti-america.com\/site\/ecuador\/wp-json\/wp\/v2\/tags?post=12977"}],"curies":[{"name":"wp","href":"https:\/\/api.w.org\/{rel}","templated":true}]}}