{"id":12974,"date":"2021-02-10T15:23:46","date_gmt":"2021-02-10T15:23:46","guid":{"rendered":"https:\/\/noti-america.com\/site\/ecuador\/?p=12974"},"modified":"2021-02-10T15:23:46","modified_gmt":"2021-02-10T15:23:46","slug":"campana-nacional-de-vacunacion-contra-la-influenza-solo-a-menores-de-6-anos","status":"publish","type":"post","link":"https:\/\/noti-america.com\/site\/ecuador\/2021\/02\/10\/campana-nacional-de-vacunacion-contra-la-influenza-solo-a-menores-de-6-anos\/","title":{"rendered":"Campa\u00f1a nacional de vacunaci\u00f3n contra la influenza solo a menores de 6 a\u00f1os"},"content":{"rendered":"<p><strong>REDACCI\u00d3N NOTI AM\u00c9RICA (ECUADOR)<\/strong><\/p>\n<div id=\"attachment_12975\" style=\"width: 705px\" class=\"wp-caption aligncenter\"><img loading=\"lazy\" decoding=\"async\" aria-describedby=\"caption-attachment-12975\" class=\"wp-image-12975\" src=\"https:\/\/noti-america.com\/site\/ecuador\/wp-content\/uploads\/sites\/18\/2021\/02\/10-feb-WhatsApp-Image-2021-02-05-at-17.00.01-300x154.jpeg\" alt=\"\" width=\"695\" height=\"357\" srcset=\"https:\/\/noti-america.com\/site\/ecuador\/wp-content\/uploads\/sites\/18\/2021\/02\/10-feb-WhatsApp-Image-2021-02-05-at-17.00.01-300x154.jpeg 300w, https:\/\/noti-america.com\/site\/ecuador\/wp-content\/uploads\/sites\/18\/2021\/02\/10-feb-WhatsApp-Image-2021-02-05-at-17.00.01-768x394.jpeg 768w, https:\/\/noti-america.com\/site\/ecuador\/wp-content\/uploads\/sites\/18\/2021\/02\/10-feb-WhatsApp-Image-2021-02-05-at-17.00.01.jpeg 800w\" sizes=\"auto, (max-width: 695px) 100vw, 695px\" \/><p id=\"caption-attachment-12975\" class=\"wp-caption-text\">En los a\u00f1os previos a la pandemia, el servicio de vacunaci\u00f3n se provee a libre demanda, a escala nacional. Sin embargo, debido a la pandemia los establecimientos de salud adecuaron el servicio incluyendo la micro concentraci\u00f3n y la convocatoria de los pacientes en horas espec\u00edficas.<\/p><\/div>\n<p style=\"text-align: justify\">El Ministerio de Salud inici\u00f3 la campa\u00f1a de vacunaci\u00f3n contra la influenza estacional para ni\u00f1os de 6 meses de edad hasta los 5 a\u00f1os, a quienes se les aplicar\u00e1 la vacuna pedi\u00e1trica totalmente gratuita, en todos los establecimientos de salud del ministerio.<\/p>\n<p style=\"text-align: justify\">El objetivo es disminuir la incidencia de infecciones respiratorias por algunos virus de la influenza, evitando complicaciones y muertes por esta enfermedad en grupos vulnerables. La protecci\u00f3n de este grupo inmunol\u00f3gicamente inmaduro o nuevo requiere dos dosis de vacuna, que se administran con un intervalo de un mes.<\/p>\n<p style=\"text-align: justify\">Se estima que las inoculaciones en ni\u00f1os culminen el 31 de marzo de 2021. La vacuna para los adultos tambi\u00e9n se encuentra en el pa\u00eds, en la fase de tr\u00e1mites de liberaci\u00f3n, proceso que realiza la Agencia Nacional de Regulaci\u00f3n, Control y Vigilancia Sanitaria (ARCSA), de acuerdo a la normativa vigente.<\/p>\n<p style=\"text-align: justify\">La vacuna continuar\u00e1 llegando al pa\u00eds conforme el cronograma de entrega, con el apoyo de la Organizaci\u00f3n Panamericana de la Salud (OPS) para asegurar la llegada de las vacunas.<\/p>\n<p style=\"text-align: justify\">Para las inmunizaciones contra la influenza estacionaria, el MSP adopt\u00f3 las medidas de bioseguridad internacionalmente recomendadas, como:<\/p>\n<ul style=\"text-align: justify\">\n<li>En los vacunatorios se mantendr\u00e1 el distanciamiento social y la adecuaci\u00f3n del servicio de vacunaci\u00f3n a libre demanda.<\/li>\n<li>El personal de salud deber\u00e1 usar los equipos de protecci\u00f3n personal, enfatizando en el uso permanente de mascarillas y el lavado frecuente de<\/li>\n<\/ul>\n<p style=\"text-align: justify\">\n","protected":false},"excerpt":{"rendered":"<p>REDACCI\u00d3N NOTI AM\u00c9RICA (ECUADOR) El Ministerio de Salud inici\u00f3 la campa\u00f1a de vacunaci\u00f3n contra la influenza estacional para ni\u00f1os de 6 meses de edad hasta los 5 a\u00f1os, a quienes se les aplicar\u00e1 la&#46;&#46;&#46;<\/p>\n","protected":false},"author":113,"featured_media":12975,"comment_status":"open","ping_status":"open","sticky":false,"template":"","format":"standard","meta":{"_acf_changed":false,"om_disable_all_campaigns":false,"rop_custom_images_group":[],"rop_custom_messages_group":[],"rop_publish_now":"initial","rop_publish_now_accounts":{"twitter_242054905_242054905":""},"rop_publish_now_history":[],"rop_publish_now_status":"pending","_uf_show_specific_survey":0,"_uf_disable_surveys":false,"footnotes":""},"categories":[1],"tags":[],"class_list":["post-12974","post","type-post","status-publish","format-standard","has-post-thumbnail","hentry","category-uncategorized"],"acf":[],"aioseo_notices":[],"yoast_head":"<!-- This site is optimized with the Yoast SEO Premium plugin v24.9 (Yoast SEO v27.2) - https:\/\/yoast.com\/product\/yoast-seo-premium-wordpress\/ -->\n<title>Campa\u00f1a nacional de vacunaci\u00f3n contra la influenza solo a menores de 6 a\u00f1os - Ecuador | Noti-America.com<\/title>\n<meta name=\"robots\" content=\"index, follow, max-snippet:-1, max-image-preview:large, max-video-preview:-1\" \/>\n<link rel=\"canonical\" href=\"https:\/\/noti-america.com\/site\/ecuador\/2021\/02\/10\/campana-nacional-de-vacunacion-contra-la-influenza-solo-a-menores-de-6-anos\/\" \/>\n<meta property=\"og:locale\" content=\"es_ES\" \/>\n<meta property=\"og:type\" content=\"article\" \/>\n<meta property=\"og:title\" content=\"Campa\u00f1a nacional de vacunaci\u00f3n contra la influenza solo a menores de 6 a\u00f1os\" \/>\n<meta property=\"og:description\" content=\"REDACCI\u00d3N NOTI AM\u00c9RICA (ECUADOR) El Ministerio de Salud inici\u00f3 la campa\u00f1a de vacunaci\u00f3n contra la influenza estacional para ni\u00f1os de 6 meses de edad hasta los 5 a\u00f1os, a quienes se les aplicar\u00e1 la&#046;&#046;&#046;\" \/>\n<meta property=\"og:url\" content=\"https:\/\/noti-america.com\/site\/ecuador\/2021\/02\/10\/campana-nacional-de-vacunacion-contra-la-influenza-solo-a-menores-de-6-anos\/\" \/>\n<meta property=\"og:site_name\" content=\"Ecuador | Noti-America.com\" \/>\n<meta property=\"article:published_time\" content=\"2021-02-10T15:23:46+00:00\" \/>\n<meta property=\"og:image\" content=\"https:\/\/noti-america.com\/site\/ecuador\/wp-content\/uploads\/sites\/18\/2021\/02\/10-feb-WhatsApp-Image-2021-02-05-at-17.00.01.jpeg\" \/>\n\t<meta property=\"og:image:width\" content=\"800\" \/>\n\t<meta property=\"og:image:height\" content=\"410\" \/>\n\t<meta property=\"og:image:type\" content=\"image\/jpeg\" \/>\n<meta name=\"author\" content=\"Henry Ortiz\" \/>\n<meta name=\"twitter:card\" content=\"summary_large_image\" \/>\n<meta name=\"twitter:creator\" content=\"@notiamerica\" \/>\n<meta name=\"twitter:site\" content=\"@notiamerica\" \/>\n<meta name=\"twitter:label1\" content=\"Escrito por\" \/>\n\t<meta name=\"twitter:data1\" content=\"Henry Ortiz\" \/>\n\t<meta name=\"twitter:label2\" content=\"Tiempo estimado de lectura\" \/>\n\t<meta name=\"twitter:data2\" content=\"2 minutos\" \/>\n<script type=\"application\/ld+json\" class=\"yoast-schema-graph\">{\"@context\":\"https:\/\/schema.org\",\"@graph\":[{\"@type\":\"Article\",\"@id\":\"https:\/\/noti-america.com\/site\/ecuador\/2021\/02\/10\/campana-nacional-de-vacunacion-contra-la-influenza-solo-a-menores-de-6-anos\/#article\",\"isPartOf\":{\"@id\":\"https:\/\/noti-america.com\/site\/ecuador\/2021\/02\/10\/campana-nacional-de-vacunacion-contra-la-influenza-solo-a-menores-de-6-anos\/\"},\"author\":{\"name\":\"Henry Ortiz\",\"@id\":\"https:\/\/noti-america.com\/site\/ecuador\/#\/schema\/person\/b9d1630cc6598af759d45c790a347283\"},\"headline\":\"Campa\u00f1a nacional de vacunaci\u00f3n contra la influenza solo a menores de 6 a\u00f1os\",\"datePublished\":\"2021-02-10T15:23:46+00:00\",\"mainEntityOfPage\":{\"@id\":\"https:\/\/noti-america.com\/site\/ecuador\/2021\/02\/10\/campana-nacional-de-vacunacion-contra-la-influenza-solo-a-menores-de-6-anos\/\"},\"wordCount\":319,\"commentCount\":0,\"publisher\":{\"@id\":\"https:\/\/noti-america.com\/site\/ecuador\/#organization\"},\"image\":{\"@id\":\"https:\/\/noti-america.com\/site\/ecuador\/2021\/02\/10\/campana-nacional-de-vacunacion-contra-la-influenza-solo-a-menores-de-6-anos\/#primaryimage\"},\"thumbnailUrl\":\"https:\/\/noti-america.com\/site\/ecuador\/wp-content\/uploads\/sites\/18\/2021\/02\/10-feb-WhatsApp-Image-2021-02-05-at-17.00.01.jpeg\",\"articleSection\":[\"Uncategorized\"],\"inLanguage\":\"es\",\"potentialAction\":[{\"@type\":\"CommentAction\",\"name\":\"Comment\",\"target\":[\"https:\/\/noti-america.com\/site\/ecuador\/2021\/02\/10\/campana-nacional-de-vacunacion-contra-la-influenza-solo-a-menores-de-6-anos\/#respond\"]}]},{\"@type\":\"WebPage\",\"@id\":\"https:\/\/noti-america.com\/site\/ecuador\/2021\/02\/10\/campana-nacional-de-vacunacion-contra-la-influenza-solo-a-menores-de-6-anos\/\",\"url\":\"https:\/\/noti-america.com\/site\/ecuador\/2021\/02\/10\/campana-nacional-de-vacunacion-contra-la-influenza-solo-a-menores-de-6-anos\/\",\"name\":\"Campa\u00f1a nacional de vacunaci\u00f3n contra la influenza solo a menores de 6 a\u00f1os - Ecuador | Noti-America.com\",\"isPartOf\":{\"@id\":\"https:\/\/noti-america.com\/site\/ecuador\/#website\"},\"primaryImageOfPage\":{\"@id\":\"https:\/\/noti-america.com\/site\/ecuador\/2021\/02\/10\/campana-nacional-de-vacunacion-contra-la-influenza-solo-a-menores-de-6-anos\/#primaryimage\"},\"image\":{\"@id\":\"https:\/\/noti-america.com\/site\/ecuador\/2021\/02\/10\/campana-nacional-de-vacunacion-contra-la-influenza-solo-a-menores-de-6-anos\/#primaryimage\"},\"thumbnailUrl\":\"https:\/\/noti-america.com\/site\/ecuador\/wp-content\/uploads\/sites\/18\/2021\/02\/10-feb-WhatsApp-Image-2021-02-05-at-17.00.01.jpeg\",\"datePublished\":\"2021-02-10T15:23:46+00:00\",\"breadcrumb\":{\"@id\":\"https:\/\/noti-america.com\/site\/ecuador\/2021\/02\/10\/campana-nacional-de-vacunacion-contra-la-influenza-solo-a-menores-de-6-anos\/#breadcrumb\"},\"inLanguage\":\"es\",\"potentialAction\":[{\"@type\":\"ReadAction\",\"target\":[\"https:\/\/noti-america.com\/site\/ecuador\/2021\/02\/10\/campana-nacional-de-vacunacion-contra-la-influenza-solo-a-menores-de-6-anos\/\"]}]},{\"@type\":\"ImageObject\",\"inLanguage\":\"es\",\"@id\":\"https:\/\/noti-america.com\/site\/ecuador\/2021\/02\/10\/campana-nacional-de-vacunacion-contra-la-influenza-solo-a-menores-de-6-anos\/#primaryimage\",\"url\":\"https:\/\/noti-america.com\/site\/ecuador\/wp-content\/uploads\/sites\/18\/2021\/02\/10-feb-WhatsApp-Image-2021-02-05-at-17.00.01.jpeg\",\"contentUrl\":\"https:\/\/noti-america.com\/site\/ecuador\/wp-content\/uploads\/sites\/18\/2021\/02\/10-feb-WhatsApp-Image-2021-02-05-at-17.00.01.jpeg\",\"width\":800,\"height\":410},{\"@type\":\"BreadcrumbList\",\"@id\":\"https:\/\/noti-america.com\/site\/ecuador\/2021\/02\/10\/campana-nacional-de-vacunacion-contra-la-influenza-solo-a-menores-de-6-anos\/#breadcrumb\",\"itemListElement\":[{\"@type\":\"ListItem\",\"position\":1,\"name\":\"Portada\",\"item\":\"https:\/\/noti-america.com\/site\/ecuador\/\"},{\"@type\":\"ListItem\",\"position\":2,\"name\":\"Campa\u00f1a nacional de vacunaci\u00f3n contra la influenza solo a menores de 6 a\u00f1os\"}]},{\"@type\":\"WebSite\",\"@id\":\"https:\/\/noti-america.com\/site\/ecuador\/#website\",\"url\":\"https:\/\/noti-america.com\/site\/ecuador\/\",\"name\":\"Ecuador | Noti-America.com\",\"description\":\"\",\"publisher\":{\"@id\":\"https:\/\/noti-america.com\/site\/ecuador\/#organization\"},\"potentialAction\":[{\"@type\":\"SearchAction\",\"target\":{\"@type\":\"EntryPoint\",\"urlTemplate\":\"https:\/\/noti-america.com\/site\/ecuador\/?s={search_term_string}\"},\"query-input\":{\"@type\":\"PropertyValueSpecification\",\"valueRequired\":true,\"valueName\":\"search_term_string\"}}],\"inLanguage\":\"es\"},{\"@type\":\"Organization\",\"@id\":\"https:\/\/noti-america.com\/site\/ecuador\/#organization\",\"name\":\"Noti-America LLC | Ecuador\",\"url\":\"https:\/\/noti-america.com\/site\/ecuador\/\",\"logo\":{\"@type\":\"ImageObject\",\"inLanguage\":\"es\",\"@id\":\"https:\/\/noti-america.com\/site\/ecuador\/#\/schema\/logo\/image\/\",\"url\":\"https:\/\/noti-america.com\/site\/ecuador\/wp-content\/uploads\/sites\/18\/2020\/07\/LogoNA-4x3-1.jpg\",\"contentUrl\":\"https:\/\/noti-america.com\/site\/ecuador\/wp-content\/uploads\/sites\/18\/2020\/07\/LogoNA-4x3-1.jpg\",\"width\":1236,\"height\":1080,\"caption\":\"Noti-America LLC | Ecuador\"},\"image\":{\"@id\":\"https:\/\/noti-america.com\/site\/ecuador\/#\/schema\/logo\/image\/\"},\"sameAs\":[\"https:\/\/x.com\/notiamerica\"]},{\"@type\":\"Person\",\"@id\":\"https:\/\/noti-america.com\/site\/ecuador\/#\/schema\/person\/b9d1630cc6598af759d45c790a347283\",\"name\":\"Henry Ortiz\",\"image\":{\"@type\":\"ImageObject\",\"inLanguage\":\"es\",\"@id\":\"https:\/\/secure.gravatar.com\/avatar\/0b5407b5b302fbb6a578e625dca512ac2983ee5fa9ea941d581b83c40212e4c8?s=96&d=mm&r=g\",\"url\":\"https:\/\/secure.gravatar.com\/avatar\/0b5407b5b302fbb6a578e625dca512ac2983ee5fa9ea941d581b83c40212e4c8?s=96&d=mm&r=g\",\"contentUrl\":\"https:\/\/secure.gravatar.com\/avatar\/0b5407b5b302fbb6a578e625dca512ac2983ee5fa9ea941d581b83c40212e4c8?s=96&d=mm&r=g\",\"caption\":\"Henry Ortiz\"},\"url\":\"https:\/\/noti-america.com\/site\/ecuador\/author\/hortiz\/\"}]}<\/script>\n<!-- \/ Yoast SEO Premium plugin. -->","yoast_head_json":{"title":"Campa\u00f1a nacional de vacunaci\u00f3n contra la influenza solo a menores de 6 a\u00f1os - Ecuador | Noti-America.com","robots":{"index":"index","follow":"follow","max-snippet":"max-snippet:-1","max-image-preview":"max-image-preview:large","max-video-preview":"max-video-preview:-1"},"canonical":"https:\/\/noti-america.com\/site\/ecuador\/2021\/02\/10\/campana-nacional-de-vacunacion-contra-la-influenza-solo-a-menores-de-6-anos\/","og_locale":"es_ES","og_type":"article","og_title":"Campa\u00f1a nacional de vacunaci\u00f3n contra la influenza solo a menores de 6 a\u00f1os","og_description":"REDACCI\u00d3N NOTI AM\u00c9RICA (ECUADOR) El Ministerio de Salud inici\u00f3 la campa\u00f1a de vacunaci\u00f3n contra la influenza estacional para ni\u00f1os de 6 meses de edad hasta los 5 a\u00f1os, a quienes se les aplicar\u00e1 la&#46;&#46;&#46;","og_url":"https:\/\/noti-america.com\/site\/ecuador\/2021\/02\/10\/campana-nacional-de-vacunacion-contra-la-influenza-solo-a-menores-de-6-anos\/","og_site_name":"Ecuador | Noti-America.com","article_published_time":"2021-02-10T15:23:46+00:00","og_image":[{"width":800,"height":410,"url":"https:\/\/noti-america.com\/site\/ecuador\/wp-content\/uploads\/sites\/18\/2021\/02\/10-feb-WhatsApp-Image-2021-02-05-at-17.00.01.jpeg","type":"image\/jpeg"}],"author":"Henry Ortiz","twitter_card":"summary_large_image","twitter_creator":"@notiamerica","twitter_site":"@notiamerica","twitter_misc":{"Escrito por":"Henry Ortiz","Tiempo estimado de lectura":"2 minutos"},"schema":{"@context":"https:\/\/schema.org","@graph":[{"@type":"Article","@id":"https:\/\/noti-america.com\/site\/ecuador\/2021\/02\/10\/campana-nacional-de-vacunacion-contra-la-influenza-solo-a-menores-de-6-anos\/#article","isPartOf":{"@id":"https:\/\/noti-america.com\/site\/ecuador\/2021\/02\/10\/campana-nacional-de-vacunacion-contra-la-influenza-solo-a-menores-de-6-anos\/"},"author":{"name":"Henry Ortiz","@id":"https:\/\/noti-america.com\/site\/ecuador\/#\/schema\/person\/b9d1630cc6598af759d45c790a347283"},"headline":"Campa\u00f1a nacional de vacunaci\u00f3n contra la influenza solo a menores de 6 a\u00f1os","datePublished":"2021-02-10T15:23:46+00:00","mainEntityOfPage":{"@id":"https:\/\/noti-america.com\/site\/ecuador\/2021\/02\/10\/campana-nacional-de-vacunacion-contra-la-influenza-solo-a-menores-de-6-anos\/"},"wordCount":319,"commentCount":0,"publisher":{"@id":"https:\/\/noti-america.com\/site\/ecuador\/#organization"},"image":{"@id":"https:\/\/noti-america.com\/site\/ecuador\/2021\/02\/10\/campana-nacional-de-vacunacion-contra-la-influenza-solo-a-menores-de-6-anos\/#primaryimage"},"thumbnailUrl":"https:\/\/noti-america.com\/site\/ecuador\/wp-content\/uploads\/sites\/18\/2021\/02\/10-feb-WhatsApp-Image-2021-02-05-at-17.00.01.jpeg","articleSection":["Uncategorized"],"inLanguage":"es","potentialAction":[{"@type":"CommentAction","name":"Comment","target":["https:\/\/noti-america.com\/site\/ecuador\/2021\/02\/10\/campana-nacional-de-vacunacion-contra-la-influenza-solo-a-menores-de-6-anos\/#respond"]}]},{"@type":"WebPage","@id":"https:\/\/noti-america.com\/site\/ecuador\/2021\/02\/10\/campana-nacional-de-vacunacion-contra-la-influenza-solo-a-menores-de-6-anos\/","url":"https:\/\/noti-america.com\/site\/ecuador\/2021\/02\/10\/campana-nacional-de-vacunacion-contra-la-influenza-solo-a-menores-de-6-anos\/","name":"Campa\u00f1a nacional de vacunaci\u00f3n contra la influenza solo a menores de 6 a\u00f1os - Ecuador | Noti-America.com","isPartOf":{"@id":"https:\/\/noti-america.com\/site\/ecuador\/#website"},"primaryImageOfPage":{"@id":"https:\/\/noti-america.com\/site\/ecuador\/2021\/02\/10\/campana-nacional-de-vacunacion-contra-la-influenza-solo-a-menores-de-6-anos\/#primaryimage"},"image":{"@id":"https:\/\/noti-america.com\/site\/ecuador\/2021\/02\/10\/campana-nacional-de-vacunacion-contra-la-influenza-solo-a-menores-de-6-anos\/#primaryimage"},"thumbnailUrl":"https:\/\/noti-america.com\/site\/ecuador\/wp-content\/uploads\/sites\/18\/2021\/02\/10-feb-WhatsApp-Image-2021-02-05-at-17.00.01.jpeg","datePublished":"2021-02-10T15:23:46+00:00","breadcrumb":{"@id":"https:\/\/noti-america.com\/site\/ecuador\/2021\/02\/10\/campana-nacional-de-vacunacion-contra-la-influenza-solo-a-menores-de-6-anos\/#breadcrumb"},"inLanguage":"es","potentialAction":[{"@type":"ReadAction","target":["https:\/\/noti-america.com\/site\/ecuador\/2021\/02\/10\/campana-nacional-de-vacunacion-contra-la-influenza-solo-a-menores-de-6-anos\/"]}]},{"@type":"ImageObject","inLanguage":"es","@id":"https:\/\/noti-america.com\/site\/ecuador\/2021\/02\/10\/campana-nacional-de-vacunacion-contra-la-influenza-solo-a-menores-de-6-anos\/#primaryimage","url":"https:\/\/noti-america.com\/site\/ecuador\/wp-content\/uploads\/sites\/18\/2021\/02\/10-feb-WhatsApp-Image-2021-02-05-at-17.00.01.jpeg","contentUrl":"https:\/\/noti-america.com\/site\/ecuador\/wp-content\/uploads\/sites\/18\/2021\/02\/10-feb-WhatsApp-Image-2021-02-05-at-17.00.01.jpeg","width":800,"height":410},{"@type":"BreadcrumbList","@id":"https:\/\/noti-america.com\/site\/ecuador\/2021\/02\/10\/campana-nacional-de-vacunacion-contra-la-influenza-solo-a-menores-de-6-anos\/#breadcrumb","itemListElement":[{"@type":"ListItem","position":1,"name":"Portada","item":"https:\/\/noti-america.com\/site\/ecuador\/"},{"@type":"ListItem","position":2,"name":"Campa\u00f1a nacional de vacunaci\u00f3n contra la influenza solo a menores de 6 a\u00f1os"}]},{"@type":"WebSite","@id":"https:\/\/noti-america.com\/site\/ecuador\/#website","url":"https:\/\/noti-america.com\/site\/ecuador\/","name":"Ecuador | Noti-America.com","description":"","publisher":{"@id":"https:\/\/noti-america.com\/site\/ecuador\/#organization"},"potentialAction":[{"@type":"SearchAction","target":{"@type":"EntryPoint","urlTemplate":"https:\/\/noti-america.com\/site\/ecuador\/?s={search_term_string}"},"query-input":{"@type":"PropertyValueSpecification","valueRequired":true,"valueName":"search_term_string"}}],"inLanguage":"es"},{"@type":"Organization","@id":"https:\/\/noti-america.com\/site\/ecuador\/#organization","name":"Noti-America LLC | Ecuador","url":"https:\/\/noti-america.com\/site\/ecuador\/","logo":{"@type":"ImageObject","inLanguage":"es","@id":"https:\/\/noti-america.com\/site\/ecuador\/#\/schema\/logo\/image\/","url":"https:\/\/noti-america.com\/site\/ecuador\/wp-content\/uploads\/sites\/18\/2020\/07\/LogoNA-4x3-1.jpg","contentUrl":"https:\/\/noti-america.com\/site\/ecuador\/wp-content\/uploads\/sites\/18\/2020\/07\/LogoNA-4x3-1.jpg","width":1236,"height":1080,"caption":"Noti-America LLC | Ecuador"},"image":{"@id":"https:\/\/noti-america.com\/site\/ecuador\/#\/schema\/logo\/image\/"},"sameAs":["https:\/\/x.com\/notiamerica"]},{"@type":"Person","@id":"https:\/\/noti-america.com\/site\/ecuador\/#\/schema\/person\/b9d1630cc6598af759d45c790a347283","name":"Henry Ortiz","image":{"@type":"ImageObject","inLanguage":"es","@id":"https:\/\/secure.gravatar.com\/avatar\/0b5407b5b302fbb6a578e625dca512ac2983ee5fa9ea941d581b83c40212e4c8?s=96&d=mm&r=g","url":"https:\/\/secure.gravatar.com\/avatar\/0b5407b5b302fbb6a578e625dca512ac2983ee5fa9ea941d581b83c40212e4c8?s=96&d=mm&r=g","contentUrl":"https:\/\/secure.gravatar.com\/avatar\/0b5407b5b302fbb6a578e625dca512ac2983ee5fa9ea941d581b83c40212e4c8?s=96&d=mm&r=g","caption":"Henry Ortiz"},"url":"https:\/\/noti-america.com\/site\/ecuador\/author\/hortiz\/"}]}},"_links":{"self":[{"href":"https:\/\/noti-america.com\/site\/ecuador\/wp-json\/wp\/v2\/posts\/12974","targetHints":{"allow":["GET"]}}],"collection":[{"href":"https:\/\/noti-america.com\/site\/ecuador\/wp-json\/wp\/v2\/posts"}],"about":[{"href":"https:\/\/noti-america.com\/site\/ecuador\/wp-json\/wp\/v2\/types\/post"}],"author":[{"embeddable":true,"href":"https:\/\/noti-america.com\/site\/ecuador\/wp-json\/wp\/v2\/users\/113"}],"replies":[{"embeddable":true,"href":"https:\/\/noti-america.com\/site\/ecuador\/wp-json\/wp\/v2\/comments?post=12974"}],"version-history":[{"count":1,"href":"https:\/\/noti-america.com\/site\/ecuador\/wp-json\/wp\/v2\/posts\/12974\/revisions"}],"predecessor-version":[{"id":12976,"href":"https:\/\/noti-america.com\/site\/ecuador\/wp-json\/wp\/v2\/posts\/12974\/revisions\/12976"}],"wp:featuredmedia":[{"embeddable":true,"href":"https:\/\/noti-america.com\/site\/ecuador\/wp-json\/wp\/v2\/media\/12975"}],"wp:attachment":[{"href":"https:\/\/noti-america.com\/site\/ecuador\/wp-json\/wp\/v2\/media?parent=12974"}],"wp:term":[{"taxonomy":"category","embeddable":true,"href":"https:\/\/noti-america.com\/site\/ecuador\/wp-json\/wp\/v2\/categories?post=12974"},{"taxonomy":"post_tag","embeddable":true,"href":"https:\/\/noti-america.com\/site\/ecuador\/wp-json\/wp\/v2\/tags?post=12974"}],"curies":[{"name":"wp","href":"https:\/\/api.w.org\/{rel}","templated":true}]}}